{"id":142350,"date":"2011-03-17T00:00:00","date_gmt":"2011-03-17T00:00:00","guid":{"rendered":"http:\/\/kt.printandscreen.rs\/shkolla-nga-medvegja-i-ofroi-ndihme-japonise\/"},"modified":"2011-03-17T00:00:00","modified_gmt":"2011-03-17T00:00:00","slug":"shkolla-nga-medvegja-i-ofroi-ndihme-japonise","status":"publish","type":"post","link":"https:\/\/kt.gov.rs\/sq\/shkolla-nga-medvegja-i-ofroi-ndihme-japonise\/","title":{"rendered":"SHKOLLA NGA MEDVEGJA I OFROI NDIHME JAPONISE"},"content":{"rendered":"<p>MEDVEGJE \u2013 N\u00eb shenj\u00eb solidariteti me Japonin , kolektivi i\u00a0 shkoll\u00ebs fillore ,,Gornja Jablanica\u2019\u2019 i ka thirrur p\u00ebrmes ambasad\u00ebs s\u00eb Japonis f\u00ebmij\u00ebt nga Japonia t\u00eb cil\u00ebt kan\u00eb mbetur pa sht\u00ebpi t\u00eb vin\u00eb n\u00eb jug t\u00eb S\u00ebrbis tek moshatar\u00ebt e tyre. Zhivojin Pavlovi\u00e7, drejtori I shkoll\u00ebs t\u00eb cil\u00ebn e ndjekin 400 nx\u00ebn\u00ebs, thot\u00eb se i\u00a0 ka prekur fort\u00a0 fatkeq\u00ebsia q\u00eb i\u00a0 ndodhi Japonez\u00ebve dhe se nuk kan\u00eb harruar humanizmin e tyre kur para kat\u00ebr viteve i dhuruan 75 mij\u00eb euro p\u00ebr rind\u00ebrtimin dhe pajisjen e mjeteve p\u00ebr shkoll\u00ebn. <\/p>\n<p>,,Jemi vend i varf\u00ebr dhe v\u00ebshtir\u00eb jetojm\u00eb , mirpo mundemi q\u00eb edhe k\u00ebt\u00eb varf\u00ebri ta ndajm\u00eb me miqt,\u2019\u2019 tha drejtori i shkoll\u00ebs propozimin e t\u00eb cilit nj\u00ebz\u00ebri e pranuan i t\u00ebr\u00eb kolektivi i shkoll\u00ebs me rreth pes\u00ebdhjet\u00eb t\u00eb punsuar dhe t\u00eb gjith\u00eb nx\u00ebn\u00ebsit e shkoll\u00ebs. Kujtojn\u00eb q\u00eb para kat\u00ebr viteve fituan 75 mij\u00eb euro nga Qeveria japoneze dhe rregulluan klasat prej dyshemes\u00eb deri n\u00eb tavan, objekteve sanitare dhe sall\u00ebs s\u00eb edukat\u00ebs fizike dhe i kan\u00eb pajisur tre kabineta .<\/p>\n<p>,,At\u00eb q\u00eb ne ofrojm\u00eb jan\u00eb sht\u00ebpi t\u00eb thjeshta por t\u00eb nxehta dhe shpirt p\u00ebr f\u00ebmij\u00ebt e Japonis.,me t\u00eb cil\u00ebt jemi t\u00eb gatsh\u00ebm t\u00eb ndajm\u00eb\u00a0 t\u00ebr\u00eb at\u00eb q\u00eb e posedojm\u00eb\u2019\u2019,shkruan n\u00eb letr\u00ebn e cila dje \u00ebsht\u00eb\u00a0 d\u00ebrguar n\u00eb adres\u00ebn e Ambasadorit t\u00eb Japonis n\u00eb Serbi.<\/p>\n<p>Sveta Milovanovic\u00a0 kryetar i k\u00ebshillit t\u00eb shkoll\u00ebs\u00a0 thot\u00eb se t\u00eb gjith\u00eb ishin t\u00eb emocionuar p\u00ebr k\u00ebt\u00eb let\u00ebr.<\/p>\n<p>,,F\u00ebmij\u00ebt gjith\u00eb t\u00eb\u00a0 lumtur shkuan n\u00eb sht\u00ebpi q\u00eb t\u00eb flasin me prind\u00ebrit e tyre\u00a0 dhe p\u00ebr t\u00eb r\u00ebn\u00eb dakord se nga\u00a0 sa mysafir nga Japonia e larg\u00ebt mund t\u00eb pranojn\u00eb.\u2019<br \/>\n\u2019\u00a0 \u00a0<br \/>\nSlobodan Draskovic, kryetari i komun\u00ebs, thot\u00eb se nuk e din\u00eb se si shkolla planifikon k\u00ebto fjal\u00eb ti sh\u00ebndrroj\u00eb n\u00eb vepra.<\/p>\n<p>,,Do ti ndihmojm\u00eb\u00a0 n\u00eb at\u00eb m\u00ebnyr\u00eb\u00a0 q\u00eb do t\u00eb jemi mikprit\u00ebsa t\u00eb mir\u00eb\u2019\u2019, tha Drashkovi\u00e7.<\/p>\n","protected":false},"excerpt":{"rendered":"<p>MEDVEGJE \u2013 N\u00eb shenj\u00eb solidariteti me Japonin , kolektivi i\u00a0 shkoll\u00ebs fillore ,,Gornja Jablanica\u2019\u2019 i ka thirrur p\u00ebrmes ambasad\u00ebs s\u00eb Japonis f\u00ebmij\u00ebt nga Japonia t\u00eb cil\u00ebt kan\u00eb mbetur pa sht\u00ebpi t\u00eb vin\u00eb n\u00eb jug t\u00eb S\u00ebrbis tek moshatar\u00ebt e tyre. Zhivojin Pavlovi\u00e7, drejtori I shkoll\u00ebs t\u00eb cil\u00ebn e ndjekin 400 nx\u00ebn\u00ebs, thot\u00eb se i\u00a0 ka prekur fort\u00a0 fatkeq\u00ebsia q\u00eb i\u00a0 ndodhi Japonez\u00ebve dhe se nuk kan\u00eb harruar humanizmin e tyre kur para kat\u00ebr viteve i dhuruan 75 mij\u00eb euro p\u00ebr rind\u00ebrtimin dhe pajisjen e mjeteve p\u00ebr shkoll\u00ebn.<\/p>\n","protected":false},"author":1,"featured_media":0,"comment_status":"closed","ping_status":"closed","sticky":false,"template":"","format":"standard","meta":{"footnotes":""},"categories":[55],"tags":[],"class_list":["post-142350","post","type-post","status-publish","format-standard","hentry","category-lajme"],"yoast_head":"<!-- This site is optimized with the Yoast SEO plugin v27.5 - https:\/\/yoast.com\/product\/yoast-seo-wordpress\/ -->\n<title>SHKOLLA NGA MEDVEGJA I OFROI NDIHME JAPONISE - Republika e S\u00ebrbis\u00eb Trupi Koordinues p\u00ebr komunat Bujanoc, Preshev\u00eb dhe Medvegj\u00eb<\/title>\n<meta name=\"robots\" content=\"index, follow, max-snippet:-1, max-image-preview:large, max-video-preview:-1\" \/>\n<link rel=\"canonical\" href=\"https:\/\/kt.gov.rs\/sq\/shkolla-nga-medvegja-i-ofroi-ndihme-japonise\/\" \/>\n<meta property=\"og:locale\" content=\"sq_AL\" \/>\n<meta property=\"og:type\" content=\"article\" \/>\n<meta property=\"og:title\" content=\"SHKOLLA NGA MEDVEGJA I OFROI NDIHME JAPONISE - Republika e S\u00ebrbis\u00eb Trupi Koordinues p\u00ebr komunat Bujanoc, Preshev\u00eb dhe Medvegj\u00eb\" \/>\n<meta property=\"og:description\" content=\"MEDVEGJE - N\u00eb shenj\u00eb solidariteti me Japonin , kolektivi i\u00a0 shkoll\u00ebs fillore ,,Gornja Jablanica\u2019\u2019 i ka thirrur p\u00ebrmes ambasad\u00ebs s\u00eb Japonis f\u00ebmij\u00ebt nga Japonia t\u00eb cil\u00ebt kan\u00eb mbetur pa sht\u00ebpi t\u00eb vin\u00eb n\u00eb jug t\u00eb S\u00ebrbis tek moshatar\u00ebt e tyre. Zhivojin Pavlovi\u00e7, drejtori I shkoll\u00ebs t\u00eb cil\u00ebn e ndjekin 400 nx\u00ebn\u00ebs, thot\u00eb se i\u00a0 ka prekur fort\u00a0 fatkeq\u00ebsia q\u00eb i\u00a0 ndodhi Japonez\u00ebve dhe se nuk kan\u00eb harruar humanizmin e tyre kur para kat\u00ebr viteve i dhuruan 75 mij\u00eb euro p\u00ebr rind\u00ebrtimin dhe pajisjen e mjeteve p\u00ebr shkoll\u00ebn.\" \/>\n<meta property=\"og:url\" content=\"https:\/\/kt.gov.rs\/sq\/shkolla-nga-medvegja-i-ofroi-ndihme-japonise\/\" \/>\n<meta property=\"og:site_name\" content=\"Republika e S\u00ebrbis\u00eb Trupi Koordinues p\u00ebr komunat Bujanoc, Preshev\u00eb dhe Medvegj\u00eb\" \/>\n<meta property=\"article:publisher\" content=\"https:\/\/www.facebook.com\/SluzbaKoordinacionogTelaVladeRepublikeSrbije\" \/>\n<meta property=\"article:published_time\" content=\"2011-03-17T00:00:00+00:00\" \/>\n<meta name=\"author\" content=\"ktmin\" \/>\n<meta name=\"twitter:card\" content=\"summary_large_image\" \/>\n<meta name=\"twitter:creator\" content=\"@kt_gov\" \/>\n<meta name=\"twitter:site\" content=\"@kt_gov\" \/>\n<meta name=\"twitter:label1\" content=\"Written by\" \/>\n\t<meta name=\"twitter:data1\" content=\"ktmin\" \/>\n\t<meta name=\"twitter:label2\" content=\"Est. reading time\" \/>\n\t<meta name=\"twitter:data2\" content=\"2 minutes\" \/>\n<script type=\"application\/ld+json\" class=\"yoast-schema-graph\">{\"@context\":\"https:\\\/\\\/schema.org\",\"@graph\":[{\"@type\":\"Article\",\"@id\":\"https:\\\/\\\/kt.gov.rs\\\/sq\\\/shkolla-nga-medvegja-i-ofroi-ndihme-japonise\\\/#article\",\"isPartOf\":{\"@id\":\"https:\\\/\\\/kt.gov.rs\\\/sq\\\/shkolla-nga-medvegja-i-ofroi-ndihme-japonise\\\/\"},\"author\":{\"name\":\"ktmin\",\"@id\":\"https:\\\/\\\/kt.gov.rs\\\/#\\\/schema\\\/person\\\/e426459ddb4173309103390602694571\"},\"headline\":\"SHKOLLA NGA MEDVEGJA I OFROI NDIHME JAPONISE\",\"datePublished\":\"2011-03-17T00:00:00+00:00\",\"mainEntityOfPage\":{\"@id\":\"https:\\\/\\\/kt.gov.rs\\\/sq\\\/shkolla-nga-medvegja-i-ofroi-ndihme-japonise\\\/\"},\"wordCount\":383,\"publisher\":{\"@id\":\"https:\\\/\\\/kt.gov.rs\\\/#organization\"},\"articleSection\":[\"Lajme\"],\"inLanguage\":\"sq-AL\"},{\"@type\":\"WebPage\",\"@id\":\"https:\\\/\\\/kt.gov.rs\\\/sq\\\/shkolla-nga-medvegja-i-ofroi-ndihme-japonise\\\/\",\"url\":\"https:\\\/\\\/kt.gov.rs\\\/sq\\\/shkolla-nga-medvegja-i-ofroi-ndihme-japonise\\\/\",\"name\":\"SHKOLLA NGA MEDVEGJA I OFROI NDIHME JAPONISE - Republika e S\u00ebrbis\u00eb Trupi Koordinues p\u00ebr komunat Bujanoc, Preshev\u00eb dhe Medvegj\u00eb\",\"isPartOf\":{\"@id\":\"https:\\\/\\\/kt.gov.rs\\\/#website\"},\"datePublished\":\"2011-03-17T00:00:00+00:00\",\"breadcrumb\":{\"@id\":\"https:\\\/\\\/kt.gov.rs\\\/sq\\\/shkolla-nga-medvegja-i-ofroi-ndihme-japonise\\\/#breadcrumb\"},\"inLanguage\":\"sq-AL\",\"potentialAction\":[{\"@type\":\"ReadAction\",\"target\":[\"https:\\\/\\\/kt.gov.rs\\\/sq\\\/shkolla-nga-medvegja-i-ofroi-ndihme-japonise\\\/\"]}]},{\"@type\":\"BreadcrumbList\",\"@id\":\"https:\\\/\\\/kt.gov.rs\\\/sq\\\/shkolla-nga-medvegja-i-ofroi-ndihme-japonise\\\/#breadcrumb\",\"itemListElement\":[{\"@type\":\"ListItem\",\"position\":1,\"name\":\"Po\u010detna\",\"item\":\"https:\\\/\\\/kt.gov.rs\\\/sq\\\/\"},{\"@type\":\"ListItem\",\"position\":2,\"name\":\"SHKOLLA NGA MEDVEGJA I OFROI NDIHME JAPONISE\"}]},{\"@type\":\"WebSite\",\"@id\":\"https:\\\/\\\/kt.gov.rs\\\/#website\",\"url\":\"https:\\\/\\\/kt.gov.rs\\\/\",\"name\":\"Koordinaciono telo Vlade Republike Srbije za op\u0161tine Pre\u0161evo, Bujanovac i Medve\u0111a\",\"description\":\"\",\"publisher\":{\"@id\":\"https:\\\/\\\/kt.gov.rs\\\/#organization\"},\"alternateName\":\"Koordinaciono telo\",\"potentialAction\":[{\"@type\":\"SearchAction\",\"target\":{\"@type\":\"EntryPoint\",\"urlTemplate\":\"https:\\\/\\\/kt.gov.rs\\\/?s={search_term_string}\"},\"query-input\":{\"@type\":\"PropertyValueSpecification\",\"valueRequired\":true,\"valueName\":\"search_term_string\"}}],\"inLanguage\":\"sq-AL\"},{\"@type\":\"Organization\",\"@id\":\"https:\\\/\\\/kt.gov.rs\\\/#organization\",\"name\":\"Koordinaciono telo Vlade Republike Srbije za op\u0161tine Pre\u0161evo, Bujanovac i Medve\u0111a\",\"alternateName\":\"Koordinaciono telo\",\"url\":\"https:\\\/\\\/kt.gov.rs\\\/\",\"logo\":{\"@type\":\"ImageObject\",\"inLanguage\":\"sq-AL\",\"@id\":\"https:\\\/\\\/kt.gov.rs\\\/#\\\/schema\\\/logo\\\/image\\\/\",\"url\":\"https:\\\/\\\/kt.gov.rs\\\/wp-content\\\/uploads\\\/2024\\\/12\\\/koord2.jpg\",\"contentUrl\":\"https:\\\/\\\/kt.gov.rs\\\/wp-content\\\/uploads\\\/2024\\\/12\\\/koord2.jpg\",\"width\":640,\"height\":480,\"caption\":\"Koordinaciono telo Vlade Republike Srbije za op\u0161tine Pre\u0161evo, Bujanovac i Medve\u0111a\"},\"image\":{\"@id\":\"https:\\\/\\\/kt.gov.rs\\\/#\\\/schema\\\/logo\\\/image\\\/\"},\"sameAs\":[\"https:\\\/\\\/www.facebook.com\\\/SluzbaKoordinacionogTelaVladeRepublikeSrbije\",\"https:\\\/\\\/x.com\\\/kt_gov\",\"https:\\\/\\\/www.youtube.com\\\/@koordinacionotelo\"]},{\"@type\":\"Person\",\"@id\":\"https:\\\/\\\/kt.gov.rs\\\/#\\\/schema\\\/person\\\/e426459ddb4173309103390602694571\",\"name\":\"ktmin\",\"image\":{\"@type\":\"ImageObject\",\"inLanguage\":\"sq-AL\",\"@id\":\"https:\\\/\\\/secure.gravatar.com\\\/avatar\\\/3985c961109853010c3fbc7ba30365bfba5db3dd6c525831d9c595c7525a615a?s=96&d=mm&r=g\",\"url\":\"https:\\\/\\\/secure.gravatar.com\\\/avatar\\\/3985c961109853010c3fbc7ba30365bfba5db3dd6c525831d9c595c7525a615a?s=96&d=mm&r=g\",\"contentUrl\":\"https:\\\/\\\/secure.gravatar.com\\\/avatar\\\/3985c961109853010c3fbc7ba30365bfba5db3dd6c525831d9c595c7525a615a?s=96&d=mm&r=g\",\"caption\":\"ktmin\"},\"sameAs\":[\"https:\\\/\\\/kt.gov.rs\"],\"url\":\"https:\\\/\\\/kt.gov.rs\\\/sq\\\/author\\\/ktmin\\\/\"}]}<\/script>\n<!-- \/ Yoast SEO plugin. -->","yoast_head_json":{"title":"SHKOLLA NGA MEDVEGJA I OFROI NDIHME JAPONISE - Republika e S\u00ebrbis\u00eb Trupi Koordinues p\u00ebr komunat Bujanoc, Preshev\u00eb dhe Medvegj\u00eb","robots":{"index":"index","follow":"follow","max-snippet":"max-snippet:-1","max-image-preview":"max-image-preview:large","max-video-preview":"max-video-preview:-1"},"canonical":"https:\/\/kt.gov.rs\/sq\/shkolla-nga-medvegja-i-ofroi-ndihme-japonise\/","og_locale":"sq_AL","og_type":"article","og_title":"SHKOLLA NGA MEDVEGJA I OFROI NDIHME JAPONISE - Republika e S\u00ebrbis\u00eb Trupi Koordinues p\u00ebr komunat Bujanoc, Preshev\u00eb dhe Medvegj\u00eb","og_description":"MEDVEGJE - N\u00eb shenj\u00eb solidariteti me Japonin , kolektivi i\u00a0 shkoll\u00ebs fillore ,,Gornja Jablanica\u2019\u2019 i ka thirrur p\u00ebrmes ambasad\u00ebs s\u00eb Japonis f\u00ebmij\u00ebt nga Japonia t\u00eb cil\u00ebt kan\u00eb mbetur pa sht\u00ebpi t\u00eb vin\u00eb n\u00eb jug t\u00eb S\u00ebrbis tek moshatar\u00ebt e tyre. Zhivojin Pavlovi\u00e7, drejtori I shkoll\u00ebs t\u00eb cil\u00ebn e ndjekin 400 nx\u00ebn\u00ebs, thot\u00eb se i\u00a0 ka prekur fort\u00a0 fatkeq\u00ebsia q\u00eb i\u00a0 ndodhi Japonez\u00ebve dhe se nuk kan\u00eb harruar humanizmin e tyre kur para kat\u00ebr viteve i dhuruan 75 mij\u00eb euro p\u00ebr rind\u00ebrtimin dhe pajisjen e mjeteve p\u00ebr shkoll\u00ebn.","og_url":"https:\/\/kt.gov.rs\/sq\/shkolla-nga-medvegja-i-ofroi-ndihme-japonise\/","og_site_name":"Republika e S\u00ebrbis\u00eb Trupi Koordinues p\u00ebr komunat Bujanoc, Preshev\u00eb dhe Medvegj\u00eb","article_publisher":"https:\/\/www.facebook.com\/SluzbaKoordinacionogTelaVladeRepublikeSrbije","article_published_time":"2011-03-17T00:00:00+00:00","author":"ktmin","twitter_card":"summary_large_image","twitter_creator":"@kt_gov","twitter_site":"@kt_gov","twitter_misc":{"Written by":"ktmin","Est. reading time":"2 minutes"},"schema":{"@context":"https:\/\/schema.org","@graph":[{"@type":"Article","@id":"https:\/\/kt.gov.rs\/sq\/shkolla-nga-medvegja-i-ofroi-ndihme-japonise\/#article","isPartOf":{"@id":"https:\/\/kt.gov.rs\/sq\/shkolla-nga-medvegja-i-ofroi-ndihme-japonise\/"},"author":{"name":"ktmin","@id":"https:\/\/kt.gov.rs\/#\/schema\/person\/e426459ddb4173309103390602694571"},"headline":"SHKOLLA NGA MEDVEGJA I OFROI NDIHME JAPONISE","datePublished":"2011-03-17T00:00:00+00:00","mainEntityOfPage":{"@id":"https:\/\/kt.gov.rs\/sq\/shkolla-nga-medvegja-i-ofroi-ndihme-japonise\/"},"wordCount":383,"publisher":{"@id":"https:\/\/kt.gov.rs\/#organization"},"articleSection":["Lajme"],"inLanguage":"sq-AL"},{"@type":"WebPage","@id":"https:\/\/kt.gov.rs\/sq\/shkolla-nga-medvegja-i-ofroi-ndihme-japonise\/","url":"https:\/\/kt.gov.rs\/sq\/shkolla-nga-medvegja-i-ofroi-ndihme-japonise\/","name":"SHKOLLA NGA MEDVEGJA I OFROI NDIHME JAPONISE - Republika e S\u00ebrbis\u00eb Trupi Koordinues p\u00ebr komunat Bujanoc, Preshev\u00eb dhe Medvegj\u00eb","isPartOf":{"@id":"https:\/\/kt.gov.rs\/#website"},"datePublished":"2011-03-17T00:00:00+00:00","breadcrumb":{"@id":"https:\/\/kt.gov.rs\/sq\/shkolla-nga-medvegja-i-ofroi-ndihme-japonise\/#breadcrumb"},"inLanguage":"sq-AL","potentialAction":[{"@type":"ReadAction","target":["https:\/\/kt.gov.rs\/sq\/shkolla-nga-medvegja-i-ofroi-ndihme-japonise\/"]}]},{"@type":"BreadcrumbList","@id":"https:\/\/kt.gov.rs\/sq\/shkolla-nga-medvegja-i-ofroi-ndihme-japonise\/#breadcrumb","itemListElement":[{"@type":"ListItem","position":1,"name":"Po\u010detna","item":"https:\/\/kt.gov.rs\/sq\/"},{"@type":"ListItem","position":2,"name":"SHKOLLA NGA MEDVEGJA I OFROI NDIHME JAPONISE"}]},{"@type":"WebSite","@id":"https:\/\/kt.gov.rs\/#website","url":"https:\/\/kt.gov.rs\/","name":"Koordinaciono telo Vlade Republike Srbije za op\u0161tine Pre\u0161evo, Bujanovac i Medve\u0111a","description":"","publisher":{"@id":"https:\/\/kt.gov.rs\/#organization"},"alternateName":"Koordinaciono telo","potentialAction":[{"@type":"SearchAction","target":{"@type":"EntryPoint","urlTemplate":"https:\/\/kt.gov.rs\/?s={search_term_string}"},"query-input":{"@type":"PropertyValueSpecification","valueRequired":true,"valueName":"search_term_string"}}],"inLanguage":"sq-AL"},{"@type":"Organization","@id":"https:\/\/kt.gov.rs\/#organization","name":"Koordinaciono telo Vlade Republike Srbije za op\u0161tine Pre\u0161evo, Bujanovac i Medve\u0111a","alternateName":"Koordinaciono telo","url":"https:\/\/kt.gov.rs\/","logo":{"@type":"ImageObject","inLanguage":"sq-AL","@id":"https:\/\/kt.gov.rs\/#\/schema\/logo\/image\/","url":"https:\/\/kt.gov.rs\/wp-content\/uploads\/2024\/12\/koord2.jpg","contentUrl":"https:\/\/kt.gov.rs\/wp-content\/uploads\/2024\/12\/koord2.jpg","width":640,"height":480,"caption":"Koordinaciono telo Vlade Republike Srbije za op\u0161tine Pre\u0161evo, Bujanovac i Medve\u0111a"},"image":{"@id":"https:\/\/kt.gov.rs\/#\/schema\/logo\/image\/"},"sameAs":["https:\/\/www.facebook.com\/SluzbaKoordinacionogTelaVladeRepublikeSrbije","https:\/\/x.com\/kt_gov","https:\/\/www.youtube.com\/@koordinacionotelo"]},{"@type":"Person","@id":"https:\/\/kt.gov.rs\/#\/schema\/person\/e426459ddb4173309103390602694571","name":"ktmin","image":{"@type":"ImageObject","inLanguage":"sq-AL","@id":"https:\/\/secure.gravatar.com\/avatar\/3985c961109853010c3fbc7ba30365bfba5db3dd6c525831d9c595c7525a615a?s=96&d=mm&r=g","url":"https:\/\/secure.gravatar.com\/avatar\/3985c961109853010c3fbc7ba30365bfba5db3dd6c525831d9c595c7525a615a?s=96&d=mm&r=g","contentUrl":"https:\/\/secure.gravatar.com\/avatar\/3985c961109853010c3fbc7ba30365bfba5db3dd6c525831d9c595c7525a615a?s=96&d=mm&r=g","caption":"ktmin"},"sameAs":["https:\/\/kt.gov.rs"],"url":"https:\/\/kt.gov.rs\/sq\/author\/ktmin\/"}]}},"_links":{"self":[{"href":"https:\/\/kt.gov.rs\/sq\/wp-json\/wp\/v2\/posts\/142350","targetHints":{"allow":["GET"]}}],"collection":[{"href":"https:\/\/kt.gov.rs\/sq\/wp-json\/wp\/v2\/posts"}],"about":[{"href":"https:\/\/kt.gov.rs\/sq\/wp-json\/wp\/v2\/types\/post"}],"author":[{"embeddable":true,"href":"https:\/\/kt.gov.rs\/sq\/wp-json\/wp\/v2\/users\/1"}],"replies":[{"embeddable":true,"href":"https:\/\/kt.gov.rs\/sq\/wp-json\/wp\/v2\/comments?post=142350"}],"version-history":[{"count":0,"href":"https:\/\/kt.gov.rs\/sq\/wp-json\/wp\/v2\/posts\/142350\/revisions"}],"wp:attachment":[{"href":"https:\/\/kt.gov.rs\/sq\/wp-json\/wp\/v2\/media?parent=142350"}],"wp:term":[{"taxonomy":"category","embeddable":true,"href":"https:\/\/kt.gov.rs\/sq\/wp-json\/wp\/v2\/categories?post=142350"},{"taxonomy":"post_tag","embeddable":true,"href":"https:\/\/kt.gov.rs\/sq\/wp-json\/wp\/v2\/tags?post=142350"}],"curies":[{"name":"wp","href":"https:\/\/api.w.org\/{rel}","templated":true}]}}