{"id":142314,"date":"2011-03-30T00:00:00","date_gmt":"2011-03-30T00:00:00","guid":{"rendered":"http:\/\/kt.printandscreen.rs\/shenimi-i-dy-vjetorit-nga-nenshkrimi-i-marreveshjes-per-principet-e-rekonstruimit-te-trupit-koordinues\/"},"modified":"2024-07-30T20:20:55","modified_gmt":"2024-07-30T20:20:55","slug":"shenimi-i-dy-vjetorit-nga-nenshkrimi-i-marreveshjes-per-principet-e-rekonstruimit-te-trupit-koordinues","status":"publish","type":"post","link":"https:\/\/kt.gov.rs\/sq\/shenimi-i-dy-vjetorit-nga-nenshkrimi-i-marreveshjes-per-principet-e-rekonstruimit-te-trupit-koordinues\/","title":{"rendered":"SH\u00cbNIMI I DY VJETORIT NGA N\u00cbNSHKRIMI I MARR\u00cbVESHJES P\u00cbR PRINCIPET E REKONSTRUIMIT T\u00cb TRUPIT KOORDINUES"},"content":{"rendered":"<p><img decoding=\"async\" align=\"left\" src=\"https:\/\/kt.gov.rs\/wp-content\/uploads\/2024\/07\/newspic500_4-4.jpg\" alt=\"\" \/>T\u00eb h\u00ebn\u00ebn 28. mars 2011. \u00ebsht\u00eb mbajtur seanca solemne e kryesis s\u00eb trupit Koordinues me rastin e sh\u00ebnimit t\u00eb dyvjetorit nga rekonstruimi. N\u00ebnshkrimi i marr\u00ebveshjes \u00ebsht\u00eb i nj\u00eb r\u00ebnd\u00ebsie t\u00eb madhe p\u00ebr komunat n\u00eb jug t\u00eb S\u00ebrbis sepse me k\u00ebt\u00eb rast p\u00ebrfaq\u00ebsuesit e komunitetit shqiptar prap jan\u00eb kyqur n\u00eb pun\u00ebn e trupit Koordinues.<\/p>\n<p>P\u00ebrvec kryetarit t\u00eb trupit Koordinues ministrit Milan Markoviq dhe an\u00ebtar\u00ebve\u00a0 t\u00eb kryesis s\u00eb trupit Koordinues, n\u00eb seanc\u00ebn solemne mor\u00ebn pjes\u00eb edhe zavend\u00ebs kryeministri ministri i pun\u00ebve t\u00eb mbrendshme Ivica Da\u00e7iq, ministri i ekonomis dhe zhvillimit regjional Nebojsha Qiriq, ndihm\u00ebsi i ministrit t\u00eb arsimit Zoran Kostiq, drejtori i administrat\u00ebs doganore Predrag Petronijeviq, drejtori i administrat\u00ebs tatimore Dragutin Radosavljeviq, drejtori i agjensionit p\u00ebr privatizim Vladan Cvetkoviq dhe drejtori i administrat\u00ebs p\u00ebr t\u00eb drejtat e njeriut dhe pakicave Nenad Gjurgjeviq.<\/p>\n<p>Seanca \u00ebsht\u00eb ndjekur nga partner\u00eb nd\u00ebrkomb\u00ebtar t\u00eb cil\u00ebt e mb\u00ebshtesin pun\u00ebn e trupit Koordinues, shefi I misionit t\u00eb OEBS-it Dimitrios Kipreos, shefi i delegacionit t\u00eb unionit Europian n\u00eb S\u00ebrbi\u00a0 Vensan Dezher, koordinatori i p\u00ebrhersh\u00ebm i kombeve t\u00eb bashkuara Villijam Infante, ambasadorja e SHBA-ve Meri Borllik dhe ambasadori i Britanis\u00eb s\u00eb Madhe Majk\u00ebll Devenport. <\/p>\n<p>Kjo ka qen\u00eb mund\u00ebsia t\u00eb d\u00ebgjojn\u00eb se cfar\u00eb \u00ebsht\u00eb punuar dy vitet e\u00a0 kaluara me q\u00ebllim t\u00eb p\u00ebrmir\u00ebsimit t\u00eb kualitetit t\u00eb jet\u00ebs s\u00eb qytetar\u00ebve n\u00eb jug t\u00eb S\u00ebrbis.<br \/>\n\u00a0 <br \/>\nMinistri Milan Markoviq\u00a0 ka v\u00ebn\u00eb n\u00eb dukje q\u00eb n\u00eb periudh\u00ebn e kaluar shum\u00eb gj\u00ebra jan\u00eb punuar,\u00a0 &quot;para se t\u00eb gjithash n\u00eb sfer\u00ebn e gjyq\u00ebsorit, arsimit dhe integrimit t\u00eb Shqiptar\u00ebve n\u00eb institucionet republikane&quot;. Me k\u00ebt\u00eb rast shtoi se shum\u00eb gj\u00ebra jan\u00eb b\u00ebr\u00eb edhe n\u00eb sfer\u00ebn e politik\u00ebs, ekonomis\u00eb dhe arsimit e para se t\u00eb gjithash n\u00eb formimin e qeveris\u00a0 multietnike n\u00eb Bujanoc, hapjen e minier\u00ebs Lece dhe paralelet e fakulltetit ekonomik dhe juridik t\u00eb Univerzitetit t\u00eb Nishit n\u00eb Medvegj\u00eb. <\/p>\n<p>&quot;K\u00ebt\u00eb vit presim t\u00eb p\u00ebrfundojn\u00eb pun\u00ebt n\u00eb repartin e maternitetit n\u00eb Preshev\u00eb dhe hapja e paralel\u00ebs s\u00eb fakulltetit Ekonomik n\u00eb Bujanoc &quot;, tha Markoviq.<\/p>\n<p>N\u00eb baz\u00eb t\u00eb fjal\u00ebve t\u00eb tij, shum\u00eb \u00ebsht\u00eb investuar edhe n\u00eb sektorin joqeveritar, media, ndihm\u00eb p\u00ebr shtresat n\u00eb nevoj\u00eb dhe t\u00eb gjitha k\u00ebto projekte kan\u00eb parashenj\u00eb multietnike.<\/p>\n<p>&quot;Politika e trupit Koordinues \u00ebsht\u00eb kalimi i pengesave t\u00eb cilat padyshim egzistojn\u00eb n\u00eb Bujanoc dhe Preshev\u00eb, a n\u00eb komun\u00ebn e Medvegj\u00ebs m\u00eb pak, n\u00eb mes komunitetit serb\u00eb dhe shqiptar\u00eb&quot;, tha Markoviq.<\/p>\n<p>Ai beson se politika e trupit Koordinues ka dh\u00ebn\u00eb rezultate t\u00eb pamohueshme e q\u00eb sot n\u00eb k\u00ebto komuna ka\u00a0 klube sportive multietnike , shfaqje teatrale dhe qendra rinore, revista multietnike p\u00ebr t\u00eb rinj\u00eb.<\/p>\n<p><img decoding=\"async\" align=\"left\" src=\"https:\/\/kt.gov.rs\/wp-content\/uploads\/2024\/07\/newspic500_5-2.jpg\" alt=\"\" \/>Ministri i pun\u00ebve t\u00eb mbrendshme Ivica Da\u00e7iq ka vlersuar\u00a0 se situata e siguris\u00eb n\u00eb jug t\u00eb S\u00ebrbis\u00eb \u00ebsht\u00eb e q\u00ebndrueshme\u00a0 dhe se do t\u00eb jet\u00eb edhe m\u00eb e mir\u00eb\u00a0 kur p\u00ebrfaq\u00ebsuesit e pakicave etnike t\u00eb ky\u00e7en n\u00eb institucione shtet\u00ebrore.Ministar Markovi\u0107 na sednici Koordinacionog tela za jug Srbije Ministri i ekonomis\u00eb Nebojsha Qiriq njoftoi se qeveria do t\u00eb nd\u00ebrmarr\u00eb aktivitete t\u00eb mjaftueshme\u00a0 p\u00ebr t\u00eb ndihmuar ekonomin, p\u00ebrmir\u00ebsuar pun\u00ebsimin dhe rritjen e standardit p\u00ebr qytetar\u00ebt e\u00a0 k\u00ebtyre komunave. N\u00eb p\u00ebrputhje me q\u00ebllimet e cekura me 7 prill n\u00eb Bujanoc do t\u00eb organizohet takim me p\u00ebrfaq\u00ebsuesit lokal dhe ekonomist\u00ebve t\u00eb k\u00ebtyre komunave.<\/p>\n<p>Shefi I delegacionit OEBS n\u00eb Srbi Dimitrios Kipreos\u00a0 e ka vlersuar se jan\u00eb b\u00ebr\u00eb hapa pozitiv\u00a0 n\u00eb komunat e jugut t\u00eb S\u00ebrbis duke theksuar r\u00ebnd\u00ebsin\u00eb e formimit t\u00eb qeveris\u00eb multietnike n\u00eb Bujanoc. <br \/>\n\u201eQ\u00ebllimi \u00ebsht\u00eb q\u00eb t\u00eb gjith\u00eb qytetar\u00ebt , Serb\u00ebt dhe Shqiptar\u00ebt, t\u00eb ndihen si n\u00eb sht\u00ebpin e tyre \u201d, tha Kipreos.<\/p>\n<p>Edhe p\u00ebrfaq\u00ebsuesit e tjere te komunitetit nd\u00ebrkomb\u00ebtar e vlersuan pozitivisht pun\u00ebn e trupit Koordinues.<\/p>\n","protected":false},"excerpt":{"rendered":"<p>T\u00eb h\u00ebn\u00ebn 28. mars 2011. \u00ebsht\u00eb mbajtur seanca solemne e kryesis s\u00eb trupit  Koordinues me rastin e sh\u00ebnimit t\u00eb dyvjetorit nga rekonstruimi.  N\u00ebnshkrimi i marr\u00ebveshjes \u00ebsht\u00eb i nj\u00eb r\u00ebnd\u00ebsie t\u00eb madhe p\u00ebr komunat n\u00eb  jug t\u00eb S\u00ebrbis sepse me k\u00ebt\u00eb rast p\u00ebrfaq\u00ebsuesit e komunitetit shqiptar  prap jan\u00eb kyqur n\u00eb pun\u00ebn e trupit Koordinues.<\/p>\n","protected":false},"author":1,"featured_media":142322,"comment_status":"closed","ping_status":"closed","sticky":false,"template":"","format":"standard","meta":{"footnotes":""},"categories":[55],"tags":[],"class_list":["post-142314","post","type-post","status-publish","format-standard","has-post-thumbnail","hentry","category-lajme"],"yoast_head":"<!-- This site is optimized with the Yoast SEO plugin v27.5 - https:\/\/yoast.com\/product\/yoast-seo-wordpress\/ -->\n<title>SH\u00cbNIMI I DY VJETORIT NGA N\u00cbNSHKRIMI I MARR\u00cbVESHJES P\u00cbR PRINCIPET E REKONSTRUIMIT T\u00cb TRUPIT KOORDINUES - Republika e S\u00ebrbis\u00eb Trupi Koordinues p\u00ebr komunat Bujanoc, Preshev\u00eb dhe Medvegj\u00eb<\/title>\n<meta name=\"robots\" content=\"index, follow, max-snippet:-1, max-image-preview:large, max-video-preview:-1\" \/>\n<link rel=\"canonical\" href=\"https:\/\/kt.gov.rs\/sq\/shenimi-i-dy-vjetorit-nga-nenshkrimi-i-marreveshjes-per-principet-e-rekonstruimit-te-trupit-koordinues\/\" \/>\n<meta property=\"og:locale\" content=\"sq_AL\" \/>\n<meta property=\"og:type\" content=\"article\" \/>\n<meta property=\"og:title\" content=\"SH\u00cbNIMI I DY VJETORIT NGA N\u00cbNSHKRIMI I MARR\u00cbVESHJES P\u00cbR PRINCIPET E REKONSTRUIMIT T\u00cb TRUPIT KOORDINUES - Republika e S\u00ebrbis\u00eb Trupi Koordinues p\u00ebr komunat Bujanoc, Preshev\u00eb dhe Medvegj\u00eb\" \/>\n<meta property=\"og:description\" content=\"T\u00eb h\u00ebn\u00ebn 28. mars 2011. \u00ebsht\u00eb mbajtur seanca solemne e kryesis s\u00eb trupit Koordinues me rastin e sh\u00ebnimit t\u00eb dyvjetorit nga rekonstruimi. N\u00ebnshkrimi i marr\u00ebveshjes \u00ebsht\u00eb i nj\u00eb r\u00ebnd\u00ebsie t\u00eb madhe p\u00ebr komunat n\u00eb jug t\u00eb S\u00ebrbis sepse me k\u00ebt\u00eb rast p\u00ebrfaq\u00ebsuesit e komunitetit shqiptar prap jan\u00eb kyqur n\u00eb pun\u00ebn e trupit Koordinues.\" \/>\n<meta property=\"og:url\" content=\"https:\/\/kt.gov.rs\/sq\/shenimi-i-dy-vjetorit-nga-nenshkrimi-i-marreveshjes-per-principet-e-rekonstruimit-te-trupit-koordinues\/\" \/>\n<meta property=\"og:site_name\" content=\"Republika e S\u00ebrbis\u00eb Trupi Koordinues p\u00ebr komunat Bujanoc, Preshev\u00eb dhe Medvegj\u00eb\" \/>\n<meta property=\"article:publisher\" content=\"https:\/\/www.facebook.com\/SluzbaKoordinacionogTelaVladeRepublikeSrbije\" \/>\n<meta property=\"article:published_time\" content=\"2011-03-30T00:00:00+00:00\" \/>\n<meta property=\"article:modified_time\" content=\"2024-07-30T20:20:55+00:00\" \/>\n<meta property=\"og:image\" content=\"https:\/\/kt.gov.rs\/wp-content\/uploads\/2024\/07\/newspic500_4-5.jpg\" \/>\n\t<meta property=\"og:image:width\" content=\"265\" \/>\n\t<meta property=\"og:image:height\" content=\"148\" \/>\n\t<meta property=\"og:image:type\" content=\"image\/jpeg\" \/>\n<meta name=\"author\" content=\"ktmin\" \/>\n<meta name=\"twitter:card\" content=\"summary_large_image\" \/>\n<meta name=\"twitter:creator\" content=\"@kt_gov\" \/>\n<meta name=\"twitter:site\" content=\"@kt_gov\" \/>\n<meta name=\"twitter:label1\" content=\"Written by\" \/>\n\t<meta name=\"twitter:data1\" content=\"ktmin\" \/>\n\t<meta name=\"twitter:label2\" content=\"Est. reading time\" \/>\n\t<meta name=\"twitter:data2\" content=\"3 minutes\" \/>\n<script type=\"application\/ld+json\" class=\"yoast-schema-graph\">{\"@context\":\"https:\\\/\\\/schema.org\",\"@graph\":[{\"@type\":\"Article\",\"@id\":\"https:\\\/\\\/kt.gov.rs\\\/sq\\\/shenimi-i-dy-vjetorit-nga-nenshkrimi-i-marreveshjes-per-principet-e-rekonstruimit-te-trupit-koordinues\\\/#article\",\"isPartOf\":{\"@id\":\"https:\\\/\\\/kt.gov.rs\\\/sq\\\/shenimi-i-dy-vjetorit-nga-nenshkrimi-i-marreveshjes-per-principet-e-rekonstruimit-te-trupit-koordinues\\\/\"},\"author\":{\"name\":\"ktmin\",\"@id\":\"https:\\\/\\\/kt.gov.rs\\\/#\\\/schema\\\/person\\\/e426459ddb4173309103390602694571\"},\"headline\":\"SH\u00cbNIMI I DY VJETORIT NGA N\u00cbNSHKRIMI I MARR\u00cbVESHJES P\u00cbR PRINCIPET E REKONSTRUIMIT T\u00cb TRUPIT KOORDINUES\",\"datePublished\":\"2011-03-30T00:00:00+00:00\",\"dateModified\":\"2024-07-30T20:20:55+00:00\",\"mainEntityOfPage\":{\"@id\":\"https:\\\/\\\/kt.gov.rs\\\/sq\\\/shenimi-i-dy-vjetorit-nga-nenshkrimi-i-marreveshjes-per-principet-e-rekonstruimit-te-trupit-koordinues\\\/\"},\"wordCount\":709,\"publisher\":{\"@id\":\"https:\\\/\\\/kt.gov.rs\\\/#organization\"},\"image\":{\"@id\":\"https:\\\/\\\/kt.gov.rs\\\/sq\\\/shenimi-i-dy-vjetorit-nga-nenshkrimi-i-marreveshjes-per-principet-e-rekonstruimit-te-trupit-koordinues\\\/#primaryimage\"},\"thumbnailUrl\":\"https:\\\/\\\/kt.gov.rs\\\/wp-content\\\/uploads\\\/2024\\\/07\\\/newspic500_4-5.jpg\",\"articleSection\":[\"Lajme\"],\"inLanguage\":\"sq-AL\"},{\"@type\":\"WebPage\",\"@id\":\"https:\\\/\\\/kt.gov.rs\\\/sq\\\/shenimi-i-dy-vjetorit-nga-nenshkrimi-i-marreveshjes-per-principet-e-rekonstruimit-te-trupit-koordinues\\\/\",\"url\":\"https:\\\/\\\/kt.gov.rs\\\/sq\\\/shenimi-i-dy-vjetorit-nga-nenshkrimi-i-marreveshjes-per-principet-e-rekonstruimit-te-trupit-koordinues\\\/\",\"name\":\"SH\u00cbNIMI I DY VJETORIT NGA N\u00cbNSHKRIMI I MARR\u00cbVESHJES P\u00cbR PRINCIPET E REKONSTRUIMIT T\u00cb TRUPIT KOORDINUES - Republika e S\u00ebrbis\u00eb Trupi Koordinues p\u00ebr komunat Bujanoc, Preshev\u00eb dhe Medvegj\u00eb\",\"isPartOf\":{\"@id\":\"https:\\\/\\\/kt.gov.rs\\\/#website\"},\"primaryImageOfPage\":{\"@id\":\"https:\\\/\\\/kt.gov.rs\\\/sq\\\/shenimi-i-dy-vjetorit-nga-nenshkrimi-i-marreveshjes-per-principet-e-rekonstruimit-te-trupit-koordinues\\\/#primaryimage\"},\"image\":{\"@id\":\"https:\\\/\\\/kt.gov.rs\\\/sq\\\/shenimi-i-dy-vjetorit-nga-nenshkrimi-i-marreveshjes-per-principet-e-rekonstruimit-te-trupit-koordinues\\\/#primaryimage\"},\"thumbnailUrl\":\"https:\\\/\\\/kt.gov.rs\\\/wp-content\\\/uploads\\\/2024\\\/07\\\/newspic500_4-5.jpg\",\"datePublished\":\"2011-03-30T00:00:00+00:00\",\"dateModified\":\"2024-07-30T20:20:55+00:00\",\"breadcrumb\":{\"@id\":\"https:\\\/\\\/kt.gov.rs\\\/sq\\\/shenimi-i-dy-vjetorit-nga-nenshkrimi-i-marreveshjes-per-principet-e-rekonstruimit-te-trupit-koordinues\\\/#breadcrumb\"},\"inLanguage\":\"sq-AL\",\"potentialAction\":[{\"@type\":\"ReadAction\",\"target\":[\"https:\\\/\\\/kt.gov.rs\\\/sq\\\/shenimi-i-dy-vjetorit-nga-nenshkrimi-i-marreveshjes-per-principet-e-rekonstruimit-te-trupit-koordinues\\\/\"]}]},{\"@type\":\"ImageObject\",\"inLanguage\":\"sq-AL\",\"@id\":\"https:\\\/\\\/kt.gov.rs\\\/sq\\\/shenimi-i-dy-vjetorit-nga-nenshkrimi-i-marreveshjes-per-principet-e-rekonstruimit-te-trupit-koordinues\\\/#primaryimage\",\"url\":\"https:\\\/\\\/kt.gov.rs\\\/wp-content\\\/uploads\\\/2024\\\/07\\\/newspic500_4-5.jpg\",\"contentUrl\":\"https:\\\/\\\/kt.gov.rs\\\/wp-content\\\/uploads\\\/2024\\\/07\\\/newspic500_4-5.jpg\",\"width\":265,\"height\":148},{\"@type\":\"BreadcrumbList\",\"@id\":\"https:\\\/\\\/kt.gov.rs\\\/sq\\\/shenimi-i-dy-vjetorit-nga-nenshkrimi-i-marreveshjes-per-principet-e-rekonstruimit-te-trupit-koordinues\\\/#breadcrumb\",\"itemListElement\":[{\"@type\":\"ListItem\",\"position\":1,\"name\":\"\u041f\u043e\u0447\u0435\u0442\u043d\u0430\",\"item\":\"https:\\\/\\\/kt.gov.rs\\\/sq\\\/\"},{\"@type\":\"ListItem\",\"position\":2,\"name\":\"SH\u00cbNIMI I DY VJETORIT NGA N\u00cbNSHKRIMI I MARR\u00cbVESHJES P\u00cbR PRINCIPET E REKONSTRUIMIT T\u00cb TRUPIT KOORDINUES\"}]},{\"@type\":\"WebSite\",\"@id\":\"https:\\\/\\\/kt.gov.rs\\\/#website\",\"url\":\"https:\\\/\\\/kt.gov.rs\\\/\",\"name\":\"\u041a\u043e\u043e\u0440\u0434\u0438\u043d\u0430\u0446\u0438\u043e\u043d\u043e \u0442\u0435\u043b\u043e \u0412\u043b\u0430\u0434\u0435 \u0420\u0435\u043f\u0443\u0431\u043b\u0438\u043a\u0435 \u0421\u0440\u0431\u0438\u0458\u0435 \u0437\u0430 \u043e\u043f\u0448\u0442\u0438\u043d\u0435 \u041f\u0440\u0435\u0448\u0435\u0432\u043e, \u0411\u0443\u0458\u0430\u043d\u043e\u0432\u0430\u0446 \u0438 \u041c\u0435\u0434\u0432\u0435\u0452a\",\"description\":\"\",\"publisher\":{\"@id\":\"https:\\\/\\\/kt.gov.rs\\\/#organization\"},\"alternateName\":\"\u041a\u043e\u043e\u0440\u0434\u0438\u043d\u0430\u0446\u0438\u043e\u043d\u043e \u0442\u0435\u043b\u043e\",\"potentialAction\":[{\"@type\":\"SearchAction\",\"target\":{\"@type\":\"EntryPoint\",\"urlTemplate\":\"https:\\\/\\\/kt.gov.rs\\\/?s={search_term_string}\"},\"query-input\":{\"@type\":\"PropertyValueSpecification\",\"valueRequired\":true,\"valueName\":\"search_term_string\"}}],\"inLanguage\":\"sq-AL\"},{\"@type\":\"Organization\",\"@id\":\"https:\\\/\\\/kt.gov.rs\\\/#organization\",\"name\":\"\u041a\u043e\u043e\u0440\u0434\u0438\u043d\u0430\u0446\u0438\u043e\u043d\u043e \u0442\u0435\u043b\u043e \u0412\u043b\u0430\u0434\u0435 \u0420\u0435\u043f\u0443\u0431\u043b\u0438\u043a\u0435 \u0421\u0440\u0431\u0438\u0458\u0435 \u0437\u0430 \u043e\u043f\u0448\u0442\u0438\u043d\u0435 \u041f\u0440\u0435\u0448\u0435\u0432\u043e, \u0411\u0443\u0458\u0430\u043d\u043e\u0432\u0430\u0446 \u0438 \u041c\u0435\u0434\u0432\u0435\u0452a\",\"alternateName\":\"\u041a\u043e\u043e\u0440\u0434\u0438\u043d\u0430\u0446\u0438\u043e\u043d\u043e \u0442\u0435\u043b\u043e\",\"url\":\"https:\\\/\\\/kt.gov.rs\\\/\",\"logo\":{\"@type\":\"ImageObject\",\"inLanguage\":\"sq-AL\",\"@id\":\"https:\\\/\\\/kt.gov.rs\\\/#\\\/schema\\\/logo\\\/image\\\/\",\"url\":\"https:\\\/\\\/kt.gov.rs\\\/wp-content\\\/uploads\\\/2024\\\/12\\\/koord2.jpg\",\"contentUrl\":\"https:\\\/\\\/kt.gov.rs\\\/wp-content\\\/uploads\\\/2024\\\/12\\\/koord2.jpg\",\"width\":640,\"height\":480,\"caption\":\"\u041a\u043e\u043e\u0440\u0434\u0438\u043d\u0430\u0446\u0438\u043e\u043d\u043e \u0442\u0435\u043b\u043e \u0412\u043b\u0430\u0434\u0435 \u0420\u0435\u043f\u0443\u0431\u043b\u0438\u043a\u0435 \u0421\u0440\u0431\u0438\u0458\u0435 \u0437\u0430 \u043e\u043f\u0448\u0442\u0438\u043d\u0435 \u041f\u0440\u0435\u0448\u0435\u0432\u043e, \u0411\u0443\u0458\u0430\u043d\u043e\u0432\u0430\u0446 \u0438 \u041c\u0435\u0434\u0432\u0435\u0452a\"},\"image\":{\"@id\":\"https:\\\/\\\/kt.gov.rs\\\/#\\\/schema\\\/logo\\\/image\\\/\"},\"sameAs\":[\"https:\\\/\\\/www.facebook.com\\\/SluzbaKoordinacionogTelaVladeRepublikeSrbije\",\"https:\\\/\\\/x.com\\\/kt_gov\",\"https:\\\/\\\/www.youtube.com\\\/@koordinacionotelo\"]},{\"@type\":\"Person\",\"@id\":\"https:\\\/\\\/kt.gov.rs\\\/#\\\/schema\\\/person\\\/e426459ddb4173309103390602694571\",\"name\":\"ktmin\",\"image\":{\"@type\":\"ImageObject\",\"inLanguage\":\"sq-AL\",\"@id\":\"https:\\\/\\\/secure.gravatar.com\\\/avatar\\\/3985c961109853010c3fbc7ba30365bfba5db3dd6c525831d9c595c7525a615a?s=96&d=mm&r=g\",\"url\":\"https:\\\/\\\/secure.gravatar.com\\\/avatar\\\/3985c961109853010c3fbc7ba30365bfba5db3dd6c525831d9c595c7525a615a?s=96&d=mm&r=g\",\"contentUrl\":\"https:\\\/\\\/secure.gravatar.com\\\/avatar\\\/3985c961109853010c3fbc7ba30365bfba5db3dd6c525831d9c595c7525a615a?s=96&d=mm&r=g\",\"caption\":\"ktmin\"},\"sameAs\":[\"https:\\\/\\\/kt.gov.rs\"],\"url\":\"https:\\\/\\\/kt.gov.rs\\\/sq\\\/author\\\/ktmin\\\/\"}]}<\/script>\n<!-- \/ Yoast SEO plugin. -->","yoast_head_json":{"title":"SH\u00cbNIMI I DY VJETORIT NGA N\u00cbNSHKRIMI I MARR\u00cbVESHJES P\u00cbR PRINCIPET E REKONSTRUIMIT T\u00cb TRUPIT KOORDINUES - Republika e S\u00ebrbis\u00eb Trupi Koordinues p\u00ebr komunat Bujanoc, Preshev\u00eb dhe Medvegj\u00eb","robots":{"index":"index","follow":"follow","max-snippet":"max-snippet:-1","max-image-preview":"max-image-preview:large","max-video-preview":"max-video-preview:-1"},"canonical":"https:\/\/kt.gov.rs\/sq\/shenimi-i-dy-vjetorit-nga-nenshkrimi-i-marreveshjes-per-principet-e-rekonstruimit-te-trupit-koordinues\/","og_locale":"sq_AL","og_type":"article","og_title":"SH\u00cbNIMI I DY VJETORIT NGA N\u00cbNSHKRIMI I MARR\u00cbVESHJES P\u00cbR PRINCIPET E REKONSTRUIMIT T\u00cb TRUPIT KOORDINUES - Republika e S\u00ebrbis\u00eb Trupi Koordinues p\u00ebr komunat Bujanoc, Preshev\u00eb dhe Medvegj\u00eb","og_description":"T\u00eb h\u00ebn\u00ebn 28. mars 2011. \u00ebsht\u00eb mbajtur seanca solemne e kryesis s\u00eb trupit Koordinues me rastin e sh\u00ebnimit t\u00eb dyvjetorit nga rekonstruimi. N\u00ebnshkrimi i marr\u00ebveshjes \u00ebsht\u00eb i nj\u00eb r\u00ebnd\u00ebsie t\u00eb madhe p\u00ebr komunat n\u00eb jug t\u00eb S\u00ebrbis sepse me k\u00ebt\u00eb rast p\u00ebrfaq\u00ebsuesit e komunitetit shqiptar prap jan\u00eb kyqur n\u00eb pun\u00ebn e trupit Koordinues.","og_url":"https:\/\/kt.gov.rs\/sq\/shenimi-i-dy-vjetorit-nga-nenshkrimi-i-marreveshjes-per-principet-e-rekonstruimit-te-trupit-koordinues\/","og_site_name":"Republika e S\u00ebrbis\u00eb Trupi Koordinues p\u00ebr komunat Bujanoc, Preshev\u00eb dhe Medvegj\u00eb","article_publisher":"https:\/\/www.facebook.com\/SluzbaKoordinacionogTelaVladeRepublikeSrbije","article_published_time":"2011-03-30T00:00:00+00:00","article_modified_time":"2024-07-30T20:20:55+00:00","og_image":[{"width":265,"height":148,"url":"https:\/\/kt.gov.rs\/wp-content\/uploads\/2024\/07\/newspic500_4-5.jpg","type":"image\/jpeg"}],"author":"ktmin","twitter_card":"summary_large_image","twitter_creator":"@kt_gov","twitter_site":"@kt_gov","twitter_misc":{"Written by":"ktmin","Est. reading time":"3 minutes"},"schema":{"@context":"https:\/\/schema.org","@graph":[{"@type":"Article","@id":"https:\/\/kt.gov.rs\/sq\/shenimi-i-dy-vjetorit-nga-nenshkrimi-i-marreveshjes-per-principet-e-rekonstruimit-te-trupit-koordinues\/#article","isPartOf":{"@id":"https:\/\/kt.gov.rs\/sq\/shenimi-i-dy-vjetorit-nga-nenshkrimi-i-marreveshjes-per-principet-e-rekonstruimit-te-trupit-koordinues\/"},"author":{"name":"ktmin","@id":"https:\/\/kt.gov.rs\/#\/schema\/person\/e426459ddb4173309103390602694571"},"headline":"SH\u00cbNIMI I DY VJETORIT NGA N\u00cbNSHKRIMI I MARR\u00cbVESHJES P\u00cbR PRINCIPET E REKONSTRUIMIT T\u00cb TRUPIT KOORDINUES","datePublished":"2011-03-30T00:00:00+00:00","dateModified":"2024-07-30T20:20:55+00:00","mainEntityOfPage":{"@id":"https:\/\/kt.gov.rs\/sq\/shenimi-i-dy-vjetorit-nga-nenshkrimi-i-marreveshjes-per-principet-e-rekonstruimit-te-trupit-koordinues\/"},"wordCount":709,"publisher":{"@id":"https:\/\/kt.gov.rs\/#organization"},"image":{"@id":"https:\/\/kt.gov.rs\/sq\/shenimi-i-dy-vjetorit-nga-nenshkrimi-i-marreveshjes-per-principet-e-rekonstruimit-te-trupit-koordinues\/#primaryimage"},"thumbnailUrl":"https:\/\/kt.gov.rs\/wp-content\/uploads\/2024\/07\/newspic500_4-5.jpg","articleSection":["Lajme"],"inLanguage":"sq-AL"},{"@type":"WebPage","@id":"https:\/\/kt.gov.rs\/sq\/shenimi-i-dy-vjetorit-nga-nenshkrimi-i-marreveshjes-per-principet-e-rekonstruimit-te-trupit-koordinues\/","url":"https:\/\/kt.gov.rs\/sq\/shenimi-i-dy-vjetorit-nga-nenshkrimi-i-marreveshjes-per-principet-e-rekonstruimit-te-trupit-koordinues\/","name":"SH\u00cbNIMI I DY VJETORIT NGA N\u00cbNSHKRIMI I MARR\u00cbVESHJES P\u00cbR PRINCIPET E REKONSTRUIMIT T\u00cb TRUPIT KOORDINUES - Republika e S\u00ebrbis\u00eb Trupi Koordinues p\u00ebr komunat Bujanoc, Preshev\u00eb dhe Medvegj\u00eb","isPartOf":{"@id":"https:\/\/kt.gov.rs\/#website"},"primaryImageOfPage":{"@id":"https:\/\/kt.gov.rs\/sq\/shenimi-i-dy-vjetorit-nga-nenshkrimi-i-marreveshjes-per-principet-e-rekonstruimit-te-trupit-koordinues\/#primaryimage"},"image":{"@id":"https:\/\/kt.gov.rs\/sq\/shenimi-i-dy-vjetorit-nga-nenshkrimi-i-marreveshjes-per-principet-e-rekonstruimit-te-trupit-koordinues\/#primaryimage"},"thumbnailUrl":"https:\/\/kt.gov.rs\/wp-content\/uploads\/2024\/07\/newspic500_4-5.jpg","datePublished":"2011-03-30T00:00:00+00:00","dateModified":"2024-07-30T20:20:55+00:00","breadcrumb":{"@id":"https:\/\/kt.gov.rs\/sq\/shenimi-i-dy-vjetorit-nga-nenshkrimi-i-marreveshjes-per-principet-e-rekonstruimit-te-trupit-koordinues\/#breadcrumb"},"inLanguage":"sq-AL","potentialAction":[{"@type":"ReadAction","target":["https:\/\/kt.gov.rs\/sq\/shenimi-i-dy-vjetorit-nga-nenshkrimi-i-marreveshjes-per-principet-e-rekonstruimit-te-trupit-koordinues\/"]}]},{"@type":"ImageObject","inLanguage":"sq-AL","@id":"https:\/\/kt.gov.rs\/sq\/shenimi-i-dy-vjetorit-nga-nenshkrimi-i-marreveshjes-per-principet-e-rekonstruimit-te-trupit-koordinues\/#primaryimage","url":"https:\/\/kt.gov.rs\/wp-content\/uploads\/2024\/07\/newspic500_4-5.jpg","contentUrl":"https:\/\/kt.gov.rs\/wp-content\/uploads\/2024\/07\/newspic500_4-5.jpg","width":265,"height":148},{"@type":"BreadcrumbList","@id":"https:\/\/kt.gov.rs\/sq\/shenimi-i-dy-vjetorit-nga-nenshkrimi-i-marreveshjes-per-principet-e-rekonstruimit-te-trupit-koordinues\/#breadcrumb","itemListElement":[{"@type":"ListItem","position":1,"name":"\u041f\u043e\u0447\u0435\u0442\u043d\u0430","item":"https:\/\/kt.gov.rs\/sq\/"},{"@type":"ListItem","position":2,"name":"SH\u00cbNIMI I DY VJETORIT NGA N\u00cbNSHKRIMI I MARR\u00cbVESHJES P\u00cbR PRINCIPET E REKONSTRUIMIT T\u00cb TRUPIT KOORDINUES"}]},{"@type":"WebSite","@id":"https:\/\/kt.gov.rs\/#website","url":"https:\/\/kt.gov.rs\/","name":"\u041a\u043e\u043e\u0440\u0434\u0438\u043d\u0430\u0446\u0438\u043e\u043d\u043e \u0442\u0435\u043b\u043e \u0412\u043b\u0430\u0434\u0435 \u0420\u0435\u043f\u0443\u0431\u043b\u0438\u043a\u0435 \u0421\u0440\u0431\u0438\u0458\u0435 \u0437\u0430 \u043e\u043f\u0448\u0442\u0438\u043d\u0435 \u041f\u0440\u0435\u0448\u0435\u0432\u043e, \u0411\u0443\u0458\u0430\u043d\u043e\u0432\u0430\u0446 \u0438 \u041c\u0435\u0434\u0432\u0435\u0452a","description":"","publisher":{"@id":"https:\/\/kt.gov.rs\/#organization"},"alternateName":"\u041a\u043e\u043e\u0440\u0434\u0438\u043d\u0430\u0446\u0438\u043e\u043d\u043e \u0442\u0435\u043b\u043e","potentialAction":[{"@type":"SearchAction","target":{"@type":"EntryPoint","urlTemplate":"https:\/\/kt.gov.rs\/?s={search_term_string}"},"query-input":{"@type":"PropertyValueSpecification","valueRequired":true,"valueName":"search_term_string"}}],"inLanguage":"sq-AL"},{"@type":"Organization","@id":"https:\/\/kt.gov.rs\/#organization","name":"\u041a\u043e\u043e\u0440\u0434\u0438\u043d\u0430\u0446\u0438\u043e\u043d\u043e \u0442\u0435\u043b\u043e \u0412\u043b\u0430\u0434\u0435 \u0420\u0435\u043f\u0443\u0431\u043b\u0438\u043a\u0435 \u0421\u0440\u0431\u0438\u0458\u0435 \u0437\u0430 \u043e\u043f\u0448\u0442\u0438\u043d\u0435 \u041f\u0440\u0435\u0448\u0435\u0432\u043e, \u0411\u0443\u0458\u0430\u043d\u043e\u0432\u0430\u0446 \u0438 \u041c\u0435\u0434\u0432\u0435\u0452a","alternateName":"\u041a\u043e\u043e\u0440\u0434\u0438\u043d\u0430\u0446\u0438\u043e\u043d\u043e \u0442\u0435\u043b\u043e","url":"https:\/\/kt.gov.rs\/","logo":{"@type":"ImageObject","inLanguage":"sq-AL","@id":"https:\/\/kt.gov.rs\/#\/schema\/logo\/image\/","url":"https:\/\/kt.gov.rs\/wp-content\/uploads\/2024\/12\/koord2.jpg","contentUrl":"https:\/\/kt.gov.rs\/wp-content\/uploads\/2024\/12\/koord2.jpg","width":640,"height":480,"caption":"\u041a\u043e\u043e\u0440\u0434\u0438\u043d\u0430\u0446\u0438\u043e\u043d\u043e \u0442\u0435\u043b\u043e \u0412\u043b\u0430\u0434\u0435 \u0420\u0435\u043f\u0443\u0431\u043b\u0438\u043a\u0435 \u0421\u0440\u0431\u0438\u0458\u0435 \u0437\u0430 \u043e\u043f\u0448\u0442\u0438\u043d\u0435 \u041f\u0440\u0435\u0448\u0435\u0432\u043e, \u0411\u0443\u0458\u0430\u043d\u043e\u0432\u0430\u0446 \u0438 \u041c\u0435\u0434\u0432\u0435\u0452a"},"image":{"@id":"https:\/\/kt.gov.rs\/#\/schema\/logo\/image\/"},"sameAs":["https:\/\/www.facebook.com\/SluzbaKoordinacionogTelaVladeRepublikeSrbije","https:\/\/x.com\/kt_gov","https:\/\/www.youtube.com\/@koordinacionotelo"]},{"@type":"Person","@id":"https:\/\/kt.gov.rs\/#\/schema\/person\/e426459ddb4173309103390602694571","name":"ktmin","image":{"@type":"ImageObject","inLanguage":"sq-AL","@id":"https:\/\/secure.gravatar.com\/avatar\/3985c961109853010c3fbc7ba30365bfba5db3dd6c525831d9c595c7525a615a?s=96&d=mm&r=g","url":"https:\/\/secure.gravatar.com\/avatar\/3985c961109853010c3fbc7ba30365bfba5db3dd6c525831d9c595c7525a615a?s=96&d=mm&r=g","contentUrl":"https:\/\/secure.gravatar.com\/avatar\/3985c961109853010c3fbc7ba30365bfba5db3dd6c525831d9c595c7525a615a?s=96&d=mm&r=g","caption":"ktmin"},"sameAs":["https:\/\/kt.gov.rs"],"url":"https:\/\/kt.gov.rs\/sq\/author\/ktmin\/"}]}},"_links":{"self":[{"href":"https:\/\/kt.gov.rs\/sq\/wp-json\/wp\/v2\/posts\/142314","targetHints":{"allow":["GET"]}}],"collection":[{"href":"https:\/\/kt.gov.rs\/sq\/wp-json\/wp\/v2\/posts"}],"about":[{"href":"https:\/\/kt.gov.rs\/sq\/wp-json\/wp\/v2\/types\/post"}],"author":[{"embeddable":true,"href":"https:\/\/kt.gov.rs\/sq\/wp-json\/wp\/v2\/users\/1"}],"replies":[{"embeddable":true,"href":"https:\/\/kt.gov.rs\/sq\/wp-json\/wp\/v2\/comments?post=142314"}],"version-history":[{"count":1,"href":"https:\/\/kt.gov.rs\/sq\/wp-json\/wp\/v2\/posts\/142314\/revisions"}],"predecessor-version":[{"id":142321,"href":"https:\/\/kt.gov.rs\/sq\/wp-json\/wp\/v2\/posts\/142314\/revisions\/142321"}],"wp:featuredmedia":[{"embeddable":true,"href":"https:\/\/kt.gov.rs\/sq\/wp-json\/wp\/v2\/media\/142322"}],"wp:attachment":[{"href":"https:\/\/kt.gov.rs\/sq\/wp-json\/wp\/v2\/media?parent=142314"}],"wp:term":[{"taxonomy":"category","embeddable":true,"href":"https:\/\/kt.gov.rs\/sq\/wp-json\/wp\/v2\/categories?post=142314"},{"taxonomy":"post_tag","embeddable":true,"href":"https:\/\/kt.gov.rs\/sq\/wp-json\/wp\/v2\/tags?post=142314"}],"curies":[{"name":"wp","href":"https:\/\/api.w.org\/{rel}","templated":true}]}}