{"id":142311,"date":"2011-04-02T00:00:00","date_gmt":"2011-04-02T00:00:00","guid":{"rendered":"http:\/\/kt.printandscreen.rs\/mesuesit-dhe-arsimtaret-shqiptar-pervetesojn-gjuhen-serbe\/"},"modified":"2011-04-02T00:00:00","modified_gmt":"2011-04-02T00:00:00","slug":"mesuesit-dhe-arsimtaret-shqiptar-pervetesojn-gjuhen-serbe","status":"publish","type":"post","link":"https:\/\/kt.gov.rs\/sq\/mesuesit-dhe-arsimtaret-shqiptar-pervetesojn-gjuhen-serbe\/","title":{"rendered":"M\u00cbSUESIT DHE ARSIMTAR\u00cbT SHQIPTAR P\u00cbRVET\u00cbSOJN GJUH\u00cbN S\u00cbRBE"},"content":{"rendered":"<p><strong>Bujanoc<\/strong>-N\u00eb dy dit\u00ebt e ardhshme n\u00eb shkoll\u00ebn fillore \u201cNaim Frash\u00ebri\u201d, 28 nx\u00ebnes dhe arsimtar nga gjasht\u00eb shkollat fillore dhe dy t\u00eb mesme nga komuna e Bujanocit do t\u00eb p\u00ebrvetsojn\u00eb njohurit nga\u00a0 gjuha serbe. B\u00ebhet fjal\u00eb p\u00ebr arsimtar\u00ebt dhe m\u00ebsuesit q\u00eb jan\u00eb m\u00ebsimdh\u00ebn\u00ebs t\u00eb f\u00ebmij\u00ebve gjuha serbe e t\u00eb cil\u00ebve nuk \u00ebsht\u00eb gjuh\u00eb amtare.<\/p>\n<p>\u201c Q\u00eb do t\u00eb ken\u00eb mund\u00ebsi t\u00eb plota dhe t\u00eb barabarta gjat\u00eb pun\u00ebsimit, qasje m\u00eb t\u00eb mire sh\u00ebrbim\u00ebve sociale, shkollim t\u00eb lart\u00eb dhe m\u00eb leht\u00eb t\u00eb komunikojn\u00eb me bashk\u00ebqytetar\u00ebt e tyre, p\u00ebr pakicat komb\u00ebtare n\u00eb S\u00ebrbi \u00ebsht\u00eb me r\u00ebnd\u00ebsi q\u00eb t\u00eb ken\u00eb rast q\u00eb t\u00eb m\u00ebsojn\u00eb gjuh\u00ebn s\u00ebrbe. P\u00ebr ndryshe, ky seminar n\u00eb staza t\u00eb gjata siguron rrespektimin e t\u00eb drejtave t\u00eb\u00a0 njer\u00ebzve t\u00eb rinj\u00ebve dhe do ti aft\u00ebsoj me njohurit t\u00eb nevojshme p\u00ebr qasje n\u00eb shoq\u00ebrit\u00a0 moderne evropjane \u201c ka th\u00ebne Nikolas Herkules, menaxher i PBILD programit, n\u00eb kuad\u00ebr t\u00eb organizimit t\u00eb k\u00ebtij seminari.<\/p>\n<p>Gjuha S\u00ebrbe si gjuh\u00eb jo amtare \u00ebsht\u00eb l\u00ebnd\u00eb e obligushme p\u00ebr pakicat komb\u00ebtare\u00a0 q\u00eb nga klasa e pare e shkoll\u00ebs fillore.<\/p>\n<p>Seminari i par\u00eb \u00ebsht\u00eb mbajtur n\u00eb shkurt p\u00ebr m\u00ebsuesit dhe arsimtar\u00ebt nga shkollat fillore dhe t\u00eb mesme t\u00eb komun\u00ebs s\u00eb Preshev\u00ebs. PBILD-i do t\u00eb organizoj\u00eb edhe dy seminare p\u00ebr m\u00ebsimdh\u00ebn\u00ebsit n\u00eb shkollat fillore dhe t\u00eb mesme n\u00eb Bosilegrad dhe Medvegj\u00eb, sikurse edhe p\u00ebr m\u00ebsimdh\u00ebn\u00ebsit\u00a0 n\u00eb shkollat fillore dhe t\u00eb mesme me num\u00ebr m\u00eb t\u00eb madh\u00eb t\u00eb nx\u00ebn\u00ebsve rom\u00eb n\u00eb komunat e rrethit t\u00eb Jablanic\u00ebes dhe P\u00e7inj\u00ebs. Seminari \u00ebsht\u00eb akredituar tek Ministria e arsimit n\u00eb Republik\u00ebn e S\u00ebrbis\u00eb dhe t\u00eb gjih\u00eb ligj\u00ebrues\u00ebve n\u00eb fund\u00eb do tju dor\u00ebzohen v\u00ebrtetime p\u00ebr zotrimin e programit t\u00eb p\u00ebrvet\u00ebsimit professional.<\/p>\n","protected":false},"excerpt":{"rendered":"<p>Bujanoc-N\u00eb dy dit\u00ebt e ardhshme n\u00eb shkoll\u00ebn fillore \u201cNaim  Frash\u00ebri\u201d, 28 nx\u00ebnes dhe arsimtar nga gjasht\u00eb shkollat fillore dhe dy t\u00eb  mesme nga komuna e Bujanocit do t\u00eb p\u00ebrvetsojn\u00eb njohurit nga\u00a0 gjuha  serbe. B\u00ebhet fjal\u00eb p\u00ebr arsimtar\u00ebt dhe m\u00ebsuesit q\u00eb jan\u00eb m\u00ebsimdh\u00ebn\u00ebs t\u00eb  f\u00ebmij\u00ebve gjuha serbe e t\u00eb cil\u00ebve nuk \u00ebsht\u00eb gjuh\u00eb amtare.<\/p>\n","protected":false},"author":1,"featured_media":0,"comment_status":"closed","ping_status":"closed","sticky":false,"template":"","format":"standard","meta":{"footnotes":""},"categories":[55],"tags":[],"class_list":["post-142311","post","type-post","status-publish","format-standard","hentry","category-lajme"],"yoast_head":"<!-- This site is optimized with the Yoast SEO plugin v27.5 - https:\/\/yoast.com\/product\/yoast-seo-wordpress\/ -->\n<title>M\u00cbSUESIT DHE ARSIMTAR\u00cbT SHQIPTAR P\u00cbRVET\u00cbSOJN GJUH\u00cbN S\u00cbRBE - Republika e S\u00ebrbis\u00eb Trupi Koordinues p\u00ebr komunat Bujanoc, Preshev\u00eb dhe Medvegj\u00eb<\/title>\n<meta name=\"robots\" content=\"index, follow, max-snippet:-1, max-image-preview:large, max-video-preview:-1\" \/>\n<link rel=\"canonical\" href=\"https:\/\/kt.gov.rs\/sq\/mesuesit-dhe-arsimtaret-shqiptar-pervetesojn-gjuhen-serbe\/\" \/>\n<meta property=\"og:locale\" content=\"sq_AL\" \/>\n<meta property=\"og:type\" content=\"article\" \/>\n<meta property=\"og:title\" content=\"M\u00cbSUESIT DHE ARSIMTAR\u00cbT SHQIPTAR P\u00cbRVET\u00cbSOJN GJUH\u00cbN S\u00cbRBE - Republika e S\u00ebrbis\u00eb Trupi Koordinues p\u00ebr komunat Bujanoc, Preshev\u00eb dhe Medvegj\u00eb\" \/>\n<meta property=\"og:description\" content=\"Bujanoc-N\u00eb dy dit\u00ebt e ardhshme n\u00eb shkoll\u00ebn fillore \u201cNaim Frash\u00ebri\u201d, 28 nx\u00ebnes dhe arsimtar nga gjasht\u00eb shkollat fillore dhe dy t\u00eb mesme nga komuna e Bujanocit do t\u00eb p\u00ebrvetsojn\u00eb njohurit nga\u00a0 gjuha serbe. B\u00ebhet fjal\u00eb p\u00ebr arsimtar\u00ebt dhe m\u00ebsuesit q\u00eb jan\u00eb m\u00ebsimdh\u00ebn\u00ebs t\u00eb f\u00ebmij\u00ebve gjuha serbe e t\u00eb cil\u00ebve nuk \u00ebsht\u00eb gjuh\u00eb amtare.\" \/>\n<meta property=\"og:url\" content=\"https:\/\/kt.gov.rs\/sq\/mesuesit-dhe-arsimtaret-shqiptar-pervetesojn-gjuhen-serbe\/\" \/>\n<meta property=\"og:site_name\" content=\"Republika e S\u00ebrbis\u00eb Trupi Koordinues p\u00ebr komunat Bujanoc, Preshev\u00eb dhe Medvegj\u00eb\" \/>\n<meta property=\"article:publisher\" content=\"https:\/\/www.facebook.com\/SluzbaKoordinacionogTelaVladeRepublikeSrbije\" \/>\n<meta property=\"article:published_time\" content=\"2011-04-02T00:00:00+00:00\" \/>\n<meta name=\"author\" content=\"ktmin\" \/>\n<meta name=\"twitter:card\" content=\"summary_large_image\" \/>\n<meta name=\"twitter:creator\" content=\"@kt_gov\" \/>\n<meta name=\"twitter:site\" content=\"@kt_gov\" \/>\n<meta name=\"twitter:label1\" content=\"Written by\" \/>\n\t<meta name=\"twitter:data1\" content=\"ktmin\" \/>\n\t<meta name=\"twitter:label2\" content=\"Est. reading time\" \/>\n\t<meta name=\"twitter:data2\" content=\"2 minutes\" \/>\n<script type=\"application\/ld+json\" class=\"yoast-schema-graph\">{\"@context\":\"https:\\\/\\\/schema.org\",\"@graph\":[{\"@type\":\"Article\",\"@id\":\"https:\\\/\\\/kt.gov.rs\\\/sq\\\/mesuesit-dhe-arsimtaret-shqiptar-pervetesojn-gjuhen-serbe\\\/#article\",\"isPartOf\":{\"@id\":\"https:\\\/\\\/kt.gov.rs\\\/sq\\\/mesuesit-dhe-arsimtaret-shqiptar-pervetesojn-gjuhen-serbe\\\/\"},\"author\":{\"name\":\"ktmin\",\"@id\":\"https:\\\/\\\/kt.gov.rs\\\/#\\\/schema\\\/person\\\/e426459ddb4173309103390602694571\"},\"headline\":\"M\u00cbSUESIT DHE ARSIMTAR\u00cbT SHQIPTAR P\u00cbRVET\u00cbSOJN GJUH\u00cbN S\u00cbRBE\",\"datePublished\":\"2011-04-02T00:00:00+00:00\",\"mainEntityOfPage\":{\"@id\":\"https:\\\/\\\/kt.gov.rs\\\/sq\\\/mesuesit-dhe-arsimtaret-shqiptar-pervetesojn-gjuhen-serbe\\\/\"},\"wordCount\":353,\"publisher\":{\"@id\":\"https:\\\/\\\/kt.gov.rs\\\/#organization\"},\"articleSection\":[\"Lajme\"],\"inLanguage\":\"sq-AL\"},{\"@type\":\"WebPage\",\"@id\":\"https:\\\/\\\/kt.gov.rs\\\/sq\\\/mesuesit-dhe-arsimtaret-shqiptar-pervetesojn-gjuhen-serbe\\\/\",\"url\":\"https:\\\/\\\/kt.gov.rs\\\/sq\\\/mesuesit-dhe-arsimtaret-shqiptar-pervetesojn-gjuhen-serbe\\\/\",\"name\":\"M\u00cbSUESIT DHE ARSIMTAR\u00cbT SHQIPTAR P\u00cbRVET\u00cbSOJN GJUH\u00cbN S\u00cbRBE - Republika e S\u00ebrbis\u00eb Trupi Koordinues p\u00ebr komunat Bujanoc, Preshev\u00eb dhe Medvegj\u00eb\",\"isPartOf\":{\"@id\":\"https:\\\/\\\/kt.gov.rs\\\/#website\"},\"datePublished\":\"2011-04-02T00:00:00+00:00\",\"breadcrumb\":{\"@id\":\"https:\\\/\\\/kt.gov.rs\\\/sq\\\/mesuesit-dhe-arsimtaret-shqiptar-pervetesojn-gjuhen-serbe\\\/#breadcrumb\"},\"inLanguage\":\"sq-AL\",\"potentialAction\":[{\"@type\":\"ReadAction\",\"target\":[\"https:\\\/\\\/kt.gov.rs\\\/sq\\\/mesuesit-dhe-arsimtaret-shqiptar-pervetesojn-gjuhen-serbe\\\/\"]}]},{\"@type\":\"BreadcrumbList\",\"@id\":\"https:\\\/\\\/kt.gov.rs\\\/sq\\\/mesuesit-dhe-arsimtaret-shqiptar-pervetesojn-gjuhen-serbe\\\/#breadcrumb\",\"itemListElement\":[{\"@type\":\"ListItem\",\"position\":1,\"name\":\"Po\u010detna\",\"item\":\"https:\\\/\\\/kt.gov.rs\\\/sq\\\/\"},{\"@type\":\"ListItem\",\"position\":2,\"name\":\"M\u00cbSUESIT DHE ARSIMTAR\u00cbT SHQIPTAR P\u00cbRVET\u00cbSOJN GJUH\u00cbN S\u00cbRBE\"}]},{\"@type\":\"WebSite\",\"@id\":\"https:\\\/\\\/kt.gov.rs\\\/#website\",\"url\":\"https:\\\/\\\/kt.gov.rs\\\/\",\"name\":\"Koordinaciono telo Vlade Republike Srbije za op\u0161tine Pre\u0161evo, Bujanovac i Medve\u0111a\",\"description\":\"\",\"publisher\":{\"@id\":\"https:\\\/\\\/kt.gov.rs\\\/#organization\"},\"alternateName\":\"Koordinaciono telo\",\"potentialAction\":[{\"@type\":\"SearchAction\",\"target\":{\"@type\":\"EntryPoint\",\"urlTemplate\":\"https:\\\/\\\/kt.gov.rs\\\/?s={search_term_string}\"},\"query-input\":{\"@type\":\"PropertyValueSpecification\",\"valueRequired\":true,\"valueName\":\"search_term_string\"}}],\"inLanguage\":\"sq-AL\"},{\"@type\":\"Organization\",\"@id\":\"https:\\\/\\\/kt.gov.rs\\\/#organization\",\"name\":\"Koordinaciono telo Vlade Republike Srbije za op\u0161tine Pre\u0161evo, Bujanovac i Medve\u0111a\",\"alternateName\":\"Koordinaciono telo\",\"url\":\"https:\\\/\\\/kt.gov.rs\\\/\",\"logo\":{\"@type\":\"ImageObject\",\"inLanguage\":\"sq-AL\",\"@id\":\"https:\\\/\\\/kt.gov.rs\\\/#\\\/schema\\\/logo\\\/image\\\/\",\"url\":\"https:\\\/\\\/kt.gov.rs\\\/wp-content\\\/uploads\\\/2024\\\/12\\\/koord2.jpg\",\"contentUrl\":\"https:\\\/\\\/kt.gov.rs\\\/wp-content\\\/uploads\\\/2024\\\/12\\\/koord2.jpg\",\"width\":640,\"height\":480,\"caption\":\"Koordinaciono telo Vlade Republike Srbije za op\u0161tine Pre\u0161evo, Bujanovac i Medve\u0111a\"},\"image\":{\"@id\":\"https:\\\/\\\/kt.gov.rs\\\/#\\\/schema\\\/logo\\\/image\\\/\"},\"sameAs\":[\"https:\\\/\\\/www.facebook.com\\\/SluzbaKoordinacionogTelaVladeRepublikeSrbije\",\"https:\\\/\\\/x.com\\\/kt_gov\",\"https:\\\/\\\/www.youtube.com\\\/@koordinacionotelo\"]},{\"@type\":\"Person\",\"@id\":\"https:\\\/\\\/kt.gov.rs\\\/#\\\/schema\\\/person\\\/e426459ddb4173309103390602694571\",\"name\":\"ktmin\",\"image\":{\"@type\":\"ImageObject\",\"inLanguage\":\"sq-AL\",\"@id\":\"https:\\\/\\\/secure.gravatar.com\\\/avatar\\\/3985c961109853010c3fbc7ba30365bfba5db3dd6c525831d9c595c7525a615a?s=96&d=mm&r=g\",\"url\":\"https:\\\/\\\/secure.gravatar.com\\\/avatar\\\/3985c961109853010c3fbc7ba30365bfba5db3dd6c525831d9c595c7525a615a?s=96&d=mm&r=g\",\"contentUrl\":\"https:\\\/\\\/secure.gravatar.com\\\/avatar\\\/3985c961109853010c3fbc7ba30365bfba5db3dd6c525831d9c595c7525a615a?s=96&d=mm&r=g\",\"caption\":\"ktmin\"},\"sameAs\":[\"https:\\\/\\\/kt.gov.rs\"],\"url\":\"https:\\\/\\\/kt.gov.rs\\\/sq\\\/author\\\/ktmin\\\/\"}]}<\/script>\n<!-- \/ Yoast SEO plugin. -->","yoast_head_json":{"title":"M\u00cbSUESIT DHE ARSIMTAR\u00cbT SHQIPTAR P\u00cbRVET\u00cbSOJN GJUH\u00cbN S\u00cbRBE - Republika e S\u00ebrbis\u00eb Trupi Koordinues p\u00ebr komunat Bujanoc, Preshev\u00eb dhe Medvegj\u00eb","robots":{"index":"index","follow":"follow","max-snippet":"max-snippet:-1","max-image-preview":"max-image-preview:large","max-video-preview":"max-video-preview:-1"},"canonical":"https:\/\/kt.gov.rs\/sq\/mesuesit-dhe-arsimtaret-shqiptar-pervetesojn-gjuhen-serbe\/","og_locale":"sq_AL","og_type":"article","og_title":"M\u00cbSUESIT DHE ARSIMTAR\u00cbT SHQIPTAR P\u00cbRVET\u00cbSOJN GJUH\u00cbN S\u00cbRBE - Republika e S\u00ebrbis\u00eb Trupi Koordinues p\u00ebr komunat Bujanoc, Preshev\u00eb dhe Medvegj\u00eb","og_description":"Bujanoc-N\u00eb dy dit\u00ebt e ardhshme n\u00eb shkoll\u00ebn fillore \u201cNaim Frash\u00ebri\u201d, 28 nx\u00ebnes dhe arsimtar nga gjasht\u00eb shkollat fillore dhe dy t\u00eb mesme nga komuna e Bujanocit do t\u00eb p\u00ebrvetsojn\u00eb njohurit nga\u00a0 gjuha serbe. B\u00ebhet fjal\u00eb p\u00ebr arsimtar\u00ebt dhe m\u00ebsuesit q\u00eb jan\u00eb m\u00ebsimdh\u00ebn\u00ebs t\u00eb f\u00ebmij\u00ebve gjuha serbe e t\u00eb cil\u00ebve nuk \u00ebsht\u00eb gjuh\u00eb amtare.","og_url":"https:\/\/kt.gov.rs\/sq\/mesuesit-dhe-arsimtaret-shqiptar-pervetesojn-gjuhen-serbe\/","og_site_name":"Republika e S\u00ebrbis\u00eb Trupi Koordinues p\u00ebr komunat Bujanoc, Preshev\u00eb dhe Medvegj\u00eb","article_publisher":"https:\/\/www.facebook.com\/SluzbaKoordinacionogTelaVladeRepublikeSrbije","article_published_time":"2011-04-02T00:00:00+00:00","author":"ktmin","twitter_card":"summary_large_image","twitter_creator":"@kt_gov","twitter_site":"@kt_gov","twitter_misc":{"Written by":"ktmin","Est. reading time":"2 minutes"},"schema":{"@context":"https:\/\/schema.org","@graph":[{"@type":"Article","@id":"https:\/\/kt.gov.rs\/sq\/mesuesit-dhe-arsimtaret-shqiptar-pervetesojn-gjuhen-serbe\/#article","isPartOf":{"@id":"https:\/\/kt.gov.rs\/sq\/mesuesit-dhe-arsimtaret-shqiptar-pervetesojn-gjuhen-serbe\/"},"author":{"name":"ktmin","@id":"https:\/\/kt.gov.rs\/#\/schema\/person\/e426459ddb4173309103390602694571"},"headline":"M\u00cbSUESIT DHE ARSIMTAR\u00cbT SHQIPTAR P\u00cbRVET\u00cbSOJN GJUH\u00cbN S\u00cbRBE","datePublished":"2011-04-02T00:00:00+00:00","mainEntityOfPage":{"@id":"https:\/\/kt.gov.rs\/sq\/mesuesit-dhe-arsimtaret-shqiptar-pervetesojn-gjuhen-serbe\/"},"wordCount":353,"publisher":{"@id":"https:\/\/kt.gov.rs\/#organization"},"articleSection":["Lajme"],"inLanguage":"sq-AL"},{"@type":"WebPage","@id":"https:\/\/kt.gov.rs\/sq\/mesuesit-dhe-arsimtaret-shqiptar-pervetesojn-gjuhen-serbe\/","url":"https:\/\/kt.gov.rs\/sq\/mesuesit-dhe-arsimtaret-shqiptar-pervetesojn-gjuhen-serbe\/","name":"M\u00cbSUESIT DHE ARSIMTAR\u00cbT SHQIPTAR P\u00cbRVET\u00cbSOJN GJUH\u00cbN S\u00cbRBE - Republika e S\u00ebrbis\u00eb Trupi Koordinues p\u00ebr komunat Bujanoc, Preshev\u00eb dhe Medvegj\u00eb","isPartOf":{"@id":"https:\/\/kt.gov.rs\/#website"},"datePublished":"2011-04-02T00:00:00+00:00","breadcrumb":{"@id":"https:\/\/kt.gov.rs\/sq\/mesuesit-dhe-arsimtaret-shqiptar-pervetesojn-gjuhen-serbe\/#breadcrumb"},"inLanguage":"sq-AL","potentialAction":[{"@type":"ReadAction","target":["https:\/\/kt.gov.rs\/sq\/mesuesit-dhe-arsimtaret-shqiptar-pervetesojn-gjuhen-serbe\/"]}]},{"@type":"BreadcrumbList","@id":"https:\/\/kt.gov.rs\/sq\/mesuesit-dhe-arsimtaret-shqiptar-pervetesojn-gjuhen-serbe\/#breadcrumb","itemListElement":[{"@type":"ListItem","position":1,"name":"Po\u010detna","item":"https:\/\/kt.gov.rs\/sq\/"},{"@type":"ListItem","position":2,"name":"M\u00cbSUESIT DHE ARSIMTAR\u00cbT SHQIPTAR P\u00cbRVET\u00cbSOJN GJUH\u00cbN S\u00cbRBE"}]},{"@type":"WebSite","@id":"https:\/\/kt.gov.rs\/#website","url":"https:\/\/kt.gov.rs\/","name":"Koordinaciono telo Vlade Republike Srbije za op\u0161tine Pre\u0161evo, Bujanovac i Medve\u0111a","description":"","publisher":{"@id":"https:\/\/kt.gov.rs\/#organization"},"alternateName":"Koordinaciono telo","potentialAction":[{"@type":"SearchAction","target":{"@type":"EntryPoint","urlTemplate":"https:\/\/kt.gov.rs\/?s={search_term_string}"},"query-input":{"@type":"PropertyValueSpecification","valueRequired":true,"valueName":"search_term_string"}}],"inLanguage":"sq-AL"},{"@type":"Organization","@id":"https:\/\/kt.gov.rs\/#organization","name":"Koordinaciono telo Vlade Republike Srbije za op\u0161tine Pre\u0161evo, Bujanovac i Medve\u0111a","alternateName":"Koordinaciono telo","url":"https:\/\/kt.gov.rs\/","logo":{"@type":"ImageObject","inLanguage":"sq-AL","@id":"https:\/\/kt.gov.rs\/#\/schema\/logo\/image\/","url":"https:\/\/kt.gov.rs\/wp-content\/uploads\/2024\/12\/koord2.jpg","contentUrl":"https:\/\/kt.gov.rs\/wp-content\/uploads\/2024\/12\/koord2.jpg","width":640,"height":480,"caption":"Koordinaciono telo Vlade Republike Srbije za op\u0161tine Pre\u0161evo, Bujanovac i Medve\u0111a"},"image":{"@id":"https:\/\/kt.gov.rs\/#\/schema\/logo\/image\/"},"sameAs":["https:\/\/www.facebook.com\/SluzbaKoordinacionogTelaVladeRepublikeSrbije","https:\/\/x.com\/kt_gov","https:\/\/www.youtube.com\/@koordinacionotelo"]},{"@type":"Person","@id":"https:\/\/kt.gov.rs\/#\/schema\/person\/e426459ddb4173309103390602694571","name":"ktmin","image":{"@type":"ImageObject","inLanguage":"sq-AL","@id":"https:\/\/secure.gravatar.com\/avatar\/3985c961109853010c3fbc7ba30365bfba5db3dd6c525831d9c595c7525a615a?s=96&d=mm&r=g","url":"https:\/\/secure.gravatar.com\/avatar\/3985c961109853010c3fbc7ba30365bfba5db3dd6c525831d9c595c7525a615a?s=96&d=mm&r=g","contentUrl":"https:\/\/secure.gravatar.com\/avatar\/3985c961109853010c3fbc7ba30365bfba5db3dd6c525831d9c595c7525a615a?s=96&d=mm&r=g","caption":"ktmin"},"sameAs":["https:\/\/kt.gov.rs"],"url":"https:\/\/kt.gov.rs\/sq\/author\/ktmin\/"}]}},"_links":{"self":[{"href":"https:\/\/kt.gov.rs\/sq\/wp-json\/wp\/v2\/posts\/142311","targetHints":{"allow":["GET"]}}],"collection":[{"href":"https:\/\/kt.gov.rs\/sq\/wp-json\/wp\/v2\/posts"}],"about":[{"href":"https:\/\/kt.gov.rs\/sq\/wp-json\/wp\/v2\/types\/post"}],"author":[{"embeddable":true,"href":"https:\/\/kt.gov.rs\/sq\/wp-json\/wp\/v2\/users\/1"}],"replies":[{"embeddable":true,"href":"https:\/\/kt.gov.rs\/sq\/wp-json\/wp\/v2\/comments?post=142311"}],"version-history":[{"count":0,"href":"https:\/\/kt.gov.rs\/sq\/wp-json\/wp\/v2\/posts\/142311\/revisions"}],"wp:attachment":[{"href":"https:\/\/kt.gov.rs\/sq\/wp-json\/wp\/v2\/media?parent=142311"}],"wp:term":[{"taxonomy":"category","embeddable":true,"href":"https:\/\/kt.gov.rs\/sq\/wp-json\/wp\/v2\/categories?post=142311"},{"taxonomy":"post_tag","embeddable":true,"href":"https:\/\/kt.gov.rs\/sq\/wp-json\/wp\/v2\/tags?post=142311"}],"curies":[{"name":"wp","href":"https:\/\/api.w.org\/{rel}","templated":true}]}}