{"id":142309,"date":"2011-04-05T00:00:00","date_gmt":"2011-04-05T00:00:00","guid":{"rendered":"http:\/\/kt.printandscreen.rs\/nxenesit-tane-me-te-mire-ne-zgjidhjen-e-konflikteve-dhurat-shkollave-nga-bujanoci-dhe-subotica\/"},"modified":"2011-04-05T00:00:00","modified_gmt":"2011-04-05T00:00:00","slug":"nxenesit-tane-me-te-mire-ne-zgjidhjen-e-konflikteve-dhurat-shkollave-nga-bujanoci-dhe-subotica","status":"publish","type":"post","link":"https:\/\/kt.gov.rs\/sq\/nxenesit-tane-me-te-mire-ne-zgjidhjen-e-konflikteve-dhurat-shkollave-nga-bujanoci-dhe-subotica\/","title":{"rendered":"NX\u00cbN\u00cbSIT TAN\u00cb M\u00cb T\u00cb MIR\u00cb N\u00cb ZGJIDHJEN E KONFLIKT\u00cbVE, DHURAT SHKOLLAVE NGA BUJANOCI DHE SUBOTICA"},"content":{"rendered":"<p>N\u00eb akedemin e shkollave te mesme evropjane (ACES), q\u00eb \u00ebsht\u00eb mbajtur vikendin e kaluar n\u00eb Prag\u00eb, n\u00eb konkurenc t\u00eb 101 shkollave nga regjioni, shkolla nga Bujanoci dhe Subotica jan\u00eb shpallur si\u00a0 m\u00eb t\u00eb mirat n\u00eb kategorit e \u201czgjidhjes s\u00eb konflikt\u00ebve\u201d dhe p\u00ebr \u201cpune\u00a0 ekipore interkulturore\u201d.<\/p>\n<p>N\u00eb\u00a0 kryeqytetin \u00e7ek n\u00eb peridhen prej 29 marsit deri m\u00eb 1 prill jan\u00eb grumbulluar rreth 350 nx\u00ebn\u00ebs, arsimtar, perfaq\u00ebsues t\u00eb ministrive dhe profesionist t\u00eb arsimi\u00a0 prej 15 vend\u00ebve t\u00eb ndryshme. N\u00eb konkurenc gjith\u00ebsej ishin 45 projekte, nd\u00ebrsa tema p\u00ebr konkurim p\u00ebr vitin 2010\/11 ka qen\u00eb zgjidhja e konflikt\u00ebve mbrenda shkollave dhe shoq\u00ebris\u00eb. N\u00eb k\u00ebt\u00eb gar\u00eb nd\u00ebrkomb\u00ebtare t\u00eb shkollave nd\u00ebr-kufitar t\u00eb partneritetit, shkolla fillore \u201cBranko Radi\u00e7eviq\u201d nga Bujanoci \u00ebsht\u00eb p\u00ebrfaq\u00ebsuar me projektin \u201cP\u00ebr mir\u00ebqenien e t\u00eb gjitha gjeneratave, rroft medijimi\u201d nd\u00ebrsa shkolla ekonomike \u201cBosa Miliqeviq\u201d nga Subotica me projektin \u201cZhvillone toleranc\u00ebn, rrespektoni ndryshueshm\u00ebrit\u00eb\u201d<\/p>\n","protected":false},"excerpt":{"rendered":"<p>N\u00eb akedemin e shkollave te mesme evropjane (ACES), q\u00eb \u00ebsht\u00eb mbajtur  vikendin e kaluar n\u00eb Prag\u00eb, n\u00eb konkurenc t\u00eb 101 shkollave nga regjioni,  shkolla nga Bujanoci dhe Subotica jan\u00eb shpallur si\u00a0 m\u00eb t\u00eb mirat n\u00eb  kategorit e \u201czgjidhjes s\u00eb konflikt\u00ebve\u201d dhe p\u00ebr \u201cpune\u00a0 ekipore  interkulturore\u201d.<\/p>\n","protected":false},"author":1,"featured_media":0,"comment_status":"closed","ping_status":"closed","sticky":false,"template":"","format":"standard","meta":{"footnotes":""},"categories":[55],"tags":[],"class_list":["post-142309","post","type-post","status-publish","format-standard","hentry","category-lajme"],"yoast_head":"<!-- This site is optimized with the Yoast SEO plugin v27.5 - https:\/\/yoast.com\/product\/yoast-seo-wordpress\/ -->\n<title>NX\u00cbN\u00cbSIT TAN\u00cb M\u00cb T\u00cb MIR\u00cb N\u00cb ZGJIDHJEN E KONFLIKT\u00cbVE, DHURAT SHKOLLAVE NGA BUJANOCI DHE SUBOTICA - Republika e S\u00ebrbis\u00eb Trupi Koordinues p\u00ebr komunat Bujanoc, Preshev\u00eb dhe Medvegj\u00eb<\/title>\n<meta name=\"robots\" content=\"index, follow, max-snippet:-1, max-image-preview:large, max-video-preview:-1\" \/>\n<link rel=\"canonical\" href=\"https:\/\/kt.gov.rs\/sq\/nxenesit-tane-me-te-mire-ne-zgjidhjen-e-konflikteve-dhurat-shkollave-nga-bujanoci-dhe-subotica\/\" \/>\n<meta property=\"og:locale\" content=\"sq_AL\" \/>\n<meta property=\"og:type\" content=\"article\" \/>\n<meta property=\"og:title\" content=\"NX\u00cbN\u00cbSIT TAN\u00cb M\u00cb T\u00cb MIR\u00cb N\u00cb ZGJIDHJEN E KONFLIKT\u00cbVE, DHURAT SHKOLLAVE NGA BUJANOCI DHE SUBOTICA - Republika e S\u00ebrbis\u00eb Trupi Koordinues p\u00ebr komunat Bujanoc, Preshev\u00eb dhe Medvegj\u00eb\" \/>\n<meta property=\"og:description\" content=\"N\u00eb akedemin e shkollave te mesme evropjane (ACES), q\u00eb \u00ebsht\u00eb mbajtur vikendin e kaluar n\u00eb Prag\u00eb, n\u00eb konkurenc t\u00eb 101 shkollave nga regjioni, shkolla nga Bujanoci dhe Subotica jan\u00eb shpallur si\u00a0 m\u00eb t\u00eb mirat n\u00eb kategorit e \u201czgjidhjes s\u00eb konflikt\u00ebve\u201d dhe p\u00ebr \u201cpune\u00a0 ekipore interkulturore\u201d.\" \/>\n<meta property=\"og:url\" content=\"https:\/\/kt.gov.rs\/sq\/nxenesit-tane-me-te-mire-ne-zgjidhjen-e-konflikteve-dhurat-shkollave-nga-bujanoci-dhe-subotica\/\" \/>\n<meta property=\"og:site_name\" content=\"Republika e S\u00ebrbis\u00eb Trupi Koordinues p\u00ebr komunat Bujanoc, Preshev\u00eb dhe Medvegj\u00eb\" \/>\n<meta property=\"article:publisher\" content=\"https:\/\/www.facebook.com\/SluzbaKoordinacionogTelaVladeRepublikeSrbije\" \/>\n<meta property=\"article:published_time\" content=\"2011-04-05T00:00:00+00:00\" \/>\n<meta name=\"author\" content=\"ktmin\" \/>\n<meta name=\"twitter:card\" content=\"summary_large_image\" \/>\n<meta name=\"twitter:creator\" content=\"@kt_gov\" \/>\n<meta name=\"twitter:site\" content=\"@kt_gov\" \/>\n<meta name=\"twitter:label1\" content=\"Written by\" \/>\n\t<meta name=\"twitter:data1\" content=\"ktmin\" \/>\n\t<meta name=\"twitter:label2\" content=\"Est. reading time\" \/>\n\t<meta name=\"twitter:data2\" content=\"1 minute\" \/>\n<script type=\"application\/ld+json\" class=\"yoast-schema-graph\">{\"@context\":\"https:\\\/\\\/schema.org\",\"@graph\":[{\"@type\":\"Article\",\"@id\":\"https:\\\/\\\/kt.gov.rs\\\/sq\\\/nxenesit-tane-me-te-mire-ne-zgjidhjen-e-konflikteve-dhurat-shkollave-nga-bujanoci-dhe-subotica\\\/#article\",\"isPartOf\":{\"@id\":\"https:\\\/\\\/kt.gov.rs\\\/sq\\\/nxenesit-tane-me-te-mire-ne-zgjidhjen-e-konflikteve-dhurat-shkollave-nga-bujanoci-dhe-subotica\\\/\"},\"author\":{\"name\":\"ktmin\",\"@id\":\"https:\\\/\\\/kt.gov.rs\\\/#\\\/schema\\\/person\\\/e426459ddb4173309103390602694571\"},\"headline\":\"NX\u00cbN\u00cbSIT TAN\u00cb M\u00cb T\u00cb MIR\u00cb N\u00cb ZGJIDHJEN E KONFLIKT\u00cbVE, DHURAT SHKOLLAVE NGA BUJANOCI DHE SUBOTICA\",\"datePublished\":\"2011-04-05T00:00:00+00:00\",\"mainEntityOfPage\":{\"@id\":\"https:\\\/\\\/kt.gov.rs\\\/sq\\\/nxenesit-tane-me-te-mire-ne-zgjidhjen-e-konflikteve-dhurat-shkollave-nga-bujanoci-dhe-subotica\\\/\"},\"wordCount\":188,\"publisher\":{\"@id\":\"https:\\\/\\\/kt.gov.rs\\\/#organization\"},\"articleSection\":[\"Lajme\"],\"inLanguage\":\"sq-AL\"},{\"@type\":\"WebPage\",\"@id\":\"https:\\\/\\\/kt.gov.rs\\\/sq\\\/nxenesit-tane-me-te-mire-ne-zgjidhjen-e-konflikteve-dhurat-shkollave-nga-bujanoci-dhe-subotica\\\/\",\"url\":\"https:\\\/\\\/kt.gov.rs\\\/sq\\\/nxenesit-tane-me-te-mire-ne-zgjidhjen-e-konflikteve-dhurat-shkollave-nga-bujanoci-dhe-subotica\\\/\",\"name\":\"NX\u00cbN\u00cbSIT TAN\u00cb M\u00cb T\u00cb MIR\u00cb N\u00cb ZGJIDHJEN E KONFLIKT\u00cbVE, DHURAT SHKOLLAVE NGA BUJANOCI DHE SUBOTICA - Republika e S\u00ebrbis\u00eb Trupi Koordinues p\u00ebr komunat Bujanoc, Preshev\u00eb dhe Medvegj\u00eb\",\"isPartOf\":{\"@id\":\"https:\\\/\\\/kt.gov.rs\\\/#website\"},\"datePublished\":\"2011-04-05T00:00:00+00:00\",\"breadcrumb\":{\"@id\":\"https:\\\/\\\/kt.gov.rs\\\/sq\\\/nxenesit-tane-me-te-mire-ne-zgjidhjen-e-konflikteve-dhurat-shkollave-nga-bujanoci-dhe-subotica\\\/#breadcrumb\"},\"inLanguage\":\"sq-AL\",\"potentialAction\":[{\"@type\":\"ReadAction\",\"target\":[\"https:\\\/\\\/kt.gov.rs\\\/sq\\\/nxenesit-tane-me-te-mire-ne-zgjidhjen-e-konflikteve-dhurat-shkollave-nga-bujanoci-dhe-subotica\\\/\"]}]},{\"@type\":\"BreadcrumbList\",\"@id\":\"https:\\\/\\\/kt.gov.rs\\\/sq\\\/nxenesit-tane-me-te-mire-ne-zgjidhjen-e-konflikteve-dhurat-shkollave-nga-bujanoci-dhe-subotica\\\/#breadcrumb\",\"itemListElement\":[{\"@type\":\"ListItem\",\"position\":1,\"name\":\"\u041f\u043e\u0447\u0435\u0442\u043d\u0430\",\"item\":\"https:\\\/\\\/kt.gov.rs\\\/sq\\\/\"},{\"@type\":\"ListItem\",\"position\":2,\"name\":\"NX\u00cbN\u00cbSIT TAN\u00cb M\u00cb T\u00cb MIR\u00cb N\u00cb ZGJIDHJEN E KONFLIKT\u00cbVE, DHURAT SHKOLLAVE NGA BUJANOCI DHE SUBOTICA\"}]},{\"@type\":\"WebSite\",\"@id\":\"https:\\\/\\\/kt.gov.rs\\\/#website\",\"url\":\"https:\\\/\\\/kt.gov.rs\\\/\",\"name\":\"\u041a\u043e\u043e\u0440\u0434\u0438\u043d\u0430\u0446\u0438\u043e\u043d\u043e \u0442\u0435\u043b\u043e \u0412\u043b\u0430\u0434\u0435 \u0420\u0435\u043f\u0443\u0431\u043b\u0438\u043a\u0435 \u0421\u0440\u0431\u0438\u0458\u0435 \u0437\u0430 \u043e\u043f\u0448\u0442\u0438\u043d\u0435 \u041f\u0440\u0435\u0448\u0435\u0432\u043e, \u0411\u0443\u0458\u0430\u043d\u043e\u0432\u0430\u0446 \u0438 \u041c\u0435\u0434\u0432\u0435\u0452a\",\"description\":\"\",\"publisher\":{\"@id\":\"https:\\\/\\\/kt.gov.rs\\\/#organization\"},\"alternateName\":\"\u041a\u043e\u043e\u0440\u0434\u0438\u043d\u0430\u0446\u0438\u043e\u043d\u043e \u0442\u0435\u043b\u043e\",\"potentialAction\":[{\"@type\":\"SearchAction\",\"target\":{\"@type\":\"EntryPoint\",\"urlTemplate\":\"https:\\\/\\\/kt.gov.rs\\\/?s={search_term_string}\"},\"query-input\":{\"@type\":\"PropertyValueSpecification\",\"valueRequired\":true,\"valueName\":\"search_term_string\"}}],\"inLanguage\":\"sq-AL\"},{\"@type\":\"Organization\",\"@id\":\"https:\\\/\\\/kt.gov.rs\\\/#organization\",\"name\":\"\u041a\u043e\u043e\u0440\u0434\u0438\u043d\u0430\u0446\u0438\u043e\u043d\u043e \u0442\u0435\u043b\u043e \u0412\u043b\u0430\u0434\u0435 \u0420\u0435\u043f\u0443\u0431\u043b\u0438\u043a\u0435 \u0421\u0440\u0431\u0438\u0458\u0435 \u0437\u0430 \u043e\u043f\u0448\u0442\u0438\u043d\u0435 \u041f\u0440\u0435\u0448\u0435\u0432\u043e, \u0411\u0443\u0458\u0430\u043d\u043e\u0432\u0430\u0446 \u0438 \u041c\u0435\u0434\u0432\u0435\u0452a\",\"alternateName\":\"\u041a\u043e\u043e\u0440\u0434\u0438\u043d\u0430\u0446\u0438\u043e\u043d\u043e \u0442\u0435\u043b\u043e\",\"url\":\"https:\\\/\\\/kt.gov.rs\\\/\",\"logo\":{\"@type\":\"ImageObject\",\"inLanguage\":\"sq-AL\",\"@id\":\"https:\\\/\\\/kt.gov.rs\\\/#\\\/schema\\\/logo\\\/image\\\/\",\"url\":\"https:\\\/\\\/kt.gov.rs\\\/wp-content\\\/uploads\\\/2024\\\/12\\\/koord2.jpg\",\"contentUrl\":\"https:\\\/\\\/kt.gov.rs\\\/wp-content\\\/uploads\\\/2024\\\/12\\\/koord2.jpg\",\"width\":640,\"height\":480,\"caption\":\"\u041a\u043e\u043e\u0440\u0434\u0438\u043d\u0430\u0446\u0438\u043e\u043d\u043e \u0442\u0435\u043b\u043e \u0412\u043b\u0430\u0434\u0435 \u0420\u0435\u043f\u0443\u0431\u043b\u0438\u043a\u0435 \u0421\u0440\u0431\u0438\u0458\u0435 \u0437\u0430 \u043e\u043f\u0448\u0442\u0438\u043d\u0435 \u041f\u0440\u0435\u0448\u0435\u0432\u043e, \u0411\u0443\u0458\u0430\u043d\u043e\u0432\u0430\u0446 \u0438 \u041c\u0435\u0434\u0432\u0435\u0452a\"},\"image\":{\"@id\":\"https:\\\/\\\/kt.gov.rs\\\/#\\\/schema\\\/logo\\\/image\\\/\"},\"sameAs\":[\"https:\\\/\\\/www.facebook.com\\\/SluzbaKoordinacionogTelaVladeRepublikeSrbije\",\"https:\\\/\\\/x.com\\\/kt_gov\",\"https:\\\/\\\/www.youtube.com\\\/@koordinacionotelo\"]},{\"@type\":\"Person\",\"@id\":\"https:\\\/\\\/kt.gov.rs\\\/#\\\/schema\\\/person\\\/e426459ddb4173309103390602694571\",\"name\":\"ktmin\",\"image\":{\"@type\":\"ImageObject\",\"inLanguage\":\"sq-AL\",\"@id\":\"https:\\\/\\\/secure.gravatar.com\\\/avatar\\\/3985c961109853010c3fbc7ba30365bfba5db3dd6c525831d9c595c7525a615a?s=96&d=mm&r=g\",\"url\":\"https:\\\/\\\/secure.gravatar.com\\\/avatar\\\/3985c961109853010c3fbc7ba30365bfba5db3dd6c525831d9c595c7525a615a?s=96&d=mm&r=g\",\"contentUrl\":\"https:\\\/\\\/secure.gravatar.com\\\/avatar\\\/3985c961109853010c3fbc7ba30365bfba5db3dd6c525831d9c595c7525a615a?s=96&d=mm&r=g\",\"caption\":\"ktmin\"},\"sameAs\":[\"https:\\\/\\\/kt.gov.rs\"],\"url\":\"https:\\\/\\\/kt.gov.rs\\\/sq\\\/author\\\/ktmin\\\/\"}]}<\/script>\n<!-- \/ Yoast SEO plugin. -->","yoast_head_json":{"title":"NX\u00cbN\u00cbSIT TAN\u00cb M\u00cb T\u00cb MIR\u00cb N\u00cb ZGJIDHJEN E KONFLIKT\u00cbVE, DHURAT SHKOLLAVE NGA BUJANOCI DHE SUBOTICA - Republika e S\u00ebrbis\u00eb Trupi Koordinues p\u00ebr komunat Bujanoc, Preshev\u00eb dhe Medvegj\u00eb","robots":{"index":"index","follow":"follow","max-snippet":"max-snippet:-1","max-image-preview":"max-image-preview:large","max-video-preview":"max-video-preview:-1"},"canonical":"https:\/\/kt.gov.rs\/sq\/nxenesit-tane-me-te-mire-ne-zgjidhjen-e-konflikteve-dhurat-shkollave-nga-bujanoci-dhe-subotica\/","og_locale":"sq_AL","og_type":"article","og_title":"NX\u00cbN\u00cbSIT TAN\u00cb M\u00cb T\u00cb MIR\u00cb N\u00cb ZGJIDHJEN E KONFLIKT\u00cbVE, DHURAT SHKOLLAVE NGA BUJANOCI DHE SUBOTICA - Republika e S\u00ebrbis\u00eb Trupi Koordinues p\u00ebr komunat Bujanoc, Preshev\u00eb dhe Medvegj\u00eb","og_description":"N\u00eb akedemin e shkollave te mesme evropjane (ACES), q\u00eb \u00ebsht\u00eb mbajtur vikendin e kaluar n\u00eb Prag\u00eb, n\u00eb konkurenc t\u00eb 101 shkollave nga regjioni, shkolla nga Bujanoci dhe Subotica jan\u00eb shpallur si\u00a0 m\u00eb t\u00eb mirat n\u00eb kategorit e \u201czgjidhjes s\u00eb konflikt\u00ebve\u201d dhe p\u00ebr \u201cpune\u00a0 ekipore interkulturore\u201d.","og_url":"https:\/\/kt.gov.rs\/sq\/nxenesit-tane-me-te-mire-ne-zgjidhjen-e-konflikteve-dhurat-shkollave-nga-bujanoci-dhe-subotica\/","og_site_name":"Republika e S\u00ebrbis\u00eb Trupi Koordinues p\u00ebr komunat Bujanoc, Preshev\u00eb dhe Medvegj\u00eb","article_publisher":"https:\/\/www.facebook.com\/SluzbaKoordinacionogTelaVladeRepublikeSrbije","article_published_time":"2011-04-05T00:00:00+00:00","author":"ktmin","twitter_card":"summary_large_image","twitter_creator":"@kt_gov","twitter_site":"@kt_gov","twitter_misc":{"Written by":"ktmin","Est. reading time":"1 minute"},"schema":{"@context":"https:\/\/schema.org","@graph":[{"@type":"Article","@id":"https:\/\/kt.gov.rs\/sq\/nxenesit-tane-me-te-mire-ne-zgjidhjen-e-konflikteve-dhurat-shkollave-nga-bujanoci-dhe-subotica\/#article","isPartOf":{"@id":"https:\/\/kt.gov.rs\/sq\/nxenesit-tane-me-te-mire-ne-zgjidhjen-e-konflikteve-dhurat-shkollave-nga-bujanoci-dhe-subotica\/"},"author":{"name":"ktmin","@id":"https:\/\/kt.gov.rs\/#\/schema\/person\/e426459ddb4173309103390602694571"},"headline":"NX\u00cbN\u00cbSIT TAN\u00cb M\u00cb T\u00cb MIR\u00cb N\u00cb ZGJIDHJEN E KONFLIKT\u00cbVE, DHURAT SHKOLLAVE NGA BUJANOCI DHE SUBOTICA","datePublished":"2011-04-05T00:00:00+00:00","mainEntityOfPage":{"@id":"https:\/\/kt.gov.rs\/sq\/nxenesit-tane-me-te-mire-ne-zgjidhjen-e-konflikteve-dhurat-shkollave-nga-bujanoci-dhe-subotica\/"},"wordCount":188,"publisher":{"@id":"https:\/\/kt.gov.rs\/#organization"},"articleSection":["Lajme"],"inLanguage":"sq-AL"},{"@type":"WebPage","@id":"https:\/\/kt.gov.rs\/sq\/nxenesit-tane-me-te-mire-ne-zgjidhjen-e-konflikteve-dhurat-shkollave-nga-bujanoci-dhe-subotica\/","url":"https:\/\/kt.gov.rs\/sq\/nxenesit-tane-me-te-mire-ne-zgjidhjen-e-konflikteve-dhurat-shkollave-nga-bujanoci-dhe-subotica\/","name":"NX\u00cbN\u00cbSIT TAN\u00cb M\u00cb T\u00cb MIR\u00cb N\u00cb ZGJIDHJEN E KONFLIKT\u00cbVE, DHURAT SHKOLLAVE NGA BUJANOCI DHE SUBOTICA - Republika e S\u00ebrbis\u00eb Trupi Koordinues p\u00ebr komunat Bujanoc, Preshev\u00eb dhe Medvegj\u00eb","isPartOf":{"@id":"https:\/\/kt.gov.rs\/#website"},"datePublished":"2011-04-05T00:00:00+00:00","breadcrumb":{"@id":"https:\/\/kt.gov.rs\/sq\/nxenesit-tane-me-te-mire-ne-zgjidhjen-e-konflikteve-dhurat-shkollave-nga-bujanoci-dhe-subotica\/#breadcrumb"},"inLanguage":"sq-AL","potentialAction":[{"@type":"ReadAction","target":["https:\/\/kt.gov.rs\/sq\/nxenesit-tane-me-te-mire-ne-zgjidhjen-e-konflikteve-dhurat-shkollave-nga-bujanoci-dhe-subotica\/"]}]},{"@type":"BreadcrumbList","@id":"https:\/\/kt.gov.rs\/sq\/nxenesit-tane-me-te-mire-ne-zgjidhjen-e-konflikteve-dhurat-shkollave-nga-bujanoci-dhe-subotica\/#breadcrumb","itemListElement":[{"@type":"ListItem","position":1,"name":"\u041f\u043e\u0447\u0435\u0442\u043d\u0430","item":"https:\/\/kt.gov.rs\/sq\/"},{"@type":"ListItem","position":2,"name":"NX\u00cbN\u00cbSIT TAN\u00cb M\u00cb T\u00cb MIR\u00cb N\u00cb ZGJIDHJEN E KONFLIKT\u00cbVE, DHURAT SHKOLLAVE NGA BUJANOCI DHE SUBOTICA"}]},{"@type":"WebSite","@id":"https:\/\/kt.gov.rs\/#website","url":"https:\/\/kt.gov.rs\/","name":"\u041a\u043e\u043e\u0440\u0434\u0438\u043d\u0430\u0446\u0438\u043e\u043d\u043e \u0442\u0435\u043b\u043e \u0412\u043b\u0430\u0434\u0435 \u0420\u0435\u043f\u0443\u0431\u043b\u0438\u043a\u0435 \u0421\u0440\u0431\u0438\u0458\u0435 \u0437\u0430 \u043e\u043f\u0448\u0442\u0438\u043d\u0435 \u041f\u0440\u0435\u0448\u0435\u0432\u043e, \u0411\u0443\u0458\u0430\u043d\u043e\u0432\u0430\u0446 \u0438 \u041c\u0435\u0434\u0432\u0435\u0452a","description":"","publisher":{"@id":"https:\/\/kt.gov.rs\/#organization"},"alternateName":"\u041a\u043e\u043e\u0440\u0434\u0438\u043d\u0430\u0446\u0438\u043e\u043d\u043e \u0442\u0435\u043b\u043e","potentialAction":[{"@type":"SearchAction","target":{"@type":"EntryPoint","urlTemplate":"https:\/\/kt.gov.rs\/?s={search_term_string}"},"query-input":{"@type":"PropertyValueSpecification","valueRequired":true,"valueName":"search_term_string"}}],"inLanguage":"sq-AL"},{"@type":"Organization","@id":"https:\/\/kt.gov.rs\/#organization","name":"\u041a\u043e\u043e\u0440\u0434\u0438\u043d\u0430\u0446\u0438\u043e\u043d\u043e \u0442\u0435\u043b\u043e \u0412\u043b\u0430\u0434\u0435 \u0420\u0435\u043f\u0443\u0431\u043b\u0438\u043a\u0435 \u0421\u0440\u0431\u0438\u0458\u0435 \u0437\u0430 \u043e\u043f\u0448\u0442\u0438\u043d\u0435 \u041f\u0440\u0435\u0448\u0435\u0432\u043e, \u0411\u0443\u0458\u0430\u043d\u043e\u0432\u0430\u0446 \u0438 \u041c\u0435\u0434\u0432\u0435\u0452a","alternateName":"\u041a\u043e\u043e\u0440\u0434\u0438\u043d\u0430\u0446\u0438\u043e\u043d\u043e \u0442\u0435\u043b\u043e","url":"https:\/\/kt.gov.rs\/","logo":{"@type":"ImageObject","inLanguage":"sq-AL","@id":"https:\/\/kt.gov.rs\/#\/schema\/logo\/image\/","url":"https:\/\/kt.gov.rs\/wp-content\/uploads\/2024\/12\/koord2.jpg","contentUrl":"https:\/\/kt.gov.rs\/wp-content\/uploads\/2024\/12\/koord2.jpg","width":640,"height":480,"caption":"\u041a\u043e\u043e\u0440\u0434\u0438\u043d\u0430\u0446\u0438\u043e\u043d\u043e \u0442\u0435\u043b\u043e \u0412\u043b\u0430\u0434\u0435 \u0420\u0435\u043f\u0443\u0431\u043b\u0438\u043a\u0435 \u0421\u0440\u0431\u0438\u0458\u0435 \u0437\u0430 \u043e\u043f\u0448\u0442\u0438\u043d\u0435 \u041f\u0440\u0435\u0448\u0435\u0432\u043e, \u0411\u0443\u0458\u0430\u043d\u043e\u0432\u0430\u0446 \u0438 \u041c\u0435\u0434\u0432\u0435\u0452a"},"image":{"@id":"https:\/\/kt.gov.rs\/#\/schema\/logo\/image\/"},"sameAs":["https:\/\/www.facebook.com\/SluzbaKoordinacionogTelaVladeRepublikeSrbije","https:\/\/x.com\/kt_gov","https:\/\/www.youtube.com\/@koordinacionotelo"]},{"@type":"Person","@id":"https:\/\/kt.gov.rs\/#\/schema\/person\/e426459ddb4173309103390602694571","name":"ktmin","image":{"@type":"ImageObject","inLanguage":"sq-AL","@id":"https:\/\/secure.gravatar.com\/avatar\/3985c961109853010c3fbc7ba30365bfba5db3dd6c525831d9c595c7525a615a?s=96&d=mm&r=g","url":"https:\/\/secure.gravatar.com\/avatar\/3985c961109853010c3fbc7ba30365bfba5db3dd6c525831d9c595c7525a615a?s=96&d=mm&r=g","contentUrl":"https:\/\/secure.gravatar.com\/avatar\/3985c961109853010c3fbc7ba30365bfba5db3dd6c525831d9c595c7525a615a?s=96&d=mm&r=g","caption":"ktmin"},"sameAs":["https:\/\/kt.gov.rs"],"url":"https:\/\/kt.gov.rs\/sq\/author\/ktmin\/"}]}},"_links":{"self":[{"href":"https:\/\/kt.gov.rs\/sq\/wp-json\/wp\/v2\/posts\/142309","targetHints":{"allow":["GET"]}}],"collection":[{"href":"https:\/\/kt.gov.rs\/sq\/wp-json\/wp\/v2\/posts"}],"about":[{"href":"https:\/\/kt.gov.rs\/sq\/wp-json\/wp\/v2\/types\/post"}],"author":[{"embeddable":true,"href":"https:\/\/kt.gov.rs\/sq\/wp-json\/wp\/v2\/users\/1"}],"replies":[{"embeddable":true,"href":"https:\/\/kt.gov.rs\/sq\/wp-json\/wp\/v2\/comments?post=142309"}],"version-history":[{"count":0,"href":"https:\/\/kt.gov.rs\/sq\/wp-json\/wp\/v2\/posts\/142309\/revisions"}],"wp:attachment":[{"href":"https:\/\/kt.gov.rs\/sq\/wp-json\/wp\/v2\/media?parent=142309"}],"wp:term":[{"taxonomy":"category","embeddable":true,"href":"https:\/\/kt.gov.rs\/sq\/wp-json\/wp\/v2\/categories?post=142309"},{"taxonomy":"post_tag","embeddable":true,"href":"https:\/\/kt.gov.rs\/sq\/wp-json\/wp\/v2\/tags?post=142309"}],"curies":[{"name":"wp","href":"https:\/\/api.w.org\/{rel}","templated":true}]}}