{"id":142308,"date":"2011-04-06T00:00:00","date_gmt":"2011-04-06T00:00:00","guid":{"rendered":"http:\/\/kt.printandscreen.rs\/perkrahja-e-helpit-ndermaresve-te-rinje\/"},"modified":"2011-04-06T00:00:00","modified_gmt":"2011-04-06T00:00:00","slug":"perkrahja-e-helpit-ndermaresve-te-rinje","status":"publish","type":"post","link":"https:\/\/kt.gov.rs\/sq\/perkrahja-e-helpit-ndermaresve-te-rinje\/","title":{"rendered":"P\u00cbRKRAHJA E \u201cHELPIT\u201d ND\u00cbRMAR\u00cbSVE T\u00cb RINJ\u00cb"},"content":{"rendered":"<p><!--[if gte mso 9]><xml>\n \n  Normal\n  0\n  \n  \n  false\n  false\n  false\n  \n   \n   \n   \n   \n   \n   \n  \n  MicrosoftInternetExplorer4\n \n<\/xml><![endif]--><!--[if gte mso 9]><![endif]--><!--[if gte mso 10]>\n\n\n<style>\n \/* Style Definitions *\/\n table.MsoNormalTable\n\t{mso-style-name:\"Table Normal\";\n\tmso-style-parent:\"\";\n\tfont-size:10.0pt;\"Times New Roman\";\n\tmso-fareast-\"Times New Roman\";}\n<\/style>\n\n\n<![endif]--><\/p>\n<p><strong>Vranje<\/strong> \u2013 Organizata humanitare gjermane \u201cHelp\u201d e ka n\u00ebnshkruar kontrat me pes\u00ebdhjet\u00eb ndermar\u00ebs t\u00eb rinj\u00eb n\u00eb Vranj\u00eb rreth p\u00ebrkrahjes s\u00eb zhvillimit t\u00eb pun\u00ebs s\u00eb tyre. M\u00eb s\u00eb tep\u00ebrmi shfryt\u00ebzues t\u00eb k\u00ebsaj p\u00ebrkrahje, m\u00eb shum\u00eb se \u00a020, mirren me bujq\u00ebsi, pastaj me sh\u00ebrbime dhe me zeje. Nj\u00eb e treta e tyre jan\u00eb gra. Idet\u00eb e tyre jan\u00eb vler\u00ebsuar si m\u00eb t\u00eb vlevshme. P\u00ebr ti realizuar, do ti mund\u00ebsohet blerja e mjeteve dhe materialit \u00a0n\u00eb vler\u00eb prej dy mij\u00eb euro p\u00ebr biznes. Tet\u00ebdhjet\u00eb p\u00ebrqind e ndihm\u00ebs \u00ebsht\u00eb e pa kthyeshme. Me k\u00ebt\u00eb, nd\u00ebrmar\u00ebsit e rinj\u00eb do t\u00eb kalojn\u00eb trajnime me q\u00ebllim q\u00eb puna e tyre t\u00eb jet\u00eb e q\u00ebndrushme.<\/p>\n<p>Mb\u00ebshtetja p\u00ebr nd\u00ebrmar\u00ebsit e rinj\u00eb \u00ebsht\u00eb pjes\u00eb e programit p\u00ebr zvog\u00eblimin e varf\u00ebris\u00eb, duke i siguruar mb\u00ebshtetje\u00a0zhvillimit lokal n\u00eb jug t\u00eb Serbis\u00eb. Programi zgjat\u00eb nga mesi i vitit t\u00eb kaluar. Q\u00ebllimi i tij \u00ebsht\u00eb p\u00ebr t\u00eb arritur zhvillim t\u00eb q\u00ebndruesh\u00ebm t\u00eb Serbis\u00eb jugore dhe forcimin e ekonomis\u00eb lokale. Zbatohet n\u00eb qytetet e\u00a0qarkut t\u00eb P\u00e7inj\u00ebs: Vranj\u00eb, Bujanoc dhe Preshev\u00eb, Nish, Pirot dhe \u00a0Aleksin\u00eb.<\/p>\n<p>Programin e finansojn Qeveria e Repubik\u00ebs s\u00eb Gjermanis\u00eb \u00a0si dhe qytetet dhe komunat e lart\u00ebprmendura, nd\u00ebrsa vlera e p\u00ebrgjithshme e tij\u00eb \u00ebsht\u00eb gati\u00a0nj\u00eb milion euro. P\u00ebr Vranj\u00eb jan\u00eb ndar\u00eb 130 mij\u00eb euro, si rezultat i s\u00eb cil\u00ebs vet\u00ebqeverisja e pushtetit t\u00eb\u00a0Vranj\u00ebs ka marr\u00eb pjes\u00eb me 60 mij\u00eb euro. Ky \u00ebsht\u00eb projekti i pes\u00eb i \u201cHelp\u201d-it n\u00eb k\u00ebt\u00eb qytet.<\/p>\n<p>Numri i shfryt\u00ebzuesve p\u00ebr mb\u00ebshtetje t\u00eb Vranje-s\u00eb ka tejkaluar 320. Programi p\u00ebr t\u00eb ulur varf\u00ebrin\u00eb n\u00eb jug t\u00eb Serbis\u00eb do t\u00eb zbatohet deri n\u00eb fund t\u00eb vitit.<\/p>\n","protected":false},"excerpt":{"rendered":"<p>Vranje \u2013 Organizata humanitare gjermane \u201cHelp\u201d e ka n\u00ebnshkruar kontrat me pes\u00ebdhjet\u00eb ndermar\u00ebs t\u00eb rinj\u00eb n\u00eb Vranj\u00eb rreth p\u00ebrkrahjes s\u00eb zhvillimit t\u00eb pun\u00ebs s\u00eb tyre. M\u00eb s\u00eb tep\u00ebrmi shfryt\u00ebzues t\u00eb k\u00ebsaj p\u00ebrkrahje, m\u00eb shum\u00eb se \u00a020, mirren me bujq\u00ebsi, pastaj me sh\u00ebrbime dhe me zeje. Nj\u00eb e treta e tyre jan\u00eb gra. Idet\u00eb e tyre jan\u00eb vler\u00ebsuar si m\u00eb t\u00eb vlevshme. P\u00ebr ti realizuar, do ti mund\u00ebsohet blerja e mjeteve dhe materialit \u00a0n\u00eb vler\u00eb prej dy mij\u00eb euro p\u00ebr biznes. Tet\u00ebdhjet\u00eb p\u00ebrqind e ndihm\u00ebs \u00ebsht\u00eb e pa kthyeshme. Me k\u00ebt\u00eb, nd\u00ebrmar\u00ebsit e rinj\u00eb do t\u00eb kalojn\u00eb trajnime me q\u00ebllim q\u00eb puna e tyre t\u00eb jet\u00eb e q\u00ebndrushme.<\/p>\n","protected":false},"author":1,"featured_media":0,"comment_status":"closed","ping_status":"closed","sticky":false,"template":"","format":"standard","meta":{"footnotes":""},"categories":[55],"tags":[],"class_list":["post-142308","post","type-post","status-publish","format-standard","hentry","category-lajme"],"yoast_head":"<!-- This site is optimized with the Yoast SEO plugin v27.5 - https:\/\/yoast.com\/product\/yoast-seo-wordpress\/ -->\n<title>P\u00cbRKRAHJA E \u201cHELPIT\u201d ND\u00cbRMAR\u00cbSVE T\u00cb RINJ\u00cb - Republika e S\u00ebrbis\u00eb Trupi Koordinues p\u00ebr komunat Bujanoc, Preshev\u00eb dhe Medvegj\u00eb<\/title>\n<meta name=\"robots\" content=\"index, follow, max-snippet:-1, max-image-preview:large, max-video-preview:-1\" \/>\n<link rel=\"canonical\" href=\"https:\/\/kt.gov.rs\/sq\/perkrahja-e-helpit-ndermaresve-te-rinje\/\" \/>\n<meta property=\"og:locale\" content=\"sq_AL\" \/>\n<meta property=\"og:type\" content=\"article\" \/>\n<meta property=\"og:title\" content=\"P\u00cbRKRAHJA E \u201cHELPIT\u201d ND\u00cbRMAR\u00cbSVE T\u00cb RINJ\u00cb - Republika e S\u00ebrbis\u00eb Trupi Koordinues p\u00ebr komunat Bujanoc, Preshev\u00eb dhe Medvegj\u00eb\" \/>\n<meta property=\"og:description\" content=\"Vranje - Organizata humanitare gjermane \u201cHelp\u201d e ka n\u00ebnshkruar kontrat me pes\u00ebdhjet\u00eb ndermar\u00ebs t\u00eb rinj\u00eb n\u00eb Vranj\u00eb rreth p\u00ebrkrahjes s\u00eb zhvillimit t\u00eb pun\u00ebs s\u00eb tyre. M\u00eb s\u00eb tep\u00ebrmi shfryt\u00ebzues t\u00eb k\u00ebsaj p\u00ebrkrahje, m\u00eb shum\u00eb se \u00a020, mirren me bujq\u00ebsi, pastaj me sh\u00ebrbime dhe me zeje. Nj\u00eb e treta e tyre jan\u00eb gra. Idet\u00eb e tyre jan\u00eb vler\u00ebsuar si m\u00eb t\u00eb vlevshme. P\u00ebr ti realizuar, do ti mund\u00ebsohet blerja e mjeteve dhe materialit \u00a0n\u00eb vler\u00eb prej dy mij\u00eb euro p\u00ebr biznes. Tet\u00ebdhjet\u00eb p\u00ebrqind e ndihm\u00ebs \u00ebsht\u00eb e pa kthyeshme. Me k\u00ebt\u00eb, nd\u00ebrmar\u00ebsit e rinj\u00eb do t\u00eb kalojn\u00eb trajnime me q\u00ebllim q\u00eb puna e tyre t\u00eb jet\u00eb e q\u00ebndrushme.\" \/>\n<meta property=\"og:url\" content=\"https:\/\/kt.gov.rs\/sq\/perkrahja-e-helpit-ndermaresve-te-rinje\/\" \/>\n<meta property=\"og:site_name\" content=\"Republika e S\u00ebrbis\u00eb Trupi Koordinues p\u00ebr komunat Bujanoc, Preshev\u00eb dhe Medvegj\u00eb\" \/>\n<meta property=\"article:publisher\" content=\"https:\/\/www.facebook.com\/SluzbaKoordinacionogTelaVladeRepublikeSrbije\" \/>\n<meta property=\"article:published_time\" content=\"2011-04-06T00:00:00+00:00\" \/>\n<meta name=\"author\" content=\"ktmin\" \/>\n<meta name=\"twitter:card\" content=\"summary_large_image\" \/>\n<meta name=\"twitter:creator\" content=\"@kt_gov\" \/>\n<meta name=\"twitter:site\" content=\"@kt_gov\" \/>\n<meta name=\"twitter:label1\" content=\"Written by\" \/>\n\t<meta name=\"twitter:data1\" content=\"ktmin\" \/>\n\t<meta name=\"twitter:label2\" content=\"Est. reading time\" \/>\n\t<meta name=\"twitter:data2\" content=\"2 minutes\" \/>\n<script type=\"application\/ld+json\" class=\"yoast-schema-graph\">{\"@context\":\"https:\\\/\\\/schema.org\",\"@graph\":[{\"@type\":\"Article\",\"@id\":\"https:\\\/\\\/kt.gov.rs\\\/sq\\\/perkrahja-e-helpit-ndermaresve-te-rinje\\\/#article\",\"isPartOf\":{\"@id\":\"https:\\\/\\\/kt.gov.rs\\\/sq\\\/perkrahja-e-helpit-ndermaresve-te-rinje\\\/\"},\"author\":{\"name\":\"ktmin\",\"@id\":\"https:\\\/\\\/kt.gov.rs\\\/#\\\/schema\\\/person\\\/e426459ddb4173309103390602694571\"},\"headline\":\"P\u00cbRKRAHJA E \u201cHELPIT\u201d ND\u00cbRMAR\u00cbSVE T\u00cb RINJ\u00cb\",\"datePublished\":\"2011-04-06T00:00:00+00:00\",\"mainEntityOfPage\":{\"@id\":\"https:\\\/\\\/kt.gov.rs\\\/sq\\\/perkrahja-e-helpit-ndermaresve-te-rinje\\\/\"},\"wordCount\":327,\"publisher\":{\"@id\":\"https:\\\/\\\/kt.gov.rs\\\/#organization\"},\"articleSection\":[\"Lajme\"],\"inLanguage\":\"sq-AL\"},{\"@type\":\"WebPage\",\"@id\":\"https:\\\/\\\/kt.gov.rs\\\/sq\\\/perkrahja-e-helpit-ndermaresve-te-rinje\\\/\",\"url\":\"https:\\\/\\\/kt.gov.rs\\\/sq\\\/perkrahja-e-helpit-ndermaresve-te-rinje\\\/\",\"name\":\"P\u00cbRKRAHJA E \u201cHELPIT\u201d ND\u00cbRMAR\u00cbSVE T\u00cb RINJ\u00cb - Republika e S\u00ebrbis\u00eb Trupi Koordinues p\u00ebr komunat Bujanoc, Preshev\u00eb dhe Medvegj\u00eb\",\"isPartOf\":{\"@id\":\"https:\\\/\\\/kt.gov.rs\\\/#website\"},\"datePublished\":\"2011-04-06T00:00:00+00:00\",\"breadcrumb\":{\"@id\":\"https:\\\/\\\/kt.gov.rs\\\/sq\\\/perkrahja-e-helpit-ndermaresve-te-rinje\\\/#breadcrumb\"},\"inLanguage\":\"sq-AL\",\"potentialAction\":[{\"@type\":\"ReadAction\",\"target\":[\"https:\\\/\\\/kt.gov.rs\\\/sq\\\/perkrahja-e-helpit-ndermaresve-te-rinje\\\/\"]}]},{\"@type\":\"BreadcrumbList\",\"@id\":\"https:\\\/\\\/kt.gov.rs\\\/sq\\\/perkrahja-e-helpit-ndermaresve-te-rinje\\\/#breadcrumb\",\"itemListElement\":[{\"@type\":\"ListItem\",\"position\":1,\"name\":\"\u041f\u043e\u0447\u0435\u0442\u043d\u0430\",\"item\":\"https:\\\/\\\/kt.gov.rs\\\/sq\\\/\"},{\"@type\":\"ListItem\",\"position\":2,\"name\":\"P\u00cbRKRAHJA E \u201cHELPIT\u201d ND\u00cbRMAR\u00cbSVE T\u00cb RINJ\u00cb\"}]},{\"@type\":\"WebSite\",\"@id\":\"https:\\\/\\\/kt.gov.rs\\\/#website\",\"url\":\"https:\\\/\\\/kt.gov.rs\\\/\",\"name\":\"\u041a\u043e\u043e\u0440\u0434\u0438\u043d\u0430\u0446\u0438\u043e\u043d\u043e \u0442\u0435\u043b\u043e \u0412\u043b\u0430\u0434\u0435 \u0420\u0435\u043f\u0443\u0431\u043b\u0438\u043a\u0435 \u0421\u0440\u0431\u0438\u0458\u0435 \u0437\u0430 \u043e\u043f\u0448\u0442\u0438\u043d\u0435 \u041f\u0440\u0435\u0448\u0435\u0432\u043e, \u0411\u0443\u0458\u0430\u043d\u043e\u0432\u0430\u0446 \u0438 \u041c\u0435\u0434\u0432\u0435\u0452a\",\"description\":\"\",\"publisher\":{\"@id\":\"https:\\\/\\\/kt.gov.rs\\\/#organization\"},\"alternateName\":\"\u041a\u043e\u043e\u0440\u0434\u0438\u043d\u0430\u0446\u0438\u043e\u043d\u043e \u0442\u0435\u043b\u043e\",\"potentialAction\":[{\"@type\":\"SearchAction\",\"target\":{\"@type\":\"EntryPoint\",\"urlTemplate\":\"https:\\\/\\\/kt.gov.rs\\\/?s={search_term_string}\"},\"query-input\":{\"@type\":\"PropertyValueSpecification\",\"valueRequired\":true,\"valueName\":\"search_term_string\"}}],\"inLanguage\":\"sq-AL\"},{\"@type\":\"Organization\",\"@id\":\"https:\\\/\\\/kt.gov.rs\\\/#organization\",\"name\":\"\u041a\u043e\u043e\u0440\u0434\u0438\u043d\u0430\u0446\u0438\u043e\u043d\u043e \u0442\u0435\u043b\u043e \u0412\u043b\u0430\u0434\u0435 \u0420\u0435\u043f\u0443\u0431\u043b\u0438\u043a\u0435 \u0421\u0440\u0431\u0438\u0458\u0435 \u0437\u0430 \u043e\u043f\u0448\u0442\u0438\u043d\u0435 \u041f\u0440\u0435\u0448\u0435\u0432\u043e, \u0411\u0443\u0458\u0430\u043d\u043e\u0432\u0430\u0446 \u0438 \u041c\u0435\u0434\u0432\u0435\u0452a\",\"alternateName\":\"\u041a\u043e\u043e\u0440\u0434\u0438\u043d\u0430\u0446\u0438\u043e\u043d\u043e \u0442\u0435\u043b\u043e\",\"url\":\"https:\\\/\\\/kt.gov.rs\\\/\",\"logo\":{\"@type\":\"ImageObject\",\"inLanguage\":\"sq-AL\",\"@id\":\"https:\\\/\\\/kt.gov.rs\\\/#\\\/schema\\\/logo\\\/image\\\/\",\"url\":\"https:\\\/\\\/kt.gov.rs\\\/wp-content\\\/uploads\\\/2024\\\/12\\\/koord2.jpg\",\"contentUrl\":\"https:\\\/\\\/kt.gov.rs\\\/wp-content\\\/uploads\\\/2024\\\/12\\\/koord2.jpg\",\"width\":640,\"height\":480,\"caption\":\"\u041a\u043e\u043e\u0440\u0434\u0438\u043d\u0430\u0446\u0438\u043e\u043d\u043e \u0442\u0435\u043b\u043e \u0412\u043b\u0430\u0434\u0435 \u0420\u0435\u043f\u0443\u0431\u043b\u0438\u043a\u0435 \u0421\u0440\u0431\u0438\u0458\u0435 \u0437\u0430 \u043e\u043f\u0448\u0442\u0438\u043d\u0435 \u041f\u0440\u0435\u0448\u0435\u0432\u043e, \u0411\u0443\u0458\u0430\u043d\u043e\u0432\u0430\u0446 \u0438 \u041c\u0435\u0434\u0432\u0435\u0452a\"},\"image\":{\"@id\":\"https:\\\/\\\/kt.gov.rs\\\/#\\\/schema\\\/logo\\\/image\\\/\"},\"sameAs\":[\"https:\\\/\\\/www.facebook.com\\\/SluzbaKoordinacionogTelaVladeRepublikeSrbije\",\"https:\\\/\\\/x.com\\\/kt_gov\",\"https:\\\/\\\/www.youtube.com\\\/@koordinacionotelo\"]},{\"@type\":\"Person\",\"@id\":\"https:\\\/\\\/kt.gov.rs\\\/#\\\/schema\\\/person\\\/e426459ddb4173309103390602694571\",\"name\":\"ktmin\",\"image\":{\"@type\":\"ImageObject\",\"inLanguage\":\"sq-AL\",\"@id\":\"https:\\\/\\\/secure.gravatar.com\\\/avatar\\\/3985c961109853010c3fbc7ba30365bfba5db3dd6c525831d9c595c7525a615a?s=96&d=mm&r=g\",\"url\":\"https:\\\/\\\/secure.gravatar.com\\\/avatar\\\/3985c961109853010c3fbc7ba30365bfba5db3dd6c525831d9c595c7525a615a?s=96&d=mm&r=g\",\"contentUrl\":\"https:\\\/\\\/secure.gravatar.com\\\/avatar\\\/3985c961109853010c3fbc7ba30365bfba5db3dd6c525831d9c595c7525a615a?s=96&d=mm&r=g\",\"caption\":\"ktmin\"},\"sameAs\":[\"https:\\\/\\\/kt.gov.rs\"],\"url\":\"https:\\\/\\\/kt.gov.rs\\\/sq\\\/author\\\/ktmin\\\/\"}]}<\/script>\n<!-- \/ Yoast SEO plugin. -->","yoast_head_json":{"title":"P\u00cbRKRAHJA E \u201cHELPIT\u201d ND\u00cbRMAR\u00cbSVE T\u00cb RINJ\u00cb - Republika e S\u00ebrbis\u00eb Trupi Koordinues p\u00ebr komunat Bujanoc, Preshev\u00eb dhe Medvegj\u00eb","robots":{"index":"index","follow":"follow","max-snippet":"max-snippet:-1","max-image-preview":"max-image-preview:large","max-video-preview":"max-video-preview:-1"},"canonical":"https:\/\/kt.gov.rs\/sq\/perkrahja-e-helpit-ndermaresve-te-rinje\/","og_locale":"sq_AL","og_type":"article","og_title":"P\u00cbRKRAHJA E \u201cHELPIT\u201d ND\u00cbRMAR\u00cbSVE T\u00cb RINJ\u00cb - Republika e S\u00ebrbis\u00eb Trupi Koordinues p\u00ebr komunat Bujanoc, Preshev\u00eb dhe Medvegj\u00eb","og_description":"Vranje - Organizata humanitare gjermane \u201cHelp\u201d e ka n\u00ebnshkruar kontrat me pes\u00ebdhjet\u00eb ndermar\u00ebs t\u00eb rinj\u00eb n\u00eb Vranj\u00eb rreth p\u00ebrkrahjes s\u00eb zhvillimit t\u00eb pun\u00ebs s\u00eb tyre. M\u00eb s\u00eb tep\u00ebrmi shfryt\u00ebzues t\u00eb k\u00ebsaj p\u00ebrkrahje, m\u00eb shum\u00eb se \u00a020, mirren me bujq\u00ebsi, pastaj me sh\u00ebrbime dhe me zeje. Nj\u00eb e treta e tyre jan\u00eb gra. Idet\u00eb e tyre jan\u00eb vler\u00ebsuar si m\u00eb t\u00eb vlevshme. P\u00ebr ti realizuar, do ti mund\u00ebsohet blerja e mjeteve dhe materialit \u00a0n\u00eb vler\u00eb prej dy mij\u00eb euro p\u00ebr biznes. Tet\u00ebdhjet\u00eb p\u00ebrqind e ndihm\u00ebs \u00ebsht\u00eb e pa kthyeshme. Me k\u00ebt\u00eb, nd\u00ebrmar\u00ebsit e rinj\u00eb do t\u00eb kalojn\u00eb trajnime me q\u00ebllim q\u00eb puna e tyre t\u00eb jet\u00eb e q\u00ebndrushme.","og_url":"https:\/\/kt.gov.rs\/sq\/perkrahja-e-helpit-ndermaresve-te-rinje\/","og_site_name":"Republika e S\u00ebrbis\u00eb Trupi Koordinues p\u00ebr komunat Bujanoc, Preshev\u00eb dhe Medvegj\u00eb","article_publisher":"https:\/\/www.facebook.com\/SluzbaKoordinacionogTelaVladeRepublikeSrbije","article_published_time":"2011-04-06T00:00:00+00:00","author":"ktmin","twitter_card":"summary_large_image","twitter_creator":"@kt_gov","twitter_site":"@kt_gov","twitter_misc":{"Written by":"ktmin","Est. reading time":"2 minutes"},"schema":{"@context":"https:\/\/schema.org","@graph":[{"@type":"Article","@id":"https:\/\/kt.gov.rs\/sq\/perkrahja-e-helpit-ndermaresve-te-rinje\/#article","isPartOf":{"@id":"https:\/\/kt.gov.rs\/sq\/perkrahja-e-helpit-ndermaresve-te-rinje\/"},"author":{"name":"ktmin","@id":"https:\/\/kt.gov.rs\/#\/schema\/person\/e426459ddb4173309103390602694571"},"headline":"P\u00cbRKRAHJA E \u201cHELPIT\u201d ND\u00cbRMAR\u00cbSVE T\u00cb RINJ\u00cb","datePublished":"2011-04-06T00:00:00+00:00","mainEntityOfPage":{"@id":"https:\/\/kt.gov.rs\/sq\/perkrahja-e-helpit-ndermaresve-te-rinje\/"},"wordCount":327,"publisher":{"@id":"https:\/\/kt.gov.rs\/#organization"},"articleSection":["Lajme"],"inLanguage":"sq-AL"},{"@type":"WebPage","@id":"https:\/\/kt.gov.rs\/sq\/perkrahja-e-helpit-ndermaresve-te-rinje\/","url":"https:\/\/kt.gov.rs\/sq\/perkrahja-e-helpit-ndermaresve-te-rinje\/","name":"P\u00cbRKRAHJA E \u201cHELPIT\u201d ND\u00cbRMAR\u00cbSVE T\u00cb RINJ\u00cb - Republika e S\u00ebrbis\u00eb Trupi Koordinues p\u00ebr komunat Bujanoc, Preshev\u00eb dhe Medvegj\u00eb","isPartOf":{"@id":"https:\/\/kt.gov.rs\/#website"},"datePublished":"2011-04-06T00:00:00+00:00","breadcrumb":{"@id":"https:\/\/kt.gov.rs\/sq\/perkrahja-e-helpit-ndermaresve-te-rinje\/#breadcrumb"},"inLanguage":"sq-AL","potentialAction":[{"@type":"ReadAction","target":["https:\/\/kt.gov.rs\/sq\/perkrahja-e-helpit-ndermaresve-te-rinje\/"]}]},{"@type":"BreadcrumbList","@id":"https:\/\/kt.gov.rs\/sq\/perkrahja-e-helpit-ndermaresve-te-rinje\/#breadcrumb","itemListElement":[{"@type":"ListItem","position":1,"name":"\u041f\u043e\u0447\u0435\u0442\u043d\u0430","item":"https:\/\/kt.gov.rs\/sq\/"},{"@type":"ListItem","position":2,"name":"P\u00cbRKRAHJA E \u201cHELPIT\u201d ND\u00cbRMAR\u00cbSVE T\u00cb RINJ\u00cb"}]},{"@type":"WebSite","@id":"https:\/\/kt.gov.rs\/#website","url":"https:\/\/kt.gov.rs\/","name":"\u041a\u043e\u043e\u0440\u0434\u0438\u043d\u0430\u0446\u0438\u043e\u043d\u043e \u0442\u0435\u043b\u043e \u0412\u043b\u0430\u0434\u0435 \u0420\u0435\u043f\u0443\u0431\u043b\u0438\u043a\u0435 \u0421\u0440\u0431\u0438\u0458\u0435 \u0437\u0430 \u043e\u043f\u0448\u0442\u0438\u043d\u0435 \u041f\u0440\u0435\u0448\u0435\u0432\u043e, \u0411\u0443\u0458\u0430\u043d\u043e\u0432\u0430\u0446 \u0438 \u041c\u0435\u0434\u0432\u0435\u0452a","description":"","publisher":{"@id":"https:\/\/kt.gov.rs\/#organization"},"alternateName":"\u041a\u043e\u043e\u0440\u0434\u0438\u043d\u0430\u0446\u0438\u043e\u043d\u043e \u0442\u0435\u043b\u043e","potentialAction":[{"@type":"SearchAction","target":{"@type":"EntryPoint","urlTemplate":"https:\/\/kt.gov.rs\/?s={search_term_string}"},"query-input":{"@type":"PropertyValueSpecification","valueRequired":true,"valueName":"search_term_string"}}],"inLanguage":"sq-AL"},{"@type":"Organization","@id":"https:\/\/kt.gov.rs\/#organization","name":"\u041a\u043e\u043e\u0440\u0434\u0438\u043d\u0430\u0446\u0438\u043e\u043d\u043e \u0442\u0435\u043b\u043e \u0412\u043b\u0430\u0434\u0435 \u0420\u0435\u043f\u0443\u0431\u043b\u0438\u043a\u0435 \u0421\u0440\u0431\u0438\u0458\u0435 \u0437\u0430 \u043e\u043f\u0448\u0442\u0438\u043d\u0435 \u041f\u0440\u0435\u0448\u0435\u0432\u043e, \u0411\u0443\u0458\u0430\u043d\u043e\u0432\u0430\u0446 \u0438 \u041c\u0435\u0434\u0432\u0435\u0452a","alternateName":"\u041a\u043e\u043e\u0440\u0434\u0438\u043d\u0430\u0446\u0438\u043e\u043d\u043e \u0442\u0435\u043b\u043e","url":"https:\/\/kt.gov.rs\/","logo":{"@type":"ImageObject","inLanguage":"sq-AL","@id":"https:\/\/kt.gov.rs\/#\/schema\/logo\/image\/","url":"https:\/\/kt.gov.rs\/wp-content\/uploads\/2024\/12\/koord2.jpg","contentUrl":"https:\/\/kt.gov.rs\/wp-content\/uploads\/2024\/12\/koord2.jpg","width":640,"height":480,"caption":"\u041a\u043e\u043e\u0440\u0434\u0438\u043d\u0430\u0446\u0438\u043e\u043d\u043e \u0442\u0435\u043b\u043e \u0412\u043b\u0430\u0434\u0435 \u0420\u0435\u043f\u0443\u0431\u043b\u0438\u043a\u0435 \u0421\u0440\u0431\u0438\u0458\u0435 \u0437\u0430 \u043e\u043f\u0448\u0442\u0438\u043d\u0435 \u041f\u0440\u0435\u0448\u0435\u0432\u043e, \u0411\u0443\u0458\u0430\u043d\u043e\u0432\u0430\u0446 \u0438 \u041c\u0435\u0434\u0432\u0435\u0452a"},"image":{"@id":"https:\/\/kt.gov.rs\/#\/schema\/logo\/image\/"},"sameAs":["https:\/\/www.facebook.com\/SluzbaKoordinacionogTelaVladeRepublikeSrbije","https:\/\/x.com\/kt_gov","https:\/\/www.youtube.com\/@koordinacionotelo"]},{"@type":"Person","@id":"https:\/\/kt.gov.rs\/#\/schema\/person\/e426459ddb4173309103390602694571","name":"ktmin","image":{"@type":"ImageObject","inLanguage":"sq-AL","@id":"https:\/\/secure.gravatar.com\/avatar\/3985c961109853010c3fbc7ba30365bfba5db3dd6c525831d9c595c7525a615a?s=96&d=mm&r=g","url":"https:\/\/secure.gravatar.com\/avatar\/3985c961109853010c3fbc7ba30365bfba5db3dd6c525831d9c595c7525a615a?s=96&d=mm&r=g","contentUrl":"https:\/\/secure.gravatar.com\/avatar\/3985c961109853010c3fbc7ba30365bfba5db3dd6c525831d9c595c7525a615a?s=96&d=mm&r=g","caption":"ktmin"},"sameAs":["https:\/\/kt.gov.rs"],"url":"https:\/\/kt.gov.rs\/sq\/author\/ktmin\/"}]}},"_links":{"self":[{"href":"https:\/\/kt.gov.rs\/sq\/wp-json\/wp\/v2\/posts\/142308","targetHints":{"allow":["GET"]}}],"collection":[{"href":"https:\/\/kt.gov.rs\/sq\/wp-json\/wp\/v2\/posts"}],"about":[{"href":"https:\/\/kt.gov.rs\/sq\/wp-json\/wp\/v2\/types\/post"}],"author":[{"embeddable":true,"href":"https:\/\/kt.gov.rs\/sq\/wp-json\/wp\/v2\/users\/1"}],"replies":[{"embeddable":true,"href":"https:\/\/kt.gov.rs\/sq\/wp-json\/wp\/v2\/comments?post=142308"}],"version-history":[{"count":0,"href":"https:\/\/kt.gov.rs\/sq\/wp-json\/wp\/v2\/posts\/142308\/revisions"}],"wp:attachment":[{"href":"https:\/\/kt.gov.rs\/sq\/wp-json\/wp\/v2\/media?parent=142308"}],"wp:term":[{"taxonomy":"category","embeddable":true,"href":"https:\/\/kt.gov.rs\/sq\/wp-json\/wp\/v2\/categories?post=142308"},{"taxonomy":"post_tag","embeddable":true,"href":"https:\/\/kt.gov.rs\/sq\/wp-json\/wp\/v2\/tags?post=142308"}],"curies":[{"name":"wp","href":"https:\/\/api.w.org\/{rel}","templated":true}]}}