{"id":142304,"date":"2011-04-08T00:00:00","date_gmt":"2011-04-08T00:00:00","guid":{"rendered":"http:\/\/kt.printandscreen.rs\/qeveria-i-ka-premtuar-ndihme-bujanocit-dhe-medvegjes\/"},"modified":"2011-04-08T00:00:00","modified_gmt":"2011-04-08T00:00:00","slug":"qeveria-i-ka-premtuar-ndihme-bujanocit-dhe-medvegjes","status":"publish","type":"post","link":"https:\/\/kt.gov.rs\/sq\/qeveria-i-ka-premtuar-ndihme-bujanocit-dhe-medvegjes\/","title":{"rendered":"QEVERIA  I KA PREMTUAR NDIHM\u00cb BUJANOCIT DHE MEDVEGJ\u00cbS"},"content":{"rendered":"<p><strong>Bujanoc<\/strong>\u2013 N\u00ebnkryetarja e Qeveris\u00eb s\u00eb S\u00ebrbis\u00eb Verica Kalanoviq ka deklaruar n\u00eb Bujanoc q\u00eb kjo komun\u00eb \u00ebsht\u00eb e p\u00ebrshtatshme p\u00ebr investime t\u00eb huaja sepse gjindet p\u00ebrskaj koridorit 10. Kalanoviq pas takimit me kryetarin Shaip Kamberin dhe kryetaren e Kuvendit komunal t\u00eb komun\u00ebs s\u00eb Medvegj\u00ebs Natasha Filiqin tha se jan\u00eb marur vash q\u00eb Agjencionit p\u00ebr investime t\u00eb huaja n\u00eb koh\u00eb sa m\u00eb t\u00eb shpejt ti dor\u00ebzohet lista e tokave t\u00eb lira p\u00ebr investime industriale nga jasht\u00eb.<\/p>\n<p>\u201cNd\u00ebrmarjet e vogla dhe t\u00eb mesme nuk mund t\u00eb konkurojn n\u00eb arritjen e kredit\u00ebve sepse nuk i kan\u00eb t\u00eb legalizuar objektet, nd\u00ebrsa p\u00ebr zgjidhjen e k\u00ebtij problemi do t\u00eb bisedojm\u00eb me Ministrin e planifikimit hapsinor\u201d, deklaroi Kalanoviq.<\/p>\n<p>Kalnoviq gjithashtu potencoi se \u201c drejtimi i tret\u00eb p\u00ebr p\u00ebrmisimin e statutit ekonomik n\u00eb komunat Bujanoc dhe Medvegj\u00eb k\u00ebt\u00eb vit\u00eb do t\u00eb drejtohen kah personat q\u00eb nuk jan\u00eb t\u00eb kualifikuar apo q\u00eb jan\u00eb nga mosha\u00a0 50 vje\u00e7are p\u00ebr mes pun\u00ebve publike\u201d. Ajo deklaroi se do t\u00eb nd\u00ebrmar\u00eb q\u00eb komunat Bujanoc, Preshev\u00eb dhe Medvegj\u00eb nga Sh\u00ebrbimi Nacional p\u00ebr pun\u00ebsim t\u00eb fitojn\u00eb mjete shtes\u00eb p\u00ebr hapjen e vendeve t\u00eb\u00a0 reja t\u00eb pun\u00ebs.<\/p>\n","protected":false},"excerpt":{"rendered":"<p>Bujanoc- N\u00ebnkryetarja e Qeveris\u00eb s\u00eb S\u00ebrbis\u00eb Verica Kalanoviq ka  deklaruar n\u00eb Bujanoc q\u00eb kjo komun\u00eb \u00ebsht\u00eb e p\u00ebrshtatshme p\u00ebr investime t\u00eb  huaja sepse gjindet p\u00ebrskaj koridorit 10. Kalanoviq pas takimit me  kryetarin Shaip Kamberin dhe kryetaren e Kuvendit komunal t\u00eb komun\u00ebs s\u00eb  Medvegj\u00ebs Natasha Filiqin tha se jan\u00eb marur vash q\u00eb Agjencionit p\u00ebr  investime t\u00eb huaja n\u00eb koh\u00eb sa m\u00eb t\u00eb shpejt ti dor\u00ebzohet lista e tokave  t\u00eb lira p\u00ebr investime industriale nga jasht\u00eb.<\/p>\n","protected":false},"author":1,"featured_media":0,"comment_status":"closed","ping_status":"closed","sticky":false,"template":"","format":"standard","meta":{"footnotes":""},"categories":[55],"tags":[],"class_list":["post-142304","post","type-post","status-publish","format-standard","hentry","category-lajme"],"yoast_head":"<!-- This site is optimized with the Yoast SEO plugin v27.5 - https:\/\/yoast.com\/product\/yoast-seo-wordpress\/ -->\n<title>QEVERIA I KA PREMTUAR NDIHM\u00cb BUJANOCIT DHE MEDVEGJ\u00cbS - Republika e S\u00ebrbis\u00eb Trupi Koordinues p\u00ebr komunat Bujanoc, Preshev\u00eb dhe Medvegj\u00eb<\/title>\n<meta name=\"robots\" content=\"index, follow, max-snippet:-1, max-image-preview:large, max-video-preview:-1\" \/>\n<link rel=\"canonical\" href=\"https:\/\/kt.gov.rs\/sq\/qeveria-i-ka-premtuar-ndihme-bujanocit-dhe-medvegjes\/\" \/>\n<meta property=\"og:locale\" content=\"sq_AL\" \/>\n<meta property=\"og:type\" content=\"article\" \/>\n<meta property=\"og:title\" content=\"QEVERIA I KA PREMTUAR NDIHM\u00cb BUJANOCIT DHE MEDVEGJ\u00cbS - Republika e S\u00ebrbis\u00eb Trupi Koordinues p\u00ebr komunat Bujanoc, Preshev\u00eb dhe Medvegj\u00eb\" \/>\n<meta property=\"og:description\" content=\"Bujanoc- N\u00ebnkryetarja e Qeveris\u00eb s\u00eb S\u00ebrbis\u00eb Verica Kalanoviq ka deklaruar n\u00eb Bujanoc q\u00eb kjo komun\u00eb \u00ebsht\u00eb e p\u00ebrshtatshme p\u00ebr investime t\u00eb huaja sepse gjindet p\u00ebrskaj koridorit 10. Kalanoviq pas takimit me kryetarin Shaip Kamberin dhe kryetaren e Kuvendit komunal t\u00eb komun\u00ebs s\u00eb Medvegj\u00ebs Natasha Filiqin tha se jan\u00eb marur vash q\u00eb Agjencionit p\u00ebr investime t\u00eb huaja n\u00eb koh\u00eb sa m\u00eb t\u00eb shpejt ti dor\u00ebzohet lista e tokave t\u00eb lira p\u00ebr investime industriale nga jasht\u00eb.\" \/>\n<meta property=\"og:url\" content=\"https:\/\/kt.gov.rs\/sq\/qeveria-i-ka-premtuar-ndihme-bujanocit-dhe-medvegjes\/\" \/>\n<meta property=\"og:site_name\" content=\"Republika e S\u00ebrbis\u00eb Trupi Koordinues p\u00ebr komunat Bujanoc, Preshev\u00eb dhe Medvegj\u00eb\" \/>\n<meta property=\"article:publisher\" content=\"https:\/\/www.facebook.com\/SluzbaKoordinacionogTelaVladeRepublikeSrbije\" \/>\n<meta property=\"article:published_time\" content=\"2011-04-08T00:00:00+00:00\" \/>\n<meta name=\"author\" content=\"ktmin\" \/>\n<meta name=\"twitter:card\" content=\"summary_large_image\" \/>\n<meta name=\"twitter:creator\" content=\"@kt_gov\" \/>\n<meta name=\"twitter:site\" content=\"@kt_gov\" \/>\n<meta name=\"twitter:label1\" content=\"Written by\" \/>\n\t<meta name=\"twitter:data1\" content=\"ktmin\" \/>\n\t<meta name=\"twitter:label2\" content=\"Est. reading time\" \/>\n\t<meta name=\"twitter:data2\" content=\"1 minute\" \/>\n<script type=\"application\/ld+json\" class=\"yoast-schema-graph\">{\"@context\":\"https:\\\/\\\/schema.org\",\"@graph\":[{\"@type\":\"Article\",\"@id\":\"https:\\\/\\\/kt.gov.rs\\\/sq\\\/qeveria-i-ka-premtuar-ndihme-bujanocit-dhe-medvegjes\\\/#article\",\"isPartOf\":{\"@id\":\"https:\\\/\\\/kt.gov.rs\\\/sq\\\/qeveria-i-ka-premtuar-ndihme-bujanocit-dhe-medvegjes\\\/\"},\"author\":{\"name\":\"ktmin\",\"@id\":\"https:\\\/\\\/kt.gov.rs\\\/#\\\/schema\\\/person\\\/e426459ddb4173309103390602694571\"},\"headline\":\"QEVERIA I KA PREMTUAR NDIHM\u00cb BUJANOCIT DHE MEDVEGJ\u00cbS\",\"datePublished\":\"2011-04-08T00:00:00+00:00\",\"mainEntityOfPage\":{\"@id\":\"https:\\\/\\\/kt.gov.rs\\\/sq\\\/qeveria-i-ka-premtuar-ndihme-bujanocit-dhe-medvegjes\\\/\"},\"wordCount\":220,\"publisher\":{\"@id\":\"https:\\\/\\\/kt.gov.rs\\\/#organization\"},\"articleSection\":[\"Lajme\"],\"inLanguage\":\"sq-AL\"},{\"@type\":\"WebPage\",\"@id\":\"https:\\\/\\\/kt.gov.rs\\\/sq\\\/qeveria-i-ka-premtuar-ndihme-bujanocit-dhe-medvegjes\\\/\",\"url\":\"https:\\\/\\\/kt.gov.rs\\\/sq\\\/qeveria-i-ka-premtuar-ndihme-bujanocit-dhe-medvegjes\\\/\",\"name\":\"QEVERIA I KA PREMTUAR NDIHM\u00cb BUJANOCIT DHE MEDVEGJ\u00cbS - Republika e S\u00ebrbis\u00eb Trupi Koordinues p\u00ebr komunat Bujanoc, Preshev\u00eb dhe Medvegj\u00eb\",\"isPartOf\":{\"@id\":\"https:\\\/\\\/kt.gov.rs\\\/#website\"},\"datePublished\":\"2011-04-08T00:00:00+00:00\",\"breadcrumb\":{\"@id\":\"https:\\\/\\\/kt.gov.rs\\\/sq\\\/qeveria-i-ka-premtuar-ndihme-bujanocit-dhe-medvegjes\\\/#breadcrumb\"},\"inLanguage\":\"sq-AL\",\"potentialAction\":[{\"@type\":\"ReadAction\",\"target\":[\"https:\\\/\\\/kt.gov.rs\\\/sq\\\/qeveria-i-ka-premtuar-ndihme-bujanocit-dhe-medvegjes\\\/\"]}]},{\"@type\":\"BreadcrumbList\",\"@id\":\"https:\\\/\\\/kt.gov.rs\\\/sq\\\/qeveria-i-ka-premtuar-ndihme-bujanocit-dhe-medvegjes\\\/#breadcrumb\",\"itemListElement\":[{\"@type\":\"ListItem\",\"position\":1,\"name\":\"\u041f\u043e\u0447\u0435\u0442\u043d\u0430\",\"item\":\"https:\\\/\\\/kt.gov.rs\\\/sq\\\/\"},{\"@type\":\"ListItem\",\"position\":2,\"name\":\"QEVERIA I KA PREMTUAR NDIHM\u00cb BUJANOCIT DHE MEDVEGJ\u00cbS\"}]},{\"@type\":\"WebSite\",\"@id\":\"https:\\\/\\\/kt.gov.rs\\\/#website\",\"url\":\"https:\\\/\\\/kt.gov.rs\\\/\",\"name\":\"\u041a\u043e\u043e\u0440\u0434\u0438\u043d\u0430\u0446\u0438\u043e\u043d\u043e \u0442\u0435\u043b\u043e \u0412\u043b\u0430\u0434\u0435 \u0420\u0435\u043f\u0443\u0431\u043b\u0438\u043a\u0435 \u0421\u0440\u0431\u0438\u0458\u0435 \u0437\u0430 \u043e\u043f\u0448\u0442\u0438\u043d\u0435 \u041f\u0440\u0435\u0448\u0435\u0432\u043e, \u0411\u0443\u0458\u0430\u043d\u043e\u0432\u0430\u0446 \u0438 \u041c\u0435\u0434\u0432\u0435\u0452a\",\"description\":\"\",\"publisher\":{\"@id\":\"https:\\\/\\\/kt.gov.rs\\\/#organization\"},\"alternateName\":\"\u041a\u043e\u043e\u0440\u0434\u0438\u043d\u0430\u0446\u0438\u043e\u043d\u043e \u0442\u0435\u043b\u043e\",\"potentialAction\":[{\"@type\":\"SearchAction\",\"target\":{\"@type\":\"EntryPoint\",\"urlTemplate\":\"https:\\\/\\\/kt.gov.rs\\\/?s={search_term_string}\"},\"query-input\":{\"@type\":\"PropertyValueSpecification\",\"valueRequired\":true,\"valueName\":\"search_term_string\"}}],\"inLanguage\":\"sq-AL\"},{\"@type\":\"Organization\",\"@id\":\"https:\\\/\\\/kt.gov.rs\\\/#organization\",\"name\":\"\u041a\u043e\u043e\u0440\u0434\u0438\u043d\u0430\u0446\u0438\u043e\u043d\u043e \u0442\u0435\u043b\u043e \u0412\u043b\u0430\u0434\u0435 \u0420\u0435\u043f\u0443\u0431\u043b\u0438\u043a\u0435 \u0421\u0440\u0431\u0438\u0458\u0435 \u0437\u0430 \u043e\u043f\u0448\u0442\u0438\u043d\u0435 \u041f\u0440\u0435\u0448\u0435\u0432\u043e, \u0411\u0443\u0458\u0430\u043d\u043e\u0432\u0430\u0446 \u0438 \u041c\u0435\u0434\u0432\u0435\u0452a\",\"alternateName\":\"\u041a\u043e\u043e\u0440\u0434\u0438\u043d\u0430\u0446\u0438\u043e\u043d\u043e \u0442\u0435\u043b\u043e\",\"url\":\"https:\\\/\\\/kt.gov.rs\\\/\",\"logo\":{\"@type\":\"ImageObject\",\"inLanguage\":\"sq-AL\",\"@id\":\"https:\\\/\\\/kt.gov.rs\\\/#\\\/schema\\\/logo\\\/image\\\/\",\"url\":\"https:\\\/\\\/kt.gov.rs\\\/wp-content\\\/uploads\\\/2024\\\/12\\\/koord2.jpg\",\"contentUrl\":\"https:\\\/\\\/kt.gov.rs\\\/wp-content\\\/uploads\\\/2024\\\/12\\\/koord2.jpg\",\"width\":640,\"height\":480,\"caption\":\"\u041a\u043e\u043e\u0440\u0434\u0438\u043d\u0430\u0446\u0438\u043e\u043d\u043e \u0442\u0435\u043b\u043e \u0412\u043b\u0430\u0434\u0435 \u0420\u0435\u043f\u0443\u0431\u043b\u0438\u043a\u0435 \u0421\u0440\u0431\u0438\u0458\u0435 \u0437\u0430 \u043e\u043f\u0448\u0442\u0438\u043d\u0435 \u041f\u0440\u0435\u0448\u0435\u0432\u043e, \u0411\u0443\u0458\u0430\u043d\u043e\u0432\u0430\u0446 \u0438 \u041c\u0435\u0434\u0432\u0435\u0452a\"},\"image\":{\"@id\":\"https:\\\/\\\/kt.gov.rs\\\/#\\\/schema\\\/logo\\\/image\\\/\"},\"sameAs\":[\"https:\\\/\\\/www.facebook.com\\\/SluzbaKoordinacionogTelaVladeRepublikeSrbije\",\"https:\\\/\\\/x.com\\\/kt_gov\",\"https:\\\/\\\/www.youtube.com\\\/@koordinacionotelo\"]},{\"@type\":\"Person\",\"@id\":\"https:\\\/\\\/kt.gov.rs\\\/#\\\/schema\\\/person\\\/e426459ddb4173309103390602694571\",\"name\":\"ktmin\",\"image\":{\"@type\":\"ImageObject\",\"inLanguage\":\"sq-AL\",\"@id\":\"https:\\\/\\\/secure.gravatar.com\\\/avatar\\\/3985c961109853010c3fbc7ba30365bfba5db3dd6c525831d9c595c7525a615a?s=96&d=mm&r=g\",\"url\":\"https:\\\/\\\/secure.gravatar.com\\\/avatar\\\/3985c961109853010c3fbc7ba30365bfba5db3dd6c525831d9c595c7525a615a?s=96&d=mm&r=g\",\"contentUrl\":\"https:\\\/\\\/secure.gravatar.com\\\/avatar\\\/3985c961109853010c3fbc7ba30365bfba5db3dd6c525831d9c595c7525a615a?s=96&d=mm&r=g\",\"caption\":\"ktmin\"},\"sameAs\":[\"https:\\\/\\\/kt.gov.rs\"],\"url\":\"https:\\\/\\\/kt.gov.rs\\\/sq\\\/author\\\/ktmin\\\/\"}]}<\/script>\n<!-- \/ Yoast SEO plugin. -->","yoast_head_json":{"title":"QEVERIA I KA PREMTUAR NDIHM\u00cb BUJANOCIT DHE MEDVEGJ\u00cbS - Republika e S\u00ebrbis\u00eb Trupi Koordinues p\u00ebr komunat Bujanoc, Preshev\u00eb dhe Medvegj\u00eb","robots":{"index":"index","follow":"follow","max-snippet":"max-snippet:-1","max-image-preview":"max-image-preview:large","max-video-preview":"max-video-preview:-1"},"canonical":"https:\/\/kt.gov.rs\/sq\/qeveria-i-ka-premtuar-ndihme-bujanocit-dhe-medvegjes\/","og_locale":"sq_AL","og_type":"article","og_title":"QEVERIA I KA PREMTUAR NDIHM\u00cb BUJANOCIT DHE MEDVEGJ\u00cbS - Republika e S\u00ebrbis\u00eb Trupi Koordinues p\u00ebr komunat Bujanoc, Preshev\u00eb dhe Medvegj\u00eb","og_description":"Bujanoc- N\u00ebnkryetarja e Qeveris\u00eb s\u00eb S\u00ebrbis\u00eb Verica Kalanoviq ka deklaruar n\u00eb Bujanoc q\u00eb kjo komun\u00eb \u00ebsht\u00eb e p\u00ebrshtatshme p\u00ebr investime t\u00eb huaja sepse gjindet p\u00ebrskaj koridorit 10. Kalanoviq pas takimit me kryetarin Shaip Kamberin dhe kryetaren e Kuvendit komunal t\u00eb komun\u00ebs s\u00eb Medvegj\u00ebs Natasha Filiqin tha se jan\u00eb marur vash q\u00eb Agjencionit p\u00ebr investime t\u00eb huaja n\u00eb koh\u00eb sa m\u00eb t\u00eb shpejt ti dor\u00ebzohet lista e tokave t\u00eb lira p\u00ebr investime industriale nga jasht\u00eb.","og_url":"https:\/\/kt.gov.rs\/sq\/qeveria-i-ka-premtuar-ndihme-bujanocit-dhe-medvegjes\/","og_site_name":"Republika e S\u00ebrbis\u00eb Trupi Koordinues p\u00ebr komunat Bujanoc, Preshev\u00eb dhe Medvegj\u00eb","article_publisher":"https:\/\/www.facebook.com\/SluzbaKoordinacionogTelaVladeRepublikeSrbije","article_published_time":"2011-04-08T00:00:00+00:00","author":"ktmin","twitter_card":"summary_large_image","twitter_creator":"@kt_gov","twitter_site":"@kt_gov","twitter_misc":{"Written by":"ktmin","Est. reading time":"1 minute"},"schema":{"@context":"https:\/\/schema.org","@graph":[{"@type":"Article","@id":"https:\/\/kt.gov.rs\/sq\/qeveria-i-ka-premtuar-ndihme-bujanocit-dhe-medvegjes\/#article","isPartOf":{"@id":"https:\/\/kt.gov.rs\/sq\/qeveria-i-ka-premtuar-ndihme-bujanocit-dhe-medvegjes\/"},"author":{"name":"ktmin","@id":"https:\/\/kt.gov.rs\/#\/schema\/person\/e426459ddb4173309103390602694571"},"headline":"QEVERIA I KA PREMTUAR NDIHM\u00cb BUJANOCIT DHE MEDVEGJ\u00cbS","datePublished":"2011-04-08T00:00:00+00:00","mainEntityOfPage":{"@id":"https:\/\/kt.gov.rs\/sq\/qeveria-i-ka-premtuar-ndihme-bujanocit-dhe-medvegjes\/"},"wordCount":220,"publisher":{"@id":"https:\/\/kt.gov.rs\/#organization"},"articleSection":["Lajme"],"inLanguage":"sq-AL"},{"@type":"WebPage","@id":"https:\/\/kt.gov.rs\/sq\/qeveria-i-ka-premtuar-ndihme-bujanocit-dhe-medvegjes\/","url":"https:\/\/kt.gov.rs\/sq\/qeveria-i-ka-premtuar-ndihme-bujanocit-dhe-medvegjes\/","name":"QEVERIA I KA PREMTUAR NDIHM\u00cb BUJANOCIT DHE MEDVEGJ\u00cbS - Republika e S\u00ebrbis\u00eb Trupi Koordinues p\u00ebr komunat Bujanoc, Preshev\u00eb dhe Medvegj\u00eb","isPartOf":{"@id":"https:\/\/kt.gov.rs\/#website"},"datePublished":"2011-04-08T00:00:00+00:00","breadcrumb":{"@id":"https:\/\/kt.gov.rs\/sq\/qeveria-i-ka-premtuar-ndihme-bujanocit-dhe-medvegjes\/#breadcrumb"},"inLanguage":"sq-AL","potentialAction":[{"@type":"ReadAction","target":["https:\/\/kt.gov.rs\/sq\/qeveria-i-ka-premtuar-ndihme-bujanocit-dhe-medvegjes\/"]}]},{"@type":"BreadcrumbList","@id":"https:\/\/kt.gov.rs\/sq\/qeveria-i-ka-premtuar-ndihme-bujanocit-dhe-medvegjes\/#breadcrumb","itemListElement":[{"@type":"ListItem","position":1,"name":"\u041f\u043e\u0447\u0435\u0442\u043d\u0430","item":"https:\/\/kt.gov.rs\/sq\/"},{"@type":"ListItem","position":2,"name":"QEVERIA I KA PREMTUAR NDIHM\u00cb BUJANOCIT DHE MEDVEGJ\u00cbS"}]},{"@type":"WebSite","@id":"https:\/\/kt.gov.rs\/#website","url":"https:\/\/kt.gov.rs\/","name":"\u041a\u043e\u043e\u0440\u0434\u0438\u043d\u0430\u0446\u0438\u043e\u043d\u043e \u0442\u0435\u043b\u043e \u0412\u043b\u0430\u0434\u0435 \u0420\u0435\u043f\u0443\u0431\u043b\u0438\u043a\u0435 \u0421\u0440\u0431\u0438\u0458\u0435 \u0437\u0430 \u043e\u043f\u0448\u0442\u0438\u043d\u0435 \u041f\u0440\u0435\u0448\u0435\u0432\u043e, \u0411\u0443\u0458\u0430\u043d\u043e\u0432\u0430\u0446 \u0438 \u041c\u0435\u0434\u0432\u0435\u0452a","description":"","publisher":{"@id":"https:\/\/kt.gov.rs\/#organization"},"alternateName":"\u041a\u043e\u043e\u0440\u0434\u0438\u043d\u0430\u0446\u0438\u043e\u043d\u043e \u0442\u0435\u043b\u043e","potentialAction":[{"@type":"SearchAction","target":{"@type":"EntryPoint","urlTemplate":"https:\/\/kt.gov.rs\/?s={search_term_string}"},"query-input":{"@type":"PropertyValueSpecification","valueRequired":true,"valueName":"search_term_string"}}],"inLanguage":"sq-AL"},{"@type":"Organization","@id":"https:\/\/kt.gov.rs\/#organization","name":"\u041a\u043e\u043e\u0440\u0434\u0438\u043d\u0430\u0446\u0438\u043e\u043d\u043e \u0442\u0435\u043b\u043e \u0412\u043b\u0430\u0434\u0435 \u0420\u0435\u043f\u0443\u0431\u043b\u0438\u043a\u0435 \u0421\u0440\u0431\u0438\u0458\u0435 \u0437\u0430 \u043e\u043f\u0448\u0442\u0438\u043d\u0435 \u041f\u0440\u0435\u0448\u0435\u0432\u043e, \u0411\u0443\u0458\u0430\u043d\u043e\u0432\u0430\u0446 \u0438 \u041c\u0435\u0434\u0432\u0435\u0452a","alternateName":"\u041a\u043e\u043e\u0440\u0434\u0438\u043d\u0430\u0446\u0438\u043e\u043d\u043e \u0442\u0435\u043b\u043e","url":"https:\/\/kt.gov.rs\/","logo":{"@type":"ImageObject","inLanguage":"sq-AL","@id":"https:\/\/kt.gov.rs\/#\/schema\/logo\/image\/","url":"https:\/\/kt.gov.rs\/wp-content\/uploads\/2024\/12\/koord2.jpg","contentUrl":"https:\/\/kt.gov.rs\/wp-content\/uploads\/2024\/12\/koord2.jpg","width":640,"height":480,"caption":"\u041a\u043e\u043e\u0440\u0434\u0438\u043d\u0430\u0446\u0438\u043e\u043d\u043e \u0442\u0435\u043b\u043e \u0412\u043b\u0430\u0434\u0435 \u0420\u0435\u043f\u0443\u0431\u043b\u0438\u043a\u0435 \u0421\u0440\u0431\u0438\u0458\u0435 \u0437\u0430 \u043e\u043f\u0448\u0442\u0438\u043d\u0435 \u041f\u0440\u0435\u0448\u0435\u0432\u043e, \u0411\u0443\u0458\u0430\u043d\u043e\u0432\u0430\u0446 \u0438 \u041c\u0435\u0434\u0432\u0435\u0452a"},"image":{"@id":"https:\/\/kt.gov.rs\/#\/schema\/logo\/image\/"},"sameAs":["https:\/\/www.facebook.com\/SluzbaKoordinacionogTelaVladeRepublikeSrbije","https:\/\/x.com\/kt_gov","https:\/\/www.youtube.com\/@koordinacionotelo"]},{"@type":"Person","@id":"https:\/\/kt.gov.rs\/#\/schema\/person\/e426459ddb4173309103390602694571","name":"ktmin","image":{"@type":"ImageObject","inLanguage":"sq-AL","@id":"https:\/\/secure.gravatar.com\/avatar\/3985c961109853010c3fbc7ba30365bfba5db3dd6c525831d9c595c7525a615a?s=96&d=mm&r=g","url":"https:\/\/secure.gravatar.com\/avatar\/3985c961109853010c3fbc7ba30365bfba5db3dd6c525831d9c595c7525a615a?s=96&d=mm&r=g","contentUrl":"https:\/\/secure.gravatar.com\/avatar\/3985c961109853010c3fbc7ba30365bfba5db3dd6c525831d9c595c7525a615a?s=96&d=mm&r=g","caption":"ktmin"},"sameAs":["https:\/\/kt.gov.rs"],"url":"https:\/\/kt.gov.rs\/sq\/author\/ktmin\/"}]}},"_links":{"self":[{"href":"https:\/\/kt.gov.rs\/sq\/wp-json\/wp\/v2\/posts\/142304","targetHints":{"allow":["GET"]}}],"collection":[{"href":"https:\/\/kt.gov.rs\/sq\/wp-json\/wp\/v2\/posts"}],"about":[{"href":"https:\/\/kt.gov.rs\/sq\/wp-json\/wp\/v2\/types\/post"}],"author":[{"embeddable":true,"href":"https:\/\/kt.gov.rs\/sq\/wp-json\/wp\/v2\/users\/1"}],"replies":[{"embeddable":true,"href":"https:\/\/kt.gov.rs\/sq\/wp-json\/wp\/v2\/comments?post=142304"}],"version-history":[{"count":0,"href":"https:\/\/kt.gov.rs\/sq\/wp-json\/wp\/v2\/posts\/142304\/revisions"}],"wp:attachment":[{"href":"https:\/\/kt.gov.rs\/sq\/wp-json\/wp\/v2\/media?parent=142304"}],"wp:term":[{"taxonomy":"category","embeddable":true,"href":"https:\/\/kt.gov.rs\/sq\/wp-json\/wp\/v2\/categories?post=142304"},{"taxonomy":"post_tag","embeddable":true,"href":"https:\/\/kt.gov.rs\/sq\/wp-json\/wp\/v2\/tags?post=142304"}],"curies":[{"name":"wp","href":"https:\/\/api.w.org\/{rel}","templated":true}]}}