{"id":142303,"date":"2011-04-14T00:00:00","date_gmt":"2011-04-14T00:00:00","guid":{"rendered":"http:\/\/kt.printandscreen.rs\/prezantimi-i-programit-te-fondit-per-zhvillimin-e-serbis-ne-bujanoc\/"},"modified":"2011-04-14T00:00:00","modified_gmt":"2011-04-14T00:00:00","slug":"prezantimi-i-programit-te-fondit-per-zhvillimin-e-serbis-ne-bujanoc","status":"publish","type":"post","link":"https:\/\/kt.gov.rs\/sq\/prezantimi-i-programit-te-fondit-per-zhvillimin-e-serbis-ne-bujanoc\/","title":{"rendered":"Prezantimi i programit t\u00eb Fondit p\u00ebr zhvillimin e S\u00ebrbis n\u00eb Bujanoc"},"content":{"rendered":"<p><strong>Bujanoc <\/strong>\u2013 Dje n\u00eb Bujanoc \u00ebsht\u00eb mbajtur takim i nd\u00ebrmar\u00ebsve nga Bujanoci dhe Presheva me p\u00ebrfaq\u00ebsuesit e Ministris\u00eb p\u00ebr ekonomi dhe zhvillim regjional, Fondin p\u00ebr zhvillim dhe trupin Koordinues t\u00eb Qeveris\u00eb s\u00eb Republik\u00ebs s\u00eb S\u00ebrbis p\u00ebr komunat Preshev\u00eb, Bujanoc dhe Medvegj\u00eb. Sekretarja e shtetit n\u00eb Ministrin\u00eb e ekonomis\u00eb Dragijana Radonjiq-Petroviq dhe drejtoresha e Fondit p\u00ebr zhvillim Sllagjana Backoviq, n\u00eb sall\u00ebn e mbushur t\u00eb sht\u00ebpis s\u00eb kultur\u00ebs n\u00eb Bujanoc, vur\u00ebn n\u00eb dukje se q\u00ebllimi i vizit\u00ebs s\u00eb tyre\u00a0 jan\u00eb nd\u00ebrmar\u00ebsit nga jugu i S\u00ebrbis\u00eb t\u00eb interesuar si p\u00ebr mjete t\u00eb pakthyeshme t\u00eb Ministris\u00eb s\u00eb ekonomis\u00eb, ashtu edhe p\u00ebr kredi nga Fondi.<\/p>\n<p>Ministria e ekonomis\u00eb sdhe zhvillimit regjional ka planifikuar ti ndihmoj\u00eb nd\u00ebrmarrjet e sukseshme me nga 193 milion mjete t\u00eb pakthyeshme. Reagimi i nd\u00ebrmarresve n\u00eb k\u00ebto oferta ishin t\u00eb ndryshme, sepse problemi themelor i numrit t\u00eb madh\u00eb t\u00eb pronarve t\u00eb nd\u00ebrmarrjeve n\u00eb Bujanoc dhe Preshev\u00eb \u00ebsht\u00eb se puna e tyre nuk \u00ebsht\u00eb e past\u00ebr, si\u00e7 thuhet, objektet t\u00eb cilat shfryt\u00ebzohen si hipotek nuk kan\u00eb dokumentet e nevojshme, sepse nuk jan\u00eb t\u00eb regjistruara.<\/p>\n<p>\u201eMjetet e Fondit p\u00ebr zhvillim n\u00eb k\u00ebt\u00eb fush\u00eb miratohen me nj\u00eb form\u00eb t\u00eb favorshme interesi vjetor prej vet\u00ebm 1 deri 3 p\u00ebrqind, mvar\u00ebsisht nga aft\u00ebsit\u00eb krediale t\u00eb klientit, k\u00ebshtu q\u00eb un\u00eb pres q\u00eb nga k\u00ebtu do t\u00eb kemi m\u00eb shum\u00eb kandidat p\u00ebr 9 miliarda dinar, t\u00eb cilat fondi do ti miratoj p\u00ebr k\u00ebt\u00eb vit\u00eb\u201c, tha drejtoresha e Fondit Sllagjana Backoviq. Ajo tha se Fondi p\u00ebr zhvillim lejon kredi me afat deri n\u00eb 5 vite me periudh\u00eb faljeje prej nj\u00eb viti.<\/p>\n<p>Dragijana Radonjiq-Petroviq p\u00ebrmendi se Ministria e ekonomis\u00eb dhe zhvillimit regjional k\u00ebrkon zgjedhje p\u00ebr uljen e tatimeve dhe kontribim n\u00eb paga, q\u00eb t\u00eb leht\u00ebsohen pun\u00ebt ekonomike. Me k\u00ebt\u00eb rast ajo tha se n\u00eb S\u00ebrbi tash p\u00ebr tash n\u00eb 100 dinar pag\u00eb t\u00eb punsuarve shtetit i japin 64 dinar p\u00ebr tatime dhe kontribut\u00eb, q\u00eb \u00ebsht\u00eb barr\u00eb e madhe p\u00ebr pun\u00ebsh\u00ebn\u00ebsit.<\/p>\n<p>\u201eKjo \u00ebsht\u00eb nj\u00ebra prej arsyeve q\u00eb nj\u00eb num\u00ebr i madh i puntor\u00ebve n\u00eb S\u00ebrbi\u00a0 punojn\u00eb \u2018n\u00eb t\u00eb zez\u00eb\u2019. Ne jemi t\u00eb vet\u00ebdijsh\u00ebm se ulja e tatimeve n\u00eb paga do t\u00eb thot\u00eb edhe uljen e numrit t\u00eb papunsuarve dhe rregullimin e penzionit p\u00ebr shum\u00eb njer\u00ebz, k\u00ebshtu q\u00eb n\u00eb zgjidhjen e k\u00ebtij problemi po punohet seriozisht,\u201d tha Radonjiq-Petroviq.<\/p>\n","protected":false},"excerpt":{"rendered":"<p>Bujanoc \u2013 Dje n\u00eb Bujanoc \u00ebsht\u00eb mbajtur takim i nd\u00ebrmar\u00ebsve nga  Bujanoci dhe Presheva me p\u00ebrfaq\u00ebsuesit e Ministris\u00eb p\u00ebr ekonomi dhe  zhvillim regjional, Fondin p\u00ebr zhvillim dhe trupin Koordinues t\u00eb  Qeveris\u00eb s\u00eb Republik\u00ebs s\u00eb S\u00ebrbis p\u00ebr komunat Preshev\u00eb, Bujanoc dhe  Medvegj\u00eb. Sekretarja e shtetit n\u00eb Ministrin\u00eb e ekonomis\u00eb Dragijana  Radonjiq-Petroviq dhe drejtoresha e Fondit p\u00ebr zhvillim Sllagjana  Backoviq, n\u00eb sall\u00ebn e mbushur t\u00eb sht\u00ebpis s\u00eb kultur\u00ebs n\u00eb Bujanoc, vur\u00ebn  n\u00eb dukje se q\u00ebllimi i vizit\u00ebs s\u00eb tyre\u00a0 jan\u00eb nd\u00ebrmar\u00ebsit nga jugu i  S\u00ebrbis\u00eb t\u00eb interesuar si p\u00ebr mjete t\u00eb pakthyeshme t\u00eb Ministris\u00eb s\u00eb  ekonomis\u00eb, ashtu edhe p\u00ebr kredi nga Fondi.<\/p>\n","protected":false},"author":1,"featured_media":0,"comment_status":"closed","ping_status":"closed","sticky":false,"template":"","format":"standard","meta":{"footnotes":""},"categories":[55],"tags":[],"class_list":["post-142303","post","type-post","status-publish","format-standard","hentry","category-lajme"],"yoast_head":"<!-- This site is optimized with the Yoast SEO plugin v27.5 - https:\/\/yoast.com\/product\/yoast-seo-wordpress\/ -->\n<title>Prezantimi i programit t\u00eb Fondit p\u00ebr zhvillimin e S\u00ebrbis n\u00eb Bujanoc - Republika e S\u00ebrbis\u00eb Trupi Koordinues p\u00ebr komunat Bujanoc, Preshev\u00eb dhe Medvegj\u00eb<\/title>\n<meta name=\"robots\" content=\"index, follow, max-snippet:-1, max-image-preview:large, max-video-preview:-1\" \/>\n<link rel=\"canonical\" href=\"https:\/\/kt.gov.rs\/sq\/prezantimi-i-programit-te-fondit-per-zhvillimin-e-serbis-ne-bujanoc\/\" \/>\n<meta property=\"og:locale\" content=\"sq_AL\" \/>\n<meta property=\"og:type\" content=\"article\" \/>\n<meta property=\"og:title\" content=\"Prezantimi i programit t\u00eb Fondit p\u00ebr zhvillimin e S\u00ebrbis n\u00eb Bujanoc - Republika e S\u00ebrbis\u00eb Trupi Koordinues p\u00ebr komunat Bujanoc, Preshev\u00eb dhe Medvegj\u00eb\" \/>\n<meta property=\"og:description\" content=\"Bujanoc \u2013 Dje n\u00eb Bujanoc \u00ebsht\u00eb mbajtur takim i nd\u00ebrmar\u00ebsve nga Bujanoci dhe Presheva me p\u00ebrfaq\u00ebsuesit e Ministris\u00eb p\u00ebr ekonomi dhe zhvillim regjional, Fondin p\u00ebr zhvillim dhe trupin Koordinues t\u00eb Qeveris\u00eb s\u00eb Republik\u00ebs s\u00eb S\u00ebrbis p\u00ebr komunat Preshev\u00eb, Bujanoc dhe Medvegj\u00eb. Sekretarja e shtetit n\u00eb Ministrin\u00eb e ekonomis\u00eb Dragijana Radonjiq-Petroviq dhe drejtoresha e Fondit p\u00ebr zhvillim Sllagjana Backoviq, n\u00eb sall\u00ebn e mbushur t\u00eb sht\u00ebpis s\u00eb kultur\u00ebs n\u00eb Bujanoc, vur\u00ebn n\u00eb dukje se q\u00ebllimi i vizit\u00ebs s\u00eb tyre\u00a0 jan\u00eb nd\u00ebrmar\u00ebsit nga jugu i S\u00ebrbis\u00eb t\u00eb interesuar si p\u00ebr mjete t\u00eb pakthyeshme t\u00eb Ministris\u00eb s\u00eb ekonomis\u00eb, ashtu edhe p\u00ebr kredi nga Fondi.\" \/>\n<meta property=\"og:url\" content=\"https:\/\/kt.gov.rs\/sq\/prezantimi-i-programit-te-fondit-per-zhvillimin-e-serbis-ne-bujanoc\/\" \/>\n<meta property=\"og:site_name\" content=\"Republika e S\u00ebrbis\u00eb Trupi Koordinues p\u00ebr komunat Bujanoc, Preshev\u00eb dhe Medvegj\u00eb\" \/>\n<meta property=\"article:publisher\" content=\"https:\/\/www.facebook.com\/SluzbaKoordinacionogTelaVladeRepublikeSrbije\" \/>\n<meta property=\"article:published_time\" content=\"2011-04-14T00:00:00+00:00\" \/>\n<meta name=\"author\" content=\"ktmin\" \/>\n<meta name=\"twitter:card\" content=\"summary_large_image\" \/>\n<meta name=\"twitter:creator\" content=\"@kt_gov\" \/>\n<meta name=\"twitter:site\" content=\"@kt_gov\" \/>\n<meta name=\"twitter:label1\" content=\"Written by\" \/>\n\t<meta name=\"twitter:data1\" content=\"ktmin\" \/>\n\t<meta name=\"twitter:label2\" content=\"Est. reading time\" \/>\n\t<meta name=\"twitter:data2\" content=\"2 minutes\" \/>\n<script type=\"application\/ld+json\" class=\"yoast-schema-graph\">{\"@context\":\"https:\\\/\\\/schema.org\",\"@graph\":[{\"@type\":\"Article\",\"@id\":\"https:\\\/\\\/kt.gov.rs\\\/sq\\\/prezantimi-i-programit-te-fondit-per-zhvillimin-e-serbis-ne-bujanoc\\\/#article\",\"isPartOf\":{\"@id\":\"https:\\\/\\\/kt.gov.rs\\\/sq\\\/prezantimi-i-programit-te-fondit-per-zhvillimin-e-serbis-ne-bujanoc\\\/\"},\"author\":{\"name\":\"ktmin\",\"@id\":\"https:\\\/\\\/kt.gov.rs\\\/#\\\/schema\\\/person\\\/e426459ddb4173309103390602694571\"},\"headline\":\"Prezantimi i programit t\u00eb Fondit p\u00ebr zhvillimin e S\u00ebrbis n\u00eb Bujanoc\",\"datePublished\":\"2011-04-14T00:00:00+00:00\",\"mainEntityOfPage\":{\"@id\":\"https:\\\/\\\/kt.gov.rs\\\/sq\\\/prezantimi-i-programit-te-fondit-per-zhvillimin-e-serbis-ne-bujanoc\\\/\"},\"wordCount\":441,\"publisher\":{\"@id\":\"https:\\\/\\\/kt.gov.rs\\\/#organization\"},\"articleSection\":[\"Lajme\"],\"inLanguage\":\"sq-AL\"},{\"@type\":\"WebPage\",\"@id\":\"https:\\\/\\\/kt.gov.rs\\\/sq\\\/prezantimi-i-programit-te-fondit-per-zhvillimin-e-serbis-ne-bujanoc\\\/\",\"url\":\"https:\\\/\\\/kt.gov.rs\\\/sq\\\/prezantimi-i-programit-te-fondit-per-zhvillimin-e-serbis-ne-bujanoc\\\/\",\"name\":\"Prezantimi i programit t\u00eb Fondit p\u00ebr zhvillimin e S\u00ebrbis n\u00eb Bujanoc - Republika e S\u00ebrbis\u00eb Trupi Koordinues p\u00ebr komunat Bujanoc, Preshev\u00eb dhe Medvegj\u00eb\",\"isPartOf\":{\"@id\":\"https:\\\/\\\/kt.gov.rs\\\/#website\"},\"datePublished\":\"2011-04-14T00:00:00+00:00\",\"breadcrumb\":{\"@id\":\"https:\\\/\\\/kt.gov.rs\\\/sq\\\/prezantimi-i-programit-te-fondit-per-zhvillimin-e-serbis-ne-bujanoc\\\/#breadcrumb\"},\"inLanguage\":\"sq-AL\",\"potentialAction\":[{\"@type\":\"ReadAction\",\"target\":[\"https:\\\/\\\/kt.gov.rs\\\/sq\\\/prezantimi-i-programit-te-fondit-per-zhvillimin-e-serbis-ne-bujanoc\\\/\"]}]},{\"@type\":\"BreadcrumbList\",\"@id\":\"https:\\\/\\\/kt.gov.rs\\\/sq\\\/prezantimi-i-programit-te-fondit-per-zhvillimin-e-serbis-ne-bujanoc\\\/#breadcrumb\",\"itemListElement\":[{\"@type\":\"ListItem\",\"position\":1,\"name\":\"\u041f\u043e\u0447\u0435\u0442\u043d\u0430\",\"item\":\"https:\\\/\\\/kt.gov.rs\\\/sq\\\/\"},{\"@type\":\"ListItem\",\"position\":2,\"name\":\"Prezantimi i programit t\u00eb Fondit p\u00ebr zhvillimin e S\u00ebrbis n\u00eb Bujanoc\"}]},{\"@type\":\"WebSite\",\"@id\":\"https:\\\/\\\/kt.gov.rs\\\/#website\",\"url\":\"https:\\\/\\\/kt.gov.rs\\\/\",\"name\":\"\u041a\u043e\u043e\u0440\u0434\u0438\u043d\u0430\u0446\u0438\u043e\u043d\u043e \u0442\u0435\u043b\u043e \u0412\u043b\u0430\u0434\u0435 \u0420\u0435\u043f\u0443\u0431\u043b\u0438\u043a\u0435 \u0421\u0440\u0431\u0438\u0458\u0435 \u0437\u0430 \u043e\u043f\u0448\u0442\u0438\u043d\u0435 \u041f\u0440\u0435\u0448\u0435\u0432\u043e, \u0411\u0443\u0458\u0430\u043d\u043e\u0432\u0430\u0446 \u0438 \u041c\u0435\u0434\u0432\u0435\u0452a\",\"description\":\"\",\"publisher\":{\"@id\":\"https:\\\/\\\/kt.gov.rs\\\/#organization\"},\"alternateName\":\"\u041a\u043e\u043e\u0440\u0434\u0438\u043d\u0430\u0446\u0438\u043e\u043d\u043e \u0442\u0435\u043b\u043e\",\"potentialAction\":[{\"@type\":\"SearchAction\",\"target\":{\"@type\":\"EntryPoint\",\"urlTemplate\":\"https:\\\/\\\/kt.gov.rs\\\/?s={search_term_string}\"},\"query-input\":{\"@type\":\"PropertyValueSpecification\",\"valueRequired\":true,\"valueName\":\"search_term_string\"}}],\"inLanguage\":\"sq-AL\"},{\"@type\":\"Organization\",\"@id\":\"https:\\\/\\\/kt.gov.rs\\\/#organization\",\"name\":\"\u041a\u043e\u043e\u0440\u0434\u0438\u043d\u0430\u0446\u0438\u043e\u043d\u043e \u0442\u0435\u043b\u043e \u0412\u043b\u0430\u0434\u0435 \u0420\u0435\u043f\u0443\u0431\u043b\u0438\u043a\u0435 \u0421\u0440\u0431\u0438\u0458\u0435 \u0437\u0430 \u043e\u043f\u0448\u0442\u0438\u043d\u0435 \u041f\u0440\u0435\u0448\u0435\u0432\u043e, \u0411\u0443\u0458\u0430\u043d\u043e\u0432\u0430\u0446 \u0438 \u041c\u0435\u0434\u0432\u0435\u0452a\",\"alternateName\":\"\u041a\u043e\u043e\u0440\u0434\u0438\u043d\u0430\u0446\u0438\u043e\u043d\u043e \u0442\u0435\u043b\u043e\",\"url\":\"https:\\\/\\\/kt.gov.rs\\\/\",\"logo\":{\"@type\":\"ImageObject\",\"inLanguage\":\"sq-AL\",\"@id\":\"https:\\\/\\\/kt.gov.rs\\\/#\\\/schema\\\/logo\\\/image\\\/\",\"url\":\"https:\\\/\\\/kt.gov.rs\\\/wp-content\\\/uploads\\\/2024\\\/12\\\/koord2.jpg\",\"contentUrl\":\"https:\\\/\\\/kt.gov.rs\\\/wp-content\\\/uploads\\\/2024\\\/12\\\/koord2.jpg\",\"width\":640,\"height\":480,\"caption\":\"\u041a\u043e\u043e\u0440\u0434\u0438\u043d\u0430\u0446\u0438\u043e\u043d\u043e \u0442\u0435\u043b\u043e \u0412\u043b\u0430\u0434\u0435 \u0420\u0435\u043f\u0443\u0431\u043b\u0438\u043a\u0435 \u0421\u0440\u0431\u0438\u0458\u0435 \u0437\u0430 \u043e\u043f\u0448\u0442\u0438\u043d\u0435 \u041f\u0440\u0435\u0448\u0435\u0432\u043e, \u0411\u0443\u0458\u0430\u043d\u043e\u0432\u0430\u0446 \u0438 \u041c\u0435\u0434\u0432\u0435\u0452a\"},\"image\":{\"@id\":\"https:\\\/\\\/kt.gov.rs\\\/#\\\/schema\\\/logo\\\/image\\\/\"},\"sameAs\":[\"https:\\\/\\\/www.facebook.com\\\/SluzbaKoordinacionogTelaVladeRepublikeSrbije\",\"https:\\\/\\\/x.com\\\/kt_gov\",\"https:\\\/\\\/www.youtube.com\\\/@koordinacionotelo\"]},{\"@type\":\"Person\",\"@id\":\"https:\\\/\\\/kt.gov.rs\\\/#\\\/schema\\\/person\\\/e426459ddb4173309103390602694571\",\"name\":\"ktmin\",\"image\":{\"@type\":\"ImageObject\",\"inLanguage\":\"sq-AL\",\"@id\":\"https:\\\/\\\/secure.gravatar.com\\\/avatar\\\/3985c961109853010c3fbc7ba30365bfba5db3dd6c525831d9c595c7525a615a?s=96&d=mm&r=g\",\"url\":\"https:\\\/\\\/secure.gravatar.com\\\/avatar\\\/3985c961109853010c3fbc7ba30365bfba5db3dd6c525831d9c595c7525a615a?s=96&d=mm&r=g\",\"contentUrl\":\"https:\\\/\\\/secure.gravatar.com\\\/avatar\\\/3985c961109853010c3fbc7ba30365bfba5db3dd6c525831d9c595c7525a615a?s=96&d=mm&r=g\",\"caption\":\"ktmin\"},\"sameAs\":[\"https:\\\/\\\/kt.gov.rs\"],\"url\":\"https:\\\/\\\/kt.gov.rs\\\/sq\\\/author\\\/ktmin\\\/\"}]}<\/script>\n<!-- \/ Yoast SEO plugin. -->","yoast_head_json":{"title":"Prezantimi i programit t\u00eb Fondit p\u00ebr zhvillimin e S\u00ebrbis n\u00eb Bujanoc - Republika e S\u00ebrbis\u00eb Trupi Koordinues p\u00ebr komunat Bujanoc, Preshev\u00eb dhe Medvegj\u00eb","robots":{"index":"index","follow":"follow","max-snippet":"max-snippet:-1","max-image-preview":"max-image-preview:large","max-video-preview":"max-video-preview:-1"},"canonical":"https:\/\/kt.gov.rs\/sq\/prezantimi-i-programit-te-fondit-per-zhvillimin-e-serbis-ne-bujanoc\/","og_locale":"sq_AL","og_type":"article","og_title":"Prezantimi i programit t\u00eb Fondit p\u00ebr zhvillimin e S\u00ebrbis n\u00eb Bujanoc - Republika e S\u00ebrbis\u00eb Trupi Koordinues p\u00ebr komunat Bujanoc, Preshev\u00eb dhe Medvegj\u00eb","og_description":"Bujanoc \u2013 Dje n\u00eb Bujanoc \u00ebsht\u00eb mbajtur takim i nd\u00ebrmar\u00ebsve nga Bujanoci dhe Presheva me p\u00ebrfaq\u00ebsuesit e Ministris\u00eb p\u00ebr ekonomi dhe zhvillim regjional, Fondin p\u00ebr zhvillim dhe trupin Koordinues t\u00eb Qeveris\u00eb s\u00eb Republik\u00ebs s\u00eb S\u00ebrbis p\u00ebr komunat Preshev\u00eb, Bujanoc dhe Medvegj\u00eb. Sekretarja e shtetit n\u00eb Ministrin\u00eb e ekonomis\u00eb Dragijana Radonjiq-Petroviq dhe drejtoresha e Fondit p\u00ebr zhvillim Sllagjana Backoviq, n\u00eb sall\u00ebn e mbushur t\u00eb sht\u00ebpis s\u00eb kultur\u00ebs n\u00eb Bujanoc, vur\u00ebn n\u00eb dukje se q\u00ebllimi i vizit\u00ebs s\u00eb tyre\u00a0 jan\u00eb nd\u00ebrmar\u00ebsit nga jugu i S\u00ebrbis\u00eb t\u00eb interesuar si p\u00ebr mjete t\u00eb pakthyeshme t\u00eb Ministris\u00eb s\u00eb ekonomis\u00eb, ashtu edhe p\u00ebr kredi nga Fondi.","og_url":"https:\/\/kt.gov.rs\/sq\/prezantimi-i-programit-te-fondit-per-zhvillimin-e-serbis-ne-bujanoc\/","og_site_name":"Republika e S\u00ebrbis\u00eb Trupi Koordinues p\u00ebr komunat Bujanoc, Preshev\u00eb dhe Medvegj\u00eb","article_publisher":"https:\/\/www.facebook.com\/SluzbaKoordinacionogTelaVladeRepublikeSrbije","article_published_time":"2011-04-14T00:00:00+00:00","author":"ktmin","twitter_card":"summary_large_image","twitter_creator":"@kt_gov","twitter_site":"@kt_gov","twitter_misc":{"Written by":"ktmin","Est. reading time":"2 minutes"},"schema":{"@context":"https:\/\/schema.org","@graph":[{"@type":"Article","@id":"https:\/\/kt.gov.rs\/sq\/prezantimi-i-programit-te-fondit-per-zhvillimin-e-serbis-ne-bujanoc\/#article","isPartOf":{"@id":"https:\/\/kt.gov.rs\/sq\/prezantimi-i-programit-te-fondit-per-zhvillimin-e-serbis-ne-bujanoc\/"},"author":{"name":"ktmin","@id":"https:\/\/kt.gov.rs\/#\/schema\/person\/e426459ddb4173309103390602694571"},"headline":"Prezantimi i programit t\u00eb Fondit p\u00ebr zhvillimin e S\u00ebrbis n\u00eb Bujanoc","datePublished":"2011-04-14T00:00:00+00:00","mainEntityOfPage":{"@id":"https:\/\/kt.gov.rs\/sq\/prezantimi-i-programit-te-fondit-per-zhvillimin-e-serbis-ne-bujanoc\/"},"wordCount":441,"publisher":{"@id":"https:\/\/kt.gov.rs\/#organization"},"articleSection":["Lajme"],"inLanguage":"sq-AL"},{"@type":"WebPage","@id":"https:\/\/kt.gov.rs\/sq\/prezantimi-i-programit-te-fondit-per-zhvillimin-e-serbis-ne-bujanoc\/","url":"https:\/\/kt.gov.rs\/sq\/prezantimi-i-programit-te-fondit-per-zhvillimin-e-serbis-ne-bujanoc\/","name":"Prezantimi i programit t\u00eb Fondit p\u00ebr zhvillimin e S\u00ebrbis n\u00eb Bujanoc - Republika e S\u00ebrbis\u00eb Trupi Koordinues p\u00ebr komunat Bujanoc, Preshev\u00eb dhe Medvegj\u00eb","isPartOf":{"@id":"https:\/\/kt.gov.rs\/#website"},"datePublished":"2011-04-14T00:00:00+00:00","breadcrumb":{"@id":"https:\/\/kt.gov.rs\/sq\/prezantimi-i-programit-te-fondit-per-zhvillimin-e-serbis-ne-bujanoc\/#breadcrumb"},"inLanguage":"sq-AL","potentialAction":[{"@type":"ReadAction","target":["https:\/\/kt.gov.rs\/sq\/prezantimi-i-programit-te-fondit-per-zhvillimin-e-serbis-ne-bujanoc\/"]}]},{"@type":"BreadcrumbList","@id":"https:\/\/kt.gov.rs\/sq\/prezantimi-i-programit-te-fondit-per-zhvillimin-e-serbis-ne-bujanoc\/#breadcrumb","itemListElement":[{"@type":"ListItem","position":1,"name":"\u041f\u043e\u0447\u0435\u0442\u043d\u0430","item":"https:\/\/kt.gov.rs\/sq\/"},{"@type":"ListItem","position":2,"name":"Prezantimi i programit t\u00eb Fondit p\u00ebr zhvillimin e S\u00ebrbis n\u00eb Bujanoc"}]},{"@type":"WebSite","@id":"https:\/\/kt.gov.rs\/#website","url":"https:\/\/kt.gov.rs\/","name":"\u041a\u043e\u043e\u0440\u0434\u0438\u043d\u0430\u0446\u0438\u043e\u043d\u043e \u0442\u0435\u043b\u043e \u0412\u043b\u0430\u0434\u0435 \u0420\u0435\u043f\u0443\u0431\u043b\u0438\u043a\u0435 \u0421\u0440\u0431\u0438\u0458\u0435 \u0437\u0430 \u043e\u043f\u0448\u0442\u0438\u043d\u0435 \u041f\u0440\u0435\u0448\u0435\u0432\u043e, \u0411\u0443\u0458\u0430\u043d\u043e\u0432\u0430\u0446 \u0438 \u041c\u0435\u0434\u0432\u0435\u0452a","description":"","publisher":{"@id":"https:\/\/kt.gov.rs\/#organization"},"alternateName":"\u041a\u043e\u043e\u0440\u0434\u0438\u043d\u0430\u0446\u0438\u043e\u043d\u043e \u0442\u0435\u043b\u043e","potentialAction":[{"@type":"SearchAction","target":{"@type":"EntryPoint","urlTemplate":"https:\/\/kt.gov.rs\/?s={search_term_string}"},"query-input":{"@type":"PropertyValueSpecification","valueRequired":true,"valueName":"search_term_string"}}],"inLanguage":"sq-AL"},{"@type":"Organization","@id":"https:\/\/kt.gov.rs\/#organization","name":"\u041a\u043e\u043e\u0440\u0434\u0438\u043d\u0430\u0446\u0438\u043e\u043d\u043e \u0442\u0435\u043b\u043e \u0412\u043b\u0430\u0434\u0435 \u0420\u0435\u043f\u0443\u0431\u043b\u0438\u043a\u0435 \u0421\u0440\u0431\u0438\u0458\u0435 \u0437\u0430 \u043e\u043f\u0448\u0442\u0438\u043d\u0435 \u041f\u0440\u0435\u0448\u0435\u0432\u043e, \u0411\u0443\u0458\u0430\u043d\u043e\u0432\u0430\u0446 \u0438 \u041c\u0435\u0434\u0432\u0435\u0452a","alternateName":"\u041a\u043e\u043e\u0440\u0434\u0438\u043d\u0430\u0446\u0438\u043e\u043d\u043e \u0442\u0435\u043b\u043e","url":"https:\/\/kt.gov.rs\/","logo":{"@type":"ImageObject","inLanguage":"sq-AL","@id":"https:\/\/kt.gov.rs\/#\/schema\/logo\/image\/","url":"https:\/\/kt.gov.rs\/wp-content\/uploads\/2024\/12\/koord2.jpg","contentUrl":"https:\/\/kt.gov.rs\/wp-content\/uploads\/2024\/12\/koord2.jpg","width":640,"height":480,"caption":"\u041a\u043e\u043e\u0440\u0434\u0438\u043d\u0430\u0446\u0438\u043e\u043d\u043e \u0442\u0435\u043b\u043e \u0412\u043b\u0430\u0434\u0435 \u0420\u0435\u043f\u0443\u0431\u043b\u0438\u043a\u0435 \u0421\u0440\u0431\u0438\u0458\u0435 \u0437\u0430 \u043e\u043f\u0448\u0442\u0438\u043d\u0435 \u041f\u0440\u0435\u0448\u0435\u0432\u043e, \u0411\u0443\u0458\u0430\u043d\u043e\u0432\u0430\u0446 \u0438 \u041c\u0435\u0434\u0432\u0435\u0452a"},"image":{"@id":"https:\/\/kt.gov.rs\/#\/schema\/logo\/image\/"},"sameAs":["https:\/\/www.facebook.com\/SluzbaKoordinacionogTelaVladeRepublikeSrbije","https:\/\/x.com\/kt_gov","https:\/\/www.youtube.com\/@koordinacionotelo"]},{"@type":"Person","@id":"https:\/\/kt.gov.rs\/#\/schema\/person\/e426459ddb4173309103390602694571","name":"ktmin","image":{"@type":"ImageObject","inLanguage":"sq-AL","@id":"https:\/\/secure.gravatar.com\/avatar\/3985c961109853010c3fbc7ba30365bfba5db3dd6c525831d9c595c7525a615a?s=96&d=mm&r=g","url":"https:\/\/secure.gravatar.com\/avatar\/3985c961109853010c3fbc7ba30365bfba5db3dd6c525831d9c595c7525a615a?s=96&d=mm&r=g","contentUrl":"https:\/\/secure.gravatar.com\/avatar\/3985c961109853010c3fbc7ba30365bfba5db3dd6c525831d9c595c7525a615a?s=96&d=mm&r=g","caption":"ktmin"},"sameAs":["https:\/\/kt.gov.rs"],"url":"https:\/\/kt.gov.rs\/sq\/author\/ktmin\/"}]}},"_links":{"self":[{"href":"https:\/\/kt.gov.rs\/sq\/wp-json\/wp\/v2\/posts\/142303","targetHints":{"allow":["GET"]}}],"collection":[{"href":"https:\/\/kt.gov.rs\/sq\/wp-json\/wp\/v2\/posts"}],"about":[{"href":"https:\/\/kt.gov.rs\/sq\/wp-json\/wp\/v2\/types\/post"}],"author":[{"embeddable":true,"href":"https:\/\/kt.gov.rs\/sq\/wp-json\/wp\/v2\/users\/1"}],"replies":[{"embeddable":true,"href":"https:\/\/kt.gov.rs\/sq\/wp-json\/wp\/v2\/comments?post=142303"}],"version-history":[{"count":0,"href":"https:\/\/kt.gov.rs\/sq\/wp-json\/wp\/v2\/posts\/142303\/revisions"}],"wp:attachment":[{"href":"https:\/\/kt.gov.rs\/sq\/wp-json\/wp\/v2\/media?parent=142303"}],"wp:term":[{"taxonomy":"category","embeddable":true,"href":"https:\/\/kt.gov.rs\/sq\/wp-json\/wp\/v2\/categories?post=142303"},{"taxonomy":"post_tag","embeddable":true,"href":"https:\/\/kt.gov.rs\/sq\/wp-json\/wp\/v2\/tags?post=142303"}],"curies":[{"name":"wp","href":"https:\/\/api.w.org\/{rel}","templated":true}]}}