{"id":142291,"date":"2011-04-21T00:00:00","date_gmt":"2011-04-21T00:00:00","guid":{"rendered":"http:\/\/kt.printandscreen.rs\/pozite-me-te-mire-per-pakicat\/"},"modified":"2011-04-21T00:00:00","modified_gmt":"2011-04-21T00:00:00","slug":"pozite-me-te-mire-per-pakicat","status":"publish","type":"post","link":"https:\/\/kt.gov.rs\/sq\/pozite-me-te-mire-per-pakicat\/","title":{"rendered":"POZIT\u00cb M\u00cb T\u00cb MIR\u00cb P\u00cbR PAKICAT"},"content":{"rendered":"<p>Qeveria e S\u00ebrbis\u00eb, e pos k\u00ebsaj dhe Ministria e pun\u00ebve t\u00eb mbrendshme (MPB), jan\u00eb p\u00ebrcaktuar q\u00eb t\u00eb avancojn\u00eb pozitat e pakicave nacionale dhe t\u00eb mund\u00ebsojn\u00eb inkuadrimin e plot\u00eb t\u00eb tyre n\u00eb shoq\u00ebri, ka th\u00ebne z\u00ebvend\u00ebs\u00a0 kryeministri dhe ministri i pun\u00ebve t\u00eb mbrendshme Ivica Da\u00e7iq n\u00eb mbledhjen p\u00ebrkushtuar situat\u00ebs s\u00eb p\u00ebrgjithshme p\u00ebr komunat Preshev\u00eb, Bujanoc dhe Medvegj\u00eb. P\u00ebrve\u00e7 k\u00ebsaj ai theksoi se Qeveria Serbe \u00ebsht\u00eb duke u p\u00ebrpjekur q\u00eb t\u00eb siguroj\u00eb p\u00ebrfaq\u00ebsim edhe m\u00eb t\u00eb madhe t\u00eb pakic\u00ebs nacionale shqiptare n\u00eb organet qeveritare, p\u00ebr pos k\u00ebsaj edhe n\u00eb polici. N\u00eb forumin Nd\u00ebrkomb\u00ebtar \u201cIntegrimet n\u00eb mes princip\u00ebve etnike dhe demokratike\u201d rreth jugut t\u00eb S\u00ebrbis\u00eb, t\u00eb mbajtur n\u00eb Sava Centar n\u00eb Beograd, Da\u00e7iqi rikujtoi se n\u00eb MPB nuk egzistojn\u00eb kufizime p\u00ebr pun\u00ebsimin e pakicave nacionale. Ai vuri n\u00eb dukje se n\u00eb vitin 2001 n\u00eb fush\u00ebn e departamentit t\u00eb policis\u00eb\u00a0 n\u00eb Vranje kan\u00eb qen\u00eb t\u00eb pun\u00ebsuar vet\u00ebm pes\u00eb polic\u00eb t\u00eb komb\u00ebsis\u00eb shqiptare, nd\u00ebrsa sot ka 222. Sipas fjal\u00ebve t\u00eb tij, \u00ebsht\u00eb shpallur konkursi p\u00ebr trajnimin baz\u00eb t\u00eb policis\u00eb\u00a0 p\u00ebr 50 polic-nga 20 n\u00eb Preshev\u00eb dhe Bujanoc dhe dhjet\u00eb polic n\u00eb Medvegj\u00eb.<\/p>\n<p>N\u00eb takim p\u00ebr pos ministrit t\u00eb arsimit dhe shkenc\u00ebs Zharko Obradoviqit dhe kryetarit t\u00eb Trupit Koordinues p\u00ebr komunat Preshev\u00eb, Bujanoc dhe Medvegj\u00eb Milan Markoviq, kan\u00eb prezantuar edhe zyrtar nd\u00ebrkomb\u00ebtar dhe p\u00ebrfaq\u00ebsues t\u00eb organizatave joqeveritare, sikurse edhe politikan\u00ebt shqiptar nga Presheva dhe Bujanoca. Obradoviq theksoi r\u00ebnd\u00ebsin\u00eb e edukimit t\u00eb t\u00eb rinjve n\u00eb ve\u00e7anti nga perspektiva e zhvillimit t\u00eb toleranc\u00ebs etnike dhe fetare, si dhe forcimin e besimit dhe p\u00ebr t\u00eb parandaluar sjelljet q\u00eb shkelin apo d\u00ebmtojn\u00eb\u00a0 t\u00eb drejt\u00ebn p\u00ebr t\u00eb qen\u00eb ndryshe.<\/p>\n<p>N\u00eb forumin nd\u00ebrkomb\u00ebtar rreth jugut t\u00eb S\u00ebrbis\u00eb gjithashtu \u00ebsht\u00eb th\u00ebn\u00eb se situata ekonomike, e jo ajo politike \u00ebsht\u00eb faktori kryesor i numrit t\u00eb madh\u00eb\u00a0 t\u00eb azilk\u00ebrkus\u00ebve t\u00eb rrejsh\u00ebm nga jugu i S\u00ebrbis\u00eb. Problemi i numrit t\u00eb madh\u00eb t\u00eb\u00a0 azilk\u00ebrkues\u00ebve t\u00eb rrejsh\u00ebm, kryesisht Rom\u00ebve dhe Shqiptar\u00ebve nga hapsirat e Preshev\u00ebs dhe Bujanocit, duhet t\u00eb zgjidhet p\u00ebr mes bisedim\u00ebve n\u00eb mes lider\u00ebve politik lokal, por edhe me p\u00ebrmir\u00ebsimin e situat\u00ebs ekonomike n\u00eb at\u00eb hapsir\u00eb. Nga Qeveria e S\u00ebrbis\u00eb porositin se jan\u00eb t\u00eb gatsh\u00ebm t\u00eb avancojn\u00eb pozit\u00ebn e pakicave nacionale dhe se mund\u00ebsojn\u00eb inkuadrimin e tyre t\u00eb plot\u00eb n\u00eb shoq\u00ebri.<\/p>\n","protected":false},"excerpt":{"rendered":"<p>Qeveria e S\u00ebrbis\u00eb, e pos k\u00ebsaj dhe Ministria e pun\u00ebve t\u00eb mbrendshme  (MPB), jan\u00eb p\u00ebrcaktuar q\u00eb t\u00eb avancojn\u00eb pozitat e pakicave nacionale dhe  t\u00eb mund\u00ebsojn\u00eb inkuadrimin e plot\u00eb t\u00eb tyre n\u00eb shoq\u00ebri, ka th\u00ebne z\u00ebvend\u00ebs\u00a0  kryeministri dhe ministri i pun\u00ebve t\u00eb mbrendshme Ivica Da\u00e7iq n\u00eb  mbledhjen p\u00ebrkushtuar situat\u00ebs s\u00eb p\u00ebrgjithshme p\u00ebr komunat Preshev\u00eb,  Bujanoc dhe Medvegj\u00eb.<\/p>\n","protected":false},"author":1,"featured_media":0,"comment_status":"closed","ping_status":"closed","sticky":false,"template":"","format":"standard","meta":{"footnotes":""},"categories":[55],"tags":[],"class_list":["post-142291","post","type-post","status-publish","format-standard","hentry","category-lajme"],"yoast_head":"<!-- This site is optimized with the Yoast SEO plugin v27.5 - https:\/\/yoast.com\/product\/yoast-seo-wordpress\/ -->\n<title>POZIT\u00cb M\u00cb T\u00cb MIR\u00cb P\u00cbR PAKICAT - Republika e S\u00ebrbis\u00eb Trupi Koordinues p\u00ebr komunat Bujanoc, Preshev\u00eb dhe Medvegj\u00eb<\/title>\n<meta name=\"robots\" content=\"index, follow, max-snippet:-1, max-image-preview:large, max-video-preview:-1\" \/>\n<link rel=\"canonical\" href=\"https:\/\/kt.gov.rs\/sq\/pozite-me-te-mire-per-pakicat\/\" \/>\n<meta property=\"og:locale\" content=\"sq_AL\" \/>\n<meta property=\"og:type\" content=\"article\" \/>\n<meta property=\"og:title\" content=\"POZIT\u00cb M\u00cb T\u00cb MIR\u00cb P\u00cbR PAKICAT - Republika e S\u00ebrbis\u00eb Trupi Koordinues p\u00ebr komunat Bujanoc, Preshev\u00eb dhe Medvegj\u00eb\" \/>\n<meta property=\"og:description\" content=\"Qeveria e S\u00ebrbis\u00eb, e pos k\u00ebsaj dhe Ministria e pun\u00ebve t\u00eb mbrendshme (MPB), jan\u00eb p\u00ebrcaktuar q\u00eb t\u00eb avancojn\u00eb pozitat e pakicave nacionale dhe t\u00eb mund\u00ebsojn\u00eb inkuadrimin e plot\u00eb t\u00eb tyre n\u00eb shoq\u00ebri, ka th\u00ebne z\u00ebvend\u00ebs\u00a0 kryeministri dhe ministri i pun\u00ebve t\u00eb mbrendshme Ivica Da\u00e7iq n\u00eb mbledhjen p\u00ebrkushtuar situat\u00ebs s\u00eb p\u00ebrgjithshme p\u00ebr komunat Preshev\u00eb, Bujanoc dhe Medvegj\u00eb.\" \/>\n<meta property=\"og:url\" content=\"https:\/\/kt.gov.rs\/sq\/pozite-me-te-mire-per-pakicat\/\" \/>\n<meta property=\"og:site_name\" content=\"Republika e S\u00ebrbis\u00eb Trupi Koordinues p\u00ebr komunat Bujanoc, Preshev\u00eb dhe Medvegj\u00eb\" \/>\n<meta property=\"article:publisher\" content=\"https:\/\/www.facebook.com\/SluzbaKoordinacionogTelaVladeRepublikeSrbije\" \/>\n<meta property=\"article:published_time\" content=\"2011-04-21T00:00:00+00:00\" \/>\n<meta name=\"author\" content=\"ktmin\" \/>\n<meta name=\"twitter:card\" content=\"summary_large_image\" \/>\n<meta name=\"twitter:creator\" content=\"@kt_gov\" \/>\n<meta name=\"twitter:site\" content=\"@kt_gov\" \/>\n<meta name=\"twitter:label1\" content=\"Written by\" \/>\n\t<meta name=\"twitter:data1\" content=\"ktmin\" \/>\n\t<meta name=\"twitter:label2\" content=\"Est. reading time\" \/>\n\t<meta name=\"twitter:data2\" content=\"2 minutes\" \/>\n<script type=\"application\/ld+json\" class=\"yoast-schema-graph\">{\"@context\":\"https:\\\/\\\/schema.org\",\"@graph\":[{\"@type\":\"Article\",\"@id\":\"https:\\\/\\\/kt.gov.rs\\\/sq\\\/pozite-me-te-mire-per-pakicat\\\/#article\",\"isPartOf\":{\"@id\":\"https:\\\/\\\/kt.gov.rs\\\/sq\\\/pozite-me-te-mire-per-pakicat\\\/\"},\"author\":{\"name\":\"ktmin\",\"@id\":\"https:\\\/\\\/kt.gov.rs\\\/#\\\/schema\\\/person\\\/e426459ddb4173309103390602694571\"},\"headline\":\"POZIT\u00cb M\u00cb T\u00cb MIR\u00cb P\u00cbR PAKICAT\",\"datePublished\":\"2011-04-21T00:00:00+00:00\",\"mainEntityOfPage\":{\"@id\":\"https:\\\/\\\/kt.gov.rs\\\/sq\\\/pozite-me-te-mire-per-pakicat\\\/\"},\"wordCount\":445,\"publisher\":{\"@id\":\"https:\\\/\\\/kt.gov.rs\\\/#organization\"},\"articleSection\":[\"Lajme\"],\"inLanguage\":\"sq-AL\"},{\"@type\":\"WebPage\",\"@id\":\"https:\\\/\\\/kt.gov.rs\\\/sq\\\/pozite-me-te-mire-per-pakicat\\\/\",\"url\":\"https:\\\/\\\/kt.gov.rs\\\/sq\\\/pozite-me-te-mire-per-pakicat\\\/\",\"name\":\"POZIT\u00cb M\u00cb T\u00cb MIR\u00cb P\u00cbR PAKICAT - Republika e S\u00ebrbis\u00eb Trupi Koordinues p\u00ebr komunat Bujanoc, Preshev\u00eb dhe Medvegj\u00eb\",\"isPartOf\":{\"@id\":\"https:\\\/\\\/kt.gov.rs\\\/#website\"},\"datePublished\":\"2011-04-21T00:00:00+00:00\",\"breadcrumb\":{\"@id\":\"https:\\\/\\\/kt.gov.rs\\\/sq\\\/pozite-me-te-mire-per-pakicat\\\/#breadcrumb\"},\"inLanguage\":\"sq-AL\",\"potentialAction\":[{\"@type\":\"ReadAction\",\"target\":[\"https:\\\/\\\/kt.gov.rs\\\/sq\\\/pozite-me-te-mire-per-pakicat\\\/\"]}]},{\"@type\":\"BreadcrumbList\",\"@id\":\"https:\\\/\\\/kt.gov.rs\\\/sq\\\/pozite-me-te-mire-per-pakicat\\\/#breadcrumb\",\"itemListElement\":[{\"@type\":\"ListItem\",\"position\":1,\"name\":\"\u041f\u043e\u0447\u0435\u0442\u043d\u0430\",\"item\":\"https:\\\/\\\/kt.gov.rs\\\/sq\\\/\"},{\"@type\":\"ListItem\",\"position\":2,\"name\":\"POZIT\u00cb M\u00cb T\u00cb MIR\u00cb P\u00cbR PAKICAT\"}]},{\"@type\":\"WebSite\",\"@id\":\"https:\\\/\\\/kt.gov.rs\\\/#website\",\"url\":\"https:\\\/\\\/kt.gov.rs\\\/\",\"name\":\"\u041a\u043e\u043e\u0440\u0434\u0438\u043d\u0430\u0446\u0438\u043e\u043d\u043e \u0442\u0435\u043b\u043e \u0412\u043b\u0430\u0434\u0435 \u0420\u0435\u043f\u0443\u0431\u043b\u0438\u043a\u0435 \u0421\u0440\u0431\u0438\u0458\u0435 \u0437\u0430 \u043e\u043f\u0448\u0442\u0438\u043d\u0435 \u041f\u0440\u0435\u0448\u0435\u0432\u043e, \u0411\u0443\u0458\u0430\u043d\u043e\u0432\u0430\u0446 \u0438 \u041c\u0435\u0434\u0432\u0435\u0452a\",\"description\":\"\",\"publisher\":{\"@id\":\"https:\\\/\\\/kt.gov.rs\\\/#organization\"},\"alternateName\":\"\u041a\u043e\u043e\u0440\u0434\u0438\u043d\u0430\u0446\u0438\u043e\u043d\u043e \u0442\u0435\u043b\u043e\",\"potentialAction\":[{\"@type\":\"SearchAction\",\"target\":{\"@type\":\"EntryPoint\",\"urlTemplate\":\"https:\\\/\\\/kt.gov.rs\\\/?s={search_term_string}\"},\"query-input\":{\"@type\":\"PropertyValueSpecification\",\"valueRequired\":true,\"valueName\":\"search_term_string\"}}],\"inLanguage\":\"sq-AL\"},{\"@type\":\"Organization\",\"@id\":\"https:\\\/\\\/kt.gov.rs\\\/#organization\",\"name\":\"\u041a\u043e\u043e\u0440\u0434\u0438\u043d\u0430\u0446\u0438\u043e\u043d\u043e \u0442\u0435\u043b\u043e \u0412\u043b\u0430\u0434\u0435 \u0420\u0435\u043f\u0443\u0431\u043b\u0438\u043a\u0435 \u0421\u0440\u0431\u0438\u0458\u0435 \u0437\u0430 \u043e\u043f\u0448\u0442\u0438\u043d\u0435 \u041f\u0440\u0435\u0448\u0435\u0432\u043e, \u0411\u0443\u0458\u0430\u043d\u043e\u0432\u0430\u0446 \u0438 \u041c\u0435\u0434\u0432\u0435\u0452a\",\"alternateName\":\"\u041a\u043e\u043e\u0440\u0434\u0438\u043d\u0430\u0446\u0438\u043e\u043d\u043e \u0442\u0435\u043b\u043e\",\"url\":\"https:\\\/\\\/kt.gov.rs\\\/\",\"logo\":{\"@type\":\"ImageObject\",\"inLanguage\":\"sq-AL\",\"@id\":\"https:\\\/\\\/kt.gov.rs\\\/#\\\/schema\\\/logo\\\/image\\\/\",\"url\":\"https:\\\/\\\/kt.gov.rs\\\/wp-content\\\/uploads\\\/2024\\\/12\\\/koord2.jpg\",\"contentUrl\":\"https:\\\/\\\/kt.gov.rs\\\/wp-content\\\/uploads\\\/2024\\\/12\\\/koord2.jpg\",\"width\":640,\"height\":480,\"caption\":\"\u041a\u043e\u043e\u0440\u0434\u0438\u043d\u0430\u0446\u0438\u043e\u043d\u043e \u0442\u0435\u043b\u043e \u0412\u043b\u0430\u0434\u0435 \u0420\u0435\u043f\u0443\u0431\u043b\u0438\u043a\u0435 \u0421\u0440\u0431\u0438\u0458\u0435 \u0437\u0430 \u043e\u043f\u0448\u0442\u0438\u043d\u0435 \u041f\u0440\u0435\u0448\u0435\u0432\u043e, \u0411\u0443\u0458\u0430\u043d\u043e\u0432\u0430\u0446 \u0438 \u041c\u0435\u0434\u0432\u0435\u0452a\"},\"image\":{\"@id\":\"https:\\\/\\\/kt.gov.rs\\\/#\\\/schema\\\/logo\\\/image\\\/\"},\"sameAs\":[\"https:\\\/\\\/www.facebook.com\\\/SluzbaKoordinacionogTelaVladeRepublikeSrbije\",\"https:\\\/\\\/x.com\\\/kt_gov\",\"https:\\\/\\\/www.youtube.com\\\/@koordinacionotelo\"]},{\"@type\":\"Person\",\"@id\":\"https:\\\/\\\/kt.gov.rs\\\/#\\\/schema\\\/person\\\/e426459ddb4173309103390602694571\",\"name\":\"ktmin\",\"image\":{\"@type\":\"ImageObject\",\"inLanguage\":\"sq-AL\",\"@id\":\"https:\\\/\\\/secure.gravatar.com\\\/avatar\\\/3985c961109853010c3fbc7ba30365bfba5db3dd6c525831d9c595c7525a615a?s=96&d=mm&r=g\",\"url\":\"https:\\\/\\\/secure.gravatar.com\\\/avatar\\\/3985c961109853010c3fbc7ba30365bfba5db3dd6c525831d9c595c7525a615a?s=96&d=mm&r=g\",\"contentUrl\":\"https:\\\/\\\/secure.gravatar.com\\\/avatar\\\/3985c961109853010c3fbc7ba30365bfba5db3dd6c525831d9c595c7525a615a?s=96&d=mm&r=g\",\"caption\":\"ktmin\"},\"sameAs\":[\"https:\\\/\\\/kt.gov.rs\"],\"url\":\"https:\\\/\\\/kt.gov.rs\\\/sq\\\/author\\\/ktmin\\\/\"}]}<\/script>\n<!-- \/ Yoast SEO plugin. -->","yoast_head_json":{"title":"POZIT\u00cb M\u00cb T\u00cb MIR\u00cb P\u00cbR PAKICAT - Republika e S\u00ebrbis\u00eb Trupi Koordinues p\u00ebr komunat Bujanoc, Preshev\u00eb dhe Medvegj\u00eb","robots":{"index":"index","follow":"follow","max-snippet":"max-snippet:-1","max-image-preview":"max-image-preview:large","max-video-preview":"max-video-preview:-1"},"canonical":"https:\/\/kt.gov.rs\/sq\/pozite-me-te-mire-per-pakicat\/","og_locale":"sq_AL","og_type":"article","og_title":"POZIT\u00cb M\u00cb T\u00cb MIR\u00cb P\u00cbR PAKICAT - Republika e S\u00ebrbis\u00eb Trupi Koordinues p\u00ebr komunat Bujanoc, Preshev\u00eb dhe Medvegj\u00eb","og_description":"Qeveria e S\u00ebrbis\u00eb, e pos k\u00ebsaj dhe Ministria e pun\u00ebve t\u00eb mbrendshme (MPB), jan\u00eb p\u00ebrcaktuar q\u00eb t\u00eb avancojn\u00eb pozitat e pakicave nacionale dhe t\u00eb mund\u00ebsojn\u00eb inkuadrimin e plot\u00eb t\u00eb tyre n\u00eb shoq\u00ebri, ka th\u00ebne z\u00ebvend\u00ebs\u00a0 kryeministri dhe ministri i pun\u00ebve t\u00eb mbrendshme Ivica Da\u00e7iq n\u00eb mbledhjen p\u00ebrkushtuar situat\u00ebs s\u00eb p\u00ebrgjithshme p\u00ebr komunat Preshev\u00eb, Bujanoc dhe Medvegj\u00eb.","og_url":"https:\/\/kt.gov.rs\/sq\/pozite-me-te-mire-per-pakicat\/","og_site_name":"Republika e S\u00ebrbis\u00eb Trupi Koordinues p\u00ebr komunat Bujanoc, Preshev\u00eb dhe Medvegj\u00eb","article_publisher":"https:\/\/www.facebook.com\/SluzbaKoordinacionogTelaVladeRepublikeSrbije","article_published_time":"2011-04-21T00:00:00+00:00","author":"ktmin","twitter_card":"summary_large_image","twitter_creator":"@kt_gov","twitter_site":"@kt_gov","twitter_misc":{"Written by":"ktmin","Est. reading time":"2 minutes"},"schema":{"@context":"https:\/\/schema.org","@graph":[{"@type":"Article","@id":"https:\/\/kt.gov.rs\/sq\/pozite-me-te-mire-per-pakicat\/#article","isPartOf":{"@id":"https:\/\/kt.gov.rs\/sq\/pozite-me-te-mire-per-pakicat\/"},"author":{"name":"ktmin","@id":"https:\/\/kt.gov.rs\/#\/schema\/person\/e426459ddb4173309103390602694571"},"headline":"POZIT\u00cb M\u00cb T\u00cb MIR\u00cb P\u00cbR PAKICAT","datePublished":"2011-04-21T00:00:00+00:00","mainEntityOfPage":{"@id":"https:\/\/kt.gov.rs\/sq\/pozite-me-te-mire-per-pakicat\/"},"wordCount":445,"publisher":{"@id":"https:\/\/kt.gov.rs\/#organization"},"articleSection":["Lajme"],"inLanguage":"sq-AL"},{"@type":"WebPage","@id":"https:\/\/kt.gov.rs\/sq\/pozite-me-te-mire-per-pakicat\/","url":"https:\/\/kt.gov.rs\/sq\/pozite-me-te-mire-per-pakicat\/","name":"POZIT\u00cb M\u00cb T\u00cb MIR\u00cb P\u00cbR PAKICAT - Republika e S\u00ebrbis\u00eb Trupi Koordinues p\u00ebr komunat Bujanoc, Preshev\u00eb dhe Medvegj\u00eb","isPartOf":{"@id":"https:\/\/kt.gov.rs\/#website"},"datePublished":"2011-04-21T00:00:00+00:00","breadcrumb":{"@id":"https:\/\/kt.gov.rs\/sq\/pozite-me-te-mire-per-pakicat\/#breadcrumb"},"inLanguage":"sq-AL","potentialAction":[{"@type":"ReadAction","target":["https:\/\/kt.gov.rs\/sq\/pozite-me-te-mire-per-pakicat\/"]}]},{"@type":"BreadcrumbList","@id":"https:\/\/kt.gov.rs\/sq\/pozite-me-te-mire-per-pakicat\/#breadcrumb","itemListElement":[{"@type":"ListItem","position":1,"name":"\u041f\u043e\u0447\u0435\u0442\u043d\u0430","item":"https:\/\/kt.gov.rs\/sq\/"},{"@type":"ListItem","position":2,"name":"POZIT\u00cb M\u00cb T\u00cb MIR\u00cb P\u00cbR PAKICAT"}]},{"@type":"WebSite","@id":"https:\/\/kt.gov.rs\/#website","url":"https:\/\/kt.gov.rs\/","name":"\u041a\u043e\u043e\u0440\u0434\u0438\u043d\u0430\u0446\u0438\u043e\u043d\u043e \u0442\u0435\u043b\u043e \u0412\u043b\u0430\u0434\u0435 \u0420\u0435\u043f\u0443\u0431\u043b\u0438\u043a\u0435 \u0421\u0440\u0431\u0438\u0458\u0435 \u0437\u0430 \u043e\u043f\u0448\u0442\u0438\u043d\u0435 \u041f\u0440\u0435\u0448\u0435\u0432\u043e, \u0411\u0443\u0458\u0430\u043d\u043e\u0432\u0430\u0446 \u0438 \u041c\u0435\u0434\u0432\u0435\u0452a","description":"","publisher":{"@id":"https:\/\/kt.gov.rs\/#organization"},"alternateName":"\u041a\u043e\u043e\u0440\u0434\u0438\u043d\u0430\u0446\u0438\u043e\u043d\u043e \u0442\u0435\u043b\u043e","potentialAction":[{"@type":"SearchAction","target":{"@type":"EntryPoint","urlTemplate":"https:\/\/kt.gov.rs\/?s={search_term_string}"},"query-input":{"@type":"PropertyValueSpecification","valueRequired":true,"valueName":"search_term_string"}}],"inLanguage":"sq-AL"},{"@type":"Organization","@id":"https:\/\/kt.gov.rs\/#organization","name":"\u041a\u043e\u043e\u0440\u0434\u0438\u043d\u0430\u0446\u0438\u043e\u043d\u043e \u0442\u0435\u043b\u043e \u0412\u043b\u0430\u0434\u0435 \u0420\u0435\u043f\u0443\u0431\u043b\u0438\u043a\u0435 \u0421\u0440\u0431\u0438\u0458\u0435 \u0437\u0430 \u043e\u043f\u0448\u0442\u0438\u043d\u0435 \u041f\u0440\u0435\u0448\u0435\u0432\u043e, \u0411\u0443\u0458\u0430\u043d\u043e\u0432\u0430\u0446 \u0438 \u041c\u0435\u0434\u0432\u0435\u0452a","alternateName":"\u041a\u043e\u043e\u0440\u0434\u0438\u043d\u0430\u0446\u0438\u043e\u043d\u043e \u0442\u0435\u043b\u043e","url":"https:\/\/kt.gov.rs\/","logo":{"@type":"ImageObject","inLanguage":"sq-AL","@id":"https:\/\/kt.gov.rs\/#\/schema\/logo\/image\/","url":"https:\/\/kt.gov.rs\/wp-content\/uploads\/2024\/12\/koord2.jpg","contentUrl":"https:\/\/kt.gov.rs\/wp-content\/uploads\/2024\/12\/koord2.jpg","width":640,"height":480,"caption":"\u041a\u043e\u043e\u0440\u0434\u0438\u043d\u0430\u0446\u0438\u043e\u043d\u043e \u0442\u0435\u043b\u043e \u0412\u043b\u0430\u0434\u0435 \u0420\u0435\u043f\u0443\u0431\u043b\u0438\u043a\u0435 \u0421\u0440\u0431\u0438\u0458\u0435 \u0437\u0430 \u043e\u043f\u0448\u0442\u0438\u043d\u0435 \u041f\u0440\u0435\u0448\u0435\u0432\u043e, \u0411\u0443\u0458\u0430\u043d\u043e\u0432\u0430\u0446 \u0438 \u041c\u0435\u0434\u0432\u0435\u0452a"},"image":{"@id":"https:\/\/kt.gov.rs\/#\/schema\/logo\/image\/"},"sameAs":["https:\/\/www.facebook.com\/SluzbaKoordinacionogTelaVladeRepublikeSrbije","https:\/\/x.com\/kt_gov","https:\/\/www.youtube.com\/@koordinacionotelo"]},{"@type":"Person","@id":"https:\/\/kt.gov.rs\/#\/schema\/person\/e426459ddb4173309103390602694571","name":"ktmin","image":{"@type":"ImageObject","inLanguage":"sq-AL","@id":"https:\/\/secure.gravatar.com\/avatar\/3985c961109853010c3fbc7ba30365bfba5db3dd6c525831d9c595c7525a615a?s=96&d=mm&r=g","url":"https:\/\/secure.gravatar.com\/avatar\/3985c961109853010c3fbc7ba30365bfba5db3dd6c525831d9c595c7525a615a?s=96&d=mm&r=g","contentUrl":"https:\/\/secure.gravatar.com\/avatar\/3985c961109853010c3fbc7ba30365bfba5db3dd6c525831d9c595c7525a615a?s=96&d=mm&r=g","caption":"ktmin"},"sameAs":["https:\/\/kt.gov.rs"],"url":"https:\/\/kt.gov.rs\/sq\/author\/ktmin\/"}]}},"_links":{"self":[{"href":"https:\/\/kt.gov.rs\/sq\/wp-json\/wp\/v2\/posts\/142291","targetHints":{"allow":["GET"]}}],"collection":[{"href":"https:\/\/kt.gov.rs\/sq\/wp-json\/wp\/v2\/posts"}],"about":[{"href":"https:\/\/kt.gov.rs\/sq\/wp-json\/wp\/v2\/types\/post"}],"author":[{"embeddable":true,"href":"https:\/\/kt.gov.rs\/sq\/wp-json\/wp\/v2\/users\/1"}],"replies":[{"embeddable":true,"href":"https:\/\/kt.gov.rs\/sq\/wp-json\/wp\/v2\/comments?post=142291"}],"version-history":[{"count":0,"href":"https:\/\/kt.gov.rs\/sq\/wp-json\/wp\/v2\/posts\/142291\/revisions"}],"wp:attachment":[{"href":"https:\/\/kt.gov.rs\/sq\/wp-json\/wp\/v2\/media?parent=142291"}],"wp:term":[{"taxonomy":"category","embeddable":true,"href":"https:\/\/kt.gov.rs\/sq\/wp-json\/wp\/v2\/categories?post=142291"},{"taxonomy":"post_tag","embeddable":true,"href":"https:\/\/kt.gov.rs\/sq\/wp-json\/wp\/v2\/tags?post=142291"}],"curies":[{"name":"wp","href":"https:\/\/api.w.org\/{rel}","templated":true}]}}