{"id":142284,"date":"2011-05-17T00:00:00","date_gmt":"2011-05-17T00:00:00","guid":{"rendered":"http:\/\/kt.printandscreen.rs\/pune-per-shqiptaret-ne-polici-dhe-administrate-doganore\/"},"modified":"2011-05-17T00:00:00","modified_gmt":"2011-05-17T00:00:00","slug":"pune-per-shqiptaret-ne-polici-dhe-administrate-doganore","status":"publish","type":"post","link":"https:\/\/kt.gov.rs\/sq\/pune-per-shqiptaret-ne-polici-dhe-administrate-doganore\/","title":{"rendered":"PUN\u00cb P\u00cbR SHQIPTAR\u00cbT N\u00cb POLICI DHE ADMINISTRAT\u00cb  DOGANORE"},"content":{"rendered":"<p>Milan Markoviq, kryetari i trupit Koordinues t\u00eb Qeveris\u00eb s\u00eb Republik\u00ebs s\u00eb S\u00ebrbis\u00eb p\u00ebr komunat Preshev\u00eb, Bujanoc dhe Medvegj\u00eb, paralajmroi vazhdimin e aktiviteteve n\u00eb integrimin e shqiptar\u00ebve n\u00eb sistemin shoq\u00ebror dhe shtet\u00ebror t\u00eb S\u00ebrbis, dhe tha se kjo n\u00ebnkupton dhe pun\u00ebsimin e shqiptar\u00ebve n\u00eb Administrat\u00ebn doganore.<\/p>\n<p>Markoviq tha se deri n\u00eb fund t\u00eb vitit m\u00eb shum\u00eb se 20 shqip\u00ebtar do t\u00eb pun\u00ebsohen n\u00eb Administrat\u00ebn doganore dhe Administrat\u00ebn tatimore, duke rikujtuar se \u00ebsht\u00eb duke vazhduar konkursi ri p\u00ebr pranimin e shqiptar\u00ebve n\u00eb policin multietnike. Ai gjat\u00eb pauz\u00ebs s\u00eb mbledhjes p\u00ebrkushtuar\u00a0 10 vjetorit t\u00eb pun\u00ebs s\u00eb Misionit OEBS n\u00eb S\u00ebrbi tha se prej para dy\u00a0 viteve t\u00eb rikonstruimit t\u00eb pun\u00ebs s\u00eb Trupit Koordinues shum\u00eb gj\u00ebra kan\u00eb ndryshuar n\u00eb Preshev\u00eb, Bujanoc dhe Medvegj\u00eb.<\/p>\n<p>\u201eShum\u00eb gj\u00ebra jan\u00eb ndryshuar, para se t\u00eb gjithash n\u00eb sfer\u00ebn e arsimit t\u00eb shoq\u00ebris\u00eb civile, imformimin dhe inkurajimin e t\u00eb rinj\u00ebve t\u00eb cil\u00ebt p\u00ebr disa vite do t\u00eb jen\u00eb udh\u00ebheq\u00ebsit\u00a0 e jetes\u00ebs n\u00eb Preshev\u00eb, Bujanoc dhe Medvegj\u00eb\u201c, tha Markoviq, i cili \u00ebsht\u00eb edhe minist\u00ebr i t\u00eb drejtave t\u00eb njeriut dhe pakicave dhe i Administrat\u00ebs publike dhe Pushtetit lokal. <\/p>\n<p>Ai gjithashtu njoftoi p\u00ebr hapjen e paralel\u00ebs s\u00eb fakulltetit Ekonomik n\u00eb Bujanoc, si dhe nd\u00ebrtimin e maternitetit n\u00eb Preshev\u00eb, duke cil\u00ebsuar se e gjith\u00eb kjo do t\u00eb kontriboj\u00eb n\u00eb integrimin m\u00eb t\u00eb mir\u00eb t\u00eb shqip\u00ebtar\u00ebve n\u00eb sistemin shoq\u00ebror dhe shtet\u00ebror t\u00eb S\u00ebrbis\u00eb.<\/p>\n","protected":false},"excerpt":{"rendered":"<p>Milan Markoviq, kryetari i trupit Koordinues t\u00eb Qeveris\u00eb s\u00eb Republik\u00ebs  s\u00eb S\u00ebrbis\u00eb p\u00ebr komunat Preshev\u00eb, Bujanoc dhe Medvegj\u00eb, paralajmroi  vazhdimin e aktiviteteve n\u00eb integrimin e shqiptar\u00ebve n\u00eb sistemin  shoq\u00ebror dhe shtet\u00ebror t\u00eb S\u00ebrbis, dhe tha se kjo n\u00ebnkupton dhe pun\u00ebsimin  e shqiptar\u00ebve n\u00eb Administrat\u00ebn doganore.<\/p>\n","protected":false},"author":1,"featured_media":0,"comment_status":"closed","ping_status":"closed","sticky":false,"template":"","format":"standard","meta":{"footnotes":""},"categories":[55],"tags":[],"class_list":["post-142284","post","type-post","status-publish","format-standard","hentry","category-lajme"],"yoast_head":"<!-- This site is optimized with the Yoast SEO plugin v27.5 - https:\/\/yoast.com\/product\/yoast-seo-wordpress\/ -->\n<title>PUN\u00cb P\u00cbR SHQIPTAR\u00cbT N\u00cb POLICI DHE ADMINISTRAT\u00cb DOGANORE - Republika e S\u00ebrbis\u00eb Trupi Koordinues p\u00ebr komunat Bujanoc, Preshev\u00eb dhe Medvegj\u00eb<\/title>\n<meta name=\"robots\" content=\"index, follow, max-snippet:-1, max-image-preview:large, max-video-preview:-1\" \/>\n<link rel=\"canonical\" href=\"https:\/\/kt.gov.rs\/sq\/pune-per-shqiptaret-ne-polici-dhe-administrate-doganore\/\" \/>\n<meta property=\"og:locale\" content=\"sq_AL\" \/>\n<meta property=\"og:type\" content=\"article\" \/>\n<meta property=\"og:title\" content=\"PUN\u00cb P\u00cbR SHQIPTAR\u00cbT N\u00cb POLICI DHE ADMINISTRAT\u00cb DOGANORE - Republika e S\u00ebrbis\u00eb Trupi Koordinues p\u00ebr komunat Bujanoc, Preshev\u00eb dhe Medvegj\u00eb\" \/>\n<meta property=\"og:description\" content=\"Milan Markoviq, kryetari i trupit Koordinues t\u00eb Qeveris\u00eb s\u00eb Republik\u00ebs s\u00eb S\u00ebrbis\u00eb p\u00ebr komunat Preshev\u00eb, Bujanoc dhe Medvegj\u00eb, paralajmroi vazhdimin e aktiviteteve n\u00eb integrimin e shqiptar\u00ebve n\u00eb sistemin shoq\u00ebror dhe shtet\u00ebror t\u00eb S\u00ebrbis, dhe tha se kjo n\u00ebnkupton dhe pun\u00ebsimin e shqiptar\u00ebve n\u00eb Administrat\u00ebn doganore.\" \/>\n<meta property=\"og:url\" content=\"https:\/\/kt.gov.rs\/sq\/pune-per-shqiptaret-ne-polici-dhe-administrate-doganore\/\" \/>\n<meta property=\"og:site_name\" content=\"Republika e S\u00ebrbis\u00eb Trupi Koordinues p\u00ebr komunat Bujanoc, Preshev\u00eb dhe Medvegj\u00eb\" \/>\n<meta property=\"article:publisher\" content=\"https:\/\/www.facebook.com\/SluzbaKoordinacionogTelaVladeRepublikeSrbije\" \/>\n<meta property=\"article:published_time\" content=\"2011-05-17T00:00:00+00:00\" \/>\n<meta name=\"author\" content=\"ktmin\" \/>\n<meta name=\"twitter:card\" content=\"summary_large_image\" \/>\n<meta name=\"twitter:creator\" content=\"@kt_gov\" \/>\n<meta name=\"twitter:site\" content=\"@kt_gov\" \/>\n<meta name=\"twitter:label1\" content=\"Written by\" \/>\n\t<meta name=\"twitter:data1\" content=\"ktmin\" \/>\n\t<meta name=\"twitter:label2\" content=\"Est. reading time\" \/>\n\t<meta name=\"twitter:data2\" content=\"1 minute\" \/>\n<script type=\"application\/ld+json\" class=\"yoast-schema-graph\">{\"@context\":\"https:\\\/\\\/schema.org\",\"@graph\":[{\"@type\":\"Article\",\"@id\":\"https:\\\/\\\/kt.gov.rs\\\/sq\\\/pune-per-shqiptaret-ne-polici-dhe-administrate-doganore\\\/#article\",\"isPartOf\":{\"@id\":\"https:\\\/\\\/kt.gov.rs\\\/sq\\\/pune-per-shqiptaret-ne-polici-dhe-administrate-doganore\\\/\"},\"author\":{\"name\":\"ktmin\",\"@id\":\"https:\\\/\\\/kt.gov.rs\\\/#\\\/schema\\\/person\\\/e426459ddb4173309103390602694571\"},\"headline\":\"PUN\u00cb P\u00cbR SHQIPTAR\u00cbT N\u00cb POLICI DHE ADMINISTRAT\u00cb DOGANORE\",\"datePublished\":\"2011-05-17T00:00:00+00:00\",\"mainEntityOfPage\":{\"@id\":\"https:\\\/\\\/kt.gov.rs\\\/sq\\\/pune-per-shqiptaret-ne-polici-dhe-administrate-doganore\\\/\"},\"wordCount\":275,\"publisher\":{\"@id\":\"https:\\\/\\\/kt.gov.rs\\\/#organization\"},\"articleSection\":[\"Lajme\"],\"inLanguage\":\"sq-AL\"},{\"@type\":\"WebPage\",\"@id\":\"https:\\\/\\\/kt.gov.rs\\\/sq\\\/pune-per-shqiptaret-ne-polici-dhe-administrate-doganore\\\/\",\"url\":\"https:\\\/\\\/kt.gov.rs\\\/sq\\\/pune-per-shqiptaret-ne-polici-dhe-administrate-doganore\\\/\",\"name\":\"PUN\u00cb P\u00cbR SHQIPTAR\u00cbT N\u00cb POLICI DHE ADMINISTRAT\u00cb DOGANORE - Republika e S\u00ebrbis\u00eb Trupi Koordinues p\u00ebr komunat Bujanoc, Preshev\u00eb dhe Medvegj\u00eb\",\"isPartOf\":{\"@id\":\"https:\\\/\\\/kt.gov.rs\\\/#website\"},\"datePublished\":\"2011-05-17T00:00:00+00:00\",\"breadcrumb\":{\"@id\":\"https:\\\/\\\/kt.gov.rs\\\/sq\\\/pune-per-shqiptaret-ne-polici-dhe-administrate-doganore\\\/#breadcrumb\"},\"inLanguage\":\"sq-AL\",\"potentialAction\":[{\"@type\":\"ReadAction\",\"target\":[\"https:\\\/\\\/kt.gov.rs\\\/sq\\\/pune-per-shqiptaret-ne-polici-dhe-administrate-doganore\\\/\"]}]},{\"@type\":\"BreadcrumbList\",\"@id\":\"https:\\\/\\\/kt.gov.rs\\\/sq\\\/pune-per-shqiptaret-ne-polici-dhe-administrate-doganore\\\/#breadcrumb\",\"itemListElement\":[{\"@type\":\"ListItem\",\"position\":1,\"name\":\"\u041f\u043e\u0447\u0435\u0442\u043d\u0430\",\"item\":\"https:\\\/\\\/kt.gov.rs\\\/sq\\\/\"},{\"@type\":\"ListItem\",\"position\":2,\"name\":\"PUN\u00cb P\u00cbR SHQIPTAR\u00cbT N\u00cb POLICI DHE ADMINISTRAT\u00cb DOGANORE\"}]},{\"@type\":\"WebSite\",\"@id\":\"https:\\\/\\\/kt.gov.rs\\\/#website\",\"url\":\"https:\\\/\\\/kt.gov.rs\\\/\",\"name\":\"\u041a\u043e\u043e\u0440\u0434\u0438\u043d\u0430\u0446\u0438\u043e\u043d\u043e \u0442\u0435\u043b\u043e \u0412\u043b\u0430\u0434\u0435 \u0420\u0435\u043f\u0443\u0431\u043b\u0438\u043a\u0435 \u0421\u0440\u0431\u0438\u0458\u0435 \u0437\u0430 \u043e\u043f\u0448\u0442\u0438\u043d\u0435 \u041f\u0440\u0435\u0448\u0435\u0432\u043e, \u0411\u0443\u0458\u0430\u043d\u043e\u0432\u0430\u0446 \u0438 \u041c\u0435\u0434\u0432\u0435\u0452a\",\"description\":\"\",\"publisher\":{\"@id\":\"https:\\\/\\\/kt.gov.rs\\\/#organization\"},\"alternateName\":\"\u041a\u043e\u043e\u0440\u0434\u0438\u043d\u0430\u0446\u0438\u043e\u043d\u043e \u0442\u0435\u043b\u043e\",\"potentialAction\":[{\"@type\":\"SearchAction\",\"target\":{\"@type\":\"EntryPoint\",\"urlTemplate\":\"https:\\\/\\\/kt.gov.rs\\\/?s={search_term_string}\"},\"query-input\":{\"@type\":\"PropertyValueSpecification\",\"valueRequired\":true,\"valueName\":\"search_term_string\"}}],\"inLanguage\":\"sq-AL\"},{\"@type\":\"Organization\",\"@id\":\"https:\\\/\\\/kt.gov.rs\\\/#organization\",\"name\":\"\u041a\u043e\u043e\u0440\u0434\u0438\u043d\u0430\u0446\u0438\u043e\u043d\u043e \u0442\u0435\u043b\u043e \u0412\u043b\u0430\u0434\u0435 \u0420\u0435\u043f\u0443\u0431\u043b\u0438\u043a\u0435 \u0421\u0440\u0431\u0438\u0458\u0435 \u0437\u0430 \u043e\u043f\u0448\u0442\u0438\u043d\u0435 \u041f\u0440\u0435\u0448\u0435\u0432\u043e, \u0411\u0443\u0458\u0430\u043d\u043e\u0432\u0430\u0446 \u0438 \u041c\u0435\u0434\u0432\u0435\u0452a\",\"alternateName\":\"\u041a\u043e\u043e\u0440\u0434\u0438\u043d\u0430\u0446\u0438\u043e\u043d\u043e \u0442\u0435\u043b\u043e\",\"url\":\"https:\\\/\\\/kt.gov.rs\\\/\",\"logo\":{\"@type\":\"ImageObject\",\"inLanguage\":\"sq-AL\",\"@id\":\"https:\\\/\\\/kt.gov.rs\\\/#\\\/schema\\\/logo\\\/image\\\/\",\"url\":\"https:\\\/\\\/kt.gov.rs\\\/wp-content\\\/uploads\\\/2024\\\/12\\\/koord2.jpg\",\"contentUrl\":\"https:\\\/\\\/kt.gov.rs\\\/wp-content\\\/uploads\\\/2024\\\/12\\\/koord2.jpg\",\"width\":640,\"height\":480,\"caption\":\"\u041a\u043e\u043e\u0440\u0434\u0438\u043d\u0430\u0446\u0438\u043e\u043d\u043e \u0442\u0435\u043b\u043e \u0412\u043b\u0430\u0434\u0435 \u0420\u0435\u043f\u0443\u0431\u043b\u0438\u043a\u0435 \u0421\u0440\u0431\u0438\u0458\u0435 \u0437\u0430 \u043e\u043f\u0448\u0442\u0438\u043d\u0435 \u041f\u0440\u0435\u0448\u0435\u0432\u043e, \u0411\u0443\u0458\u0430\u043d\u043e\u0432\u0430\u0446 \u0438 \u041c\u0435\u0434\u0432\u0435\u0452a\"},\"image\":{\"@id\":\"https:\\\/\\\/kt.gov.rs\\\/#\\\/schema\\\/logo\\\/image\\\/\"},\"sameAs\":[\"https:\\\/\\\/www.facebook.com\\\/SluzbaKoordinacionogTelaVladeRepublikeSrbije\",\"https:\\\/\\\/x.com\\\/kt_gov\",\"https:\\\/\\\/www.youtube.com\\\/@koordinacionotelo\"]},{\"@type\":\"Person\",\"@id\":\"https:\\\/\\\/kt.gov.rs\\\/#\\\/schema\\\/person\\\/e426459ddb4173309103390602694571\",\"name\":\"ktmin\",\"image\":{\"@type\":\"ImageObject\",\"inLanguage\":\"sq-AL\",\"@id\":\"https:\\\/\\\/secure.gravatar.com\\\/avatar\\\/3985c961109853010c3fbc7ba30365bfba5db3dd6c525831d9c595c7525a615a?s=96&d=mm&r=g\",\"url\":\"https:\\\/\\\/secure.gravatar.com\\\/avatar\\\/3985c961109853010c3fbc7ba30365bfba5db3dd6c525831d9c595c7525a615a?s=96&d=mm&r=g\",\"contentUrl\":\"https:\\\/\\\/secure.gravatar.com\\\/avatar\\\/3985c961109853010c3fbc7ba30365bfba5db3dd6c525831d9c595c7525a615a?s=96&d=mm&r=g\",\"caption\":\"ktmin\"},\"sameAs\":[\"https:\\\/\\\/kt.gov.rs\"],\"url\":\"https:\\\/\\\/kt.gov.rs\\\/sq\\\/author\\\/ktmin\\\/\"}]}<\/script>\n<!-- \/ Yoast SEO plugin. -->","yoast_head_json":{"title":"PUN\u00cb P\u00cbR SHQIPTAR\u00cbT N\u00cb POLICI DHE ADMINISTRAT\u00cb DOGANORE - Republika e S\u00ebrbis\u00eb Trupi Koordinues p\u00ebr komunat Bujanoc, Preshev\u00eb dhe Medvegj\u00eb","robots":{"index":"index","follow":"follow","max-snippet":"max-snippet:-1","max-image-preview":"max-image-preview:large","max-video-preview":"max-video-preview:-1"},"canonical":"https:\/\/kt.gov.rs\/sq\/pune-per-shqiptaret-ne-polici-dhe-administrate-doganore\/","og_locale":"sq_AL","og_type":"article","og_title":"PUN\u00cb P\u00cbR SHQIPTAR\u00cbT N\u00cb POLICI DHE ADMINISTRAT\u00cb DOGANORE - Republika e S\u00ebrbis\u00eb Trupi Koordinues p\u00ebr komunat Bujanoc, Preshev\u00eb dhe Medvegj\u00eb","og_description":"Milan Markoviq, kryetari i trupit Koordinues t\u00eb Qeveris\u00eb s\u00eb Republik\u00ebs s\u00eb S\u00ebrbis\u00eb p\u00ebr komunat Preshev\u00eb, Bujanoc dhe Medvegj\u00eb, paralajmroi vazhdimin e aktiviteteve n\u00eb integrimin e shqiptar\u00ebve n\u00eb sistemin shoq\u00ebror dhe shtet\u00ebror t\u00eb S\u00ebrbis, dhe tha se kjo n\u00ebnkupton dhe pun\u00ebsimin e shqiptar\u00ebve n\u00eb Administrat\u00ebn doganore.","og_url":"https:\/\/kt.gov.rs\/sq\/pune-per-shqiptaret-ne-polici-dhe-administrate-doganore\/","og_site_name":"Republika e S\u00ebrbis\u00eb Trupi Koordinues p\u00ebr komunat Bujanoc, Preshev\u00eb dhe Medvegj\u00eb","article_publisher":"https:\/\/www.facebook.com\/SluzbaKoordinacionogTelaVladeRepublikeSrbije","article_published_time":"2011-05-17T00:00:00+00:00","author":"ktmin","twitter_card":"summary_large_image","twitter_creator":"@kt_gov","twitter_site":"@kt_gov","twitter_misc":{"Written by":"ktmin","Est. reading time":"1 minute"},"schema":{"@context":"https:\/\/schema.org","@graph":[{"@type":"Article","@id":"https:\/\/kt.gov.rs\/sq\/pune-per-shqiptaret-ne-polici-dhe-administrate-doganore\/#article","isPartOf":{"@id":"https:\/\/kt.gov.rs\/sq\/pune-per-shqiptaret-ne-polici-dhe-administrate-doganore\/"},"author":{"name":"ktmin","@id":"https:\/\/kt.gov.rs\/#\/schema\/person\/e426459ddb4173309103390602694571"},"headline":"PUN\u00cb P\u00cbR SHQIPTAR\u00cbT N\u00cb POLICI DHE ADMINISTRAT\u00cb DOGANORE","datePublished":"2011-05-17T00:00:00+00:00","mainEntityOfPage":{"@id":"https:\/\/kt.gov.rs\/sq\/pune-per-shqiptaret-ne-polici-dhe-administrate-doganore\/"},"wordCount":275,"publisher":{"@id":"https:\/\/kt.gov.rs\/#organization"},"articleSection":["Lajme"],"inLanguage":"sq-AL"},{"@type":"WebPage","@id":"https:\/\/kt.gov.rs\/sq\/pune-per-shqiptaret-ne-polici-dhe-administrate-doganore\/","url":"https:\/\/kt.gov.rs\/sq\/pune-per-shqiptaret-ne-polici-dhe-administrate-doganore\/","name":"PUN\u00cb P\u00cbR SHQIPTAR\u00cbT N\u00cb POLICI DHE ADMINISTRAT\u00cb DOGANORE - Republika e S\u00ebrbis\u00eb Trupi Koordinues p\u00ebr komunat Bujanoc, Preshev\u00eb dhe Medvegj\u00eb","isPartOf":{"@id":"https:\/\/kt.gov.rs\/#website"},"datePublished":"2011-05-17T00:00:00+00:00","breadcrumb":{"@id":"https:\/\/kt.gov.rs\/sq\/pune-per-shqiptaret-ne-polici-dhe-administrate-doganore\/#breadcrumb"},"inLanguage":"sq-AL","potentialAction":[{"@type":"ReadAction","target":["https:\/\/kt.gov.rs\/sq\/pune-per-shqiptaret-ne-polici-dhe-administrate-doganore\/"]}]},{"@type":"BreadcrumbList","@id":"https:\/\/kt.gov.rs\/sq\/pune-per-shqiptaret-ne-polici-dhe-administrate-doganore\/#breadcrumb","itemListElement":[{"@type":"ListItem","position":1,"name":"\u041f\u043e\u0447\u0435\u0442\u043d\u0430","item":"https:\/\/kt.gov.rs\/sq\/"},{"@type":"ListItem","position":2,"name":"PUN\u00cb P\u00cbR SHQIPTAR\u00cbT N\u00cb POLICI DHE ADMINISTRAT\u00cb DOGANORE"}]},{"@type":"WebSite","@id":"https:\/\/kt.gov.rs\/#website","url":"https:\/\/kt.gov.rs\/","name":"\u041a\u043e\u043e\u0440\u0434\u0438\u043d\u0430\u0446\u0438\u043e\u043d\u043e \u0442\u0435\u043b\u043e \u0412\u043b\u0430\u0434\u0435 \u0420\u0435\u043f\u0443\u0431\u043b\u0438\u043a\u0435 \u0421\u0440\u0431\u0438\u0458\u0435 \u0437\u0430 \u043e\u043f\u0448\u0442\u0438\u043d\u0435 \u041f\u0440\u0435\u0448\u0435\u0432\u043e, \u0411\u0443\u0458\u0430\u043d\u043e\u0432\u0430\u0446 \u0438 \u041c\u0435\u0434\u0432\u0435\u0452a","description":"","publisher":{"@id":"https:\/\/kt.gov.rs\/#organization"},"alternateName":"\u041a\u043e\u043e\u0440\u0434\u0438\u043d\u0430\u0446\u0438\u043e\u043d\u043e \u0442\u0435\u043b\u043e","potentialAction":[{"@type":"SearchAction","target":{"@type":"EntryPoint","urlTemplate":"https:\/\/kt.gov.rs\/?s={search_term_string}"},"query-input":{"@type":"PropertyValueSpecification","valueRequired":true,"valueName":"search_term_string"}}],"inLanguage":"sq-AL"},{"@type":"Organization","@id":"https:\/\/kt.gov.rs\/#organization","name":"\u041a\u043e\u043e\u0440\u0434\u0438\u043d\u0430\u0446\u0438\u043e\u043d\u043e \u0442\u0435\u043b\u043e \u0412\u043b\u0430\u0434\u0435 \u0420\u0435\u043f\u0443\u0431\u043b\u0438\u043a\u0435 \u0421\u0440\u0431\u0438\u0458\u0435 \u0437\u0430 \u043e\u043f\u0448\u0442\u0438\u043d\u0435 \u041f\u0440\u0435\u0448\u0435\u0432\u043e, \u0411\u0443\u0458\u0430\u043d\u043e\u0432\u0430\u0446 \u0438 \u041c\u0435\u0434\u0432\u0435\u0452a","alternateName":"\u041a\u043e\u043e\u0440\u0434\u0438\u043d\u0430\u0446\u0438\u043e\u043d\u043e \u0442\u0435\u043b\u043e","url":"https:\/\/kt.gov.rs\/","logo":{"@type":"ImageObject","inLanguage":"sq-AL","@id":"https:\/\/kt.gov.rs\/#\/schema\/logo\/image\/","url":"https:\/\/kt.gov.rs\/wp-content\/uploads\/2024\/12\/koord2.jpg","contentUrl":"https:\/\/kt.gov.rs\/wp-content\/uploads\/2024\/12\/koord2.jpg","width":640,"height":480,"caption":"\u041a\u043e\u043e\u0440\u0434\u0438\u043d\u0430\u0446\u0438\u043e\u043d\u043e \u0442\u0435\u043b\u043e \u0412\u043b\u0430\u0434\u0435 \u0420\u0435\u043f\u0443\u0431\u043b\u0438\u043a\u0435 \u0421\u0440\u0431\u0438\u0458\u0435 \u0437\u0430 \u043e\u043f\u0448\u0442\u0438\u043d\u0435 \u041f\u0440\u0435\u0448\u0435\u0432\u043e, \u0411\u0443\u0458\u0430\u043d\u043e\u0432\u0430\u0446 \u0438 \u041c\u0435\u0434\u0432\u0435\u0452a"},"image":{"@id":"https:\/\/kt.gov.rs\/#\/schema\/logo\/image\/"},"sameAs":["https:\/\/www.facebook.com\/SluzbaKoordinacionogTelaVladeRepublikeSrbije","https:\/\/x.com\/kt_gov","https:\/\/www.youtube.com\/@koordinacionotelo"]},{"@type":"Person","@id":"https:\/\/kt.gov.rs\/#\/schema\/person\/e426459ddb4173309103390602694571","name":"ktmin","image":{"@type":"ImageObject","inLanguage":"sq-AL","@id":"https:\/\/secure.gravatar.com\/avatar\/3985c961109853010c3fbc7ba30365bfba5db3dd6c525831d9c595c7525a615a?s=96&d=mm&r=g","url":"https:\/\/secure.gravatar.com\/avatar\/3985c961109853010c3fbc7ba30365bfba5db3dd6c525831d9c595c7525a615a?s=96&d=mm&r=g","contentUrl":"https:\/\/secure.gravatar.com\/avatar\/3985c961109853010c3fbc7ba30365bfba5db3dd6c525831d9c595c7525a615a?s=96&d=mm&r=g","caption":"ktmin"},"sameAs":["https:\/\/kt.gov.rs"],"url":"https:\/\/kt.gov.rs\/sq\/author\/ktmin\/"}]}},"_links":{"self":[{"href":"https:\/\/kt.gov.rs\/sq\/wp-json\/wp\/v2\/posts\/142284","targetHints":{"allow":["GET"]}}],"collection":[{"href":"https:\/\/kt.gov.rs\/sq\/wp-json\/wp\/v2\/posts"}],"about":[{"href":"https:\/\/kt.gov.rs\/sq\/wp-json\/wp\/v2\/types\/post"}],"author":[{"embeddable":true,"href":"https:\/\/kt.gov.rs\/sq\/wp-json\/wp\/v2\/users\/1"}],"replies":[{"embeddable":true,"href":"https:\/\/kt.gov.rs\/sq\/wp-json\/wp\/v2\/comments?post=142284"}],"version-history":[{"count":0,"href":"https:\/\/kt.gov.rs\/sq\/wp-json\/wp\/v2\/posts\/142284\/revisions"}],"wp:attachment":[{"href":"https:\/\/kt.gov.rs\/sq\/wp-json\/wp\/v2\/media?parent=142284"}],"wp:term":[{"taxonomy":"category","embeddable":true,"href":"https:\/\/kt.gov.rs\/sq\/wp-json\/wp\/v2\/categories?post=142284"},{"taxonomy":"post_tag","embeddable":true,"href":"https:\/\/kt.gov.rs\/sq\/wp-json\/wp\/v2\/tags?post=142284"}],"curies":[{"name":"wp","href":"https:\/\/api.w.org\/{rel}","templated":true}]}}