{"id":142281,"date":"2011-05-19T00:00:00","date_gmt":"2011-05-19T00:00:00","guid":{"rendered":"http:\/\/kt.printandscreen.rs\/eshte-hapur-konvikti-i-renovuar-i-nxenesve-ne-leskoc\/"},"modified":"2011-05-19T00:00:00","modified_gmt":"2011-05-19T00:00:00","slug":"eshte-hapur-konvikti-i-renovuar-i-nxenesve-ne-leskoc","status":"publish","type":"post","link":"https:\/\/kt.gov.rs\/sq\/eshte-hapur-konvikti-i-renovuar-i-nxenesve-ne-leskoc\/","title":{"rendered":"\u00cbSHT\u00cb HAPUR KONVIKTI I  RENOVUAR I NX\u00cbN\u00cbSVE N\u00cb LESKOC"},"content":{"rendered":"<p>Leskoc-Ministri i arsimit dhe shkenc\u00ebs Zharko Obradoviq e hapi dje n\u00eb Leskoc konviktin e renovuar t\u00eb nx\u00ebn\u00ebsve t\u00eb shkollave t\u00eb mesme dhe hap\u00ebsirave t\u00eb reja t\u00eb shkoll\u00ebs.<br \/>\n\u00a0<br \/>\nMinistria e arsimit n\u00eb renovimin e konviktit ka investuar 10 milion dinar dhe nj\u00eb milion p\u00ebr pajisjen e hap\u00ebsirave t\u00eb reja t\u00eb objektit t\u00eb shkoll\u00ebs. Kapaciteti i konviktit \u00ebsht\u00eb rritur p\u00ebr 20 p\u00ebrqind\u00a0 k\u00ebshtu q\u00eb tash mund t\u00eb pranoj gjithsejt 120 nx\u00ebn\u00ebs n\u00eb dhomat dy dhe tri krevet\u00ebshe. \u00cbsht\u00eb renovuar edhe kuzhina e nx\u00ebn\u00ebsve e cila n\u00eb t\u00eb ardhmen do t\u00eb punoj sipas standarve q\u00eb vlejn\u00eb n\u00eb institucione t\u00eb tilla europiane.<\/p>\n<p>\u201e Arsimi \u00ebsht\u00eb ardhm\u00ebria e S\u00ebrbis\u00eb dhe p\u00ebr k\u00ebt\u00eb duhet t\u00eb jet\u00eb n\u00eb p\u00ebrmir\u00ebsim t\u00eb vazhduesh\u00ebm. Parat q\u00eb i kemi n\u00eb disponim n\u00eb koh\u00ebn e kriz\u00ebs ekonomike \u00ebsht\u00eb i vog\u00ebl, mirpo po arrijm\u00eb q\u00eb ta shp\u00ebrndajm\u00eb n\u00eb m\u00ebnyr\u00eb t\u00eb barabart\u00eb. \u00cbsht\u00eb mir\u00eb q\u00eb me k\u00ebto para modeste e p\u00ebrmirsojm\u00eb kualitetin e strehimit t\u00eb p\u00ebrditsh\u00ebm n\u00eb konviktet e nx\u00ebn\u00ebsve dhe student\u00ebve dhe k\u00ebshtu do t\u00eb vazhdojm\u00eb\u201c, tha ministri Zharko Obradoviq.<\/p>\n<p>N\u00eb konviktin e Leskocit jan\u00eb t\u00eb vendosur nx\u00ebn\u00ebsit e shkollave t\u00eb mesme nga Kraljeva, Nishi, Aleksinca, Prokupla, Kurshumlija, Presheva, Bujanoci, Trgovishtja, Vraja dhe fshatrat p\u00ebrreth Leskocit.<\/p>\n<p>P\u00ebrve\u00e7 konviktit t\u00eb nx\u00ebn\u00ebsve ministri e preu edhe shiritin e kuq n\u00eb Leskoc, ku n\u00eb objektin e ish nd\u00ebrtes\u00ebs s\u00eb Gjykat\u00ebs ekonomike \u00ebsht\u00eb hapur objekti i ri shkollor p\u00ebr rrethin e P\u00e7inj\u00ebs dhe Jabllanic\u00ebs. N\u00eb administrat\u00ebn shkollore q\u00eb p\u00ebrfshin teritorin e 13 komunave jan\u00eb t\u00eb pun\u00ebsuar 10 mbikqyr\u00ebs dhe inspector.<\/p>\n","protected":false},"excerpt":{"rendered":"<p>Leskoc-Ministri i arsimit dhe shkenc\u00ebs Zharko Obradoviq e hapi dje n\u00eb  Leskoc konviktin e renovuar t\u00eb nx\u00ebn\u00ebsve t\u00eb shkollave t\u00eb mesme dhe  hap\u00ebsirave t\u00eb reja t\u00eb shkoll\u00ebs.<\/p>\n","protected":false},"author":1,"featured_media":0,"comment_status":"closed","ping_status":"closed","sticky":false,"template":"","format":"standard","meta":{"footnotes":""},"categories":[55],"tags":[],"class_list":["post-142281","post","type-post","status-publish","format-standard","hentry","category-lajme"],"yoast_head":"<!-- This site is optimized with the Yoast SEO plugin v27.5 - https:\/\/yoast.com\/product\/yoast-seo-wordpress\/ -->\n<title>\u00cbSHT\u00cb HAPUR KONVIKTI I RENOVUAR I NX\u00cbN\u00cbSVE N\u00cb LESKOC - Republika e S\u00ebrbis\u00eb Trupi Koordinues p\u00ebr komunat Bujanoc, Preshev\u00eb dhe Medvegj\u00eb<\/title>\n<meta name=\"robots\" content=\"index, follow, max-snippet:-1, max-image-preview:large, max-video-preview:-1\" \/>\n<link rel=\"canonical\" href=\"https:\/\/kt.gov.rs\/sq\/eshte-hapur-konvikti-i-renovuar-i-nxenesve-ne-leskoc\/\" \/>\n<meta property=\"og:locale\" content=\"sq_AL\" \/>\n<meta property=\"og:type\" content=\"article\" \/>\n<meta property=\"og:title\" content=\"\u00cbSHT\u00cb HAPUR KONVIKTI I RENOVUAR I NX\u00cbN\u00cbSVE N\u00cb LESKOC - Republika e S\u00ebrbis\u00eb Trupi Koordinues p\u00ebr komunat Bujanoc, Preshev\u00eb dhe Medvegj\u00eb\" \/>\n<meta property=\"og:description\" content=\"Leskoc-Ministri i arsimit dhe shkenc\u00ebs Zharko Obradoviq e hapi dje n\u00eb Leskoc konviktin e renovuar t\u00eb nx\u00ebn\u00ebsve t\u00eb shkollave t\u00eb mesme dhe hap\u00ebsirave t\u00eb reja t\u00eb shkoll\u00ebs.\" \/>\n<meta property=\"og:url\" content=\"https:\/\/kt.gov.rs\/sq\/eshte-hapur-konvikti-i-renovuar-i-nxenesve-ne-leskoc\/\" \/>\n<meta property=\"og:site_name\" content=\"Republika e S\u00ebrbis\u00eb Trupi Koordinues p\u00ebr komunat Bujanoc, Preshev\u00eb dhe Medvegj\u00eb\" \/>\n<meta property=\"article:publisher\" content=\"https:\/\/www.facebook.com\/SluzbaKoordinacionogTelaVladeRepublikeSrbije\" \/>\n<meta property=\"article:published_time\" content=\"2011-05-19T00:00:00+00:00\" \/>\n<meta name=\"author\" content=\"ktmin\" \/>\n<meta name=\"twitter:card\" content=\"summary_large_image\" \/>\n<meta name=\"twitter:creator\" content=\"@kt_gov\" \/>\n<meta name=\"twitter:site\" content=\"@kt_gov\" \/>\n<meta name=\"twitter:label1\" content=\"Written by\" \/>\n\t<meta name=\"twitter:data1\" content=\"ktmin\" \/>\n\t<meta name=\"twitter:label2\" content=\"Est. reading time\" \/>\n\t<meta name=\"twitter:data2\" content=\"1 minute\" \/>\n<script type=\"application\/ld+json\" class=\"yoast-schema-graph\">{\"@context\":\"https:\\\/\\\/schema.org\",\"@graph\":[{\"@type\":\"Article\",\"@id\":\"https:\\\/\\\/kt.gov.rs\\\/sq\\\/eshte-hapur-konvikti-i-renovuar-i-nxenesve-ne-leskoc\\\/#article\",\"isPartOf\":{\"@id\":\"https:\\\/\\\/kt.gov.rs\\\/sq\\\/eshte-hapur-konvikti-i-renovuar-i-nxenesve-ne-leskoc\\\/\"},\"author\":{\"name\":\"ktmin\",\"@id\":\"https:\\\/\\\/kt.gov.rs\\\/#\\\/schema\\\/person\\\/e426459ddb4173309103390602694571\"},\"headline\":\"\u00cbSHT\u00cb HAPUR KONVIKTI I RENOVUAR I NX\u00cbN\u00cbSVE N\u00cb LESKOC\",\"datePublished\":\"2011-05-19T00:00:00+00:00\",\"mainEntityOfPage\":{\"@id\":\"https:\\\/\\\/kt.gov.rs\\\/sq\\\/eshte-hapur-konvikti-i-renovuar-i-nxenesve-ne-leskoc\\\/\"},\"wordCount\":305,\"publisher\":{\"@id\":\"https:\\\/\\\/kt.gov.rs\\\/#organization\"},\"articleSection\":[\"Lajme\"],\"inLanguage\":\"sq-AL\"},{\"@type\":\"WebPage\",\"@id\":\"https:\\\/\\\/kt.gov.rs\\\/sq\\\/eshte-hapur-konvikti-i-renovuar-i-nxenesve-ne-leskoc\\\/\",\"url\":\"https:\\\/\\\/kt.gov.rs\\\/sq\\\/eshte-hapur-konvikti-i-renovuar-i-nxenesve-ne-leskoc\\\/\",\"name\":\"\u00cbSHT\u00cb HAPUR KONVIKTI I RENOVUAR I NX\u00cbN\u00cbSVE N\u00cb LESKOC - Republika e S\u00ebrbis\u00eb Trupi Koordinues p\u00ebr komunat Bujanoc, Preshev\u00eb dhe Medvegj\u00eb\",\"isPartOf\":{\"@id\":\"https:\\\/\\\/kt.gov.rs\\\/#website\"},\"datePublished\":\"2011-05-19T00:00:00+00:00\",\"breadcrumb\":{\"@id\":\"https:\\\/\\\/kt.gov.rs\\\/sq\\\/eshte-hapur-konvikti-i-renovuar-i-nxenesve-ne-leskoc\\\/#breadcrumb\"},\"inLanguage\":\"sq-AL\",\"potentialAction\":[{\"@type\":\"ReadAction\",\"target\":[\"https:\\\/\\\/kt.gov.rs\\\/sq\\\/eshte-hapur-konvikti-i-renovuar-i-nxenesve-ne-leskoc\\\/\"]}]},{\"@type\":\"BreadcrumbList\",\"@id\":\"https:\\\/\\\/kt.gov.rs\\\/sq\\\/eshte-hapur-konvikti-i-renovuar-i-nxenesve-ne-leskoc\\\/#breadcrumb\",\"itemListElement\":[{\"@type\":\"ListItem\",\"position\":1,\"name\":\"\u041f\u043e\u0447\u0435\u0442\u043d\u0430\",\"item\":\"https:\\\/\\\/kt.gov.rs\\\/sq\\\/\"},{\"@type\":\"ListItem\",\"position\":2,\"name\":\"\u00cbSHT\u00cb HAPUR KONVIKTI I RENOVUAR I NX\u00cbN\u00cbSVE N\u00cb LESKOC\"}]},{\"@type\":\"WebSite\",\"@id\":\"https:\\\/\\\/kt.gov.rs\\\/#website\",\"url\":\"https:\\\/\\\/kt.gov.rs\\\/\",\"name\":\"\u041a\u043e\u043e\u0440\u0434\u0438\u043d\u0430\u0446\u0438\u043e\u043d\u043e \u0442\u0435\u043b\u043e \u0412\u043b\u0430\u0434\u0435 \u0420\u0435\u043f\u0443\u0431\u043b\u0438\u043a\u0435 \u0421\u0440\u0431\u0438\u0458\u0435 \u0437\u0430 \u043e\u043f\u0448\u0442\u0438\u043d\u0435 \u041f\u0440\u0435\u0448\u0435\u0432\u043e, \u0411\u0443\u0458\u0430\u043d\u043e\u0432\u0430\u0446 \u0438 \u041c\u0435\u0434\u0432\u0435\u0452a\",\"description\":\"\",\"publisher\":{\"@id\":\"https:\\\/\\\/kt.gov.rs\\\/#organization\"},\"alternateName\":\"\u041a\u043e\u043e\u0440\u0434\u0438\u043d\u0430\u0446\u0438\u043e\u043d\u043e \u0442\u0435\u043b\u043e\",\"potentialAction\":[{\"@type\":\"SearchAction\",\"target\":{\"@type\":\"EntryPoint\",\"urlTemplate\":\"https:\\\/\\\/kt.gov.rs\\\/?s={search_term_string}\"},\"query-input\":{\"@type\":\"PropertyValueSpecification\",\"valueRequired\":true,\"valueName\":\"search_term_string\"}}],\"inLanguage\":\"sq-AL\"},{\"@type\":\"Organization\",\"@id\":\"https:\\\/\\\/kt.gov.rs\\\/#organization\",\"name\":\"\u041a\u043e\u043e\u0440\u0434\u0438\u043d\u0430\u0446\u0438\u043e\u043d\u043e \u0442\u0435\u043b\u043e \u0412\u043b\u0430\u0434\u0435 \u0420\u0435\u043f\u0443\u0431\u043b\u0438\u043a\u0435 \u0421\u0440\u0431\u0438\u0458\u0435 \u0437\u0430 \u043e\u043f\u0448\u0442\u0438\u043d\u0435 \u041f\u0440\u0435\u0448\u0435\u0432\u043e, \u0411\u0443\u0458\u0430\u043d\u043e\u0432\u0430\u0446 \u0438 \u041c\u0435\u0434\u0432\u0435\u0452a\",\"alternateName\":\"\u041a\u043e\u043e\u0440\u0434\u0438\u043d\u0430\u0446\u0438\u043e\u043d\u043e \u0442\u0435\u043b\u043e\",\"url\":\"https:\\\/\\\/kt.gov.rs\\\/\",\"logo\":{\"@type\":\"ImageObject\",\"inLanguage\":\"sq-AL\",\"@id\":\"https:\\\/\\\/kt.gov.rs\\\/#\\\/schema\\\/logo\\\/image\\\/\",\"url\":\"https:\\\/\\\/kt.gov.rs\\\/wp-content\\\/uploads\\\/2024\\\/12\\\/koord2.jpg\",\"contentUrl\":\"https:\\\/\\\/kt.gov.rs\\\/wp-content\\\/uploads\\\/2024\\\/12\\\/koord2.jpg\",\"width\":640,\"height\":480,\"caption\":\"\u041a\u043e\u043e\u0440\u0434\u0438\u043d\u0430\u0446\u0438\u043e\u043d\u043e \u0442\u0435\u043b\u043e \u0412\u043b\u0430\u0434\u0435 \u0420\u0435\u043f\u0443\u0431\u043b\u0438\u043a\u0435 \u0421\u0440\u0431\u0438\u0458\u0435 \u0437\u0430 \u043e\u043f\u0448\u0442\u0438\u043d\u0435 \u041f\u0440\u0435\u0448\u0435\u0432\u043e, \u0411\u0443\u0458\u0430\u043d\u043e\u0432\u0430\u0446 \u0438 \u041c\u0435\u0434\u0432\u0435\u0452a\"},\"image\":{\"@id\":\"https:\\\/\\\/kt.gov.rs\\\/#\\\/schema\\\/logo\\\/image\\\/\"},\"sameAs\":[\"https:\\\/\\\/www.facebook.com\\\/SluzbaKoordinacionogTelaVladeRepublikeSrbije\",\"https:\\\/\\\/x.com\\\/kt_gov\",\"https:\\\/\\\/www.youtube.com\\\/@koordinacionotelo\"]},{\"@type\":\"Person\",\"@id\":\"https:\\\/\\\/kt.gov.rs\\\/#\\\/schema\\\/person\\\/e426459ddb4173309103390602694571\",\"name\":\"ktmin\",\"image\":{\"@type\":\"ImageObject\",\"inLanguage\":\"sq-AL\",\"@id\":\"https:\\\/\\\/secure.gravatar.com\\\/avatar\\\/3985c961109853010c3fbc7ba30365bfba5db3dd6c525831d9c595c7525a615a?s=96&d=mm&r=g\",\"url\":\"https:\\\/\\\/secure.gravatar.com\\\/avatar\\\/3985c961109853010c3fbc7ba30365bfba5db3dd6c525831d9c595c7525a615a?s=96&d=mm&r=g\",\"contentUrl\":\"https:\\\/\\\/secure.gravatar.com\\\/avatar\\\/3985c961109853010c3fbc7ba30365bfba5db3dd6c525831d9c595c7525a615a?s=96&d=mm&r=g\",\"caption\":\"ktmin\"},\"sameAs\":[\"https:\\\/\\\/kt.gov.rs\"],\"url\":\"https:\\\/\\\/kt.gov.rs\\\/sq\\\/author\\\/ktmin\\\/\"}]}<\/script>\n<!-- \/ Yoast SEO plugin. -->","yoast_head_json":{"title":"\u00cbSHT\u00cb HAPUR KONVIKTI I RENOVUAR I NX\u00cbN\u00cbSVE N\u00cb LESKOC - Republika e S\u00ebrbis\u00eb Trupi Koordinues p\u00ebr komunat Bujanoc, Preshev\u00eb dhe Medvegj\u00eb","robots":{"index":"index","follow":"follow","max-snippet":"max-snippet:-1","max-image-preview":"max-image-preview:large","max-video-preview":"max-video-preview:-1"},"canonical":"https:\/\/kt.gov.rs\/sq\/eshte-hapur-konvikti-i-renovuar-i-nxenesve-ne-leskoc\/","og_locale":"sq_AL","og_type":"article","og_title":"\u00cbSHT\u00cb HAPUR KONVIKTI I RENOVUAR I NX\u00cbN\u00cbSVE N\u00cb LESKOC - Republika e S\u00ebrbis\u00eb Trupi Koordinues p\u00ebr komunat Bujanoc, Preshev\u00eb dhe Medvegj\u00eb","og_description":"Leskoc-Ministri i arsimit dhe shkenc\u00ebs Zharko Obradoviq e hapi dje n\u00eb Leskoc konviktin e renovuar t\u00eb nx\u00ebn\u00ebsve t\u00eb shkollave t\u00eb mesme dhe hap\u00ebsirave t\u00eb reja t\u00eb shkoll\u00ebs.","og_url":"https:\/\/kt.gov.rs\/sq\/eshte-hapur-konvikti-i-renovuar-i-nxenesve-ne-leskoc\/","og_site_name":"Republika e S\u00ebrbis\u00eb Trupi Koordinues p\u00ebr komunat Bujanoc, Preshev\u00eb dhe Medvegj\u00eb","article_publisher":"https:\/\/www.facebook.com\/SluzbaKoordinacionogTelaVladeRepublikeSrbije","article_published_time":"2011-05-19T00:00:00+00:00","author":"ktmin","twitter_card":"summary_large_image","twitter_creator":"@kt_gov","twitter_site":"@kt_gov","twitter_misc":{"Written by":"ktmin","Est. reading time":"1 minute"},"schema":{"@context":"https:\/\/schema.org","@graph":[{"@type":"Article","@id":"https:\/\/kt.gov.rs\/sq\/eshte-hapur-konvikti-i-renovuar-i-nxenesve-ne-leskoc\/#article","isPartOf":{"@id":"https:\/\/kt.gov.rs\/sq\/eshte-hapur-konvikti-i-renovuar-i-nxenesve-ne-leskoc\/"},"author":{"name":"ktmin","@id":"https:\/\/kt.gov.rs\/#\/schema\/person\/e426459ddb4173309103390602694571"},"headline":"\u00cbSHT\u00cb HAPUR KONVIKTI I RENOVUAR I NX\u00cbN\u00cbSVE N\u00cb LESKOC","datePublished":"2011-05-19T00:00:00+00:00","mainEntityOfPage":{"@id":"https:\/\/kt.gov.rs\/sq\/eshte-hapur-konvikti-i-renovuar-i-nxenesve-ne-leskoc\/"},"wordCount":305,"publisher":{"@id":"https:\/\/kt.gov.rs\/#organization"},"articleSection":["Lajme"],"inLanguage":"sq-AL"},{"@type":"WebPage","@id":"https:\/\/kt.gov.rs\/sq\/eshte-hapur-konvikti-i-renovuar-i-nxenesve-ne-leskoc\/","url":"https:\/\/kt.gov.rs\/sq\/eshte-hapur-konvikti-i-renovuar-i-nxenesve-ne-leskoc\/","name":"\u00cbSHT\u00cb HAPUR KONVIKTI I RENOVUAR I NX\u00cbN\u00cbSVE N\u00cb LESKOC - Republika e S\u00ebrbis\u00eb Trupi Koordinues p\u00ebr komunat Bujanoc, Preshev\u00eb dhe Medvegj\u00eb","isPartOf":{"@id":"https:\/\/kt.gov.rs\/#website"},"datePublished":"2011-05-19T00:00:00+00:00","breadcrumb":{"@id":"https:\/\/kt.gov.rs\/sq\/eshte-hapur-konvikti-i-renovuar-i-nxenesve-ne-leskoc\/#breadcrumb"},"inLanguage":"sq-AL","potentialAction":[{"@type":"ReadAction","target":["https:\/\/kt.gov.rs\/sq\/eshte-hapur-konvikti-i-renovuar-i-nxenesve-ne-leskoc\/"]}]},{"@type":"BreadcrumbList","@id":"https:\/\/kt.gov.rs\/sq\/eshte-hapur-konvikti-i-renovuar-i-nxenesve-ne-leskoc\/#breadcrumb","itemListElement":[{"@type":"ListItem","position":1,"name":"\u041f\u043e\u0447\u0435\u0442\u043d\u0430","item":"https:\/\/kt.gov.rs\/sq\/"},{"@type":"ListItem","position":2,"name":"\u00cbSHT\u00cb HAPUR KONVIKTI I RENOVUAR I NX\u00cbN\u00cbSVE N\u00cb LESKOC"}]},{"@type":"WebSite","@id":"https:\/\/kt.gov.rs\/#website","url":"https:\/\/kt.gov.rs\/","name":"\u041a\u043e\u043e\u0440\u0434\u0438\u043d\u0430\u0446\u0438\u043e\u043d\u043e \u0442\u0435\u043b\u043e \u0412\u043b\u0430\u0434\u0435 \u0420\u0435\u043f\u0443\u0431\u043b\u0438\u043a\u0435 \u0421\u0440\u0431\u0438\u0458\u0435 \u0437\u0430 \u043e\u043f\u0448\u0442\u0438\u043d\u0435 \u041f\u0440\u0435\u0448\u0435\u0432\u043e, \u0411\u0443\u0458\u0430\u043d\u043e\u0432\u0430\u0446 \u0438 \u041c\u0435\u0434\u0432\u0435\u0452a","description":"","publisher":{"@id":"https:\/\/kt.gov.rs\/#organization"},"alternateName":"\u041a\u043e\u043e\u0440\u0434\u0438\u043d\u0430\u0446\u0438\u043e\u043d\u043e \u0442\u0435\u043b\u043e","potentialAction":[{"@type":"SearchAction","target":{"@type":"EntryPoint","urlTemplate":"https:\/\/kt.gov.rs\/?s={search_term_string}"},"query-input":{"@type":"PropertyValueSpecification","valueRequired":true,"valueName":"search_term_string"}}],"inLanguage":"sq-AL"},{"@type":"Organization","@id":"https:\/\/kt.gov.rs\/#organization","name":"\u041a\u043e\u043e\u0440\u0434\u0438\u043d\u0430\u0446\u0438\u043e\u043d\u043e \u0442\u0435\u043b\u043e \u0412\u043b\u0430\u0434\u0435 \u0420\u0435\u043f\u0443\u0431\u043b\u0438\u043a\u0435 \u0421\u0440\u0431\u0438\u0458\u0435 \u0437\u0430 \u043e\u043f\u0448\u0442\u0438\u043d\u0435 \u041f\u0440\u0435\u0448\u0435\u0432\u043e, \u0411\u0443\u0458\u0430\u043d\u043e\u0432\u0430\u0446 \u0438 \u041c\u0435\u0434\u0432\u0435\u0452a","alternateName":"\u041a\u043e\u043e\u0440\u0434\u0438\u043d\u0430\u0446\u0438\u043e\u043d\u043e \u0442\u0435\u043b\u043e","url":"https:\/\/kt.gov.rs\/","logo":{"@type":"ImageObject","inLanguage":"sq-AL","@id":"https:\/\/kt.gov.rs\/#\/schema\/logo\/image\/","url":"https:\/\/kt.gov.rs\/wp-content\/uploads\/2024\/12\/koord2.jpg","contentUrl":"https:\/\/kt.gov.rs\/wp-content\/uploads\/2024\/12\/koord2.jpg","width":640,"height":480,"caption":"\u041a\u043e\u043e\u0440\u0434\u0438\u043d\u0430\u0446\u0438\u043e\u043d\u043e \u0442\u0435\u043b\u043e \u0412\u043b\u0430\u0434\u0435 \u0420\u0435\u043f\u0443\u0431\u043b\u0438\u043a\u0435 \u0421\u0440\u0431\u0438\u0458\u0435 \u0437\u0430 \u043e\u043f\u0448\u0442\u0438\u043d\u0435 \u041f\u0440\u0435\u0448\u0435\u0432\u043e, \u0411\u0443\u0458\u0430\u043d\u043e\u0432\u0430\u0446 \u0438 \u041c\u0435\u0434\u0432\u0435\u0452a"},"image":{"@id":"https:\/\/kt.gov.rs\/#\/schema\/logo\/image\/"},"sameAs":["https:\/\/www.facebook.com\/SluzbaKoordinacionogTelaVladeRepublikeSrbije","https:\/\/x.com\/kt_gov","https:\/\/www.youtube.com\/@koordinacionotelo"]},{"@type":"Person","@id":"https:\/\/kt.gov.rs\/#\/schema\/person\/e426459ddb4173309103390602694571","name":"ktmin","image":{"@type":"ImageObject","inLanguage":"sq-AL","@id":"https:\/\/secure.gravatar.com\/avatar\/3985c961109853010c3fbc7ba30365bfba5db3dd6c525831d9c595c7525a615a?s=96&d=mm&r=g","url":"https:\/\/secure.gravatar.com\/avatar\/3985c961109853010c3fbc7ba30365bfba5db3dd6c525831d9c595c7525a615a?s=96&d=mm&r=g","contentUrl":"https:\/\/secure.gravatar.com\/avatar\/3985c961109853010c3fbc7ba30365bfba5db3dd6c525831d9c595c7525a615a?s=96&d=mm&r=g","caption":"ktmin"},"sameAs":["https:\/\/kt.gov.rs"],"url":"https:\/\/kt.gov.rs\/sq\/author\/ktmin\/"}]}},"_links":{"self":[{"href":"https:\/\/kt.gov.rs\/sq\/wp-json\/wp\/v2\/posts\/142281","targetHints":{"allow":["GET"]}}],"collection":[{"href":"https:\/\/kt.gov.rs\/sq\/wp-json\/wp\/v2\/posts"}],"about":[{"href":"https:\/\/kt.gov.rs\/sq\/wp-json\/wp\/v2\/types\/post"}],"author":[{"embeddable":true,"href":"https:\/\/kt.gov.rs\/sq\/wp-json\/wp\/v2\/users\/1"}],"replies":[{"embeddable":true,"href":"https:\/\/kt.gov.rs\/sq\/wp-json\/wp\/v2\/comments?post=142281"}],"version-history":[{"count":0,"href":"https:\/\/kt.gov.rs\/sq\/wp-json\/wp\/v2\/posts\/142281\/revisions"}],"wp:attachment":[{"href":"https:\/\/kt.gov.rs\/sq\/wp-json\/wp\/v2\/media?parent=142281"}],"wp:term":[{"taxonomy":"category","embeddable":true,"href":"https:\/\/kt.gov.rs\/sq\/wp-json\/wp\/v2\/categories?post=142281"},{"taxonomy":"post_tag","embeddable":true,"href":"https:\/\/kt.gov.rs\/sq\/wp-json\/wp\/v2\/tags?post=142281"}],"curies":[{"name":"wp","href":"https:\/\/api.w.org\/{rel}","templated":true}]}}