{"id":142271,"date":"2011-05-24T00:00:00","date_gmt":"2011-05-24T00:00:00","guid":{"rendered":"http:\/\/kt.printandscreen.rs\/vatle-i-pari-paralajmroi-ne-fluksin-e-azilanteve-te-rrejshem\/"},"modified":"2011-05-24T00:00:00","modified_gmt":"2011-05-24T00:00:00","slug":"vatle-i-pari-paralajmroi-ne-fluksin-e-azilanteve-te-rrejshem","status":"publish","type":"post","link":"https:\/\/kt.gov.rs\/sq\/vatle-i-pari-paralajmroi-ne-fluksin-e-azilanteve-te-rrejshem\/","title":{"rendered":"VATLE I PARI PARALAJMROI N\u00cb FLUKSIN E AZILANT\u00cbVE T\u00cb RREJSH\u00cbM"},"content":{"rendered":"<p>N\u00eb fillim t\u00eb marsit t\u00eb k\u00ebtij viti, sekretari i shtetit t\u00eb Belgjik\u00ebs Melior Vatle me zyrtarin e komisionit Europian Zhan Luj de Brauer dhe ambasadorin e Belgjik\u00ebs\u00a0 Deniz de Hauvere kan\u00eb vizituar Bujanocin, ku me p\u00ebrfaq\u00ebsuesit shqiptar nga Bujanoci dhe Presheva kan\u00eb biseduar p\u00ebr problemin e rritjes s\u00eb numrit t\u00eb qytetar\u00ebve nga jugu i S\u00ebrbis p\u00ebr azil n\u00eb Belgjik.<\/p>\n<p>Kryetar\u00ebve t\u00eb komun\u00ebs s\u00eb Bujanocit dhe Preshev\u00ebs, Shaip Kamberit dhe Ragmi Mustafa, si dhe an\u00ebtar\u00ebve tjer\u00eb t\u00eb administrat\u00ebs lokale, si dhe t\u00eb vetmit deputet shqiptar n\u00eb Kuvendin e S\u00ebrbis Riza Halimi, iu \u00ebsht\u00eb th\u00ebn\u00eb se ,,asnj\u00ebri nga\u00a0 qytetar\u00ebt t\u00eb cil\u00ebt pas liberalizimit t\u00eb vizave kan\u00eb k\u00ebrkuar azil n\u00eb Belgjik\u00eb nuk mund t\u00eb marrin azilin p\u00ebr arsye ekonomike \u201d.<\/p>\n<p>Melkior Vatle ka th\u00ebn\u00eb se ,,regjimi pa viza nuk n\u00ebnkupton q\u00eb qytetar\u00ebt e S\u00ebrbis mund t\u00eb fitojn\u00eb pun\u00eb, sht\u00ebpi ose t\u00eb holla n\u00eb Belgjik\u00eb dhe se qytetar\u00ebt q\u00eb besojn\u00eb n\u00eb premtimet e rrejshme t\u00eb dikujt tjet\u00ebr jan\u00eb viktimat m\u00eb t\u00eb m\u00ebdhenj\u00eb, sepse askush nuk mund t\u00eb marr azil n\u00eb baz\u00eb t\u00eb situat\u00ebs ekonomike\u201d.<\/p>\n<p>\u201e Qysh nga kjo jav\u00eb, m\u00eb sigurt qysh nes\u00ebr, do t\u00eb niset autobusi i pare i cili do ti kthej\u00eb njer\u00ebzit q\u00eb vullnetarisht kan\u00eb dashur t\u00eb kthehen n\u00eb S\u00ebrbi, sepse nuk kan\u00eb dhe nuk do t\u00eb mund t\u00eb marrin azil n\u00eb Belgjik\u00eb. Ata nuk do t\u00eb marrin kompenzim nga Qeveria Belge, duhet t\u00eb kthehen ashtu si\u00e7 kan\u00eb ardhur\u201d, ka th\u00ebn\u00eb Vatle.<\/p>\n<p>Zyrtari i\u00a0 Belgjik\u00ebs ishte i pari q\u00eb i paralajmroi drejt\u00ebp\u00ebrdrejt qeverin n\u00eb S\u00ebrbi dhe regjion q\u00eb rrezikojn\u00eb heqjen e leht\u00ebsimit shengen n\u00ebse fluksi i azil k\u00ebrkuesve t\u00eb rrejsh\u00ebm n\u00eb bashkimin Europian vazhdon.<\/p>\n","protected":false},"excerpt":{"rendered":"<p>N\u00eb fillim t\u00eb marsit t\u00eb k\u00ebtij viti, sekretari i shtetit t\u00eb Belgjik\u00ebs  Melior Vatle me zyrtarin e komisionit Europian Zhan Luj de Brauer dhe  ambasadorin e Belgjik\u00ebs\u00a0 Deniz de Hauvere kan\u00eb vizituar Bujanocin, ku me  p\u00ebrfaq\u00ebsuesit shqiptar nga Bujanoci dhe Presheva kan\u00eb biseduar p\u00ebr  problemin e rritjes s\u00eb numrit t\u00eb qytetar\u00ebve nga jugu i S\u00ebrbis p\u00ebr azil  n\u00eb Belgjik.<\/p>\n","protected":false},"author":1,"featured_media":0,"comment_status":"closed","ping_status":"closed","sticky":false,"template":"","format":"standard","meta":{"footnotes":""},"categories":[55],"tags":[],"class_list":["post-142271","post","type-post","status-publish","format-standard","hentry","category-lajme"],"yoast_head":"<!-- This site is optimized with the Yoast SEO plugin v27.5 - https:\/\/yoast.com\/product\/yoast-seo-wordpress\/ -->\n<title>VATLE I PARI PARALAJMROI N\u00cb FLUKSIN E AZILANT\u00cbVE T\u00cb RREJSH\u00cbM - Republika e S\u00ebrbis\u00eb Trupi Koordinues p\u00ebr komunat Bujanoc, Preshev\u00eb dhe Medvegj\u00eb<\/title>\n<meta name=\"robots\" content=\"index, follow, max-snippet:-1, max-image-preview:large, max-video-preview:-1\" \/>\n<link rel=\"canonical\" href=\"https:\/\/kt.gov.rs\/sq\/vatle-i-pari-paralajmroi-ne-fluksin-e-azilanteve-te-rrejshem\/\" \/>\n<meta property=\"og:locale\" content=\"sq_AL\" \/>\n<meta property=\"og:type\" content=\"article\" \/>\n<meta property=\"og:title\" content=\"VATLE I PARI PARALAJMROI N\u00cb FLUKSIN E AZILANT\u00cbVE T\u00cb RREJSH\u00cbM - Republika e S\u00ebrbis\u00eb Trupi Koordinues p\u00ebr komunat Bujanoc, Preshev\u00eb dhe Medvegj\u00eb\" \/>\n<meta property=\"og:description\" content=\"N\u00eb fillim t\u00eb marsit t\u00eb k\u00ebtij viti, sekretari i shtetit t\u00eb Belgjik\u00ebs Melior Vatle me zyrtarin e komisionit Europian Zhan Luj de Brauer dhe ambasadorin e Belgjik\u00ebs\u00a0 Deniz de Hauvere kan\u00eb vizituar Bujanocin, ku me p\u00ebrfaq\u00ebsuesit shqiptar nga Bujanoci dhe Presheva kan\u00eb biseduar p\u00ebr problemin e rritjes s\u00eb numrit t\u00eb qytetar\u00ebve nga jugu i S\u00ebrbis p\u00ebr azil n\u00eb Belgjik.\" \/>\n<meta property=\"og:url\" content=\"https:\/\/kt.gov.rs\/sq\/vatle-i-pari-paralajmroi-ne-fluksin-e-azilanteve-te-rrejshem\/\" \/>\n<meta property=\"og:site_name\" content=\"Republika e S\u00ebrbis\u00eb Trupi Koordinues p\u00ebr komunat Bujanoc, Preshev\u00eb dhe Medvegj\u00eb\" \/>\n<meta property=\"article:publisher\" content=\"https:\/\/www.facebook.com\/SluzbaKoordinacionogTelaVladeRepublikeSrbije\" \/>\n<meta property=\"article:published_time\" content=\"2011-05-24T00:00:00+00:00\" \/>\n<meta name=\"author\" content=\"ktmin\" \/>\n<meta name=\"twitter:card\" content=\"summary_large_image\" \/>\n<meta name=\"twitter:creator\" content=\"@kt_gov\" \/>\n<meta name=\"twitter:site\" content=\"@kt_gov\" \/>\n<meta name=\"twitter:label1\" content=\"Written by\" \/>\n\t<meta name=\"twitter:data1\" content=\"ktmin\" \/>\n\t<meta name=\"twitter:label2\" content=\"Est. reading time\" \/>\n\t<meta name=\"twitter:data2\" content=\"2 minutes\" \/>\n<script type=\"application\/ld+json\" class=\"yoast-schema-graph\">{\"@context\":\"https:\\\/\\\/schema.org\",\"@graph\":[{\"@type\":\"Article\",\"@id\":\"https:\\\/\\\/kt.gov.rs\\\/sq\\\/vatle-i-pari-paralajmroi-ne-fluksin-e-azilanteve-te-rrejshem\\\/#article\",\"isPartOf\":{\"@id\":\"https:\\\/\\\/kt.gov.rs\\\/sq\\\/vatle-i-pari-paralajmroi-ne-fluksin-e-azilanteve-te-rrejshem\\\/\"},\"author\":{\"name\":\"ktmin\",\"@id\":\"https:\\\/\\\/kt.gov.rs\\\/#\\\/schema\\\/person\\\/e426459ddb4173309103390602694571\"},\"headline\":\"VATLE I PARI PARALAJMROI N\u00cb FLUKSIN E AZILANT\u00cbVE T\u00cb RREJSH\u00cbM\",\"datePublished\":\"2011-05-24T00:00:00+00:00\",\"mainEntityOfPage\":{\"@id\":\"https:\\\/\\\/kt.gov.rs\\\/sq\\\/vatle-i-pari-paralajmroi-ne-fluksin-e-azilanteve-te-rrejshem\\\/\"},\"wordCount\":323,\"publisher\":{\"@id\":\"https:\\\/\\\/kt.gov.rs\\\/#organization\"},\"articleSection\":[\"Lajme\"],\"inLanguage\":\"sq-AL\"},{\"@type\":\"WebPage\",\"@id\":\"https:\\\/\\\/kt.gov.rs\\\/sq\\\/vatle-i-pari-paralajmroi-ne-fluksin-e-azilanteve-te-rrejshem\\\/\",\"url\":\"https:\\\/\\\/kt.gov.rs\\\/sq\\\/vatle-i-pari-paralajmroi-ne-fluksin-e-azilanteve-te-rrejshem\\\/\",\"name\":\"VATLE I PARI PARALAJMROI N\u00cb FLUKSIN E AZILANT\u00cbVE T\u00cb RREJSH\u00cbM - Republika e S\u00ebrbis\u00eb Trupi Koordinues p\u00ebr komunat Bujanoc, Preshev\u00eb dhe Medvegj\u00eb\",\"isPartOf\":{\"@id\":\"https:\\\/\\\/kt.gov.rs\\\/#website\"},\"datePublished\":\"2011-05-24T00:00:00+00:00\",\"breadcrumb\":{\"@id\":\"https:\\\/\\\/kt.gov.rs\\\/sq\\\/vatle-i-pari-paralajmroi-ne-fluksin-e-azilanteve-te-rrejshem\\\/#breadcrumb\"},\"inLanguage\":\"sq-AL\",\"potentialAction\":[{\"@type\":\"ReadAction\",\"target\":[\"https:\\\/\\\/kt.gov.rs\\\/sq\\\/vatle-i-pari-paralajmroi-ne-fluksin-e-azilanteve-te-rrejshem\\\/\"]}]},{\"@type\":\"BreadcrumbList\",\"@id\":\"https:\\\/\\\/kt.gov.rs\\\/sq\\\/vatle-i-pari-paralajmroi-ne-fluksin-e-azilanteve-te-rrejshem\\\/#breadcrumb\",\"itemListElement\":[{\"@type\":\"ListItem\",\"position\":1,\"name\":\"\u041f\u043e\u0447\u0435\u0442\u043d\u0430\",\"item\":\"https:\\\/\\\/kt.gov.rs\\\/sq\\\/\"},{\"@type\":\"ListItem\",\"position\":2,\"name\":\"VATLE I PARI PARALAJMROI N\u00cb FLUKSIN E AZILANT\u00cbVE T\u00cb RREJSH\u00cbM\"}]},{\"@type\":\"WebSite\",\"@id\":\"https:\\\/\\\/kt.gov.rs\\\/#website\",\"url\":\"https:\\\/\\\/kt.gov.rs\\\/\",\"name\":\"\u041a\u043e\u043e\u0440\u0434\u0438\u043d\u0430\u0446\u0438\u043e\u043d\u043e \u0442\u0435\u043b\u043e \u0412\u043b\u0430\u0434\u0435 \u0420\u0435\u043f\u0443\u0431\u043b\u0438\u043a\u0435 \u0421\u0440\u0431\u0438\u0458\u0435 \u0437\u0430 \u043e\u043f\u0448\u0442\u0438\u043d\u0435 \u041f\u0440\u0435\u0448\u0435\u0432\u043e, \u0411\u0443\u0458\u0430\u043d\u043e\u0432\u0430\u0446 \u0438 \u041c\u0435\u0434\u0432\u0435\u0452a\",\"description\":\"\",\"publisher\":{\"@id\":\"https:\\\/\\\/kt.gov.rs\\\/#organization\"},\"alternateName\":\"\u041a\u043e\u043e\u0440\u0434\u0438\u043d\u0430\u0446\u0438\u043e\u043d\u043e \u0442\u0435\u043b\u043e\",\"potentialAction\":[{\"@type\":\"SearchAction\",\"target\":{\"@type\":\"EntryPoint\",\"urlTemplate\":\"https:\\\/\\\/kt.gov.rs\\\/?s={search_term_string}\"},\"query-input\":{\"@type\":\"PropertyValueSpecification\",\"valueRequired\":true,\"valueName\":\"search_term_string\"}}],\"inLanguage\":\"sq-AL\"},{\"@type\":\"Organization\",\"@id\":\"https:\\\/\\\/kt.gov.rs\\\/#organization\",\"name\":\"\u041a\u043e\u043e\u0440\u0434\u0438\u043d\u0430\u0446\u0438\u043e\u043d\u043e \u0442\u0435\u043b\u043e \u0412\u043b\u0430\u0434\u0435 \u0420\u0435\u043f\u0443\u0431\u043b\u0438\u043a\u0435 \u0421\u0440\u0431\u0438\u0458\u0435 \u0437\u0430 \u043e\u043f\u0448\u0442\u0438\u043d\u0435 \u041f\u0440\u0435\u0448\u0435\u0432\u043e, \u0411\u0443\u0458\u0430\u043d\u043e\u0432\u0430\u0446 \u0438 \u041c\u0435\u0434\u0432\u0435\u0452a\",\"alternateName\":\"\u041a\u043e\u043e\u0440\u0434\u0438\u043d\u0430\u0446\u0438\u043e\u043d\u043e \u0442\u0435\u043b\u043e\",\"url\":\"https:\\\/\\\/kt.gov.rs\\\/\",\"logo\":{\"@type\":\"ImageObject\",\"inLanguage\":\"sq-AL\",\"@id\":\"https:\\\/\\\/kt.gov.rs\\\/#\\\/schema\\\/logo\\\/image\\\/\",\"url\":\"https:\\\/\\\/kt.gov.rs\\\/wp-content\\\/uploads\\\/2024\\\/12\\\/koord2.jpg\",\"contentUrl\":\"https:\\\/\\\/kt.gov.rs\\\/wp-content\\\/uploads\\\/2024\\\/12\\\/koord2.jpg\",\"width\":640,\"height\":480,\"caption\":\"\u041a\u043e\u043e\u0440\u0434\u0438\u043d\u0430\u0446\u0438\u043e\u043d\u043e \u0442\u0435\u043b\u043e \u0412\u043b\u0430\u0434\u0435 \u0420\u0435\u043f\u0443\u0431\u043b\u0438\u043a\u0435 \u0421\u0440\u0431\u0438\u0458\u0435 \u0437\u0430 \u043e\u043f\u0448\u0442\u0438\u043d\u0435 \u041f\u0440\u0435\u0448\u0435\u0432\u043e, \u0411\u0443\u0458\u0430\u043d\u043e\u0432\u0430\u0446 \u0438 \u041c\u0435\u0434\u0432\u0435\u0452a\"},\"image\":{\"@id\":\"https:\\\/\\\/kt.gov.rs\\\/#\\\/schema\\\/logo\\\/image\\\/\"},\"sameAs\":[\"https:\\\/\\\/www.facebook.com\\\/SluzbaKoordinacionogTelaVladeRepublikeSrbije\",\"https:\\\/\\\/x.com\\\/kt_gov\",\"https:\\\/\\\/www.youtube.com\\\/@koordinacionotelo\"]},{\"@type\":\"Person\",\"@id\":\"https:\\\/\\\/kt.gov.rs\\\/#\\\/schema\\\/person\\\/e426459ddb4173309103390602694571\",\"name\":\"ktmin\",\"image\":{\"@type\":\"ImageObject\",\"inLanguage\":\"sq-AL\",\"@id\":\"https:\\\/\\\/secure.gravatar.com\\\/avatar\\\/3985c961109853010c3fbc7ba30365bfba5db3dd6c525831d9c595c7525a615a?s=96&d=mm&r=g\",\"url\":\"https:\\\/\\\/secure.gravatar.com\\\/avatar\\\/3985c961109853010c3fbc7ba30365bfba5db3dd6c525831d9c595c7525a615a?s=96&d=mm&r=g\",\"contentUrl\":\"https:\\\/\\\/secure.gravatar.com\\\/avatar\\\/3985c961109853010c3fbc7ba30365bfba5db3dd6c525831d9c595c7525a615a?s=96&d=mm&r=g\",\"caption\":\"ktmin\"},\"sameAs\":[\"https:\\\/\\\/kt.gov.rs\"],\"url\":\"https:\\\/\\\/kt.gov.rs\\\/sq\\\/author\\\/ktmin\\\/\"}]}<\/script>\n<!-- \/ Yoast SEO plugin. -->","yoast_head_json":{"title":"VATLE I PARI PARALAJMROI N\u00cb FLUKSIN E AZILANT\u00cbVE T\u00cb RREJSH\u00cbM - Republika e S\u00ebrbis\u00eb Trupi Koordinues p\u00ebr komunat Bujanoc, Preshev\u00eb dhe Medvegj\u00eb","robots":{"index":"index","follow":"follow","max-snippet":"max-snippet:-1","max-image-preview":"max-image-preview:large","max-video-preview":"max-video-preview:-1"},"canonical":"https:\/\/kt.gov.rs\/sq\/vatle-i-pari-paralajmroi-ne-fluksin-e-azilanteve-te-rrejshem\/","og_locale":"sq_AL","og_type":"article","og_title":"VATLE I PARI PARALAJMROI N\u00cb FLUKSIN E AZILANT\u00cbVE T\u00cb RREJSH\u00cbM - Republika e S\u00ebrbis\u00eb Trupi Koordinues p\u00ebr komunat Bujanoc, Preshev\u00eb dhe Medvegj\u00eb","og_description":"N\u00eb fillim t\u00eb marsit t\u00eb k\u00ebtij viti, sekretari i shtetit t\u00eb Belgjik\u00ebs Melior Vatle me zyrtarin e komisionit Europian Zhan Luj de Brauer dhe ambasadorin e Belgjik\u00ebs\u00a0 Deniz de Hauvere kan\u00eb vizituar Bujanocin, ku me p\u00ebrfaq\u00ebsuesit shqiptar nga Bujanoci dhe Presheva kan\u00eb biseduar p\u00ebr problemin e rritjes s\u00eb numrit t\u00eb qytetar\u00ebve nga jugu i S\u00ebrbis p\u00ebr azil n\u00eb Belgjik.","og_url":"https:\/\/kt.gov.rs\/sq\/vatle-i-pari-paralajmroi-ne-fluksin-e-azilanteve-te-rrejshem\/","og_site_name":"Republika e S\u00ebrbis\u00eb Trupi Koordinues p\u00ebr komunat Bujanoc, Preshev\u00eb dhe Medvegj\u00eb","article_publisher":"https:\/\/www.facebook.com\/SluzbaKoordinacionogTelaVladeRepublikeSrbije","article_published_time":"2011-05-24T00:00:00+00:00","author":"ktmin","twitter_card":"summary_large_image","twitter_creator":"@kt_gov","twitter_site":"@kt_gov","twitter_misc":{"Written by":"ktmin","Est. reading time":"2 minutes"},"schema":{"@context":"https:\/\/schema.org","@graph":[{"@type":"Article","@id":"https:\/\/kt.gov.rs\/sq\/vatle-i-pari-paralajmroi-ne-fluksin-e-azilanteve-te-rrejshem\/#article","isPartOf":{"@id":"https:\/\/kt.gov.rs\/sq\/vatle-i-pari-paralajmroi-ne-fluksin-e-azilanteve-te-rrejshem\/"},"author":{"name":"ktmin","@id":"https:\/\/kt.gov.rs\/#\/schema\/person\/e426459ddb4173309103390602694571"},"headline":"VATLE I PARI PARALAJMROI N\u00cb FLUKSIN E AZILANT\u00cbVE T\u00cb RREJSH\u00cbM","datePublished":"2011-05-24T00:00:00+00:00","mainEntityOfPage":{"@id":"https:\/\/kt.gov.rs\/sq\/vatle-i-pari-paralajmroi-ne-fluksin-e-azilanteve-te-rrejshem\/"},"wordCount":323,"publisher":{"@id":"https:\/\/kt.gov.rs\/#organization"},"articleSection":["Lajme"],"inLanguage":"sq-AL"},{"@type":"WebPage","@id":"https:\/\/kt.gov.rs\/sq\/vatle-i-pari-paralajmroi-ne-fluksin-e-azilanteve-te-rrejshem\/","url":"https:\/\/kt.gov.rs\/sq\/vatle-i-pari-paralajmroi-ne-fluksin-e-azilanteve-te-rrejshem\/","name":"VATLE I PARI PARALAJMROI N\u00cb FLUKSIN E AZILANT\u00cbVE T\u00cb RREJSH\u00cbM - Republika e S\u00ebrbis\u00eb Trupi Koordinues p\u00ebr komunat Bujanoc, Preshev\u00eb dhe Medvegj\u00eb","isPartOf":{"@id":"https:\/\/kt.gov.rs\/#website"},"datePublished":"2011-05-24T00:00:00+00:00","breadcrumb":{"@id":"https:\/\/kt.gov.rs\/sq\/vatle-i-pari-paralajmroi-ne-fluksin-e-azilanteve-te-rrejshem\/#breadcrumb"},"inLanguage":"sq-AL","potentialAction":[{"@type":"ReadAction","target":["https:\/\/kt.gov.rs\/sq\/vatle-i-pari-paralajmroi-ne-fluksin-e-azilanteve-te-rrejshem\/"]}]},{"@type":"BreadcrumbList","@id":"https:\/\/kt.gov.rs\/sq\/vatle-i-pari-paralajmroi-ne-fluksin-e-azilanteve-te-rrejshem\/#breadcrumb","itemListElement":[{"@type":"ListItem","position":1,"name":"\u041f\u043e\u0447\u0435\u0442\u043d\u0430","item":"https:\/\/kt.gov.rs\/sq\/"},{"@type":"ListItem","position":2,"name":"VATLE I PARI PARALAJMROI N\u00cb FLUKSIN E AZILANT\u00cbVE T\u00cb RREJSH\u00cbM"}]},{"@type":"WebSite","@id":"https:\/\/kt.gov.rs\/#website","url":"https:\/\/kt.gov.rs\/","name":"\u041a\u043e\u043e\u0440\u0434\u0438\u043d\u0430\u0446\u0438\u043e\u043d\u043e \u0442\u0435\u043b\u043e \u0412\u043b\u0430\u0434\u0435 \u0420\u0435\u043f\u0443\u0431\u043b\u0438\u043a\u0435 \u0421\u0440\u0431\u0438\u0458\u0435 \u0437\u0430 \u043e\u043f\u0448\u0442\u0438\u043d\u0435 \u041f\u0440\u0435\u0448\u0435\u0432\u043e, \u0411\u0443\u0458\u0430\u043d\u043e\u0432\u0430\u0446 \u0438 \u041c\u0435\u0434\u0432\u0435\u0452a","description":"","publisher":{"@id":"https:\/\/kt.gov.rs\/#organization"},"alternateName":"\u041a\u043e\u043e\u0440\u0434\u0438\u043d\u0430\u0446\u0438\u043e\u043d\u043e \u0442\u0435\u043b\u043e","potentialAction":[{"@type":"SearchAction","target":{"@type":"EntryPoint","urlTemplate":"https:\/\/kt.gov.rs\/?s={search_term_string}"},"query-input":{"@type":"PropertyValueSpecification","valueRequired":true,"valueName":"search_term_string"}}],"inLanguage":"sq-AL"},{"@type":"Organization","@id":"https:\/\/kt.gov.rs\/#organization","name":"\u041a\u043e\u043e\u0440\u0434\u0438\u043d\u0430\u0446\u0438\u043e\u043d\u043e \u0442\u0435\u043b\u043e \u0412\u043b\u0430\u0434\u0435 \u0420\u0435\u043f\u0443\u0431\u043b\u0438\u043a\u0435 \u0421\u0440\u0431\u0438\u0458\u0435 \u0437\u0430 \u043e\u043f\u0448\u0442\u0438\u043d\u0435 \u041f\u0440\u0435\u0448\u0435\u0432\u043e, \u0411\u0443\u0458\u0430\u043d\u043e\u0432\u0430\u0446 \u0438 \u041c\u0435\u0434\u0432\u0435\u0452a","alternateName":"\u041a\u043e\u043e\u0440\u0434\u0438\u043d\u0430\u0446\u0438\u043e\u043d\u043e \u0442\u0435\u043b\u043e","url":"https:\/\/kt.gov.rs\/","logo":{"@type":"ImageObject","inLanguage":"sq-AL","@id":"https:\/\/kt.gov.rs\/#\/schema\/logo\/image\/","url":"https:\/\/kt.gov.rs\/wp-content\/uploads\/2024\/12\/koord2.jpg","contentUrl":"https:\/\/kt.gov.rs\/wp-content\/uploads\/2024\/12\/koord2.jpg","width":640,"height":480,"caption":"\u041a\u043e\u043e\u0440\u0434\u0438\u043d\u0430\u0446\u0438\u043e\u043d\u043e \u0442\u0435\u043b\u043e \u0412\u043b\u0430\u0434\u0435 \u0420\u0435\u043f\u0443\u0431\u043b\u0438\u043a\u0435 \u0421\u0440\u0431\u0438\u0458\u0435 \u0437\u0430 \u043e\u043f\u0448\u0442\u0438\u043d\u0435 \u041f\u0440\u0435\u0448\u0435\u0432\u043e, \u0411\u0443\u0458\u0430\u043d\u043e\u0432\u0430\u0446 \u0438 \u041c\u0435\u0434\u0432\u0435\u0452a"},"image":{"@id":"https:\/\/kt.gov.rs\/#\/schema\/logo\/image\/"},"sameAs":["https:\/\/www.facebook.com\/SluzbaKoordinacionogTelaVladeRepublikeSrbije","https:\/\/x.com\/kt_gov","https:\/\/www.youtube.com\/@koordinacionotelo"]},{"@type":"Person","@id":"https:\/\/kt.gov.rs\/#\/schema\/person\/e426459ddb4173309103390602694571","name":"ktmin","image":{"@type":"ImageObject","inLanguage":"sq-AL","@id":"https:\/\/secure.gravatar.com\/avatar\/3985c961109853010c3fbc7ba30365bfba5db3dd6c525831d9c595c7525a615a?s=96&d=mm&r=g","url":"https:\/\/secure.gravatar.com\/avatar\/3985c961109853010c3fbc7ba30365bfba5db3dd6c525831d9c595c7525a615a?s=96&d=mm&r=g","contentUrl":"https:\/\/secure.gravatar.com\/avatar\/3985c961109853010c3fbc7ba30365bfba5db3dd6c525831d9c595c7525a615a?s=96&d=mm&r=g","caption":"ktmin"},"sameAs":["https:\/\/kt.gov.rs"],"url":"https:\/\/kt.gov.rs\/sq\/author\/ktmin\/"}]}},"_links":{"self":[{"href":"https:\/\/kt.gov.rs\/sq\/wp-json\/wp\/v2\/posts\/142271","targetHints":{"allow":["GET"]}}],"collection":[{"href":"https:\/\/kt.gov.rs\/sq\/wp-json\/wp\/v2\/posts"}],"about":[{"href":"https:\/\/kt.gov.rs\/sq\/wp-json\/wp\/v2\/types\/post"}],"author":[{"embeddable":true,"href":"https:\/\/kt.gov.rs\/sq\/wp-json\/wp\/v2\/users\/1"}],"replies":[{"embeddable":true,"href":"https:\/\/kt.gov.rs\/sq\/wp-json\/wp\/v2\/comments?post=142271"}],"version-history":[{"count":0,"href":"https:\/\/kt.gov.rs\/sq\/wp-json\/wp\/v2\/posts\/142271\/revisions"}],"wp:attachment":[{"href":"https:\/\/kt.gov.rs\/sq\/wp-json\/wp\/v2\/media?parent=142271"}],"wp:term":[{"taxonomy":"category","embeddable":true,"href":"https:\/\/kt.gov.rs\/sq\/wp-json\/wp\/v2\/categories?post=142271"},{"taxonomy":"post_tag","embeddable":true,"href":"https:\/\/kt.gov.rs\/sq\/wp-json\/wp\/v2\/tags?post=142271"}],"curies":[{"name":"wp","href":"https:\/\/api.w.org\/{rel}","templated":true}]}}