{"id":142258,"date":"2011-05-25T00:00:00","date_gmt":"2011-05-25T00:00:00","guid":{"rendered":"http:\/\/kt.printandscreen.rs\/kryetari-i-trupit-koordinues-ne-vizite-presheves-dhe-bujanocit\/"},"modified":"2024-07-30T20:20:31","modified_gmt":"2024-07-30T20:20:31","slug":"kryetari-i-trupit-koordinues-ne-vizite-presheves-dhe-bujanocit","status":"publish","type":"post","link":"https:\/\/kt.gov.rs\/sq\/kryetari-i-trupit-koordinues-ne-vizite-presheves-dhe-bujanocit\/","title":{"rendered":"KRYETARI I TRUPIT KOORDINUES  N\u00cb VIZIT\u00cb  PRESHEV\u00cbS DHE BUJANOCIT"},"content":{"rendered":"<p><img decoding=\"async\" align=\"left\" src=\"https:\/\/kt.gov.rs\/wp-content\/uploads\/2024\/07\/newspic510-4.jpg\" alt=\"\" \/>Kryetari i Trupit Koordinues I Qeveris\u00eb s\u00eb S\u00ebrbis\u00eb p\u00ebr komunat Preshev\u00eb, Bujanoc dhe Medvegj\u00eb ministri Milan Markoviq, t\u00eb premt\u00ebn, n\u00eb Preshev\u00eb, i ka shp\u00ebrndar\u00eb diploma pjes\u00ebmarr\u00ebsve t\u00eb kursit t\u00eb gjuh\u00ebs s\u00ebrbe.Projektin e ka finansuar Trupi Koordinues, nd\u00ebrsa e ka realizuar organizata International Human Center nga Presheva. Kursin tremujor e kan\u00eb p\u2019rfunduar 90 t\u00eb pranish\u00ebm, kryesisht nx\u00ebn\u00ebs t\u00eb shkollave t\u00eb mesme dhe student.<\/p>\n<p>\u201cP\u00ebr ata q\u00eb kan\u00eb p\u00ebrfunduar kursin e gjuh\u00ebs serbe paraqet nj\u00eb investim p\u00ebr t\u00eb ardhmen, sepse kjo do t\u00eb mund\u00ebsoj\u00eb pjes\u00ebmarr\u00ebsve p\u00ebr t\u00eb gjetur pun\u00eb m\u00eb shpejt. Kjo \u00ebsht\u00eb nj\u00eb ur\u00eb n\u00eb mes t\u00eb popullit serb dhe shqiptar, sepse Serbia \u00ebsht\u00eb\u00a0 vendi ku jetoni\u201d, potencoi ministri Markoviq me rastin e shp\u00ebrndarjes s\u00eb diplomave n\u00eb sht\u00ebpin\u00eb e kultures \u201cAbdullah Krashnica\u201d. Ai paralajm\u00ebroi se Trupi Koordinues do t\u00eb vazhdoj\u00eb t\u00eb mb\u00ebshtes\u00eb kursin e gjuh\u00ebs serbe n\u00eb Preshev\u00eb.<\/p>\n<p>\u00a0\u201eN\u00eb Preshev\u00eb m\u00ebsohet gjuha s\u00ebrbe n\u00eb shkollat fillore dhe t\u00eb mesme p\u00ebrdesi sa n\u00eb kurs kemi arritur t\u00eb sigurojm\u00eb njohuri shtes\u00eb : si plot\u00ebsohen formular\u00ebt, kartelat, si dhe gjindshm\u00ebria n\u00eb situata t\u00eb ve\u00e7anta( si psh. vizitat tek mjeku dhe raste t\u00eb ngjajshme) potencoi Ridvan Ribeiro, drejtor i organizat\u00ebs International Human Center <\/p>\n<p>Gjat\u00eb q\u00ebndrimit n\u00eb Preshev\u00eb ministri Markoviq e vizitoi TV Preshev\u00ebn.<\/p>\n<p>Pas takimit n\u00eb Preshev\u00eb kryetari i trupit Koordinues ministri Milan Markoviq e hapi, n\u00eb Bujanoc, turneun nd\u00ebrkomb\u00ebtar n\u00eb mini basket,i parapar\u00eb p\u00ebr basketbollist\u00ebt e rinj\u00eb t\u00eb ardhsh\u00ebm.<\/p>\n<p>Ai tha se pjes\u00ebmarrja dhe bashkpunimi n\u00eb manifestime t\u00eb tilla \u00ebsht\u00eb gj\u00ebja m\u00eb e r\u00ebnd\u00ebsishme, nd\u00ebrsa rezultatet jan\u00eb n\u00eb planin e dyt\u00eb. Pra, t\u00eb gjith\u00eb pjesmarr\u00ebsit n\u00eb nj\u00ebfar m\u00ebnyre jan\u00eb fitues t\u00eb turnirit n\u00eb mini basket, ku ministri Markoviq, s\u00eb bashku me p\u00ebrfaq\u00ebsuesit e komunave t\u00eb Bujanocit\u00a0 dhe projektit nd\u00ebrkomb\u00ebtar Progres, kapiten\u00ebve t\u00eb ekipave i ndan trofe. KB BSK Junior nga Bujanoci \u00ebsht\u00eb organizator i turneut n\u00eb t\u00eb cilin marrin pjes\u00eb ekipe nga vende t\u00eb ndryshme nga Republika e S\u00ebrbis dhe Maqedonis\u00eb. Projektin e kan\u00eb mb\u00ebshtetur trupi Koordinues, Progres dhe komuna e Bujanocit.<\/p>\n<p>Gjat\u00eb q\u00ebndrimit n\u00eb Bujanoc ministri Markoviq pati mund\u00ebsin t\u00eb\u00a0 hapi edhe klubin q\u00eb \u00ebsht\u00eb i parapar\u00eb t\u00eb rinj\u00ebve. Klubi ndodhet n\u00eb nd\u00ebrtes\u00ebn e komun\u00ebs s\u00eb Bujanocit\u00a0 n\u00eb hap\u00ebsir\u00ebn e Pres qendr\u00ebs s\u00eb trupit Koordinues. P\u00ebrve\u00e7 p\u00ebrfaq\u00ebsuesve t\u00eb organizatave projektet e t\u00eb cilave mbledhin popullat\u00ebn e re, p\u00ebrfaq\u00ebsuesve t\u00eb PBILD-it, Progresit dhe medijave, n\u00eb hapje kan\u00eb marr\u00eb pjes\u00eb t\u00eb rinj\u00ebt nga Bujanoci dhe Presheva.<\/p>\n<p>Ministri Markoviq theksoi se, n\u00eb p\u00ebrputhje me prioritetet e tyre, trupi Koordinues ka hapur nj\u00eb objekt i parapar\u00eb p\u00ebr t\u00eb rinj\u00ebt n\u00eb t\u00eb cilin t\u00eb rinj\u00ebt mund t\u00eb ndihen rehat, t\u00eb shoq\u00ebrohen dhe t\u00eb jen\u00eb kreativ, ti mendojn\u00eb aktivitetet dhe projektet e tyre. Qendra do t\u00eb jet\u00eb n\u00eb dispozicion edhe organizatave joqeveritare t\u00eb cilat d\u00ebshirojn\u00eb t\u00eb punojn\u00eb me t\u00eb rinj\u00ebt , t\u00eb organizojn\u00eb puntori dhe seminare, mirpo edhe shfryt\u00ebzueve t\u00eb klubit ti paraqesin punimet dhe aktivitetet e tyre n\u00eb m\u00ebnyr q\u00eb ti inkurajojn\u00eb ata p\u00ebr tu angazhuar n\u00eb aktivitete.<\/p>\n<p><img decoding=\"async\" align=\"left\" src=\"https:\/\/kt.gov.rs\/wp-content\/uploads\/2024\/07\/newspic511-2.jpg\" alt=\"\" \/>Aleksandar Laziq (organizata,,Ti dhe un\u00eb jemi ne\u201d nga Bujanoci), Gzim Murati (organizata The Future nga T\u00ebrrnoci i Madh) dhe Kenan Rashitoviq ( oranizata OFER nga Bujanoci), theksuan se qendra e re e hapur mund t\u00eb kontriboj n\u00eb zhvillimin e aktiviteteve t\u00eb ndryshme n\u00eb mes t\u00eb rinj\u00ebve, a para se t\u00eb gjithash ato nga sfera e kultur\u00ebs.<\/p>\n","protected":false},"excerpt":{"rendered":"<p>Kryetari i Trupit Koordinues I Qeveris\u00eb s\u00eb S\u00ebrbis\u00eb p\u00ebr komunat Preshev\u00eb,  Bujanoc dhe Medvegj\u00eb ministri Milan Markoviq, t\u00eb premt\u00ebn, n\u00eb Preshev\u00eb, i  ka shp\u00ebrndar\u00eb diploma pjes\u00ebmarr\u00ebsve t\u00eb kursit t\u00eb gjuh\u00ebs s\u00ebrbe.Projektin  e ka finansuar Trupi Koordinues, nd\u00ebrsa e ka realizuar organizata  International Human Center nga Presheva. Kursin tremujor e kan\u00eb  p\u2019rfunduar 90 t\u00eb pranish\u00ebm, kryesisht nx\u00ebn\u00ebs t\u00eb shkollave t\u00eb mesme dhe  student.<\/p>\n","protected":false},"author":1,"featured_media":142266,"comment_status":"closed","ping_status":"closed","sticky":false,"template":"","format":"standard","meta":{"footnotes":""},"categories":[55],"tags":[],"class_list":["post-142258","post","type-post","status-publish","format-standard","has-post-thumbnail","hentry","category-lajme"],"yoast_head":"<!-- This site is optimized with the Yoast SEO plugin v27.5 - https:\/\/yoast.com\/product\/yoast-seo-wordpress\/ -->\n<title>KRYETARI I TRUPIT KOORDINUES N\u00cb VIZIT\u00cb PRESHEV\u00cbS DHE BUJANOCIT - Republika e S\u00ebrbis\u00eb Trupi Koordinues p\u00ebr komunat Bujanoc, Preshev\u00eb dhe Medvegj\u00eb<\/title>\n<meta name=\"robots\" content=\"index, follow, max-snippet:-1, max-image-preview:large, max-video-preview:-1\" \/>\n<link rel=\"canonical\" href=\"https:\/\/kt.gov.rs\/sq\/kryetari-i-trupit-koordinues-ne-vizite-presheves-dhe-bujanocit\/\" \/>\n<meta property=\"og:locale\" content=\"sq_AL\" \/>\n<meta property=\"og:type\" content=\"article\" \/>\n<meta property=\"og:title\" content=\"KRYETARI I TRUPIT KOORDINUES N\u00cb VIZIT\u00cb PRESHEV\u00cbS DHE BUJANOCIT - Republika e S\u00ebrbis\u00eb Trupi Koordinues p\u00ebr komunat Bujanoc, Preshev\u00eb dhe Medvegj\u00eb\" \/>\n<meta property=\"og:description\" content=\"Kryetari i Trupit Koordinues I Qeveris\u00eb s\u00eb S\u00ebrbis\u00eb p\u00ebr komunat Preshev\u00eb, Bujanoc dhe Medvegj\u00eb ministri Milan Markoviq, t\u00eb premt\u00ebn, n\u00eb Preshev\u00eb, i ka shp\u00ebrndar\u00eb diploma pjes\u00ebmarr\u00ebsve t\u00eb kursit t\u00eb gjuh\u00ebs s\u00ebrbe.Projektin e ka finansuar Trupi Koordinues, nd\u00ebrsa e ka realizuar organizata International Human Center nga Presheva. Kursin tremujor e kan\u00eb p\u2019rfunduar 90 t\u00eb pranish\u00ebm, kryesisht nx\u00ebn\u00ebs t\u00eb shkollave t\u00eb mesme dhe student.\" \/>\n<meta property=\"og:url\" content=\"https:\/\/kt.gov.rs\/sq\/kryetari-i-trupit-koordinues-ne-vizite-presheves-dhe-bujanocit\/\" \/>\n<meta property=\"og:site_name\" content=\"Republika e S\u00ebrbis\u00eb Trupi Koordinues p\u00ebr komunat Bujanoc, Preshev\u00eb dhe Medvegj\u00eb\" \/>\n<meta property=\"article:publisher\" content=\"https:\/\/www.facebook.com\/SluzbaKoordinacionogTelaVladeRepublikeSrbije\" \/>\n<meta property=\"article:published_time\" content=\"2011-05-25T00:00:00+00:00\" \/>\n<meta property=\"article:modified_time\" content=\"2024-07-30T20:20:31+00:00\" \/>\n<meta property=\"og:image\" content=\"https:\/\/kt.gov.rs\/wp-content\/uploads\/2024\/07\/newspic510-5.jpg\" \/>\n\t<meta property=\"og:image:width\" content=\"265\" \/>\n\t<meta property=\"og:image:height\" content=\"200\" \/>\n\t<meta property=\"og:image:type\" content=\"image\/jpeg\" \/>\n<meta name=\"author\" content=\"ktmin\" \/>\n<meta name=\"twitter:card\" content=\"summary_large_image\" \/>\n<meta name=\"twitter:creator\" content=\"@kt_gov\" \/>\n<meta name=\"twitter:site\" content=\"@kt_gov\" \/>\n<meta name=\"twitter:label1\" content=\"Written by\" \/>\n\t<meta name=\"twitter:data1\" content=\"ktmin\" \/>\n\t<meta name=\"twitter:label2\" content=\"Est. reading time\" \/>\n\t<meta name=\"twitter:data2\" content=\"3 minutes\" \/>\n<script type=\"application\/ld+json\" class=\"yoast-schema-graph\">{\"@context\":\"https:\\\/\\\/schema.org\",\"@graph\":[{\"@type\":\"Article\",\"@id\":\"https:\\\/\\\/kt.gov.rs\\\/sq\\\/kryetari-i-trupit-koordinues-ne-vizite-presheves-dhe-bujanocit\\\/#article\",\"isPartOf\":{\"@id\":\"https:\\\/\\\/kt.gov.rs\\\/sq\\\/kryetari-i-trupit-koordinues-ne-vizite-presheves-dhe-bujanocit\\\/\"},\"author\":{\"name\":\"ktmin\",\"@id\":\"https:\\\/\\\/kt.gov.rs\\\/#\\\/schema\\\/person\\\/e426459ddb4173309103390602694571\"},\"headline\":\"KRYETARI I TRUPIT KOORDINUES N\u00cb VIZIT\u00cb PRESHEV\u00cbS DHE BUJANOCIT\",\"datePublished\":\"2011-05-25T00:00:00+00:00\",\"dateModified\":\"2024-07-30T20:20:31+00:00\",\"mainEntityOfPage\":{\"@id\":\"https:\\\/\\\/kt.gov.rs\\\/sq\\\/kryetari-i-trupit-koordinues-ne-vizite-presheves-dhe-bujanocit\\\/\"},\"wordCount\":632,\"publisher\":{\"@id\":\"https:\\\/\\\/kt.gov.rs\\\/#organization\"},\"image\":{\"@id\":\"https:\\\/\\\/kt.gov.rs\\\/sq\\\/kryetari-i-trupit-koordinues-ne-vizite-presheves-dhe-bujanocit\\\/#primaryimage\"},\"thumbnailUrl\":\"https:\\\/\\\/kt.gov.rs\\\/wp-content\\\/uploads\\\/2024\\\/07\\\/newspic510-5.jpg\",\"articleSection\":[\"Lajme\"],\"inLanguage\":\"sq-AL\"},{\"@type\":\"WebPage\",\"@id\":\"https:\\\/\\\/kt.gov.rs\\\/sq\\\/kryetari-i-trupit-koordinues-ne-vizite-presheves-dhe-bujanocit\\\/\",\"url\":\"https:\\\/\\\/kt.gov.rs\\\/sq\\\/kryetari-i-trupit-koordinues-ne-vizite-presheves-dhe-bujanocit\\\/\",\"name\":\"KRYETARI I TRUPIT KOORDINUES N\u00cb VIZIT\u00cb PRESHEV\u00cbS DHE BUJANOCIT - Republika e S\u00ebrbis\u00eb Trupi Koordinues p\u00ebr komunat Bujanoc, Preshev\u00eb dhe Medvegj\u00eb\",\"isPartOf\":{\"@id\":\"https:\\\/\\\/kt.gov.rs\\\/#website\"},\"primaryImageOfPage\":{\"@id\":\"https:\\\/\\\/kt.gov.rs\\\/sq\\\/kryetari-i-trupit-koordinues-ne-vizite-presheves-dhe-bujanocit\\\/#primaryimage\"},\"image\":{\"@id\":\"https:\\\/\\\/kt.gov.rs\\\/sq\\\/kryetari-i-trupit-koordinues-ne-vizite-presheves-dhe-bujanocit\\\/#primaryimage\"},\"thumbnailUrl\":\"https:\\\/\\\/kt.gov.rs\\\/wp-content\\\/uploads\\\/2024\\\/07\\\/newspic510-5.jpg\",\"datePublished\":\"2011-05-25T00:00:00+00:00\",\"dateModified\":\"2024-07-30T20:20:31+00:00\",\"breadcrumb\":{\"@id\":\"https:\\\/\\\/kt.gov.rs\\\/sq\\\/kryetari-i-trupit-koordinues-ne-vizite-presheves-dhe-bujanocit\\\/#breadcrumb\"},\"inLanguage\":\"sq-AL\",\"potentialAction\":[{\"@type\":\"ReadAction\",\"target\":[\"https:\\\/\\\/kt.gov.rs\\\/sq\\\/kryetari-i-trupit-koordinues-ne-vizite-presheves-dhe-bujanocit\\\/\"]}]},{\"@type\":\"ImageObject\",\"inLanguage\":\"sq-AL\",\"@id\":\"https:\\\/\\\/kt.gov.rs\\\/sq\\\/kryetari-i-trupit-koordinues-ne-vizite-presheves-dhe-bujanocit\\\/#primaryimage\",\"url\":\"https:\\\/\\\/kt.gov.rs\\\/wp-content\\\/uploads\\\/2024\\\/07\\\/newspic510-5.jpg\",\"contentUrl\":\"https:\\\/\\\/kt.gov.rs\\\/wp-content\\\/uploads\\\/2024\\\/07\\\/newspic510-5.jpg\",\"width\":265,\"height\":200},{\"@type\":\"BreadcrumbList\",\"@id\":\"https:\\\/\\\/kt.gov.rs\\\/sq\\\/kryetari-i-trupit-koordinues-ne-vizite-presheves-dhe-bujanocit\\\/#breadcrumb\",\"itemListElement\":[{\"@type\":\"ListItem\",\"position\":1,\"name\":\"\u041f\u043e\u0447\u0435\u0442\u043d\u0430\",\"item\":\"https:\\\/\\\/kt.gov.rs\\\/sq\\\/\"},{\"@type\":\"ListItem\",\"position\":2,\"name\":\"KRYETARI I TRUPIT KOORDINUES N\u00cb VIZIT\u00cb PRESHEV\u00cbS DHE BUJANOCIT\"}]},{\"@type\":\"WebSite\",\"@id\":\"https:\\\/\\\/kt.gov.rs\\\/#website\",\"url\":\"https:\\\/\\\/kt.gov.rs\\\/\",\"name\":\"\u041a\u043e\u043e\u0440\u0434\u0438\u043d\u0430\u0446\u0438\u043e\u043d\u043e \u0442\u0435\u043b\u043e \u0412\u043b\u0430\u0434\u0435 \u0420\u0435\u043f\u0443\u0431\u043b\u0438\u043a\u0435 \u0421\u0440\u0431\u0438\u0458\u0435 \u0437\u0430 \u043e\u043f\u0448\u0442\u0438\u043d\u0435 \u041f\u0440\u0435\u0448\u0435\u0432\u043e, \u0411\u0443\u0458\u0430\u043d\u043e\u0432\u0430\u0446 \u0438 \u041c\u0435\u0434\u0432\u0435\u0452a\",\"description\":\"\",\"publisher\":{\"@id\":\"https:\\\/\\\/kt.gov.rs\\\/#organization\"},\"alternateName\":\"\u041a\u043e\u043e\u0440\u0434\u0438\u043d\u0430\u0446\u0438\u043e\u043d\u043e \u0442\u0435\u043b\u043e\",\"potentialAction\":[{\"@type\":\"SearchAction\",\"target\":{\"@type\":\"EntryPoint\",\"urlTemplate\":\"https:\\\/\\\/kt.gov.rs\\\/?s={search_term_string}\"},\"query-input\":{\"@type\":\"PropertyValueSpecification\",\"valueRequired\":true,\"valueName\":\"search_term_string\"}}],\"inLanguage\":\"sq-AL\"},{\"@type\":\"Organization\",\"@id\":\"https:\\\/\\\/kt.gov.rs\\\/#organization\",\"name\":\"\u041a\u043e\u043e\u0440\u0434\u0438\u043d\u0430\u0446\u0438\u043e\u043d\u043e \u0442\u0435\u043b\u043e \u0412\u043b\u0430\u0434\u0435 \u0420\u0435\u043f\u0443\u0431\u043b\u0438\u043a\u0435 \u0421\u0440\u0431\u0438\u0458\u0435 \u0437\u0430 \u043e\u043f\u0448\u0442\u0438\u043d\u0435 \u041f\u0440\u0435\u0448\u0435\u0432\u043e, \u0411\u0443\u0458\u0430\u043d\u043e\u0432\u0430\u0446 \u0438 \u041c\u0435\u0434\u0432\u0435\u0452a\",\"alternateName\":\"\u041a\u043e\u043e\u0440\u0434\u0438\u043d\u0430\u0446\u0438\u043e\u043d\u043e \u0442\u0435\u043b\u043e\",\"url\":\"https:\\\/\\\/kt.gov.rs\\\/\",\"logo\":{\"@type\":\"ImageObject\",\"inLanguage\":\"sq-AL\",\"@id\":\"https:\\\/\\\/kt.gov.rs\\\/#\\\/schema\\\/logo\\\/image\\\/\",\"url\":\"https:\\\/\\\/kt.gov.rs\\\/wp-content\\\/uploads\\\/2024\\\/12\\\/koord2.jpg\",\"contentUrl\":\"https:\\\/\\\/kt.gov.rs\\\/wp-content\\\/uploads\\\/2024\\\/12\\\/koord2.jpg\",\"width\":640,\"height\":480,\"caption\":\"\u041a\u043e\u043e\u0440\u0434\u0438\u043d\u0430\u0446\u0438\u043e\u043d\u043e \u0442\u0435\u043b\u043e \u0412\u043b\u0430\u0434\u0435 \u0420\u0435\u043f\u0443\u0431\u043b\u0438\u043a\u0435 \u0421\u0440\u0431\u0438\u0458\u0435 \u0437\u0430 \u043e\u043f\u0448\u0442\u0438\u043d\u0435 \u041f\u0440\u0435\u0448\u0435\u0432\u043e, \u0411\u0443\u0458\u0430\u043d\u043e\u0432\u0430\u0446 \u0438 \u041c\u0435\u0434\u0432\u0435\u0452a\"},\"image\":{\"@id\":\"https:\\\/\\\/kt.gov.rs\\\/#\\\/schema\\\/logo\\\/image\\\/\"},\"sameAs\":[\"https:\\\/\\\/www.facebook.com\\\/SluzbaKoordinacionogTelaVladeRepublikeSrbije\",\"https:\\\/\\\/x.com\\\/kt_gov\",\"https:\\\/\\\/www.youtube.com\\\/@koordinacionotelo\"]},{\"@type\":\"Person\",\"@id\":\"https:\\\/\\\/kt.gov.rs\\\/#\\\/schema\\\/person\\\/e426459ddb4173309103390602694571\",\"name\":\"ktmin\",\"image\":{\"@type\":\"ImageObject\",\"inLanguage\":\"sq-AL\",\"@id\":\"https:\\\/\\\/secure.gravatar.com\\\/avatar\\\/3985c961109853010c3fbc7ba30365bfba5db3dd6c525831d9c595c7525a615a?s=96&d=mm&r=g\",\"url\":\"https:\\\/\\\/secure.gravatar.com\\\/avatar\\\/3985c961109853010c3fbc7ba30365bfba5db3dd6c525831d9c595c7525a615a?s=96&d=mm&r=g\",\"contentUrl\":\"https:\\\/\\\/secure.gravatar.com\\\/avatar\\\/3985c961109853010c3fbc7ba30365bfba5db3dd6c525831d9c595c7525a615a?s=96&d=mm&r=g\",\"caption\":\"ktmin\"},\"sameAs\":[\"https:\\\/\\\/kt.gov.rs\"],\"url\":\"https:\\\/\\\/kt.gov.rs\\\/sq\\\/author\\\/ktmin\\\/\"}]}<\/script>\n<!-- \/ Yoast SEO plugin. -->","yoast_head_json":{"title":"KRYETARI I TRUPIT KOORDINUES N\u00cb VIZIT\u00cb PRESHEV\u00cbS DHE BUJANOCIT - Republika e S\u00ebrbis\u00eb Trupi Koordinues p\u00ebr komunat Bujanoc, Preshev\u00eb dhe Medvegj\u00eb","robots":{"index":"index","follow":"follow","max-snippet":"max-snippet:-1","max-image-preview":"max-image-preview:large","max-video-preview":"max-video-preview:-1"},"canonical":"https:\/\/kt.gov.rs\/sq\/kryetari-i-trupit-koordinues-ne-vizite-presheves-dhe-bujanocit\/","og_locale":"sq_AL","og_type":"article","og_title":"KRYETARI I TRUPIT KOORDINUES N\u00cb VIZIT\u00cb PRESHEV\u00cbS DHE BUJANOCIT - Republika e S\u00ebrbis\u00eb Trupi Koordinues p\u00ebr komunat Bujanoc, Preshev\u00eb dhe Medvegj\u00eb","og_description":"Kryetari i Trupit Koordinues I Qeveris\u00eb s\u00eb S\u00ebrbis\u00eb p\u00ebr komunat Preshev\u00eb, Bujanoc dhe Medvegj\u00eb ministri Milan Markoviq, t\u00eb premt\u00ebn, n\u00eb Preshev\u00eb, i ka shp\u00ebrndar\u00eb diploma pjes\u00ebmarr\u00ebsve t\u00eb kursit t\u00eb gjuh\u00ebs s\u00ebrbe.Projektin e ka finansuar Trupi Koordinues, nd\u00ebrsa e ka realizuar organizata International Human Center nga Presheva. Kursin tremujor e kan\u00eb p\u2019rfunduar 90 t\u00eb pranish\u00ebm, kryesisht nx\u00ebn\u00ebs t\u00eb shkollave t\u00eb mesme dhe student.","og_url":"https:\/\/kt.gov.rs\/sq\/kryetari-i-trupit-koordinues-ne-vizite-presheves-dhe-bujanocit\/","og_site_name":"Republika e S\u00ebrbis\u00eb Trupi Koordinues p\u00ebr komunat Bujanoc, Preshev\u00eb dhe Medvegj\u00eb","article_publisher":"https:\/\/www.facebook.com\/SluzbaKoordinacionogTelaVladeRepublikeSrbije","article_published_time":"2011-05-25T00:00:00+00:00","article_modified_time":"2024-07-30T20:20:31+00:00","og_image":[{"width":265,"height":200,"url":"https:\/\/kt.gov.rs\/wp-content\/uploads\/2024\/07\/newspic510-5.jpg","type":"image\/jpeg"}],"author":"ktmin","twitter_card":"summary_large_image","twitter_creator":"@kt_gov","twitter_site":"@kt_gov","twitter_misc":{"Written by":"ktmin","Est. reading time":"3 minutes"},"schema":{"@context":"https:\/\/schema.org","@graph":[{"@type":"Article","@id":"https:\/\/kt.gov.rs\/sq\/kryetari-i-trupit-koordinues-ne-vizite-presheves-dhe-bujanocit\/#article","isPartOf":{"@id":"https:\/\/kt.gov.rs\/sq\/kryetari-i-trupit-koordinues-ne-vizite-presheves-dhe-bujanocit\/"},"author":{"name":"ktmin","@id":"https:\/\/kt.gov.rs\/#\/schema\/person\/e426459ddb4173309103390602694571"},"headline":"KRYETARI I TRUPIT KOORDINUES N\u00cb VIZIT\u00cb PRESHEV\u00cbS DHE BUJANOCIT","datePublished":"2011-05-25T00:00:00+00:00","dateModified":"2024-07-30T20:20:31+00:00","mainEntityOfPage":{"@id":"https:\/\/kt.gov.rs\/sq\/kryetari-i-trupit-koordinues-ne-vizite-presheves-dhe-bujanocit\/"},"wordCount":632,"publisher":{"@id":"https:\/\/kt.gov.rs\/#organization"},"image":{"@id":"https:\/\/kt.gov.rs\/sq\/kryetari-i-trupit-koordinues-ne-vizite-presheves-dhe-bujanocit\/#primaryimage"},"thumbnailUrl":"https:\/\/kt.gov.rs\/wp-content\/uploads\/2024\/07\/newspic510-5.jpg","articleSection":["Lajme"],"inLanguage":"sq-AL"},{"@type":"WebPage","@id":"https:\/\/kt.gov.rs\/sq\/kryetari-i-trupit-koordinues-ne-vizite-presheves-dhe-bujanocit\/","url":"https:\/\/kt.gov.rs\/sq\/kryetari-i-trupit-koordinues-ne-vizite-presheves-dhe-bujanocit\/","name":"KRYETARI I TRUPIT KOORDINUES N\u00cb VIZIT\u00cb PRESHEV\u00cbS DHE BUJANOCIT - Republika e S\u00ebrbis\u00eb Trupi Koordinues p\u00ebr komunat Bujanoc, Preshev\u00eb dhe Medvegj\u00eb","isPartOf":{"@id":"https:\/\/kt.gov.rs\/#website"},"primaryImageOfPage":{"@id":"https:\/\/kt.gov.rs\/sq\/kryetari-i-trupit-koordinues-ne-vizite-presheves-dhe-bujanocit\/#primaryimage"},"image":{"@id":"https:\/\/kt.gov.rs\/sq\/kryetari-i-trupit-koordinues-ne-vizite-presheves-dhe-bujanocit\/#primaryimage"},"thumbnailUrl":"https:\/\/kt.gov.rs\/wp-content\/uploads\/2024\/07\/newspic510-5.jpg","datePublished":"2011-05-25T00:00:00+00:00","dateModified":"2024-07-30T20:20:31+00:00","breadcrumb":{"@id":"https:\/\/kt.gov.rs\/sq\/kryetari-i-trupit-koordinues-ne-vizite-presheves-dhe-bujanocit\/#breadcrumb"},"inLanguage":"sq-AL","potentialAction":[{"@type":"ReadAction","target":["https:\/\/kt.gov.rs\/sq\/kryetari-i-trupit-koordinues-ne-vizite-presheves-dhe-bujanocit\/"]}]},{"@type":"ImageObject","inLanguage":"sq-AL","@id":"https:\/\/kt.gov.rs\/sq\/kryetari-i-trupit-koordinues-ne-vizite-presheves-dhe-bujanocit\/#primaryimage","url":"https:\/\/kt.gov.rs\/wp-content\/uploads\/2024\/07\/newspic510-5.jpg","contentUrl":"https:\/\/kt.gov.rs\/wp-content\/uploads\/2024\/07\/newspic510-5.jpg","width":265,"height":200},{"@type":"BreadcrumbList","@id":"https:\/\/kt.gov.rs\/sq\/kryetari-i-trupit-koordinues-ne-vizite-presheves-dhe-bujanocit\/#breadcrumb","itemListElement":[{"@type":"ListItem","position":1,"name":"\u041f\u043e\u0447\u0435\u0442\u043d\u0430","item":"https:\/\/kt.gov.rs\/sq\/"},{"@type":"ListItem","position":2,"name":"KRYETARI I TRUPIT KOORDINUES N\u00cb VIZIT\u00cb PRESHEV\u00cbS DHE BUJANOCIT"}]},{"@type":"WebSite","@id":"https:\/\/kt.gov.rs\/#website","url":"https:\/\/kt.gov.rs\/","name":"\u041a\u043e\u043e\u0440\u0434\u0438\u043d\u0430\u0446\u0438\u043e\u043d\u043e \u0442\u0435\u043b\u043e \u0412\u043b\u0430\u0434\u0435 \u0420\u0435\u043f\u0443\u0431\u043b\u0438\u043a\u0435 \u0421\u0440\u0431\u0438\u0458\u0435 \u0437\u0430 \u043e\u043f\u0448\u0442\u0438\u043d\u0435 \u041f\u0440\u0435\u0448\u0435\u0432\u043e, \u0411\u0443\u0458\u0430\u043d\u043e\u0432\u0430\u0446 \u0438 \u041c\u0435\u0434\u0432\u0435\u0452a","description":"","publisher":{"@id":"https:\/\/kt.gov.rs\/#organization"},"alternateName":"\u041a\u043e\u043e\u0440\u0434\u0438\u043d\u0430\u0446\u0438\u043e\u043d\u043e \u0442\u0435\u043b\u043e","potentialAction":[{"@type":"SearchAction","target":{"@type":"EntryPoint","urlTemplate":"https:\/\/kt.gov.rs\/?s={search_term_string}"},"query-input":{"@type":"PropertyValueSpecification","valueRequired":true,"valueName":"search_term_string"}}],"inLanguage":"sq-AL"},{"@type":"Organization","@id":"https:\/\/kt.gov.rs\/#organization","name":"\u041a\u043e\u043e\u0440\u0434\u0438\u043d\u0430\u0446\u0438\u043e\u043d\u043e \u0442\u0435\u043b\u043e \u0412\u043b\u0430\u0434\u0435 \u0420\u0435\u043f\u0443\u0431\u043b\u0438\u043a\u0435 \u0421\u0440\u0431\u0438\u0458\u0435 \u0437\u0430 \u043e\u043f\u0448\u0442\u0438\u043d\u0435 \u041f\u0440\u0435\u0448\u0435\u0432\u043e, \u0411\u0443\u0458\u0430\u043d\u043e\u0432\u0430\u0446 \u0438 \u041c\u0435\u0434\u0432\u0435\u0452a","alternateName":"\u041a\u043e\u043e\u0440\u0434\u0438\u043d\u0430\u0446\u0438\u043e\u043d\u043e \u0442\u0435\u043b\u043e","url":"https:\/\/kt.gov.rs\/","logo":{"@type":"ImageObject","inLanguage":"sq-AL","@id":"https:\/\/kt.gov.rs\/#\/schema\/logo\/image\/","url":"https:\/\/kt.gov.rs\/wp-content\/uploads\/2024\/12\/koord2.jpg","contentUrl":"https:\/\/kt.gov.rs\/wp-content\/uploads\/2024\/12\/koord2.jpg","width":640,"height":480,"caption":"\u041a\u043e\u043e\u0440\u0434\u0438\u043d\u0430\u0446\u0438\u043e\u043d\u043e \u0442\u0435\u043b\u043e \u0412\u043b\u0430\u0434\u0435 \u0420\u0435\u043f\u0443\u0431\u043b\u0438\u043a\u0435 \u0421\u0440\u0431\u0438\u0458\u0435 \u0437\u0430 \u043e\u043f\u0448\u0442\u0438\u043d\u0435 \u041f\u0440\u0435\u0448\u0435\u0432\u043e, \u0411\u0443\u0458\u0430\u043d\u043e\u0432\u0430\u0446 \u0438 \u041c\u0435\u0434\u0432\u0435\u0452a"},"image":{"@id":"https:\/\/kt.gov.rs\/#\/schema\/logo\/image\/"},"sameAs":["https:\/\/www.facebook.com\/SluzbaKoordinacionogTelaVladeRepublikeSrbije","https:\/\/x.com\/kt_gov","https:\/\/www.youtube.com\/@koordinacionotelo"]},{"@type":"Person","@id":"https:\/\/kt.gov.rs\/#\/schema\/person\/e426459ddb4173309103390602694571","name":"ktmin","image":{"@type":"ImageObject","inLanguage":"sq-AL","@id":"https:\/\/secure.gravatar.com\/avatar\/3985c961109853010c3fbc7ba30365bfba5db3dd6c525831d9c595c7525a615a?s=96&d=mm&r=g","url":"https:\/\/secure.gravatar.com\/avatar\/3985c961109853010c3fbc7ba30365bfba5db3dd6c525831d9c595c7525a615a?s=96&d=mm&r=g","contentUrl":"https:\/\/secure.gravatar.com\/avatar\/3985c961109853010c3fbc7ba30365bfba5db3dd6c525831d9c595c7525a615a?s=96&d=mm&r=g","caption":"ktmin"},"sameAs":["https:\/\/kt.gov.rs"],"url":"https:\/\/kt.gov.rs\/sq\/author\/ktmin\/"}]}},"_links":{"self":[{"href":"https:\/\/kt.gov.rs\/sq\/wp-json\/wp\/v2\/posts\/142258","targetHints":{"allow":["GET"]}}],"collection":[{"href":"https:\/\/kt.gov.rs\/sq\/wp-json\/wp\/v2\/posts"}],"about":[{"href":"https:\/\/kt.gov.rs\/sq\/wp-json\/wp\/v2\/types\/post"}],"author":[{"embeddable":true,"href":"https:\/\/kt.gov.rs\/sq\/wp-json\/wp\/v2\/users\/1"}],"replies":[{"embeddable":true,"href":"https:\/\/kt.gov.rs\/sq\/wp-json\/wp\/v2\/comments?post=142258"}],"version-history":[{"count":1,"href":"https:\/\/kt.gov.rs\/sq\/wp-json\/wp\/v2\/posts\/142258\/revisions"}],"predecessor-version":[{"id":142265,"href":"https:\/\/kt.gov.rs\/sq\/wp-json\/wp\/v2\/posts\/142258\/revisions\/142265"}],"wp:featuredmedia":[{"embeddable":true,"href":"https:\/\/kt.gov.rs\/sq\/wp-json\/wp\/v2\/media\/142266"}],"wp:attachment":[{"href":"https:\/\/kt.gov.rs\/sq\/wp-json\/wp\/v2\/media?parent=142258"}],"wp:term":[{"taxonomy":"category","embeddable":true,"href":"https:\/\/kt.gov.rs\/sq\/wp-json\/wp\/v2\/categories?post=142258"},{"taxonomy":"post_tag","embeddable":true,"href":"https:\/\/kt.gov.rs\/sq\/wp-json\/wp\/v2\/tags?post=142258"}],"curies":[{"name":"wp","href":"https:\/\/api.w.org\/{rel}","templated":true}]}}