{"id":142256,"date":"2011-06-03T00:00:00","date_gmt":"2011-06-03T00:00:00","guid":{"rendered":"http:\/\/kt.printandscreen.rs\/kembimi-ekonomik-me-boten-e-jashtme-u-gjallerua-ne-presheve-tergovishte-bosilegrad-dhe-vlladicin-han\/"},"modified":"2011-06-03T00:00:00","modified_gmt":"2011-06-03T00:00:00","slug":"kembimi-ekonomik-me-boten-e-jashtme-u-gjallerua-ne-presheve-tergovishte-bosilegrad-dhe-vlladicin-han","status":"publish","type":"post","link":"https:\/\/kt.gov.rs\/sq\/kembimi-ekonomik-me-boten-e-jashtme-u-gjallerua-ne-presheve-tergovishte-bosilegrad-dhe-vlladicin-han\/","title":{"rendered":"K\u00ebmbimi ekonomik me bot\u00ebn e jashtme u gjall\u00ebrua ne Preshev\u00eb, T\u00ebrgovisht\u00eb, Bosilegrad dhe Vlladi\u00e7in Han"},"content":{"rendered":"<p><strong>Vranj\u00eb<\/strong> \u2013 Ekonomia e Rrethit t\u00eb P\u00e7inj\u00ebs n\u00eb tremujorin e par\u00eb ka eksportuar dhe importuar mallra dhe sh\u00ebrbime p\u00ebr nj\u00eb total prej 67 milion dollar\u00ebve. N\u00eb tregti me bot\u00ebn e jashtme ka arritur nj\u00eb suficit prej 6 milion dollar\u00ebve. Nd\u00ebrkaq,\u00a0 pjes\u00ebn m\u00eb t\u00eb\u00a0 madhe t\u00eb k\u00ebmbimit t\u00eb\u00a0 tregtis\u00eb s\u00eb jashtme s\u00eb rajonit e mban qyteti i Vranj\u00ebs. Firmat e Vranj\u00ebs n\u00eb tremujorin e par\u00eb\u00a0 jasht vendit kan\u00eb realizuar gati 31 milion dollar\u00eb, gati gjysm\u00eb her\u00eb m\u00eb shum\u00eb se n\u00eb p\u00ebriudh\u00ebn e njejt t\u00eb vitit t\u00eb kaluar. Dhe importi i tyre prej 25 milion dollar\u00ebve, gjithashtu e tejkalon at\u00eb t\u00eb vitit t\u00eb kaluar p\u00ebr 20 p\u00ebrqind. N\u00eb fakt, sa i p\u00ebrket Rrethit t\u00eb P\u00e7inj\u00ebs, vet\u00ebm ekonomia e Bujanocit q\u00eb nga fillimi i vitit ka eksportuar p\u00ebr nj\u00eb \u00e7erek m\u00eb pak.<br \/>\n\u00a0<br \/>\nSurdulica eksportuese e dikurshme, edhe k\u00ebt\u00eb vit ka mbetur pa eksportues. N\u00eb an\u00ebn\u00a0 tjet\u00ebr, ekonomia e Preshev\u00ebs, T\u00ebrgovisht\u00ebs, Bosilegradit dhe Vlladi\u00e7in Hanit e cila viteve t\u00eb fundit ka ngecur, n\u00eb tremujorin e par\u00eb ka gjall\u00ebruar k\u00ebmbimin e tregtis\u00eb s\u00eb jashtme. Ndryshimet jan\u00eb simbolike, sidomos n\u00eb T\u00ebrgovisht\u00eb dhe Bosilegrad, por prap se prap kjo \u00ebsht\u00eb dyfish, trefish por edhe gjasht\u00ebfish m\u00eb shum\u00eb se\u00a0 vitin e kaluar gjat\u00eb periudh\u00ebs s\u00eb njejt\u00eb.Vet\u00ebm eksporti dhe importi i firmave preshevare ka arritur\u00a0 nj\u00eb milion dollar\u00eb. Rrethi i P\u00e7inj\u00ebs eksporton n\u00eb kat\u00ebrdhjet\u00eb vende, por megjithat\u00eb importon gati dy her\u00eb m\u00eb shum\u00eb. Firmat e tij ende bashkpunojn\u00eb me Italin\u00eb por edhe me vendet tregtare ish-jugosllave. P\u00ebrndryshe, p\u00ebr vite me rradh\u00eb Italija ka qene partneri kryesor\u00eb i Od\u00ebs Ekonomike t\u00eb Leskovcit e cila p\u00ebrfshin\u00eb Rrethin e P\u00e7inj\u00ebs dhe Jabllanic\u00ebs. K\u00ebmbimi i tregtis\u00eb me italijan\u00ebt ka arritur nj\u00eb shum\u00eb rreth 17,5 milion\u00eb dollar\u00eb. N\u00eb tremujorin e par\u00eb, eksporti nga kjo pjes\u00eb e S\u00ebrbis\u00eb \u00ebsht\u00eb trefishuar, n\u00eb Slloveni \u00ebsht\u00eb dyfishuar, n\u00eb Gjermani dhe Mal t\u00eb Zi duksh\u00ebm \u00ebsht\u00eb zvog\u00ebluar. S\u00eb fundmi, fitimi i tregtis\u00eb s\u00eb jashtme n\u00eb t\u00ebr\u00eb S\u00ebrbin\u00eb e jugut prej muajit janar deri n\u00eb mars \u00ebsht\u00eb m\u00eb i suksessh\u00ebm se ai i vitit t\u00eb kaluar p\u00ebr\u00a0 7 p\u00ebrqind, me nj\u00eb suficit prej 13 milion dollar\u00ebve.<\/p>\n","protected":false},"excerpt":{"rendered":"<p>Vranj\u00eb \u2013 Ekonomia e Rrethit t\u00eb P\u00e7inj\u00ebs n\u00eb tremujorin e par\u00eb ka  eksportuar dhe importuar mallra dhe sh\u00ebrbime p\u00ebr nj\u00eb total prej 67  milion dollar\u00ebve. N\u00eb tregti me bot\u00ebn e jashtme ka arritur nj\u00eb suficit  prej 6 milion dollar\u00ebve. Nd\u00ebrkaq,\u00a0 pjes\u00ebn m\u00eb t\u00eb\u00a0 madhe t\u00eb k\u00ebmbimit t\u00eb\u00a0  tregtis\u00eb s\u00eb jashtme s\u00eb rajonit e mban qyteti i Vranj\u00ebs. Firmat e Vranj\u00ebs  n\u00eb tremujorin e par\u00eb\u00a0 jasht vendit kan\u00eb realizuar gati 31 milion  dollar\u00eb, gati gjysm\u00eb her\u00eb m\u00eb shum\u00eb se n\u00eb p\u00ebriudh\u00ebn e njejt t\u00eb vitit t\u00eb  kaluar. Dhe importi i tyre prej 25 milion dollar\u00ebve, gjithashtu e  tejkalon at\u00eb t\u00eb vitit t\u00eb kaluar p\u00ebr 20 p\u00ebrqind. N\u00eb fakt, sa i p\u00ebrket  Rrethit t\u00eb P\u00e7inj\u00ebs, vet\u00ebm ekonomia e Bujanocit q\u00eb nga fillimi i vitit ka  eksportuar p\u00ebr nj\u00eb \u00e7erek m\u00eb pak.<\/p>\n","protected":false},"author":1,"featured_media":0,"comment_status":"closed","ping_status":"closed","sticky":false,"template":"","format":"standard","meta":{"footnotes":""},"categories":[55],"tags":[],"class_list":["post-142256","post","type-post","status-publish","format-standard","hentry","category-lajme"],"yoast_head":"<!-- This site is optimized with the Yoast SEO plugin v27.5 - https:\/\/yoast.com\/product\/yoast-seo-wordpress\/ -->\n<title>K\u00ebmbimi ekonomik me bot\u00ebn e jashtme u gjall\u00ebrua ne Preshev\u00eb, T\u00ebrgovisht\u00eb, Bosilegrad dhe Vlladi\u00e7in Han - Republika e S\u00ebrbis\u00eb Trupi Koordinues p\u00ebr komunat Bujanoc, Preshev\u00eb dhe Medvegj\u00eb<\/title>\n<meta name=\"robots\" content=\"index, follow, max-snippet:-1, max-image-preview:large, max-video-preview:-1\" \/>\n<link rel=\"canonical\" href=\"https:\/\/kt.gov.rs\/sq\/kembimi-ekonomik-me-boten-e-jashtme-u-gjallerua-ne-presheve-tergovishte-bosilegrad-dhe-vlladicin-han\/\" \/>\n<meta property=\"og:locale\" content=\"sq_AL\" \/>\n<meta property=\"og:type\" content=\"article\" \/>\n<meta property=\"og:title\" content=\"K\u00ebmbimi ekonomik me bot\u00ebn e jashtme u gjall\u00ebrua ne Preshev\u00eb, T\u00ebrgovisht\u00eb, Bosilegrad dhe Vlladi\u00e7in Han - Republika e S\u00ebrbis\u00eb Trupi Koordinues p\u00ebr komunat Bujanoc, Preshev\u00eb dhe Medvegj\u00eb\" \/>\n<meta property=\"og:description\" content=\"Vranj\u00eb \u2013 Ekonomia e Rrethit t\u00eb P\u00e7inj\u00ebs n\u00eb tremujorin e par\u00eb ka eksportuar dhe importuar mallra dhe sh\u00ebrbime p\u00ebr nj\u00eb total prej 67 milion dollar\u00ebve. N\u00eb tregti me bot\u00ebn e jashtme ka arritur nj\u00eb suficit prej 6 milion dollar\u00ebve. Nd\u00ebrkaq,\u00a0 pjes\u00ebn m\u00eb t\u00eb\u00a0 madhe t\u00eb k\u00ebmbimit t\u00eb\u00a0 tregtis\u00eb s\u00eb jashtme s\u00eb rajonit e mban qyteti i Vranj\u00ebs. Firmat e Vranj\u00ebs n\u00eb tremujorin e par\u00eb\u00a0 jasht vendit kan\u00eb realizuar gati 31 milion dollar\u00eb, gati gjysm\u00eb her\u00eb m\u00eb shum\u00eb se n\u00eb p\u00ebriudh\u00ebn e njejt t\u00eb vitit t\u00eb kaluar. Dhe importi i tyre prej 25 milion dollar\u00ebve, gjithashtu e tejkalon at\u00eb t\u00eb vitit t\u00eb kaluar p\u00ebr 20 p\u00ebrqind. N\u00eb fakt, sa i p\u00ebrket Rrethit t\u00eb P\u00e7inj\u00ebs, vet\u00ebm ekonomia e Bujanocit q\u00eb nga fillimi i vitit ka eksportuar p\u00ebr nj\u00eb \u00e7erek m\u00eb pak.\" \/>\n<meta property=\"og:url\" content=\"https:\/\/kt.gov.rs\/sq\/kembimi-ekonomik-me-boten-e-jashtme-u-gjallerua-ne-presheve-tergovishte-bosilegrad-dhe-vlladicin-han\/\" \/>\n<meta property=\"og:site_name\" content=\"Republika e S\u00ebrbis\u00eb Trupi Koordinues p\u00ebr komunat Bujanoc, Preshev\u00eb dhe Medvegj\u00eb\" \/>\n<meta property=\"article:publisher\" content=\"https:\/\/www.facebook.com\/SluzbaKoordinacionogTelaVladeRepublikeSrbije\" \/>\n<meta property=\"article:published_time\" content=\"2011-06-03T00:00:00+00:00\" \/>\n<meta name=\"author\" content=\"ktmin\" \/>\n<meta name=\"twitter:card\" content=\"summary_large_image\" \/>\n<meta name=\"twitter:creator\" content=\"@kt_gov\" \/>\n<meta name=\"twitter:site\" content=\"@kt_gov\" \/>\n<meta name=\"twitter:label1\" content=\"Written by\" \/>\n\t<meta name=\"twitter:data1\" content=\"ktmin\" \/>\n\t<meta name=\"twitter:label2\" content=\"Est. reading time\" \/>\n\t<meta name=\"twitter:data2\" content=\"2 minutes\" \/>\n<script type=\"application\/ld+json\" class=\"yoast-schema-graph\">{\"@context\":\"https:\\\/\\\/schema.org\",\"@graph\":[{\"@type\":\"Article\",\"@id\":\"https:\\\/\\\/kt.gov.rs\\\/sq\\\/kembimi-ekonomik-me-boten-e-jashtme-u-gjallerua-ne-presheve-tergovishte-bosilegrad-dhe-vlladicin-han\\\/#article\",\"isPartOf\":{\"@id\":\"https:\\\/\\\/kt.gov.rs\\\/sq\\\/kembimi-ekonomik-me-boten-e-jashtme-u-gjallerua-ne-presheve-tergovishte-bosilegrad-dhe-vlladicin-han\\\/\"},\"author\":{\"name\":\"ktmin\",\"@id\":\"https:\\\/\\\/kt.gov.rs\\\/#\\\/schema\\\/person\\\/e426459ddb4173309103390602694571\"},\"headline\":\"K\u00ebmbimi ekonomik me bot\u00ebn e jashtme u gjall\u00ebrua ne Preshev\u00eb, T\u00ebrgovisht\u00eb, Bosilegrad dhe Vlladi\u00e7in Han\",\"datePublished\":\"2011-06-03T00:00:00+00:00\",\"mainEntityOfPage\":{\"@id\":\"https:\\\/\\\/kt.gov.rs\\\/sq\\\/kembimi-ekonomik-me-boten-e-jashtme-u-gjallerua-ne-presheve-tergovishte-bosilegrad-dhe-vlladicin-han\\\/\"},\"wordCount\":414,\"publisher\":{\"@id\":\"https:\\\/\\\/kt.gov.rs\\\/#organization\"},\"articleSection\":[\"Lajme\"],\"inLanguage\":\"sq-AL\"},{\"@type\":\"WebPage\",\"@id\":\"https:\\\/\\\/kt.gov.rs\\\/sq\\\/kembimi-ekonomik-me-boten-e-jashtme-u-gjallerua-ne-presheve-tergovishte-bosilegrad-dhe-vlladicin-han\\\/\",\"url\":\"https:\\\/\\\/kt.gov.rs\\\/sq\\\/kembimi-ekonomik-me-boten-e-jashtme-u-gjallerua-ne-presheve-tergovishte-bosilegrad-dhe-vlladicin-han\\\/\",\"name\":\"K\u00ebmbimi ekonomik me bot\u00ebn e jashtme u gjall\u00ebrua ne Preshev\u00eb, T\u00ebrgovisht\u00eb, Bosilegrad dhe Vlladi\u00e7in Han - Republika e S\u00ebrbis\u00eb Trupi Koordinues p\u00ebr komunat Bujanoc, Preshev\u00eb dhe Medvegj\u00eb\",\"isPartOf\":{\"@id\":\"https:\\\/\\\/kt.gov.rs\\\/#website\"},\"datePublished\":\"2011-06-03T00:00:00+00:00\",\"breadcrumb\":{\"@id\":\"https:\\\/\\\/kt.gov.rs\\\/sq\\\/kembimi-ekonomik-me-boten-e-jashtme-u-gjallerua-ne-presheve-tergovishte-bosilegrad-dhe-vlladicin-han\\\/#breadcrumb\"},\"inLanguage\":\"sq-AL\",\"potentialAction\":[{\"@type\":\"ReadAction\",\"target\":[\"https:\\\/\\\/kt.gov.rs\\\/sq\\\/kembimi-ekonomik-me-boten-e-jashtme-u-gjallerua-ne-presheve-tergovishte-bosilegrad-dhe-vlladicin-han\\\/\"]}]},{\"@type\":\"BreadcrumbList\",\"@id\":\"https:\\\/\\\/kt.gov.rs\\\/sq\\\/kembimi-ekonomik-me-boten-e-jashtme-u-gjallerua-ne-presheve-tergovishte-bosilegrad-dhe-vlladicin-han\\\/#breadcrumb\",\"itemListElement\":[{\"@type\":\"ListItem\",\"position\":1,\"name\":\"\u041f\u043e\u0447\u0435\u0442\u043d\u0430\",\"item\":\"https:\\\/\\\/kt.gov.rs\\\/sq\\\/\"},{\"@type\":\"ListItem\",\"position\":2,\"name\":\"K\u00ebmbimi ekonomik me bot\u00ebn e jashtme u gjall\u00ebrua ne Preshev\u00eb, T\u00ebrgovisht\u00eb, Bosilegrad dhe Vlladi\u00e7in Han\"}]},{\"@type\":\"WebSite\",\"@id\":\"https:\\\/\\\/kt.gov.rs\\\/#website\",\"url\":\"https:\\\/\\\/kt.gov.rs\\\/\",\"name\":\"\u041a\u043e\u043e\u0440\u0434\u0438\u043d\u0430\u0446\u0438\u043e\u043d\u043e \u0442\u0435\u043b\u043e \u0412\u043b\u0430\u0434\u0435 \u0420\u0435\u043f\u0443\u0431\u043b\u0438\u043a\u0435 \u0421\u0440\u0431\u0438\u0458\u0435 \u0437\u0430 \u043e\u043f\u0448\u0442\u0438\u043d\u0435 \u041f\u0440\u0435\u0448\u0435\u0432\u043e, \u0411\u0443\u0458\u0430\u043d\u043e\u0432\u0430\u0446 \u0438 \u041c\u0435\u0434\u0432\u0435\u0452a\",\"description\":\"\",\"publisher\":{\"@id\":\"https:\\\/\\\/kt.gov.rs\\\/#organization\"},\"alternateName\":\"\u041a\u043e\u043e\u0440\u0434\u0438\u043d\u0430\u0446\u0438\u043e\u043d\u043e \u0442\u0435\u043b\u043e\",\"potentialAction\":[{\"@type\":\"SearchAction\",\"target\":{\"@type\":\"EntryPoint\",\"urlTemplate\":\"https:\\\/\\\/kt.gov.rs\\\/?s={search_term_string}\"},\"query-input\":{\"@type\":\"PropertyValueSpecification\",\"valueRequired\":true,\"valueName\":\"search_term_string\"}}],\"inLanguage\":\"sq-AL\"},{\"@type\":\"Organization\",\"@id\":\"https:\\\/\\\/kt.gov.rs\\\/#organization\",\"name\":\"\u041a\u043e\u043e\u0440\u0434\u0438\u043d\u0430\u0446\u0438\u043e\u043d\u043e \u0442\u0435\u043b\u043e \u0412\u043b\u0430\u0434\u0435 \u0420\u0435\u043f\u0443\u0431\u043b\u0438\u043a\u0435 \u0421\u0440\u0431\u0438\u0458\u0435 \u0437\u0430 \u043e\u043f\u0448\u0442\u0438\u043d\u0435 \u041f\u0440\u0435\u0448\u0435\u0432\u043e, \u0411\u0443\u0458\u0430\u043d\u043e\u0432\u0430\u0446 \u0438 \u041c\u0435\u0434\u0432\u0435\u0452a\",\"alternateName\":\"\u041a\u043e\u043e\u0440\u0434\u0438\u043d\u0430\u0446\u0438\u043e\u043d\u043e \u0442\u0435\u043b\u043e\",\"url\":\"https:\\\/\\\/kt.gov.rs\\\/\",\"logo\":{\"@type\":\"ImageObject\",\"inLanguage\":\"sq-AL\",\"@id\":\"https:\\\/\\\/kt.gov.rs\\\/#\\\/schema\\\/logo\\\/image\\\/\",\"url\":\"https:\\\/\\\/kt.gov.rs\\\/wp-content\\\/uploads\\\/2024\\\/12\\\/koord2.jpg\",\"contentUrl\":\"https:\\\/\\\/kt.gov.rs\\\/wp-content\\\/uploads\\\/2024\\\/12\\\/koord2.jpg\",\"width\":640,\"height\":480,\"caption\":\"\u041a\u043e\u043e\u0440\u0434\u0438\u043d\u0430\u0446\u0438\u043e\u043d\u043e \u0442\u0435\u043b\u043e \u0412\u043b\u0430\u0434\u0435 \u0420\u0435\u043f\u0443\u0431\u043b\u0438\u043a\u0435 \u0421\u0440\u0431\u0438\u0458\u0435 \u0437\u0430 \u043e\u043f\u0448\u0442\u0438\u043d\u0435 \u041f\u0440\u0435\u0448\u0435\u0432\u043e, \u0411\u0443\u0458\u0430\u043d\u043e\u0432\u0430\u0446 \u0438 \u041c\u0435\u0434\u0432\u0435\u0452a\"},\"image\":{\"@id\":\"https:\\\/\\\/kt.gov.rs\\\/#\\\/schema\\\/logo\\\/image\\\/\"},\"sameAs\":[\"https:\\\/\\\/www.facebook.com\\\/SluzbaKoordinacionogTelaVladeRepublikeSrbije\",\"https:\\\/\\\/x.com\\\/kt_gov\",\"https:\\\/\\\/www.youtube.com\\\/@koordinacionotelo\"]},{\"@type\":\"Person\",\"@id\":\"https:\\\/\\\/kt.gov.rs\\\/#\\\/schema\\\/person\\\/e426459ddb4173309103390602694571\",\"name\":\"ktmin\",\"image\":{\"@type\":\"ImageObject\",\"inLanguage\":\"sq-AL\",\"@id\":\"https:\\\/\\\/secure.gravatar.com\\\/avatar\\\/3985c961109853010c3fbc7ba30365bfba5db3dd6c525831d9c595c7525a615a?s=96&d=mm&r=g\",\"url\":\"https:\\\/\\\/secure.gravatar.com\\\/avatar\\\/3985c961109853010c3fbc7ba30365bfba5db3dd6c525831d9c595c7525a615a?s=96&d=mm&r=g\",\"contentUrl\":\"https:\\\/\\\/secure.gravatar.com\\\/avatar\\\/3985c961109853010c3fbc7ba30365bfba5db3dd6c525831d9c595c7525a615a?s=96&d=mm&r=g\",\"caption\":\"ktmin\"},\"sameAs\":[\"https:\\\/\\\/kt.gov.rs\"],\"url\":\"https:\\\/\\\/kt.gov.rs\\\/sq\\\/author\\\/ktmin\\\/\"}]}<\/script>\n<!-- \/ Yoast SEO plugin. -->","yoast_head_json":{"title":"K\u00ebmbimi ekonomik me bot\u00ebn e jashtme u gjall\u00ebrua ne Preshev\u00eb, T\u00ebrgovisht\u00eb, Bosilegrad dhe Vlladi\u00e7in Han - Republika e S\u00ebrbis\u00eb Trupi Koordinues p\u00ebr komunat Bujanoc, Preshev\u00eb dhe Medvegj\u00eb","robots":{"index":"index","follow":"follow","max-snippet":"max-snippet:-1","max-image-preview":"max-image-preview:large","max-video-preview":"max-video-preview:-1"},"canonical":"https:\/\/kt.gov.rs\/sq\/kembimi-ekonomik-me-boten-e-jashtme-u-gjallerua-ne-presheve-tergovishte-bosilegrad-dhe-vlladicin-han\/","og_locale":"sq_AL","og_type":"article","og_title":"K\u00ebmbimi ekonomik me bot\u00ebn e jashtme u gjall\u00ebrua ne Preshev\u00eb, T\u00ebrgovisht\u00eb, Bosilegrad dhe Vlladi\u00e7in Han - Republika e S\u00ebrbis\u00eb Trupi Koordinues p\u00ebr komunat Bujanoc, Preshev\u00eb dhe Medvegj\u00eb","og_description":"Vranj\u00eb \u2013 Ekonomia e Rrethit t\u00eb P\u00e7inj\u00ebs n\u00eb tremujorin e par\u00eb ka eksportuar dhe importuar mallra dhe sh\u00ebrbime p\u00ebr nj\u00eb total prej 67 milion dollar\u00ebve. N\u00eb tregti me bot\u00ebn e jashtme ka arritur nj\u00eb suficit prej 6 milion dollar\u00ebve. Nd\u00ebrkaq,\u00a0 pjes\u00ebn m\u00eb t\u00eb\u00a0 madhe t\u00eb k\u00ebmbimit t\u00eb\u00a0 tregtis\u00eb s\u00eb jashtme s\u00eb rajonit e mban qyteti i Vranj\u00ebs. Firmat e Vranj\u00ebs n\u00eb tremujorin e par\u00eb\u00a0 jasht vendit kan\u00eb realizuar gati 31 milion dollar\u00eb, gati gjysm\u00eb her\u00eb m\u00eb shum\u00eb se n\u00eb p\u00ebriudh\u00ebn e njejt t\u00eb vitit t\u00eb kaluar. Dhe importi i tyre prej 25 milion dollar\u00ebve, gjithashtu e tejkalon at\u00eb t\u00eb vitit t\u00eb kaluar p\u00ebr 20 p\u00ebrqind. N\u00eb fakt, sa i p\u00ebrket Rrethit t\u00eb P\u00e7inj\u00ebs, vet\u00ebm ekonomia e Bujanocit q\u00eb nga fillimi i vitit ka eksportuar p\u00ebr nj\u00eb \u00e7erek m\u00eb pak.","og_url":"https:\/\/kt.gov.rs\/sq\/kembimi-ekonomik-me-boten-e-jashtme-u-gjallerua-ne-presheve-tergovishte-bosilegrad-dhe-vlladicin-han\/","og_site_name":"Republika e S\u00ebrbis\u00eb Trupi Koordinues p\u00ebr komunat Bujanoc, Preshev\u00eb dhe Medvegj\u00eb","article_publisher":"https:\/\/www.facebook.com\/SluzbaKoordinacionogTelaVladeRepublikeSrbije","article_published_time":"2011-06-03T00:00:00+00:00","author":"ktmin","twitter_card":"summary_large_image","twitter_creator":"@kt_gov","twitter_site":"@kt_gov","twitter_misc":{"Written by":"ktmin","Est. reading time":"2 minutes"},"schema":{"@context":"https:\/\/schema.org","@graph":[{"@type":"Article","@id":"https:\/\/kt.gov.rs\/sq\/kembimi-ekonomik-me-boten-e-jashtme-u-gjallerua-ne-presheve-tergovishte-bosilegrad-dhe-vlladicin-han\/#article","isPartOf":{"@id":"https:\/\/kt.gov.rs\/sq\/kembimi-ekonomik-me-boten-e-jashtme-u-gjallerua-ne-presheve-tergovishte-bosilegrad-dhe-vlladicin-han\/"},"author":{"name":"ktmin","@id":"https:\/\/kt.gov.rs\/#\/schema\/person\/e426459ddb4173309103390602694571"},"headline":"K\u00ebmbimi ekonomik me bot\u00ebn e jashtme u gjall\u00ebrua ne Preshev\u00eb, T\u00ebrgovisht\u00eb, Bosilegrad dhe Vlladi\u00e7in Han","datePublished":"2011-06-03T00:00:00+00:00","mainEntityOfPage":{"@id":"https:\/\/kt.gov.rs\/sq\/kembimi-ekonomik-me-boten-e-jashtme-u-gjallerua-ne-presheve-tergovishte-bosilegrad-dhe-vlladicin-han\/"},"wordCount":414,"publisher":{"@id":"https:\/\/kt.gov.rs\/#organization"},"articleSection":["Lajme"],"inLanguage":"sq-AL"},{"@type":"WebPage","@id":"https:\/\/kt.gov.rs\/sq\/kembimi-ekonomik-me-boten-e-jashtme-u-gjallerua-ne-presheve-tergovishte-bosilegrad-dhe-vlladicin-han\/","url":"https:\/\/kt.gov.rs\/sq\/kembimi-ekonomik-me-boten-e-jashtme-u-gjallerua-ne-presheve-tergovishte-bosilegrad-dhe-vlladicin-han\/","name":"K\u00ebmbimi ekonomik me bot\u00ebn e jashtme u gjall\u00ebrua ne Preshev\u00eb, T\u00ebrgovisht\u00eb, Bosilegrad dhe Vlladi\u00e7in Han - Republika e S\u00ebrbis\u00eb Trupi Koordinues p\u00ebr komunat Bujanoc, Preshev\u00eb dhe Medvegj\u00eb","isPartOf":{"@id":"https:\/\/kt.gov.rs\/#website"},"datePublished":"2011-06-03T00:00:00+00:00","breadcrumb":{"@id":"https:\/\/kt.gov.rs\/sq\/kembimi-ekonomik-me-boten-e-jashtme-u-gjallerua-ne-presheve-tergovishte-bosilegrad-dhe-vlladicin-han\/#breadcrumb"},"inLanguage":"sq-AL","potentialAction":[{"@type":"ReadAction","target":["https:\/\/kt.gov.rs\/sq\/kembimi-ekonomik-me-boten-e-jashtme-u-gjallerua-ne-presheve-tergovishte-bosilegrad-dhe-vlladicin-han\/"]}]},{"@type":"BreadcrumbList","@id":"https:\/\/kt.gov.rs\/sq\/kembimi-ekonomik-me-boten-e-jashtme-u-gjallerua-ne-presheve-tergovishte-bosilegrad-dhe-vlladicin-han\/#breadcrumb","itemListElement":[{"@type":"ListItem","position":1,"name":"\u041f\u043e\u0447\u0435\u0442\u043d\u0430","item":"https:\/\/kt.gov.rs\/sq\/"},{"@type":"ListItem","position":2,"name":"K\u00ebmbimi ekonomik me bot\u00ebn e jashtme u gjall\u00ebrua ne Preshev\u00eb, T\u00ebrgovisht\u00eb, Bosilegrad dhe Vlladi\u00e7in Han"}]},{"@type":"WebSite","@id":"https:\/\/kt.gov.rs\/#website","url":"https:\/\/kt.gov.rs\/","name":"\u041a\u043e\u043e\u0440\u0434\u0438\u043d\u0430\u0446\u0438\u043e\u043d\u043e \u0442\u0435\u043b\u043e \u0412\u043b\u0430\u0434\u0435 \u0420\u0435\u043f\u0443\u0431\u043b\u0438\u043a\u0435 \u0421\u0440\u0431\u0438\u0458\u0435 \u0437\u0430 \u043e\u043f\u0448\u0442\u0438\u043d\u0435 \u041f\u0440\u0435\u0448\u0435\u0432\u043e, \u0411\u0443\u0458\u0430\u043d\u043e\u0432\u0430\u0446 \u0438 \u041c\u0435\u0434\u0432\u0435\u0452a","description":"","publisher":{"@id":"https:\/\/kt.gov.rs\/#organization"},"alternateName":"\u041a\u043e\u043e\u0440\u0434\u0438\u043d\u0430\u0446\u0438\u043e\u043d\u043e \u0442\u0435\u043b\u043e","potentialAction":[{"@type":"SearchAction","target":{"@type":"EntryPoint","urlTemplate":"https:\/\/kt.gov.rs\/?s={search_term_string}"},"query-input":{"@type":"PropertyValueSpecification","valueRequired":true,"valueName":"search_term_string"}}],"inLanguage":"sq-AL"},{"@type":"Organization","@id":"https:\/\/kt.gov.rs\/#organization","name":"\u041a\u043e\u043e\u0440\u0434\u0438\u043d\u0430\u0446\u0438\u043e\u043d\u043e \u0442\u0435\u043b\u043e \u0412\u043b\u0430\u0434\u0435 \u0420\u0435\u043f\u0443\u0431\u043b\u0438\u043a\u0435 \u0421\u0440\u0431\u0438\u0458\u0435 \u0437\u0430 \u043e\u043f\u0448\u0442\u0438\u043d\u0435 \u041f\u0440\u0435\u0448\u0435\u0432\u043e, \u0411\u0443\u0458\u0430\u043d\u043e\u0432\u0430\u0446 \u0438 \u041c\u0435\u0434\u0432\u0435\u0452a","alternateName":"\u041a\u043e\u043e\u0440\u0434\u0438\u043d\u0430\u0446\u0438\u043e\u043d\u043e \u0442\u0435\u043b\u043e","url":"https:\/\/kt.gov.rs\/","logo":{"@type":"ImageObject","inLanguage":"sq-AL","@id":"https:\/\/kt.gov.rs\/#\/schema\/logo\/image\/","url":"https:\/\/kt.gov.rs\/wp-content\/uploads\/2024\/12\/koord2.jpg","contentUrl":"https:\/\/kt.gov.rs\/wp-content\/uploads\/2024\/12\/koord2.jpg","width":640,"height":480,"caption":"\u041a\u043e\u043e\u0440\u0434\u0438\u043d\u0430\u0446\u0438\u043e\u043d\u043e \u0442\u0435\u043b\u043e \u0412\u043b\u0430\u0434\u0435 \u0420\u0435\u043f\u0443\u0431\u043b\u0438\u043a\u0435 \u0421\u0440\u0431\u0438\u0458\u0435 \u0437\u0430 \u043e\u043f\u0448\u0442\u0438\u043d\u0435 \u041f\u0440\u0435\u0448\u0435\u0432\u043e, \u0411\u0443\u0458\u0430\u043d\u043e\u0432\u0430\u0446 \u0438 \u041c\u0435\u0434\u0432\u0435\u0452a"},"image":{"@id":"https:\/\/kt.gov.rs\/#\/schema\/logo\/image\/"},"sameAs":["https:\/\/www.facebook.com\/SluzbaKoordinacionogTelaVladeRepublikeSrbije","https:\/\/x.com\/kt_gov","https:\/\/www.youtube.com\/@koordinacionotelo"]},{"@type":"Person","@id":"https:\/\/kt.gov.rs\/#\/schema\/person\/e426459ddb4173309103390602694571","name":"ktmin","image":{"@type":"ImageObject","inLanguage":"sq-AL","@id":"https:\/\/secure.gravatar.com\/avatar\/3985c961109853010c3fbc7ba30365bfba5db3dd6c525831d9c595c7525a615a?s=96&d=mm&r=g","url":"https:\/\/secure.gravatar.com\/avatar\/3985c961109853010c3fbc7ba30365bfba5db3dd6c525831d9c595c7525a615a?s=96&d=mm&r=g","contentUrl":"https:\/\/secure.gravatar.com\/avatar\/3985c961109853010c3fbc7ba30365bfba5db3dd6c525831d9c595c7525a615a?s=96&d=mm&r=g","caption":"ktmin"},"sameAs":["https:\/\/kt.gov.rs"],"url":"https:\/\/kt.gov.rs\/sq\/author\/ktmin\/"}]}},"_links":{"self":[{"href":"https:\/\/kt.gov.rs\/sq\/wp-json\/wp\/v2\/posts\/142256","targetHints":{"allow":["GET"]}}],"collection":[{"href":"https:\/\/kt.gov.rs\/sq\/wp-json\/wp\/v2\/posts"}],"about":[{"href":"https:\/\/kt.gov.rs\/sq\/wp-json\/wp\/v2\/types\/post"}],"author":[{"embeddable":true,"href":"https:\/\/kt.gov.rs\/sq\/wp-json\/wp\/v2\/users\/1"}],"replies":[{"embeddable":true,"href":"https:\/\/kt.gov.rs\/sq\/wp-json\/wp\/v2\/comments?post=142256"}],"version-history":[{"count":0,"href":"https:\/\/kt.gov.rs\/sq\/wp-json\/wp\/v2\/posts\/142256\/revisions"}],"wp:attachment":[{"href":"https:\/\/kt.gov.rs\/sq\/wp-json\/wp\/v2\/media?parent=142256"}],"wp:term":[{"taxonomy":"category","embeddable":true,"href":"https:\/\/kt.gov.rs\/sq\/wp-json\/wp\/v2\/categories?post=142256"},{"taxonomy":"post_tag","embeddable":true,"href":"https:\/\/kt.gov.rs\/sq\/wp-json\/wp\/v2\/tags?post=142256"}],"curies":[{"name":"wp","href":"https:\/\/api.w.org\/{rel}","templated":true}]}}