{"id":142245,"date":"2011-06-07T00:00:00","date_gmt":"2011-06-07T00:00:00","guid":{"rendered":"http:\/\/kt.printandscreen.rs\/trajnim-per-perfaqesuesit-e-sektorit-civil\/"},"modified":"2024-07-30T20:20:28","modified_gmt":"2024-07-30T20:20:28","slug":"trajnim-per-perfaqesuesit-e-sektorit-civil","status":"publish","type":"post","link":"https:\/\/kt.gov.rs\/sq\/trajnim-per-perfaqesuesit-e-sektorit-civil\/","title":{"rendered":"TRAJNIM P\u00cbR P\u00cbRFAQ\u00cbSUESIT E SEKTORIT CIVIL"},"content":{"rendered":"<p><img decoding=\"async\" align=\"left\" src=\"https:\/\/kt.gov.rs\/wp-content\/uploads\/2024\/07\/newspic520-4.jpg\" alt=\"\" \/>Trupi Koordinues i Republik\u00ebs s\u00eb S\u00ebrbis\u00eb p\u00ebr Preshev\u00eb,Bujanoc dhe Medvegj\u00eb n\u00eb partneritet me PBILD programin e Kombeve t\u00eb Bashkuara, prej 1 deri me 4 Qershor\u00eb ka organizuar nj\u00eb trajnim kat\u00ebrditor\u00eb p\u00ebr p\u00ebrfaq\u00ebsuesit e OJQ-ve. Fokusi i projektit ishtet tek organizatat, projektet e t\u00eb cilave kan\u00eb t\u00eb b\u00ebjn\u00eb me\u00a0 adresimin dhe zgjidhjen e problemeve t\u00eb t\u00eb rinj\u00ebve.<\/p>\n<p>Trajnimi ka pasur p\u00ebr q\u00ebllim forcimin e kapaciteteve si dhe p\u00ebrmir\u00ebsimin e dijes dhe aft\u00ebsive n\u00eb pun\u00ebn e organizatave rinore n\u00eb fush\u00ebn e politikave edukative dhe kulturore, si dhe t\u00eb drejtave gjinore dhe pakicave. Nj\u00eb pjes\u00eb e trajnimit i \u00ebsht\u00eb p\u00ebrkushtuar temave si ciklet e projekteve,\u00a0 puna n\u00eb grup dhe roli n\u00eb grup.<\/p>\n<p><img decoding=\"async\" align=\"left\" src=\"https:\/\/kt.gov.rs\/wp-content\/uploads\/2024\/07\/newspic521-2.jpg\" alt=\"\" \/>Trupi Koordinues dhe PBILD pas k\u00ebtij trajnimi do t\u00eb shpallin thirrje p\u00ebr organizatat joqeveritare p\u00ebr shp\u00ebrndarjen e granteve\u00a0 p\u00ebr projekte t\u00eb vogla, q\u00eb do t\u00eb inkurajonin organizatat rinore q\u00eb t\u00eb implementojn\u00eb projekte nga fusha e politikave edukative dhe kulturore apo projekte q\u00eb kan\u00eb t\u00eb b\u00ebjn\u00eb me t\u00eb drejtat gjinore dhe pakicave. T\u00eb drejt\u00eb p\u00ebr pjes\u00ebmarrje n\u00eb konkurs kan\u00eb edhe organizatat q\u00eb nuk kan\u00eb marr\u00eb pjes\u00eb n\u00eb trajnimet e Trupit Koordinues.<\/p>\n","protected":false},"excerpt":{"rendered":"<p>Trupi Koordinues i Republik\u00ebs s\u00eb S\u00ebrbis\u00eb p\u00ebr Preshev\u00eb,Bujanoc dhe  Medvegj\u00eb n\u00eb partneritet me PBILD programin e Kombeve t\u00eb Bashkuara, prej 1  deri me 4 Qershor\u00eb ka organizuar nj\u00eb trajnim kat\u00ebrditor\u00eb p\u00ebr  p\u00ebrfaq\u00ebsuesit e OJQ-ve. Fokusi i projektit ishtet tek organizatat,  projektet e t\u00eb cilave kan\u00eb t\u00eb b\u00ebjn\u00eb me\u00a0 adresimin dhe zgjidhjen e  problemeve t\u00eb t\u00eb rinj\u00ebve.<\/p>\n","protected":false},"author":1,"featured_media":142253,"comment_status":"closed","ping_status":"closed","sticky":false,"template":"","format":"standard","meta":{"footnotes":""},"categories":[55],"tags":[],"class_list":["post-142245","post","type-post","status-publish","format-standard","has-post-thumbnail","hentry","category-lajme"],"yoast_head":"<!-- This site is optimized with the Yoast SEO plugin v27.5 - https:\/\/yoast.com\/product\/yoast-seo-wordpress\/ -->\n<title>TRAJNIM P\u00cbR P\u00cbRFAQ\u00cbSUESIT E SEKTORIT CIVIL - Republika e S\u00ebrbis\u00eb Trupi Koordinues p\u00ebr komunat Bujanoc, Preshev\u00eb dhe Medvegj\u00eb<\/title>\n<meta name=\"robots\" content=\"index, follow, max-snippet:-1, max-image-preview:large, max-video-preview:-1\" \/>\n<link rel=\"canonical\" href=\"https:\/\/kt.gov.rs\/sq\/trajnim-per-perfaqesuesit-e-sektorit-civil\/\" \/>\n<meta property=\"og:locale\" content=\"sq_AL\" \/>\n<meta property=\"og:type\" content=\"article\" \/>\n<meta property=\"og:title\" content=\"TRAJNIM P\u00cbR P\u00cbRFAQ\u00cbSUESIT E SEKTORIT CIVIL - Republika e S\u00ebrbis\u00eb Trupi Koordinues p\u00ebr komunat Bujanoc, Preshev\u00eb dhe Medvegj\u00eb\" \/>\n<meta property=\"og:description\" content=\"Trupi Koordinues i Republik\u00ebs s\u00eb S\u00ebrbis\u00eb p\u00ebr Preshev\u00eb,Bujanoc dhe Medvegj\u00eb n\u00eb partneritet me PBILD programin e Kombeve t\u00eb Bashkuara, prej 1 deri me 4 Qershor\u00eb ka organizuar nj\u00eb trajnim kat\u00ebrditor\u00eb p\u00ebr p\u00ebrfaq\u00ebsuesit e OJQ-ve. Fokusi i projektit ishtet tek organizatat, projektet e t\u00eb cilave kan\u00eb t\u00eb b\u00ebjn\u00eb me\u00a0 adresimin dhe zgjidhjen e problemeve t\u00eb t\u00eb rinj\u00ebve.\" \/>\n<meta property=\"og:url\" content=\"https:\/\/kt.gov.rs\/sq\/trajnim-per-perfaqesuesit-e-sektorit-civil\/\" \/>\n<meta property=\"og:site_name\" content=\"Republika e S\u00ebrbis\u00eb Trupi Koordinues p\u00ebr komunat Bujanoc, Preshev\u00eb dhe Medvegj\u00eb\" \/>\n<meta property=\"article:publisher\" content=\"https:\/\/www.facebook.com\/SluzbaKoordinacionogTelaVladeRepublikeSrbije\" \/>\n<meta property=\"article:published_time\" content=\"2011-06-07T00:00:00+00:00\" \/>\n<meta property=\"article:modified_time\" content=\"2024-07-30T20:20:28+00:00\" \/>\n<meta property=\"og:image\" content=\"https:\/\/kt.gov.rs\/wp-content\/uploads\/2024\/07\/newspic520-5.jpg\" \/>\n\t<meta property=\"og:image:width\" content=\"265\" \/>\n\t<meta property=\"og:image:height\" content=\"200\" \/>\n\t<meta property=\"og:image:type\" content=\"image\/jpeg\" \/>\n<meta name=\"author\" content=\"ktmin\" \/>\n<meta name=\"twitter:card\" content=\"summary_large_image\" \/>\n<meta name=\"twitter:creator\" content=\"@kt_gov\" \/>\n<meta name=\"twitter:site\" content=\"@kt_gov\" \/>\n<meta name=\"twitter:label1\" content=\"Written by\" \/>\n\t<meta name=\"twitter:data1\" content=\"ktmin\" \/>\n\t<meta name=\"twitter:label2\" content=\"Est. reading time\" \/>\n\t<meta name=\"twitter:data2\" content=\"1 minute\" \/>\n<script type=\"application\/ld+json\" class=\"yoast-schema-graph\">{\"@context\":\"https:\\\/\\\/schema.org\",\"@graph\":[{\"@type\":\"Article\",\"@id\":\"https:\\\/\\\/kt.gov.rs\\\/sq\\\/trajnim-per-perfaqesuesit-e-sektorit-civil\\\/#article\",\"isPartOf\":{\"@id\":\"https:\\\/\\\/kt.gov.rs\\\/sq\\\/trajnim-per-perfaqesuesit-e-sektorit-civil\\\/\"},\"author\":{\"name\":\"ktmin\",\"@id\":\"https:\\\/\\\/kt.gov.rs\\\/#\\\/schema\\\/person\\\/e426459ddb4173309103390602694571\"},\"headline\":\"TRAJNIM P\u00cbR P\u00cbRFAQ\u00cbSUESIT E SEKTORIT CIVIL\",\"datePublished\":\"2011-06-07T00:00:00+00:00\",\"dateModified\":\"2024-07-30T20:20:28+00:00\",\"mainEntityOfPage\":{\"@id\":\"https:\\\/\\\/kt.gov.rs\\\/sq\\\/trajnim-per-perfaqesuesit-e-sektorit-civil\\\/\"},\"wordCount\":215,\"publisher\":{\"@id\":\"https:\\\/\\\/kt.gov.rs\\\/#organization\"},\"image\":{\"@id\":\"https:\\\/\\\/kt.gov.rs\\\/sq\\\/trajnim-per-perfaqesuesit-e-sektorit-civil\\\/#primaryimage\"},\"thumbnailUrl\":\"https:\\\/\\\/kt.gov.rs\\\/wp-content\\\/uploads\\\/2024\\\/07\\\/newspic520-5.jpg\",\"articleSection\":[\"Lajme\"],\"inLanguage\":\"sq-AL\"},{\"@type\":\"WebPage\",\"@id\":\"https:\\\/\\\/kt.gov.rs\\\/sq\\\/trajnim-per-perfaqesuesit-e-sektorit-civil\\\/\",\"url\":\"https:\\\/\\\/kt.gov.rs\\\/sq\\\/trajnim-per-perfaqesuesit-e-sektorit-civil\\\/\",\"name\":\"TRAJNIM P\u00cbR P\u00cbRFAQ\u00cbSUESIT E SEKTORIT CIVIL - Republika e S\u00ebrbis\u00eb Trupi Koordinues p\u00ebr komunat Bujanoc, Preshev\u00eb dhe Medvegj\u00eb\",\"isPartOf\":{\"@id\":\"https:\\\/\\\/kt.gov.rs\\\/#website\"},\"primaryImageOfPage\":{\"@id\":\"https:\\\/\\\/kt.gov.rs\\\/sq\\\/trajnim-per-perfaqesuesit-e-sektorit-civil\\\/#primaryimage\"},\"image\":{\"@id\":\"https:\\\/\\\/kt.gov.rs\\\/sq\\\/trajnim-per-perfaqesuesit-e-sektorit-civil\\\/#primaryimage\"},\"thumbnailUrl\":\"https:\\\/\\\/kt.gov.rs\\\/wp-content\\\/uploads\\\/2024\\\/07\\\/newspic520-5.jpg\",\"datePublished\":\"2011-06-07T00:00:00+00:00\",\"dateModified\":\"2024-07-30T20:20:28+00:00\",\"breadcrumb\":{\"@id\":\"https:\\\/\\\/kt.gov.rs\\\/sq\\\/trajnim-per-perfaqesuesit-e-sektorit-civil\\\/#breadcrumb\"},\"inLanguage\":\"sq-AL\",\"potentialAction\":[{\"@type\":\"ReadAction\",\"target\":[\"https:\\\/\\\/kt.gov.rs\\\/sq\\\/trajnim-per-perfaqesuesit-e-sektorit-civil\\\/\"]}]},{\"@type\":\"ImageObject\",\"inLanguage\":\"sq-AL\",\"@id\":\"https:\\\/\\\/kt.gov.rs\\\/sq\\\/trajnim-per-perfaqesuesit-e-sektorit-civil\\\/#primaryimage\",\"url\":\"https:\\\/\\\/kt.gov.rs\\\/wp-content\\\/uploads\\\/2024\\\/07\\\/newspic520-5.jpg\",\"contentUrl\":\"https:\\\/\\\/kt.gov.rs\\\/wp-content\\\/uploads\\\/2024\\\/07\\\/newspic520-5.jpg\",\"width\":265,\"height\":200},{\"@type\":\"BreadcrumbList\",\"@id\":\"https:\\\/\\\/kt.gov.rs\\\/sq\\\/trajnim-per-perfaqesuesit-e-sektorit-civil\\\/#breadcrumb\",\"itemListElement\":[{\"@type\":\"ListItem\",\"position\":1,\"name\":\"\u041f\u043e\u0447\u0435\u0442\u043d\u0430\",\"item\":\"https:\\\/\\\/kt.gov.rs\\\/sq\\\/\"},{\"@type\":\"ListItem\",\"position\":2,\"name\":\"TRAJNIM P\u00cbR P\u00cbRFAQ\u00cbSUESIT E SEKTORIT CIVIL\"}]},{\"@type\":\"WebSite\",\"@id\":\"https:\\\/\\\/kt.gov.rs\\\/#website\",\"url\":\"https:\\\/\\\/kt.gov.rs\\\/\",\"name\":\"\u041a\u043e\u043e\u0440\u0434\u0438\u043d\u0430\u0446\u0438\u043e\u043d\u043e \u0442\u0435\u043b\u043e \u0412\u043b\u0430\u0434\u0435 \u0420\u0435\u043f\u0443\u0431\u043b\u0438\u043a\u0435 \u0421\u0440\u0431\u0438\u0458\u0435 \u0437\u0430 \u043e\u043f\u0448\u0442\u0438\u043d\u0435 \u041f\u0440\u0435\u0448\u0435\u0432\u043e, \u0411\u0443\u0458\u0430\u043d\u043e\u0432\u0430\u0446 \u0438 \u041c\u0435\u0434\u0432\u0435\u0452a\",\"description\":\"\",\"publisher\":{\"@id\":\"https:\\\/\\\/kt.gov.rs\\\/#organization\"},\"alternateName\":\"\u041a\u043e\u043e\u0440\u0434\u0438\u043d\u0430\u0446\u0438\u043e\u043d\u043e \u0442\u0435\u043b\u043e\",\"potentialAction\":[{\"@type\":\"SearchAction\",\"target\":{\"@type\":\"EntryPoint\",\"urlTemplate\":\"https:\\\/\\\/kt.gov.rs\\\/?s={search_term_string}\"},\"query-input\":{\"@type\":\"PropertyValueSpecification\",\"valueRequired\":true,\"valueName\":\"search_term_string\"}}],\"inLanguage\":\"sq-AL\"},{\"@type\":\"Organization\",\"@id\":\"https:\\\/\\\/kt.gov.rs\\\/#organization\",\"name\":\"\u041a\u043e\u043e\u0440\u0434\u0438\u043d\u0430\u0446\u0438\u043e\u043d\u043e \u0442\u0435\u043b\u043e \u0412\u043b\u0430\u0434\u0435 \u0420\u0435\u043f\u0443\u0431\u043b\u0438\u043a\u0435 \u0421\u0440\u0431\u0438\u0458\u0435 \u0437\u0430 \u043e\u043f\u0448\u0442\u0438\u043d\u0435 \u041f\u0440\u0435\u0448\u0435\u0432\u043e, \u0411\u0443\u0458\u0430\u043d\u043e\u0432\u0430\u0446 \u0438 \u041c\u0435\u0434\u0432\u0435\u0452a\",\"alternateName\":\"\u041a\u043e\u043e\u0440\u0434\u0438\u043d\u0430\u0446\u0438\u043e\u043d\u043e \u0442\u0435\u043b\u043e\",\"url\":\"https:\\\/\\\/kt.gov.rs\\\/\",\"logo\":{\"@type\":\"ImageObject\",\"inLanguage\":\"sq-AL\",\"@id\":\"https:\\\/\\\/kt.gov.rs\\\/#\\\/schema\\\/logo\\\/image\\\/\",\"url\":\"https:\\\/\\\/kt.gov.rs\\\/wp-content\\\/uploads\\\/2024\\\/12\\\/koord2.jpg\",\"contentUrl\":\"https:\\\/\\\/kt.gov.rs\\\/wp-content\\\/uploads\\\/2024\\\/12\\\/koord2.jpg\",\"width\":640,\"height\":480,\"caption\":\"\u041a\u043e\u043e\u0440\u0434\u0438\u043d\u0430\u0446\u0438\u043e\u043d\u043e \u0442\u0435\u043b\u043e \u0412\u043b\u0430\u0434\u0435 \u0420\u0435\u043f\u0443\u0431\u043b\u0438\u043a\u0435 \u0421\u0440\u0431\u0438\u0458\u0435 \u0437\u0430 \u043e\u043f\u0448\u0442\u0438\u043d\u0435 \u041f\u0440\u0435\u0448\u0435\u0432\u043e, \u0411\u0443\u0458\u0430\u043d\u043e\u0432\u0430\u0446 \u0438 \u041c\u0435\u0434\u0432\u0435\u0452a\"},\"image\":{\"@id\":\"https:\\\/\\\/kt.gov.rs\\\/#\\\/schema\\\/logo\\\/image\\\/\"},\"sameAs\":[\"https:\\\/\\\/www.facebook.com\\\/SluzbaKoordinacionogTelaVladeRepublikeSrbije\",\"https:\\\/\\\/x.com\\\/kt_gov\",\"https:\\\/\\\/www.youtube.com\\\/@koordinacionotelo\"]},{\"@type\":\"Person\",\"@id\":\"https:\\\/\\\/kt.gov.rs\\\/#\\\/schema\\\/person\\\/e426459ddb4173309103390602694571\",\"name\":\"ktmin\",\"image\":{\"@type\":\"ImageObject\",\"inLanguage\":\"sq-AL\",\"@id\":\"https:\\\/\\\/secure.gravatar.com\\\/avatar\\\/3985c961109853010c3fbc7ba30365bfba5db3dd6c525831d9c595c7525a615a?s=96&d=mm&r=g\",\"url\":\"https:\\\/\\\/secure.gravatar.com\\\/avatar\\\/3985c961109853010c3fbc7ba30365bfba5db3dd6c525831d9c595c7525a615a?s=96&d=mm&r=g\",\"contentUrl\":\"https:\\\/\\\/secure.gravatar.com\\\/avatar\\\/3985c961109853010c3fbc7ba30365bfba5db3dd6c525831d9c595c7525a615a?s=96&d=mm&r=g\",\"caption\":\"ktmin\"},\"sameAs\":[\"https:\\\/\\\/kt.gov.rs\"],\"url\":\"https:\\\/\\\/kt.gov.rs\\\/sq\\\/author\\\/ktmin\\\/\"}]}<\/script>\n<!-- \/ Yoast SEO plugin. -->","yoast_head_json":{"title":"TRAJNIM P\u00cbR P\u00cbRFAQ\u00cbSUESIT E SEKTORIT CIVIL - Republika e S\u00ebrbis\u00eb Trupi Koordinues p\u00ebr komunat Bujanoc, Preshev\u00eb dhe Medvegj\u00eb","robots":{"index":"index","follow":"follow","max-snippet":"max-snippet:-1","max-image-preview":"max-image-preview:large","max-video-preview":"max-video-preview:-1"},"canonical":"https:\/\/kt.gov.rs\/sq\/trajnim-per-perfaqesuesit-e-sektorit-civil\/","og_locale":"sq_AL","og_type":"article","og_title":"TRAJNIM P\u00cbR P\u00cbRFAQ\u00cbSUESIT E SEKTORIT CIVIL - Republika e S\u00ebrbis\u00eb Trupi Koordinues p\u00ebr komunat Bujanoc, Preshev\u00eb dhe Medvegj\u00eb","og_description":"Trupi Koordinues i Republik\u00ebs s\u00eb S\u00ebrbis\u00eb p\u00ebr Preshev\u00eb,Bujanoc dhe Medvegj\u00eb n\u00eb partneritet me PBILD programin e Kombeve t\u00eb Bashkuara, prej 1 deri me 4 Qershor\u00eb ka organizuar nj\u00eb trajnim kat\u00ebrditor\u00eb p\u00ebr p\u00ebrfaq\u00ebsuesit e OJQ-ve. Fokusi i projektit ishtet tek organizatat, projektet e t\u00eb cilave kan\u00eb t\u00eb b\u00ebjn\u00eb me\u00a0 adresimin dhe zgjidhjen e problemeve t\u00eb t\u00eb rinj\u00ebve.","og_url":"https:\/\/kt.gov.rs\/sq\/trajnim-per-perfaqesuesit-e-sektorit-civil\/","og_site_name":"Republika e S\u00ebrbis\u00eb Trupi Koordinues p\u00ebr komunat Bujanoc, Preshev\u00eb dhe Medvegj\u00eb","article_publisher":"https:\/\/www.facebook.com\/SluzbaKoordinacionogTelaVladeRepublikeSrbije","article_published_time":"2011-06-07T00:00:00+00:00","article_modified_time":"2024-07-30T20:20:28+00:00","og_image":[{"width":265,"height":200,"url":"https:\/\/kt.gov.rs\/wp-content\/uploads\/2024\/07\/newspic520-5.jpg","type":"image\/jpeg"}],"author":"ktmin","twitter_card":"summary_large_image","twitter_creator":"@kt_gov","twitter_site":"@kt_gov","twitter_misc":{"Written by":"ktmin","Est. reading time":"1 minute"},"schema":{"@context":"https:\/\/schema.org","@graph":[{"@type":"Article","@id":"https:\/\/kt.gov.rs\/sq\/trajnim-per-perfaqesuesit-e-sektorit-civil\/#article","isPartOf":{"@id":"https:\/\/kt.gov.rs\/sq\/trajnim-per-perfaqesuesit-e-sektorit-civil\/"},"author":{"name":"ktmin","@id":"https:\/\/kt.gov.rs\/#\/schema\/person\/e426459ddb4173309103390602694571"},"headline":"TRAJNIM P\u00cbR P\u00cbRFAQ\u00cbSUESIT E SEKTORIT CIVIL","datePublished":"2011-06-07T00:00:00+00:00","dateModified":"2024-07-30T20:20:28+00:00","mainEntityOfPage":{"@id":"https:\/\/kt.gov.rs\/sq\/trajnim-per-perfaqesuesit-e-sektorit-civil\/"},"wordCount":215,"publisher":{"@id":"https:\/\/kt.gov.rs\/#organization"},"image":{"@id":"https:\/\/kt.gov.rs\/sq\/trajnim-per-perfaqesuesit-e-sektorit-civil\/#primaryimage"},"thumbnailUrl":"https:\/\/kt.gov.rs\/wp-content\/uploads\/2024\/07\/newspic520-5.jpg","articleSection":["Lajme"],"inLanguage":"sq-AL"},{"@type":"WebPage","@id":"https:\/\/kt.gov.rs\/sq\/trajnim-per-perfaqesuesit-e-sektorit-civil\/","url":"https:\/\/kt.gov.rs\/sq\/trajnim-per-perfaqesuesit-e-sektorit-civil\/","name":"TRAJNIM P\u00cbR P\u00cbRFAQ\u00cbSUESIT E SEKTORIT CIVIL - Republika e S\u00ebrbis\u00eb Trupi Koordinues p\u00ebr komunat Bujanoc, Preshev\u00eb dhe Medvegj\u00eb","isPartOf":{"@id":"https:\/\/kt.gov.rs\/#website"},"primaryImageOfPage":{"@id":"https:\/\/kt.gov.rs\/sq\/trajnim-per-perfaqesuesit-e-sektorit-civil\/#primaryimage"},"image":{"@id":"https:\/\/kt.gov.rs\/sq\/trajnim-per-perfaqesuesit-e-sektorit-civil\/#primaryimage"},"thumbnailUrl":"https:\/\/kt.gov.rs\/wp-content\/uploads\/2024\/07\/newspic520-5.jpg","datePublished":"2011-06-07T00:00:00+00:00","dateModified":"2024-07-30T20:20:28+00:00","breadcrumb":{"@id":"https:\/\/kt.gov.rs\/sq\/trajnim-per-perfaqesuesit-e-sektorit-civil\/#breadcrumb"},"inLanguage":"sq-AL","potentialAction":[{"@type":"ReadAction","target":["https:\/\/kt.gov.rs\/sq\/trajnim-per-perfaqesuesit-e-sektorit-civil\/"]}]},{"@type":"ImageObject","inLanguage":"sq-AL","@id":"https:\/\/kt.gov.rs\/sq\/trajnim-per-perfaqesuesit-e-sektorit-civil\/#primaryimage","url":"https:\/\/kt.gov.rs\/wp-content\/uploads\/2024\/07\/newspic520-5.jpg","contentUrl":"https:\/\/kt.gov.rs\/wp-content\/uploads\/2024\/07\/newspic520-5.jpg","width":265,"height":200},{"@type":"BreadcrumbList","@id":"https:\/\/kt.gov.rs\/sq\/trajnim-per-perfaqesuesit-e-sektorit-civil\/#breadcrumb","itemListElement":[{"@type":"ListItem","position":1,"name":"\u041f\u043e\u0447\u0435\u0442\u043d\u0430","item":"https:\/\/kt.gov.rs\/sq\/"},{"@type":"ListItem","position":2,"name":"TRAJNIM P\u00cbR P\u00cbRFAQ\u00cbSUESIT E SEKTORIT CIVIL"}]},{"@type":"WebSite","@id":"https:\/\/kt.gov.rs\/#website","url":"https:\/\/kt.gov.rs\/","name":"\u041a\u043e\u043e\u0440\u0434\u0438\u043d\u0430\u0446\u0438\u043e\u043d\u043e \u0442\u0435\u043b\u043e \u0412\u043b\u0430\u0434\u0435 \u0420\u0435\u043f\u0443\u0431\u043b\u0438\u043a\u0435 \u0421\u0440\u0431\u0438\u0458\u0435 \u0437\u0430 \u043e\u043f\u0448\u0442\u0438\u043d\u0435 \u041f\u0440\u0435\u0448\u0435\u0432\u043e, \u0411\u0443\u0458\u0430\u043d\u043e\u0432\u0430\u0446 \u0438 \u041c\u0435\u0434\u0432\u0435\u0452a","description":"","publisher":{"@id":"https:\/\/kt.gov.rs\/#organization"},"alternateName":"\u041a\u043e\u043e\u0440\u0434\u0438\u043d\u0430\u0446\u0438\u043e\u043d\u043e \u0442\u0435\u043b\u043e","potentialAction":[{"@type":"SearchAction","target":{"@type":"EntryPoint","urlTemplate":"https:\/\/kt.gov.rs\/?s={search_term_string}"},"query-input":{"@type":"PropertyValueSpecification","valueRequired":true,"valueName":"search_term_string"}}],"inLanguage":"sq-AL"},{"@type":"Organization","@id":"https:\/\/kt.gov.rs\/#organization","name":"\u041a\u043e\u043e\u0440\u0434\u0438\u043d\u0430\u0446\u0438\u043e\u043d\u043e \u0442\u0435\u043b\u043e \u0412\u043b\u0430\u0434\u0435 \u0420\u0435\u043f\u0443\u0431\u043b\u0438\u043a\u0435 \u0421\u0440\u0431\u0438\u0458\u0435 \u0437\u0430 \u043e\u043f\u0448\u0442\u0438\u043d\u0435 \u041f\u0440\u0435\u0448\u0435\u0432\u043e, \u0411\u0443\u0458\u0430\u043d\u043e\u0432\u0430\u0446 \u0438 \u041c\u0435\u0434\u0432\u0435\u0452a","alternateName":"\u041a\u043e\u043e\u0440\u0434\u0438\u043d\u0430\u0446\u0438\u043e\u043d\u043e \u0442\u0435\u043b\u043e","url":"https:\/\/kt.gov.rs\/","logo":{"@type":"ImageObject","inLanguage":"sq-AL","@id":"https:\/\/kt.gov.rs\/#\/schema\/logo\/image\/","url":"https:\/\/kt.gov.rs\/wp-content\/uploads\/2024\/12\/koord2.jpg","contentUrl":"https:\/\/kt.gov.rs\/wp-content\/uploads\/2024\/12\/koord2.jpg","width":640,"height":480,"caption":"\u041a\u043e\u043e\u0440\u0434\u0438\u043d\u0430\u0446\u0438\u043e\u043d\u043e \u0442\u0435\u043b\u043e \u0412\u043b\u0430\u0434\u0435 \u0420\u0435\u043f\u0443\u0431\u043b\u0438\u043a\u0435 \u0421\u0440\u0431\u0438\u0458\u0435 \u0437\u0430 \u043e\u043f\u0448\u0442\u0438\u043d\u0435 \u041f\u0440\u0435\u0448\u0435\u0432\u043e, \u0411\u0443\u0458\u0430\u043d\u043e\u0432\u0430\u0446 \u0438 \u041c\u0435\u0434\u0432\u0435\u0452a"},"image":{"@id":"https:\/\/kt.gov.rs\/#\/schema\/logo\/image\/"},"sameAs":["https:\/\/www.facebook.com\/SluzbaKoordinacionogTelaVladeRepublikeSrbije","https:\/\/x.com\/kt_gov","https:\/\/www.youtube.com\/@koordinacionotelo"]},{"@type":"Person","@id":"https:\/\/kt.gov.rs\/#\/schema\/person\/e426459ddb4173309103390602694571","name":"ktmin","image":{"@type":"ImageObject","inLanguage":"sq-AL","@id":"https:\/\/secure.gravatar.com\/avatar\/3985c961109853010c3fbc7ba30365bfba5db3dd6c525831d9c595c7525a615a?s=96&d=mm&r=g","url":"https:\/\/secure.gravatar.com\/avatar\/3985c961109853010c3fbc7ba30365bfba5db3dd6c525831d9c595c7525a615a?s=96&d=mm&r=g","contentUrl":"https:\/\/secure.gravatar.com\/avatar\/3985c961109853010c3fbc7ba30365bfba5db3dd6c525831d9c595c7525a615a?s=96&d=mm&r=g","caption":"ktmin"},"sameAs":["https:\/\/kt.gov.rs"],"url":"https:\/\/kt.gov.rs\/sq\/author\/ktmin\/"}]}},"_links":{"self":[{"href":"https:\/\/kt.gov.rs\/sq\/wp-json\/wp\/v2\/posts\/142245","targetHints":{"allow":["GET"]}}],"collection":[{"href":"https:\/\/kt.gov.rs\/sq\/wp-json\/wp\/v2\/posts"}],"about":[{"href":"https:\/\/kt.gov.rs\/sq\/wp-json\/wp\/v2\/types\/post"}],"author":[{"embeddable":true,"href":"https:\/\/kt.gov.rs\/sq\/wp-json\/wp\/v2\/users\/1"}],"replies":[{"embeddable":true,"href":"https:\/\/kt.gov.rs\/sq\/wp-json\/wp\/v2\/comments?post=142245"}],"version-history":[{"count":1,"href":"https:\/\/kt.gov.rs\/sq\/wp-json\/wp\/v2\/posts\/142245\/revisions"}],"predecessor-version":[{"id":142252,"href":"https:\/\/kt.gov.rs\/sq\/wp-json\/wp\/v2\/posts\/142245\/revisions\/142252"}],"wp:featuredmedia":[{"embeddable":true,"href":"https:\/\/kt.gov.rs\/sq\/wp-json\/wp\/v2\/media\/142253"}],"wp:attachment":[{"href":"https:\/\/kt.gov.rs\/sq\/wp-json\/wp\/v2\/media?parent=142245"}],"wp:term":[{"taxonomy":"category","embeddable":true,"href":"https:\/\/kt.gov.rs\/sq\/wp-json\/wp\/v2\/categories?post=142245"},{"taxonomy":"post_tag","embeddable":true,"href":"https:\/\/kt.gov.rs\/sq\/wp-json\/wp\/v2\/tags?post=142245"}],"curies":[{"name":"wp","href":"https:\/\/api.w.org\/{rel}","templated":true}]}}