{"id":142222,"date":"2011-07-06T00:00:00","date_gmt":"2011-07-06T00:00:00","guid":{"rendered":"http:\/\/kt.printandscreen.rs\/serbia-ia-doli-te-futet-ne-trenin-evropian\/"},"modified":"2011-07-06T00:00:00","modified_gmt":"2011-07-06T00:00:00","slug":"serbia-ia-doli-te-futet-ne-trenin-evropian","status":"publish","type":"post","link":"https:\/\/kt.gov.rs\/sq\/serbia-ia-doli-te-futet-ne-trenin-evropian\/","title":{"rendered":"S\u00cbRBIA IA DOLI T\u00cb FUTET N\u00cb TRENIN EVROPIAN"},"content":{"rendered":"<p><strong>Vranj\u00eb<\/strong> \u2013 Ambasadori i Suedis\u00eb n\u00eb Beograd Krister Asp, dje ne Vranj\u00eb tha se S\u00ebrbia ia doli t\u00eb futet n\u00eb tren p\u00ebr n\u00eb Bashkimin Evropian dhe se ai pret q\u00eb n\u00eb dhjetor\u00eb t\u00eb k\u00ebtij viti t\u00eb merret vendimi p\u00ebr pranimin e kandidatur\u00ebs s\u00eb saj.<\/p>\n<p>Asp shtoi se S\u00ebrbia ka p\u00ebrmbushur shumic\u00ebn e kriteriumeve n\u00eb hapin e par\u00eb drejt Bashkimit Evropian,\u00a0 por\u00a0 duhet q\u00eb t\u00eb gjitha kushtet t\u00eb p\u00ebrmbushen deri n\u00eb fund. <\/p>\n<p>Kushtet themelore p\u00ebr marrjen e nj\u00eb vendimi pozitiv p\u00ebr statusin e kandidatit sipas ambasadorit Asp jan\u00eb reformat n\u00eb gjyqsi, reformat lidhur me ligjet elektorale dhe \u00e7\u00ebshtjet e kthimit t\u00eb pronave.<br \/>\n\u201eS\u00ebrbia \u00ebsht\u00eb n\u00eb rrug\u00eb t\u00eb drejt\u00eb drejt BE-s\u00eb. Ai tren tani m\u00eb ve\u00e7 \u00ebsht\u00eb nisur, do te duhet t\u00eb ndalet n\u00eb disa stacione, por ai tani m\u00eb \u00ebsht\u00eb duke l\u00ebvizur\u00a0 dhe S\u00ebrbia ka p\u00ebrkrahje t\u00eb fuqishme nga Suedia n\u00eb k\u00ebt\u00eb rrug\u00eb&quot;, tha Asp pas bised\u00ebs me udh\u00ebheqsin\u00eb e qytetit t\u00eb Vranj\u00ebs.<\/p>\n<p>Ambasadori Asp deklaroi se numri i azilant\u00ebve nga S\u00ebrbia n\u00eb Suedi \u00ebsht\u00eb zvogluar\u00a0 dhe shtoi se Suedia ka ndryshuar ligjet t\u00eb cil\u00ebt i p\u00ebrkasin azilant\u00ebve . \u201eAta tash marrin aq pak para saq\u00eb nuk i mjaftojn\u00eb as p\u00ebr nj\u00eb bilet\u00eb autobusi\u201c, tha Asp.<\/p>\n<p>Ambasadori i Suedis\u00eb sot n\u00eb Vranj\u00eb ka biseduar me udh\u00ebheq\u00ebsin\u00eb e k\u00ebtij qyteti, vizitoi\u00a0 RTV Vranj\u00ebn si dhe gazetat e Vranj\u00ebs, dhe s\u00eb bashku me kryetarin e komun\u00ebs s\u00eb Vranj\u00ebs Mirolub Stojqiq hapi ekspozit\u00ebn me karikatura me titull \u201cBallafaqimi me klim\u00ebn\u201d, autor\u00ebt e s\u00eb cil\u00ebs jan\u00eb nga Suedia dhe Ballkani. Ekspozita do t\u00eb ekspozohet n\u00eb galerin\u00eb e Muzeut komb\u00ebtar\u00eb\u00a0 n\u00eb Vranj\u00eb, dhe do t\u00eb jet\u00eb e hapur p\u00ebr publikun deri m\u00eb 12 Korrik. At\u00eb e p\u00ebrb\u00ebjn\u00eb ilustrime t\u00eb cilat me nj\u00eb sens humori tregojn\u00eb aspektet shqet\u00ebsuese t\u00eb zhvillimit t\u00eb q\u00ebndruesh\u00ebm.<\/p>\n","protected":false},"excerpt":{"rendered":"<p>Vranj\u00eb \u2013 Ambasadori i Suedis\u00eb n\u00eb Beograd Krister Asp, dje ne  Vranj\u00eb tha se S\u00ebrbia ia doli t\u00eb futet n\u00eb tren p\u00ebr n\u00eb Bashkimin Evropian  dhe se ai pret q\u00eb n\u00eb dhjetor\u00eb t\u00eb k\u00ebtij viti t\u00eb merret vendimi p\u00ebr  pranimin e kandidatur\u00ebs s\u00eb saj.<\/p>\n","protected":false},"author":1,"featured_media":0,"comment_status":"closed","ping_status":"closed","sticky":false,"template":"","format":"standard","meta":{"footnotes":""},"categories":[55],"tags":[],"class_list":["post-142222","post","type-post","status-publish","format-standard","hentry","category-lajme"],"yoast_head":"<!-- This site is optimized with the Yoast SEO plugin v27.5 - https:\/\/yoast.com\/product\/yoast-seo-wordpress\/ -->\n<title>S\u00cbRBIA IA DOLI T\u00cb FUTET N\u00cb TRENIN EVROPIAN - Republika e S\u00ebrbis\u00eb Trupi Koordinues p\u00ebr komunat Bujanoc, Preshev\u00eb dhe Medvegj\u00eb<\/title>\n<meta name=\"robots\" content=\"index, follow, max-snippet:-1, max-image-preview:large, max-video-preview:-1\" \/>\n<link rel=\"canonical\" href=\"https:\/\/kt.gov.rs\/sq\/serbia-ia-doli-te-futet-ne-trenin-evropian\/\" \/>\n<meta property=\"og:locale\" content=\"sq_AL\" \/>\n<meta property=\"og:type\" content=\"article\" \/>\n<meta property=\"og:title\" content=\"S\u00cbRBIA IA DOLI T\u00cb FUTET N\u00cb TRENIN EVROPIAN - Republika e S\u00ebrbis\u00eb Trupi Koordinues p\u00ebr komunat Bujanoc, Preshev\u00eb dhe Medvegj\u00eb\" \/>\n<meta property=\"og:description\" content=\"Vranj\u00eb \u2013 Ambasadori i Suedis\u00eb n\u00eb Beograd Krister Asp, dje ne Vranj\u00eb tha se S\u00ebrbia ia doli t\u00eb futet n\u00eb tren p\u00ebr n\u00eb Bashkimin Evropian dhe se ai pret q\u00eb n\u00eb dhjetor\u00eb t\u00eb k\u00ebtij viti t\u00eb merret vendimi p\u00ebr pranimin e kandidatur\u00ebs s\u00eb saj.\" \/>\n<meta property=\"og:url\" content=\"https:\/\/kt.gov.rs\/sq\/serbia-ia-doli-te-futet-ne-trenin-evropian\/\" \/>\n<meta property=\"og:site_name\" content=\"Republika e S\u00ebrbis\u00eb Trupi Koordinues p\u00ebr komunat Bujanoc, Preshev\u00eb dhe Medvegj\u00eb\" \/>\n<meta property=\"article:publisher\" content=\"https:\/\/www.facebook.com\/SluzbaKoordinacionogTelaVladeRepublikeSrbije\" \/>\n<meta property=\"article:published_time\" content=\"2011-07-06T00:00:00+00:00\" \/>\n<meta name=\"author\" content=\"ktmin\" \/>\n<meta name=\"twitter:card\" content=\"summary_large_image\" \/>\n<meta name=\"twitter:creator\" content=\"@kt_gov\" \/>\n<meta name=\"twitter:site\" content=\"@kt_gov\" \/>\n<meta name=\"twitter:label1\" content=\"Written by\" \/>\n\t<meta name=\"twitter:data1\" content=\"ktmin\" \/>\n\t<meta name=\"twitter:label2\" content=\"Est. reading time\" \/>\n\t<meta name=\"twitter:data2\" content=\"2 minutes\" \/>\n<script type=\"application\/ld+json\" class=\"yoast-schema-graph\">{\"@context\":\"https:\\\/\\\/schema.org\",\"@graph\":[{\"@type\":\"Article\",\"@id\":\"https:\\\/\\\/kt.gov.rs\\\/sq\\\/serbia-ia-doli-te-futet-ne-trenin-evropian\\\/#article\",\"isPartOf\":{\"@id\":\"https:\\\/\\\/kt.gov.rs\\\/sq\\\/serbia-ia-doli-te-futet-ne-trenin-evropian\\\/\"},\"author\":{\"name\":\"ktmin\",\"@id\":\"https:\\\/\\\/kt.gov.rs\\\/#\\\/schema\\\/person\\\/e426459ddb4173309103390602694571\"},\"headline\":\"S\u00cbRBIA IA DOLI T\u00cb FUTET N\u00cb TRENIN EVROPIAN\",\"datePublished\":\"2011-07-06T00:00:00+00:00\",\"mainEntityOfPage\":{\"@id\":\"https:\\\/\\\/kt.gov.rs\\\/sq\\\/serbia-ia-doli-te-futet-ne-trenin-evropian\\\/\"},\"wordCount\":347,\"publisher\":{\"@id\":\"https:\\\/\\\/kt.gov.rs\\\/#organization\"},\"articleSection\":[\"Lajme\"],\"inLanguage\":\"sq-AL\"},{\"@type\":\"WebPage\",\"@id\":\"https:\\\/\\\/kt.gov.rs\\\/sq\\\/serbia-ia-doli-te-futet-ne-trenin-evropian\\\/\",\"url\":\"https:\\\/\\\/kt.gov.rs\\\/sq\\\/serbia-ia-doli-te-futet-ne-trenin-evropian\\\/\",\"name\":\"S\u00cbRBIA IA DOLI T\u00cb FUTET N\u00cb TRENIN EVROPIAN - Republika e S\u00ebrbis\u00eb Trupi Koordinues p\u00ebr komunat Bujanoc, Preshev\u00eb dhe Medvegj\u00eb\",\"isPartOf\":{\"@id\":\"https:\\\/\\\/kt.gov.rs\\\/#website\"},\"datePublished\":\"2011-07-06T00:00:00+00:00\",\"breadcrumb\":{\"@id\":\"https:\\\/\\\/kt.gov.rs\\\/sq\\\/serbia-ia-doli-te-futet-ne-trenin-evropian\\\/#breadcrumb\"},\"inLanguage\":\"sq-AL\",\"potentialAction\":[{\"@type\":\"ReadAction\",\"target\":[\"https:\\\/\\\/kt.gov.rs\\\/sq\\\/serbia-ia-doli-te-futet-ne-trenin-evropian\\\/\"]}]},{\"@type\":\"BreadcrumbList\",\"@id\":\"https:\\\/\\\/kt.gov.rs\\\/sq\\\/serbia-ia-doli-te-futet-ne-trenin-evropian\\\/#breadcrumb\",\"itemListElement\":[{\"@type\":\"ListItem\",\"position\":1,\"name\":\"\u041f\u043e\u0447\u0435\u0442\u043d\u0430\",\"item\":\"https:\\\/\\\/kt.gov.rs\\\/sq\\\/\"},{\"@type\":\"ListItem\",\"position\":2,\"name\":\"S\u00cbRBIA IA DOLI T\u00cb FUTET N\u00cb TRENIN EVROPIAN\"}]},{\"@type\":\"WebSite\",\"@id\":\"https:\\\/\\\/kt.gov.rs\\\/#website\",\"url\":\"https:\\\/\\\/kt.gov.rs\\\/\",\"name\":\"\u041a\u043e\u043e\u0440\u0434\u0438\u043d\u0430\u0446\u0438\u043e\u043d\u043e \u0442\u0435\u043b\u043e \u0412\u043b\u0430\u0434\u0435 \u0420\u0435\u043f\u0443\u0431\u043b\u0438\u043a\u0435 \u0421\u0440\u0431\u0438\u0458\u0435 \u0437\u0430 \u043e\u043f\u0448\u0442\u0438\u043d\u0435 \u041f\u0440\u0435\u0448\u0435\u0432\u043e, \u0411\u0443\u0458\u0430\u043d\u043e\u0432\u0430\u0446 \u0438 \u041c\u0435\u0434\u0432\u0435\u0452a\",\"description\":\"\",\"publisher\":{\"@id\":\"https:\\\/\\\/kt.gov.rs\\\/#organization\"},\"alternateName\":\"\u041a\u043e\u043e\u0440\u0434\u0438\u043d\u0430\u0446\u0438\u043e\u043d\u043e \u0442\u0435\u043b\u043e\",\"potentialAction\":[{\"@type\":\"SearchAction\",\"target\":{\"@type\":\"EntryPoint\",\"urlTemplate\":\"https:\\\/\\\/kt.gov.rs\\\/?s={search_term_string}\"},\"query-input\":{\"@type\":\"PropertyValueSpecification\",\"valueRequired\":true,\"valueName\":\"search_term_string\"}}],\"inLanguage\":\"sq-AL\"},{\"@type\":\"Organization\",\"@id\":\"https:\\\/\\\/kt.gov.rs\\\/#organization\",\"name\":\"\u041a\u043e\u043e\u0440\u0434\u0438\u043d\u0430\u0446\u0438\u043e\u043d\u043e \u0442\u0435\u043b\u043e \u0412\u043b\u0430\u0434\u0435 \u0420\u0435\u043f\u0443\u0431\u043b\u0438\u043a\u0435 \u0421\u0440\u0431\u0438\u0458\u0435 \u0437\u0430 \u043e\u043f\u0448\u0442\u0438\u043d\u0435 \u041f\u0440\u0435\u0448\u0435\u0432\u043e, \u0411\u0443\u0458\u0430\u043d\u043e\u0432\u0430\u0446 \u0438 \u041c\u0435\u0434\u0432\u0435\u0452a\",\"alternateName\":\"\u041a\u043e\u043e\u0440\u0434\u0438\u043d\u0430\u0446\u0438\u043e\u043d\u043e \u0442\u0435\u043b\u043e\",\"url\":\"https:\\\/\\\/kt.gov.rs\\\/\",\"logo\":{\"@type\":\"ImageObject\",\"inLanguage\":\"sq-AL\",\"@id\":\"https:\\\/\\\/kt.gov.rs\\\/#\\\/schema\\\/logo\\\/image\\\/\",\"url\":\"https:\\\/\\\/kt.gov.rs\\\/wp-content\\\/uploads\\\/2024\\\/12\\\/koord2.jpg\",\"contentUrl\":\"https:\\\/\\\/kt.gov.rs\\\/wp-content\\\/uploads\\\/2024\\\/12\\\/koord2.jpg\",\"width\":640,\"height\":480,\"caption\":\"\u041a\u043e\u043e\u0440\u0434\u0438\u043d\u0430\u0446\u0438\u043e\u043d\u043e \u0442\u0435\u043b\u043e \u0412\u043b\u0430\u0434\u0435 \u0420\u0435\u043f\u0443\u0431\u043b\u0438\u043a\u0435 \u0421\u0440\u0431\u0438\u0458\u0435 \u0437\u0430 \u043e\u043f\u0448\u0442\u0438\u043d\u0435 \u041f\u0440\u0435\u0448\u0435\u0432\u043e, \u0411\u0443\u0458\u0430\u043d\u043e\u0432\u0430\u0446 \u0438 \u041c\u0435\u0434\u0432\u0435\u0452a\"},\"image\":{\"@id\":\"https:\\\/\\\/kt.gov.rs\\\/#\\\/schema\\\/logo\\\/image\\\/\"},\"sameAs\":[\"https:\\\/\\\/www.facebook.com\\\/SluzbaKoordinacionogTelaVladeRepublikeSrbije\",\"https:\\\/\\\/x.com\\\/kt_gov\",\"https:\\\/\\\/www.youtube.com\\\/@koordinacionotelo\"]},{\"@type\":\"Person\",\"@id\":\"https:\\\/\\\/kt.gov.rs\\\/#\\\/schema\\\/person\\\/e426459ddb4173309103390602694571\",\"name\":\"ktmin\",\"image\":{\"@type\":\"ImageObject\",\"inLanguage\":\"sq-AL\",\"@id\":\"https:\\\/\\\/secure.gravatar.com\\\/avatar\\\/3985c961109853010c3fbc7ba30365bfba5db3dd6c525831d9c595c7525a615a?s=96&d=mm&r=g\",\"url\":\"https:\\\/\\\/secure.gravatar.com\\\/avatar\\\/3985c961109853010c3fbc7ba30365bfba5db3dd6c525831d9c595c7525a615a?s=96&d=mm&r=g\",\"contentUrl\":\"https:\\\/\\\/secure.gravatar.com\\\/avatar\\\/3985c961109853010c3fbc7ba30365bfba5db3dd6c525831d9c595c7525a615a?s=96&d=mm&r=g\",\"caption\":\"ktmin\"},\"sameAs\":[\"https:\\\/\\\/kt.gov.rs\"],\"url\":\"https:\\\/\\\/kt.gov.rs\\\/sq\\\/author\\\/ktmin\\\/\"}]}<\/script>\n<!-- \/ Yoast SEO plugin. -->","yoast_head_json":{"title":"S\u00cbRBIA IA DOLI T\u00cb FUTET N\u00cb TRENIN EVROPIAN - Republika e S\u00ebrbis\u00eb Trupi Koordinues p\u00ebr komunat Bujanoc, Preshev\u00eb dhe Medvegj\u00eb","robots":{"index":"index","follow":"follow","max-snippet":"max-snippet:-1","max-image-preview":"max-image-preview:large","max-video-preview":"max-video-preview:-1"},"canonical":"https:\/\/kt.gov.rs\/sq\/serbia-ia-doli-te-futet-ne-trenin-evropian\/","og_locale":"sq_AL","og_type":"article","og_title":"S\u00cbRBIA IA DOLI T\u00cb FUTET N\u00cb TRENIN EVROPIAN - Republika e S\u00ebrbis\u00eb Trupi Koordinues p\u00ebr komunat Bujanoc, Preshev\u00eb dhe Medvegj\u00eb","og_description":"Vranj\u00eb \u2013 Ambasadori i Suedis\u00eb n\u00eb Beograd Krister Asp, dje ne Vranj\u00eb tha se S\u00ebrbia ia doli t\u00eb futet n\u00eb tren p\u00ebr n\u00eb Bashkimin Evropian dhe se ai pret q\u00eb n\u00eb dhjetor\u00eb t\u00eb k\u00ebtij viti t\u00eb merret vendimi p\u00ebr pranimin e kandidatur\u00ebs s\u00eb saj.","og_url":"https:\/\/kt.gov.rs\/sq\/serbia-ia-doli-te-futet-ne-trenin-evropian\/","og_site_name":"Republika e S\u00ebrbis\u00eb Trupi Koordinues p\u00ebr komunat Bujanoc, Preshev\u00eb dhe Medvegj\u00eb","article_publisher":"https:\/\/www.facebook.com\/SluzbaKoordinacionogTelaVladeRepublikeSrbije","article_published_time":"2011-07-06T00:00:00+00:00","author":"ktmin","twitter_card":"summary_large_image","twitter_creator":"@kt_gov","twitter_site":"@kt_gov","twitter_misc":{"Written by":"ktmin","Est. reading time":"2 minutes"},"schema":{"@context":"https:\/\/schema.org","@graph":[{"@type":"Article","@id":"https:\/\/kt.gov.rs\/sq\/serbia-ia-doli-te-futet-ne-trenin-evropian\/#article","isPartOf":{"@id":"https:\/\/kt.gov.rs\/sq\/serbia-ia-doli-te-futet-ne-trenin-evropian\/"},"author":{"name":"ktmin","@id":"https:\/\/kt.gov.rs\/#\/schema\/person\/e426459ddb4173309103390602694571"},"headline":"S\u00cbRBIA IA DOLI T\u00cb FUTET N\u00cb TRENIN EVROPIAN","datePublished":"2011-07-06T00:00:00+00:00","mainEntityOfPage":{"@id":"https:\/\/kt.gov.rs\/sq\/serbia-ia-doli-te-futet-ne-trenin-evropian\/"},"wordCount":347,"publisher":{"@id":"https:\/\/kt.gov.rs\/#organization"},"articleSection":["Lajme"],"inLanguage":"sq-AL"},{"@type":"WebPage","@id":"https:\/\/kt.gov.rs\/sq\/serbia-ia-doli-te-futet-ne-trenin-evropian\/","url":"https:\/\/kt.gov.rs\/sq\/serbia-ia-doli-te-futet-ne-trenin-evropian\/","name":"S\u00cbRBIA IA DOLI T\u00cb FUTET N\u00cb TRENIN EVROPIAN - Republika e S\u00ebrbis\u00eb Trupi Koordinues p\u00ebr komunat Bujanoc, Preshev\u00eb dhe Medvegj\u00eb","isPartOf":{"@id":"https:\/\/kt.gov.rs\/#website"},"datePublished":"2011-07-06T00:00:00+00:00","breadcrumb":{"@id":"https:\/\/kt.gov.rs\/sq\/serbia-ia-doli-te-futet-ne-trenin-evropian\/#breadcrumb"},"inLanguage":"sq-AL","potentialAction":[{"@type":"ReadAction","target":["https:\/\/kt.gov.rs\/sq\/serbia-ia-doli-te-futet-ne-trenin-evropian\/"]}]},{"@type":"BreadcrumbList","@id":"https:\/\/kt.gov.rs\/sq\/serbia-ia-doli-te-futet-ne-trenin-evropian\/#breadcrumb","itemListElement":[{"@type":"ListItem","position":1,"name":"\u041f\u043e\u0447\u0435\u0442\u043d\u0430","item":"https:\/\/kt.gov.rs\/sq\/"},{"@type":"ListItem","position":2,"name":"S\u00cbRBIA IA DOLI T\u00cb FUTET N\u00cb TRENIN EVROPIAN"}]},{"@type":"WebSite","@id":"https:\/\/kt.gov.rs\/#website","url":"https:\/\/kt.gov.rs\/","name":"\u041a\u043e\u043e\u0440\u0434\u0438\u043d\u0430\u0446\u0438\u043e\u043d\u043e \u0442\u0435\u043b\u043e \u0412\u043b\u0430\u0434\u0435 \u0420\u0435\u043f\u0443\u0431\u043b\u0438\u043a\u0435 \u0421\u0440\u0431\u0438\u0458\u0435 \u0437\u0430 \u043e\u043f\u0448\u0442\u0438\u043d\u0435 \u041f\u0440\u0435\u0448\u0435\u0432\u043e, \u0411\u0443\u0458\u0430\u043d\u043e\u0432\u0430\u0446 \u0438 \u041c\u0435\u0434\u0432\u0435\u0452a","description":"","publisher":{"@id":"https:\/\/kt.gov.rs\/#organization"},"alternateName":"\u041a\u043e\u043e\u0440\u0434\u0438\u043d\u0430\u0446\u0438\u043e\u043d\u043e \u0442\u0435\u043b\u043e","potentialAction":[{"@type":"SearchAction","target":{"@type":"EntryPoint","urlTemplate":"https:\/\/kt.gov.rs\/?s={search_term_string}"},"query-input":{"@type":"PropertyValueSpecification","valueRequired":true,"valueName":"search_term_string"}}],"inLanguage":"sq-AL"},{"@type":"Organization","@id":"https:\/\/kt.gov.rs\/#organization","name":"\u041a\u043e\u043e\u0440\u0434\u0438\u043d\u0430\u0446\u0438\u043e\u043d\u043e \u0442\u0435\u043b\u043e \u0412\u043b\u0430\u0434\u0435 \u0420\u0435\u043f\u0443\u0431\u043b\u0438\u043a\u0435 \u0421\u0440\u0431\u0438\u0458\u0435 \u0437\u0430 \u043e\u043f\u0448\u0442\u0438\u043d\u0435 \u041f\u0440\u0435\u0448\u0435\u0432\u043e, \u0411\u0443\u0458\u0430\u043d\u043e\u0432\u0430\u0446 \u0438 \u041c\u0435\u0434\u0432\u0435\u0452a","alternateName":"\u041a\u043e\u043e\u0440\u0434\u0438\u043d\u0430\u0446\u0438\u043e\u043d\u043e \u0442\u0435\u043b\u043e","url":"https:\/\/kt.gov.rs\/","logo":{"@type":"ImageObject","inLanguage":"sq-AL","@id":"https:\/\/kt.gov.rs\/#\/schema\/logo\/image\/","url":"https:\/\/kt.gov.rs\/wp-content\/uploads\/2024\/12\/koord2.jpg","contentUrl":"https:\/\/kt.gov.rs\/wp-content\/uploads\/2024\/12\/koord2.jpg","width":640,"height":480,"caption":"\u041a\u043e\u043e\u0440\u0434\u0438\u043d\u0430\u0446\u0438\u043e\u043d\u043e \u0442\u0435\u043b\u043e \u0412\u043b\u0430\u0434\u0435 \u0420\u0435\u043f\u0443\u0431\u043b\u0438\u043a\u0435 \u0421\u0440\u0431\u0438\u0458\u0435 \u0437\u0430 \u043e\u043f\u0448\u0442\u0438\u043d\u0435 \u041f\u0440\u0435\u0448\u0435\u0432\u043e, \u0411\u0443\u0458\u0430\u043d\u043e\u0432\u0430\u0446 \u0438 \u041c\u0435\u0434\u0432\u0435\u0452a"},"image":{"@id":"https:\/\/kt.gov.rs\/#\/schema\/logo\/image\/"},"sameAs":["https:\/\/www.facebook.com\/SluzbaKoordinacionogTelaVladeRepublikeSrbije","https:\/\/x.com\/kt_gov","https:\/\/www.youtube.com\/@koordinacionotelo"]},{"@type":"Person","@id":"https:\/\/kt.gov.rs\/#\/schema\/person\/e426459ddb4173309103390602694571","name":"ktmin","image":{"@type":"ImageObject","inLanguage":"sq-AL","@id":"https:\/\/secure.gravatar.com\/avatar\/3985c961109853010c3fbc7ba30365bfba5db3dd6c525831d9c595c7525a615a?s=96&d=mm&r=g","url":"https:\/\/secure.gravatar.com\/avatar\/3985c961109853010c3fbc7ba30365bfba5db3dd6c525831d9c595c7525a615a?s=96&d=mm&r=g","contentUrl":"https:\/\/secure.gravatar.com\/avatar\/3985c961109853010c3fbc7ba30365bfba5db3dd6c525831d9c595c7525a615a?s=96&d=mm&r=g","caption":"ktmin"},"sameAs":["https:\/\/kt.gov.rs"],"url":"https:\/\/kt.gov.rs\/sq\/author\/ktmin\/"}]}},"_links":{"self":[{"href":"https:\/\/kt.gov.rs\/sq\/wp-json\/wp\/v2\/posts\/142222","targetHints":{"allow":["GET"]}}],"collection":[{"href":"https:\/\/kt.gov.rs\/sq\/wp-json\/wp\/v2\/posts"}],"about":[{"href":"https:\/\/kt.gov.rs\/sq\/wp-json\/wp\/v2\/types\/post"}],"author":[{"embeddable":true,"href":"https:\/\/kt.gov.rs\/sq\/wp-json\/wp\/v2\/users\/1"}],"replies":[{"embeddable":true,"href":"https:\/\/kt.gov.rs\/sq\/wp-json\/wp\/v2\/comments?post=142222"}],"version-history":[{"count":0,"href":"https:\/\/kt.gov.rs\/sq\/wp-json\/wp\/v2\/posts\/142222\/revisions"}],"wp:attachment":[{"href":"https:\/\/kt.gov.rs\/sq\/wp-json\/wp\/v2\/media?parent=142222"}],"wp:term":[{"taxonomy":"category","embeddable":true,"href":"https:\/\/kt.gov.rs\/sq\/wp-json\/wp\/v2\/categories?post=142222"},{"taxonomy":"post_tag","embeddable":true,"href":"https:\/\/kt.gov.rs\/sq\/wp-json\/wp\/v2\/tags?post=142222"}],"curies":[{"name":"wp","href":"https:\/\/api.w.org\/{rel}","templated":true}]}}