{"id":142221,"date":"2011-07-07T00:00:00","date_gmt":"2011-07-07T00:00:00","guid":{"rendered":"http:\/\/kt.printandscreen.rs\/pese-qytete-presin-shume-nga-ekipet-e-ambasadoreve\/"},"modified":"2011-07-07T00:00:00","modified_gmt":"2011-07-07T00:00:00","slug":"pese-qytete-presin-shume-nga-ekipet-e-ambasadoreve","status":"publish","type":"post","link":"https:\/\/kt.gov.rs\/sq\/pese-qytete-presin-shume-nga-ekipet-e-ambasadoreve\/","title":{"rendered":"PES\u00cb QYTETE PRESIN SHUM\u00cb NGA EKIPET E AMBASADOR\u00cbVE"},"content":{"rendered":"<p>Zyrtar\u00ebt e pes\u00eb qyteteve n\u00eb S\u00ebrbi (Leskoc, Vranj\u00eb, Bujanoc, Pirot dhe Subotic\u00eb) vler\u00ebsojn\u00eb se ekipet e ambasador\u00ebve , t\u00eb cilat para dy dit\u00ebve i ka prezentuar Agjencia Komb\u00ebtare p\u00ebr Zhvillim Ekonomik Lokal (NALED), do t\u00eb ndihmojn\u00eb duksh\u00ebm n\u00eb t\u00ebrheqjen e investitor\u00ebve.<\/p>\n<p>Cdo ekip p\u00ebrb\u00ebhet nga nj\u00eb ambasador i nj\u00eb shteti,nj\u00eb p\u00ebrfaq\u00ebsues i nj\u00eb kompanije t\u00eb madhe dhe nga kryetari i komun\u00ebs s\u00eb zgjedhur.<\/p>\n<p>Leskocin do ta ndihmoj\u00eb ambasadori i Sllovenis\u00eb Franc But, drejtori i firm\u00ebs amerikane p\u00ebr prodhimin e limenk\u00ebs n\u00eb S\u00ebrbi\u00a0 \u201eBall Packaging\u201c si dhe kryetari i komun\u00ebs Sllobodan Kociq.<br \/>\n\u201eJam shum\u00eb i k\u00ebnaqur pasi q\u00eb kemi nj\u00eb \u201eekip t\u00eb \u00ebndrrave\u201c . Leskoci\u00a0 tashm\u00eb disa vite\u00a0 bashkpunon suksessh\u00ebm me firmat sllovene. Kuptohemi shum\u00eb mir\u00eb dhe kemi nj\u00eb vizion t\u00eb ngjajsh\u00ebm t\u00eb zhvillimit t\u00eb rajonit. Ambasadori But ishte Minist\u00ebr i Bujq\u00ebsis\u00eb gjat\u00eb koh\u00ebs kur Sllovenia u b\u00eb pjes\u00eb e Bashkimit Evropian (BE), dhe p\u00ebr at\u00eb mendojm\u00eb se p\u00ebr ne kjo do t\u00eb jet\u00eb shum\u00eb e dobishme. N\u00eb m\u00ebnyr\u00eb t\u00eb njejt\u00eb jemi t\u00eb k\u00ebnaqur q\u00eb p\u00ebr ne do t\u00eb kujdeset edhe firma \u201eBall Packaging\u201c, sepse \u00ebsht\u00eb nj\u00eb prodhues i njohur bot\u00ebror\u00eb, i cili paras\u00ebgjithas investon edhe n\u00eb reciklim \u201c, tha kryetari i komun\u00ebs s\u00eb Leskocit Sllobodan Kociq.<br \/>\nFranc But, ambasadori i Sllovenis\u00eb n\u00eb S\u00ebrbi, deklaroi q\u00eb menj\u00ebher\u00eb do t\u00eb filloj\u00eb\u00eb bisedimet\u00a0 me ata p\u00ebr t\u00eb cil\u00ebt mendon se n\u00eb Leskoc\u00a0 do t\u00eb hapin objektet e tyre. Ai paras\u00ebgjithash do t\u00eb\u00a0 loboj\u00eb tek nd\u00ebrmarrjet t\u00eb cilat merren me bujq\u00ebsi dhe turiz\u00ebm rural.<\/p>\n<p>\u201e Leskoci ka nj\u00eb pozit\u00eb gjeografike ideale\u00a0 p\u00ebr prodhim bujq\u00ebsor\u00eb dhe gjendet pran\u00eb rrug\u00ebs p\u00ebr n\u00eb Greqi. Shpresoj q\u00eb do t\u00eb ndihmoj\u00eb q\u00eb ndonj\u00eb firm\u00eb serioze\u00a0 e cila merret me p\u00ebrpunimin e perimeve dhe frutave t\u00eb vij\u00eb n\u00eb k\u00ebt\u00eb qytet. Shanset p\u00ebr zhvillimin e Leskocit i shoh n\u00eb turizmin rural. Ne k\u00ebt\u00eb shum\u00eb mir\u00eb e kemi b\u00ebr\u00eb n\u00eb Slloveni, dhe mundemi q\u00eb t\u00eb njejt\u00ebn re\u00e7et\u00eb ta zbatojm\u00eb edhe k\u00ebtu\u201c, tha But.<\/p>\n<p>Edhe kryetari i komun\u00ebs s\u00eb Vranj\u00ebs Mirolub Stoj\u00e7iq mendon se formimi i ekipit t\u00eb ambasador\u00ebve ( Sllovakia dhe korporata \u201eAsseco\u201c) do t\u00eb jen\u00eb t\u00eb dobishme p\u00ebr rreth 2500 firma n\u00eb Vranj\u00eb.<\/p>\n<p>\u201eMendoj se p\u00ebr Vranj\u00ebn \u00ebsht\u00eb m\u00eb se i dobish\u00ebm\u00a0 fakti se n\u00eb ekipin ton\u00eb t\u00eb ambasador\u00ebve gjendet Sllovakia, e cila edhe vet\u00eb jo shum\u00eb m\u00eb par\u00eb ka dalur nga tranzicioni dhe ka shum\u00eb p\u00ebrvoj\u00eb n\u00eb k\u00ebt\u00eb, dhe e cila \u00ebsht\u00eb an\u00ebtare e BE-s\u00eb, q\u00eb p\u00ebr qytetin ton\u00eb dhe biznismen\u00ebt e k\u00ebsaj pjese don t\u00eb thot\u00eb\u00a0 m\u00eb shum\u00eb informacione dhe akses t\u00eb drejtp\u00ebrdrejt\u00eb\u00a0 n\u00eb fondet e BE-s\u00eb \u201c, tha Stoj\u00e7iq.<\/p>\n<p>Sipas fjal\u00ebve t\u00eb z\u00ebvend\u00ebsit t\u00eb kryetarit t\u00eb komun\u00ebs s\u00eb Pirotit Sreten Savov, ky \u00ebsht\u00eb nj\u00eb rast i madh p\u00ebr Pirotin q\u00eb t\u00eb promovoj potencijalet q\u00eb ka, para s\u00eb gjithash n\u00eb fush\u00ebn e zhvillimit t\u00eb turizmit, blegtoris\u00eb dhe industrris\u00eb. N\u00eb ekipin e Pirotit jan\u00eb Spanja dhe \u201eVip- mobile\u201c.<\/p>\n<p>\u201c Ky \u00ebsht\u00eb edhe nj\u00eb rast edhe p\u00ebr promovimin e brendeve tona si\u00a0 ka\u00e7kavali i Pirotit, qengji i Pirotit, tepihet e ndryshme si dhe t\u00eb tjera. Fakti se Piroti gjendet n\u00eb mes atyre qyteteve\u00a0 n\u00eb S\u00ebrbi\u00a0 q\u00eb kan\u00eb \u00e7ertifikat\u00eb p\u00ebr klim\u00eb t\u00eb mir\u00eb t\u00eb investimeve, \u00ebsht\u00eb nj\u00eb garancion shtes\u00eb p\u00ebr investitor\u00ebt potencial\u201d, tha Savov.<\/p>\n<p>Edhe n\u00eb komun\u00ebn e Bujanocit jan\u00eb m\u00eb se t\u00eb k\u00ebnaqur, nd\u00ebrsa ekipi i tyre p\u00ebrb\u00ebhet prej Portugalis\u00eb dhe bank\u00ebs Hypo Alpe-Adria.<\/p>\n<p>\u201c Komuna jon\u00eb gjat\u00eb \u00ebsht\u00eb p\u00ebrgatitur p\u00ebr nj\u00eb ngjarje t\u00eb k\u00ebtill\u00eb. Kemi p\u00ebrmbushur t\u00eb gjitha kushtet e konkursit, kemi harxhuar mjaft\u00eb koh\u00eb dhe energji sepse kemi besuar q\u00eb aq leht\u00eb dhe shum\u00eb m\u00eb mir\u00eb mund ti shfrytzojm\u00eb potencijalet tona. P\u00ebr ne kjo don t\u00eb thot\u00eb se do t\u00eb jemi t\u00eb prezentuar n\u00eb m\u00ebnyr\u00eb m\u00eb t\u00eb volitshme\u00a0 para investitor\u00ebve t\u00eb ardhsh\u00ebm.\u00a0 Deri n\u00eb fund t\u00eb vitit presim edhe rezultatet e para t\u00eb bashkpunimit, realizimit t\u00eb dy projekteve t\u00eb mdhaja , dhe \u00e7ka \u00ebsht\u00eb edhe m\u00eb\u00a0 e r\u00ebnd\u00ebsishme, do t\u00eb happen vende t\u00eb reja t\u00eb pun\u00ebs edhe p\u00ebr\u00a0 s\u00ebrb\u00ebt edhe shqiptar\u00ebt\u201d, tha Shaip Kamberi, kryetari i komun\u00ebs s\u00eb Bujanocit.<\/p>\n<p>N\u00eb Subotic\u00eb, p\u00ebr t\u00eb cil\u00ebn do t\u00eb kujdesen Izraeli dhe kompanija \u201cTigar\u201d, gjithashtu jan\u00eb shum\u00eb t\u00eb k\u00ebnaqur\u00a0 dhe cekin se presin t\u00ebrheqje t\u00eb investitor\u00ebve t\u00eb rinj dhe pun\u00ebsim m\u00eb t\u00eb madh.<\/p>\n","protected":false},"excerpt":{"rendered":"<p>Zyrtar\u00ebt e pes\u00eb qyteteve n\u00eb S\u00ebrbi (Leskoc, Vranj\u00eb, Bujanoc, Pirot dhe  Subotic\u00eb) vler\u00ebsojn\u00eb se ekipet e ambasador\u00ebve , t\u00eb cilat para dy dit\u00ebve i  ka prezentuar Agjencia Komb\u00ebtare p\u00ebr Zhvillim Ekonomik Lokal (NALED),  do t\u00eb ndihmojn\u00eb duksh\u00ebm n\u00eb t\u00ebrheqjen e investitor\u00ebve.<\/p>\n","protected":false},"author":1,"featured_media":0,"comment_status":"closed","ping_status":"closed","sticky":false,"template":"","format":"standard","meta":{"footnotes":""},"categories":[55],"tags":[],"class_list":["post-142221","post","type-post","status-publish","format-standard","hentry","category-lajme"],"yoast_head":"<!-- This site is optimized with the Yoast SEO plugin v27.5 - https:\/\/yoast.com\/product\/yoast-seo-wordpress\/ -->\n<title>PES\u00cb QYTETE PRESIN SHUM\u00cb NGA EKIPET E AMBASADOR\u00cbVE - Republika e S\u00ebrbis\u00eb Trupi Koordinues p\u00ebr komunat Bujanoc, Preshev\u00eb dhe Medvegj\u00eb<\/title>\n<meta name=\"robots\" content=\"index, follow, max-snippet:-1, max-image-preview:large, max-video-preview:-1\" \/>\n<link rel=\"canonical\" href=\"https:\/\/kt.gov.rs\/sq\/pese-qytete-presin-shume-nga-ekipet-e-ambasadoreve\/\" \/>\n<meta property=\"og:locale\" content=\"sq_AL\" \/>\n<meta property=\"og:type\" content=\"article\" \/>\n<meta property=\"og:title\" content=\"PES\u00cb QYTETE PRESIN SHUM\u00cb NGA EKIPET E AMBASADOR\u00cbVE - Republika e S\u00ebrbis\u00eb Trupi Koordinues p\u00ebr komunat Bujanoc, Preshev\u00eb dhe Medvegj\u00eb\" \/>\n<meta property=\"og:description\" content=\"Zyrtar\u00ebt e pes\u00eb qyteteve n\u00eb S\u00ebrbi (Leskoc, Vranj\u00eb, Bujanoc, Pirot dhe Subotic\u00eb) vler\u00ebsojn\u00eb se ekipet e ambasador\u00ebve , t\u00eb cilat para dy dit\u00ebve i ka prezentuar Agjencia Komb\u00ebtare p\u00ebr Zhvillim Ekonomik Lokal (NALED), do t\u00eb ndihmojn\u00eb duksh\u00ebm n\u00eb t\u00ebrheqjen e investitor\u00ebve.\" \/>\n<meta property=\"og:url\" content=\"https:\/\/kt.gov.rs\/sq\/pese-qytete-presin-shume-nga-ekipet-e-ambasadoreve\/\" \/>\n<meta property=\"og:site_name\" content=\"Republika e S\u00ebrbis\u00eb Trupi Koordinues p\u00ebr komunat Bujanoc, Preshev\u00eb dhe Medvegj\u00eb\" \/>\n<meta property=\"article:publisher\" content=\"https:\/\/www.facebook.com\/SluzbaKoordinacionogTelaVladeRepublikeSrbije\" \/>\n<meta property=\"article:published_time\" content=\"2011-07-07T00:00:00+00:00\" \/>\n<meta name=\"author\" content=\"ktmin\" \/>\n<meta name=\"twitter:card\" content=\"summary_large_image\" \/>\n<meta name=\"twitter:creator\" content=\"@kt_gov\" \/>\n<meta name=\"twitter:site\" content=\"@kt_gov\" \/>\n<meta name=\"twitter:label1\" content=\"Written by\" \/>\n\t<meta name=\"twitter:data1\" content=\"ktmin\" \/>\n\t<meta name=\"twitter:label2\" content=\"Est. reading time\" \/>\n\t<meta name=\"twitter:data2\" content=\"4 minutes\" \/>\n<script type=\"application\/ld+json\" class=\"yoast-schema-graph\">{\"@context\":\"https:\\\/\\\/schema.org\",\"@graph\":[{\"@type\":\"Article\",\"@id\":\"https:\\\/\\\/kt.gov.rs\\\/sq\\\/pese-qytete-presin-shume-nga-ekipet-e-ambasadoreve\\\/#article\",\"isPartOf\":{\"@id\":\"https:\\\/\\\/kt.gov.rs\\\/sq\\\/pese-qytete-presin-shume-nga-ekipet-e-ambasadoreve\\\/\"},\"author\":{\"name\":\"ktmin\",\"@id\":\"https:\\\/\\\/kt.gov.rs\\\/#\\\/schema\\\/person\\\/e426459ddb4173309103390602694571\"},\"headline\":\"PES\u00cb QYTETE PRESIN SHUM\u00cb NGA EKIPET E AMBASADOR\u00cbVE\",\"datePublished\":\"2011-07-07T00:00:00+00:00\",\"mainEntityOfPage\":{\"@id\":\"https:\\\/\\\/kt.gov.rs\\\/sq\\\/pese-qytete-presin-shume-nga-ekipet-e-ambasadoreve\\\/\"},\"wordCount\":823,\"publisher\":{\"@id\":\"https:\\\/\\\/kt.gov.rs\\\/#organization\"},\"articleSection\":[\"Lajme\"],\"inLanguage\":\"sq-AL\"},{\"@type\":\"WebPage\",\"@id\":\"https:\\\/\\\/kt.gov.rs\\\/sq\\\/pese-qytete-presin-shume-nga-ekipet-e-ambasadoreve\\\/\",\"url\":\"https:\\\/\\\/kt.gov.rs\\\/sq\\\/pese-qytete-presin-shume-nga-ekipet-e-ambasadoreve\\\/\",\"name\":\"PES\u00cb QYTETE PRESIN SHUM\u00cb NGA EKIPET E AMBASADOR\u00cbVE - Republika e S\u00ebrbis\u00eb Trupi Koordinues p\u00ebr komunat Bujanoc, Preshev\u00eb dhe Medvegj\u00eb\",\"isPartOf\":{\"@id\":\"https:\\\/\\\/kt.gov.rs\\\/#website\"},\"datePublished\":\"2011-07-07T00:00:00+00:00\",\"breadcrumb\":{\"@id\":\"https:\\\/\\\/kt.gov.rs\\\/sq\\\/pese-qytete-presin-shume-nga-ekipet-e-ambasadoreve\\\/#breadcrumb\"},\"inLanguage\":\"sq-AL\",\"potentialAction\":[{\"@type\":\"ReadAction\",\"target\":[\"https:\\\/\\\/kt.gov.rs\\\/sq\\\/pese-qytete-presin-shume-nga-ekipet-e-ambasadoreve\\\/\"]}]},{\"@type\":\"BreadcrumbList\",\"@id\":\"https:\\\/\\\/kt.gov.rs\\\/sq\\\/pese-qytete-presin-shume-nga-ekipet-e-ambasadoreve\\\/#breadcrumb\",\"itemListElement\":[{\"@type\":\"ListItem\",\"position\":1,\"name\":\"\u041f\u043e\u0447\u0435\u0442\u043d\u0430\",\"item\":\"https:\\\/\\\/kt.gov.rs\\\/sq\\\/\"},{\"@type\":\"ListItem\",\"position\":2,\"name\":\"PES\u00cb QYTETE PRESIN SHUM\u00cb NGA EKIPET E AMBASADOR\u00cbVE\"}]},{\"@type\":\"WebSite\",\"@id\":\"https:\\\/\\\/kt.gov.rs\\\/#website\",\"url\":\"https:\\\/\\\/kt.gov.rs\\\/\",\"name\":\"\u041a\u043e\u043e\u0440\u0434\u0438\u043d\u0430\u0446\u0438\u043e\u043d\u043e \u0442\u0435\u043b\u043e \u0412\u043b\u0430\u0434\u0435 \u0420\u0435\u043f\u0443\u0431\u043b\u0438\u043a\u0435 \u0421\u0440\u0431\u0438\u0458\u0435 \u0437\u0430 \u043e\u043f\u0448\u0442\u0438\u043d\u0435 \u041f\u0440\u0435\u0448\u0435\u0432\u043e, \u0411\u0443\u0458\u0430\u043d\u043e\u0432\u0430\u0446 \u0438 \u041c\u0435\u0434\u0432\u0435\u0452a\",\"description\":\"\",\"publisher\":{\"@id\":\"https:\\\/\\\/kt.gov.rs\\\/#organization\"},\"alternateName\":\"\u041a\u043e\u043e\u0440\u0434\u0438\u043d\u0430\u0446\u0438\u043e\u043d\u043e \u0442\u0435\u043b\u043e\",\"potentialAction\":[{\"@type\":\"SearchAction\",\"target\":{\"@type\":\"EntryPoint\",\"urlTemplate\":\"https:\\\/\\\/kt.gov.rs\\\/?s={search_term_string}\"},\"query-input\":{\"@type\":\"PropertyValueSpecification\",\"valueRequired\":true,\"valueName\":\"search_term_string\"}}],\"inLanguage\":\"sq-AL\"},{\"@type\":\"Organization\",\"@id\":\"https:\\\/\\\/kt.gov.rs\\\/#organization\",\"name\":\"\u041a\u043e\u043e\u0440\u0434\u0438\u043d\u0430\u0446\u0438\u043e\u043d\u043e \u0442\u0435\u043b\u043e \u0412\u043b\u0430\u0434\u0435 \u0420\u0435\u043f\u0443\u0431\u043b\u0438\u043a\u0435 \u0421\u0440\u0431\u0438\u0458\u0435 \u0437\u0430 \u043e\u043f\u0448\u0442\u0438\u043d\u0435 \u041f\u0440\u0435\u0448\u0435\u0432\u043e, \u0411\u0443\u0458\u0430\u043d\u043e\u0432\u0430\u0446 \u0438 \u041c\u0435\u0434\u0432\u0435\u0452a\",\"alternateName\":\"\u041a\u043e\u043e\u0440\u0434\u0438\u043d\u0430\u0446\u0438\u043e\u043d\u043e \u0442\u0435\u043b\u043e\",\"url\":\"https:\\\/\\\/kt.gov.rs\\\/\",\"logo\":{\"@type\":\"ImageObject\",\"inLanguage\":\"sq-AL\",\"@id\":\"https:\\\/\\\/kt.gov.rs\\\/#\\\/schema\\\/logo\\\/image\\\/\",\"url\":\"https:\\\/\\\/kt.gov.rs\\\/wp-content\\\/uploads\\\/2024\\\/12\\\/koord2.jpg\",\"contentUrl\":\"https:\\\/\\\/kt.gov.rs\\\/wp-content\\\/uploads\\\/2024\\\/12\\\/koord2.jpg\",\"width\":640,\"height\":480,\"caption\":\"\u041a\u043e\u043e\u0440\u0434\u0438\u043d\u0430\u0446\u0438\u043e\u043d\u043e \u0442\u0435\u043b\u043e \u0412\u043b\u0430\u0434\u0435 \u0420\u0435\u043f\u0443\u0431\u043b\u0438\u043a\u0435 \u0421\u0440\u0431\u0438\u0458\u0435 \u0437\u0430 \u043e\u043f\u0448\u0442\u0438\u043d\u0435 \u041f\u0440\u0435\u0448\u0435\u0432\u043e, \u0411\u0443\u0458\u0430\u043d\u043e\u0432\u0430\u0446 \u0438 \u041c\u0435\u0434\u0432\u0435\u0452a\"},\"image\":{\"@id\":\"https:\\\/\\\/kt.gov.rs\\\/#\\\/schema\\\/logo\\\/image\\\/\"},\"sameAs\":[\"https:\\\/\\\/www.facebook.com\\\/SluzbaKoordinacionogTelaVladeRepublikeSrbije\",\"https:\\\/\\\/x.com\\\/kt_gov\",\"https:\\\/\\\/www.youtube.com\\\/@koordinacionotelo\"]},{\"@type\":\"Person\",\"@id\":\"https:\\\/\\\/kt.gov.rs\\\/#\\\/schema\\\/person\\\/e426459ddb4173309103390602694571\",\"name\":\"ktmin\",\"image\":{\"@type\":\"ImageObject\",\"inLanguage\":\"sq-AL\",\"@id\":\"https:\\\/\\\/secure.gravatar.com\\\/avatar\\\/3985c961109853010c3fbc7ba30365bfba5db3dd6c525831d9c595c7525a615a?s=96&d=mm&r=g\",\"url\":\"https:\\\/\\\/secure.gravatar.com\\\/avatar\\\/3985c961109853010c3fbc7ba30365bfba5db3dd6c525831d9c595c7525a615a?s=96&d=mm&r=g\",\"contentUrl\":\"https:\\\/\\\/secure.gravatar.com\\\/avatar\\\/3985c961109853010c3fbc7ba30365bfba5db3dd6c525831d9c595c7525a615a?s=96&d=mm&r=g\",\"caption\":\"ktmin\"},\"sameAs\":[\"https:\\\/\\\/kt.gov.rs\"],\"url\":\"https:\\\/\\\/kt.gov.rs\\\/sq\\\/author\\\/ktmin\\\/\"}]}<\/script>\n<!-- \/ Yoast SEO plugin. -->","yoast_head_json":{"title":"PES\u00cb QYTETE PRESIN SHUM\u00cb NGA EKIPET E AMBASADOR\u00cbVE - Republika e S\u00ebrbis\u00eb Trupi Koordinues p\u00ebr komunat Bujanoc, Preshev\u00eb dhe Medvegj\u00eb","robots":{"index":"index","follow":"follow","max-snippet":"max-snippet:-1","max-image-preview":"max-image-preview:large","max-video-preview":"max-video-preview:-1"},"canonical":"https:\/\/kt.gov.rs\/sq\/pese-qytete-presin-shume-nga-ekipet-e-ambasadoreve\/","og_locale":"sq_AL","og_type":"article","og_title":"PES\u00cb QYTETE PRESIN SHUM\u00cb NGA EKIPET E AMBASADOR\u00cbVE - Republika e S\u00ebrbis\u00eb Trupi Koordinues p\u00ebr komunat Bujanoc, Preshev\u00eb dhe Medvegj\u00eb","og_description":"Zyrtar\u00ebt e pes\u00eb qyteteve n\u00eb S\u00ebrbi (Leskoc, Vranj\u00eb, Bujanoc, Pirot dhe Subotic\u00eb) vler\u00ebsojn\u00eb se ekipet e ambasador\u00ebve , t\u00eb cilat para dy dit\u00ebve i ka prezentuar Agjencia Komb\u00ebtare p\u00ebr Zhvillim Ekonomik Lokal (NALED), do t\u00eb ndihmojn\u00eb duksh\u00ebm n\u00eb t\u00ebrheqjen e investitor\u00ebve.","og_url":"https:\/\/kt.gov.rs\/sq\/pese-qytete-presin-shume-nga-ekipet-e-ambasadoreve\/","og_site_name":"Republika e S\u00ebrbis\u00eb Trupi Koordinues p\u00ebr komunat Bujanoc, Preshev\u00eb dhe Medvegj\u00eb","article_publisher":"https:\/\/www.facebook.com\/SluzbaKoordinacionogTelaVladeRepublikeSrbije","article_published_time":"2011-07-07T00:00:00+00:00","author":"ktmin","twitter_card":"summary_large_image","twitter_creator":"@kt_gov","twitter_site":"@kt_gov","twitter_misc":{"Written by":"ktmin","Est. reading time":"4 minutes"},"schema":{"@context":"https:\/\/schema.org","@graph":[{"@type":"Article","@id":"https:\/\/kt.gov.rs\/sq\/pese-qytete-presin-shume-nga-ekipet-e-ambasadoreve\/#article","isPartOf":{"@id":"https:\/\/kt.gov.rs\/sq\/pese-qytete-presin-shume-nga-ekipet-e-ambasadoreve\/"},"author":{"name":"ktmin","@id":"https:\/\/kt.gov.rs\/#\/schema\/person\/e426459ddb4173309103390602694571"},"headline":"PES\u00cb QYTETE PRESIN SHUM\u00cb NGA EKIPET E AMBASADOR\u00cbVE","datePublished":"2011-07-07T00:00:00+00:00","mainEntityOfPage":{"@id":"https:\/\/kt.gov.rs\/sq\/pese-qytete-presin-shume-nga-ekipet-e-ambasadoreve\/"},"wordCount":823,"publisher":{"@id":"https:\/\/kt.gov.rs\/#organization"},"articleSection":["Lajme"],"inLanguage":"sq-AL"},{"@type":"WebPage","@id":"https:\/\/kt.gov.rs\/sq\/pese-qytete-presin-shume-nga-ekipet-e-ambasadoreve\/","url":"https:\/\/kt.gov.rs\/sq\/pese-qytete-presin-shume-nga-ekipet-e-ambasadoreve\/","name":"PES\u00cb QYTETE PRESIN SHUM\u00cb NGA EKIPET E AMBASADOR\u00cbVE - Republika e S\u00ebrbis\u00eb Trupi Koordinues p\u00ebr komunat Bujanoc, Preshev\u00eb dhe Medvegj\u00eb","isPartOf":{"@id":"https:\/\/kt.gov.rs\/#website"},"datePublished":"2011-07-07T00:00:00+00:00","breadcrumb":{"@id":"https:\/\/kt.gov.rs\/sq\/pese-qytete-presin-shume-nga-ekipet-e-ambasadoreve\/#breadcrumb"},"inLanguage":"sq-AL","potentialAction":[{"@type":"ReadAction","target":["https:\/\/kt.gov.rs\/sq\/pese-qytete-presin-shume-nga-ekipet-e-ambasadoreve\/"]}]},{"@type":"BreadcrumbList","@id":"https:\/\/kt.gov.rs\/sq\/pese-qytete-presin-shume-nga-ekipet-e-ambasadoreve\/#breadcrumb","itemListElement":[{"@type":"ListItem","position":1,"name":"\u041f\u043e\u0447\u0435\u0442\u043d\u0430","item":"https:\/\/kt.gov.rs\/sq\/"},{"@type":"ListItem","position":2,"name":"PES\u00cb QYTETE PRESIN SHUM\u00cb NGA EKIPET E AMBASADOR\u00cbVE"}]},{"@type":"WebSite","@id":"https:\/\/kt.gov.rs\/#website","url":"https:\/\/kt.gov.rs\/","name":"\u041a\u043e\u043e\u0440\u0434\u0438\u043d\u0430\u0446\u0438\u043e\u043d\u043e \u0442\u0435\u043b\u043e \u0412\u043b\u0430\u0434\u0435 \u0420\u0435\u043f\u0443\u0431\u043b\u0438\u043a\u0435 \u0421\u0440\u0431\u0438\u0458\u0435 \u0437\u0430 \u043e\u043f\u0448\u0442\u0438\u043d\u0435 \u041f\u0440\u0435\u0448\u0435\u0432\u043e, \u0411\u0443\u0458\u0430\u043d\u043e\u0432\u0430\u0446 \u0438 \u041c\u0435\u0434\u0432\u0435\u0452a","description":"","publisher":{"@id":"https:\/\/kt.gov.rs\/#organization"},"alternateName":"\u041a\u043e\u043e\u0440\u0434\u0438\u043d\u0430\u0446\u0438\u043e\u043d\u043e \u0442\u0435\u043b\u043e","potentialAction":[{"@type":"SearchAction","target":{"@type":"EntryPoint","urlTemplate":"https:\/\/kt.gov.rs\/?s={search_term_string}"},"query-input":{"@type":"PropertyValueSpecification","valueRequired":true,"valueName":"search_term_string"}}],"inLanguage":"sq-AL"},{"@type":"Organization","@id":"https:\/\/kt.gov.rs\/#organization","name":"\u041a\u043e\u043e\u0440\u0434\u0438\u043d\u0430\u0446\u0438\u043e\u043d\u043e \u0442\u0435\u043b\u043e \u0412\u043b\u0430\u0434\u0435 \u0420\u0435\u043f\u0443\u0431\u043b\u0438\u043a\u0435 \u0421\u0440\u0431\u0438\u0458\u0435 \u0437\u0430 \u043e\u043f\u0448\u0442\u0438\u043d\u0435 \u041f\u0440\u0435\u0448\u0435\u0432\u043e, \u0411\u0443\u0458\u0430\u043d\u043e\u0432\u0430\u0446 \u0438 \u041c\u0435\u0434\u0432\u0435\u0452a","alternateName":"\u041a\u043e\u043e\u0440\u0434\u0438\u043d\u0430\u0446\u0438\u043e\u043d\u043e \u0442\u0435\u043b\u043e","url":"https:\/\/kt.gov.rs\/","logo":{"@type":"ImageObject","inLanguage":"sq-AL","@id":"https:\/\/kt.gov.rs\/#\/schema\/logo\/image\/","url":"https:\/\/kt.gov.rs\/wp-content\/uploads\/2024\/12\/koord2.jpg","contentUrl":"https:\/\/kt.gov.rs\/wp-content\/uploads\/2024\/12\/koord2.jpg","width":640,"height":480,"caption":"\u041a\u043e\u043e\u0440\u0434\u0438\u043d\u0430\u0446\u0438\u043e\u043d\u043e \u0442\u0435\u043b\u043e \u0412\u043b\u0430\u0434\u0435 \u0420\u0435\u043f\u0443\u0431\u043b\u0438\u043a\u0435 \u0421\u0440\u0431\u0438\u0458\u0435 \u0437\u0430 \u043e\u043f\u0448\u0442\u0438\u043d\u0435 \u041f\u0440\u0435\u0448\u0435\u0432\u043e, \u0411\u0443\u0458\u0430\u043d\u043e\u0432\u0430\u0446 \u0438 \u041c\u0435\u0434\u0432\u0435\u0452a"},"image":{"@id":"https:\/\/kt.gov.rs\/#\/schema\/logo\/image\/"},"sameAs":["https:\/\/www.facebook.com\/SluzbaKoordinacionogTelaVladeRepublikeSrbije","https:\/\/x.com\/kt_gov","https:\/\/www.youtube.com\/@koordinacionotelo"]},{"@type":"Person","@id":"https:\/\/kt.gov.rs\/#\/schema\/person\/e426459ddb4173309103390602694571","name":"ktmin","image":{"@type":"ImageObject","inLanguage":"sq-AL","@id":"https:\/\/secure.gravatar.com\/avatar\/3985c961109853010c3fbc7ba30365bfba5db3dd6c525831d9c595c7525a615a?s=96&d=mm&r=g","url":"https:\/\/secure.gravatar.com\/avatar\/3985c961109853010c3fbc7ba30365bfba5db3dd6c525831d9c595c7525a615a?s=96&d=mm&r=g","contentUrl":"https:\/\/secure.gravatar.com\/avatar\/3985c961109853010c3fbc7ba30365bfba5db3dd6c525831d9c595c7525a615a?s=96&d=mm&r=g","caption":"ktmin"},"sameAs":["https:\/\/kt.gov.rs"],"url":"https:\/\/kt.gov.rs\/sq\/author\/ktmin\/"}]}},"_links":{"self":[{"href":"https:\/\/kt.gov.rs\/sq\/wp-json\/wp\/v2\/posts\/142221","targetHints":{"allow":["GET"]}}],"collection":[{"href":"https:\/\/kt.gov.rs\/sq\/wp-json\/wp\/v2\/posts"}],"about":[{"href":"https:\/\/kt.gov.rs\/sq\/wp-json\/wp\/v2\/types\/post"}],"author":[{"embeddable":true,"href":"https:\/\/kt.gov.rs\/sq\/wp-json\/wp\/v2\/users\/1"}],"replies":[{"embeddable":true,"href":"https:\/\/kt.gov.rs\/sq\/wp-json\/wp\/v2\/comments?post=142221"}],"version-history":[{"count":0,"href":"https:\/\/kt.gov.rs\/sq\/wp-json\/wp\/v2\/posts\/142221\/revisions"}],"wp:attachment":[{"href":"https:\/\/kt.gov.rs\/sq\/wp-json\/wp\/v2\/media?parent=142221"}],"wp:term":[{"taxonomy":"category","embeddable":true,"href":"https:\/\/kt.gov.rs\/sq\/wp-json\/wp\/v2\/categories?post=142221"},{"taxonomy":"post_tag","embeddable":true,"href":"https:\/\/kt.gov.rs\/sq\/wp-json\/wp\/v2\/tags?post=142221"}],"curies":[{"name":"wp","href":"https:\/\/api.w.org\/{rel}","templated":true}]}}