{"id":142220,"date":"2011-07-11T00:00:00","date_gmt":"2011-07-11T00:00:00","guid":{"rendered":"http:\/\/kt.printandscreen.rs\/marreveshja-rreth-nostrifikimit-te-diplomave-te-prishtines-dobi-me-te-madhe-kane-shqiptaret-nga-presheva-dhe-bujanoci\/"},"modified":"2011-07-11T00:00:00","modified_gmt":"2011-07-11T00:00:00","slug":"marreveshja-rreth-nostrifikimit-te-diplomave-te-prishtines-dobi-me-te-madhe-kane-shqiptaret-nga-presheva-dhe-bujanoci","status":"publish","type":"post","link":"https:\/\/kt.gov.rs\/sq\/marreveshja-rreth-nostrifikimit-te-diplomave-te-prishtines-dobi-me-te-madhe-kane-shqiptaret-nga-presheva-dhe-bujanoci\/","title":{"rendered":"Marr\u00ebveshja rreth nostrifikimit t\u00eb diplomave t\u00eb Prishtin\u00ebs \u2013 dobi m\u00eb t\u00eb madhe kan\u00eb shqiptar\u00ebt nga Presheva dhe Bujanoci"},"content":{"rendered":"<p>Shef\u00ebt e ekipeve negociuese\u00a0 t\u00eb Beogradit dhe Prishtin\u00ebs, Borisllav Stefanoviq dhe Edita Tahiri kan\u00eb njoftuar se parimisht kan\u00eb r\u00ebn\u00eb dakord rreth pranimit t\u00eb diplomave t\u00eb shkollave dhe univerziteteve\u00a0 dhe se marr\u00ebveshja rreth k\u00ebsaj \u00e7\u00ebshtje me siguri do t\u00eb arrihet n\u00eb rund\u00ebn e ardhshme t\u00eb negociatave , n\u00eb fund t\u00eb korrikut.<\/p>\n<p>Marrveshja baz\u00eb p\u00ebrfshin\u00eb \u00e7ertifikimin e diplomave p\u00ebr t\u00eb cilat do t\u00eb ishte p\u00ebrgjegj\u00ebse nj\u00eb organizat\u00eb e caktuar nd\u00ebrkombtare apo institucion akademik i cili do t\u00eb ishte neutral dhe t\u00eb cil\u00ebn Beogradi dhe Prishtina me marr\u00ebveshje do ta caktonin.<\/p>\n<p>N\u00eb k\u00ebt\u00eb \u00e7\u00ebshtje shqiptar\u00ebt nga jugu i S\u00ebrbis\u00eb insistojn\u00eb tash e shum\u00eb vite , pasi q\u00eb,\u00a0 sipas t\u00eb dh\u00ebnave t\u00eb tyre, \u00e7do vit nga Presheva dhe Bujanoci\u00a0 n\u00eb Universitetin e Prishtin\u00ebs regjistrohen\u00a0 rreth 160 deri n\u00eb 200 student\u00eb.<\/p>\n","protected":false},"excerpt":{"rendered":"<p>Shef\u00ebt e ekipeve negociuese\u00a0 t\u00eb Beogradit dhe Prishtin\u00ebs, Borisllav  Stefanoviq dhe Edita Tahiri kan\u00eb njoftuar se parimisht kan\u00eb r\u00ebn\u00eb dakord  rreth pranimit t\u00eb diplomave t\u00eb shkollave dhe univerziteteve\u00a0 dhe se  marr\u00ebveshja rreth k\u00ebsaj \u00e7\u00ebshtje me siguri do t\u00eb arrihet n\u00eb rund\u00ebn e  ardhshme t\u00eb negociatave , n\u00eb fund t\u00eb korrikut.<\/p>\n","protected":false},"author":1,"featured_media":0,"comment_status":"closed","ping_status":"closed","sticky":false,"template":"","format":"standard","meta":{"footnotes":""},"categories":[55],"tags":[],"class_list":["post-142220","post","type-post","status-publish","format-standard","hentry","category-lajme"],"yoast_head":"<!-- This site is optimized with the Yoast SEO plugin v27.5 - https:\/\/yoast.com\/product\/yoast-seo-wordpress\/ -->\n<title>Marr\u00ebveshja rreth nostrifikimit t\u00eb diplomave t\u00eb Prishtin\u00ebs \u2013 dobi m\u00eb t\u00eb madhe kan\u00eb shqiptar\u00ebt nga Presheva dhe Bujanoci - Republika e S\u00ebrbis\u00eb Trupi Koordinues p\u00ebr komunat Bujanoc, Preshev\u00eb dhe Medvegj\u00eb<\/title>\n<meta name=\"robots\" content=\"index, follow, max-snippet:-1, max-image-preview:large, max-video-preview:-1\" \/>\n<link rel=\"canonical\" href=\"https:\/\/kt.gov.rs\/sq\/marreveshja-rreth-nostrifikimit-te-diplomave-te-prishtines-dobi-me-te-madhe-kane-shqiptaret-nga-presheva-dhe-bujanoci\/\" \/>\n<meta property=\"og:locale\" content=\"sq_AL\" \/>\n<meta property=\"og:type\" content=\"article\" \/>\n<meta property=\"og:title\" content=\"Marr\u00ebveshja rreth nostrifikimit t\u00eb diplomave t\u00eb Prishtin\u00ebs \u2013 dobi m\u00eb t\u00eb madhe kan\u00eb shqiptar\u00ebt nga Presheva dhe Bujanoci - Republika e S\u00ebrbis\u00eb Trupi Koordinues p\u00ebr komunat Bujanoc, Preshev\u00eb dhe Medvegj\u00eb\" \/>\n<meta property=\"og:description\" content=\"Shef\u00ebt e ekipeve negociuese\u00a0 t\u00eb Beogradit dhe Prishtin\u00ebs, Borisllav Stefanoviq dhe Edita Tahiri kan\u00eb njoftuar se parimisht kan\u00eb r\u00ebn\u00eb dakord rreth pranimit t\u00eb diplomave t\u00eb shkollave dhe univerziteteve\u00a0 dhe se marr\u00ebveshja rreth k\u00ebsaj \u00e7\u00ebshtje me siguri do t\u00eb arrihet n\u00eb rund\u00ebn e ardhshme t\u00eb negociatave , n\u00eb fund t\u00eb korrikut.\" \/>\n<meta property=\"og:url\" content=\"https:\/\/kt.gov.rs\/sq\/marreveshja-rreth-nostrifikimit-te-diplomave-te-prishtines-dobi-me-te-madhe-kane-shqiptaret-nga-presheva-dhe-bujanoci\/\" \/>\n<meta property=\"og:site_name\" content=\"Republika e S\u00ebrbis\u00eb Trupi Koordinues p\u00ebr komunat Bujanoc, Preshev\u00eb dhe Medvegj\u00eb\" \/>\n<meta property=\"article:publisher\" content=\"https:\/\/www.facebook.com\/SluzbaKoordinacionogTelaVladeRepublikeSrbije\" \/>\n<meta property=\"article:published_time\" content=\"2011-07-11T00:00:00+00:00\" \/>\n<meta name=\"author\" content=\"ktmin\" \/>\n<meta name=\"twitter:card\" content=\"summary_large_image\" \/>\n<meta name=\"twitter:creator\" content=\"@kt_gov\" \/>\n<meta name=\"twitter:site\" content=\"@kt_gov\" \/>\n<meta name=\"twitter:label1\" content=\"Written by\" \/>\n\t<meta name=\"twitter:data1\" content=\"ktmin\" \/>\n\t<meta name=\"twitter:label2\" content=\"Est. reading time\" \/>\n\t<meta name=\"twitter:data2\" content=\"1 minute\" \/>\n<script type=\"application\/ld+json\" class=\"yoast-schema-graph\">{\"@context\":\"https:\\\/\\\/schema.org\",\"@graph\":[{\"@type\":\"Article\",\"@id\":\"https:\\\/\\\/kt.gov.rs\\\/sq\\\/marreveshja-rreth-nostrifikimit-te-diplomave-te-prishtines-dobi-me-te-madhe-kane-shqiptaret-nga-presheva-dhe-bujanoci\\\/#article\",\"isPartOf\":{\"@id\":\"https:\\\/\\\/kt.gov.rs\\\/sq\\\/marreveshja-rreth-nostrifikimit-te-diplomave-te-prishtines-dobi-me-te-madhe-kane-shqiptaret-nga-presheva-dhe-bujanoci\\\/\"},\"author\":{\"name\":\"ktmin\",\"@id\":\"https:\\\/\\\/kt.gov.rs\\\/#\\\/schema\\\/person\\\/e426459ddb4173309103390602694571\"},\"headline\":\"Marr\u00ebveshja rreth nostrifikimit t\u00eb diplomave t\u00eb Prishtin\u00ebs \u2013 dobi m\u00eb t\u00eb madhe kan\u00eb shqiptar\u00ebt nga Presheva dhe Bujanoci\",\"datePublished\":\"2011-07-11T00:00:00+00:00\",\"mainEntityOfPage\":{\"@id\":\"https:\\\/\\\/kt.gov.rs\\\/sq\\\/marreveshja-rreth-nostrifikimit-te-diplomave-te-prishtines-dobi-me-te-madhe-kane-shqiptaret-nga-presheva-dhe-bujanoci\\\/\"},\"wordCount\":165,\"publisher\":{\"@id\":\"https:\\\/\\\/kt.gov.rs\\\/#organization\"},\"articleSection\":[\"Lajme\"],\"inLanguage\":\"sq-AL\"},{\"@type\":\"WebPage\",\"@id\":\"https:\\\/\\\/kt.gov.rs\\\/sq\\\/marreveshja-rreth-nostrifikimit-te-diplomave-te-prishtines-dobi-me-te-madhe-kane-shqiptaret-nga-presheva-dhe-bujanoci\\\/\",\"url\":\"https:\\\/\\\/kt.gov.rs\\\/sq\\\/marreveshja-rreth-nostrifikimit-te-diplomave-te-prishtines-dobi-me-te-madhe-kane-shqiptaret-nga-presheva-dhe-bujanoci\\\/\",\"name\":\"Marr\u00ebveshja rreth nostrifikimit t\u00eb diplomave t\u00eb Prishtin\u00ebs \u2013 dobi m\u00eb t\u00eb madhe kan\u00eb shqiptar\u00ebt nga Presheva dhe Bujanoci - Republika e S\u00ebrbis\u00eb Trupi Koordinues p\u00ebr komunat Bujanoc, Preshev\u00eb dhe Medvegj\u00eb\",\"isPartOf\":{\"@id\":\"https:\\\/\\\/kt.gov.rs\\\/#website\"},\"datePublished\":\"2011-07-11T00:00:00+00:00\",\"breadcrumb\":{\"@id\":\"https:\\\/\\\/kt.gov.rs\\\/sq\\\/marreveshja-rreth-nostrifikimit-te-diplomave-te-prishtines-dobi-me-te-madhe-kane-shqiptaret-nga-presheva-dhe-bujanoci\\\/#breadcrumb\"},\"inLanguage\":\"sq-AL\",\"potentialAction\":[{\"@type\":\"ReadAction\",\"target\":[\"https:\\\/\\\/kt.gov.rs\\\/sq\\\/marreveshja-rreth-nostrifikimit-te-diplomave-te-prishtines-dobi-me-te-madhe-kane-shqiptaret-nga-presheva-dhe-bujanoci\\\/\"]}]},{\"@type\":\"BreadcrumbList\",\"@id\":\"https:\\\/\\\/kt.gov.rs\\\/sq\\\/marreveshja-rreth-nostrifikimit-te-diplomave-te-prishtines-dobi-me-te-madhe-kane-shqiptaret-nga-presheva-dhe-bujanoci\\\/#breadcrumb\",\"itemListElement\":[{\"@type\":\"ListItem\",\"position\":1,\"name\":\"Po\u010detna\",\"item\":\"https:\\\/\\\/kt.gov.rs\\\/sq\\\/\"},{\"@type\":\"ListItem\",\"position\":2,\"name\":\"Marr\u00ebveshja rreth nostrifikimit t\u00eb diplomave t\u00eb Prishtin\u00ebs \u2013 dobi m\u00eb t\u00eb madhe kan\u00eb shqiptar\u00ebt nga Presheva dhe Bujanoci\"}]},{\"@type\":\"WebSite\",\"@id\":\"https:\\\/\\\/kt.gov.rs\\\/#website\",\"url\":\"https:\\\/\\\/kt.gov.rs\\\/\",\"name\":\"Koordinaciono telo Vlade Republike Srbije za op\u0161tine Pre\u0161evo, Bujanovac i Medve\u0111a\",\"description\":\"\",\"publisher\":{\"@id\":\"https:\\\/\\\/kt.gov.rs\\\/#organization\"},\"alternateName\":\"Koordinaciono telo\",\"potentialAction\":[{\"@type\":\"SearchAction\",\"target\":{\"@type\":\"EntryPoint\",\"urlTemplate\":\"https:\\\/\\\/kt.gov.rs\\\/?s={search_term_string}\"},\"query-input\":{\"@type\":\"PropertyValueSpecification\",\"valueRequired\":true,\"valueName\":\"search_term_string\"}}],\"inLanguage\":\"sq-AL\"},{\"@type\":\"Organization\",\"@id\":\"https:\\\/\\\/kt.gov.rs\\\/#organization\",\"name\":\"Koordinaciono telo Vlade Republike Srbije za op\u0161tine Pre\u0161evo, Bujanovac i Medve\u0111a\",\"alternateName\":\"Koordinaciono telo\",\"url\":\"https:\\\/\\\/kt.gov.rs\\\/\",\"logo\":{\"@type\":\"ImageObject\",\"inLanguage\":\"sq-AL\",\"@id\":\"https:\\\/\\\/kt.gov.rs\\\/#\\\/schema\\\/logo\\\/image\\\/\",\"url\":\"https:\\\/\\\/kt.gov.rs\\\/wp-content\\\/uploads\\\/2024\\\/12\\\/koord2.jpg\",\"contentUrl\":\"https:\\\/\\\/kt.gov.rs\\\/wp-content\\\/uploads\\\/2024\\\/12\\\/koord2.jpg\",\"width\":640,\"height\":480,\"caption\":\"Koordinaciono telo Vlade Republike Srbije za op\u0161tine Pre\u0161evo, Bujanovac i Medve\u0111a\"},\"image\":{\"@id\":\"https:\\\/\\\/kt.gov.rs\\\/#\\\/schema\\\/logo\\\/image\\\/\"},\"sameAs\":[\"https:\\\/\\\/www.facebook.com\\\/SluzbaKoordinacionogTelaVladeRepublikeSrbije\",\"https:\\\/\\\/x.com\\\/kt_gov\",\"https:\\\/\\\/www.youtube.com\\\/@koordinacionotelo\"]},{\"@type\":\"Person\",\"@id\":\"https:\\\/\\\/kt.gov.rs\\\/#\\\/schema\\\/person\\\/e426459ddb4173309103390602694571\",\"name\":\"ktmin\",\"image\":{\"@type\":\"ImageObject\",\"inLanguage\":\"sq-AL\",\"@id\":\"https:\\\/\\\/secure.gravatar.com\\\/avatar\\\/3985c961109853010c3fbc7ba30365bfba5db3dd6c525831d9c595c7525a615a?s=96&d=mm&r=g\",\"url\":\"https:\\\/\\\/secure.gravatar.com\\\/avatar\\\/3985c961109853010c3fbc7ba30365bfba5db3dd6c525831d9c595c7525a615a?s=96&d=mm&r=g\",\"contentUrl\":\"https:\\\/\\\/secure.gravatar.com\\\/avatar\\\/3985c961109853010c3fbc7ba30365bfba5db3dd6c525831d9c595c7525a615a?s=96&d=mm&r=g\",\"caption\":\"ktmin\"},\"sameAs\":[\"https:\\\/\\\/kt.gov.rs\"],\"url\":\"https:\\\/\\\/kt.gov.rs\\\/sq\\\/author\\\/ktmin\\\/\"}]}<\/script>\n<!-- \/ Yoast SEO plugin. -->","yoast_head_json":{"title":"Marr\u00ebveshja rreth nostrifikimit t\u00eb diplomave t\u00eb Prishtin\u00ebs \u2013 dobi m\u00eb t\u00eb madhe kan\u00eb shqiptar\u00ebt nga Presheva dhe Bujanoci - Republika e S\u00ebrbis\u00eb Trupi Koordinues p\u00ebr komunat Bujanoc, Preshev\u00eb dhe Medvegj\u00eb","robots":{"index":"index","follow":"follow","max-snippet":"max-snippet:-1","max-image-preview":"max-image-preview:large","max-video-preview":"max-video-preview:-1"},"canonical":"https:\/\/kt.gov.rs\/sq\/marreveshja-rreth-nostrifikimit-te-diplomave-te-prishtines-dobi-me-te-madhe-kane-shqiptaret-nga-presheva-dhe-bujanoci\/","og_locale":"sq_AL","og_type":"article","og_title":"Marr\u00ebveshja rreth nostrifikimit t\u00eb diplomave t\u00eb Prishtin\u00ebs \u2013 dobi m\u00eb t\u00eb madhe kan\u00eb shqiptar\u00ebt nga Presheva dhe Bujanoci - Republika e S\u00ebrbis\u00eb Trupi Koordinues p\u00ebr komunat Bujanoc, Preshev\u00eb dhe Medvegj\u00eb","og_description":"Shef\u00ebt e ekipeve negociuese\u00a0 t\u00eb Beogradit dhe Prishtin\u00ebs, Borisllav Stefanoviq dhe Edita Tahiri kan\u00eb njoftuar se parimisht kan\u00eb r\u00ebn\u00eb dakord rreth pranimit t\u00eb diplomave t\u00eb shkollave dhe univerziteteve\u00a0 dhe se marr\u00ebveshja rreth k\u00ebsaj \u00e7\u00ebshtje me siguri do t\u00eb arrihet n\u00eb rund\u00ebn e ardhshme t\u00eb negociatave , n\u00eb fund t\u00eb korrikut.","og_url":"https:\/\/kt.gov.rs\/sq\/marreveshja-rreth-nostrifikimit-te-diplomave-te-prishtines-dobi-me-te-madhe-kane-shqiptaret-nga-presheva-dhe-bujanoci\/","og_site_name":"Republika e S\u00ebrbis\u00eb Trupi Koordinues p\u00ebr komunat Bujanoc, Preshev\u00eb dhe Medvegj\u00eb","article_publisher":"https:\/\/www.facebook.com\/SluzbaKoordinacionogTelaVladeRepublikeSrbije","article_published_time":"2011-07-11T00:00:00+00:00","author":"ktmin","twitter_card":"summary_large_image","twitter_creator":"@kt_gov","twitter_site":"@kt_gov","twitter_misc":{"Written by":"ktmin","Est. reading time":"1 minute"},"schema":{"@context":"https:\/\/schema.org","@graph":[{"@type":"Article","@id":"https:\/\/kt.gov.rs\/sq\/marreveshja-rreth-nostrifikimit-te-diplomave-te-prishtines-dobi-me-te-madhe-kane-shqiptaret-nga-presheva-dhe-bujanoci\/#article","isPartOf":{"@id":"https:\/\/kt.gov.rs\/sq\/marreveshja-rreth-nostrifikimit-te-diplomave-te-prishtines-dobi-me-te-madhe-kane-shqiptaret-nga-presheva-dhe-bujanoci\/"},"author":{"name":"ktmin","@id":"https:\/\/kt.gov.rs\/#\/schema\/person\/e426459ddb4173309103390602694571"},"headline":"Marr\u00ebveshja rreth nostrifikimit t\u00eb diplomave t\u00eb Prishtin\u00ebs \u2013 dobi m\u00eb t\u00eb madhe kan\u00eb shqiptar\u00ebt nga Presheva dhe Bujanoci","datePublished":"2011-07-11T00:00:00+00:00","mainEntityOfPage":{"@id":"https:\/\/kt.gov.rs\/sq\/marreveshja-rreth-nostrifikimit-te-diplomave-te-prishtines-dobi-me-te-madhe-kane-shqiptaret-nga-presheva-dhe-bujanoci\/"},"wordCount":165,"publisher":{"@id":"https:\/\/kt.gov.rs\/#organization"},"articleSection":["Lajme"],"inLanguage":"sq-AL"},{"@type":"WebPage","@id":"https:\/\/kt.gov.rs\/sq\/marreveshja-rreth-nostrifikimit-te-diplomave-te-prishtines-dobi-me-te-madhe-kane-shqiptaret-nga-presheva-dhe-bujanoci\/","url":"https:\/\/kt.gov.rs\/sq\/marreveshja-rreth-nostrifikimit-te-diplomave-te-prishtines-dobi-me-te-madhe-kane-shqiptaret-nga-presheva-dhe-bujanoci\/","name":"Marr\u00ebveshja rreth nostrifikimit t\u00eb diplomave t\u00eb Prishtin\u00ebs \u2013 dobi m\u00eb t\u00eb madhe kan\u00eb shqiptar\u00ebt nga Presheva dhe Bujanoci - Republika e S\u00ebrbis\u00eb Trupi Koordinues p\u00ebr komunat Bujanoc, Preshev\u00eb dhe Medvegj\u00eb","isPartOf":{"@id":"https:\/\/kt.gov.rs\/#website"},"datePublished":"2011-07-11T00:00:00+00:00","breadcrumb":{"@id":"https:\/\/kt.gov.rs\/sq\/marreveshja-rreth-nostrifikimit-te-diplomave-te-prishtines-dobi-me-te-madhe-kane-shqiptaret-nga-presheva-dhe-bujanoci\/#breadcrumb"},"inLanguage":"sq-AL","potentialAction":[{"@type":"ReadAction","target":["https:\/\/kt.gov.rs\/sq\/marreveshja-rreth-nostrifikimit-te-diplomave-te-prishtines-dobi-me-te-madhe-kane-shqiptaret-nga-presheva-dhe-bujanoci\/"]}]},{"@type":"BreadcrumbList","@id":"https:\/\/kt.gov.rs\/sq\/marreveshja-rreth-nostrifikimit-te-diplomave-te-prishtines-dobi-me-te-madhe-kane-shqiptaret-nga-presheva-dhe-bujanoci\/#breadcrumb","itemListElement":[{"@type":"ListItem","position":1,"name":"Po\u010detna","item":"https:\/\/kt.gov.rs\/sq\/"},{"@type":"ListItem","position":2,"name":"Marr\u00ebveshja rreth nostrifikimit t\u00eb diplomave t\u00eb Prishtin\u00ebs \u2013 dobi m\u00eb t\u00eb madhe kan\u00eb shqiptar\u00ebt nga Presheva dhe Bujanoci"}]},{"@type":"WebSite","@id":"https:\/\/kt.gov.rs\/#website","url":"https:\/\/kt.gov.rs\/","name":"Koordinaciono telo Vlade Republike Srbije za op\u0161tine Pre\u0161evo, Bujanovac i Medve\u0111a","description":"","publisher":{"@id":"https:\/\/kt.gov.rs\/#organization"},"alternateName":"Koordinaciono telo","potentialAction":[{"@type":"SearchAction","target":{"@type":"EntryPoint","urlTemplate":"https:\/\/kt.gov.rs\/?s={search_term_string}"},"query-input":{"@type":"PropertyValueSpecification","valueRequired":true,"valueName":"search_term_string"}}],"inLanguage":"sq-AL"},{"@type":"Organization","@id":"https:\/\/kt.gov.rs\/#organization","name":"Koordinaciono telo Vlade Republike Srbije za op\u0161tine Pre\u0161evo, Bujanovac i Medve\u0111a","alternateName":"Koordinaciono telo","url":"https:\/\/kt.gov.rs\/","logo":{"@type":"ImageObject","inLanguage":"sq-AL","@id":"https:\/\/kt.gov.rs\/#\/schema\/logo\/image\/","url":"https:\/\/kt.gov.rs\/wp-content\/uploads\/2024\/12\/koord2.jpg","contentUrl":"https:\/\/kt.gov.rs\/wp-content\/uploads\/2024\/12\/koord2.jpg","width":640,"height":480,"caption":"Koordinaciono telo Vlade Republike Srbije za op\u0161tine Pre\u0161evo, Bujanovac i Medve\u0111a"},"image":{"@id":"https:\/\/kt.gov.rs\/#\/schema\/logo\/image\/"},"sameAs":["https:\/\/www.facebook.com\/SluzbaKoordinacionogTelaVladeRepublikeSrbije","https:\/\/x.com\/kt_gov","https:\/\/www.youtube.com\/@koordinacionotelo"]},{"@type":"Person","@id":"https:\/\/kt.gov.rs\/#\/schema\/person\/e426459ddb4173309103390602694571","name":"ktmin","image":{"@type":"ImageObject","inLanguage":"sq-AL","@id":"https:\/\/secure.gravatar.com\/avatar\/3985c961109853010c3fbc7ba30365bfba5db3dd6c525831d9c595c7525a615a?s=96&d=mm&r=g","url":"https:\/\/secure.gravatar.com\/avatar\/3985c961109853010c3fbc7ba30365bfba5db3dd6c525831d9c595c7525a615a?s=96&d=mm&r=g","contentUrl":"https:\/\/secure.gravatar.com\/avatar\/3985c961109853010c3fbc7ba30365bfba5db3dd6c525831d9c595c7525a615a?s=96&d=mm&r=g","caption":"ktmin"},"sameAs":["https:\/\/kt.gov.rs"],"url":"https:\/\/kt.gov.rs\/sq\/author\/ktmin\/"}]}},"_links":{"self":[{"href":"https:\/\/kt.gov.rs\/sq\/wp-json\/wp\/v2\/posts\/142220","targetHints":{"allow":["GET"]}}],"collection":[{"href":"https:\/\/kt.gov.rs\/sq\/wp-json\/wp\/v2\/posts"}],"about":[{"href":"https:\/\/kt.gov.rs\/sq\/wp-json\/wp\/v2\/types\/post"}],"author":[{"embeddable":true,"href":"https:\/\/kt.gov.rs\/sq\/wp-json\/wp\/v2\/users\/1"}],"replies":[{"embeddable":true,"href":"https:\/\/kt.gov.rs\/sq\/wp-json\/wp\/v2\/comments?post=142220"}],"version-history":[{"count":0,"href":"https:\/\/kt.gov.rs\/sq\/wp-json\/wp\/v2\/posts\/142220\/revisions"}],"wp:attachment":[{"href":"https:\/\/kt.gov.rs\/sq\/wp-json\/wp\/v2\/media?parent=142220"}],"wp:term":[{"taxonomy":"category","embeddable":true,"href":"https:\/\/kt.gov.rs\/sq\/wp-json\/wp\/v2\/categories?post=142220"},{"taxonomy":"post_tag","embeddable":true,"href":"https:\/\/kt.gov.rs\/sq\/wp-json\/wp\/v2\/tags?post=142220"}],"curies":[{"name":"wp","href":"https:\/\/api.w.org\/{rel}","templated":true}]}}