{"id":142207,"date":"2011-07-15T00:00:00","date_gmt":"2011-07-15T00:00:00","guid":{"rendered":"http:\/\/kt.printandscreen.rs\/bursa-per-te-rinjet-nga-bujanoci-dhe-presheva-per-studime-ne-novi-sad\/"},"modified":"2024-07-30T20:20:19","modified_gmt":"2024-07-30T20:20:19","slug":"bursa-per-te-rinjet-nga-bujanoci-dhe-presheva-per-studime-ne-novi-sad","status":"publish","type":"post","link":"https:\/\/kt.gov.rs\/sq\/bursa-per-te-rinjet-nga-bujanoci-dhe-presheva-per-studime-ne-novi-sad\/","title":{"rendered":"BURSA P\u00cbR T\u00cb RINJ\u00cbT NGA BUJANOCI DHE PRESHEVA P\u00cbR STUDIME N\u00cb NOVI SAD"},"content":{"rendered":"<p><img decoding=\"async\" align=\"left\" src=\"https:\/\/kt.gov.rs\/wp-content\/uploads\/2024\/07\/newspic530-4.jpg\" alt=\"\" \/>Kryetari i Trupit Koordinues ministri Milan Markoviq, rektori i Univerzitetit t\u00eb Novi Sadit Miroslav Veskoviq dhe sekretari krahinor p\u00ebr arsim Andor Del, n\u00eb Novi Sad i kan\u00eb pritur nj\u00ebmb\u00ebdhjet\u00eb student\u00ebt\u00a0 nga Bujanoci dhe Presheva t\u00eb cilat studijojn\u00eb n\u00eb fakultetet t\u00eb k\u00ebtij qyteti.<\/p>\n<p>Me bursimin e t\u00eb rinj\u00ebve nga komunat multietnike n\u00eb Serbin\u00eb jugore \u00ebsht\u00eb b\u00ebr\u00eb nj\u00eb hap i ri n\u00eb realizimin e programit t\u00eb Qeveris\u00eb s\u00eb Serbis\u00eb p\u00ebr integrimin e m\u00ebtejsh\u00ebm t\u00eb tyre n\u00eb jet\u00ebn sociale t\u00eb vendit.<\/p>\n<p>Pes\u00eb studenta t\u00eb nacionalitetit shqiptar dhe gjasht\u00eb t\u00eb nacionalitetit s\u00ebrb kan\u00eb mar indeksa t\u00eb Univerzitetit t\u00eb Novi Sadit.<\/p>\n<p>&quot;K\u00ebta jan\u00eb udh\u00ebheq\u00ebsit e ardhsh\u00ebm t\u00eb Serbis\u00eb jugore,\u00a0 k\u00ebta jan\u00eb f\u00ebmij\u00ebt t\u00eb cil\u00ebt do t\u00eb jen\u00eb ur\u00eb q\u00eb lidhin nacionalitete t\u00eb ndryshme q\u00eb jetojn\u00eb n\u00eb komunat e Preshev\u00ebs, Bujanocit dhe Medvegj\u00ebs&quot;, tha ministri Markoviq. Ai shtoi se Universiteti i Novi Sadit dhe Qeveria e Vojvodin\u00ebs kan\u00eb\u00a0 mir\u00ebkuptim t\u00eb madh kur b\u00ebhet fjal\u00eb p\u00ebr realizimin e programit t\u00eb Qeveris\u00eb s\u00eb S\u00ebrbis\u00eb p\u00ebr integrimin e komunave t\u00eb lart\u00ebp\u00ebrmendura n\u00eb rrjedhat m\u00eb t\u00eb gj\u00ebra shoq\u00ebror.<\/p>\n<p>Projekti i dh\u00ebnies s\u00eb bursave t\u00eb rinj\u00ebve nga Jugu i S\u00ebrbis\u00eb \u00ebsht\u00eb n\u00eb q\u00ebllim t\u00eb kap\u00ebrcimit t\u00eb barierave t\u00eb num\u00ebrta nga sfera e arsimit. Ministri Markoviq p\u00ebrkujtoi se n\u00eb Medvegj\u00eb n\u00eb vitin 2009 \u00ebsht\u00eb hapur drejtimi i fakultetit\u00a0 Ekonomik dhe Juridik pran\u00eb Univerzitetit t\u00eb Nishit, nd\u00ebrsa n\u00eb k\u00ebt\u00eb vit n\u00eb Bujanoc po hapet drejtimi i fakultetit\u00a0 Ekonomik.<\/p>\n<p>\u201cRast\u00ebsisht nuk e kemi zgjedhur Novi Sadin, Vojvodin\u00ebn dhe Univerzitetin vendor, por para syve e kemi pas at q\u00eb mund ta quajm\u00a0 \u2018modeli i vojvodinas\u00ebve\u2019 i cili jo vet\u00ebm se \u00ebsht\u00eb i afirmuar n\u00eb vendin ton\u00eb por edhe \u00ebsht\u00eb pjes\u00eb e p\u00ebrvoj\u00ebs evropiane. Shpresojm\u00eb se nj\u00eb pjes\u00eb e t\u00eb gjith\u00eb k\u00ebsaj q\u00eb do ta p\u00ebrjetojn\u00eb, t\u00eb shohin dhe t\u00eb m\u00ebsojn\u00eb, do t\u00eb p\u00ebrcillet n\u00eb mjediset prej nga vijn\u00eb dhe k\u00ebshtu do ti ofrohemi m\u00ebnyr\u00ebs m\u00eb\u00a0 kualitative t\u00eb jetes\u00ebs, q\u00eb p\u00ebr t\u00eb\u00a0 gjith\u00eb ne \u00ebsht\u00eb\u00a0 q\u00ebllim. N\u00eb t\u00eb nj\u00ebjt\u00ebn koh\u00eb, jemi t\u00eb bindur se shum\u00eb m\u00eb leht do ta ken\u00eb p\u00ebr t\u00eb gjetur pun\u00eb dhe do ta p\u00ebrvet\u00ebsojn\u00eb gjuh\u00ebn s\u00ebrbe\u201d deklaroi ministri Markoviq.<\/p>\n<p>\u201e Edhe pse ky nuk \u00ebsht\u00eb projekti i vet\u00ebm i nisur p\u00ebr ardhm\u00ebri m\u00eb t\u00eb mir\u00eb t\u00eb k\u00ebsaj\u00a0 pjese t\u00eb vendit, deri m\u00eb sod kemi realizuar me qindra n\u00eb kuad\u00ebr t\u00eb cilit kan\u00eb prezentuar gati nj\u00ebmij\u00eb f\u00ebmij t\u00eb shkollave, sigurisht q\u00eb \u00ebsht\u00eb nj\u00eb nga m\u00eb t\u00eb r\u00ebnd\u00ebsishmit dhe nga suksesi i t\u00eb cil\u00ebve nuk mvaret vet\u00ebm se fati i brucoshave tan\u00eb, por edhe i mjedis\u00ebve t\u00eb tyre, t\u00eb ngarkuara me probleme r\u00ebnd\u00eb t\u00eb trash\u00ebguar. T\u00eb sigurt jemi se Novi Sadi dhe Vojvodina jan\u00eb vende n\u00eb t\u00eb cil\u00ebt do t\u00eb shohin se sa jan\u00eb p\u00ebrpar\u00ebsit e jetes\u00ebs s\u00eb p\u00ebrbashk\u00ebt dhe besimit nd\u00ebrnacional. P\u00ebr k\u00ebt\u00eb besoj se k\u00ebta f\u00ebmij\u00eb do t\u00eb jen\u00eb lidhja e cila \u00ebsht\u00eb e domosdoshme p\u00ebr t\u00eb\u00a0 b\u00ebr\u00eb\u00a0 nj\u00eb hap p\u00ebr\u00a0 nj\u00eb\u00a0 ardhm\u00ebri m\u00eb t\u00eb mir\u00eb dhe jet\u00eb kualitative p\u00ebr t\u00eb gjith\u00eb banor\u00ebt e ktyre tri komunave\u201d shtoi ministri Markoviq.<\/p>\n<p>Rektori i Univerzitetit n\u00eb Novi Sad\u00a0 Miroslav Veskoviq i uroi t\u00eb rinj\u00ebve nga jugu i S\u00ebrbis\u00eb q\u00eb kan\u00eb zgjedhur vendin e duhur p\u00ebr t\u00eb studjuar. <\/p>\n<p><img decoding=\"async\" align=\"left\" src=\"https:\/\/kt.gov.rs\/wp-content\/uploads\/2024\/07\/newspic531-2.jpg\" alt=\"\" \/>\u201eKeni zgjedhur Univerzitetin dhe Fakultetet m\u00eb t\u00eb mira t\u00eb cil\u00ebt do tju hapin dritare n\u00eb bot\u00eb dhe do ta kuptoni se sa ka qen\u00eb vendim i mir\u00eb. Para jush jan\u00eb indekset t\u00eb cil\u00ebt do tju sigurojn\u00eb jo vet\u00ebm se kualitet t\u00eb procesit m\u00ebsimor dhe dijeni, por edhe mund\u00ebsin q\u00eb p\u00ebr pos m\u00ebsimit t\u00eb p\u00ebrjetoni atmosfer\u00ebn e hapur dhe shoq\u00ebrore e cila nuk p\u00ebrfundon n\u00eb kufi t\u00eb kampusit n\u00eb t\u00eb cilin\u00a0 t\u00eb gjith\u00eb jan\u00eb pjes\u00eb e familjes s\u00eb madhe, por \u00ebsht\u00eb e p\u00ebrbashk\u00ebt p\u00ebr vendasit, edhe n\u00eb Novi Sad edhe n\u00eb Vojvodin\u00eb\u201d shtoi rektori.<\/p>\n<p>\u201e Me knaq\u00ebsi m\u00eb t\u00eb madhe i mb\u00ebshtesim t\u00eb gjith\u00eb projektet t\u00eb cil\u00ebt afirmojn\u00eb multikulturaliz\u00ebm dhe multinacionalitet dhe p\u00ebr k\u00ebt\u00eb i faleminderohemi Trupit Koordinues q\u00eb kan\u00eb zgjedhur Univerzitetin e Novi Sadit, dhe po ashtu f\u00ebmij\u00ebve, student\u00ebve t\u00eb rinj\u00eb, q\u00eb mund\u00ebsuan edhe vet ta p\u00ebrjetojn\u00eb dhe drejt\u00ebp\u00ebrs\u00ebdrejti t\u00eb arrijn\u00eb p\u00ebrshtypjet personale rreth m\u00ebnyr\u00ebs s\u00eb ktushme t\u00eb jetes\u00ebs dhe rrespektimin e vlerave p\u00ebr t\u00eb cilat t\u00eb gjith\u00eb jemi krenar\u201d, theksoi sekretari krahinor Andor Deli.<br \/>\nN\u00eb shenj\u00eb t\u00eb mb\u00ebshtetjes s\u00eb jasht\u00ebzakonshme e cila \u00ebsht\u00eb ofruar k\u00ebtij projekti ministri Milan Markoviq i ka dhuruar mir\u00ebnjohje rektorit t\u00eb Univerzitetit\u00a0 Miroslav Veskoviqit, sekretarit krahinor p\u00ebr arsim, udh\u00ebheqjes dhe bashk\u00ebsis\u00eb nacionale Andor Deliut dhe z\u00ebvend\u00ebsit t\u00eb tij\u00eb Zoltan Jegeshit, si dhe \u00ebsht\u00eb dhuruar mir\u00ebnjohje p\u00ebr kryetarin e Qeveris\u00eb s\u00eb KA t\u00eb Vojvodin\u00ebs Bojan Pajtiqit.<\/p>\n","protected":false},"excerpt":{"rendered":"<p>Kryetari i Trupit Koordinues ministri Milan Markoviq, rektori i  Univerzitetit t\u00eb Novi Sadit Miroslav Veskoviq dhe sekretari krahinor p\u00ebr  arsim Andor Del, n\u00eb Novi Sad i kan\u00eb pritur nj\u00ebmb\u00ebdhjet\u00eb student\u00ebt\u00a0 nga  Bujanoci dhe Presheva t\u00eb cilat studijojn\u00eb n\u00eb fakultetet t\u00eb k\u00ebtij qyteti.<\/p>\n","protected":false},"author":1,"featured_media":142215,"comment_status":"closed","ping_status":"closed","sticky":false,"template":"","format":"standard","meta":{"footnotes":""},"categories":[55],"tags":[],"class_list":["post-142207","post","type-post","status-publish","format-standard","has-post-thumbnail","hentry","category-lajme"],"yoast_head":"<!-- This site is optimized with the Yoast SEO plugin v27.5 - https:\/\/yoast.com\/product\/yoast-seo-wordpress\/ -->\n<title>BURSA P\u00cbR T\u00cb RINJ\u00cbT NGA BUJANOCI DHE PRESHEVA P\u00cbR STUDIME N\u00cb NOVI SAD - Republika e S\u00ebrbis\u00eb Trupi Koordinues p\u00ebr komunat Bujanoc, Preshev\u00eb dhe Medvegj\u00eb<\/title>\n<meta name=\"robots\" content=\"index, follow, max-snippet:-1, max-image-preview:large, max-video-preview:-1\" \/>\n<link rel=\"canonical\" href=\"https:\/\/kt.gov.rs\/sq\/bursa-per-te-rinjet-nga-bujanoci-dhe-presheva-per-studime-ne-novi-sad\/\" \/>\n<meta property=\"og:locale\" content=\"sq_AL\" \/>\n<meta property=\"og:type\" content=\"article\" \/>\n<meta property=\"og:title\" content=\"BURSA P\u00cbR T\u00cb RINJ\u00cbT NGA BUJANOCI DHE PRESHEVA P\u00cbR STUDIME N\u00cb NOVI SAD - Republika e S\u00ebrbis\u00eb Trupi Koordinues p\u00ebr komunat Bujanoc, Preshev\u00eb dhe Medvegj\u00eb\" \/>\n<meta property=\"og:description\" content=\"Kryetari i Trupit Koordinues ministri Milan Markoviq, rektori i Univerzitetit t\u00eb Novi Sadit Miroslav Veskoviq dhe sekretari krahinor p\u00ebr arsim Andor Del, n\u00eb Novi Sad i kan\u00eb pritur nj\u00ebmb\u00ebdhjet\u00eb student\u00ebt\u00a0 nga Bujanoci dhe Presheva t\u00eb cilat studijojn\u00eb n\u00eb fakultetet t\u00eb k\u00ebtij qyteti.\" \/>\n<meta property=\"og:url\" content=\"https:\/\/kt.gov.rs\/sq\/bursa-per-te-rinjet-nga-bujanoci-dhe-presheva-per-studime-ne-novi-sad\/\" \/>\n<meta property=\"og:site_name\" content=\"Republika e S\u00ebrbis\u00eb Trupi Koordinues p\u00ebr komunat Bujanoc, Preshev\u00eb dhe Medvegj\u00eb\" \/>\n<meta property=\"article:publisher\" content=\"https:\/\/www.facebook.com\/SluzbaKoordinacionogTelaVladeRepublikeSrbije\" \/>\n<meta property=\"article:published_time\" content=\"2011-07-15T00:00:00+00:00\" \/>\n<meta property=\"article:modified_time\" content=\"2024-07-30T20:20:19+00:00\" \/>\n<meta property=\"og:image\" content=\"https:\/\/kt.gov.rs\/wp-content\/uploads\/2024\/07\/newspic530-5.jpg\" \/>\n\t<meta property=\"og:image:width\" content=\"265\" \/>\n\t<meta property=\"og:image:height\" content=\"180\" \/>\n\t<meta property=\"og:image:type\" content=\"image\/jpeg\" \/>\n<meta name=\"author\" content=\"ktmin\" \/>\n<meta name=\"twitter:card\" content=\"summary_large_image\" \/>\n<meta name=\"twitter:creator\" content=\"@kt_gov\" \/>\n<meta name=\"twitter:site\" content=\"@kt_gov\" \/>\n<meta name=\"twitter:label1\" content=\"Written by\" \/>\n\t<meta name=\"twitter:data1\" content=\"ktmin\" \/>\n\t<meta name=\"twitter:label2\" content=\"Est. reading time\" \/>\n\t<meta name=\"twitter:data2\" content=\"4 minutes\" \/>\n<script type=\"application\/ld+json\" class=\"yoast-schema-graph\">{\"@context\":\"https:\\\/\\\/schema.org\",\"@graph\":[{\"@type\":\"Article\",\"@id\":\"https:\\\/\\\/kt.gov.rs\\\/sq\\\/bursa-per-te-rinjet-nga-bujanoci-dhe-presheva-per-studime-ne-novi-sad\\\/#article\",\"isPartOf\":{\"@id\":\"https:\\\/\\\/kt.gov.rs\\\/sq\\\/bursa-per-te-rinjet-nga-bujanoci-dhe-presheva-per-studime-ne-novi-sad\\\/\"},\"author\":{\"name\":\"ktmin\",\"@id\":\"https:\\\/\\\/kt.gov.rs\\\/#\\\/schema\\\/person\\\/e426459ddb4173309103390602694571\"},\"headline\":\"BURSA P\u00cbR T\u00cb RINJ\u00cbT NGA BUJANOCI DHE PRESHEVA P\u00cbR STUDIME N\u00cb NOVI SAD\",\"datePublished\":\"2011-07-15T00:00:00+00:00\",\"dateModified\":\"2024-07-30T20:20:19+00:00\",\"mainEntityOfPage\":{\"@id\":\"https:\\\/\\\/kt.gov.rs\\\/sq\\\/bursa-per-te-rinjet-nga-bujanoci-dhe-presheva-per-studime-ne-novi-sad\\\/\"},\"wordCount\":906,\"publisher\":{\"@id\":\"https:\\\/\\\/kt.gov.rs\\\/#organization\"},\"image\":{\"@id\":\"https:\\\/\\\/kt.gov.rs\\\/sq\\\/bursa-per-te-rinjet-nga-bujanoci-dhe-presheva-per-studime-ne-novi-sad\\\/#primaryimage\"},\"thumbnailUrl\":\"https:\\\/\\\/kt.gov.rs\\\/wp-content\\\/uploads\\\/2024\\\/07\\\/newspic530-5.jpg\",\"articleSection\":[\"Lajme\"],\"inLanguage\":\"sq-AL\"},{\"@type\":\"WebPage\",\"@id\":\"https:\\\/\\\/kt.gov.rs\\\/sq\\\/bursa-per-te-rinjet-nga-bujanoci-dhe-presheva-per-studime-ne-novi-sad\\\/\",\"url\":\"https:\\\/\\\/kt.gov.rs\\\/sq\\\/bursa-per-te-rinjet-nga-bujanoci-dhe-presheva-per-studime-ne-novi-sad\\\/\",\"name\":\"BURSA P\u00cbR T\u00cb RINJ\u00cbT NGA BUJANOCI DHE PRESHEVA P\u00cbR STUDIME N\u00cb NOVI SAD - Republika e S\u00ebrbis\u00eb Trupi Koordinues p\u00ebr komunat Bujanoc, Preshev\u00eb dhe Medvegj\u00eb\",\"isPartOf\":{\"@id\":\"https:\\\/\\\/kt.gov.rs\\\/#website\"},\"primaryImageOfPage\":{\"@id\":\"https:\\\/\\\/kt.gov.rs\\\/sq\\\/bursa-per-te-rinjet-nga-bujanoci-dhe-presheva-per-studime-ne-novi-sad\\\/#primaryimage\"},\"image\":{\"@id\":\"https:\\\/\\\/kt.gov.rs\\\/sq\\\/bursa-per-te-rinjet-nga-bujanoci-dhe-presheva-per-studime-ne-novi-sad\\\/#primaryimage\"},\"thumbnailUrl\":\"https:\\\/\\\/kt.gov.rs\\\/wp-content\\\/uploads\\\/2024\\\/07\\\/newspic530-5.jpg\",\"datePublished\":\"2011-07-15T00:00:00+00:00\",\"dateModified\":\"2024-07-30T20:20:19+00:00\",\"breadcrumb\":{\"@id\":\"https:\\\/\\\/kt.gov.rs\\\/sq\\\/bursa-per-te-rinjet-nga-bujanoci-dhe-presheva-per-studime-ne-novi-sad\\\/#breadcrumb\"},\"inLanguage\":\"sq-AL\",\"potentialAction\":[{\"@type\":\"ReadAction\",\"target\":[\"https:\\\/\\\/kt.gov.rs\\\/sq\\\/bursa-per-te-rinjet-nga-bujanoci-dhe-presheva-per-studime-ne-novi-sad\\\/\"]}]},{\"@type\":\"ImageObject\",\"inLanguage\":\"sq-AL\",\"@id\":\"https:\\\/\\\/kt.gov.rs\\\/sq\\\/bursa-per-te-rinjet-nga-bujanoci-dhe-presheva-per-studime-ne-novi-sad\\\/#primaryimage\",\"url\":\"https:\\\/\\\/kt.gov.rs\\\/wp-content\\\/uploads\\\/2024\\\/07\\\/newspic530-5.jpg\",\"contentUrl\":\"https:\\\/\\\/kt.gov.rs\\\/wp-content\\\/uploads\\\/2024\\\/07\\\/newspic530-5.jpg\",\"width\":265,\"height\":180},{\"@type\":\"BreadcrumbList\",\"@id\":\"https:\\\/\\\/kt.gov.rs\\\/sq\\\/bursa-per-te-rinjet-nga-bujanoci-dhe-presheva-per-studime-ne-novi-sad\\\/#breadcrumb\",\"itemListElement\":[{\"@type\":\"ListItem\",\"position\":1,\"name\":\"\u041f\u043e\u0447\u0435\u0442\u043d\u0430\",\"item\":\"https:\\\/\\\/kt.gov.rs\\\/sq\\\/\"},{\"@type\":\"ListItem\",\"position\":2,\"name\":\"BURSA P\u00cbR T\u00cb RINJ\u00cbT NGA BUJANOCI DHE PRESHEVA P\u00cbR STUDIME N\u00cb NOVI SAD\"}]},{\"@type\":\"WebSite\",\"@id\":\"https:\\\/\\\/kt.gov.rs\\\/#website\",\"url\":\"https:\\\/\\\/kt.gov.rs\\\/\",\"name\":\"\u041a\u043e\u043e\u0440\u0434\u0438\u043d\u0430\u0446\u0438\u043e\u043d\u043e \u0442\u0435\u043b\u043e \u0412\u043b\u0430\u0434\u0435 \u0420\u0435\u043f\u0443\u0431\u043b\u0438\u043a\u0435 \u0421\u0440\u0431\u0438\u0458\u0435 \u0437\u0430 \u043e\u043f\u0448\u0442\u0438\u043d\u0435 \u041f\u0440\u0435\u0448\u0435\u0432\u043e, \u0411\u0443\u0458\u0430\u043d\u043e\u0432\u0430\u0446 \u0438 \u041c\u0435\u0434\u0432\u0435\u0452a\",\"description\":\"\",\"publisher\":{\"@id\":\"https:\\\/\\\/kt.gov.rs\\\/#organization\"},\"alternateName\":\"\u041a\u043e\u043e\u0440\u0434\u0438\u043d\u0430\u0446\u0438\u043e\u043d\u043e \u0442\u0435\u043b\u043e\",\"potentialAction\":[{\"@type\":\"SearchAction\",\"target\":{\"@type\":\"EntryPoint\",\"urlTemplate\":\"https:\\\/\\\/kt.gov.rs\\\/?s={search_term_string}\"},\"query-input\":{\"@type\":\"PropertyValueSpecification\",\"valueRequired\":true,\"valueName\":\"search_term_string\"}}],\"inLanguage\":\"sq-AL\"},{\"@type\":\"Organization\",\"@id\":\"https:\\\/\\\/kt.gov.rs\\\/#organization\",\"name\":\"\u041a\u043e\u043e\u0440\u0434\u0438\u043d\u0430\u0446\u0438\u043e\u043d\u043e \u0442\u0435\u043b\u043e \u0412\u043b\u0430\u0434\u0435 \u0420\u0435\u043f\u0443\u0431\u043b\u0438\u043a\u0435 \u0421\u0440\u0431\u0438\u0458\u0435 \u0437\u0430 \u043e\u043f\u0448\u0442\u0438\u043d\u0435 \u041f\u0440\u0435\u0448\u0435\u0432\u043e, \u0411\u0443\u0458\u0430\u043d\u043e\u0432\u0430\u0446 \u0438 \u041c\u0435\u0434\u0432\u0435\u0452a\",\"alternateName\":\"\u041a\u043e\u043e\u0440\u0434\u0438\u043d\u0430\u0446\u0438\u043e\u043d\u043e \u0442\u0435\u043b\u043e\",\"url\":\"https:\\\/\\\/kt.gov.rs\\\/\",\"logo\":{\"@type\":\"ImageObject\",\"inLanguage\":\"sq-AL\",\"@id\":\"https:\\\/\\\/kt.gov.rs\\\/#\\\/schema\\\/logo\\\/image\\\/\",\"url\":\"https:\\\/\\\/kt.gov.rs\\\/wp-content\\\/uploads\\\/2024\\\/12\\\/koord2.jpg\",\"contentUrl\":\"https:\\\/\\\/kt.gov.rs\\\/wp-content\\\/uploads\\\/2024\\\/12\\\/koord2.jpg\",\"width\":640,\"height\":480,\"caption\":\"\u041a\u043e\u043e\u0440\u0434\u0438\u043d\u0430\u0446\u0438\u043e\u043d\u043e \u0442\u0435\u043b\u043e \u0412\u043b\u0430\u0434\u0435 \u0420\u0435\u043f\u0443\u0431\u043b\u0438\u043a\u0435 \u0421\u0440\u0431\u0438\u0458\u0435 \u0437\u0430 \u043e\u043f\u0448\u0442\u0438\u043d\u0435 \u041f\u0440\u0435\u0448\u0435\u0432\u043e, \u0411\u0443\u0458\u0430\u043d\u043e\u0432\u0430\u0446 \u0438 \u041c\u0435\u0434\u0432\u0435\u0452a\"},\"image\":{\"@id\":\"https:\\\/\\\/kt.gov.rs\\\/#\\\/schema\\\/logo\\\/image\\\/\"},\"sameAs\":[\"https:\\\/\\\/www.facebook.com\\\/SluzbaKoordinacionogTelaVladeRepublikeSrbije\",\"https:\\\/\\\/x.com\\\/kt_gov\",\"https:\\\/\\\/www.youtube.com\\\/@koordinacionotelo\"]},{\"@type\":\"Person\",\"@id\":\"https:\\\/\\\/kt.gov.rs\\\/#\\\/schema\\\/person\\\/e426459ddb4173309103390602694571\",\"name\":\"ktmin\",\"image\":{\"@type\":\"ImageObject\",\"inLanguage\":\"sq-AL\",\"@id\":\"https:\\\/\\\/secure.gravatar.com\\\/avatar\\\/3985c961109853010c3fbc7ba30365bfba5db3dd6c525831d9c595c7525a615a?s=96&d=mm&r=g\",\"url\":\"https:\\\/\\\/secure.gravatar.com\\\/avatar\\\/3985c961109853010c3fbc7ba30365bfba5db3dd6c525831d9c595c7525a615a?s=96&d=mm&r=g\",\"contentUrl\":\"https:\\\/\\\/secure.gravatar.com\\\/avatar\\\/3985c961109853010c3fbc7ba30365bfba5db3dd6c525831d9c595c7525a615a?s=96&d=mm&r=g\",\"caption\":\"ktmin\"},\"sameAs\":[\"https:\\\/\\\/kt.gov.rs\"],\"url\":\"https:\\\/\\\/kt.gov.rs\\\/sq\\\/author\\\/ktmin\\\/\"}]}<\/script>\n<!-- \/ Yoast SEO plugin. -->","yoast_head_json":{"title":"BURSA P\u00cbR T\u00cb RINJ\u00cbT NGA BUJANOCI DHE PRESHEVA P\u00cbR STUDIME N\u00cb NOVI SAD - Republika e S\u00ebrbis\u00eb Trupi Koordinues p\u00ebr komunat Bujanoc, Preshev\u00eb dhe Medvegj\u00eb","robots":{"index":"index","follow":"follow","max-snippet":"max-snippet:-1","max-image-preview":"max-image-preview:large","max-video-preview":"max-video-preview:-1"},"canonical":"https:\/\/kt.gov.rs\/sq\/bursa-per-te-rinjet-nga-bujanoci-dhe-presheva-per-studime-ne-novi-sad\/","og_locale":"sq_AL","og_type":"article","og_title":"BURSA P\u00cbR T\u00cb RINJ\u00cbT NGA BUJANOCI DHE PRESHEVA P\u00cbR STUDIME N\u00cb NOVI SAD - Republika e S\u00ebrbis\u00eb Trupi Koordinues p\u00ebr komunat Bujanoc, Preshev\u00eb dhe Medvegj\u00eb","og_description":"Kryetari i Trupit Koordinues ministri Milan Markoviq, rektori i Univerzitetit t\u00eb Novi Sadit Miroslav Veskoviq dhe sekretari krahinor p\u00ebr arsim Andor Del, n\u00eb Novi Sad i kan\u00eb pritur nj\u00ebmb\u00ebdhjet\u00eb student\u00ebt\u00a0 nga Bujanoci dhe Presheva t\u00eb cilat studijojn\u00eb n\u00eb fakultetet t\u00eb k\u00ebtij qyteti.","og_url":"https:\/\/kt.gov.rs\/sq\/bursa-per-te-rinjet-nga-bujanoci-dhe-presheva-per-studime-ne-novi-sad\/","og_site_name":"Republika e S\u00ebrbis\u00eb Trupi Koordinues p\u00ebr komunat Bujanoc, Preshev\u00eb dhe Medvegj\u00eb","article_publisher":"https:\/\/www.facebook.com\/SluzbaKoordinacionogTelaVladeRepublikeSrbije","article_published_time":"2011-07-15T00:00:00+00:00","article_modified_time":"2024-07-30T20:20:19+00:00","og_image":[{"width":265,"height":180,"url":"https:\/\/kt.gov.rs\/wp-content\/uploads\/2024\/07\/newspic530-5.jpg","type":"image\/jpeg"}],"author":"ktmin","twitter_card":"summary_large_image","twitter_creator":"@kt_gov","twitter_site":"@kt_gov","twitter_misc":{"Written by":"ktmin","Est. reading time":"4 minutes"},"schema":{"@context":"https:\/\/schema.org","@graph":[{"@type":"Article","@id":"https:\/\/kt.gov.rs\/sq\/bursa-per-te-rinjet-nga-bujanoci-dhe-presheva-per-studime-ne-novi-sad\/#article","isPartOf":{"@id":"https:\/\/kt.gov.rs\/sq\/bursa-per-te-rinjet-nga-bujanoci-dhe-presheva-per-studime-ne-novi-sad\/"},"author":{"name":"ktmin","@id":"https:\/\/kt.gov.rs\/#\/schema\/person\/e426459ddb4173309103390602694571"},"headline":"BURSA P\u00cbR T\u00cb RINJ\u00cbT NGA BUJANOCI DHE PRESHEVA P\u00cbR STUDIME N\u00cb NOVI SAD","datePublished":"2011-07-15T00:00:00+00:00","dateModified":"2024-07-30T20:20:19+00:00","mainEntityOfPage":{"@id":"https:\/\/kt.gov.rs\/sq\/bursa-per-te-rinjet-nga-bujanoci-dhe-presheva-per-studime-ne-novi-sad\/"},"wordCount":906,"publisher":{"@id":"https:\/\/kt.gov.rs\/#organization"},"image":{"@id":"https:\/\/kt.gov.rs\/sq\/bursa-per-te-rinjet-nga-bujanoci-dhe-presheva-per-studime-ne-novi-sad\/#primaryimage"},"thumbnailUrl":"https:\/\/kt.gov.rs\/wp-content\/uploads\/2024\/07\/newspic530-5.jpg","articleSection":["Lajme"],"inLanguage":"sq-AL"},{"@type":"WebPage","@id":"https:\/\/kt.gov.rs\/sq\/bursa-per-te-rinjet-nga-bujanoci-dhe-presheva-per-studime-ne-novi-sad\/","url":"https:\/\/kt.gov.rs\/sq\/bursa-per-te-rinjet-nga-bujanoci-dhe-presheva-per-studime-ne-novi-sad\/","name":"BURSA P\u00cbR T\u00cb RINJ\u00cbT NGA BUJANOCI DHE PRESHEVA P\u00cbR STUDIME N\u00cb NOVI SAD - Republika e S\u00ebrbis\u00eb Trupi Koordinues p\u00ebr komunat Bujanoc, Preshev\u00eb dhe Medvegj\u00eb","isPartOf":{"@id":"https:\/\/kt.gov.rs\/#website"},"primaryImageOfPage":{"@id":"https:\/\/kt.gov.rs\/sq\/bursa-per-te-rinjet-nga-bujanoci-dhe-presheva-per-studime-ne-novi-sad\/#primaryimage"},"image":{"@id":"https:\/\/kt.gov.rs\/sq\/bursa-per-te-rinjet-nga-bujanoci-dhe-presheva-per-studime-ne-novi-sad\/#primaryimage"},"thumbnailUrl":"https:\/\/kt.gov.rs\/wp-content\/uploads\/2024\/07\/newspic530-5.jpg","datePublished":"2011-07-15T00:00:00+00:00","dateModified":"2024-07-30T20:20:19+00:00","breadcrumb":{"@id":"https:\/\/kt.gov.rs\/sq\/bursa-per-te-rinjet-nga-bujanoci-dhe-presheva-per-studime-ne-novi-sad\/#breadcrumb"},"inLanguage":"sq-AL","potentialAction":[{"@type":"ReadAction","target":["https:\/\/kt.gov.rs\/sq\/bursa-per-te-rinjet-nga-bujanoci-dhe-presheva-per-studime-ne-novi-sad\/"]}]},{"@type":"ImageObject","inLanguage":"sq-AL","@id":"https:\/\/kt.gov.rs\/sq\/bursa-per-te-rinjet-nga-bujanoci-dhe-presheva-per-studime-ne-novi-sad\/#primaryimage","url":"https:\/\/kt.gov.rs\/wp-content\/uploads\/2024\/07\/newspic530-5.jpg","contentUrl":"https:\/\/kt.gov.rs\/wp-content\/uploads\/2024\/07\/newspic530-5.jpg","width":265,"height":180},{"@type":"BreadcrumbList","@id":"https:\/\/kt.gov.rs\/sq\/bursa-per-te-rinjet-nga-bujanoci-dhe-presheva-per-studime-ne-novi-sad\/#breadcrumb","itemListElement":[{"@type":"ListItem","position":1,"name":"\u041f\u043e\u0447\u0435\u0442\u043d\u0430","item":"https:\/\/kt.gov.rs\/sq\/"},{"@type":"ListItem","position":2,"name":"BURSA P\u00cbR T\u00cb RINJ\u00cbT NGA BUJANOCI DHE PRESHEVA P\u00cbR STUDIME N\u00cb NOVI SAD"}]},{"@type":"WebSite","@id":"https:\/\/kt.gov.rs\/#website","url":"https:\/\/kt.gov.rs\/","name":"\u041a\u043e\u043e\u0440\u0434\u0438\u043d\u0430\u0446\u0438\u043e\u043d\u043e \u0442\u0435\u043b\u043e \u0412\u043b\u0430\u0434\u0435 \u0420\u0435\u043f\u0443\u0431\u043b\u0438\u043a\u0435 \u0421\u0440\u0431\u0438\u0458\u0435 \u0437\u0430 \u043e\u043f\u0448\u0442\u0438\u043d\u0435 \u041f\u0440\u0435\u0448\u0435\u0432\u043e, \u0411\u0443\u0458\u0430\u043d\u043e\u0432\u0430\u0446 \u0438 \u041c\u0435\u0434\u0432\u0435\u0452a","description":"","publisher":{"@id":"https:\/\/kt.gov.rs\/#organization"},"alternateName":"\u041a\u043e\u043e\u0440\u0434\u0438\u043d\u0430\u0446\u0438\u043e\u043d\u043e \u0442\u0435\u043b\u043e","potentialAction":[{"@type":"SearchAction","target":{"@type":"EntryPoint","urlTemplate":"https:\/\/kt.gov.rs\/?s={search_term_string}"},"query-input":{"@type":"PropertyValueSpecification","valueRequired":true,"valueName":"search_term_string"}}],"inLanguage":"sq-AL"},{"@type":"Organization","@id":"https:\/\/kt.gov.rs\/#organization","name":"\u041a\u043e\u043e\u0440\u0434\u0438\u043d\u0430\u0446\u0438\u043e\u043d\u043e \u0442\u0435\u043b\u043e \u0412\u043b\u0430\u0434\u0435 \u0420\u0435\u043f\u0443\u0431\u043b\u0438\u043a\u0435 \u0421\u0440\u0431\u0438\u0458\u0435 \u0437\u0430 \u043e\u043f\u0448\u0442\u0438\u043d\u0435 \u041f\u0440\u0435\u0448\u0435\u0432\u043e, \u0411\u0443\u0458\u0430\u043d\u043e\u0432\u0430\u0446 \u0438 \u041c\u0435\u0434\u0432\u0435\u0452a","alternateName":"\u041a\u043e\u043e\u0440\u0434\u0438\u043d\u0430\u0446\u0438\u043e\u043d\u043e \u0442\u0435\u043b\u043e","url":"https:\/\/kt.gov.rs\/","logo":{"@type":"ImageObject","inLanguage":"sq-AL","@id":"https:\/\/kt.gov.rs\/#\/schema\/logo\/image\/","url":"https:\/\/kt.gov.rs\/wp-content\/uploads\/2024\/12\/koord2.jpg","contentUrl":"https:\/\/kt.gov.rs\/wp-content\/uploads\/2024\/12\/koord2.jpg","width":640,"height":480,"caption":"\u041a\u043e\u043e\u0440\u0434\u0438\u043d\u0430\u0446\u0438\u043e\u043d\u043e \u0442\u0435\u043b\u043e \u0412\u043b\u0430\u0434\u0435 \u0420\u0435\u043f\u0443\u0431\u043b\u0438\u043a\u0435 \u0421\u0440\u0431\u0438\u0458\u0435 \u0437\u0430 \u043e\u043f\u0448\u0442\u0438\u043d\u0435 \u041f\u0440\u0435\u0448\u0435\u0432\u043e, \u0411\u0443\u0458\u0430\u043d\u043e\u0432\u0430\u0446 \u0438 \u041c\u0435\u0434\u0432\u0435\u0452a"},"image":{"@id":"https:\/\/kt.gov.rs\/#\/schema\/logo\/image\/"},"sameAs":["https:\/\/www.facebook.com\/SluzbaKoordinacionogTelaVladeRepublikeSrbije","https:\/\/x.com\/kt_gov","https:\/\/www.youtube.com\/@koordinacionotelo"]},{"@type":"Person","@id":"https:\/\/kt.gov.rs\/#\/schema\/person\/e426459ddb4173309103390602694571","name":"ktmin","image":{"@type":"ImageObject","inLanguage":"sq-AL","@id":"https:\/\/secure.gravatar.com\/avatar\/3985c961109853010c3fbc7ba30365bfba5db3dd6c525831d9c595c7525a615a?s=96&d=mm&r=g","url":"https:\/\/secure.gravatar.com\/avatar\/3985c961109853010c3fbc7ba30365bfba5db3dd6c525831d9c595c7525a615a?s=96&d=mm&r=g","contentUrl":"https:\/\/secure.gravatar.com\/avatar\/3985c961109853010c3fbc7ba30365bfba5db3dd6c525831d9c595c7525a615a?s=96&d=mm&r=g","caption":"ktmin"},"sameAs":["https:\/\/kt.gov.rs"],"url":"https:\/\/kt.gov.rs\/sq\/author\/ktmin\/"}]}},"_links":{"self":[{"href":"https:\/\/kt.gov.rs\/sq\/wp-json\/wp\/v2\/posts\/142207","targetHints":{"allow":["GET"]}}],"collection":[{"href":"https:\/\/kt.gov.rs\/sq\/wp-json\/wp\/v2\/posts"}],"about":[{"href":"https:\/\/kt.gov.rs\/sq\/wp-json\/wp\/v2\/types\/post"}],"author":[{"embeddable":true,"href":"https:\/\/kt.gov.rs\/sq\/wp-json\/wp\/v2\/users\/1"}],"replies":[{"embeddable":true,"href":"https:\/\/kt.gov.rs\/sq\/wp-json\/wp\/v2\/comments?post=142207"}],"version-history":[{"count":1,"href":"https:\/\/kt.gov.rs\/sq\/wp-json\/wp\/v2\/posts\/142207\/revisions"}],"predecessor-version":[{"id":142214,"href":"https:\/\/kt.gov.rs\/sq\/wp-json\/wp\/v2\/posts\/142207\/revisions\/142214"}],"wp:featuredmedia":[{"embeddable":true,"href":"https:\/\/kt.gov.rs\/sq\/wp-json\/wp\/v2\/media\/142215"}],"wp:attachment":[{"href":"https:\/\/kt.gov.rs\/sq\/wp-json\/wp\/v2\/media?parent=142207"}],"wp:term":[{"taxonomy":"category","embeddable":true,"href":"https:\/\/kt.gov.rs\/sq\/wp-json\/wp\/v2\/categories?post=142207"},{"taxonomy":"post_tag","embeddable":true,"href":"https:\/\/kt.gov.rs\/sq\/wp-json\/wp\/v2\/tags?post=142207"}],"curies":[{"name":"wp","href":"https:\/\/api.w.org\/{rel}","templated":true}]}}