{"id":142192,"date":"2011-07-26T00:00:00","date_gmt":"2011-07-26T00:00:00","guid":{"rendered":"http:\/\/kt.printandscreen.rs\/mjeshtrit-kendojne-ne-stari-dani-ditet-e-vjetra\/"},"modified":"2011-07-26T00:00:00","modified_gmt":"2011-07-26T00:00:00","slug":"mjeshtrit-kendojne-ne-stari-dani-ditet-e-vjetra","status":"publish","type":"post","link":"https:\/\/kt.gov.rs\/sq\/mjeshtrit-kendojne-ne-stari-dani-ditet-e-vjetra\/","title":{"rendered":"MJESHTRIT K\u00cbNDOJN\u00cb N\u00cb \u201e STARI DANI \u201c ( DIT\u00cbT E VJETRA )"},"content":{"rendered":"<p>N\u00eb Vranj\u00eb n\u00eb manifestimin tradicional kulturor\u00eb\u00a0 veror\u00eb \u201e Stari\u00a0 Dani \u201c ( Dit\u00ebt e Vjetra ) do t\u00eb marrin pjes\u00eb shum\u00eb yje t\u00eb estrad\u00ebs son\u00eb, n\u00eb mes t\u00eb cil\u00ebve b\u00ebjn\u00eb pjes\u00eb Masimo Saviq, Vllatko Stefanovski dhe Kemal Monteno, deklaruan organizator\u00ebt. Zoran Najdiq, k\u00ebshilltar\u00eb p\u00ebrgjegj\u00ebs p\u00ebr kultur\u00eb, thot se p\u00ebrvojat nga organizimet e kaluara na kan\u00eb vendosur nj\u00eb koncept t\u00eb ri organizativ, k\u00ebshtu q\u00eb \u201e Stari Dani \u201e k\u00ebt\u00eb vit do t\u00eb jen\u00eb nj\u00eb atraksion i v\u00ebrtet\u00eb kulturoro \u2013 artistik.<\/p>\n<p>\u201eNe presim\u00a0 q\u00eb, me ndihm\u00ebn e marketingut, k\u00ebto emra t\u00eb z\u00ebsh\u00ebm t\u00eb estrad\u00ebs son\u00eb n\u00eb Vranj\u00eb t\u00eb t\u00ebrheqin shum\u00eb vizitor\u00eb nga Nishi, Leskoci, Vlladi\u00e7in Hani, Bujanoci, Presheva e deri n\u00eb Kumanov\u00eb\u201c, thot Najdiq.<\/p>\n<p>Zoran Najdiq p\u00ebrkujton q\u00eb vitin e kaluar manifestimin e kan\u00eb par\u00eb m\u00eb shum\u00eb se 20 000 vizitor\u00eb, dhe se k\u00ebt\u00eb vit ky num\u00ebr do t\u00eb jet\u00eb edhe m\u00eb i madh, sepse programin themelor\u00eb do ta p\u00ebrcjellin edhe manifestime tjera.<\/p>\n<p>\u201e Do t\u00eb b\u00ebjm\u00eb\u00a0 nj\u00eb s\u00ebr\u00eb ekspozitash, prezentime t\u00eb prodhimeve t\u00eb an\u00ebs son\u00eb, etnosajmi, prezentimi i specijaliteteve t\u00eb kuzhin\u00ebs s\u00eb Vranj\u00ebs dhe t\u00eb tjera, k\u00ebshtu q\u00eb kjo do t\u00eb jet\u00eb nj\u00eb p\u00ebrvoj\u00eb e re shum\u00eb e mir\u00eb p\u00ebr ata q\u00eb vendosin\u00a0 q\u00eb\u00a0 prej 22 e deri m\u00eb 28 Gusht\u00a0 t\u00eb q\u00ebndrojn\u00eb n\u00eb Vranj\u00eb\u201c, thon\u00eb autoritetet n\u00eb komun\u00eb.<\/p>\n","protected":false},"excerpt":{"rendered":"<p>N\u00eb Vranj\u00eb n\u00eb manifestimin tradicional kulturor\u00eb\u00a0 veror\u00eb \u201e Stari\u00a0 Dani \u201c (  Dit\u00ebt e Vjetra ) do t\u00eb marrin pjes\u00eb shum\u00eb yje t\u00eb estrad\u00ebs son\u00eb, n\u00eb mes  t\u00eb cil\u00ebve b\u00ebjn\u00eb pjes\u00eb Masimo Saviq, Vllatko Stefanovski dhe Kemal  Monteno, deklaruan organizator\u00ebt. Zoran Najdiq, k\u00ebshilltar\u00eb p\u00ebrgjegj\u00ebs  p\u00ebr kultur\u00eb, thot se p\u00ebrvojat nga organizimet e kaluara na kan\u00eb vendosur  nj\u00eb koncept t\u00eb ri organizativ, k\u00ebshtu q\u00eb \u201e Stari Dani \u201e k\u00ebt\u00eb vit do t\u00eb  jen\u00eb nj\u00eb atraksion i v\u00ebrtet\u00eb kulturoro \u2013 artistik.<\/p>\n","protected":false},"author":1,"featured_media":0,"comment_status":"closed","ping_status":"closed","sticky":false,"template":"","format":"standard","meta":{"footnotes":""},"categories":[55],"tags":[],"class_list":["post-142192","post","type-post","status-publish","format-standard","hentry","category-lajme"],"yoast_head":"<!-- This site is optimized with the Yoast SEO plugin v27.5 - https:\/\/yoast.com\/product\/yoast-seo-wordpress\/ -->\n<title>MJESHTRIT K\u00cbNDOJN\u00cb N\u00cb \u201e STARI DANI \u201c ( DIT\u00cbT E VJETRA ) - Republika e S\u00ebrbis\u00eb Trupi Koordinues p\u00ebr komunat Bujanoc, Preshev\u00eb dhe Medvegj\u00eb<\/title>\n<meta name=\"robots\" content=\"index, follow, max-snippet:-1, max-image-preview:large, max-video-preview:-1\" \/>\n<link rel=\"canonical\" href=\"https:\/\/kt.gov.rs\/sq\/mjeshtrit-kendojne-ne-stari-dani-ditet-e-vjetra\/\" \/>\n<meta property=\"og:locale\" content=\"sq_AL\" \/>\n<meta property=\"og:type\" content=\"article\" \/>\n<meta property=\"og:title\" content=\"MJESHTRIT K\u00cbNDOJN\u00cb N\u00cb \u201e STARI DANI \u201c ( DIT\u00cbT E VJETRA ) - Republika e S\u00ebrbis\u00eb Trupi Koordinues p\u00ebr komunat Bujanoc, Preshev\u00eb dhe Medvegj\u00eb\" \/>\n<meta property=\"og:description\" content=\"N\u00eb Vranj\u00eb n\u00eb manifestimin tradicional kulturor\u00eb\u00a0 veror\u00eb \u201e Stari\u00a0 Dani \u201c ( Dit\u00ebt e Vjetra ) do t\u00eb marrin pjes\u00eb shum\u00eb yje t\u00eb estrad\u00ebs son\u00eb, n\u00eb mes t\u00eb cil\u00ebve b\u00ebjn\u00eb pjes\u00eb Masimo Saviq, Vllatko Stefanovski dhe Kemal Monteno, deklaruan organizator\u00ebt. Zoran Najdiq, k\u00ebshilltar\u00eb p\u00ebrgjegj\u00ebs p\u00ebr kultur\u00eb, thot se p\u00ebrvojat nga organizimet e kaluara na kan\u00eb vendosur nj\u00eb koncept t\u00eb ri organizativ, k\u00ebshtu q\u00eb \u201e Stari Dani \u201e k\u00ebt\u00eb vit do t\u00eb jen\u00eb nj\u00eb atraksion i v\u00ebrtet\u00eb kulturoro \u2013 artistik.\" \/>\n<meta property=\"og:url\" content=\"https:\/\/kt.gov.rs\/sq\/mjeshtrit-kendojne-ne-stari-dani-ditet-e-vjetra\/\" \/>\n<meta property=\"og:site_name\" content=\"Republika e S\u00ebrbis\u00eb Trupi Koordinues p\u00ebr komunat Bujanoc, Preshev\u00eb dhe Medvegj\u00eb\" \/>\n<meta property=\"article:publisher\" content=\"https:\/\/www.facebook.com\/SluzbaKoordinacionogTelaVladeRepublikeSrbije\" \/>\n<meta property=\"article:published_time\" content=\"2011-07-26T00:00:00+00:00\" \/>\n<meta name=\"author\" content=\"ktmin\" \/>\n<meta name=\"twitter:card\" content=\"summary_large_image\" \/>\n<meta name=\"twitter:creator\" content=\"@kt_gov\" \/>\n<meta name=\"twitter:site\" content=\"@kt_gov\" \/>\n<meta name=\"twitter:label1\" content=\"Written by\" \/>\n\t<meta name=\"twitter:data1\" content=\"ktmin\" \/>\n\t<meta name=\"twitter:label2\" content=\"Est. reading time\" \/>\n\t<meta name=\"twitter:data2\" content=\"1 minute\" \/>\n<script type=\"application\/ld+json\" class=\"yoast-schema-graph\">{\"@context\":\"https:\\\/\\\/schema.org\",\"@graph\":[{\"@type\":\"Article\",\"@id\":\"https:\\\/\\\/kt.gov.rs\\\/sq\\\/mjeshtrit-kendojne-ne-stari-dani-ditet-e-vjetra\\\/#article\",\"isPartOf\":{\"@id\":\"https:\\\/\\\/kt.gov.rs\\\/sq\\\/mjeshtrit-kendojne-ne-stari-dani-ditet-e-vjetra\\\/\"},\"author\":{\"name\":\"ktmin\",\"@id\":\"https:\\\/\\\/kt.gov.rs\\\/#\\\/schema\\\/person\\\/e426459ddb4173309103390602694571\"},\"headline\":\"MJESHTRIT K\u00cbNDOJN\u00cb N\u00cb \u201e STARI DANI \u201c ( DIT\u00cbT E VJETRA )\",\"datePublished\":\"2011-07-26T00:00:00+00:00\",\"mainEntityOfPage\":{\"@id\":\"https:\\\/\\\/kt.gov.rs\\\/sq\\\/mjeshtrit-kendojne-ne-stari-dani-ditet-e-vjetra\\\/\"},\"wordCount\":255,\"publisher\":{\"@id\":\"https:\\\/\\\/kt.gov.rs\\\/#organization\"},\"articleSection\":[\"Lajme\"],\"inLanguage\":\"sq-AL\"},{\"@type\":\"WebPage\",\"@id\":\"https:\\\/\\\/kt.gov.rs\\\/sq\\\/mjeshtrit-kendojne-ne-stari-dani-ditet-e-vjetra\\\/\",\"url\":\"https:\\\/\\\/kt.gov.rs\\\/sq\\\/mjeshtrit-kendojne-ne-stari-dani-ditet-e-vjetra\\\/\",\"name\":\"MJESHTRIT K\u00cbNDOJN\u00cb N\u00cb \u201e STARI DANI \u201c ( DIT\u00cbT E VJETRA ) - Republika e S\u00ebrbis\u00eb Trupi Koordinues p\u00ebr komunat Bujanoc, Preshev\u00eb dhe Medvegj\u00eb\",\"isPartOf\":{\"@id\":\"https:\\\/\\\/kt.gov.rs\\\/#website\"},\"datePublished\":\"2011-07-26T00:00:00+00:00\",\"breadcrumb\":{\"@id\":\"https:\\\/\\\/kt.gov.rs\\\/sq\\\/mjeshtrit-kendojne-ne-stari-dani-ditet-e-vjetra\\\/#breadcrumb\"},\"inLanguage\":\"sq-AL\",\"potentialAction\":[{\"@type\":\"ReadAction\",\"target\":[\"https:\\\/\\\/kt.gov.rs\\\/sq\\\/mjeshtrit-kendojne-ne-stari-dani-ditet-e-vjetra\\\/\"]}]},{\"@type\":\"BreadcrumbList\",\"@id\":\"https:\\\/\\\/kt.gov.rs\\\/sq\\\/mjeshtrit-kendojne-ne-stari-dani-ditet-e-vjetra\\\/#breadcrumb\",\"itemListElement\":[{\"@type\":\"ListItem\",\"position\":1,\"name\":\"\u041f\u043e\u0447\u0435\u0442\u043d\u0430\",\"item\":\"https:\\\/\\\/kt.gov.rs\\\/sq\\\/\"},{\"@type\":\"ListItem\",\"position\":2,\"name\":\"MJESHTRIT K\u00cbNDOJN\u00cb N\u00cb \u201e STARI DANI \u201c ( DIT\u00cbT E VJETRA )\"}]},{\"@type\":\"WebSite\",\"@id\":\"https:\\\/\\\/kt.gov.rs\\\/#website\",\"url\":\"https:\\\/\\\/kt.gov.rs\\\/\",\"name\":\"\u041a\u043e\u043e\u0440\u0434\u0438\u043d\u0430\u0446\u0438\u043e\u043d\u043e \u0442\u0435\u043b\u043e \u0412\u043b\u0430\u0434\u0435 \u0420\u0435\u043f\u0443\u0431\u043b\u0438\u043a\u0435 \u0421\u0440\u0431\u0438\u0458\u0435 \u0437\u0430 \u043e\u043f\u0448\u0442\u0438\u043d\u0435 \u041f\u0440\u0435\u0448\u0435\u0432\u043e, \u0411\u0443\u0458\u0430\u043d\u043e\u0432\u0430\u0446 \u0438 \u041c\u0435\u0434\u0432\u0435\u0452a\",\"description\":\"\",\"publisher\":{\"@id\":\"https:\\\/\\\/kt.gov.rs\\\/#organization\"},\"alternateName\":\"\u041a\u043e\u043e\u0440\u0434\u0438\u043d\u0430\u0446\u0438\u043e\u043d\u043e \u0442\u0435\u043b\u043e\",\"potentialAction\":[{\"@type\":\"SearchAction\",\"target\":{\"@type\":\"EntryPoint\",\"urlTemplate\":\"https:\\\/\\\/kt.gov.rs\\\/?s={search_term_string}\"},\"query-input\":{\"@type\":\"PropertyValueSpecification\",\"valueRequired\":true,\"valueName\":\"search_term_string\"}}],\"inLanguage\":\"sq-AL\"},{\"@type\":\"Organization\",\"@id\":\"https:\\\/\\\/kt.gov.rs\\\/#organization\",\"name\":\"\u041a\u043e\u043e\u0440\u0434\u0438\u043d\u0430\u0446\u0438\u043e\u043d\u043e \u0442\u0435\u043b\u043e \u0412\u043b\u0430\u0434\u0435 \u0420\u0435\u043f\u0443\u0431\u043b\u0438\u043a\u0435 \u0421\u0440\u0431\u0438\u0458\u0435 \u0437\u0430 \u043e\u043f\u0448\u0442\u0438\u043d\u0435 \u041f\u0440\u0435\u0448\u0435\u0432\u043e, \u0411\u0443\u0458\u0430\u043d\u043e\u0432\u0430\u0446 \u0438 \u041c\u0435\u0434\u0432\u0435\u0452a\",\"alternateName\":\"\u041a\u043e\u043e\u0440\u0434\u0438\u043d\u0430\u0446\u0438\u043e\u043d\u043e \u0442\u0435\u043b\u043e\",\"url\":\"https:\\\/\\\/kt.gov.rs\\\/\",\"logo\":{\"@type\":\"ImageObject\",\"inLanguage\":\"sq-AL\",\"@id\":\"https:\\\/\\\/kt.gov.rs\\\/#\\\/schema\\\/logo\\\/image\\\/\",\"url\":\"https:\\\/\\\/kt.gov.rs\\\/wp-content\\\/uploads\\\/2024\\\/12\\\/koord2.jpg\",\"contentUrl\":\"https:\\\/\\\/kt.gov.rs\\\/wp-content\\\/uploads\\\/2024\\\/12\\\/koord2.jpg\",\"width\":640,\"height\":480,\"caption\":\"\u041a\u043e\u043e\u0440\u0434\u0438\u043d\u0430\u0446\u0438\u043e\u043d\u043e \u0442\u0435\u043b\u043e \u0412\u043b\u0430\u0434\u0435 \u0420\u0435\u043f\u0443\u0431\u043b\u0438\u043a\u0435 \u0421\u0440\u0431\u0438\u0458\u0435 \u0437\u0430 \u043e\u043f\u0448\u0442\u0438\u043d\u0435 \u041f\u0440\u0435\u0448\u0435\u0432\u043e, \u0411\u0443\u0458\u0430\u043d\u043e\u0432\u0430\u0446 \u0438 \u041c\u0435\u0434\u0432\u0435\u0452a\"},\"image\":{\"@id\":\"https:\\\/\\\/kt.gov.rs\\\/#\\\/schema\\\/logo\\\/image\\\/\"},\"sameAs\":[\"https:\\\/\\\/www.facebook.com\\\/SluzbaKoordinacionogTelaVladeRepublikeSrbije\",\"https:\\\/\\\/x.com\\\/kt_gov\",\"https:\\\/\\\/www.youtube.com\\\/@koordinacionotelo\"]},{\"@type\":\"Person\",\"@id\":\"https:\\\/\\\/kt.gov.rs\\\/#\\\/schema\\\/person\\\/e426459ddb4173309103390602694571\",\"name\":\"ktmin\",\"image\":{\"@type\":\"ImageObject\",\"inLanguage\":\"sq-AL\",\"@id\":\"https:\\\/\\\/secure.gravatar.com\\\/avatar\\\/3985c961109853010c3fbc7ba30365bfba5db3dd6c525831d9c595c7525a615a?s=96&d=mm&r=g\",\"url\":\"https:\\\/\\\/secure.gravatar.com\\\/avatar\\\/3985c961109853010c3fbc7ba30365bfba5db3dd6c525831d9c595c7525a615a?s=96&d=mm&r=g\",\"contentUrl\":\"https:\\\/\\\/secure.gravatar.com\\\/avatar\\\/3985c961109853010c3fbc7ba30365bfba5db3dd6c525831d9c595c7525a615a?s=96&d=mm&r=g\",\"caption\":\"ktmin\"},\"sameAs\":[\"https:\\\/\\\/kt.gov.rs\"],\"url\":\"https:\\\/\\\/kt.gov.rs\\\/sq\\\/author\\\/ktmin\\\/\"}]}<\/script>\n<!-- \/ Yoast SEO plugin. -->","yoast_head_json":{"title":"MJESHTRIT K\u00cbNDOJN\u00cb N\u00cb \u201e STARI DANI \u201c ( DIT\u00cbT E VJETRA ) - Republika e S\u00ebrbis\u00eb Trupi Koordinues p\u00ebr komunat Bujanoc, Preshev\u00eb dhe Medvegj\u00eb","robots":{"index":"index","follow":"follow","max-snippet":"max-snippet:-1","max-image-preview":"max-image-preview:large","max-video-preview":"max-video-preview:-1"},"canonical":"https:\/\/kt.gov.rs\/sq\/mjeshtrit-kendojne-ne-stari-dani-ditet-e-vjetra\/","og_locale":"sq_AL","og_type":"article","og_title":"MJESHTRIT K\u00cbNDOJN\u00cb N\u00cb \u201e STARI DANI \u201c ( DIT\u00cbT E VJETRA ) - Republika e S\u00ebrbis\u00eb Trupi Koordinues p\u00ebr komunat Bujanoc, Preshev\u00eb dhe Medvegj\u00eb","og_description":"N\u00eb Vranj\u00eb n\u00eb manifestimin tradicional kulturor\u00eb\u00a0 veror\u00eb \u201e Stari\u00a0 Dani \u201c ( Dit\u00ebt e Vjetra ) do t\u00eb marrin pjes\u00eb shum\u00eb yje t\u00eb estrad\u00ebs son\u00eb, n\u00eb mes t\u00eb cil\u00ebve b\u00ebjn\u00eb pjes\u00eb Masimo Saviq, Vllatko Stefanovski dhe Kemal Monteno, deklaruan organizator\u00ebt. Zoran Najdiq, k\u00ebshilltar\u00eb p\u00ebrgjegj\u00ebs p\u00ebr kultur\u00eb, thot se p\u00ebrvojat nga organizimet e kaluara na kan\u00eb vendosur nj\u00eb koncept t\u00eb ri organizativ, k\u00ebshtu q\u00eb \u201e Stari Dani \u201e k\u00ebt\u00eb vit do t\u00eb jen\u00eb nj\u00eb atraksion i v\u00ebrtet\u00eb kulturoro \u2013 artistik.","og_url":"https:\/\/kt.gov.rs\/sq\/mjeshtrit-kendojne-ne-stari-dani-ditet-e-vjetra\/","og_site_name":"Republika e S\u00ebrbis\u00eb Trupi Koordinues p\u00ebr komunat Bujanoc, Preshev\u00eb dhe Medvegj\u00eb","article_publisher":"https:\/\/www.facebook.com\/SluzbaKoordinacionogTelaVladeRepublikeSrbije","article_published_time":"2011-07-26T00:00:00+00:00","author":"ktmin","twitter_card":"summary_large_image","twitter_creator":"@kt_gov","twitter_site":"@kt_gov","twitter_misc":{"Written by":"ktmin","Est. reading time":"1 minute"},"schema":{"@context":"https:\/\/schema.org","@graph":[{"@type":"Article","@id":"https:\/\/kt.gov.rs\/sq\/mjeshtrit-kendojne-ne-stari-dani-ditet-e-vjetra\/#article","isPartOf":{"@id":"https:\/\/kt.gov.rs\/sq\/mjeshtrit-kendojne-ne-stari-dani-ditet-e-vjetra\/"},"author":{"name":"ktmin","@id":"https:\/\/kt.gov.rs\/#\/schema\/person\/e426459ddb4173309103390602694571"},"headline":"MJESHTRIT K\u00cbNDOJN\u00cb N\u00cb \u201e STARI DANI \u201c ( DIT\u00cbT E VJETRA )","datePublished":"2011-07-26T00:00:00+00:00","mainEntityOfPage":{"@id":"https:\/\/kt.gov.rs\/sq\/mjeshtrit-kendojne-ne-stari-dani-ditet-e-vjetra\/"},"wordCount":255,"publisher":{"@id":"https:\/\/kt.gov.rs\/#organization"},"articleSection":["Lajme"],"inLanguage":"sq-AL"},{"@type":"WebPage","@id":"https:\/\/kt.gov.rs\/sq\/mjeshtrit-kendojne-ne-stari-dani-ditet-e-vjetra\/","url":"https:\/\/kt.gov.rs\/sq\/mjeshtrit-kendojne-ne-stari-dani-ditet-e-vjetra\/","name":"MJESHTRIT K\u00cbNDOJN\u00cb N\u00cb \u201e STARI DANI \u201c ( DIT\u00cbT E VJETRA ) - Republika e S\u00ebrbis\u00eb Trupi Koordinues p\u00ebr komunat Bujanoc, Preshev\u00eb dhe Medvegj\u00eb","isPartOf":{"@id":"https:\/\/kt.gov.rs\/#website"},"datePublished":"2011-07-26T00:00:00+00:00","breadcrumb":{"@id":"https:\/\/kt.gov.rs\/sq\/mjeshtrit-kendojne-ne-stari-dani-ditet-e-vjetra\/#breadcrumb"},"inLanguage":"sq-AL","potentialAction":[{"@type":"ReadAction","target":["https:\/\/kt.gov.rs\/sq\/mjeshtrit-kendojne-ne-stari-dani-ditet-e-vjetra\/"]}]},{"@type":"BreadcrumbList","@id":"https:\/\/kt.gov.rs\/sq\/mjeshtrit-kendojne-ne-stari-dani-ditet-e-vjetra\/#breadcrumb","itemListElement":[{"@type":"ListItem","position":1,"name":"\u041f\u043e\u0447\u0435\u0442\u043d\u0430","item":"https:\/\/kt.gov.rs\/sq\/"},{"@type":"ListItem","position":2,"name":"MJESHTRIT K\u00cbNDOJN\u00cb N\u00cb \u201e STARI DANI \u201c ( DIT\u00cbT E VJETRA )"}]},{"@type":"WebSite","@id":"https:\/\/kt.gov.rs\/#website","url":"https:\/\/kt.gov.rs\/","name":"\u041a\u043e\u043e\u0440\u0434\u0438\u043d\u0430\u0446\u0438\u043e\u043d\u043e \u0442\u0435\u043b\u043e \u0412\u043b\u0430\u0434\u0435 \u0420\u0435\u043f\u0443\u0431\u043b\u0438\u043a\u0435 \u0421\u0440\u0431\u0438\u0458\u0435 \u0437\u0430 \u043e\u043f\u0448\u0442\u0438\u043d\u0435 \u041f\u0440\u0435\u0448\u0435\u0432\u043e, \u0411\u0443\u0458\u0430\u043d\u043e\u0432\u0430\u0446 \u0438 \u041c\u0435\u0434\u0432\u0435\u0452a","description":"","publisher":{"@id":"https:\/\/kt.gov.rs\/#organization"},"alternateName":"\u041a\u043e\u043e\u0440\u0434\u0438\u043d\u0430\u0446\u0438\u043e\u043d\u043e \u0442\u0435\u043b\u043e","potentialAction":[{"@type":"SearchAction","target":{"@type":"EntryPoint","urlTemplate":"https:\/\/kt.gov.rs\/?s={search_term_string}"},"query-input":{"@type":"PropertyValueSpecification","valueRequired":true,"valueName":"search_term_string"}}],"inLanguage":"sq-AL"},{"@type":"Organization","@id":"https:\/\/kt.gov.rs\/#organization","name":"\u041a\u043e\u043e\u0440\u0434\u0438\u043d\u0430\u0446\u0438\u043e\u043d\u043e \u0442\u0435\u043b\u043e \u0412\u043b\u0430\u0434\u0435 \u0420\u0435\u043f\u0443\u0431\u043b\u0438\u043a\u0435 \u0421\u0440\u0431\u0438\u0458\u0435 \u0437\u0430 \u043e\u043f\u0448\u0442\u0438\u043d\u0435 \u041f\u0440\u0435\u0448\u0435\u0432\u043e, \u0411\u0443\u0458\u0430\u043d\u043e\u0432\u0430\u0446 \u0438 \u041c\u0435\u0434\u0432\u0435\u0452a","alternateName":"\u041a\u043e\u043e\u0440\u0434\u0438\u043d\u0430\u0446\u0438\u043e\u043d\u043e \u0442\u0435\u043b\u043e","url":"https:\/\/kt.gov.rs\/","logo":{"@type":"ImageObject","inLanguage":"sq-AL","@id":"https:\/\/kt.gov.rs\/#\/schema\/logo\/image\/","url":"https:\/\/kt.gov.rs\/wp-content\/uploads\/2024\/12\/koord2.jpg","contentUrl":"https:\/\/kt.gov.rs\/wp-content\/uploads\/2024\/12\/koord2.jpg","width":640,"height":480,"caption":"\u041a\u043e\u043e\u0440\u0434\u0438\u043d\u0430\u0446\u0438\u043e\u043d\u043e \u0442\u0435\u043b\u043e \u0412\u043b\u0430\u0434\u0435 \u0420\u0435\u043f\u0443\u0431\u043b\u0438\u043a\u0435 \u0421\u0440\u0431\u0438\u0458\u0435 \u0437\u0430 \u043e\u043f\u0448\u0442\u0438\u043d\u0435 \u041f\u0440\u0435\u0448\u0435\u0432\u043e, \u0411\u0443\u0458\u0430\u043d\u043e\u0432\u0430\u0446 \u0438 \u041c\u0435\u0434\u0432\u0435\u0452a"},"image":{"@id":"https:\/\/kt.gov.rs\/#\/schema\/logo\/image\/"},"sameAs":["https:\/\/www.facebook.com\/SluzbaKoordinacionogTelaVladeRepublikeSrbije","https:\/\/x.com\/kt_gov","https:\/\/www.youtube.com\/@koordinacionotelo"]},{"@type":"Person","@id":"https:\/\/kt.gov.rs\/#\/schema\/person\/e426459ddb4173309103390602694571","name":"ktmin","image":{"@type":"ImageObject","inLanguage":"sq-AL","@id":"https:\/\/secure.gravatar.com\/avatar\/3985c961109853010c3fbc7ba30365bfba5db3dd6c525831d9c595c7525a615a?s=96&d=mm&r=g","url":"https:\/\/secure.gravatar.com\/avatar\/3985c961109853010c3fbc7ba30365bfba5db3dd6c525831d9c595c7525a615a?s=96&d=mm&r=g","contentUrl":"https:\/\/secure.gravatar.com\/avatar\/3985c961109853010c3fbc7ba30365bfba5db3dd6c525831d9c595c7525a615a?s=96&d=mm&r=g","caption":"ktmin"},"sameAs":["https:\/\/kt.gov.rs"],"url":"https:\/\/kt.gov.rs\/sq\/author\/ktmin\/"}]}},"_links":{"self":[{"href":"https:\/\/kt.gov.rs\/sq\/wp-json\/wp\/v2\/posts\/142192","targetHints":{"allow":["GET"]}}],"collection":[{"href":"https:\/\/kt.gov.rs\/sq\/wp-json\/wp\/v2\/posts"}],"about":[{"href":"https:\/\/kt.gov.rs\/sq\/wp-json\/wp\/v2\/types\/post"}],"author":[{"embeddable":true,"href":"https:\/\/kt.gov.rs\/sq\/wp-json\/wp\/v2\/users\/1"}],"replies":[{"embeddable":true,"href":"https:\/\/kt.gov.rs\/sq\/wp-json\/wp\/v2\/comments?post=142192"}],"version-history":[{"count":0,"href":"https:\/\/kt.gov.rs\/sq\/wp-json\/wp\/v2\/posts\/142192\/revisions"}],"wp:attachment":[{"href":"https:\/\/kt.gov.rs\/sq\/wp-json\/wp\/v2\/media?parent=142192"}],"wp:term":[{"taxonomy":"category","embeddable":true,"href":"https:\/\/kt.gov.rs\/sq\/wp-json\/wp\/v2\/categories?post=142192"},{"taxonomy":"post_tag","embeddable":true,"href":"https:\/\/kt.gov.rs\/sq\/wp-json\/wp\/v2\/tags?post=142192"}],"curies":[{"name":"wp","href":"https:\/\/api.w.org\/{rel}","templated":true}]}}