{"id":142187,"date":"2011-08-03T00:00:00","date_gmt":"2011-08-03T00:00:00","guid":{"rendered":"http:\/\/kt.printandscreen.rs\/jane-asgjesuar-48-bomba-kasetore\/"},"modified":"2011-08-03T00:00:00","modified_gmt":"2011-08-03T00:00:00","slug":"jane-asgjesuar-48-bomba-kasetore","status":"publish","type":"post","link":"https:\/\/kt.gov.rs\/sq\/jane-asgjesuar-48-bomba-kasetore\/","title":{"rendered":"JAN\u00cb ASGJ\u00cbSUAR 48 BOMBA KASETORE"},"content":{"rendered":"<p><strong>Preshev\u00eb<\/strong> \u2013\u00a0 Me asgj\u00ebsimin e 48 bombave kasetore n\u00eb teritorin e Bushtranit\u00a0 n\u00eb Preshev\u00eb \u00ebsht\u00eb p\u00ebrfunduar \u00e7minimi i lokacionit t\u00eb par\u00eb n\u00eb k\u00ebt\u00eb komun\u00eb, ka deklaruar dje drejtori\u00a0 regjional i ndihm\u00ebs s\u00eb popullit Norvegjez p\u00ebr Evrop\u00ebn juglindore Emil Jeremiq.<\/p>\n<p>Bombat kasetore t\u00eb tipit BLU 97 me t\u00eb cilat n\u00eb vitin 1999\u00a0 NATO\u00a0 ka goditur pozicionet n\u00eb Jug t\u00eb S\u00ebrbis\u00eb jan\u00eb gjetur n\u00eb at\u00eb lokacion, hap\u00ebsira e t\u00eb cilit \u00ebsht\u00eb 20,5 hektar.<\/p>\n<p>Jeremiqi ka deklaruar se n\u00eb Bushtran, ku \u00e7minimi ka filluar me 29 prill t\u00eb k\u00ebtij viti jan\u00eb larguar shum\u00eb m\u00eb tep\u00ebr bomba t\u00eb paeksploduara se sa \u00ebsht\u00eb pritur, sikurse n\u00eb t\u00eb nj\u00ebjt\u00ebn hapsir\u00eb jan\u00eb gjetur dhe asgj\u00ebsuar edhe 12 mjete tjera t\u00eb paeksploduara t\u00eb lloj\u00ebve tjera.<\/p>\n<p>\u201eN\u00eb lokacionin e Bushtranit bombat kasetore jan\u00eb gjetur n\u00eb tokat bujq\u00ebsore t\u00eb cilat punohen, i t\u00ebr\u00eb tereni \u00ebsht\u00eb gjurmuar deri m\u00eb gjys\u00ebm metri thell\u00ebsi dhe tash plot\u00ebsisht \u00ebsht\u00eb i sigurt.Hapsira e rradh\u00ebs p\u00ebr \u00e7minim \u00ebsht\u00eb Shatkin vir, gjithashtu n\u00eb komun\u00eb t\u00eb Preshev\u00ebs, me hap\u00ebsir\u00eb 12 hektar, e cila gjindet n\u00eb teren t\u00eb pap\u00ebrshtatsh\u00ebm malor\u201c, deklaroi Jeremiq.<\/p>\n<p>Projekti largimi i bombave kasetore t\u00eb paeksploduara nga jugu i S\u00ebrbis\u00eb me 3,5 milion euro e financon Ministria e pun\u00ebve t\u00eb\u00a0 jashtme e Norvegjis\u00eb, nd\u00ebrsa e realizon Ndihma popullore e Norvegjis\u00eb n\u00eb bashk\u00ebpunim me Qendr\u00ebn p\u00ebr \u00e7minim t\u00eb Republik\u00ebs s\u00eb S\u00ebrbis\u00eb.<\/p>\n<p>Bombat kasetore do t\u00eb ishte dashur q\u00eb t\u00eb largonen nga lokacionet hap\u00ebsira e p\u00ebrgjithshme e t\u00eb cilave \u00ebsht\u00eb 4,3 kilometra katror\u00a0 n\u00eb komunat Preshev\u00eb, Bujanoc dhe Kurshumli<\/p>\n","protected":false},"excerpt":{"rendered":"<p>Preshev\u00eb \u2013\u00a0 Me asgj\u00ebsimin e 48 bombave kasetore n\u00eb teritorin e  Bushtranit\u00a0 n\u00eb Preshev\u00eb \u00ebsht\u00eb p\u00ebrfunduar \u00e7minimi i lokacionit t\u00eb par\u00eb n\u00eb  k\u00ebt\u00eb komun\u00eb, ka deklaruar dje drejtori\u00a0 regjional i ndihm\u00ebs s\u00eb popullit  Norvegjez p\u00ebr Evrop\u00ebn juglindore Emil Jeremiq.<\/p>\n","protected":false},"author":1,"featured_media":0,"comment_status":"closed","ping_status":"closed","sticky":false,"template":"","format":"standard","meta":{"footnotes":""},"categories":[55],"tags":[],"class_list":["post-142187","post","type-post","status-publish","format-standard","hentry","category-lajme"],"yoast_head":"<!-- This site is optimized with the Yoast SEO plugin v27.5 - https:\/\/yoast.com\/product\/yoast-seo-wordpress\/ -->\n<title>JAN\u00cb ASGJ\u00cbSUAR 48 BOMBA KASETORE - Republika e S\u00ebrbis\u00eb Trupi Koordinues p\u00ebr komunat Bujanoc, Preshev\u00eb dhe Medvegj\u00eb<\/title>\n<meta name=\"robots\" content=\"index, follow, max-snippet:-1, max-image-preview:large, max-video-preview:-1\" \/>\n<link rel=\"canonical\" href=\"https:\/\/kt.gov.rs\/sq\/jane-asgjesuar-48-bomba-kasetore\/\" \/>\n<meta property=\"og:locale\" content=\"sq_AL\" \/>\n<meta property=\"og:type\" content=\"article\" \/>\n<meta property=\"og:title\" content=\"JAN\u00cb ASGJ\u00cbSUAR 48 BOMBA KASETORE - Republika e S\u00ebrbis\u00eb Trupi Koordinues p\u00ebr komunat Bujanoc, Preshev\u00eb dhe Medvegj\u00eb\" \/>\n<meta property=\"og:description\" content=\"Preshev\u00eb -\u00a0 Me asgj\u00ebsimin e 48 bombave kasetore n\u00eb teritorin e Bushtranit\u00a0 n\u00eb Preshev\u00eb \u00ebsht\u00eb p\u00ebrfunduar \u00e7minimi i lokacionit t\u00eb par\u00eb n\u00eb k\u00ebt\u00eb komun\u00eb, ka deklaruar dje drejtori\u00a0 regjional i ndihm\u00ebs s\u00eb popullit Norvegjez p\u00ebr Evrop\u00ebn juglindore Emil Jeremiq.\" \/>\n<meta property=\"og:url\" content=\"https:\/\/kt.gov.rs\/sq\/jane-asgjesuar-48-bomba-kasetore\/\" \/>\n<meta property=\"og:site_name\" content=\"Republika e S\u00ebrbis\u00eb Trupi Koordinues p\u00ebr komunat Bujanoc, Preshev\u00eb dhe Medvegj\u00eb\" \/>\n<meta property=\"article:publisher\" content=\"https:\/\/www.facebook.com\/SluzbaKoordinacionogTelaVladeRepublikeSrbije\" \/>\n<meta property=\"article:published_time\" content=\"2011-08-03T00:00:00+00:00\" \/>\n<meta name=\"author\" content=\"ktmin\" \/>\n<meta name=\"twitter:card\" content=\"summary_large_image\" \/>\n<meta name=\"twitter:creator\" content=\"@kt_gov\" \/>\n<meta name=\"twitter:site\" content=\"@kt_gov\" \/>\n<meta name=\"twitter:label1\" content=\"Written by\" \/>\n\t<meta name=\"twitter:data1\" content=\"ktmin\" \/>\n\t<meta name=\"twitter:label2\" content=\"Est. reading time\" \/>\n\t<meta name=\"twitter:data2\" content=\"1 minute\" \/>\n<script type=\"application\/ld+json\" class=\"yoast-schema-graph\">{\"@context\":\"https:\\\/\\\/schema.org\",\"@graph\":[{\"@type\":\"Article\",\"@id\":\"https:\\\/\\\/kt.gov.rs\\\/sq\\\/jane-asgjesuar-48-bomba-kasetore\\\/#article\",\"isPartOf\":{\"@id\":\"https:\\\/\\\/kt.gov.rs\\\/sq\\\/jane-asgjesuar-48-bomba-kasetore\\\/\"},\"author\":{\"name\":\"ktmin\",\"@id\":\"https:\\\/\\\/kt.gov.rs\\\/#\\\/schema\\\/person\\\/e426459ddb4173309103390602694571\"},\"headline\":\"JAN\u00cb ASGJ\u00cbSUAR 48 BOMBA KASETORE\",\"datePublished\":\"2011-08-03T00:00:00+00:00\",\"mainEntityOfPage\":{\"@id\":\"https:\\\/\\\/kt.gov.rs\\\/sq\\\/jane-asgjesuar-48-bomba-kasetore\\\/\"},\"wordCount\":282,\"publisher\":{\"@id\":\"https:\\\/\\\/kt.gov.rs\\\/#organization\"},\"articleSection\":[\"Lajme\"],\"inLanguage\":\"sq-AL\"},{\"@type\":\"WebPage\",\"@id\":\"https:\\\/\\\/kt.gov.rs\\\/sq\\\/jane-asgjesuar-48-bomba-kasetore\\\/\",\"url\":\"https:\\\/\\\/kt.gov.rs\\\/sq\\\/jane-asgjesuar-48-bomba-kasetore\\\/\",\"name\":\"JAN\u00cb ASGJ\u00cbSUAR 48 BOMBA KASETORE - Republika e S\u00ebrbis\u00eb Trupi Koordinues p\u00ebr komunat Bujanoc, Preshev\u00eb dhe Medvegj\u00eb\",\"isPartOf\":{\"@id\":\"https:\\\/\\\/kt.gov.rs\\\/#website\"},\"datePublished\":\"2011-08-03T00:00:00+00:00\",\"breadcrumb\":{\"@id\":\"https:\\\/\\\/kt.gov.rs\\\/sq\\\/jane-asgjesuar-48-bomba-kasetore\\\/#breadcrumb\"},\"inLanguage\":\"sq-AL\",\"potentialAction\":[{\"@type\":\"ReadAction\",\"target\":[\"https:\\\/\\\/kt.gov.rs\\\/sq\\\/jane-asgjesuar-48-bomba-kasetore\\\/\"]}]},{\"@type\":\"BreadcrumbList\",\"@id\":\"https:\\\/\\\/kt.gov.rs\\\/sq\\\/jane-asgjesuar-48-bomba-kasetore\\\/#breadcrumb\",\"itemListElement\":[{\"@type\":\"ListItem\",\"position\":1,\"name\":\"\u041f\u043e\u0447\u0435\u0442\u043d\u0430\",\"item\":\"https:\\\/\\\/kt.gov.rs\\\/sq\\\/\"},{\"@type\":\"ListItem\",\"position\":2,\"name\":\"JAN\u00cb ASGJ\u00cbSUAR 48 BOMBA KASETORE\"}]},{\"@type\":\"WebSite\",\"@id\":\"https:\\\/\\\/kt.gov.rs\\\/#website\",\"url\":\"https:\\\/\\\/kt.gov.rs\\\/\",\"name\":\"\u041a\u043e\u043e\u0440\u0434\u0438\u043d\u0430\u0446\u0438\u043e\u043d\u043e \u0442\u0435\u043b\u043e \u0412\u043b\u0430\u0434\u0435 \u0420\u0435\u043f\u0443\u0431\u043b\u0438\u043a\u0435 \u0421\u0440\u0431\u0438\u0458\u0435 \u0437\u0430 \u043e\u043f\u0448\u0442\u0438\u043d\u0435 \u041f\u0440\u0435\u0448\u0435\u0432\u043e, \u0411\u0443\u0458\u0430\u043d\u043e\u0432\u0430\u0446 \u0438 \u041c\u0435\u0434\u0432\u0435\u0452a\",\"description\":\"\",\"publisher\":{\"@id\":\"https:\\\/\\\/kt.gov.rs\\\/#organization\"},\"alternateName\":\"\u041a\u043e\u043e\u0440\u0434\u0438\u043d\u0430\u0446\u0438\u043e\u043d\u043e \u0442\u0435\u043b\u043e\",\"potentialAction\":[{\"@type\":\"SearchAction\",\"target\":{\"@type\":\"EntryPoint\",\"urlTemplate\":\"https:\\\/\\\/kt.gov.rs\\\/?s={search_term_string}\"},\"query-input\":{\"@type\":\"PropertyValueSpecification\",\"valueRequired\":true,\"valueName\":\"search_term_string\"}}],\"inLanguage\":\"sq-AL\"},{\"@type\":\"Organization\",\"@id\":\"https:\\\/\\\/kt.gov.rs\\\/#organization\",\"name\":\"\u041a\u043e\u043e\u0440\u0434\u0438\u043d\u0430\u0446\u0438\u043e\u043d\u043e \u0442\u0435\u043b\u043e \u0412\u043b\u0430\u0434\u0435 \u0420\u0435\u043f\u0443\u0431\u043b\u0438\u043a\u0435 \u0421\u0440\u0431\u0438\u0458\u0435 \u0437\u0430 \u043e\u043f\u0448\u0442\u0438\u043d\u0435 \u041f\u0440\u0435\u0448\u0435\u0432\u043e, \u0411\u0443\u0458\u0430\u043d\u043e\u0432\u0430\u0446 \u0438 \u041c\u0435\u0434\u0432\u0435\u0452a\",\"alternateName\":\"\u041a\u043e\u043e\u0440\u0434\u0438\u043d\u0430\u0446\u0438\u043e\u043d\u043e \u0442\u0435\u043b\u043e\",\"url\":\"https:\\\/\\\/kt.gov.rs\\\/\",\"logo\":{\"@type\":\"ImageObject\",\"inLanguage\":\"sq-AL\",\"@id\":\"https:\\\/\\\/kt.gov.rs\\\/#\\\/schema\\\/logo\\\/image\\\/\",\"url\":\"https:\\\/\\\/kt.gov.rs\\\/wp-content\\\/uploads\\\/2024\\\/12\\\/koord2.jpg\",\"contentUrl\":\"https:\\\/\\\/kt.gov.rs\\\/wp-content\\\/uploads\\\/2024\\\/12\\\/koord2.jpg\",\"width\":640,\"height\":480,\"caption\":\"\u041a\u043e\u043e\u0440\u0434\u0438\u043d\u0430\u0446\u0438\u043e\u043d\u043e \u0442\u0435\u043b\u043e \u0412\u043b\u0430\u0434\u0435 \u0420\u0435\u043f\u0443\u0431\u043b\u0438\u043a\u0435 \u0421\u0440\u0431\u0438\u0458\u0435 \u0437\u0430 \u043e\u043f\u0448\u0442\u0438\u043d\u0435 \u041f\u0440\u0435\u0448\u0435\u0432\u043e, \u0411\u0443\u0458\u0430\u043d\u043e\u0432\u0430\u0446 \u0438 \u041c\u0435\u0434\u0432\u0435\u0452a\"},\"image\":{\"@id\":\"https:\\\/\\\/kt.gov.rs\\\/#\\\/schema\\\/logo\\\/image\\\/\"},\"sameAs\":[\"https:\\\/\\\/www.facebook.com\\\/SluzbaKoordinacionogTelaVladeRepublikeSrbije\",\"https:\\\/\\\/x.com\\\/kt_gov\",\"https:\\\/\\\/www.youtube.com\\\/@koordinacionotelo\"]},{\"@type\":\"Person\",\"@id\":\"https:\\\/\\\/kt.gov.rs\\\/#\\\/schema\\\/person\\\/e426459ddb4173309103390602694571\",\"name\":\"ktmin\",\"image\":{\"@type\":\"ImageObject\",\"inLanguage\":\"sq-AL\",\"@id\":\"https:\\\/\\\/secure.gravatar.com\\\/avatar\\\/3985c961109853010c3fbc7ba30365bfba5db3dd6c525831d9c595c7525a615a?s=96&d=mm&r=g\",\"url\":\"https:\\\/\\\/secure.gravatar.com\\\/avatar\\\/3985c961109853010c3fbc7ba30365bfba5db3dd6c525831d9c595c7525a615a?s=96&d=mm&r=g\",\"contentUrl\":\"https:\\\/\\\/secure.gravatar.com\\\/avatar\\\/3985c961109853010c3fbc7ba30365bfba5db3dd6c525831d9c595c7525a615a?s=96&d=mm&r=g\",\"caption\":\"ktmin\"},\"sameAs\":[\"https:\\\/\\\/kt.gov.rs\"],\"url\":\"https:\\\/\\\/kt.gov.rs\\\/sq\\\/author\\\/ktmin\\\/\"}]}<\/script>\n<!-- \/ Yoast SEO plugin. -->","yoast_head_json":{"title":"JAN\u00cb ASGJ\u00cbSUAR 48 BOMBA KASETORE - Republika e S\u00ebrbis\u00eb Trupi Koordinues p\u00ebr komunat Bujanoc, Preshev\u00eb dhe Medvegj\u00eb","robots":{"index":"index","follow":"follow","max-snippet":"max-snippet:-1","max-image-preview":"max-image-preview:large","max-video-preview":"max-video-preview:-1"},"canonical":"https:\/\/kt.gov.rs\/sq\/jane-asgjesuar-48-bomba-kasetore\/","og_locale":"sq_AL","og_type":"article","og_title":"JAN\u00cb ASGJ\u00cbSUAR 48 BOMBA KASETORE - Republika e S\u00ebrbis\u00eb Trupi Koordinues p\u00ebr komunat Bujanoc, Preshev\u00eb dhe Medvegj\u00eb","og_description":"Preshev\u00eb -\u00a0 Me asgj\u00ebsimin e 48 bombave kasetore n\u00eb teritorin e Bushtranit\u00a0 n\u00eb Preshev\u00eb \u00ebsht\u00eb p\u00ebrfunduar \u00e7minimi i lokacionit t\u00eb par\u00eb n\u00eb k\u00ebt\u00eb komun\u00eb, ka deklaruar dje drejtori\u00a0 regjional i ndihm\u00ebs s\u00eb popullit Norvegjez p\u00ebr Evrop\u00ebn juglindore Emil Jeremiq.","og_url":"https:\/\/kt.gov.rs\/sq\/jane-asgjesuar-48-bomba-kasetore\/","og_site_name":"Republika e S\u00ebrbis\u00eb Trupi Koordinues p\u00ebr komunat Bujanoc, Preshev\u00eb dhe Medvegj\u00eb","article_publisher":"https:\/\/www.facebook.com\/SluzbaKoordinacionogTelaVladeRepublikeSrbije","article_published_time":"2011-08-03T00:00:00+00:00","author":"ktmin","twitter_card":"summary_large_image","twitter_creator":"@kt_gov","twitter_site":"@kt_gov","twitter_misc":{"Written by":"ktmin","Est. reading time":"1 minute"},"schema":{"@context":"https:\/\/schema.org","@graph":[{"@type":"Article","@id":"https:\/\/kt.gov.rs\/sq\/jane-asgjesuar-48-bomba-kasetore\/#article","isPartOf":{"@id":"https:\/\/kt.gov.rs\/sq\/jane-asgjesuar-48-bomba-kasetore\/"},"author":{"name":"ktmin","@id":"https:\/\/kt.gov.rs\/#\/schema\/person\/e426459ddb4173309103390602694571"},"headline":"JAN\u00cb ASGJ\u00cbSUAR 48 BOMBA KASETORE","datePublished":"2011-08-03T00:00:00+00:00","mainEntityOfPage":{"@id":"https:\/\/kt.gov.rs\/sq\/jane-asgjesuar-48-bomba-kasetore\/"},"wordCount":282,"publisher":{"@id":"https:\/\/kt.gov.rs\/#organization"},"articleSection":["Lajme"],"inLanguage":"sq-AL"},{"@type":"WebPage","@id":"https:\/\/kt.gov.rs\/sq\/jane-asgjesuar-48-bomba-kasetore\/","url":"https:\/\/kt.gov.rs\/sq\/jane-asgjesuar-48-bomba-kasetore\/","name":"JAN\u00cb ASGJ\u00cbSUAR 48 BOMBA KASETORE - Republika e S\u00ebrbis\u00eb Trupi Koordinues p\u00ebr komunat Bujanoc, Preshev\u00eb dhe Medvegj\u00eb","isPartOf":{"@id":"https:\/\/kt.gov.rs\/#website"},"datePublished":"2011-08-03T00:00:00+00:00","breadcrumb":{"@id":"https:\/\/kt.gov.rs\/sq\/jane-asgjesuar-48-bomba-kasetore\/#breadcrumb"},"inLanguage":"sq-AL","potentialAction":[{"@type":"ReadAction","target":["https:\/\/kt.gov.rs\/sq\/jane-asgjesuar-48-bomba-kasetore\/"]}]},{"@type":"BreadcrumbList","@id":"https:\/\/kt.gov.rs\/sq\/jane-asgjesuar-48-bomba-kasetore\/#breadcrumb","itemListElement":[{"@type":"ListItem","position":1,"name":"\u041f\u043e\u0447\u0435\u0442\u043d\u0430","item":"https:\/\/kt.gov.rs\/sq\/"},{"@type":"ListItem","position":2,"name":"JAN\u00cb ASGJ\u00cbSUAR 48 BOMBA KASETORE"}]},{"@type":"WebSite","@id":"https:\/\/kt.gov.rs\/#website","url":"https:\/\/kt.gov.rs\/","name":"\u041a\u043e\u043e\u0440\u0434\u0438\u043d\u0430\u0446\u0438\u043e\u043d\u043e \u0442\u0435\u043b\u043e \u0412\u043b\u0430\u0434\u0435 \u0420\u0435\u043f\u0443\u0431\u043b\u0438\u043a\u0435 \u0421\u0440\u0431\u0438\u0458\u0435 \u0437\u0430 \u043e\u043f\u0448\u0442\u0438\u043d\u0435 \u041f\u0440\u0435\u0448\u0435\u0432\u043e, \u0411\u0443\u0458\u0430\u043d\u043e\u0432\u0430\u0446 \u0438 \u041c\u0435\u0434\u0432\u0435\u0452a","description":"","publisher":{"@id":"https:\/\/kt.gov.rs\/#organization"},"alternateName":"\u041a\u043e\u043e\u0440\u0434\u0438\u043d\u0430\u0446\u0438\u043e\u043d\u043e \u0442\u0435\u043b\u043e","potentialAction":[{"@type":"SearchAction","target":{"@type":"EntryPoint","urlTemplate":"https:\/\/kt.gov.rs\/?s={search_term_string}"},"query-input":{"@type":"PropertyValueSpecification","valueRequired":true,"valueName":"search_term_string"}}],"inLanguage":"sq-AL"},{"@type":"Organization","@id":"https:\/\/kt.gov.rs\/#organization","name":"\u041a\u043e\u043e\u0440\u0434\u0438\u043d\u0430\u0446\u0438\u043e\u043d\u043e \u0442\u0435\u043b\u043e \u0412\u043b\u0430\u0434\u0435 \u0420\u0435\u043f\u0443\u0431\u043b\u0438\u043a\u0435 \u0421\u0440\u0431\u0438\u0458\u0435 \u0437\u0430 \u043e\u043f\u0448\u0442\u0438\u043d\u0435 \u041f\u0440\u0435\u0448\u0435\u0432\u043e, \u0411\u0443\u0458\u0430\u043d\u043e\u0432\u0430\u0446 \u0438 \u041c\u0435\u0434\u0432\u0435\u0452a","alternateName":"\u041a\u043e\u043e\u0440\u0434\u0438\u043d\u0430\u0446\u0438\u043e\u043d\u043e \u0442\u0435\u043b\u043e","url":"https:\/\/kt.gov.rs\/","logo":{"@type":"ImageObject","inLanguage":"sq-AL","@id":"https:\/\/kt.gov.rs\/#\/schema\/logo\/image\/","url":"https:\/\/kt.gov.rs\/wp-content\/uploads\/2024\/12\/koord2.jpg","contentUrl":"https:\/\/kt.gov.rs\/wp-content\/uploads\/2024\/12\/koord2.jpg","width":640,"height":480,"caption":"\u041a\u043e\u043e\u0440\u0434\u0438\u043d\u0430\u0446\u0438\u043e\u043d\u043e \u0442\u0435\u043b\u043e \u0412\u043b\u0430\u0434\u0435 \u0420\u0435\u043f\u0443\u0431\u043b\u0438\u043a\u0435 \u0421\u0440\u0431\u0438\u0458\u0435 \u0437\u0430 \u043e\u043f\u0448\u0442\u0438\u043d\u0435 \u041f\u0440\u0435\u0448\u0435\u0432\u043e, \u0411\u0443\u0458\u0430\u043d\u043e\u0432\u0430\u0446 \u0438 \u041c\u0435\u0434\u0432\u0435\u0452a"},"image":{"@id":"https:\/\/kt.gov.rs\/#\/schema\/logo\/image\/"},"sameAs":["https:\/\/www.facebook.com\/SluzbaKoordinacionogTelaVladeRepublikeSrbije","https:\/\/x.com\/kt_gov","https:\/\/www.youtube.com\/@koordinacionotelo"]},{"@type":"Person","@id":"https:\/\/kt.gov.rs\/#\/schema\/person\/e426459ddb4173309103390602694571","name":"ktmin","image":{"@type":"ImageObject","inLanguage":"sq-AL","@id":"https:\/\/secure.gravatar.com\/avatar\/3985c961109853010c3fbc7ba30365bfba5db3dd6c525831d9c595c7525a615a?s=96&d=mm&r=g","url":"https:\/\/secure.gravatar.com\/avatar\/3985c961109853010c3fbc7ba30365bfba5db3dd6c525831d9c595c7525a615a?s=96&d=mm&r=g","contentUrl":"https:\/\/secure.gravatar.com\/avatar\/3985c961109853010c3fbc7ba30365bfba5db3dd6c525831d9c595c7525a615a?s=96&d=mm&r=g","caption":"ktmin"},"sameAs":["https:\/\/kt.gov.rs"],"url":"https:\/\/kt.gov.rs\/sq\/author\/ktmin\/"}]}},"_links":{"self":[{"href":"https:\/\/kt.gov.rs\/sq\/wp-json\/wp\/v2\/posts\/142187","targetHints":{"allow":["GET"]}}],"collection":[{"href":"https:\/\/kt.gov.rs\/sq\/wp-json\/wp\/v2\/posts"}],"about":[{"href":"https:\/\/kt.gov.rs\/sq\/wp-json\/wp\/v2\/types\/post"}],"author":[{"embeddable":true,"href":"https:\/\/kt.gov.rs\/sq\/wp-json\/wp\/v2\/users\/1"}],"replies":[{"embeddable":true,"href":"https:\/\/kt.gov.rs\/sq\/wp-json\/wp\/v2\/comments?post=142187"}],"version-history":[{"count":0,"href":"https:\/\/kt.gov.rs\/sq\/wp-json\/wp\/v2\/posts\/142187\/revisions"}],"wp:attachment":[{"href":"https:\/\/kt.gov.rs\/sq\/wp-json\/wp\/v2\/media?parent=142187"}],"wp:term":[{"taxonomy":"category","embeddable":true,"href":"https:\/\/kt.gov.rs\/sq\/wp-json\/wp\/v2\/categories?post=142187"},{"taxonomy":"post_tag","embeddable":true,"href":"https:\/\/kt.gov.rs\/sq\/wp-json\/wp\/v2\/tags?post=142187"}],"curies":[{"name":"wp","href":"https:\/\/api.w.org\/{rel}","templated":true}]}}