{"id":142173,"date":"2011-08-15T00:00:00","date_gmt":"2011-08-15T00:00:00","guid":{"rendered":"http:\/\/kt.printandscreen.rs\/fondi-per-zhvillim-nje-inkurajim-per-jugun-e-serbise\/"},"modified":"2011-08-15T00:00:00","modified_gmt":"2011-08-15T00:00:00","slug":"fondi-per-zhvillim-nje-inkurajim-per-jugun-e-serbise","status":"publish","type":"post","link":"https:\/\/kt.gov.rs\/sq\/fondi-per-zhvillim-nje-inkurajim-per-jugun-e-serbise\/","title":{"rendered":"FONDI P\u00cbR ZHVILLIM, NJ\u00cb INKURAJIM P\u00cbR JUGUN E S\u00cbRBIS\u00cb"},"content":{"rendered":"<p><strong>Nish<\/strong> \u2013 Zhvendosja e selis\u00eb s\u00eb Fondit p\u00ebr zhvillim nga Beogradi n\u00eb Nish n\u00eb shkurt t\u00eb k\u00ebtij viti, ka dh\u00ebn\u00eb tashm\u00eb rezultatet e para. Sllagjana Backoviq (Sladjana Backovi\u0107) , drejtore e Fondit, thot se pas dhjetra takimeve t\u00eb mbajtura me p\u00ebrfaq\u00ebsuesit e k\u00ebsaj organizate shtet\u00ebrore, me personat nga odat ekonomike dhe me shoqatat\u00a0 e biznesit nga i t\u00ebr\u00eb vendi, ve\u00e7anarisht nga jugu dhe jug-lindja e S\u00ebrbis\u00eb, ndryshohet klima dhe shihet nj\u00eb l\u00ebvizje e dukshme n\u00eb planin e biznesit.<\/p>\n<p>\u201eJemi shum\u00eb t\u00eb k\u00ebnaqur me at\u00eb se \u00e7ka \u00ebsht\u00eb b\u00ebr\u00eb deri m\u00eb tani, edhe pse ka kaluar vet\u00ebm gjys\u00ebm viti nga zhvendosja e selis\u00eb s\u00eb Fondit nga Beogradi n\u00eb Nish. M\u00eb s\u00eb shumti \u00ebsht\u00eb punuar n\u00eb zhvillimin e sip\u00ebrmarrjes n\u00ebp\u00ebrmjet krijimit t\u00eb nd\u00ebrrmarrjeve t\u00eb vogla dhe t\u00eb mesme n\u00eb zon\u00ebn e Nishit, Pozharevcit, Jagodin\u00ebs, Prokuplj\u00ebs, Leskocit dhe Bujanocit, dhe deri n\u00eb fund t\u00eb k\u00ebtij viti Fondi p\u00ebr zhvillim do t\u00eb inicoj\u00eb aksione dhe nisma t\u00eb k\u00ebtilla edhe n\u00eb teritoret\u00a0 e komunave tjera. Q\u00ebllimi yn\u00eb \u00ebsht\u00eb q\u00eb t\u00eb rritet numri i shfryt\u00ebzuesve t\u00eb vegj\u00ebl t\u00eb mjeteve t\u00eb fondit, dhe jo q\u00eb mjetet tu shkojn\u00eb n\u00eb pak shfrytezues t\u00eb m\u00ebdhenj\u201c tha drejtoresha e Fondit.<\/p>\n<p>Konkursi me oferta t\u00eb Fondit \u00ebsht\u00eb i hapur gjat\u00eb t\u00ebr\u00eb vitit. Deri n\u00eb dit\u00ebt e para t\u00eb gushtit, Fondi p\u00ebr zhvillim i ka ndar\u00eb ndihma personave juridik n\u00eb komunat e pazhvilluara t\u00eb S\u00ebrbis\u00eb, t\u00eb cilat ndihma kan\u00eb shkuar m\u00eb s\u00eb shumti n\u00eb jugun e vendit, pra 3 miliard\u00eb e 405 milion\u00eb dinar\u00eb. N\u00eb t\u00eb njejt\u00ebn peridh\u00eb jan\u00eb ndihmuar edhe ndermarr\u00ebsit n\u00eb komunat e pazhvilluara me kredi n\u00eb lart\u00ebsi prej 53 milion dinar\u00ebv\u00eb. Gjithsejt\u00a0 jan\u00eb shp\u00ebrndar\u00eb kredi afat-shkurte n\u00eb lart\u00ebsi prej 837 milion\u00ebve, nd\u00ebrsa t\u00eb investimeve prej 4,42 miliard dinar\u00eb. Sip\u00ebrmmar\u00ebsve nga komunat tjera iu jan\u00eb ndar\u00eb 78 milion t\u00eb mjeteve t\u00eb kredive, \u00e7ka gjithsejt arrin shum\u00ebn e 8,85 miliard dinar\u00ebve.<\/p>\n","protected":false},"excerpt":{"rendered":"<p>Nish \u2013 Zhvendosja e selis\u00eb s\u00eb Fondit p\u00ebr zhvillim nga Beogradi n\u00eb  Nish n\u00eb shkurt t\u00eb k\u00ebtij viti, ka dh\u00ebn\u00eb tashm\u00eb rezultatet e para.  Sllagjana Backoviq (Sladjana Backovi\u0107) , drejtore e Fondit, thot se pas  dhjetra takimeve t\u00eb mbajtura me p\u00ebrfaq\u00ebsuesit e k\u00ebsaj organizate  shtet\u00ebrore, me personat nga odat ekonomike dhe me shoqatat\u00a0 e biznesit  nga i t\u00ebr\u00eb vendi, ve\u00e7anarisht nga jugu dhe jug-lindja e S\u00ebrbis\u00eb,  ndryshohet klima dhe shihet nj\u00eb l\u00ebvizje e dukshme n\u00eb planin e biznesit.<\/p>\n","protected":false},"author":1,"featured_media":0,"comment_status":"closed","ping_status":"closed","sticky":false,"template":"","format":"standard","meta":{"footnotes":""},"categories":[55],"tags":[],"class_list":["post-142173","post","type-post","status-publish","format-standard","hentry","category-lajme"],"yoast_head":"<!-- This site is optimized with the Yoast SEO plugin v27.5 - https:\/\/yoast.com\/product\/yoast-seo-wordpress\/ -->\n<title>FONDI P\u00cbR ZHVILLIM, NJ\u00cb INKURAJIM P\u00cbR JUGUN E S\u00cbRBIS\u00cb - Republika e S\u00ebrbis\u00eb Trupi Koordinues p\u00ebr komunat Bujanoc, Preshev\u00eb dhe Medvegj\u00eb<\/title>\n<meta name=\"robots\" content=\"index, follow, max-snippet:-1, max-image-preview:large, max-video-preview:-1\" \/>\n<link rel=\"canonical\" href=\"https:\/\/kt.gov.rs\/sq\/fondi-per-zhvillim-nje-inkurajim-per-jugun-e-serbise\/\" \/>\n<meta property=\"og:locale\" content=\"sq_AL\" \/>\n<meta property=\"og:type\" content=\"article\" \/>\n<meta property=\"og:title\" content=\"FONDI P\u00cbR ZHVILLIM, NJ\u00cb INKURAJIM P\u00cbR JUGUN E S\u00cbRBIS\u00cb - Republika e S\u00ebrbis\u00eb Trupi Koordinues p\u00ebr komunat Bujanoc, Preshev\u00eb dhe Medvegj\u00eb\" \/>\n<meta property=\"og:description\" content=\"Nish \u2013 Zhvendosja e selis\u00eb s\u00eb Fondit p\u00ebr zhvillim nga Beogradi n\u00eb Nish n\u00eb shkurt t\u00eb k\u00ebtij viti, ka dh\u00ebn\u00eb tashm\u00eb rezultatet e para. Sllagjana Backoviq (Sladjana Backovi\u0107) , drejtore e Fondit, thot se pas dhjetra takimeve t\u00eb mbajtura me p\u00ebrfaq\u00ebsuesit e k\u00ebsaj organizate shtet\u00ebrore, me personat nga odat ekonomike dhe me shoqatat\u00a0 e biznesit nga i t\u00ebr\u00eb vendi, ve\u00e7anarisht nga jugu dhe jug-lindja e S\u00ebrbis\u00eb, ndryshohet klima dhe shihet nj\u00eb l\u00ebvizje e dukshme n\u00eb planin e biznesit.\" \/>\n<meta property=\"og:url\" content=\"https:\/\/kt.gov.rs\/sq\/fondi-per-zhvillim-nje-inkurajim-per-jugun-e-serbise\/\" \/>\n<meta property=\"og:site_name\" content=\"Republika e S\u00ebrbis\u00eb Trupi Koordinues p\u00ebr komunat Bujanoc, Preshev\u00eb dhe Medvegj\u00eb\" \/>\n<meta property=\"article:publisher\" content=\"https:\/\/www.facebook.com\/SluzbaKoordinacionogTelaVladeRepublikeSrbije\" \/>\n<meta property=\"article:published_time\" content=\"2011-08-15T00:00:00+00:00\" \/>\n<meta name=\"author\" content=\"ktmin\" \/>\n<meta name=\"twitter:card\" content=\"summary_large_image\" \/>\n<meta name=\"twitter:creator\" content=\"@kt_gov\" \/>\n<meta name=\"twitter:site\" content=\"@kt_gov\" \/>\n<meta name=\"twitter:label1\" content=\"Written by\" \/>\n\t<meta name=\"twitter:data1\" content=\"ktmin\" \/>\n\t<meta name=\"twitter:label2\" content=\"Est. reading time\" \/>\n\t<meta name=\"twitter:data2\" content=\"2 minutes\" \/>\n<script type=\"application\/ld+json\" class=\"yoast-schema-graph\">{\"@context\":\"https:\\\/\\\/schema.org\",\"@graph\":[{\"@type\":\"Article\",\"@id\":\"https:\\\/\\\/kt.gov.rs\\\/sq\\\/fondi-per-zhvillim-nje-inkurajim-per-jugun-e-serbise\\\/#article\",\"isPartOf\":{\"@id\":\"https:\\\/\\\/kt.gov.rs\\\/sq\\\/fondi-per-zhvillim-nje-inkurajim-per-jugun-e-serbise\\\/\"},\"author\":{\"name\":\"ktmin\",\"@id\":\"https:\\\/\\\/kt.gov.rs\\\/#\\\/schema\\\/person\\\/e426459ddb4173309103390602694571\"},\"headline\":\"FONDI P\u00cbR ZHVILLIM, NJ\u00cb INKURAJIM P\u00cbR JUGUN E S\u00cbRBIS\u00cb\",\"datePublished\":\"2011-08-15T00:00:00+00:00\",\"mainEntityOfPage\":{\"@id\":\"https:\\\/\\\/kt.gov.rs\\\/sq\\\/fondi-per-zhvillim-nje-inkurajim-per-jugun-e-serbise\\\/\"},\"wordCount\":354,\"publisher\":{\"@id\":\"https:\\\/\\\/kt.gov.rs\\\/#organization\"},\"articleSection\":[\"Lajme\"],\"inLanguage\":\"sq-AL\"},{\"@type\":\"WebPage\",\"@id\":\"https:\\\/\\\/kt.gov.rs\\\/sq\\\/fondi-per-zhvillim-nje-inkurajim-per-jugun-e-serbise\\\/\",\"url\":\"https:\\\/\\\/kt.gov.rs\\\/sq\\\/fondi-per-zhvillim-nje-inkurajim-per-jugun-e-serbise\\\/\",\"name\":\"FONDI P\u00cbR ZHVILLIM, NJ\u00cb INKURAJIM P\u00cbR JUGUN E S\u00cbRBIS\u00cb - Republika e S\u00ebrbis\u00eb Trupi Koordinues p\u00ebr komunat Bujanoc, Preshev\u00eb dhe Medvegj\u00eb\",\"isPartOf\":{\"@id\":\"https:\\\/\\\/kt.gov.rs\\\/#website\"},\"datePublished\":\"2011-08-15T00:00:00+00:00\",\"breadcrumb\":{\"@id\":\"https:\\\/\\\/kt.gov.rs\\\/sq\\\/fondi-per-zhvillim-nje-inkurajim-per-jugun-e-serbise\\\/#breadcrumb\"},\"inLanguage\":\"sq-AL\",\"potentialAction\":[{\"@type\":\"ReadAction\",\"target\":[\"https:\\\/\\\/kt.gov.rs\\\/sq\\\/fondi-per-zhvillim-nje-inkurajim-per-jugun-e-serbise\\\/\"]}]},{\"@type\":\"BreadcrumbList\",\"@id\":\"https:\\\/\\\/kt.gov.rs\\\/sq\\\/fondi-per-zhvillim-nje-inkurajim-per-jugun-e-serbise\\\/#breadcrumb\",\"itemListElement\":[{\"@type\":\"ListItem\",\"position\":1,\"name\":\"\u041f\u043e\u0447\u0435\u0442\u043d\u0430\",\"item\":\"https:\\\/\\\/kt.gov.rs\\\/sq\\\/\"},{\"@type\":\"ListItem\",\"position\":2,\"name\":\"FONDI P\u00cbR ZHVILLIM, NJ\u00cb INKURAJIM P\u00cbR JUGUN E S\u00cbRBIS\u00cb\"}]},{\"@type\":\"WebSite\",\"@id\":\"https:\\\/\\\/kt.gov.rs\\\/#website\",\"url\":\"https:\\\/\\\/kt.gov.rs\\\/\",\"name\":\"\u041a\u043e\u043e\u0440\u0434\u0438\u043d\u0430\u0446\u0438\u043e\u043d\u043e \u0442\u0435\u043b\u043e \u0412\u043b\u0430\u0434\u0435 \u0420\u0435\u043f\u0443\u0431\u043b\u0438\u043a\u0435 \u0421\u0440\u0431\u0438\u0458\u0435 \u0437\u0430 \u043e\u043f\u0448\u0442\u0438\u043d\u0435 \u041f\u0440\u0435\u0448\u0435\u0432\u043e, \u0411\u0443\u0458\u0430\u043d\u043e\u0432\u0430\u0446 \u0438 \u041c\u0435\u0434\u0432\u0435\u0452a\",\"description\":\"\",\"publisher\":{\"@id\":\"https:\\\/\\\/kt.gov.rs\\\/#organization\"},\"alternateName\":\"\u041a\u043e\u043e\u0440\u0434\u0438\u043d\u0430\u0446\u0438\u043e\u043d\u043e \u0442\u0435\u043b\u043e\",\"potentialAction\":[{\"@type\":\"SearchAction\",\"target\":{\"@type\":\"EntryPoint\",\"urlTemplate\":\"https:\\\/\\\/kt.gov.rs\\\/?s={search_term_string}\"},\"query-input\":{\"@type\":\"PropertyValueSpecification\",\"valueRequired\":true,\"valueName\":\"search_term_string\"}}],\"inLanguage\":\"sq-AL\"},{\"@type\":\"Organization\",\"@id\":\"https:\\\/\\\/kt.gov.rs\\\/#organization\",\"name\":\"\u041a\u043e\u043e\u0440\u0434\u0438\u043d\u0430\u0446\u0438\u043e\u043d\u043e \u0442\u0435\u043b\u043e \u0412\u043b\u0430\u0434\u0435 \u0420\u0435\u043f\u0443\u0431\u043b\u0438\u043a\u0435 \u0421\u0440\u0431\u0438\u0458\u0435 \u0437\u0430 \u043e\u043f\u0448\u0442\u0438\u043d\u0435 \u041f\u0440\u0435\u0448\u0435\u0432\u043e, \u0411\u0443\u0458\u0430\u043d\u043e\u0432\u0430\u0446 \u0438 \u041c\u0435\u0434\u0432\u0435\u0452a\",\"alternateName\":\"\u041a\u043e\u043e\u0440\u0434\u0438\u043d\u0430\u0446\u0438\u043e\u043d\u043e \u0442\u0435\u043b\u043e\",\"url\":\"https:\\\/\\\/kt.gov.rs\\\/\",\"logo\":{\"@type\":\"ImageObject\",\"inLanguage\":\"sq-AL\",\"@id\":\"https:\\\/\\\/kt.gov.rs\\\/#\\\/schema\\\/logo\\\/image\\\/\",\"url\":\"https:\\\/\\\/kt.gov.rs\\\/wp-content\\\/uploads\\\/2024\\\/12\\\/koord2.jpg\",\"contentUrl\":\"https:\\\/\\\/kt.gov.rs\\\/wp-content\\\/uploads\\\/2024\\\/12\\\/koord2.jpg\",\"width\":640,\"height\":480,\"caption\":\"\u041a\u043e\u043e\u0440\u0434\u0438\u043d\u0430\u0446\u0438\u043e\u043d\u043e \u0442\u0435\u043b\u043e \u0412\u043b\u0430\u0434\u0435 \u0420\u0435\u043f\u0443\u0431\u043b\u0438\u043a\u0435 \u0421\u0440\u0431\u0438\u0458\u0435 \u0437\u0430 \u043e\u043f\u0448\u0442\u0438\u043d\u0435 \u041f\u0440\u0435\u0448\u0435\u0432\u043e, \u0411\u0443\u0458\u0430\u043d\u043e\u0432\u0430\u0446 \u0438 \u041c\u0435\u0434\u0432\u0435\u0452a\"},\"image\":{\"@id\":\"https:\\\/\\\/kt.gov.rs\\\/#\\\/schema\\\/logo\\\/image\\\/\"},\"sameAs\":[\"https:\\\/\\\/www.facebook.com\\\/SluzbaKoordinacionogTelaVladeRepublikeSrbije\",\"https:\\\/\\\/x.com\\\/kt_gov\",\"https:\\\/\\\/www.youtube.com\\\/@koordinacionotelo\"]},{\"@type\":\"Person\",\"@id\":\"https:\\\/\\\/kt.gov.rs\\\/#\\\/schema\\\/person\\\/e426459ddb4173309103390602694571\",\"name\":\"ktmin\",\"image\":{\"@type\":\"ImageObject\",\"inLanguage\":\"sq-AL\",\"@id\":\"https:\\\/\\\/secure.gravatar.com\\\/avatar\\\/3985c961109853010c3fbc7ba30365bfba5db3dd6c525831d9c595c7525a615a?s=96&d=mm&r=g\",\"url\":\"https:\\\/\\\/secure.gravatar.com\\\/avatar\\\/3985c961109853010c3fbc7ba30365bfba5db3dd6c525831d9c595c7525a615a?s=96&d=mm&r=g\",\"contentUrl\":\"https:\\\/\\\/secure.gravatar.com\\\/avatar\\\/3985c961109853010c3fbc7ba30365bfba5db3dd6c525831d9c595c7525a615a?s=96&d=mm&r=g\",\"caption\":\"ktmin\"},\"sameAs\":[\"https:\\\/\\\/kt.gov.rs\"],\"url\":\"https:\\\/\\\/kt.gov.rs\\\/sq\\\/author\\\/ktmin\\\/\"}]}<\/script>\n<!-- \/ Yoast SEO plugin. -->","yoast_head_json":{"title":"FONDI P\u00cbR ZHVILLIM, NJ\u00cb INKURAJIM P\u00cbR JUGUN E S\u00cbRBIS\u00cb - Republika e S\u00ebrbis\u00eb Trupi Koordinues p\u00ebr komunat Bujanoc, Preshev\u00eb dhe Medvegj\u00eb","robots":{"index":"index","follow":"follow","max-snippet":"max-snippet:-1","max-image-preview":"max-image-preview:large","max-video-preview":"max-video-preview:-1"},"canonical":"https:\/\/kt.gov.rs\/sq\/fondi-per-zhvillim-nje-inkurajim-per-jugun-e-serbise\/","og_locale":"sq_AL","og_type":"article","og_title":"FONDI P\u00cbR ZHVILLIM, NJ\u00cb INKURAJIM P\u00cbR JUGUN E S\u00cbRBIS\u00cb - Republika e S\u00ebrbis\u00eb Trupi Koordinues p\u00ebr komunat Bujanoc, Preshev\u00eb dhe Medvegj\u00eb","og_description":"Nish \u2013 Zhvendosja e selis\u00eb s\u00eb Fondit p\u00ebr zhvillim nga Beogradi n\u00eb Nish n\u00eb shkurt t\u00eb k\u00ebtij viti, ka dh\u00ebn\u00eb tashm\u00eb rezultatet e para. Sllagjana Backoviq (Sladjana Backovi\u0107) , drejtore e Fondit, thot se pas dhjetra takimeve t\u00eb mbajtura me p\u00ebrfaq\u00ebsuesit e k\u00ebsaj organizate shtet\u00ebrore, me personat nga odat ekonomike dhe me shoqatat\u00a0 e biznesit nga i t\u00ebr\u00eb vendi, ve\u00e7anarisht nga jugu dhe jug-lindja e S\u00ebrbis\u00eb, ndryshohet klima dhe shihet nj\u00eb l\u00ebvizje e dukshme n\u00eb planin e biznesit.","og_url":"https:\/\/kt.gov.rs\/sq\/fondi-per-zhvillim-nje-inkurajim-per-jugun-e-serbise\/","og_site_name":"Republika e S\u00ebrbis\u00eb Trupi Koordinues p\u00ebr komunat Bujanoc, Preshev\u00eb dhe Medvegj\u00eb","article_publisher":"https:\/\/www.facebook.com\/SluzbaKoordinacionogTelaVladeRepublikeSrbije","article_published_time":"2011-08-15T00:00:00+00:00","author":"ktmin","twitter_card":"summary_large_image","twitter_creator":"@kt_gov","twitter_site":"@kt_gov","twitter_misc":{"Written by":"ktmin","Est. reading time":"2 minutes"},"schema":{"@context":"https:\/\/schema.org","@graph":[{"@type":"Article","@id":"https:\/\/kt.gov.rs\/sq\/fondi-per-zhvillim-nje-inkurajim-per-jugun-e-serbise\/#article","isPartOf":{"@id":"https:\/\/kt.gov.rs\/sq\/fondi-per-zhvillim-nje-inkurajim-per-jugun-e-serbise\/"},"author":{"name":"ktmin","@id":"https:\/\/kt.gov.rs\/#\/schema\/person\/e426459ddb4173309103390602694571"},"headline":"FONDI P\u00cbR ZHVILLIM, NJ\u00cb INKURAJIM P\u00cbR JUGUN E S\u00cbRBIS\u00cb","datePublished":"2011-08-15T00:00:00+00:00","mainEntityOfPage":{"@id":"https:\/\/kt.gov.rs\/sq\/fondi-per-zhvillim-nje-inkurajim-per-jugun-e-serbise\/"},"wordCount":354,"publisher":{"@id":"https:\/\/kt.gov.rs\/#organization"},"articleSection":["Lajme"],"inLanguage":"sq-AL"},{"@type":"WebPage","@id":"https:\/\/kt.gov.rs\/sq\/fondi-per-zhvillim-nje-inkurajim-per-jugun-e-serbise\/","url":"https:\/\/kt.gov.rs\/sq\/fondi-per-zhvillim-nje-inkurajim-per-jugun-e-serbise\/","name":"FONDI P\u00cbR ZHVILLIM, NJ\u00cb INKURAJIM P\u00cbR JUGUN E S\u00cbRBIS\u00cb - Republika e S\u00ebrbis\u00eb Trupi Koordinues p\u00ebr komunat Bujanoc, Preshev\u00eb dhe Medvegj\u00eb","isPartOf":{"@id":"https:\/\/kt.gov.rs\/#website"},"datePublished":"2011-08-15T00:00:00+00:00","breadcrumb":{"@id":"https:\/\/kt.gov.rs\/sq\/fondi-per-zhvillim-nje-inkurajim-per-jugun-e-serbise\/#breadcrumb"},"inLanguage":"sq-AL","potentialAction":[{"@type":"ReadAction","target":["https:\/\/kt.gov.rs\/sq\/fondi-per-zhvillim-nje-inkurajim-per-jugun-e-serbise\/"]}]},{"@type":"BreadcrumbList","@id":"https:\/\/kt.gov.rs\/sq\/fondi-per-zhvillim-nje-inkurajim-per-jugun-e-serbise\/#breadcrumb","itemListElement":[{"@type":"ListItem","position":1,"name":"\u041f\u043e\u0447\u0435\u0442\u043d\u0430","item":"https:\/\/kt.gov.rs\/sq\/"},{"@type":"ListItem","position":2,"name":"FONDI P\u00cbR ZHVILLIM, NJ\u00cb INKURAJIM P\u00cbR JUGUN E S\u00cbRBIS\u00cb"}]},{"@type":"WebSite","@id":"https:\/\/kt.gov.rs\/#website","url":"https:\/\/kt.gov.rs\/","name":"\u041a\u043e\u043e\u0440\u0434\u0438\u043d\u0430\u0446\u0438\u043e\u043d\u043e \u0442\u0435\u043b\u043e \u0412\u043b\u0430\u0434\u0435 \u0420\u0435\u043f\u0443\u0431\u043b\u0438\u043a\u0435 \u0421\u0440\u0431\u0438\u0458\u0435 \u0437\u0430 \u043e\u043f\u0448\u0442\u0438\u043d\u0435 \u041f\u0440\u0435\u0448\u0435\u0432\u043e, \u0411\u0443\u0458\u0430\u043d\u043e\u0432\u0430\u0446 \u0438 \u041c\u0435\u0434\u0432\u0435\u0452a","description":"","publisher":{"@id":"https:\/\/kt.gov.rs\/#organization"},"alternateName":"\u041a\u043e\u043e\u0440\u0434\u0438\u043d\u0430\u0446\u0438\u043e\u043d\u043e \u0442\u0435\u043b\u043e","potentialAction":[{"@type":"SearchAction","target":{"@type":"EntryPoint","urlTemplate":"https:\/\/kt.gov.rs\/?s={search_term_string}"},"query-input":{"@type":"PropertyValueSpecification","valueRequired":true,"valueName":"search_term_string"}}],"inLanguage":"sq-AL"},{"@type":"Organization","@id":"https:\/\/kt.gov.rs\/#organization","name":"\u041a\u043e\u043e\u0440\u0434\u0438\u043d\u0430\u0446\u0438\u043e\u043d\u043e \u0442\u0435\u043b\u043e \u0412\u043b\u0430\u0434\u0435 \u0420\u0435\u043f\u0443\u0431\u043b\u0438\u043a\u0435 \u0421\u0440\u0431\u0438\u0458\u0435 \u0437\u0430 \u043e\u043f\u0448\u0442\u0438\u043d\u0435 \u041f\u0440\u0435\u0448\u0435\u0432\u043e, \u0411\u0443\u0458\u0430\u043d\u043e\u0432\u0430\u0446 \u0438 \u041c\u0435\u0434\u0432\u0435\u0452a","alternateName":"\u041a\u043e\u043e\u0440\u0434\u0438\u043d\u0430\u0446\u0438\u043e\u043d\u043e \u0442\u0435\u043b\u043e","url":"https:\/\/kt.gov.rs\/","logo":{"@type":"ImageObject","inLanguage":"sq-AL","@id":"https:\/\/kt.gov.rs\/#\/schema\/logo\/image\/","url":"https:\/\/kt.gov.rs\/wp-content\/uploads\/2024\/12\/koord2.jpg","contentUrl":"https:\/\/kt.gov.rs\/wp-content\/uploads\/2024\/12\/koord2.jpg","width":640,"height":480,"caption":"\u041a\u043e\u043e\u0440\u0434\u0438\u043d\u0430\u0446\u0438\u043e\u043d\u043e \u0442\u0435\u043b\u043e \u0412\u043b\u0430\u0434\u0435 \u0420\u0435\u043f\u0443\u0431\u043b\u0438\u043a\u0435 \u0421\u0440\u0431\u0438\u0458\u0435 \u0437\u0430 \u043e\u043f\u0448\u0442\u0438\u043d\u0435 \u041f\u0440\u0435\u0448\u0435\u0432\u043e, \u0411\u0443\u0458\u0430\u043d\u043e\u0432\u0430\u0446 \u0438 \u041c\u0435\u0434\u0432\u0435\u0452a"},"image":{"@id":"https:\/\/kt.gov.rs\/#\/schema\/logo\/image\/"},"sameAs":["https:\/\/www.facebook.com\/SluzbaKoordinacionogTelaVladeRepublikeSrbije","https:\/\/x.com\/kt_gov","https:\/\/www.youtube.com\/@koordinacionotelo"]},{"@type":"Person","@id":"https:\/\/kt.gov.rs\/#\/schema\/person\/e426459ddb4173309103390602694571","name":"ktmin","image":{"@type":"ImageObject","inLanguage":"sq-AL","@id":"https:\/\/secure.gravatar.com\/avatar\/3985c961109853010c3fbc7ba30365bfba5db3dd6c525831d9c595c7525a615a?s=96&d=mm&r=g","url":"https:\/\/secure.gravatar.com\/avatar\/3985c961109853010c3fbc7ba30365bfba5db3dd6c525831d9c595c7525a615a?s=96&d=mm&r=g","contentUrl":"https:\/\/secure.gravatar.com\/avatar\/3985c961109853010c3fbc7ba30365bfba5db3dd6c525831d9c595c7525a615a?s=96&d=mm&r=g","caption":"ktmin"},"sameAs":["https:\/\/kt.gov.rs"],"url":"https:\/\/kt.gov.rs\/sq\/author\/ktmin\/"}]}},"_links":{"self":[{"href":"https:\/\/kt.gov.rs\/sq\/wp-json\/wp\/v2\/posts\/142173","targetHints":{"allow":["GET"]}}],"collection":[{"href":"https:\/\/kt.gov.rs\/sq\/wp-json\/wp\/v2\/posts"}],"about":[{"href":"https:\/\/kt.gov.rs\/sq\/wp-json\/wp\/v2\/types\/post"}],"author":[{"embeddable":true,"href":"https:\/\/kt.gov.rs\/sq\/wp-json\/wp\/v2\/users\/1"}],"replies":[{"embeddable":true,"href":"https:\/\/kt.gov.rs\/sq\/wp-json\/wp\/v2\/comments?post=142173"}],"version-history":[{"count":0,"href":"https:\/\/kt.gov.rs\/sq\/wp-json\/wp\/v2\/posts\/142173\/revisions"}],"wp:attachment":[{"href":"https:\/\/kt.gov.rs\/sq\/wp-json\/wp\/v2\/media?parent=142173"}],"wp:term":[{"taxonomy":"category","embeddable":true,"href":"https:\/\/kt.gov.rs\/sq\/wp-json\/wp\/v2\/categories?post=142173"},{"taxonomy":"post_tag","embeddable":true,"href":"https:\/\/kt.gov.rs\/sq\/wp-json\/wp\/v2\/tags?post=142173"}],"curies":[{"name":"wp","href":"https:\/\/api.w.org\/{rel}","templated":true}]}}