{"id":142169,"date":"2011-08-19T00:00:00","date_gmt":"2011-08-19T00:00:00","guid":{"rendered":"http:\/\/kt.printandscreen.rs\/ne-bujanoc-profesoret-serb-mesojne-gjuhen-shqipe\/"},"modified":"2011-08-19T00:00:00","modified_gmt":"2011-08-19T00:00:00","slug":"ne-bujanoc-profesoret-serb-mesojne-gjuhen-shqipe","status":"publish","type":"post","link":"https:\/\/kt.gov.rs\/sq\/ne-bujanoc-profesoret-serb-mesojne-gjuhen-shqipe\/","title":{"rendered":"N\u00cb BUJANOC, PROFESOR\u00cbT  SERB M\u00cbSOJN\u00cb GJUH\u00cbN SHQIPE"},"content":{"rendered":"<p>Problemi i profesor\u00ebve t\u00eb gjuh\u00ebs s\u00ebrbe egziston n\u00eb Jug t\u00eb S\u00ebrbis\u00eb, ku jan\u00eb t\u00eb nevojsh\u00ebm muaj q\u00eb t\u00eb plot\u00ebsohet nj\u00eb vend pune.<\/p>\n<p>Ministria e arsimit ka deklaruar se nuk ka qen\u00eb i njohur p\u00ebr ta egzistimi i problemit me kuadrot n\u00eb shkollat ku f\u00ebmij\u00ebt m\u00ebsojn\u00eb n\u00eb gjuh\u00ebn e pakicave dhe kan\u00eb shtuar se Qendra nacionale p\u00ebr pun\u00ebsim, e cila e ka evidenc\u00ebn e\u00a0 rreth numrit t\u00eb p\u00ebrgjithsh\u00ebm t\u00eb arsimtar\u00ebve t\u00eb\u00a0 pa pun\u00ebve dhe profesor\u00ebve t\u00eb gjuh\u00ebs s\u00ebrbe, mund\u00eb t\u00eb ofroj\u00eb p\u00ebrgjigje m\u00eb t\u00eb mir\u00eb n\u00eb k\u00ebt\u00ebt pytje. Kur \u00ebsht\u00eb fjala p\u00ebr arsimimin e lart\u00eb t\u00eb pregaditjes profesionale, n\u00eb evidenc\u00ebn e QNP-s\u00eb gjinden 63 arsimtar t\u00eb gjuh\u00ebs s\u00ebrbe, sikurse edhe 643 profesora t\u00eb gjuh\u00ebs s\u00ebrbe (arsimimit t\u00eb lart\u00eb t\u00eb pregaditjes profesionale)<\/p>\n<p>\u201c Ne tash kemi mjaft arsimtar, edhe pse ata jan\u00eb nga Vraja a jo nga Bujanoci. Nuk \u00ebsht\u00eb edhe aq problemi i munges\u00ebs s\u00eb kuadrove, p\u00ebr aq\u00a0 me ligjin e ri, ata duhet ta din\u00eb edhe gjuh\u00ebn s\u00ebrbe dhe gjuh\u00ebn e mjedisit ku ligj\u00ebrojn\u00eb. Tre arsimtar\u00ebt ton\u00eb i kan\u00eb dh\u00ebn\u00eb provimet dhe mendoj se nuk do t\u00eb ket\u00eb probleme\u201d thot\u00eb Ilmi Ibrahimi, drejtor i gjimnazit dhe shkollimit t\u00eb mes\u00ebm profesional. \u201cSezai Surroi\u201d n\u00eb Bujanoc.<\/p>\n","protected":false},"excerpt":{"rendered":"<p>Problemi i profesor\u00ebve t\u00eb gjuh\u00ebs s\u00ebrbe egziston n\u00eb Jug t\u00eb S\u00ebrbis\u00eb, ku jan\u00eb t\u00eb nevojsh\u00ebm muaj q\u00eb t\u00eb plot\u00ebsohet nj\u00eb vend pune.<\/p>\n","protected":false},"author":1,"featured_media":0,"comment_status":"closed","ping_status":"closed","sticky":false,"template":"","format":"standard","meta":{"footnotes":""},"categories":[55],"tags":[],"class_list":["post-142169","post","type-post","status-publish","format-standard","hentry","category-lajme"],"yoast_head":"<!-- This site is optimized with the Yoast SEO plugin v27.5 - https:\/\/yoast.com\/product\/yoast-seo-wordpress\/ -->\n<title>N\u00cb BUJANOC, PROFESOR\u00cbT SERB M\u00cbSOJN\u00cb GJUH\u00cbN SHQIPE - Republika e S\u00ebrbis\u00eb Trupi Koordinues p\u00ebr komunat Bujanoc, Preshev\u00eb dhe Medvegj\u00eb<\/title>\n<meta name=\"robots\" content=\"index, follow, max-snippet:-1, max-image-preview:large, max-video-preview:-1\" \/>\n<link rel=\"canonical\" href=\"https:\/\/kt.gov.rs\/sq\/ne-bujanoc-profesoret-serb-mesojne-gjuhen-shqipe\/\" \/>\n<meta property=\"og:locale\" content=\"sq_AL\" \/>\n<meta property=\"og:type\" content=\"article\" \/>\n<meta property=\"og:title\" content=\"N\u00cb BUJANOC, PROFESOR\u00cbT SERB M\u00cbSOJN\u00cb GJUH\u00cbN SHQIPE - Republika e S\u00ebrbis\u00eb Trupi Koordinues p\u00ebr komunat Bujanoc, Preshev\u00eb dhe Medvegj\u00eb\" \/>\n<meta property=\"og:description\" content=\"Problemi i profesor\u00ebve t\u00eb gjuh\u00ebs s\u00ebrbe egziston n\u00eb Jug t\u00eb S\u00ebrbis\u00eb, ku jan\u00eb t\u00eb nevojsh\u00ebm muaj q\u00eb t\u00eb plot\u00ebsohet nj\u00eb vend pune.\" \/>\n<meta property=\"og:url\" content=\"https:\/\/kt.gov.rs\/sq\/ne-bujanoc-profesoret-serb-mesojne-gjuhen-shqipe\/\" \/>\n<meta property=\"og:site_name\" content=\"Republika e S\u00ebrbis\u00eb Trupi Koordinues p\u00ebr komunat Bujanoc, Preshev\u00eb dhe Medvegj\u00eb\" \/>\n<meta property=\"article:publisher\" content=\"https:\/\/www.facebook.com\/SluzbaKoordinacionogTelaVladeRepublikeSrbije\" \/>\n<meta property=\"article:published_time\" content=\"2011-08-19T00:00:00+00:00\" \/>\n<meta name=\"author\" content=\"ktmin\" \/>\n<meta name=\"twitter:card\" content=\"summary_large_image\" \/>\n<meta name=\"twitter:creator\" content=\"@kt_gov\" \/>\n<meta name=\"twitter:site\" content=\"@kt_gov\" \/>\n<meta name=\"twitter:label1\" content=\"Written by\" \/>\n\t<meta name=\"twitter:data1\" content=\"ktmin\" \/>\n\t<meta name=\"twitter:label2\" content=\"Est. reading time\" \/>\n\t<meta name=\"twitter:data2\" content=\"1 minute\" \/>\n<script type=\"application\/ld+json\" class=\"yoast-schema-graph\">{\"@context\":\"https:\\\/\\\/schema.org\",\"@graph\":[{\"@type\":\"Article\",\"@id\":\"https:\\\/\\\/kt.gov.rs\\\/sq\\\/ne-bujanoc-profesoret-serb-mesojne-gjuhen-shqipe\\\/#article\",\"isPartOf\":{\"@id\":\"https:\\\/\\\/kt.gov.rs\\\/sq\\\/ne-bujanoc-profesoret-serb-mesojne-gjuhen-shqipe\\\/\"},\"author\":{\"name\":\"ktmin\",\"@id\":\"https:\\\/\\\/kt.gov.rs\\\/#\\\/schema\\\/person\\\/e426459ddb4173309103390602694571\"},\"headline\":\"N\u00cb BUJANOC, PROFESOR\u00cbT SERB M\u00cbSOJN\u00cb GJUH\u00cbN SHQIPE\",\"datePublished\":\"2011-08-19T00:00:00+00:00\",\"mainEntityOfPage\":{\"@id\":\"https:\\\/\\\/kt.gov.rs\\\/sq\\\/ne-bujanoc-profesoret-serb-mesojne-gjuhen-shqipe\\\/\"},\"wordCount\":247,\"publisher\":{\"@id\":\"https:\\\/\\\/kt.gov.rs\\\/#organization\"},\"articleSection\":[\"Lajme\"],\"inLanguage\":\"sq-AL\"},{\"@type\":\"WebPage\",\"@id\":\"https:\\\/\\\/kt.gov.rs\\\/sq\\\/ne-bujanoc-profesoret-serb-mesojne-gjuhen-shqipe\\\/\",\"url\":\"https:\\\/\\\/kt.gov.rs\\\/sq\\\/ne-bujanoc-profesoret-serb-mesojne-gjuhen-shqipe\\\/\",\"name\":\"N\u00cb BUJANOC, PROFESOR\u00cbT SERB M\u00cbSOJN\u00cb GJUH\u00cbN SHQIPE - Republika e S\u00ebrbis\u00eb Trupi Koordinues p\u00ebr komunat Bujanoc, Preshev\u00eb dhe Medvegj\u00eb\",\"isPartOf\":{\"@id\":\"https:\\\/\\\/kt.gov.rs\\\/#website\"},\"datePublished\":\"2011-08-19T00:00:00+00:00\",\"breadcrumb\":{\"@id\":\"https:\\\/\\\/kt.gov.rs\\\/sq\\\/ne-bujanoc-profesoret-serb-mesojne-gjuhen-shqipe\\\/#breadcrumb\"},\"inLanguage\":\"sq-AL\",\"potentialAction\":[{\"@type\":\"ReadAction\",\"target\":[\"https:\\\/\\\/kt.gov.rs\\\/sq\\\/ne-bujanoc-profesoret-serb-mesojne-gjuhen-shqipe\\\/\"]}]},{\"@type\":\"BreadcrumbList\",\"@id\":\"https:\\\/\\\/kt.gov.rs\\\/sq\\\/ne-bujanoc-profesoret-serb-mesojne-gjuhen-shqipe\\\/#breadcrumb\",\"itemListElement\":[{\"@type\":\"ListItem\",\"position\":1,\"name\":\"Po\u010detna\",\"item\":\"https:\\\/\\\/kt.gov.rs\\\/sq\\\/\"},{\"@type\":\"ListItem\",\"position\":2,\"name\":\"N\u00cb BUJANOC, PROFESOR\u00cbT SERB M\u00cbSOJN\u00cb GJUH\u00cbN SHQIPE\"}]},{\"@type\":\"WebSite\",\"@id\":\"https:\\\/\\\/kt.gov.rs\\\/#website\",\"url\":\"https:\\\/\\\/kt.gov.rs\\\/\",\"name\":\"Koordinaciono telo Vlade Republike Srbije za op\u0161tine Pre\u0161evo, Bujanovac i Medve\u0111a\",\"description\":\"\",\"publisher\":{\"@id\":\"https:\\\/\\\/kt.gov.rs\\\/#organization\"},\"alternateName\":\"Koordinaciono telo\",\"potentialAction\":[{\"@type\":\"SearchAction\",\"target\":{\"@type\":\"EntryPoint\",\"urlTemplate\":\"https:\\\/\\\/kt.gov.rs\\\/?s={search_term_string}\"},\"query-input\":{\"@type\":\"PropertyValueSpecification\",\"valueRequired\":true,\"valueName\":\"search_term_string\"}}],\"inLanguage\":\"sq-AL\"},{\"@type\":\"Organization\",\"@id\":\"https:\\\/\\\/kt.gov.rs\\\/#organization\",\"name\":\"Koordinaciono telo Vlade Republike Srbije za op\u0161tine Pre\u0161evo, Bujanovac i Medve\u0111a\",\"alternateName\":\"Koordinaciono telo\",\"url\":\"https:\\\/\\\/kt.gov.rs\\\/\",\"logo\":{\"@type\":\"ImageObject\",\"inLanguage\":\"sq-AL\",\"@id\":\"https:\\\/\\\/kt.gov.rs\\\/#\\\/schema\\\/logo\\\/image\\\/\",\"url\":\"https:\\\/\\\/kt.gov.rs\\\/wp-content\\\/uploads\\\/2024\\\/12\\\/koord2.jpg\",\"contentUrl\":\"https:\\\/\\\/kt.gov.rs\\\/wp-content\\\/uploads\\\/2024\\\/12\\\/koord2.jpg\",\"width\":640,\"height\":480,\"caption\":\"Koordinaciono telo Vlade Republike Srbije za op\u0161tine Pre\u0161evo, Bujanovac i Medve\u0111a\"},\"image\":{\"@id\":\"https:\\\/\\\/kt.gov.rs\\\/#\\\/schema\\\/logo\\\/image\\\/\"},\"sameAs\":[\"https:\\\/\\\/www.facebook.com\\\/SluzbaKoordinacionogTelaVladeRepublikeSrbije\",\"https:\\\/\\\/x.com\\\/kt_gov\",\"https:\\\/\\\/www.youtube.com\\\/@koordinacionotelo\"]},{\"@type\":\"Person\",\"@id\":\"https:\\\/\\\/kt.gov.rs\\\/#\\\/schema\\\/person\\\/e426459ddb4173309103390602694571\",\"name\":\"ktmin\",\"image\":{\"@type\":\"ImageObject\",\"inLanguage\":\"sq-AL\",\"@id\":\"https:\\\/\\\/secure.gravatar.com\\\/avatar\\\/3985c961109853010c3fbc7ba30365bfba5db3dd6c525831d9c595c7525a615a?s=96&d=mm&r=g\",\"url\":\"https:\\\/\\\/secure.gravatar.com\\\/avatar\\\/3985c961109853010c3fbc7ba30365bfba5db3dd6c525831d9c595c7525a615a?s=96&d=mm&r=g\",\"contentUrl\":\"https:\\\/\\\/secure.gravatar.com\\\/avatar\\\/3985c961109853010c3fbc7ba30365bfba5db3dd6c525831d9c595c7525a615a?s=96&d=mm&r=g\",\"caption\":\"ktmin\"},\"sameAs\":[\"https:\\\/\\\/kt.gov.rs\"],\"url\":\"https:\\\/\\\/kt.gov.rs\\\/sq\\\/author\\\/ktmin\\\/\"}]}<\/script>\n<!-- \/ Yoast SEO plugin. -->","yoast_head_json":{"title":"N\u00cb BUJANOC, PROFESOR\u00cbT SERB M\u00cbSOJN\u00cb GJUH\u00cbN SHQIPE - Republika e S\u00ebrbis\u00eb Trupi Koordinues p\u00ebr komunat Bujanoc, Preshev\u00eb dhe Medvegj\u00eb","robots":{"index":"index","follow":"follow","max-snippet":"max-snippet:-1","max-image-preview":"max-image-preview:large","max-video-preview":"max-video-preview:-1"},"canonical":"https:\/\/kt.gov.rs\/sq\/ne-bujanoc-profesoret-serb-mesojne-gjuhen-shqipe\/","og_locale":"sq_AL","og_type":"article","og_title":"N\u00cb BUJANOC, PROFESOR\u00cbT SERB M\u00cbSOJN\u00cb GJUH\u00cbN SHQIPE - Republika e S\u00ebrbis\u00eb Trupi Koordinues p\u00ebr komunat Bujanoc, Preshev\u00eb dhe Medvegj\u00eb","og_description":"Problemi i profesor\u00ebve t\u00eb gjuh\u00ebs s\u00ebrbe egziston n\u00eb Jug t\u00eb S\u00ebrbis\u00eb, ku jan\u00eb t\u00eb nevojsh\u00ebm muaj q\u00eb t\u00eb plot\u00ebsohet nj\u00eb vend pune.","og_url":"https:\/\/kt.gov.rs\/sq\/ne-bujanoc-profesoret-serb-mesojne-gjuhen-shqipe\/","og_site_name":"Republika e S\u00ebrbis\u00eb Trupi Koordinues p\u00ebr komunat Bujanoc, Preshev\u00eb dhe Medvegj\u00eb","article_publisher":"https:\/\/www.facebook.com\/SluzbaKoordinacionogTelaVladeRepublikeSrbije","article_published_time":"2011-08-19T00:00:00+00:00","author":"ktmin","twitter_card":"summary_large_image","twitter_creator":"@kt_gov","twitter_site":"@kt_gov","twitter_misc":{"Written by":"ktmin","Est. reading time":"1 minute"},"schema":{"@context":"https:\/\/schema.org","@graph":[{"@type":"Article","@id":"https:\/\/kt.gov.rs\/sq\/ne-bujanoc-profesoret-serb-mesojne-gjuhen-shqipe\/#article","isPartOf":{"@id":"https:\/\/kt.gov.rs\/sq\/ne-bujanoc-profesoret-serb-mesojne-gjuhen-shqipe\/"},"author":{"name":"ktmin","@id":"https:\/\/kt.gov.rs\/#\/schema\/person\/e426459ddb4173309103390602694571"},"headline":"N\u00cb BUJANOC, PROFESOR\u00cbT SERB M\u00cbSOJN\u00cb GJUH\u00cbN SHQIPE","datePublished":"2011-08-19T00:00:00+00:00","mainEntityOfPage":{"@id":"https:\/\/kt.gov.rs\/sq\/ne-bujanoc-profesoret-serb-mesojne-gjuhen-shqipe\/"},"wordCount":247,"publisher":{"@id":"https:\/\/kt.gov.rs\/#organization"},"articleSection":["Lajme"],"inLanguage":"sq-AL"},{"@type":"WebPage","@id":"https:\/\/kt.gov.rs\/sq\/ne-bujanoc-profesoret-serb-mesojne-gjuhen-shqipe\/","url":"https:\/\/kt.gov.rs\/sq\/ne-bujanoc-profesoret-serb-mesojne-gjuhen-shqipe\/","name":"N\u00cb BUJANOC, PROFESOR\u00cbT SERB M\u00cbSOJN\u00cb GJUH\u00cbN SHQIPE - Republika e S\u00ebrbis\u00eb Trupi Koordinues p\u00ebr komunat Bujanoc, Preshev\u00eb dhe Medvegj\u00eb","isPartOf":{"@id":"https:\/\/kt.gov.rs\/#website"},"datePublished":"2011-08-19T00:00:00+00:00","breadcrumb":{"@id":"https:\/\/kt.gov.rs\/sq\/ne-bujanoc-profesoret-serb-mesojne-gjuhen-shqipe\/#breadcrumb"},"inLanguage":"sq-AL","potentialAction":[{"@type":"ReadAction","target":["https:\/\/kt.gov.rs\/sq\/ne-bujanoc-profesoret-serb-mesojne-gjuhen-shqipe\/"]}]},{"@type":"BreadcrumbList","@id":"https:\/\/kt.gov.rs\/sq\/ne-bujanoc-profesoret-serb-mesojne-gjuhen-shqipe\/#breadcrumb","itemListElement":[{"@type":"ListItem","position":1,"name":"Po\u010detna","item":"https:\/\/kt.gov.rs\/sq\/"},{"@type":"ListItem","position":2,"name":"N\u00cb BUJANOC, PROFESOR\u00cbT SERB M\u00cbSOJN\u00cb GJUH\u00cbN SHQIPE"}]},{"@type":"WebSite","@id":"https:\/\/kt.gov.rs\/#website","url":"https:\/\/kt.gov.rs\/","name":"Koordinaciono telo Vlade Republike Srbije za op\u0161tine Pre\u0161evo, Bujanovac i Medve\u0111a","description":"","publisher":{"@id":"https:\/\/kt.gov.rs\/#organization"},"alternateName":"Koordinaciono telo","potentialAction":[{"@type":"SearchAction","target":{"@type":"EntryPoint","urlTemplate":"https:\/\/kt.gov.rs\/?s={search_term_string}"},"query-input":{"@type":"PropertyValueSpecification","valueRequired":true,"valueName":"search_term_string"}}],"inLanguage":"sq-AL"},{"@type":"Organization","@id":"https:\/\/kt.gov.rs\/#organization","name":"Koordinaciono telo Vlade Republike Srbije za op\u0161tine Pre\u0161evo, Bujanovac i Medve\u0111a","alternateName":"Koordinaciono telo","url":"https:\/\/kt.gov.rs\/","logo":{"@type":"ImageObject","inLanguage":"sq-AL","@id":"https:\/\/kt.gov.rs\/#\/schema\/logo\/image\/","url":"https:\/\/kt.gov.rs\/wp-content\/uploads\/2024\/12\/koord2.jpg","contentUrl":"https:\/\/kt.gov.rs\/wp-content\/uploads\/2024\/12\/koord2.jpg","width":640,"height":480,"caption":"Koordinaciono telo Vlade Republike Srbije za op\u0161tine Pre\u0161evo, Bujanovac i Medve\u0111a"},"image":{"@id":"https:\/\/kt.gov.rs\/#\/schema\/logo\/image\/"},"sameAs":["https:\/\/www.facebook.com\/SluzbaKoordinacionogTelaVladeRepublikeSrbije","https:\/\/x.com\/kt_gov","https:\/\/www.youtube.com\/@koordinacionotelo"]},{"@type":"Person","@id":"https:\/\/kt.gov.rs\/#\/schema\/person\/e426459ddb4173309103390602694571","name":"ktmin","image":{"@type":"ImageObject","inLanguage":"sq-AL","@id":"https:\/\/secure.gravatar.com\/avatar\/3985c961109853010c3fbc7ba30365bfba5db3dd6c525831d9c595c7525a615a?s=96&d=mm&r=g","url":"https:\/\/secure.gravatar.com\/avatar\/3985c961109853010c3fbc7ba30365bfba5db3dd6c525831d9c595c7525a615a?s=96&d=mm&r=g","contentUrl":"https:\/\/secure.gravatar.com\/avatar\/3985c961109853010c3fbc7ba30365bfba5db3dd6c525831d9c595c7525a615a?s=96&d=mm&r=g","caption":"ktmin"},"sameAs":["https:\/\/kt.gov.rs"],"url":"https:\/\/kt.gov.rs\/sq\/author\/ktmin\/"}]}},"_links":{"self":[{"href":"https:\/\/kt.gov.rs\/sq\/wp-json\/wp\/v2\/posts\/142169","targetHints":{"allow":["GET"]}}],"collection":[{"href":"https:\/\/kt.gov.rs\/sq\/wp-json\/wp\/v2\/posts"}],"about":[{"href":"https:\/\/kt.gov.rs\/sq\/wp-json\/wp\/v2\/types\/post"}],"author":[{"embeddable":true,"href":"https:\/\/kt.gov.rs\/sq\/wp-json\/wp\/v2\/users\/1"}],"replies":[{"embeddable":true,"href":"https:\/\/kt.gov.rs\/sq\/wp-json\/wp\/v2\/comments?post=142169"}],"version-history":[{"count":0,"href":"https:\/\/kt.gov.rs\/sq\/wp-json\/wp\/v2\/posts\/142169\/revisions"}],"wp:attachment":[{"href":"https:\/\/kt.gov.rs\/sq\/wp-json\/wp\/v2\/media?parent=142169"}],"wp:term":[{"taxonomy":"category","embeddable":true,"href":"https:\/\/kt.gov.rs\/sq\/wp-json\/wp\/v2\/categories?post=142169"},{"taxonomy":"post_tag","embeddable":true,"href":"https:\/\/kt.gov.rs\/sq\/wp-json\/wp\/v2\/tags?post=142169"}],"curies":[{"name":"wp","href":"https:\/\/api.w.org\/{rel}","templated":true}]}}