{"id":142168,"date":"2011-08-31T00:00:00","date_gmt":"2011-08-31T00:00:00","guid":{"rendered":"http:\/\/kt.printandscreen.rs\/konkurs-per-ndarjen-e-bursave-nxenesve-te-shkollave-te-mesme-ne-komunat-e-presheves-bujanocit-dhe-medvegjes-per-periudhen-shtatore-dhjetore-te-vitit-shkollore-2011-2012\/"},"modified":"2011-08-31T00:00:00","modified_gmt":"2011-08-31T00:00:00","slug":"konkurs-per-ndarjen-e-bursave-nxenesve-te-shkollave-te-mesme-ne-komunat-e-presheves-bujanocit-dhe-medvegjes-per-periudhen-shtatore-dhjetore-te-vitit-shkollore-2011-2012","status":"publish","type":"post","link":"https:\/\/kt.gov.rs\/sq\/konkurs-per-ndarjen-e-bursave-nxenesve-te-shkollave-te-mesme-ne-komunat-e-presheves-bujanocit-dhe-medvegjes-per-periudhen-shtatore-dhjetore-te-vitit-shkollore-2011-2012\/","title":{"rendered":"KONKURS p\u00ebr ndarjen e bursave nx\u00ebn\u00ebsve t\u00eb shkollave t\u00eb mesme n\u00eb komunat e Preshev\u00ebs, Bujanocit dhe Medvegj\u00ebs p\u00ebr periudh\u00ebn shtator\u00eb-dhjetor\u00eb t\u00eb vitit shkollor\u00eb 2011\/2012"},"content":{"rendered":"<p><!--[if gte mso 9]><xml>\n \n  Normal\n  0\n  \n  \n  false\n  false\n  false\n  \n   \n   \n   \n   \n   \n   \n  \n  MicrosoftInternetExplorer4\n \n<\/xml><![endif]--><!--[if gte mso 9]><![endif]--><!--[if gte mso 10]>\n\n\n<style>\n \/* Style Definitions *\/\n table.MsoNormalTable\n\t{mso-style-name:\"Table Normal\";\n\tmso-style-parent:\"\";\n\tfont-size:10.0pt;\"Times New Roman\";}\n<\/style>\n\n\n<![endif]--><\/p>\n<p>N\u00eb baz\u00eb t\u00eb vendimit t\u00eb Qeveris\u00eb 05 nr 401-1146\/2011 nga 24 shkurti 2011, Sh\u00ebrbimi i Trupit Koordinues t\u00eb Republik\u00ebs s\u00eb Serbis\u00eb p\u00ebr komunat e Preshev\u00ebs, Bujanocit dhe Medvegj\u00ebs (Teksti n\u00eb vijim Sh\u00ebrbimi i Trupit Koordinues), shpall\u00eb<\/p>\n<p align=\"center\"><strong>K\u00a0O\u00a0N\u00a0K\u00a0U\u00a0R\u00a0S<\/strong><\/p>\n<p align=\"center\"><strong>p\u00ebr ndarjen e bursave nx\u00ebn\u00ebsve t\u00eb shkollave t\u00eb mesme n\u00eb komunat e Preshev\u00ebs, Bujanocit dhe Medvegj\u00ebs p\u00ebr periudh\u00ebn shtator\u00eb-dhjetor\u00eb t\u00eb vitit shkollor\u00eb 2011\/2012<\/strong><\/p>\n<p><strong>I<\/strong><strong>NUMRI I SHFYT\u00cbZUESVE DHE KUSHTET E KONKURSIT<\/strong><\/p>\n<p>P\u00ebr nx\u00ebn\u00ebsit e shkollave t\u00eb mesme n\u00eb komunat e Preshev\u00ebs, Bujanocit dhe Medvegj\u00ebs, Sh\u00ebrbimi i Trupit Koordinues n\u00eb pajtueshm\u00ebri me Qeverin\u00eb e Republik\u00ebs s\u00eb Serbis\u00eb, p\u00ebr nx\u00ebn\u00ebsit e shkollave t\u00eb mesme ndan\u00eb burs\u00eb n\u00eb sum\u00eb mujore nga 6.000 dinar\u00eb n\u00eb periudh\u00ebn shkollore nga 1 shtatori deri m\u00eb 31 dhjetor\u00eb t\u00eb vitit 2011. N\u00ebse sigurohen mjete, egziston mund\u00ebsia e dh\u00ebnies s\u00eb bursave deri n\u00eb mbarimin e viti shkollor\u00eb 2011\/2012.<\/p>\n<p>Kushtet e p\u00ebrgjithshme jan\u00eb, q\u00eb nx\u00ebn\u00ebsit t\u00eb jen\u00eb qytetar\u00eb t\u00eb Republik\u00ebs s\u00eb Serbis\u00eb dhe t\u00eb jen\u00eb banor\u00eb t\u00eb komunave t\u00eb lart\u00ebp\u00ebrmendura dhe p\u00ebr her\u00eb t\u00eb par\u00eb (t\u00eb mos ken\u00eb t\u00eb p\u00ebrs\u00ebritur asnj\u00eb vit shkollor\u00eb), t\u00eb jen\u00eb t\u00eb regjistruar n\u00eb shkoll\u00ebn e mesme si n\u00eb vitin e par\u00eb, dyt\u00eb, tret\u00eb dhe t\u00eb kat\u00ebrt t\u00eb vitin shkollor\u00eb 2011\/2012 ose n\u00eb nj\u00ebr\u00ebn nga shkollat e mesme t\u00eb cilat punojn\u00eb n\u00eb baz\u00eb t\u00eb vendimit t\u00eb Ministris\u00eb s\u00eb arsimit t\u00eb Republik\u00ebs s\u00eb Serbis\u00eb.<\/p>\n<p>Kushti primar q\u00eb nx\u00ebn\u00ebsit t\u00eb konkurojn\u00eb p\u00ebr burs\u00eb \u00ebsht\u00eb q\u00eb n\u00eb vitin e m\u00ebparsh\u00ebm shkollor\u00eb t\u00eb ken\u00eb suksesin e mir\u00eb dhe q\u00eb gjat\u00eb shkollimit t\u00eb mos ken\u00eb p\u00ebrs\u00ebritur asnj\u00eb vit\u00eb shkollor\u00eb.<\/p>\n<p>Bursa mund\u00eb t\u2019i ndahet edhe nx\u00ebn\u00ebsve t\u00eb shkollave t\u00eb mesme t\u00eb cil\u00ebt gjat\u00eb shkollimit t\u00eb deritash\u00ebm kan\u00eb nd\u00ebrruar shkollat dhe jan\u00eb shkolluar n\u00ebp\u00ebr shkollat t\u00eb cilat nuk i p\u00ebrkasin komunave t\u00eb Preshev\u00ebs, Bujanocit dhe Medvegj\u00ebs nd\u00ebrsa tash vijojn\u00eb shkollimin n\u00eb k\u00ebto tri komuna e se gjat\u00eb koh\u00ebs s\u00eb aplikimit p\u00ebr k\u00ebt\u00eb burs\u00eb i p\u00ebrmbushin kushtet t\u00eb cilat parashihen me k\u00ebt\u00eb konkurs.<\/p>\n<p>Nx\u00ebn\u00ebsit t\u00eb cil\u00ebt kan\u00eb realizuar t\u00eb drejt\u00ebn n\u00eb nj\u00ebr\u00ebn nga bursat p\u00ebr nx\u00ebn\u00ebs nga buxheti i Republik\u00ebs s\u00eb S\u00ebrbis\u00eb nuk kan\u00eb t\u00eb drejt\u00eb p\u00ebr burs\u00eb t\u00eb Sh\u00ebrbimit t\u00eb Trupit Koordinues, por n\u00ebse nd\u00ebrkoph\u00eb fitopjn\u00eb t\u00eb drejt\u00ebn e burs\u00ebs, jan\u00eb t\u00eb detyruar q\u00eb t\u00eb p\u00ebrcaktohen p\u00ebr nj\u00ebr\u00ebn nga bursat e ndara.<\/p>\n<p><strong>II DOKUMENTAT E NEVOJSHME<\/strong><\/p>\n<p>\u2013\u00a0 Lutja e plot\u00ebsuar p\u00ebr ndarjen e burs\u00ebs n\u00eb formularin e k\u00ebtij konkursi,<\/p>\n<p>\u2013\u00a0 Qertifikat\u00ebn e n\u00ebnshtet\u00ebsis\u00eb s\u00eb Republik\u00ebs s\u00eb Serbis\u00eb (origjinali apo kopje e v\u00ebrtetuar)<\/p>\n<p>\u2013\u00a0 Qertifikat\u00eb nga libri am\u00eb i t\u00eb lindurve (origjinali apo kopje e v\u00ebrtetuar)<\/p>\n<p>\u2013\u00a0 Qertifikata e vdekjes nga libri i vdekjes, n\u00ebse nuk kan\u00eb nj\u00ebrin apo t\u00eb dy prind\u00ebrit respektivisht v\u00ebrtetimin e kujdestaris\u00eb n\u00ebse nx\u00ebn\u00ebsi jeton tek kujdestari (origjinali apo kopje e v\u00ebrtetuar)<\/p>\n<p>\u2013\u00a0 V\u00ebrtetimin e banimit n\u00eb komun\u00ebn e Preshev\u00ebs, Bujanocit apo Medvegj\u00ebs, t\u00eb cilat mund\u00eb t\u00eb merren n\u00eb organin e ministris\u00eb s\u00eb pun\u00ebve t\u00eb mbfrendshme (MUP) ose n\u00ebse nx\u00ebn\u00ebsi posedon let\u00ebrnjoftim, at\u00ebher nevojitet kopja e tij\u00eb,<\/p>\n<p>\u2013\u00a0 V\u00ebrtetimi i t\u00eb ardhurave mesatare mujore nga cdo an\u00ebtar\u00eb i familjes nga organet komunale, p\u00ebr periudh\u00ebn prej 1 janarit deri m\u00eb 30 qershor\u00eb 2011<\/p>\n<p>\u2013\u00a0 V\u00ebrtetimi mbi regjistrimin e nj\u00ebrin nga vitet shkollore 2011\/2012 n\u00eb komunat e Preshev\u00ebs, Bujanocit dhe Medvegj\u00ebs,<\/p>\n<p>\u2013\u00a0 Kopja e d\u00ebftes\u00ebs shkollore mbi p\u00ebrfundimin e vitit t\u00eb kaluar shkollor\u00eb,<\/p>\n<p>\u2013\u00a0 Kopja e d\u00ebftes\u00ebs apo libreza e nx\u00ebn\u00ebsit n\u00eb t\u00eb cil\u00ebn konstatohet s\u00eb nx\u00ebn\u00ebsi nuk ka humbur asnj\u00eb vit t\u00eb deritanish\u00ebm shkollor\u00eb.<\/p>\n<p><strong>III<\/strong><strong>AFATI I PARAQITJES DHE DOR\u00cbZIMIT T\u00cb DOKUMENTACIONIT<\/strong><\/p>\n<p>Afati\u00a0i paraqitjes p\u00ebr konkurs \u00ebsht\u00eb deri m\u00eb 16 shtatori 2011\u00a0<\/p>\n<p>Lutja p\u00ebr ndarjen e burs\u00ebs dhe dokumentat t\u00eb cilat jan\u00eb\u00a0cekur m\u00eb lart\u00eb dor\u00ebzohen n\u00eb Zyren e Trupit Koordinues n\u00eb Bujanoc (zyrja gjendet n\u00eb nd\u00ebrtes\u00ebn e komun\u00ebs), p\u00ebr nx\u00ebn\u00ebsit e shkollave t\u00eb mesme nga Presheva dor\u00ebzohen n\u00eb Zyren e Trupit Koordinues n\u00eb Preshev\u00eb (rruga Sava Kovaqeviq nr 12 n\u00eb Preshev\u00eb), nd\u00ebrsa p\u00ebr nx\u00ebn\u00ebsit e shkollave t\u00eb mesme nga komuna e Medvegj\u00ebs dor\u00ebzohen n\u00eb organet komunale n\u00eb Medvegj\u00eb. Organi i cili pranon lutjen, vulos me vul\u00ebn gjegj\u00ebse dhe me dat\u00ebn e dor\u00ebzimit t\u00eb dokumentacionit.<\/p>\n<p>Dokumentat t\u00eb cilat nuk jan\u00eb t\u00eb plota dhe nuk jan\u00eb dor\u00ebzuar n\u00eb afatin e p\u00ebrcaktuar, nuk do t\u00eb merren parasysh\u00eb p\u00ebr ndarjen e burs\u00ebs.<\/p>\n<p><strong>IV NDARJA E BURS\u00cbS<\/strong><\/p>\n<p>Komisioni i p\u00ebrcakuar nga drejtori i Sh\u00ebrbimit t\u00eb Trupit Koordinues do t\u00eb rangoj\u00eb list\u00ebn e kandidat\u00ebve p\u00ebr ndarjen e bursave Bursat do t\u00eb shp\u00ebrndahen n\u00eb m\u00ebnyr\u00eb proporcionale me numrin e nx\u00ebn\u00ebsve t\u00eb shkollave t\u00eb mesme n\u00eb nivel komunal.<\/p>\n<p>Kriteriumi p\u00ebr hartimin e ranglist\u00ebs, p\u00ebrpos t\u00eb kushteve t\u00eb lart\u00ebp\u00ebrmendura do t\u00eb jet\u00eb:<\/p>\n<p>\u2013\u00a0 Nx\u00ebn\u00ebsit pa prind\u00ebr 30 poena,<\/p>\n<p>\u2013\u00a0 Nx\u00ebn\u00ebsit nga familjet jo t\u00eb plota (pa nj\u00ebrin prind\u00ebr) 25 poena,<\/p>\n<p>\u2013\u00a0 Nx\u00ebn\u00ebsit q\u00eb jetojn\u00eb n\u00eb familjet t\u00eb cilat nuka aspak t\u00eb ardhura mujore 20 poena<\/p>\n<p>\u2013\u00a0 Nx\u00ebn\u00ebsit t\u00eb cil\u00ebt jetojn\u00eb n\u00eb familjet q\u00eb realizojn\u00eb t\u00eb ardhura mujore p\u00ebr antar\u00eb t\u00eb familjes\u00a0nga 1,00 \u2013 3.000,00 dinar\u00eb 15 poena<\/p>\n<p>\u2013\u00a0 Nx\u00ebn\u00ebsit t\u00eb cil\u00ebt jetojn\u00eb n\u00eb familjet q\u00eb realizojn\u00eb t\u00eb ardhura mujore p\u00ebr antar\u00eb t\u00eb familjes\u00a0nga 3.001,00 \u2013 5.000,00 dinar\u00eb 10 poena<\/p>\n<p>\u2013\u00a0 Nx\u00ebn\u00ebsit t\u00eb cil\u00ebt jetojn\u00eb n\u00eb familjet q\u00eb realizojn\u00eb t\u00eb ardhura mujore p\u00ebr antar\u00eb t\u00eb familjes\u00a0nga 5.001,00 \u2013 8.000,00 dinar\u00eb 5 poena<\/p>\n<p>\u2013\u00a0 Nx\u00ebn\u00ebsit t\u00eb cil\u00ebt jetojn\u00eb n\u00eb familjet q\u00eb realizojn\u00eb t\u00eb ardhura mujore p\u00ebr antar\u00eb t\u00eb familjes\u00a0nga 8.001,00 \u2013 12.000,00 dinar\u00eb 3 poena<\/p>\n<p>\u2013\u00a0 Nx\u00ebn\u00ebsit t\u00eb cil\u00ebt jetojn\u00eb n\u00eb familjet q\u00eb realizojn\u00eb t\u00eb ardhura mujore p\u00ebr antar\u00eb t\u00eb familjes\u00a0nga 12.001,00 \u2013 15. 000,00 dinar\u00eb 1 poen<\/p>\n<p>\u2013\u00a0 Poenat p\u00ebr suksesin e vitit t\u00eb kaluar shkollor\u00eb: 3 poena p\u00ebr suksesin e mir\u00eb, 4 poena p\u00ebr suksesin shum\u00eb mir\u00eb dhe 5 poena p\u00ebr suksesin e shk\u00eblqyesh\u00ebm<\/p>\n<p>Me realizimin e numrit t\u00eb poenave t\u00eb njejt , p\u00ebrpar\u00ebsi v\u00ebrtetohet sipas prioriteteve t\u00eb v\u00ebrtetuara n\u00eb k\u00ebt\u00eb konkurs.<\/p>\n<p>V\u00ebrejtjet apo ankesat eventuale rreth rang list\u00ebs s\u00eb kandidat\u00ebve dor\u00ebzohen n\u00eb Sh\u00ebrbimin e Trupit Koordinues menj\u00ebher\u00eb pas paraqitjes s\u00eb list\u00ebs s\u00eb kandidat\u00ebve n\u00eb nj\u00eb afat kohor\u00eb prej tet\u00eb dit\u00ebsh. Listat e kandidat\u00ebve do t\u00eb shpallen n\u00eb t\u00eb nj\u00ebjtin vend ku nx\u00ebn\u00ebsit apo prind\u00ebrit e tyre i kan\u00eb dor\u00ebzuar lutjet. Drejtori i Sh\u00ebrbimit t\u00eb Trupit Koordinues do t\u00eb marr\u00eb parasysh\u00eb ankesat e dor\u00ebzuara dhe do t\u00eb jap\u00eb vendimin p\u00ebrfundimtar\u00eb.<\/p>\n<p>Rang lista p\u00ebrfundimtare dhe lista e kandidat\u00ebve me ekzemplar\u00ebt t\u00eb kontrat\u00ebs, Sh\u00ebrbimi i Trupit Koordinues do t\u2019i dor\u00ebzoj\u00eb shkollave t\u00eb mesme n\u00eb nj\u00eb afat kohor\u00eb prej pes\u00eb dit\u00ebsh nga dita e p\u00ebrfundimit t\u00eb ankesave n\u00eb rang list\u00ebn e shpallur. Konkursi i p\u00ebrgjithsh\u00ebm do t\u00eb p\u00ebrfundoj\u00eb m\u00eb 30 shtator\u00eb t\u00eb vitit 2011, k\u00ebshtuq\u00eb t\u00eb ket\u00eb mund\u00ebsi q\u00eb bursa e muajit shtator\u00eb t\u00eb ndahet deri m\u00eb 15 tetor\u00eb dhe k\u00ebshtu me radh\u00eb p\u00ebr muajt e ardhsh\u00ebm.<\/p>\n<p><strong>V<\/strong><strong>SHUMA E BURSAVE DHE PAGESA<\/strong><\/p>\n<p>Bursa paguhet n\u00eb nj\u00eb shum\u00eb neto prej 6.000 dinar\u00eb p\u00ebr muajt shtator\u00eb, tetor\u00eb, n\u00ebntor\u00eb dhe dhjetor\u00eb, por n\u00ebse sigurohen mjete shtes\u00eb, at\u00ebher\u00eb n\u00eb kontinuitet deri n\u00eb fund t\u00eb vitit shkollor\u00eb 2011\/2012.<\/p>\n<p>Bursat paguhen n\u00eb xhirollogarin\u00eb bankare t\u00eb prind\u00ebrit apo kujdestarit t\u00eb nx\u00ebn\u00ebsit.<\/p>\n<p>Do\u00a0ishte e preferueshme q\u00eb kandidati ta shkruaj numrin e llogaris\u00eb bankare.<\/p>\n<p><strong>VI<\/strong><strong>FORMULAR\u00cbT E KONKURSIT<\/strong><\/p>\n<p>Formular\u00ebt p\u00ebr k\u00ebt\u00eb konkurs mund\u00eb t\u00eb merren n\u00eb vendin ku edhe dor\u00ebzohen lutjet, mir\u00ebpo mund\u00eb t\u00eb merren edhe n\u00eb \u00ebebfaqen e Trupit Koordinues n\u00eb adres\u00ebn: <a href=\"..\/..\/..\/\">\u00eb\u00eb\u00eb.kt.gov.rs<\/a>.<\/p>\n<p>Informatat shtes\u00eb mund\u00eb t\u00eb merren me d\u00ebrgimin e pyetjeve n\u00eb fax 011\/21-20-909 ose n\u00eb e-mail: <a href=\"mailto:office@kt.gov.rs\">office@kt.gov.rs<\/a> ose me dor\u00ebzimin e pyetjeve personalisht ku dor\u00ebzohen lutjet apo me post\u00eb t\u00eb shpejt\u00eb n\u00eb adres\u00ebn e Trupit Koordinues t\u00eb Serbis\u00eb, n\u00eb adres\u00ebn: \u00a0Bulevar Mihajla Pupina 2, 11000 Beograd.<\/p>\n<p><strong>Konkursi p\u00ebr bursat e nx\u00ebn\u00ebsve p\u00ebr vitin 2011\/2012<\/strong><br \/>\n<a href=\"http:\/\/www.kt.gov.rs\/images\/Konkurs za djacke stipendije 1 alb.doc\">Shkarko dokumentin\u0442<\/a> ( doc format )<\/p>\n<p><strong>V\u00ebrtetimi i shkoll\u00ebs \u2013 formulari<\/strong><br \/>\n<a href=\"http:\/\/www.kt.gov.rs\/images\/uverenje skola obrazac 2 alb.doc\">Shkarko dokumentin<\/a> ( doc format )<\/p>\n<p><strong>Deklarata \u2013 formulari<\/strong><br \/>\n<a href=\"http:\/\/www.kt.gov.rs\/images\/izjava_obrazac 3 alb.docx\">Shkarko dokumentin<\/a> ( doc format )<\/p>\n<p><strong>V\u00ebrtetimi nga komuna \u2013 formulari<\/strong><br \/>\n<a href=\"http:\/\/www.kt.gov.rs\/images\/uverenje opstina obrazac 4 alb.doc\">Shkarko dokumentin<\/a> ( doc format )<\/p>\n<p><strong>Formulari i aplikimit p\u00ebr burs\u00eb studentore<\/strong><br \/>\n<a href=\"http:\/\/www.kt.gov.rs\/images\/OBRAZAC molbe za ucenicku stipendiju 5 alb.doc\">Shkarko dokumentin<\/a> ( doc format )<\/p>\n","protected":false},"excerpt":{"rendered":"<p>N\u00eb baz\u00eb t\u00eb vendimit t\u00eb Qeveris\u00eb 05 nr 401-1146\/2011 nga 24 shkurti 2011, Sh\u00ebrbimi i Trupit Koordinues t\u00eb Republik\u00ebs s\u00eb Serbis\u00eb p\u00ebr komunat e Preshev\u00ebs, Bujanocit dhe Medvegj\u00ebs (Teksti n\u00eb vijim Sh\u00ebrbimi i Trupit Koordinues), shpall\u00eb<\/p>\n","protected":false},"author":1,"featured_media":0,"comment_status":"closed","ping_status":"closed","sticky":false,"template":"","format":"standard","meta":{"footnotes":""},"categories":[55],"tags":[],"class_list":["post-142168","post","type-post","status-publish","format-standard","hentry","category-lajme"],"yoast_head":"<!-- This site is optimized with the Yoast SEO plugin v27.5 - https:\/\/yoast.com\/product\/yoast-seo-wordpress\/ -->\n<title>KONKURS p\u00ebr ndarjen e bursave nx\u00ebn\u00ebsve t\u00eb shkollave t\u00eb mesme n\u00eb komunat e Preshev\u00ebs, Bujanocit dhe Medvegj\u00ebs p\u00ebr periudh\u00ebn shtator\u00eb-dhjetor\u00eb t\u00eb vitit shkollor\u00eb 2011\/2012 - Republika e S\u00ebrbis\u00eb Trupi Koordinues p\u00ebr komunat Bujanoc, Preshev\u00eb dhe Medvegj\u00eb<\/title>\n<meta name=\"robots\" content=\"index, follow, max-snippet:-1, max-image-preview:large, max-video-preview:-1\" \/>\n<link rel=\"canonical\" href=\"https:\/\/kt.gov.rs\/sq\/konkurs-per-ndarjen-e-bursave-nxenesve-te-shkollave-te-mesme-ne-komunat-e-presheves-bujanocit-dhe-medvegjes-per-periudhen-shtatore-dhjetore-te-vitit-shkollore-2011-2012\/\" \/>\n<meta property=\"og:locale\" content=\"sq_AL\" \/>\n<meta property=\"og:type\" content=\"article\" \/>\n<meta property=\"og:title\" content=\"KONKURS p\u00ebr ndarjen e bursave nx\u00ebn\u00ebsve t\u00eb shkollave t\u00eb mesme n\u00eb komunat e Preshev\u00ebs, Bujanocit dhe Medvegj\u00ebs p\u00ebr periudh\u00ebn shtator\u00eb-dhjetor\u00eb t\u00eb vitit shkollor\u00eb 2011\/2012 - Republika e S\u00ebrbis\u00eb Trupi Koordinues p\u00ebr komunat Bujanoc, Preshev\u00eb dhe Medvegj\u00eb\" \/>\n<meta property=\"og:description\" content=\"N\u00eb baz\u00eb t\u00eb vendimit t\u00eb Qeveris\u00eb 05 nr 401-1146\/2011 nga 24 shkurti 2011, Sh\u00ebrbimi i Trupit Koordinues t\u00eb Republik\u00ebs s\u00eb Serbis\u00eb p\u00ebr komunat e Preshev\u00ebs, Bujanocit dhe Medvegj\u00ebs (Teksti n\u00eb vijim Sh\u00ebrbimi i Trupit Koordinues), shpall\u00eb\" \/>\n<meta property=\"og:url\" content=\"https:\/\/kt.gov.rs\/sq\/konkurs-per-ndarjen-e-bursave-nxenesve-te-shkollave-te-mesme-ne-komunat-e-presheves-bujanocit-dhe-medvegjes-per-periudhen-shtatore-dhjetore-te-vitit-shkollore-2011-2012\/\" \/>\n<meta property=\"og:site_name\" content=\"Republika e S\u00ebrbis\u00eb Trupi Koordinues p\u00ebr komunat Bujanoc, Preshev\u00eb dhe Medvegj\u00eb\" \/>\n<meta property=\"article:publisher\" content=\"https:\/\/www.facebook.com\/SluzbaKoordinacionogTelaVladeRepublikeSrbije\" \/>\n<meta property=\"article:published_time\" content=\"2011-08-31T00:00:00+00:00\" \/>\n<meta name=\"author\" content=\"ktmin\" \/>\n<meta name=\"twitter:card\" content=\"summary_large_image\" \/>\n<meta name=\"twitter:creator\" content=\"@kt_gov\" \/>\n<meta name=\"twitter:site\" content=\"@kt_gov\" \/>\n<meta name=\"twitter:label1\" content=\"Written by\" \/>\n\t<meta name=\"twitter:data1\" content=\"ktmin\" \/>\n\t<meta name=\"twitter:label2\" content=\"Est. reading time\" \/>\n\t<meta name=\"twitter:data2\" content=\"8 minutes\" \/>\n<script type=\"application\/ld+json\" class=\"yoast-schema-graph\">{\"@context\":\"https:\\\/\\\/schema.org\",\"@graph\":[{\"@type\":\"Article\",\"@id\":\"https:\\\/\\\/kt.gov.rs\\\/sq\\\/konkurs-per-ndarjen-e-bursave-nxenesve-te-shkollave-te-mesme-ne-komunat-e-presheves-bujanocit-dhe-medvegjes-per-periudhen-shtatore-dhjetore-te-vitit-shkollore-2011-2012\\\/#article\",\"isPartOf\":{\"@id\":\"https:\\\/\\\/kt.gov.rs\\\/sq\\\/konkurs-per-ndarjen-e-bursave-nxenesve-te-shkollave-te-mesme-ne-komunat-e-presheves-bujanocit-dhe-medvegjes-per-periudhen-shtatore-dhjetore-te-vitit-shkollore-2011-2012\\\/\"},\"author\":{\"name\":\"ktmin\",\"@id\":\"https:\\\/\\\/kt.gov.rs\\\/#\\\/schema\\\/person\\\/e426459ddb4173309103390602694571\"},\"headline\":\"KONKURS p\u00ebr ndarjen e bursave nx\u00ebn\u00ebsve t\u00eb shkollave t\u00eb mesme n\u00eb komunat e Preshev\u00ebs, Bujanocit dhe Medvegj\u00ebs p\u00ebr periudh\u00ebn shtator\u00eb-dhjetor\u00eb t\u00eb vitit shkollor\u00eb 2011\\\/2012\",\"datePublished\":\"2011-08-31T00:00:00+00:00\",\"mainEntityOfPage\":{\"@id\":\"https:\\\/\\\/kt.gov.rs\\\/sq\\\/konkurs-per-ndarjen-e-bursave-nxenesve-te-shkollave-te-mesme-ne-komunat-e-presheves-bujanocit-dhe-medvegjes-per-periudhen-shtatore-dhjetore-te-vitit-shkollore-2011-2012\\\/\"},\"wordCount\":1552,\"publisher\":{\"@id\":\"https:\\\/\\\/kt.gov.rs\\\/#organization\"},\"articleSection\":[\"Lajme\"],\"inLanguage\":\"sq-AL\"},{\"@type\":\"WebPage\",\"@id\":\"https:\\\/\\\/kt.gov.rs\\\/sq\\\/konkurs-per-ndarjen-e-bursave-nxenesve-te-shkollave-te-mesme-ne-komunat-e-presheves-bujanocit-dhe-medvegjes-per-periudhen-shtatore-dhjetore-te-vitit-shkollore-2011-2012\\\/\",\"url\":\"https:\\\/\\\/kt.gov.rs\\\/sq\\\/konkurs-per-ndarjen-e-bursave-nxenesve-te-shkollave-te-mesme-ne-komunat-e-presheves-bujanocit-dhe-medvegjes-per-periudhen-shtatore-dhjetore-te-vitit-shkollore-2011-2012\\\/\",\"name\":\"KONKURS p\u00ebr ndarjen e bursave nx\u00ebn\u00ebsve t\u00eb shkollave t\u00eb mesme n\u00eb komunat e Preshev\u00ebs, Bujanocit dhe Medvegj\u00ebs p\u00ebr periudh\u00ebn shtator\u00eb-dhjetor\u00eb t\u00eb vitit shkollor\u00eb 2011\\\/2012 - Republika e S\u00ebrbis\u00eb Trupi Koordinues p\u00ebr komunat Bujanoc, Preshev\u00eb dhe Medvegj\u00eb\",\"isPartOf\":{\"@id\":\"https:\\\/\\\/kt.gov.rs\\\/#website\"},\"datePublished\":\"2011-08-31T00:00:00+00:00\",\"breadcrumb\":{\"@id\":\"https:\\\/\\\/kt.gov.rs\\\/sq\\\/konkurs-per-ndarjen-e-bursave-nxenesve-te-shkollave-te-mesme-ne-komunat-e-presheves-bujanocit-dhe-medvegjes-per-periudhen-shtatore-dhjetore-te-vitit-shkollore-2011-2012\\\/#breadcrumb\"},\"inLanguage\":\"sq-AL\",\"potentialAction\":[{\"@type\":\"ReadAction\",\"target\":[\"https:\\\/\\\/kt.gov.rs\\\/sq\\\/konkurs-per-ndarjen-e-bursave-nxenesve-te-shkollave-te-mesme-ne-komunat-e-presheves-bujanocit-dhe-medvegjes-per-periudhen-shtatore-dhjetore-te-vitit-shkollore-2011-2012\\\/\"]}]},{\"@type\":\"BreadcrumbList\",\"@id\":\"https:\\\/\\\/kt.gov.rs\\\/sq\\\/konkurs-per-ndarjen-e-bursave-nxenesve-te-shkollave-te-mesme-ne-komunat-e-presheves-bujanocit-dhe-medvegjes-per-periudhen-shtatore-dhjetore-te-vitit-shkollore-2011-2012\\\/#breadcrumb\",\"itemListElement\":[{\"@type\":\"ListItem\",\"position\":1,\"name\":\"\u041f\u043e\u0447\u0435\u0442\u043d\u0430\",\"item\":\"https:\\\/\\\/kt.gov.rs\\\/sq\\\/\"},{\"@type\":\"ListItem\",\"position\":2,\"name\":\"KONKURS p\u00ebr ndarjen e bursave nx\u00ebn\u00ebsve t\u00eb shkollave t\u00eb mesme n\u00eb komunat e Preshev\u00ebs, Bujanocit dhe Medvegj\u00ebs p\u00ebr periudh\u00ebn shtator\u00eb-dhjetor\u00eb t\u00eb vitit shkollor\u00eb 2011\\\/2012\"}]},{\"@type\":\"WebSite\",\"@id\":\"https:\\\/\\\/kt.gov.rs\\\/#website\",\"url\":\"https:\\\/\\\/kt.gov.rs\\\/\",\"name\":\"\u041a\u043e\u043e\u0440\u0434\u0438\u043d\u0430\u0446\u0438\u043e\u043d\u043e \u0442\u0435\u043b\u043e \u0412\u043b\u0430\u0434\u0435 \u0420\u0435\u043f\u0443\u0431\u043b\u0438\u043a\u0435 \u0421\u0440\u0431\u0438\u0458\u0435 \u0437\u0430 \u043e\u043f\u0448\u0442\u0438\u043d\u0435 \u041f\u0440\u0435\u0448\u0435\u0432\u043e, \u0411\u0443\u0458\u0430\u043d\u043e\u0432\u0430\u0446 \u0438 \u041c\u0435\u0434\u0432\u0435\u0452a\",\"description\":\"\",\"publisher\":{\"@id\":\"https:\\\/\\\/kt.gov.rs\\\/#organization\"},\"alternateName\":\"\u041a\u043e\u043e\u0440\u0434\u0438\u043d\u0430\u0446\u0438\u043e\u043d\u043e \u0442\u0435\u043b\u043e\",\"potentialAction\":[{\"@type\":\"SearchAction\",\"target\":{\"@type\":\"EntryPoint\",\"urlTemplate\":\"https:\\\/\\\/kt.gov.rs\\\/?s={search_term_string}\"},\"query-input\":{\"@type\":\"PropertyValueSpecification\",\"valueRequired\":true,\"valueName\":\"search_term_string\"}}],\"inLanguage\":\"sq-AL\"},{\"@type\":\"Organization\",\"@id\":\"https:\\\/\\\/kt.gov.rs\\\/#organization\",\"name\":\"\u041a\u043e\u043e\u0440\u0434\u0438\u043d\u0430\u0446\u0438\u043e\u043d\u043e \u0442\u0435\u043b\u043e \u0412\u043b\u0430\u0434\u0435 \u0420\u0435\u043f\u0443\u0431\u043b\u0438\u043a\u0435 \u0421\u0440\u0431\u0438\u0458\u0435 \u0437\u0430 \u043e\u043f\u0448\u0442\u0438\u043d\u0435 \u041f\u0440\u0435\u0448\u0435\u0432\u043e, \u0411\u0443\u0458\u0430\u043d\u043e\u0432\u0430\u0446 \u0438 \u041c\u0435\u0434\u0432\u0435\u0452a\",\"alternateName\":\"\u041a\u043e\u043e\u0440\u0434\u0438\u043d\u0430\u0446\u0438\u043e\u043d\u043e \u0442\u0435\u043b\u043e\",\"url\":\"https:\\\/\\\/kt.gov.rs\\\/\",\"logo\":{\"@type\":\"ImageObject\",\"inLanguage\":\"sq-AL\",\"@id\":\"https:\\\/\\\/kt.gov.rs\\\/#\\\/schema\\\/logo\\\/image\\\/\",\"url\":\"https:\\\/\\\/kt.gov.rs\\\/wp-content\\\/uploads\\\/2024\\\/12\\\/koord2.jpg\",\"contentUrl\":\"https:\\\/\\\/kt.gov.rs\\\/wp-content\\\/uploads\\\/2024\\\/12\\\/koord2.jpg\",\"width\":640,\"height\":480,\"caption\":\"\u041a\u043e\u043e\u0440\u0434\u0438\u043d\u0430\u0446\u0438\u043e\u043d\u043e \u0442\u0435\u043b\u043e \u0412\u043b\u0430\u0434\u0435 \u0420\u0435\u043f\u0443\u0431\u043b\u0438\u043a\u0435 \u0421\u0440\u0431\u0438\u0458\u0435 \u0437\u0430 \u043e\u043f\u0448\u0442\u0438\u043d\u0435 \u041f\u0440\u0435\u0448\u0435\u0432\u043e, \u0411\u0443\u0458\u0430\u043d\u043e\u0432\u0430\u0446 \u0438 \u041c\u0435\u0434\u0432\u0435\u0452a\"},\"image\":{\"@id\":\"https:\\\/\\\/kt.gov.rs\\\/#\\\/schema\\\/logo\\\/image\\\/\"},\"sameAs\":[\"https:\\\/\\\/www.facebook.com\\\/SluzbaKoordinacionogTelaVladeRepublikeSrbije\",\"https:\\\/\\\/x.com\\\/kt_gov\",\"https:\\\/\\\/www.youtube.com\\\/@koordinacionotelo\"]},{\"@type\":\"Person\",\"@id\":\"https:\\\/\\\/kt.gov.rs\\\/#\\\/schema\\\/person\\\/e426459ddb4173309103390602694571\",\"name\":\"ktmin\",\"image\":{\"@type\":\"ImageObject\",\"inLanguage\":\"sq-AL\",\"@id\":\"https:\\\/\\\/secure.gravatar.com\\\/avatar\\\/3985c961109853010c3fbc7ba30365bfba5db3dd6c525831d9c595c7525a615a?s=96&d=mm&r=g\",\"url\":\"https:\\\/\\\/secure.gravatar.com\\\/avatar\\\/3985c961109853010c3fbc7ba30365bfba5db3dd6c525831d9c595c7525a615a?s=96&d=mm&r=g\",\"contentUrl\":\"https:\\\/\\\/secure.gravatar.com\\\/avatar\\\/3985c961109853010c3fbc7ba30365bfba5db3dd6c525831d9c595c7525a615a?s=96&d=mm&r=g\",\"caption\":\"ktmin\"},\"sameAs\":[\"https:\\\/\\\/kt.gov.rs\"],\"url\":\"https:\\\/\\\/kt.gov.rs\\\/sq\\\/author\\\/ktmin\\\/\"}]}<\/script>\n<!-- \/ Yoast SEO plugin. -->","yoast_head_json":{"title":"KONKURS p\u00ebr ndarjen e bursave nx\u00ebn\u00ebsve t\u00eb shkollave t\u00eb mesme n\u00eb komunat e Preshev\u00ebs, Bujanocit dhe Medvegj\u00ebs p\u00ebr periudh\u00ebn shtator\u00eb-dhjetor\u00eb t\u00eb vitit shkollor\u00eb 2011\/2012 - Republika e S\u00ebrbis\u00eb Trupi Koordinues p\u00ebr komunat Bujanoc, Preshev\u00eb dhe Medvegj\u00eb","robots":{"index":"index","follow":"follow","max-snippet":"max-snippet:-1","max-image-preview":"max-image-preview:large","max-video-preview":"max-video-preview:-1"},"canonical":"https:\/\/kt.gov.rs\/sq\/konkurs-per-ndarjen-e-bursave-nxenesve-te-shkollave-te-mesme-ne-komunat-e-presheves-bujanocit-dhe-medvegjes-per-periudhen-shtatore-dhjetore-te-vitit-shkollore-2011-2012\/","og_locale":"sq_AL","og_type":"article","og_title":"KONKURS p\u00ebr ndarjen e bursave nx\u00ebn\u00ebsve t\u00eb shkollave t\u00eb mesme n\u00eb komunat e Preshev\u00ebs, Bujanocit dhe Medvegj\u00ebs p\u00ebr periudh\u00ebn shtator\u00eb-dhjetor\u00eb t\u00eb vitit shkollor\u00eb 2011\/2012 - Republika e S\u00ebrbis\u00eb Trupi Koordinues p\u00ebr komunat Bujanoc, Preshev\u00eb dhe Medvegj\u00eb","og_description":"N\u00eb baz\u00eb t\u00eb vendimit t\u00eb Qeveris\u00eb 05 nr 401-1146\/2011 nga 24 shkurti 2011, Sh\u00ebrbimi i Trupit Koordinues t\u00eb Republik\u00ebs s\u00eb Serbis\u00eb p\u00ebr komunat e Preshev\u00ebs, Bujanocit dhe Medvegj\u00ebs (Teksti n\u00eb vijim Sh\u00ebrbimi i Trupit Koordinues), shpall\u00eb","og_url":"https:\/\/kt.gov.rs\/sq\/konkurs-per-ndarjen-e-bursave-nxenesve-te-shkollave-te-mesme-ne-komunat-e-presheves-bujanocit-dhe-medvegjes-per-periudhen-shtatore-dhjetore-te-vitit-shkollore-2011-2012\/","og_site_name":"Republika e S\u00ebrbis\u00eb Trupi Koordinues p\u00ebr komunat Bujanoc, Preshev\u00eb dhe Medvegj\u00eb","article_publisher":"https:\/\/www.facebook.com\/SluzbaKoordinacionogTelaVladeRepublikeSrbije","article_published_time":"2011-08-31T00:00:00+00:00","author":"ktmin","twitter_card":"summary_large_image","twitter_creator":"@kt_gov","twitter_site":"@kt_gov","twitter_misc":{"Written by":"ktmin","Est. reading time":"8 minutes"},"schema":{"@context":"https:\/\/schema.org","@graph":[{"@type":"Article","@id":"https:\/\/kt.gov.rs\/sq\/konkurs-per-ndarjen-e-bursave-nxenesve-te-shkollave-te-mesme-ne-komunat-e-presheves-bujanocit-dhe-medvegjes-per-periudhen-shtatore-dhjetore-te-vitit-shkollore-2011-2012\/#article","isPartOf":{"@id":"https:\/\/kt.gov.rs\/sq\/konkurs-per-ndarjen-e-bursave-nxenesve-te-shkollave-te-mesme-ne-komunat-e-presheves-bujanocit-dhe-medvegjes-per-periudhen-shtatore-dhjetore-te-vitit-shkollore-2011-2012\/"},"author":{"name":"ktmin","@id":"https:\/\/kt.gov.rs\/#\/schema\/person\/e426459ddb4173309103390602694571"},"headline":"KONKURS p\u00ebr ndarjen e bursave nx\u00ebn\u00ebsve t\u00eb shkollave t\u00eb mesme n\u00eb komunat e Preshev\u00ebs, Bujanocit dhe Medvegj\u00ebs p\u00ebr periudh\u00ebn shtator\u00eb-dhjetor\u00eb t\u00eb vitit shkollor\u00eb 2011\/2012","datePublished":"2011-08-31T00:00:00+00:00","mainEntityOfPage":{"@id":"https:\/\/kt.gov.rs\/sq\/konkurs-per-ndarjen-e-bursave-nxenesve-te-shkollave-te-mesme-ne-komunat-e-presheves-bujanocit-dhe-medvegjes-per-periudhen-shtatore-dhjetore-te-vitit-shkollore-2011-2012\/"},"wordCount":1552,"publisher":{"@id":"https:\/\/kt.gov.rs\/#organization"},"articleSection":["Lajme"],"inLanguage":"sq-AL"},{"@type":"WebPage","@id":"https:\/\/kt.gov.rs\/sq\/konkurs-per-ndarjen-e-bursave-nxenesve-te-shkollave-te-mesme-ne-komunat-e-presheves-bujanocit-dhe-medvegjes-per-periudhen-shtatore-dhjetore-te-vitit-shkollore-2011-2012\/","url":"https:\/\/kt.gov.rs\/sq\/konkurs-per-ndarjen-e-bursave-nxenesve-te-shkollave-te-mesme-ne-komunat-e-presheves-bujanocit-dhe-medvegjes-per-periudhen-shtatore-dhjetore-te-vitit-shkollore-2011-2012\/","name":"KONKURS p\u00ebr ndarjen e bursave nx\u00ebn\u00ebsve t\u00eb shkollave t\u00eb mesme n\u00eb komunat e Preshev\u00ebs, Bujanocit dhe Medvegj\u00ebs p\u00ebr periudh\u00ebn shtator\u00eb-dhjetor\u00eb t\u00eb vitit shkollor\u00eb 2011\/2012 - Republika e S\u00ebrbis\u00eb Trupi Koordinues p\u00ebr komunat Bujanoc, Preshev\u00eb dhe Medvegj\u00eb","isPartOf":{"@id":"https:\/\/kt.gov.rs\/#website"},"datePublished":"2011-08-31T00:00:00+00:00","breadcrumb":{"@id":"https:\/\/kt.gov.rs\/sq\/konkurs-per-ndarjen-e-bursave-nxenesve-te-shkollave-te-mesme-ne-komunat-e-presheves-bujanocit-dhe-medvegjes-per-periudhen-shtatore-dhjetore-te-vitit-shkollore-2011-2012\/#breadcrumb"},"inLanguage":"sq-AL","potentialAction":[{"@type":"ReadAction","target":["https:\/\/kt.gov.rs\/sq\/konkurs-per-ndarjen-e-bursave-nxenesve-te-shkollave-te-mesme-ne-komunat-e-presheves-bujanocit-dhe-medvegjes-per-periudhen-shtatore-dhjetore-te-vitit-shkollore-2011-2012\/"]}]},{"@type":"BreadcrumbList","@id":"https:\/\/kt.gov.rs\/sq\/konkurs-per-ndarjen-e-bursave-nxenesve-te-shkollave-te-mesme-ne-komunat-e-presheves-bujanocit-dhe-medvegjes-per-periudhen-shtatore-dhjetore-te-vitit-shkollore-2011-2012\/#breadcrumb","itemListElement":[{"@type":"ListItem","position":1,"name":"\u041f\u043e\u0447\u0435\u0442\u043d\u0430","item":"https:\/\/kt.gov.rs\/sq\/"},{"@type":"ListItem","position":2,"name":"KONKURS p\u00ebr ndarjen e bursave nx\u00ebn\u00ebsve t\u00eb shkollave t\u00eb mesme n\u00eb komunat e Preshev\u00ebs, Bujanocit dhe Medvegj\u00ebs p\u00ebr periudh\u00ebn shtator\u00eb-dhjetor\u00eb t\u00eb vitit shkollor\u00eb 2011\/2012"}]},{"@type":"WebSite","@id":"https:\/\/kt.gov.rs\/#website","url":"https:\/\/kt.gov.rs\/","name":"\u041a\u043e\u043e\u0440\u0434\u0438\u043d\u0430\u0446\u0438\u043e\u043d\u043e \u0442\u0435\u043b\u043e \u0412\u043b\u0430\u0434\u0435 \u0420\u0435\u043f\u0443\u0431\u043b\u0438\u043a\u0435 \u0421\u0440\u0431\u0438\u0458\u0435 \u0437\u0430 \u043e\u043f\u0448\u0442\u0438\u043d\u0435 \u041f\u0440\u0435\u0448\u0435\u0432\u043e, \u0411\u0443\u0458\u0430\u043d\u043e\u0432\u0430\u0446 \u0438 \u041c\u0435\u0434\u0432\u0435\u0452a","description":"","publisher":{"@id":"https:\/\/kt.gov.rs\/#organization"},"alternateName":"\u041a\u043e\u043e\u0440\u0434\u0438\u043d\u0430\u0446\u0438\u043e\u043d\u043e \u0442\u0435\u043b\u043e","potentialAction":[{"@type":"SearchAction","target":{"@type":"EntryPoint","urlTemplate":"https:\/\/kt.gov.rs\/?s={search_term_string}"},"query-input":{"@type":"PropertyValueSpecification","valueRequired":true,"valueName":"search_term_string"}}],"inLanguage":"sq-AL"},{"@type":"Organization","@id":"https:\/\/kt.gov.rs\/#organization","name":"\u041a\u043e\u043e\u0440\u0434\u0438\u043d\u0430\u0446\u0438\u043e\u043d\u043e \u0442\u0435\u043b\u043e \u0412\u043b\u0430\u0434\u0435 \u0420\u0435\u043f\u0443\u0431\u043b\u0438\u043a\u0435 \u0421\u0440\u0431\u0438\u0458\u0435 \u0437\u0430 \u043e\u043f\u0448\u0442\u0438\u043d\u0435 \u041f\u0440\u0435\u0448\u0435\u0432\u043e, \u0411\u0443\u0458\u0430\u043d\u043e\u0432\u0430\u0446 \u0438 \u041c\u0435\u0434\u0432\u0435\u0452a","alternateName":"\u041a\u043e\u043e\u0440\u0434\u0438\u043d\u0430\u0446\u0438\u043e\u043d\u043e \u0442\u0435\u043b\u043e","url":"https:\/\/kt.gov.rs\/","logo":{"@type":"ImageObject","inLanguage":"sq-AL","@id":"https:\/\/kt.gov.rs\/#\/schema\/logo\/image\/","url":"https:\/\/kt.gov.rs\/wp-content\/uploads\/2024\/12\/koord2.jpg","contentUrl":"https:\/\/kt.gov.rs\/wp-content\/uploads\/2024\/12\/koord2.jpg","width":640,"height":480,"caption":"\u041a\u043e\u043e\u0440\u0434\u0438\u043d\u0430\u0446\u0438\u043e\u043d\u043e \u0442\u0435\u043b\u043e \u0412\u043b\u0430\u0434\u0435 \u0420\u0435\u043f\u0443\u0431\u043b\u0438\u043a\u0435 \u0421\u0440\u0431\u0438\u0458\u0435 \u0437\u0430 \u043e\u043f\u0448\u0442\u0438\u043d\u0435 \u041f\u0440\u0435\u0448\u0435\u0432\u043e, \u0411\u0443\u0458\u0430\u043d\u043e\u0432\u0430\u0446 \u0438 \u041c\u0435\u0434\u0432\u0435\u0452a"},"image":{"@id":"https:\/\/kt.gov.rs\/#\/schema\/logo\/image\/"},"sameAs":["https:\/\/www.facebook.com\/SluzbaKoordinacionogTelaVladeRepublikeSrbije","https:\/\/x.com\/kt_gov","https:\/\/www.youtube.com\/@koordinacionotelo"]},{"@type":"Person","@id":"https:\/\/kt.gov.rs\/#\/schema\/person\/e426459ddb4173309103390602694571","name":"ktmin","image":{"@type":"ImageObject","inLanguage":"sq-AL","@id":"https:\/\/secure.gravatar.com\/avatar\/3985c961109853010c3fbc7ba30365bfba5db3dd6c525831d9c595c7525a615a?s=96&d=mm&r=g","url":"https:\/\/secure.gravatar.com\/avatar\/3985c961109853010c3fbc7ba30365bfba5db3dd6c525831d9c595c7525a615a?s=96&d=mm&r=g","contentUrl":"https:\/\/secure.gravatar.com\/avatar\/3985c961109853010c3fbc7ba30365bfba5db3dd6c525831d9c595c7525a615a?s=96&d=mm&r=g","caption":"ktmin"},"sameAs":["https:\/\/kt.gov.rs"],"url":"https:\/\/kt.gov.rs\/sq\/author\/ktmin\/"}]}},"_links":{"self":[{"href":"https:\/\/kt.gov.rs\/sq\/wp-json\/wp\/v2\/posts\/142168","targetHints":{"allow":["GET"]}}],"collection":[{"href":"https:\/\/kt.gov.rs\/sq\/wp-json\/wp\/v2\/posts"}],"about":[{"href":"https:\/\/kt.gov.rs\/sq\/wp-json\/wp\/v2\/types\/post"}],"author":[{"embeddable":true,"href":"https:\/\/kt.gov.rs\/sq\/wp-json\/wp\/v2\/users\/1"}],"replies":[{"embeddable":true,"href":"https:\/\/kt.gov.rs\/sq\/wp-json\/wp\/v2\/comments?post=142168"}],"version-history":[{"count":0,"href":"https:\/\/kt.gov.rs\/sq\/wp-json\/wp\/v2\/posts\/142168\/revisions"}],"wp:attachment":[{"href":"https:\/\/kt.gov.rs\/sq\/wp-json\/wp\/v2\/media?parent=142168"}],"wp:term":[{"taxonomy":"category","embeddable":true,"href":"https:\/\/kt.gov.rs\/sq\/wp-json\/wp\/v2\/categories?post=142168"},{"taxonomy":"post_tag","embeddable":true,"href":"https:\/\/kt.gov.rs\/sq\/wp-json\/wp\/v2\/tags?post=142168"}],"curies":[{"name":"wp","href":"https:\/\/api.w.org\/{rel}","templated":true}]}}