{"id":142167,"date":"2011-09-01T00:00:00","date_gmt":"2011-09-01T00:00:00","guid":{"rendered":"http:\/\/kt.printandscreen.rs\/konkurs-per-ndarjen-e-bursave-nxenesve-te-shkolles-se-mesme-ne-teritorin-e-komunave-te-presheves-bujanocit-dhe-medvegjes-per-periudhen-shtatore-dhjetore-vitit-shkollore-2011-2012\/"},"modified":"2011-09-01T00:00:00","modified_gmt":"2011-09-01T00:00:00","slug":"konkurs-per-ndarjen-e-bursave-nxenesve-te-shkolles-se-mesme-ne-teritorin-e-komunave-te-presheves-bujanocit-dhe-medvegjes-per-periudhen-shtatore-dhjetore-vitit-shkollore-2011-2012","status":"publish","type":"post","link":"https:\/\/kt.gov.rs\/sq\/konkurs-per-ndarjen-e-bursave-nxenesve-te-shkolles-se-mesme-ne-teritorin-e-komunave-te-presheves-bujanocit-dhe-medvegjes-per-periudhen-shtatore-dhjetore-vitit-shkollore-2011-2012\/","title":{"rendered":"KONKURS p\u00ebr ndarjen e bursave nx\u00ebn\u00ebsve t\u00eb shkoll\u00ebs s\u00eb mesme n\u00eb teritorin e komunave t\u00eb Preshev\u00ebs, Bujanocit dhe Medvegj\u00ebs p\u00ebr periudh\u00ebn shtator\u00eb \u2013 dhjetor\u00eb vitit shkollor\u00eb 2011-2012"},"content":{"rendered":"<p>Trupi Koordinues i Qeveris\u00eb s\u00eb S\u00ebrbis\u00eb p\u00ebr komunat e Preshev\u00ebs, Bujanocit dhe Medvegj\u00ebs edhe k\u00ebt\u00eb vit do t\u00eb ndaj\u00eb bursa n\u00eb vler\u00eb prej 6.000,00 dinar\u00ebve n\u00eb muaj p\u00ebr 206 nx\u00ebn\u00ebs t\u00eb shkollave t\u00eb mesme n\u00eb jug t\u00eb S\u00ebrbis\u00eb. Ky \u00ebsht\u00eb viti i tret\u00eb q\u00eb Trupi Koordinues i ndan nx\u00ebn\u00ebsve bursa studentore n\u00eb Preshev\u00eb, Bujanoc dhe Medvegj\u00eb.<\/p>\n<p>Vitin e kaluar, bursa studentore kan\u00eb fituar 206 nx\u00ebn\u00ebs, nd\u00ebrsa n\u00eb vitin 2009, 147 nx\u00ebn\u00ebs. Trupi Koordinues\u00a0 p\u00ebr bursat studentore p\u00ebr vitin 2011 ka ndar\u00eb gjithsejt 12.408.000,00 dinar\u00eb.<\/p>\n","protected":false},"excerpt":{"rendered":"<p>Trupi Koordinues i Qeveris\u00eb s\u00eb S\u00ebrbis\u00eb p\u00ebr komunat e Preshev\u00ebs,  Bujanocit dhe Medvegj\u00ebs edhe k\u00ebt\u00eb vit do t\u00eb ndaj\u00eb bursa n\u00eb vler\u00eb prej  6.000,00 dinar\u00ebve n\u00eb muaj p\u00ebr 206 nx\u00ebn\u00ebs t\u00eb shkollave t\u00eb mesme n\u00eb jug t\u00eb  S\u00ebrbis\u00eb. Ky \u00ebsht\u00eb viti i tret\u00eb q\u00eb Trupi Koordinues i ndan nx\u00ebn\u00ebsve  bursa studentore n\u00eb Preshev\u00eb, Bujanoc dhe Medvegj\u00eb.<\/p>\n","protected":false},"author":1,"featured_media":0,"comment_status":"closed","ping_status":"closed","sticky":false,"template":"","format":"standard","meta":{"footnotes":""},"categories":[55],"tags":[],"class_list":["post-142167","post","type-post","status-publish","format-standard","hentry","category-lajme"],"yoast_head":"<!-- This site is optimized with the Yoast SEO plugin v27.5 - https:\/\/yoast.com\/product\/yoast-seo-wordpress\/ -->\n<title>KONKURS p\u00ebr ndarjen e bursave nx\u00ebn\u00ebsve t\u00eb shkoll\u00ebs s\u00eb mesme n\u00eb teritorin e komunave t\u00eb Preshev\u00ebs, Bujanocit dhe Medvegj\u00ebs p\u00ebr periudh\u00ebn shtator\u00eb \u2013 dhjetor\u00eb vitit shkollor\u00eb 2011-2012 - Republika e S\u00ebrbis\u00eb Trupi Koordinues p\u00ebr komunat Bujanoc, Preshev\u00eb dhe Medvegj\u00eb<\/title>\n<meta name=\"robots\" content=\"index, follow, max-snippet:-1, max-image-preview:large, max-video-preview:-1\" \/>\n<link rel=\"canonical\" href=\"https:\/\/kt.gov.rs\/sq\/konkurs-per-ndarjen-e-bursave-nxenesve-te-shkolles-se-mesme-ne-teritorin-e-komunave-te-presheves-bujanocit-dhe-medvegjes-per-periudhen-shtatore-dhjetore-vitit-shkollore-2011-2012\/\" \/>\n<meta property=\"og:locale\" content=\"sq_AL\" \/>\n<meta property=\"og:type\" content=\"article\" \/>\n<meta property=\"og:title\" content=\"KONKURS p\u00ebr ndarjen e bursave nx\u00ebn\u00ebsve t\u00eb shkoll\u00ebs s\u00eb mesme n\u00eb teritorin e komunave t\u00eb Preshev\u00ebs, Bujanocit dhe Medvegj\u00ebs p\u00ebr periudh\u00ebn shtator\u00eb \u2013 dhjetor\u00eb vitit shkollor\u00eb 2011-2012 - Republika e S\u00ebrbis\u00eb Trupi Koordinues p\u00ebr komunat Bujanoc, Preshev\u00eb dhe Medvegj\u00eb\" \/>\n<meta property=\"og:description\" content=\"Trupi Koordinues i Qeveris\u00eb s\u00eb S\u00ebrbis\u00eb p\u00ebr komunat e Preshev\u00ebs, Bujanocit dhe Medvegj\u00ebs edhe k\u00ebt\u00eb vit do t\u00eb ndaj\u00eb bursa n\u00eb vler\u00eb prej 6.000,00 dinar\u00ebve n\u00eb muaj p\u00ebr 206 nx\u00ebn\u00ebs t\u00eb shkollave t\u00eb mesme n\u00eb jug t\u00eb S\u00ebrbis\u00eb. Ky \u00ebsht\u00eb viti i tret\u00eb q\u00eb Trupi Koordinues i ndan nx\u00ebn\u00ebsve bursa studentore n\u00eb Preshev\u00eb, Bujanoc dhe Medvegj\u00eb.\" \/>\n<meta property=\"og:url\" content=\"https:\/\/kt.gov.rs\/sq\/konkurs-per-ndarjen-e-bursave-nxenesve-te-shkolles-se-mesme-ne-teritorin-e-komunave-te-presheves-bujanocit-dhe-medvegjes-per-periudhen-shtatore-dhjetore-vitit-shkollore-2011-2012\/\" \/>\n<meta property=\"og:site_name\" content=\"Republika e S\u00ebrbis\u00eb Trupi Koordinues p\u00ebr komunat Bujanoc, Preshev\u00eb dhe Medvegj\u00eb\" \/>\n<meta property=\"article:publisher\" content=\"https:\/\/www.facebook.com\/SluzbaKoordinacionogTelaVladeRepublikeSrbije\" \/>\n<meta property=\"article:published_time\" content=\"2011-09-01T00:00:00+00:00\" \/>\n<meta name=\"author\" content=\"ktmin\" \/>\n<meta name=\"twitter:card\" content=\"summary_large_image\" \/>\n<meta name=\"twitter:creator\" content=\"@kt_gov\" \/>\n<meta name=\"twitter:site\" content=\"@kt_gov\" \/>\n<meta name=\"twitter:label1\" content=\"Written by\" \/>\n\t<meta name=\"twitter:data1\" content=\"ktmin\" \/>\n<script type=\"application\/ld+json\" class=\"yoast-schema-graph\">{\"@context\":\"https:\\\/\\\/schema.org\",\"@graph\":[{\"@type\":\"Article\",\"@id\":\"https:\\\/\\\/kt.gov.rs\\\/sq\\\/konkurs-per-ndarjen-e-bursave-nxenesve-te-shkolles-se-mesme-ne-teritorin-e-komunave-te-presheves-bujanocit-dhe-medvegjes-per-periudhen-shtatore-dhjetore-vitit-shkollore-2011-2012\\\/#article\",\"isPartOf\":{\"@id\":\"https:\\\/\\\/kt.gov.rs\\\/sq\\\/konkurs-per-ndarjen-e-bursave-nxenesve-te-shkolles-se-mesme-ne-teritorin-e-komunave-te-presheves-bujanocit-dhe-medvegjes-per-periudhen-shtatore-dhjetore-vitit-shkollore-2011-2012\\\/\"},\"author\":{\"name\":\"ktmin\",\"@id\":\"https:\\\/\\\/kt.gov.rs\\\/#\\\/schema\\\/person\\\/e426459ddb4173309103390602694571\"},\"headline\":\"KONKURS p\u00ebr ndarjen e bursave nx\u00ebn\u00ebsve t\u00eb shkoll\u00ebs s\u00eb mesme n\u00eb teritorin e komunave t\u00eb Preshev\u00ebs, Bujanocit dhe Medvegj\u00ebs p\u00ebr periudh\u00ebn shtator\u00eb \u2013 dhjetor\u00eb vitit shkollor\u00eb 2011-2012\",\"datePublished\":\"2011-09-01T00:00:00+00:00\",\"mainEntityOfPage\":{\"@id\":\"https:\\\/\\\/kt.gov.rs\\\/sq\\\/konkurs-per-ndarjen-e-bursave-nxenesve-te-shkolles-se-mesme-ne-teritorin-e-komunave-te-presheves-bujanocit-dhe-medvegjes-per-periudhen-shtatore-dhjetore-vitit-shkollore-2011-2012\\\/\"},\"wordCount\":131,\"publisher\":{\"@id\":\"https:\\\/\\\/kt.gov.rs\\\/#organization\"},\"articleSection\":[\"Lajme\"],\"inLanguage\":\"sq-AL\"},{\"@type\":\"WebPage\",\"@id\":\"https:\\\/\\\/kt.gov.rs\\\/sq\\\/konkurs-per-ndarjen-e-bursave-nxenesve-te-shkolles-se-mesme-ne-teritorin-e-komunave-te-presheves-bujanocit-dhe-medvegjes-per-periudhen-shtatore-dhjetore-vitit-shkollore-2011-2012\\\/\",\"url\":\"https:\\\/\\\/kt.gov.rs\\\/sq\\\/konkurs-per-ndarjen-e-bursave-nxenesve-te-shkolles-se-mesme-ne-teritorin-e-komunave-te-presheves-bujanocit-dhe-medvegjes-per-periudhen-shtatore-dhjetore-vitit-shkollore-2011-2012\\\/\",\"name\":\"KONKURS p\u00ebr ndarjen e bursave nx\u00ebn\u00ebsve t\u00eb shkoll\u00ebs s\u00eb mesme n\u00eb teritorin e komunave t\u00eb Preshev\u00ebs, Bujanocit dhe Medvegj\u00ebs p\u00ebr periudh\u00ebn shtator\u00eb \u2013 dhjetor\u00eb vitit shkollor\u00eb 2011-2012 - Republika e S\u00ebrbis\u00eb Trupi Koordinues p\u00ebr komunat Bujanoc, Preshev\u00eb dhe Medvegj\u00eb\",\"isPartOf\":{\"@id\":\"https:\\\/\\\/kt.gov.rs\\\/#website\"},\"datePublished\":\"2011-09-01T00:00:00+00:00\",\"breadcrumb\":{\"@id\":\"https:\\\/\\\/kt.gov.rs\\\/sq\\\/konkurs-per-ndarjen-e-bursave-nxenesve-te-shkolles-se-mesme-ne-teritorin-e-komunave-te-presheves-bujanocit-dhe-medvegjes-per-periudhen-shtatore-dhjetore-vitit-shkollore-2011-2012\\\/#breadcrumb\"},\"inLanguage\":\"sq-AL\",\"potentialAction\":[{\"@type\":\"ReadAction\",\"target\":[\"https:\\\/\\\/kt.gov.rs\\\/sq\\\/konkurs-per-ndarjen-e-bursave-nxenesve-te-shkolles-se-mesme-ne-teritorin-e-komunave-te-presheves-bujanocit-dhe-medvegjes-per-periudhen-shtatore-dhjetore-vitit-shkollore-2011-2012\\\/\"]}]},{\"@type\":\"BreadcrumbList\",\"@id\":\"https:\\\/\\\/kt.gov.rs\\\/sq\\\/konkurs-per-ndarjen-e-bursave-nxenesve-te-shkolles-se-mesme-ne-teritorin-e-komunave-te-presheves-bujanocit-dhe-medvegjes-per-periudhen-shtatore-dhjetore-vitit-shkollore-2011-2012\\\/#breadcrumb\",\"itemListElement\":[{\"@type\":\"ListItem\",\"position\":1,\"name\":\"\u041f\u043e\u0447\u0435\u0442\u043d\u0430\",\"item\":\"https:\\\/\\\/kt.gov.rs\\\/sq\\\/\"},{\"@type\":\"ListItem\",\"position\":2,\"name\":\"KONKURS p\u00ebr ndarjen e bursave nx\u00ebn\u00ebsve t\u00eb shkoll\u00ebs s\u00eb mesme n\u00eb teritorin e komunave t\u00eb Preshev\u00ebs, Bujanocit dhe Medvegj\u00ebs p\u00ebr periudh\u00ebn shtator\u00eb \u2013 dhjetor\u00eb vitit shkollor\u00eb 2011-2012\"}]},{\"@type\":\"WebSite\",\"@id\":\"https:\\\/\\\/kt.gov.rs\\\/#website\",\"url\":\"https:\\\/\\\/kt.gov.rs\\\/\",\"name\":\"\u041a\u043e\u043e\u0440\u0434\u0438\u043d\u0430\u0446\u0438\u043e\u043d\u043e \u0442\u0435\u043b\u043e \u0412\u043b\u0430\u0434\u0435 \u0420\u0435\u043f\u0443\u0431\u043b\u0438\u043a\u0435 \u0421\u0440\u0431\u0438\u0458\u0435 \u0437\u0430 \u043e\u043f\u0448\u0442\u0438\u043d\u0435 \u041f\u0440\u0435\u0448\u0435\u0432\u043e, \u0411\u0443\u0458\u0430\u043d\u043e\u0432\u0430\u0446 \u0438 \u041c\u0435\u0434\u0432\u0435\u0452a\",\"description\":\"\",\"publisher\":{\"@id\":\"https:\\\/\\\/kt.gov.rs\\\/#organization\"},\"alternateName\":\"\u041a\u043e\u043e\u0440\u0434\u0438\u043d\u0430\u0446\u0438\u043e\u043d\u043e \u0442\u0435\u043b\u043e\",\"potentialAction\":[{\"@type\":\"SearchAction\",\"target\":{\"@type\":\"EntryPoint\",\"urlTemplate\":\"https:\\\/\\\/kt.gov.rs\\\/?s={search_term_string}\"},\"query-input\":{\"@type\":\"PropertyValueSpecification\",\"valueRequired\":true,\"valueName\":\"search_term_string\"}}],\"inLanguage\":\"sq-AL\"},{\"@type\":\"Organization\",\"@id\":\"https:\\\/\\\/kt.gov.rs\\\/#organization\",\"name\":\"\u041a\u043e\u043e\u0440\u0434\u0438\u043d\u0430\u0446\u0438\u043e\u043d\u043e \u0442\u0435\u043b\u043e \u0412\u043b\u0430\u0434\u0435 \u0420\u0435\u043f\u0443\u0431\u043b\u0438\u043a\u0435 \u0421\u0440\u0431\u0438\u0458\u0435 \u0437\u0430 \u043e\u043f\u0448\u0442\u0438\u043d\u0435 \u041f\u0440\u0435\u0448\u0435\u0432\u043e, \u0411\u0443\u0458\u0430\u043d\u043e\u0432\u0430\u0446 \u0438 \u041c\u0435\u0434\u0432\u0435\u0452a\",\"alternateName\":\"\u041a\u043e\u043e\u0440\u0434\u0438\u043d\u0430\u0446\u0438\u043e\u043d\u043e \u0442\u0435\u043b\u043e\",\"url\":\"https:\\\/\\\/kt.gov.rs\\\/\",\"logo\":{\"@type\":\"ImageObject\",\"inLanguage\":\"sq-AL\",\"@id\":\"https:\\\/\\\/kt.gov.rs\\\/#\\\/schema\\\/logo\\\/image\\\/\",\"url\":\"https:\\\/\\\/kt.gov.rs\\\/wp-content\\\/uploads\\\/2024\\\/12\\\/koord2.jpg\",\"contentUrl\":\"https:\\\/\\\/kt.gov.rs\\\/wp-content\\\/uploads\\\/2024\\\/12\\\/koord2.jpg\",\"width\":640,\"height\":480,\"caption\":\"\u041a\u043e\u043e\u0440\u0434\u0438\u043d\u0430\u0446\u0438\u043e\u043d\u043e \u0442\u0435\u043b\u043e \u0412\u043b\u0430\u0434\u0435 \u0420\u0435\u043f\u0443\u0431\u043b\u0438\u043a\u0435 \u0421\u0440\u0431\u0438\u0458\u0435 \u0437\u0430 \u043e\u043f\u0448\u0442\u0438\u043d\u0435 \u041f\u0440\u0435\u0448\u0435\u0432\u043e, \u0411\u0443\u0458\u0430\u043d\u043e\u0432\u0430\u0446 \u0438 \u041c\u0435\u0434\u0432\u0435\u0452a\"},\"image\":{\"@id\":\"https:\\\/\\\/kt.gov.rs\\\/#\\\/schema\\\/logo\\\/image\\\/\"},\"sameAs\":[\"https:\\\/\\\/www.facebook.com\\\/SluzbaKoordinacionogTelaVladeRepublikeSrbije\",\"https:\\\/\\\/x.com\\\/kt_gov\",\"https:\\\/\\\/www.youtube.com\\\/@koordinacionotelo\"]},{\"@type\":\"Person\",\"@id\":\"https:\\\/\\\/kt.gov.rs\\\/#\\\/schema\\\/person\\\/e426459ddb4173309103390602694571\",\"name\":\"ktmin\",\"image\":{\"@type\":\"ImageObject\",\"inLanguage\":\"sq-AL\",\"@id\":\"https:\\\/\\\/secure.gravatar.com\\\/avatar\\\/3985c961109853010c3fbc7ba30365bfba5db3dd6c525831d9c595c7525a615a?s=96&d=mm&r=g\",\"url\":\"https:\\\/\\\/secure.gravatar.com\\\/avatar\\\/3985c961109853010c3fbc7ba30365bfba5db3dd6c525831d9c595c7525a615a?s=96&d=mm&r=g\",\"contentUrl\":\"https:\\\/\\\/secure.gravatar.com\\\/avatar\\\/3985c961109853010c3fbc7ba30365bfba5db3dd6c525831d9c595c7525a615a?s=96&d=mm&r=g\",\"caption\":\"ktmin\"},\"sameAs\":[\"https:\\\/\\\/kt.gov.rs\"],\"url\":\"https:\\\/\\\/kt.gov.rs\\\/sq\\\/author\\\/ktmin\\\/\"}]}<\/script>\n<!-- \/ Yoast SEO plugin. -->","yoast_head_json":{"title":"KONKURS p\u00ebr ndarjen e bursave nx\u00ebn\u00ebsve t\u00eb shkoll\u00ebs s\u00eb mesme n\u00eb teritorin e komunave t\u00eb Preshev\u00ebs, Bujanocit dhe Medvegj\u00ebs p\u00ebr periudh\u00ebn shtator\u00eb \u2013 dhjetor\u00eb vitit shkollor\u00eb 2011-2012 - Republika e S\u00ebrbis\u00eb Trupi Koordinues p\u00ebr komunat Bujanoc, Preshev\u00eb dhe Medvegj\u00eb","robots":{"index":"index","follow":"follow","max-snippet":"max-snippet:-1","max-image-preview":"max-image-preview:large","max-video-preview":"max-video-preview:-1"},"canonical":"https:\/\/kt.gov.rs\/sq\/konkurs-per-ndarjen-e-bursave-nxenesve-te-shkolles-se-mesme-ne-teritorin-e-komunave-te-presheves-bujanocit-dhe-medvegjes-per-periudhen-shtatore-dhjetore-vitit-shkollore-2011-2012\/","og_locale":"sq_AL","og_type":"article","og_title":"KONKURS p\u00ebr ndarjen e bursave nx\u00ebn\u00ebsve t\u00eb shkoll\u00ebs s\u00eb mesme n\u00eb teritorin e komunave t\u00eb Preshev\u00ebs, Bujanocit dhe Medvegj\u00ebs p\u00ebr periudh\u00ebn shtator\u00eb \u2013 dhjetor\u00eb vitit shkollor\u00eb 2011-2012 - Republika e S\u00ebrbis\u00eb Trupi Koordinues p\u00ebr komunat Bujanoc, Preshev\u00eb dhe Medvegj\u00eb","og_description":"Trupi Koordinues i Qeveris\u00eb s\u00eb S\u00ebrbis\u00eb p\u00ebr komunat e Preshev\u00ebs, Bujanocit dhe Medvegj\u00ebs edhe k\u00ebt\u00eb vit do t\u00eb ndaj\u00eb bursa n\u00eb vler\u00eb prej 6.000,00 dinar\u00ebve n\u00eb muaj p\u00ebr 206 nx\u00ebn\u00ebs t\u00eb shkollave t\u00eb mesme n\u00eb jug t\u00eb S\u00ebrbis\u00eb. Ky \u00ebsht\u00eb viti i tret\u00eb q\u00eb Trupi Koordinues i ndan nx\u00ebn\u00ebsve bursa studentore n\u00eb Preshev\u00eb, Bujanoc dhe Medvegj\u00eb.","og_url":"https:\/\/kt.gov.rs\/sq\/konkurs-per-ndarjen-e-bursave-nxenesve-te-shkolles-se-mesme-ne-teritorin-e-komunave-te-presheves-bujanocit-dhe-medvegjes-per-periudhen-shtatore-dhjetore-vitit-shkollore-2011-2012\/","og_site_name":"Republika e S\u00ebrbis\u00eb Trupi Koordinues p\u00ebr komunat Bujanoc, Preshev\u00eb dhe Medvegj\u00eb","article_publisher":"https:\/\/www.facebook.com\/SluzbaKoordinacionogTelaVladeRepublikeSrbije","article_published_time":"2011-09-01T00:00:00+00:00","author":"ktmin","twitter_card":"summary_large_image","twitter_creator":"@kt_gov","twitter_site":"@kt_gov","twitter_misc":{"Written by":"ktmin"},"schema":{"@context":"https:\/\/schema.org","@graph":[{"@type":"Article","@id":"https:\/\/kt.gov.rs\/sq\/konkurs-per-ndarjen-e-bursave-nxenesve-te-shkolles-se-mesme-ne-teritorin-e-komunave-te-presheves-bujanocit-dhe-medvegjes-per-periudhen-shtatore-dhjetore-vitit-shkollore-2011-2012\/#article","isPartOf":{"@id":"https:\/\/kt.gov.rs\/sq\/konkurs-per-ndarjen-e-bursave-nxenesve-te-shkolles-se-mesme-ne-teritorin-e-komunave-te-presheves-bujanocit-dhe-medvegjes-per-periudhen-shtatore-dhjetore-vitit-shkollore-2011-2012\/"},"author":{"name":"ktmin","@id":"https:\/\/kt.gov.rs\/#\/schema\/person\/e426459ddb4173309103390602694571"},"headline":"KONKURS p\u00ebr ndarjen e bursave nx\u00ebn\u00ebsve t\u00eb shkoll\u00ebs s\u00eb mesme n\u00eb teritorin e komunave t\u00eb Preshev\u00ebs, Bujanocit dhe Medvegj\u00ebs p\u00ebr periudh\u00ebn shtator\u00eb \u2013 dhjetor\u00eb vitit shkollor\u00eb 2011-2012","datePublished":"2011-09-01T00:00:00+00:00","mainEntityOfPage":{"@id":"https:\/\/kt.gov.rs\/sq\/konkurs-per-ndarjen-e-bursave-nxenesve-te-shkolles-se-mesme-ne-teritorin-e-komunave-te-presheves-bujanocit-dhe-medvegjes-per-periudhen-shtatore-dhjetore-vitit-shkollore-2011-2012\/"},"wordCount":131,"publisher":{"@id":"https:\/\/kt.gov.rs\/#organization"},"articleSection":["Lajme"],"inLanguage":"sq-AL"},{"@type":"WebPage","@id":"https:\/\/kt.gov.rs\/sq\/konkurs-per-ndarjen-e-bursave-nxenesve-te-shkolles-se-mesme-ne-teritorin-e-komunave-te-presheves-bujanocit-dhe-medvegjes-per-periudhen-shtatore-dhjetore-vitit-shkollore-2011-2012\/","url":"https:\/\/kt.gov.rs\/sq\/konkurs-per-ndarjen-e-bursave-nxenesve-te-shkolles-se-mesme-ne-teritorin-e-komunave-te-presheves-bujanocit-dhe-medvegjes-per-periudhen-shtatore-dhjetore-vitit-shkollore-2011-2012\/","name":"KONKURS p\u00ebr ndarjen e bursave nx\u00ebn\u00ebsve t\u00eb shkoll\u00ebs s\u00eb mesme n\u00eb teritorin e komunave t\u00eb Preshev\u00ebs, Bujanocit dhe Medvegj\u00ebs p\u00ebr periudh\u00ebn shtator\u00eb \u2013 dhjetor\u00eb vitit shkollor\u00eb 2011-2012 - Republika e S\u00ebrbis\u00eb Trupi Koordinues p\u00ebr komunat Bujanoc, Preshev\u00eb dhe Medvegj\u00eb","isPartOf":{"@id":"https:\/\/kt.gov.rs\/#website"},"datePublished":"2011-09-01T00:00:00+00:00","breadcrumb":{"@id":"https:\/\/kt.gov.rs\/sq\/konkurs-per-ndarjen-e-bursave-nxenesve-te-shkolles-se-mesme-ne-teritorin-e-komunave-te-presheves-bujanocit-dhe-medvegjes-per-periudhen-shtatore-dhjetore-vitit-shkollore-2011-2012\/#breadcrumb"},"inLanguage":"sq-AL","potentialAction":[{"@type":"ReadAction","target":["https:\/\/kt.gov.rs\/sq\/konkurs-per-ndarjen-e-bursave-nxenesve-te-shkolles-se-mesme-ne-teritorin-e-komunave-te-presheves-bujanocit-dhe-medvegjes-per-periudhen-shtatore-dhjetore-vitit-shkollore-2011-2012\/"]}]},{"@type":"BreadcrumbList","@id":"https:\/\/kt.gov.rs\/sq\/konkurs-per-ndarjen-e-bursave-nxenesve-te-shkolles-se-mesme-ne-teritorin-e-komunave-te-presheves-bujanocit-dhe-medvegjes-per-periudhen-shtatore-dhjetore-vitit-shkollore-2011-2012\/#breadcrumb","itemListElement":[{"@type":"ListItem","position":1,"name":"\u041f\u043e\u0447\u0435\u0442\u043d\u0430","item":"https:\/\/kt.gov.rs\/sq\/"},{"@type":"ListItem","position":2,"name":"KONKURS p\u00ebr ndarjen e bursave nx\u00ebn\u00ebsve t\u00eb shkoll\u00ebs s\u00eb mesme n\u00eb teritorin e komunave t\u00eb Preshev\u00ebs, Bujanocit dhe Medvegj\u00ebs p\u00ebr periudh\u00ebn shtator\u00eb \u2013 dhjetor\u00eb vitit shkollor\u00eb 2011-2012"}]},{"@type":"WebSite","@id":"https:\/\/kt.gov.rs\/#website","url":"https:\/\/kt.gov.rs\/","name":"\u041a\u043e\u043e\u0440\u0434\u0438\u043d\u0430\u0446\u0438\u043e\u043d\u043e \u0442\u0435\u043b\u043e \u0412\u043b\u0430\u0434\u0435 \u0420\u0435\u043f\u0443\u0431\u043b\u0438\u043a\u0435 \u0421\u0440\u0431\u0438\u0458\u0435 \u0437\u0430 \u043e\u043f\u0448\u0442\u0438\u043d\u0435 \u041f\u0440\u0435\u0448\u0435\u0432\u043e, \u0411\u0443\u0458\u0430\u043d\u043e\u0432\u0430\u0446 \u0438 \u041c\u0435\u0434\u0432\u0435\u0452a","description":"","publisher":{"@id":"https:\/\/kt.gov.rs\/#organization"},"alternateName":"\u041a\u043e\u043e\u0440\u0434\u0438\u043d\u0430\u0446\u0438\u043e\u043d\u043e \u0442\u0435\u043b\u043e","potentialAction":[{"@type":"SearchAction","target":{"@type":"EntryPoint","urlTemplate":"https:\/\/kt.gov.rs\/?s={search_term_string}"},"query-input":{"@type":"PropertyValueSpecification","valueRequired":true,"valueName":"search_term_string"}}],"inLanguage":"sq-AL"},{"@type":"Organization","@id":"https:\/\/kt.gov.rs\/#organization","name":"\u041a\u043e\u043e\u0440\u0434\u0438\u043d\u0430\u0446\u0438\u043e\u043d\u043e \u0442\u0435\u043b\u043e \u0412\u043b\u0430\u0434\u0435 \u0420\u0435\u043f\u0443\u0431\u043b\u0438\u043a\u0435 \u0421\u0440\u0431\u0438\u0458\u0435 \u0437\u0430 \u043e\u043f\u0448\u0442\u0438\u043d\u0435 \u041f\u0440\u0435\u0448\u0435\u0432\u043e, \u0411\u0443\u0458\u0430\u043d\u043e\u0432\u0430\u0446 \u0438 \u041c\u0435\u0434\u0432\u0435\u0452a","alternateName":"\u041a\u043e\u043e\u0440\u0434\u0438\u043d\u0430\u0446\u0438\u043e\u043d\u043e \u0442\u0435\u043b\u043e","url":"https:\/\/kt.gov.rs\/","logo":{"@type":"ImageObject","inLanguage":"sq-AL","@id":"https:\/\/kt.gov.rs\/#\/schema\/logo\/image\/","url":"https:\/\/kt.gov.rs\/wp-content\/uploads\/2024\/12\/koord2.jpg","contentUrl":"https:\/\/kt.gov.rs\/wp-content\/uploads\/2024\/12\/koord2.jpg","width":640,"height":480,"caption":"\u041a\u043e\u043e\u0440\u0434\u0438\u043d\u0430\u0446\u0438\u043e\u043d\u043e \u0442\u0435\u043b\u043e \u0412\u043b\u0430\u0434\u0435 \u0420\u0435\u043f\u0443\u0431\u043b\u0438\u043a\u0435 \u0421\u0440\u0431\u0438\u0458\u0435 \u0437\u0430 \u043e\u043f\u0448\u0442\u0438\u043d\u0435 \u041f\u0440\u0435\u0448\u0435\u0432\u043e, \u0411\u0443\u0458\u0430\u043d\u043e\u0432\u0430\u0446 \u0438 \u041c\u0435\u0434\u0432\u0435\u0452a"},"image":{"@id":"https:\/\/kt.gov.rs\/#\/schema\/logo\/image\/"},"sameAs":["https:\/\/www.facebook.com\/SluzbaKoordinacionogTelaVladeRepublikeSrbije","https:\/\/x.com\/kt_gov","https:\/\/www.youtube.com\/@koordinacionotelo"]},{"@type":"Person","@id":"https:\/\/kt.gov.rs\/#\/schema\/person\/e426459ddb4173309103390602694571","name":"ktmin","image":{"@type":"ImageObject","inLanguage":"sq-AL","@id":"https:\/\/secure.gravatar.com\/avatar\/3985c961109853010c3fbc7ba30365bfba5db3dd6c525831d9c595c7525a615a?s=96&d=mm&r=g","url":"https:\/\/secure.gravatar.com\/avatar\/3985c961109853010c3fbc7ba30365bfba5db3dd6c525831d9c595c7525a615a?s=96&d=mm&r=g","contentUrl":"https:\/\/secure.gravatar.com\/avatar\/3985c961109853010c3fbc7ba30365bfba5db3dd6c525831d9c595c7525a615a?s=96&d=mm&r=g","caption":"ktmin"},"sameAs":["https:\/\/kt.gov.rs"],"url":"https:\/\/kt.gov.rs\/sq\/author\/ktmin\/"}]}},"_links":{"self":[{"href":"https:\/\/kt.gov.rs\/sq\/wp-json\/wp\/v2\/posts\/142167","targetHints":{"allow":["GET"]}}],"collection":[{"href":"https:\/\/kt.gov.rs\/sq\/wp-json\/wp\/v2\/posts"}],"about":[{"href":"https:\/\/kt.gov.rs\/sq\/wp-json\/wp\/v2\/types\/post"}],"author":[{"embeddable":true,"href":"https:\/\/kt.gov.rs\/sq\/wp-json\/wp\/v2\/users\/1"}],"replies":[{"embeddable":true,"href":"https:\/\/kt.gov.rs\/sq\/wp-json\/wp\/v2\/comments?post=142167"}],"version-history":[{"count":0,"href":"https:\/\/kt.gov.rs\/sq\/wp-json\/wp\/v2\/posts\/142167\/revisions"}],"wp:attachment":[{"href":"https:\/\/kt.gov.rs\/sq\/wp-json\/wp\/v2\/media?parent=142167"}],"wp:term":[{"taxonomy":"category","embeddable":true,"href":"https:\/\/kt.gov.rs\/sq\/wp-json\/wp\/v2\/categories?post=142167"},{"taxonomy":"post_tag","embeddable":true,"href":"https:\/\/kt.gov.rs\/sq\/wp-json\/wp\/v2\/tags?post=142167"}],"curies":[{"name":"wp","href":"https:\/\/api.w.org\/{rel}","templated":true}]}}