{"id":142142,"date":"2011-09-15T00:00:00","date_gmt":"2011-09-15T00:00:00","guid":{"rendered":"http:\/\/kt.printandscreen.rs\/abetarja-per-nxenesit-e-komunitetit-shqiptare\/"},"modified":"2024-07-30T20:19:57","modified_gmt":"2024-07-30T20:19:57","slug":"abetarja-per-nxenesit-e-komunitetit-shqiptare","status":"publish","type":"post","link":"https:\/\/kt.gov.rs\/sq\/abetarja-per-nxenesit-e-komunitetit-shqiptare\/","title":{"rendered":"ABETARJA P\u00cbR NX\u00cbN\u00cbSIT E KOMUNITETIT SHQIPTAR\u00cb"},"content":{"rendered":"<p><img decoding=\"async\" align=\"left\" alt=\"\" src=\"https:\/\/kt.gov.rs\/wp-content\/uploads\/2024\/07\/newspic550-4.jpg\" \/>Kryetari i Trupit koordinues t\u00eb Qeveris\u00eb s\u00eb Republik\u00ebs s\u00eb S\u00ebrbis\u00eb p\u00ebr komunat e Preshev\u00ebs, Bujanocit dhe Medvegj\u00ebs ministri Millan Markoviq (Milan Markovi\u0107), ambasadori i Republik\u00ebs s\u00eb Shqipris\u00eb Shp\u00ebtim Caushi, shefi i misionit t\u00eb OSBE-s\u00eb Dimtros Kipreos dhe kryetari i K\u00ebshillit komb\u00ebtar\u00eb t\u00eb shqiptar\u00ebve Galip Beqiri dje n\u00eb Bujanoc prezentuan abetar\u00ebn p\u00ebr nx\u00ebn\u00ebsit e komunitetit shqiptar\u00eb.<\/p>\n<p>Abetarja dhe fletorja e pun\u00ebs jan\u00eb rezultat ip\u00ebrpjekjeve t\u00eb K\u00ebshillit komb\u00ebtar\u00eb shqiptar\u00eb q\u00eb f\u00ebmij\u00ebve tu sigurohen tekstet shkollore n\u00eb gjuh\u00ebn am\u00ebtare, e cila \u00ebsht\u00eb arritur\u00a0 me bashkpunimin e shk\u00eblqyesh\u00ebm me Trupin Koordinues, ambasad\u00ebn e Republik\u00ebs s\u00eb Shqipris\u00eb dhe misionin e OSBE-s\u00eb. Kz \u00ebsht\u00eb fillimi i zgjidhjes sistematike t\u00eb teksteve shkollore n\u00eb gjuh\u00ebn shqipe.<\/p>\n<p><img decoding=\"async\" align=\"left\" src=\"https:\/\/kt.gov.rs\/wp-content\/uploads\/2024\/07\/newspic551-2.jpg\" alt=\"\" \/>Ministri Millan Markoviq tha se p\u00ebrdorimi i abetares dhe fletor\u00ebs s\u00eb pun\u00ebs jan\u00eb n\u00eb p\u00ebrputhje me ligjin mbi tekstet shkollore t\u00eb Republik\u00ebs s\u00eb S\u00ebrbis\u00eb. Sipas fjal\u00ebve t\u00eb tij, ky tekst shkollor\u00eb \u00ebsht\u00eb importuar nga Shqip\u00ebria me miratimin e Ministris\u00eb s\u00eb arsimit dhe shkencave, me rekomdim t\u00eb K\u00ebshillit komb\u00ebtar\u00eb shqiptar\u00eb \u00ebsht\u00eb shtypur n\u00eb S\u00ebrbi. Ministri Markoviq iu fal\u00ebnderua K\u00ebshillit komb\u00ebtar\u00eb shqiptar\u00eb dhe misionit t\u00eb OEBS-it n\u00eb bashkpunim me rastin e botimit t\u00eb abetr\u00ebs. Nd\u00ebrkoh\u00eb, ministri Markoviq iu fal\u00ebnderua edhe ambasadorit t\u00eb Republik\u00ebs s\u00eb Shqipris\u00eb Shp\u00ebtim Caushit me rastin e ndihm\u00ebs s\u00eb dh\u00ebn\u00eb rreth zgjidhjes s\u00eb problit t\u00eb teksteve shkollore n\u00eb gjuh\u00ebn shqipe.<\/p>\n<p>Kryetari i K\u00ebshillit komb\u00ebtar\u00eb\u00a0 shqiptar\u00eb Galip Beqiri shprehi k\u00ebnaq\u00ebsin\u00eb\u00a0 q\u00eb f\u00ebmij\u00ebt me marrjen e lejes p\u00ebr abetare dhe fletoreve punuese \u00ebsht\u00eb vet\u00ebm nj\u00eb pik\u00eb n\u00eb deti n\u00eb raport me k\u00ebrkesat e nx\u00ebn\u00ebsve q\u00eb m\u00ebsojn\u00eb n\u00eb gjuh\u00ebn shqipe. Beqiri iu fal\u00ebminderua Trupit Koordinues , misionit t\u00eb OSBE-s\u00eb dhe ambasad\u00ebs s\u00eb Republik\u00ebs s\u00eb Shqipris\u00eb.<\/p>\n<p>Shefi i misionit t\u00eb OSBE-s\u00eb Dimitros Kipreos p\u00ebrsh\u00ebndeti miratimin e abetr\u00ebs s\u00eb par\u00eb n\u00eb gjuh\u00ebn shqipe dhe mir\u00ebpret q\u00eb e njejta do t\u00eb ndodh\u00eb edhe me tesktet tjera shkollore q\u00eb jan\u00eb t\u00eb nevojshme p\u00ebr zhvillimin e m\u00ebsimit n\u00eb gjuh\u00ebn shqipe.<\/p>\n<p>Ambasadori i Republik\u00ebs s\u00eb Shqipris\u00eb Shp\u00ebtim Caushi tha se abetarja \u00ebsht\u00eb dhurat\u00eb f\u00ebmij\u00ebve n\u00eb jug t\u00eb S\u00ebrbis\u00eb dhe tha se do t\u00eb h edhe m\u00eb tej n\u00eb arsimimin e f\u00ebmij\u00ebve n\u00eb komunat e Preshev\u00ebs, Bujanocit dhe Medvegj\u00ebs. Ai shpreson q\u00eb tekstet shkollore t\u00eb reja n\u00eb gjuh\u00ebn shqipe t\u00eb botohen me nj\u00eb tempo m\u00eb t\u00eb shpejt\u00eb, gj\u00eb q\u00eb do t\u00eb kontribonte n\u00eb bashkpunimin m\u00eb t\u00eb hapur dhe m\u00eb t\u00eb mir\u00eb n\u00eb mes dy popujve dhe dy shteteve,<\/p>\n<p>Ministri Millan Markoviq , shefi i misionit t\u00eb OSBE-s\u00eb Dimitros Kipreos, ambasadori Shp\u00ebtim Caishi dhe kryetari i K\u00ebshillit komb\u00ebtar\u00eb shqiptar\u00eb Galip Beqiri vizituan klas\u00ebn e par\u00eb\u00a0 t\u00eb shkoll\u00ebs fillore Naim Frash\u00ebri ku edhe i shp\u00ebrndan\u00eb abetaret dhe fletoret e pun\u00ebs,<\/p>\n","protected":false},"excerpt":{"rendered":"<p>Kryetari i Trupit koordinues t\u00eb Qeveris\u00eb s\u00eb Republik\u00ebs s\u00eb S\u00ebrbis\u00eb p\u00ebr komunat e Preshev\u00ebs, Bujanocit dhe Medvegj\u00ebs ministri Millan Markoviq (Milan Markovi\u0107), ambasadori i Republik\u00ebs s\u00eb Shqipris\u00eb Shp\u00ebtim Caushi, shefi i misionit t\u00eb OSBE-s\u00eb Dimtros Kipreos dhe kryetari i K\u00ebshillit komb\u00ebtar\u00eb t\u00eb shqiptar\u00ebve Galip Beqiri dje n\u00eb Bujanoc prezentuan abetar\u00ebn p\u00ebr nx\u00ebn\u00ebsit e komunitetit shqiptar\u00eb.<\/p>\n","protected":false},"author":1,"featured_media":142150,"comment_status":"closed","ping_status":"closed","sticky":false,"template":"","format":"standard","meta":{"footnotes":""},"categories":[55],"tags":[],"class_list":["post-142142","post","type-post","status-publish","format-standard","has-post-thumbnail","hentry","category-lajme"],"yoast_head":"<!-- This site is optimized with the Yoast SEO plugin v27.5 - https:\/\/yoast.com\/product\/yoast-seo-wordpress\/ -->\n<title>ABETARJA P\u00cbR NX\u00cbN\u00cbSIT E KOMUNITETIT SHQIPTAR\u00cb - Republika e S\u00ebrbis\u00eb Trupi Koordinues p\u00ebr komunat Bujanoc, Preshev\u00eb dhe Medvegj\u00eb<\/title>\n<meta name=\"robots\" content=\"index, follow, max-snippet:-1, max-image-preview:large, max-video-preview:-1\" \/>\n<link rel=\"canonical\" href=\"https:\/\/kt.gov.rs\/sq\/abetarja-per-nxenesit-e-komunitetit-shqiptare\/\" \/>\n<meta property=\"og:locale\" content=\"sq_AL\" \/>\n<meta property=\"og:type\" content=\"article\" \/>\n<meta property=\"og:title\" content=\"ABETARJA P\u00cbR NX\u00cbN\u00cbSIT E KOMUNITETIT SHQIPTAR\u00cb - Republika e S\u00ebrbis\u00eb Trupi Koordinues p\u00ebr komunat Bujanoc, Preshev\u00eb dhe Medvegj\u00eb\" \/>\n<meta property=\"og:description\" content=\"Kryetari i Trupit koordinues t\u00eb Qeveris\u00eb s\u00eb Republik\u00ebs s\u00eb S\u00ebrbis\u00eb p\u00ebr komunat e Preshev\u00ebs, Bujanocit dhe Medvegj\u00ebs ministri Millan Markoviq (Milan Markovi\u0107), ambasadori i Republik\u00ebs s\u00eb Shqipris\u00eb Shp\u00ebtim Caushi, shefi i misionit t\u00eb OSBE-s\u00eb Dimtros Kipreos dhe kryetari i K\u00ebshillit komb\u00ebtar\u00eb t\u00eb shqiptar\u00ebve Galip Beqiri dje n\u00eb Bujanoc prezentuan abetar\u00ebn p\u00ebr nx\u00ebn\u00ebsit e komunitetit shqiptar\u00eb.\" \/>\n<meta property=\"og:url\" content=\"https:\/\/kt.gov.rs\/sq\/abetarja-per-nxenesit-e-komunitetit-shqiptare\/\" \/>\n<meta property=\"og:site_name\" content=\"Republika e S\u00ebrbis\u00eb Trupi Koordinues p\u00ebr komunat Bujanoc, Preshev\u00eb dhe Medvegj\u00eb\" \/>\n<meta property=\"article:publisher\" content=\"https:\/\/www.facebook.com\/SluzbaKoordinacionogTelaVladeRepublikeSrbije\" \/>\n<meta property=\"article:published_time\" content=\"2011-09-15T00:00:00+00:00\" \/>\n<meta property=\"article:modified_time\" content=\"2024-07-30T20:19:57+00:00\" \/>\n<meta property=\"og:image\" content=\"https:\/\/kt.gov.rs\/wp-content\/uploads\/2024\/07\/newspic550-5.jpg\" \/>\n\t<meta property=\"og:image:width\" content=\"265\" \/>\n\t<meta property=\"og:image:height\" content=\"180\" \/>\n\t<meta property=\"og:image:type\" content=\"image\/jpeg\" \/>\n<meta name=\"author\" content=\"ktmin\" \/>\n<meta name=\"twitter:card\" content=\"summary_large_image\" \/>\n<meta name=\"twitter:creator\" content=\"@kt_gov\" \/>\n<meta name=\"twitter:site\" content=\"@kt_gov\" \/>\n<meta name=\"twitter:label1\" content=\"Written by\" \/>\n\t<meta name=\"twitter:data1\" content=\"ktmin\" \/>\n\t<meta name=\"twitter:label2\" content=\"Est. reading time\" \/>\n\t<meta name=\"twitter:data2\" content=\"3 minutes\" \/>\n<script type=\"application\/ld+json\" class=\"yoast-schema-graph\">{\"@context\":\"https:\\\/\\\/schema.org\",\"@graph\":[{\"@type\":\"Article\",\"@id\":\"https:\\\/\\\/kt.gov.rs\\\/sq\\\/abetarja-per-nxenesit-e-komunitetit-shqiptare\\\/#article\",\"isPartOf\":{\"@id\":\"https:\\\/\\\/kt.gov.rs\\\/sq\\\/abetarja-per-nxenesit-e-komunitetit-shqiptare\\\/\"},\"author\":{\"name\":\"ktmin\",\"@id\":\"https:\\\/\\\/kt.gov.rs\\\/#\\\/schema\\\/person\\\/e426459ddb4173309103390602694571\"},\"headline\":\"ABETARJA P\u00cbR NX\u00cbN\u00cbSIT E KOMUNITETIT SHQIPTAR\u00cb\",\"datePublished\":\"2011-09-15T00:00:00+00:00\",\"dateModified\":\"2024-07-30T20:19:57+00:00\",\"mainEntityOfPage\":{\"@id\":\"https:\\\/\\\/kt.gov.rs\\\/sq\\\/abetarja-per-nxenesit-e-komunitetit-shqiptare\\\/\"},\"wordCount\":519,\"publisher\":{\"@id\":\"https:\\\/\\\/kt.gov.rs\\\/#organization\"},\"image\":{\"@id\":\"https:\\\/\\\/kt.gov.rs\\\/sq\\\/abetarja-per-nxenesit-e-komunitetit-shqiptare\\\/#primaryimage\"},\"thumbnailUrl\":\"https:\\\/\\\/kt.gov.rs\\\/wp-content\\\/uploads\\\/2024\\\/07\\\/newspic550-5.jpg\",\"articleSection\":[\"Lajme\"],\"inLanguage\":\"sq-AL\"},{\"@type\":\"WebPage\",\"@id\":\"https:\\\/\\\/kt.gov.rs\\\/sq\\\/abetarja-per-nxenesit-e-komunitetit-shqiptare\\\/\",\"url\":\"https:\\\/\\\/kt.gov.rs\\\/sq\\\/abetarja-per-nxenesit-e-komunitetit-shqiptare\\\/\",\"name\":\"ABETARJA P\u00cbR NX\u00cbN\u00cbSIT E KOMUNITETIT SHQIPTAR\u00cb - Republika e S\u00ebrbis\u00eb Trupi Koordinues p\u00ebr komunat Bujanoc, Preshev\u00eb dhe Medvegj\u00eb\",\"isPartOf\":{\"@id\":\"https:\\\/\\\/kt.gov.rs\\\/#website\"},\"primaryImageOfPage\":{\"@id\":\"https:\\\/\\\/kt.gov.rs\\\/sq\\\/abetarja-per-nxenesit-e-komunitetit-shqiptare\\\/#primaryimage\"},\"image\":{\"@id\":\"https:\\\/\\\/kt.gov.rs\\\/sq\\\/abetarja-per-nxenesit-e-komunitetit-shqiptare\\\/#primaryimage\"},\"thumbnailUrl\":\"https:\\\/\\\/kt.gov.rs\\\/wp-content\\\/uploads\\\/2024\\\/07\\\/newspic550-5.jpg\",\"datePublished\":\"2011-09-15T00:00:00+00:00\",\"dateModified\":\"2024-07-30T20:19:57+00:00\",\"breadcrumb\":{\"@id\":\"https:\\\/\\\/kt.gov.rs\\\/sq\\\/abetarja-per-nxenesit-e-komunitetit-shqiptare\\\/#breadcrumb\"},\"inLanguage\":\"sq-AL\",\"potentialAction\":[{\"@type\":\"ReadAction\",\"target\":[\"https:\\\/\\\/kt.gov.rs\\\/sq\\\/abetarja-per-nxenesit-e-komunitetit-shqiptare\\\/\"]}]},{\"@type\":\"ImageObject\",\"inLanguage\":\"sq-AL\",\"@id\":\"https:\\\/\\\/kt.gov.rs\\\/sq\\\/abetarja-per-nxenesit-e-komunitetit-shqiptare\\\/#primaryimage\",\"url\":\"https:\\\/\\\/kt.gov.rs\\\/wp-content\\\/uploads\\\/2024\\\/07\\\/newspic550-5.jpg\",\"contentUrl\":\"https:\\\/\\\/kt.gov.rs\\\/wp-content\\\/uploads\\\/2024\\\/07\\\/newspic550-5.jpg\",\"width\":265,\"height\":180},{\"@type\":\"BreadcrumbList\",\"@id\":\"https:\\\/\\\/kt.gov.rs\\\/sq\\\/abetarja-per-nxenesit-e-komunitetit-shqiptare\\\/#breadcrumb\",\"itemListElement\":[{\"@type\":\"ListItem\",\"position\":1,\"name\":\"\u041f\u043e\u0447\u0435\u0442\u043d\u0430\",\"item\":\"https:\\\/\\\/kt.gov.rs\\\/sq\\\/\"},{\"@type\":\"ListItem\",\"position\":2,\"name\":\"ABETARJA P\u00cbR NX\u00cbN\u00cbSIT E KOMUNITETIT SHQIPTAR\u00cb\"}]},{\"@type\":\"WebSite\",\"@id\":\"https:\\\/\\\/kt.gov.rs\\\/#website\",\"url\":\"https:\\\/\\\/kt.gov.rs\\\/\",\"name\":\"\u041a\u043e\u043e\u0440\u0434\u0438\u043d\u0430\u0446\u0438\u043e\u043d\u043e \u0442\u0435\u043b\u043e \u0412\u043b\u0430\u0434\u0435 \u0420\u0435\u043f\u0443\u0431\u043b\u0438\u043a\u0435 \u0421\u0440\u0431\u0438\u0458\u0435 \u0437\u0430 \u043e\u043f\u0448\u0442\u0438\u043d\u0435 \u041f\u0440\u0435\u0448\u0435\u0432\u043e, \u0411\u0443\u0458\u0430\u043d\u043e\u0432\u0430\u0446 \u0438 \u041c\u0435\u0434\u0432\u0435\u0452a\",\"description\":\"\",\"publisher\":{\"@id\":\"https:\\\/\\\/kt.gov.rs\\\/#organization\"},\"alternateName\":\"\u041a\u043e\u043e\u0440\u0434\u0438\u043d\u0430\u0446\u0438\u043e\u043d\u043e \u0442\u0435\u043b\u043e\",\"potentialAction\":[{\"@type\":\"SearchAction\",\"target\":{\"@type\":\"EntryPoint\",\"urlTemplate\":\"https:\\\/\\\/kt.gov.rs\\\/?s={search_term_string}\"},\"query-input\":{\"@type\":\"PropertyValueSpecification\",\"valueRequired\":true,\"valueName\":\"search_term_string\"}}],\"inLanguage\":\"sq-AL\"},{\"@type\":\"Organization\",\"@id\":\"https:\\\/\\\/kt.gov.rs\\\/#organization\",\"name\":\"\u041a\u043e\u043e\u0440\u0434\u0438\u043d\u0430\u0446\u0438\u043e\u043d\u043e \u0442\u0435\u043b\u043e \u0412\u043b\u0430\u0434\u0435 \u0420\u0435\u043f\u0443\u0431\u043b\u0438\u043a\u0435 \u0421\u0440\u0431\u0438\u0458\u0435 \u0437\u0430 \u043e\u043f\u0448\u0442\u0438\u043d\u0435 \u041f\u0440\u0435\u0448\u0435\u0432\u043e, \u0411\u0443\u0458\u0430\u043d\u043e\u0432\u0430\u0446 \u0438 \u041c\u0435\u0434\u0432\u0435\u0452a\",\"alternateName\":\"\u041a\u043e\u043e\u0440\u0434\u0438\u043d\u0430\u0446\u0438\u043e\u043d\u043e \u0442\u0435\u043b\u043e\",\"url\":\"https:\\\/\\\/kt.gov.rs\\\/\",\"logo\":{\"@type\":\"ImageObject\",\"inLanguage\":\"sq-AL\",\"@id\":\"https:\\\/\\\/kt.gov.rs\\\/#\\\/schema\\\/logo\\\/image\\\/\",\"url\":\"https:\\\/\\\/kt.gov.rs\\\/wp-content\\\/uploads\\\/2024\\\/12\\\/koord2.jpg\",\"contentUrl\":\"https:\\\/\\\/kt.gov.rs\\\/wp-content\\\/uploads\\\/2024\\\/12\\\/koord2.jpg\",\"width\":640,\"height\":480,\"caption\":\"\u041a\u043e\u043e\u0440\u0434\u0438\u043d\u0430\u0446\u0438\u043e\u043d\u043e \u0442\u0435\u043b\u043e \u0412\u043b\u0430\u0434\u0435 \u0420\u0435\u043f\u0443\u0431\u043b\u0438\u043a\u0435 \u0421\u0440\u0431\u0438\u0458\u0435 \u0437\u0430 \u043e\u043f\u0448\u0442\u0438\u043d\u0435 \u041f\u0440\u0435\u0448\u0435\u0432\u043e, \u0411\u0443\u0458\u0430\u043d\u043e\u0432\u0430\u0446 \u0438 \u041c\u0435\u0434\u0432\u0435\u0452a\"},\"image\":{\"@id\":\"https:\\\/\\\/kt.gov.rs\\\/#\\\/schema\\\/logo\\\/image\\\/\"},\"sameAs\":[\"https:\\\/\\\/www.facebook.com\\\/SluzbaKoordinacionogTelaVladeRepublikeSrbije\",\"https:\\\/\\\/x.com\\\/kt_gov\",\"https:\\\/\\\/www.youtube.com\\\/@koordinacionotelo\"]},{\"@type\":\"Person\",\"@id\":\"https:\\\/\\\/kt.gov.rs\\\/#\\\/schema\\\/person\\\/e426459ddb4173309103390602694571\",\"name\":\"ktmin\",\"image\":{\"@type\":\"ImageObject\",\"inLanguage\":\"sq-AL\",\"@id\":\"https:\\\/\\\/secure.gravatar.com\\\/avatar\\\/3985c961109853010c3fbc7ba30365bfba5db3dd6c525831d9c595c7525a615a?s=96&d=mm&r=g\",\"url\":\"https:\\\/\\\/secure.gravatar.com\\\/avatar\\\/3985c961109853010c3fbc7ba30365bfba5db3dd6c525831d9c595c7525a615a?s=96&d=mm&r=g\",\"contentUrl\":\"https:\\\/\\\/secure.gravatar.com\\\/avatar\\\/3985c961109853010c3fbc7ba30365bfba5db3dd6c525831d9c595c7525a615a?s=96&d=mm&r=g\",\"caption\":\"ktmin\"},\"sameAs\":[\"https:\\\/\\\/kt.gov.rs\"],\"url\":\"https:\\\/\\\/kt.gov.rs\\\/sq\\\/author\\\/ktmin\\\/\"}]}<\/script>\n<!-- \/ Yoast SEO plugin. -->","yoast_head_json":{"title":"ABETARJA P\u00cbR NX\u00cbN\u00cbSIT E KOMUNITETIT SHQIPTAR\u00cb - Republika e S\u00ebrbis\u00eb Trupi Koordinues p\u00ebr komunat Bujanoc, Preshev\u00eb dhe Medvegj\u00eb","robots":{"index":"index","follow":"follow","max-snippet":"max-snippet:-1","max-image-preview":"max-image-preview:large","max-video-preview":"max-video-preview:-1"},"canonical":"https:\/\/kt.gov.rs\/sq\/abetarja-per-nxenesit-e-komunitetit-shqiptare\/","og_locale":"sq_AL","og_type":"article","og_title":"ABETARJA P\u00cbR NX\u00cbN\u00cbSIT E KOMUNITETIT SHQIPTAR\u00cb - Republika e S\u00ebrbis\u00eb Trupi Koordinues p\u00ebr komunat Bujanoc, Preshev\u00eb dhe Medvegj\u00eb","og_description":"Kryetari i Trupit koordinues t\u00eb Qeveris\u00eb s\u00eb Republik\u00ebs s\u00eb S\u00ebrbis\u00eb p\u00ebr komunat e Preshev\u00ebs, Bujanocit dhe Medvegj\u00ebs ministri Millan Markoviq (Milan Markovi\u0107), ambasadori i Republik\u00ebs s\u00eb Shqipris\u00eb Shp\u00ebtim Caushi, shefi i misionit t\u00eb OSBE-s\u00eb Dimtros Kipreos dhe kryetari i K\u00ebshillit komb\u00ebtar\u00eb t\u00eb shqiptar\u00ebve Galip Beqiri dje n\u00eb Bujanoc prezentuan abetar\u00ebn p\u00ebr nx\u00ebn\u00ebsit e komunitetit shqiptar\u00eb.","og_url":"https:\/\/kt.gov.rs\/sq\/abetarja-per-nxenesit-e-komunitetit-shqiptare\/","og_site_name":"Republika e S\u00ebrbis\u00eb Trupi Koordinues p\u00ebr komunat Bujanoc, Preshev\u00eb dhe Medvegj\u00eb","article_publisher":"https:\/\/www.facebook.com\/SluzbaKoordinacionogTelaVladeRepublikeSrbije","article_published_time":"2011-09-15T00:00:00+00:00","article_modified_time":"2024-07-30T20:19:57+00:00","og_image":[{"width":265,"height":180,"url":"https:\/\/kt.gov.rs\/wp-content\/uploads\/2024\/07\/newspic550-5.jpg","type":"image\/jpeg"}],"author":"ktmin","twitter_card":"summary_large_image","twitter_creator":"@kt_gov","twitter_site":"@kt_gov","twitter_misc":{"Written by":"ktmin","Est. reading time":"3 minutes"},"schema":{"@context":"https:\/\/schema.org","@graph":[{"@type":"Article","@id":"https:\/\/kt.gov.rs\/sq\/abetarja-per-nxenesit-e-komunitetit-shqiptare\/#article","isPartOf":{"@id":"https:\/\/kt.gov.rs\/sq\/abetarja-per-nxenesit-e-komunitetit-shqiptare\/"},"author":{"name":"ktmin","@id":"https:\/\/kt.gov.rs\/#\/schema\/person\/e426459ddb4173309103390602694571"},"headline":"ABETARJA P\u00cbR NX\u00cbN\u00cbSIT E KOMUNITETIT SHQIPTAR\u00cb","datePublished":"2011-09-15T00:00:00+00:00","dateModified":"2024-07-30T20:19:57+00:00","mainEntityOfPage":{"@id":"https:\/\/kt.gov.rs\/sq\/abetarja-per-nxenesit-e-komunitetit-shqiptare\/"},"wordCount":519,"publisher":{"@id":"https:\/\/kt.gov.rs\/#organization"},"image":{"@id":"https:\/\/kt.gov.rs\/sq\/abetarja-per-nxenesit-e-komunitetit-shqiptare\/#primaryimage"},"thumbnailUrl":"https:\/\/kt.gov.rs\/wp-content\/uploads\/2024\/07\/newspic550-5.jpg","articleSection":["Lajme"],"inLanguage":"sq-AL"},{"@type":"WebPage","@id":"https:\/\/kt.gov.rs\/sq\/abetarja-per-nxenesit-e-komunitetit-shqiptare\/","url":"https:\/\/kt.gov.rs\/sq\/abetarja-per-nxenesit-e-komunitetit-shqiptare\/","name":"ABETARJA P\u00cbR NX\u00cbN\u00cbSIT E KOMUNITETIT SHQIPTAR\u00cb - Republika e S\u00ebrbis\u00eb Trupi Koordinues p\u00ebr komunat Bujanoc, Preshev\u00eb dhe Medvegj\u00eb","isPartOf":{"@id":"https:\/\/kt.gov.rs\/#website"},"primaryImageOfPage":{"@id":"https:\/\/kt.gov.rs\/sq\/abetarja-per-nxenesit-e-komunitetit-shqiptare\/#primaryimage"},"image":{"@id":"https:\/\/kt.gov.rs\/sq\/abetarja-per-nxenesit-e-komunitetit-shqiptare\/#primaryimage"},"thumbnailUrl":"https:\/\/kt.gov.rs\/wp-content\/uploads\/2024\/07\/newspic550-5.jpg","datePublished":"2011-09-15T00:00:00+00:00","dateModified":"2024-07-30T20:19:57+00:00","breadcrumb":{"@id":"https:\/\/kt.gov.rs\/sq\/abetarja-per-nxenesit-e-komunitetit-shqiptare\/#breadcrumb"},"inLanguage":"sq-AL","potentialAction":[{"@type":"ReadAction","target":["https:\/\/kt.gov.rs\/sq\/abetarja-per-nxenesit-e-komunitetit-shqiptare\/"]}]},{"@type":"ImageObject","inLanguage":"sq-AL","@id":"https:\/\/kt.gov.rs\/sq\/abetarja-per-nxenesit-e-komunitetit-shqiptare\/#primaryimage","url":"https:\/\/kt.gov.rs\/wp-content\/uploads\/2024\/07\/newspic550-5.jpg","contentUrl":"https:\/\/kt.gov.rs\/wp-content\/uploads\/2024\/07\/newspic550-5.jpg","width":265,"height":180},{"@type":"BreadcrumbList","@id":"https:\/\/kt.gov.rs\/sq\/abetarja-per-nxenesit-e-komunitetit-shqiptare\/#breadcrumb","itemListElement":[{"@type":"ListItem","position":1,"name":"\u041f\u043e\u0447\u0435\u0442\u043d\u0430","item":"https:\/\/kt.gov.rs\/sq\/"},{"@type":"ListItem","position":2,"name":"ABETARJA P\u00cbR NX\u00cbN\u00cbSIT E KOMUNITETIT SHQIPTAR\u00cb"}]},{"@type":"WebSite","@id":"https:\/\/kt.gov.rs\/#website","url":"https:\/\/kt.gov.rs\/","name":"\u041a\u043e\u043e\u0440\u0434\u0438\u043d\u0430\u0446\u0438\u043e\u043d\u043e \u0442\u0435\u043b\u043e \u0412\u043b\u0430\u0434\u0435 \u0420\u0435\u043f\u0443\u0431\u043b\u0438\u043a\u0435 \u0421\u0440\u0431\u0438\u0458\u0435 \u0437\u0430 \u043e\u043f\u0448\u0442\u0438\u043d\u0435 \u041f\u0440\u0435\u0448\u0435\u0432\u043e, \u0411\u0443\u0458\u0430\u043d\u043e\u0432\u0430\u0446 \u0438 \u041c\u0435\u0434\u0432\u0435\u0452a","description":"","publisher":{"@id":"https:\/\/kt.gov.rs\/#organization"},"alternateName":"\u041a\u043e\u043e\u0440\u0434\u0438\u043d\u0430\u0446\u0438\u043e\u043d\u043e \u0442\u0435\u043b\u043e","potentialAction":[{"@type":"SearchAction","target":{"@type":"EntryPoint","urlTemplate":"https:\/\/kt.gov.rs\/?s={search_term_string}"},"query-input":{"@type":"PropertyValueSpecification","valueRequired":true,"valueName":"search_term_string"}}],"inLanguage":"sq-AL"},{"@type":"Organization","@id":"https:\/\/kt.gov.rs\/#organization","name":"\u041a\u043e\u043e\u0440\u0434\u0438\u043d\u0430\u0446\u0438\u043e\u043d\u043e \u0442\u0435\u043b\u043e \u0412\u043b\u0430\u0434\u0435 \u0420\u0435\u043f\u0443\u0431\u043b\u0438\u043a\u0435 \u0421\u0440\u0431\u0438\u0458\u0435 \u0437\u0430 \u043e\u043f\u0448\u0442\u0438\u043d\u0435 \u041f\u0440\u0435\u0448\u0435\u0432\u043e, \u0411\u0443\u0458\u0430\u043d\u043e\u0432\u0430\u0446 \u0438 \u041c\u0435\u0434\u0432\u0435\u0452a","alternateName":"\u041a\u043e\u043e\u0440\u0434\u0438\u043d\u0430\u0446\u0438\u043e\u043d\u043e \u0442\u0435\u043b\u043e","url":"https:\/\/kt.gov.rs\/","logo":{"@type":"ImageObject","inLanguage":"sq-AL","@id":"https:\/\/kt.gov.rs\/#\/schema\/logo\/image\/","url":"https:\/\/kt.gov.rs\/wp-content\/uploads\/2024\/12\/koord2.jpg","contentUrl":"https:\/\/kt.gov.rs\/wp-content\/uploads\/2024\/12\/koord2.jpg","width":640,"height":480,"caption":"\u041a\u043e\u043e\u0440\u0434\u0438\u043d\u0430\u0446\u0438\u043e\u043d\u043e \u0442\u0435\u043b\u043e \u0412\u043b\u0430\u0434\u0435 \u0420\u0435\u043f\u0443\u0431\u043b\u0438\u043a\u0435 \u0421\u0440\u0431\u0438\u0458\u0435 \u0437\u0430 \u043e\u043f\u0448\u0442\u0438\u043d\u0435 \u041f\u0440\u0435\u0448\u0435\u0432\u043e, \u0411\u0443\u0458\u0430\u043d\u043e\u0432\u0430\u0446 \u0438 \u041c\u0435\u0434\u0432\u0435\u0452a"},"image":{"@id":"https:\/\/kt.gov.rs\/#\/schema\/logo\/image\/"},"sameAs":["https:\/\/www.facebook.com\/SluzbaKoordinacionogTelaVladeRepublikeSrbije","https:\/\/x.com\/kt_gov","https:\/\/www.youtube.com\/@koordinacionotelo"]},{"@type":"Person","@id":"https:\/\/kt.gov.rs\/#\/schema\/person\/e426459ddb4173309103390602694571","name":"ktmin","image":{"@type":"ImageObject","inLanguage":"sq-AL","@id":"https:\/\/secure.gravatar.com\/avatar\/3985c961109853010c3fbc7ba30365bfba5db3dd6c525831d9c595c7525a615a?s=96&d=mm&r=g","url":"https:\/\/secure.gravatar.com\/avatar\/3985c961109853010c3fbc7ba30365bfba5db3dd6c525831d9c595c7525a615a?s=96&d=mm&r=g","contentUrl":"https:\/\/secure.gravatar.com\/avatar\/3985c961109853010c3fbc7ba30365bfba5db3dd6c525831d9c595c7525a615a?s=96&d=mm&r=g","caption":"ktmin"},"sameAs":["https:\/\/kt.gov.rs"],"url":"https:\/\/kt.gov.rs\/sq\/author\/ktmin\/"}]}},"_links":{"self":[{"href":"https:\/\/kt.gov.rs\/sq\/wp-json\/wp\/v2\/posts\/142142","targetHints":{"allow":["GET"]}}],"collection":[{"href":"https:\/\/kt.gov.rs\/sq\/wp-json\/wp\/v2\/posts"}],"about":[{"href":"https:\/\/kt.gov.rs\/sq\/wp-json\/wp\/v2\/types\/post"}],"author":[{"embeddable":true,"href":"https:\/\/kt.gov.rs\/sq\/wp-json\/wp\/v2\/users\/1"}],"replies":[{"embeddable":true,"href":"https:\/\/kt.gov.rs\/sq\/wp-json\/wp\/v2\/comments?post=142142"}],"version-history":[{"count":1,"href":"https:\/\/kt.gov.rs\/sq\/wp-json\/wp\/v2\/posts\/142142\/revisions"}],"predecessor-version":[{"id":142149,"href":"https:\/\/kt.gov.rs\/sq\/wp-json\/wp\/v2\/posts\/142142\/revisions\/142149"}],"wp:featuredmedia":[{"embeddable":true,"href":"https:\/\/kt.gov.rs\/sq\/wp-json\/wp\/v2\/media\/142150"}],"wp:attachment":[{"href":"https:\/\/kt.gov.rs\/sq\/wp-json\/wp\/v2\/media?parent=142142"}],"wp:term":[{"taxonomy":"category","embeddable":true,"href":"https:\/\/kt.gov.rs\/sq\/wp-json\/wp\/v2\/categories?post=142142"},{"taxonomy":"post_tag","embeddable":true,"href":"https:\/\/kt.gov.rs\/sq\/wp-json\/wp\/v2\/tags?post=142142"}],"curies":[{"name":"wp","href":"https:\/\/api.w.org\/{rel}","templated":true}]}}