{"id":142130,"date":"2011-09-29T00:00:00","date_gmt":"2011-09-29T00:00:00","guid":{"rendered":"http:\/\/kt.printandscreen.rs\/per-nje-bujanoc-me-te-paster-29-09-2011\/"},"modified":"2024-07-30T20:19:52","modified_gmt":"2024-07-30T20:19:52","slug":"per-nje-bujanoc-me-te-paster-29-09-2011","status":"publish","type":"post","link":"https:\/\/kt.gov.rs\/sq\/per-nje-bujanoc-me-te-paster-29-09-2011\/","title":{"rendered":"P\u00cbR NJ\u00cb BUJANOC M\u00cb T\u00cb PAST\u00cbR \u2013 29.09.2011."},"content":{"rendered":"<p><img decoding=\"async\" align=\"left\" src=\"https:\/\/kt.gov.rs\/wp-content\/uploads\/2024\/07\/newspic560-4.jpg\" alt=\"\" \/>Agjensioni p\u00ebr zhvillim n\u00eb Bujanoc dhe Preshev\u00eb, me p\u00ebrkrahjen financiare t\u00eb trupit Koordinues\u00a0 t\u00eb Qeveris\u00eb s\u00eb Republik\u00ebs s\u00eb S\u00ebrbis p\u00ebr komunat e Preshev\u00ebs , Bujanocit dhe Medvegj\u00ebs, jav\u00ebn e kaluar n\u00eb Bujanoc kan vendosur shporta p\u00ebr hudhjen e mbeturinave. Duke ju faleminderuar k\u00ebtij aktivitetit, n\u00eb kuad\u00ebr t\u00eb breng\u00ebs ekologjike, past\u00ebrtis dhe pamjes s\u00eb qytetit, Bujanoci \u00ebsht\u00eb pasuruar me 14 shporta t\u00eb metalit. Ato jan t\u00eb vendosura n\u00eb lagjet m\u00eb t\u00eb dendura t\u00eb qytetit (lagjet m\u00eb aktive), nd\u00ebrsa m\u00eb s\u00eb shumti n\u00eb sheshin Karaxhorxhe Petrovic, vend\u00ebshetitjen kryesore t\u00eb Bujanocit.<\/p>\n<p>Vendosja e shportave metalike \u00ebsht\u00eb vet\u00ebm njera nga hapat ekologjike p\u00ebr t\u00eb ruajtuar dhe p\u00ebr t\u00eb treguar breng\u00ebn p\u00ebr Bujanocin.<\/p>\n<p>Aktiviteti \u00ebsht\u00eb pjes\u00eb e projektit \u201cP\u00ebr nj\u00eb Bujanoc m\u00eb t\u00eb past\u00ebr\u201d e agjensionit p\u00ebr zhvillim n\u00eb Preshev dhe Bujanoc, t\u00eb cil\u00ebn e ka p\u00ebrkrah Trupi Koordinues i Qeveris\u00eb s\u00eb Republik\u00ebs s\u00eb S\u00ebrbis p\u00ebr komunat Preshev\u00eb, Bujanoc, dhe Medvegj\u00eb.<\/p>\n","protected":false},"excerpt":{"rendered":"<p>Agjensioni p\u00ebr zhvillim n\u00eb Bujanoc dhe Preshev\u00eb, me p\u00ebrkrahjen  financiare t\u00eb trupit Koordinues\u00a0 t\u00eb Qeveris\u00eb s\u00eb Republik\u00ebs s\u00eb S\u00ebrbis p\u00ebr  komunat e Preshev\u00ebs , Bujanocit dhe Medvegj\u00ebs, jav\u00ebn e kaluar n\u00eb  Bujanoc kan vendosur shporta p\u00ebr hudhjen e mbeturinave. Duke ju  faleminderuar k\u00ebtij aktivitetit, n\u00eb kuad\u00ebr t\u00eb breng\u00ebs ekologjike,  past\u00ebrtis dhe pamjes s\u00eb qytetit, Bujanoci \u00ebsht\u00eb pasuruar me 14 shporta  t\u00eb metalit.<\/p>\n","protected":false},"author":1,"featured_media":142135,"comment_status":"closed","ping_status":"closed","sticky":false,"template":"","format":"standard","meta":{"footnotes":""},"categories":[55],"tags":[],"class_list":["post-142130","post","type-post","status-publish","format-standard","has-post-thumbnail","hentry","category-lajme"],"yoast_head":"<!-- This site is optimized with the Yoast SEO plugin v27.5 - https:\/\/yoast.com\/product\/yoast-seo-wordpress\/ -->\n<title>P\u00cbR NJ\u00cb BUJANOC M\u00cb T\u00cb PAST\u00cbR - 29.09.2011. - Republika e S\u00ebrbis\u00eb Trupi Koordinues p\u00ebr komunat Bujanoc, Preshev\u00eb dhe Medvegj\u00eb<\/title>\n<meta name=\"robots\" content=\"index, follow, max-snippet:-1, max-image-preview:large, max-video-preview:-1\" \/>\n<link rel=\"canonical\" href=\"https:\/\/kt.gov.rs\/sq\/per-nje-bujanoc-me-te-paster-29-09-2011\/\" \/>\n<meta property=\"og:locale\" content=\"sq_AL\" \/>\n<meta property=\"og:type\" content=\"article\" \/>\n<meta property=\"og:title\" content=\"P\u00cbR NJ\u00cb BUJANOC M\u00cb T\u00cb PAST\u00cbR - 29.09.2011. - Republika e S\u00ebrbis\u00eb Trupi Koordinues p\u00ebr komunat Bujanoc, Preshev\u00eb dhe Medvegj\u00eb\" \/>\n<meta property=\"og:description\" content=\"Agjensioni p\u00ebr zhvillim n\u00eb Bujanoc dhe Preshev\u00eb, me p\u00ebrkrahjen financiare t\u00eb trupit Koordinues\u00a0 t\u00eb Qeveris\u00eb s\u00eb Republik\u00ebs s\u00eb S\u00ebrbis p\u00ebr komunat e Preshev\u00ebs , Bujanocit dhe Medvegj\u00ebs, jav\u00ebn e kaluar n\u00eb Bujanoc kan vendosur shporta p\u00ebr hudhjen e mbeturinave. Duke ju faleminderuar k\u00ebtij aktivitetit, n\u00eb kuad\u00ebr t\u00eb breng\u00ebs ekologjike, past\u00ebrtis dhe pamjes s\u00eb qytetit, Bujanoci \u00ebsht\u00eb pasuruar me 14 shporta t\u00eb metalit.\" \/>\n<meta property=\"og:url\" content=\"https:\/\/kt.gov.rs\/sq\/per-nje-bujanoc-me-te-paster-29-09-2011\/\" \/>\n<meta property=\"og:site_name\" content=\"Republika e S\u00ebrbis\u00eb Trupi Koordinues p\u00ebr komunat Bujanoc, Preshev\u00eb dhe Medvegj\u00eb\" \/>\n<meta property=\"article:publisher\" content=\"https:\/\/www.facebook.com\/SluzbaKoordinacionogTelaVladeRepublikeSrbije\" \/>\n<meta property=\"article:published_time\" content=\"2011-09-29T00:00:00+00:00\" \/>\n<meta property=\"article:modified_time\" content=\"2024-07-30T20:19:52+00:00\" \/>\n<meta property=\"og:image\" content=\"https:\/\/kt.gov.rs\/wp-content\/uploads\/2024\/07\/newspic560-5.jpg\" \/>\n\t<meta property=\"og:image:width\" content=\"265\" \/>\n\t<meta property=\"og:image:height\" content=\"180\" \/>\n\t<meta property=\"og:image:type\" content=\"image\/jpeg\" \/>\n<meta name=\"author\" content=\"ktmin\" \/>\n<meta name=\"twitter:card\" content=\"summary_large_image\" \/>\n<meta name=\"twitter:creator\" content=\"@kt_gov\" \/>\n<meta name=\"twitter:site\" content=\"@kt_gov\" \/>\n<meta name=\"twitter:label1\" content=\"Written by\" \/>\n\t<meta name=\"twitter:data1\" content=\"ktmin\" \/>\n\t<meta name=\"twitter:label2\" content=\"Est. reading time\" \/>\n\t<meta name=\"twitter:data2\" content=\"1 minute\" \/>\n<script type=\"application\/ld+json\" class=\"yoast-schema-graph\">{\"@context\":\"https:\\\/\\\/schema.org\",\"@graph\":[{\"@type\":\"Article\",\"@id\":\"https:\\\/\\\/kt.gov.rs\\\/sq\\\/per-nje-bujanoc-me-te-paster-29-09-2011\\\/#article\",\"isPartOf\":{\"@id\":\"https:\\\/\\\/kt.gov.rs\\\/sq\\\/per-nje-bujanoc-me-te-paster-29-09-2011\\\/\"},\"author\":{\"name\":\"ktmin\",\"@id\":\"https:\\\/\\\/kt.gov.rs\\\/#\\\/schema\\\/person\\\/e426459ddb4173309103390602694571\"},\"headline\":\"P\u00cbR NJ\u00cb BUJANOC M\u00cb T\u00cb PAST\u00cbR \u2013 29.09.2011.\",\"datePublished\":\"2011-09-29T00:00:00+00:00\",\"dateModified\":\"2024-07-30T20:19:52+00:00\",\"mainEntityOfPage\":{\"@id\":\"https:\\\/\\\/kt.gov.rs\\\/sq\\\/per-nje-bujanoc-me-te-paster-29-09-2011\\\/\"},\"wordCount\":184,\"publisher\":{\"@id\":\"https:\\\/\\\/kt.gov.rs\\\/#organization\"},\"image\":{\"@id\":\"https:\\\/\\\/kt.gov.rs\\\/sq\\\/per-nje-bujanoc-me-te-paster-29-09-2011\\\/#primaryimage\"},\"thumbnailUrl\":\"https:\\\/\\\/kt.gov.rs\\\/wp-content\\\/uploads\\\/2024\\\/07\\\/newspic560-5.jpg\",\"articleSection\":[\"Lajme\"],\"inLanguage\":\"sq-AL\"},{\"@type\":\"WebPage\",\"@id\":\"https:\\\/\\\/kt.gov.rs\\\/sq\\\/per-nje-bujanoc-me-te-paster-29-09-2011\\\/\",\"url\":\"https:\\\/\\\/kt.gov.rs\\\/sq\\\/per-nje-bujanoc-me-te-paster-29-09-2011\\\/\",\"name\":\"P\u00cbR NJ\u00cb BUJANOC M\u00cb T\u00cb PAST\u00cbR - 29.09.2011. - Republika e S\u00ebrbis\u00eb Trupi Koordinues p\u00ebr komunat Bujanoc, Preshev\u00eb dhe Medvegj\u00eb\",\"isPartOf\":{\"@id\":\"https:\\\/\\\/kt.gov.rs\\\/#website\"},\"primaryImageOfPage\":{\"@id\":\"https:\\\/\\\/kt.gov.rs\\\/sq\\\/per-nje-bujanoc-me-te-paster-29-09-2011\\\/#primaryimage\"},\"image\":{\"@id\":\"https:\\\/\\\/kt.gov.rs\\\/sq\\\/per-nje-bujanoc-me-te-paster-29-09-2011\\\/#primaryimage\"},\"thumbnailUrl\":\"https:\\\/\\\/kt.gov.rs\\\/wp-content\\\/uploads\\\/2024\\\/07\\\/newspic560-5.jpg\",\"datePublished\":\"2011-09-29T00:00:00+00:00\",\"dateModified\":\"2024-07-30T20:19:52+00:00\",\"breadcrumb\":{\"@id\":\"https:\\\/\\\/kt.gov.rs\\\/sq\\\/per-nje-bujanoc-me-te-paster-29-09-2011\\\/#breadcrumb\"},\"inLanguage\":\"sq-AL\",\"potentialAction\":[{\"@type\":\"ReadAction\",\"target\":[\"https:\\\/\\\/kt.gov.rs\\\/sq\\\/per-nje-bujanoc-me-te-paster-29-09-2011\\\/\"]}]},{\"@type\":\"ImageObject\",\"inLanguage\":\"sq-AL\",\"@id\":\"https:\\\/\\\/kt.gov.rs\\\/sq\\\/per-nje-bujanoc-me-te-paster-29-09-2011\\\/#primaryimage\",\"url\":\"https:\\\/\\\/kt.gov.rs\\\/wp-content\\\/uploads\\\/2024\\\/07\\\/newspic560-5.jpg\",\"contentUrl\":\"https:\\\/\\\/kt.gov.rs\\\/wp-content\\\/uploads\\\/2024\\\/07\\\/newspic560-5.jpg\",\"width\":265,\"height\":180},{\"@type\":\"BreadcrumbList\",\"@id\":\"https:\\\/\\\/kt.gov.rs\\\/sq\\\/per-nje-bujanoc-me-te-paster-29-09-2011\\\/#breadcrumb\",\"itemListElement\":[{\"@type\":\"ListItem\",\"position\":1,\"name\":\"\u041f\u043e\u0447\u0435\u0442\u043d\u0430\",\"item\":\"https:\\\/\\\/kt.gov.rs\\\/sq\\\/\"},{\"@type\":\"ListItem\",\"position\":2,\"name\":\"P\u00cbR NJ\u00cb BUJANOC M\u00cb T\u00cb PAST\u00cbR \u2013 29.09.2011.\"}]},{\"@type\":\"WebSite\",\"@id\":\"https:\\\/\\\/kt.gov.rs\\\/#website\",\"url\":\"https:\\\/\\\/kt.gov.rs\\\/\",\"name\":\"\u041a\u043e\u043e\u0440\u0434\u0438\u043d\u0430\u0446\u0438\u043e\u043d\u043e \u0442\u0435\u043b\u043e \u0412\u043b\u0430\u0434\u0435 \u0420\u0435\u043f\u0443\u0431\u043b\u0438\u043a\u0435 \u0421\u0440\u0431\u0438\u0458\u0435 \u0437\u0430 \u043e\u043f\u0448\u0442\u0438\u043d\u0435 \u041f\u0440\u0435\u0448\u0435\u0432\u043e, \u0411\u0443\u0458\u0430\u043d\u043e\u0432\u0430\u0446 \u0438 \u041c\u0435\u0434\u0432\u0435\u0452a\",\"description\":\"\",\"publisher\":{\"@id\":\"https:\\\/\\\/kt.gov.rs\\\/#organization\"},\"alternateName\":\"\u041a\u043e\u043e\u0440\u0434\u0438\u043d\u0430\u0446\u0438\u043e\u043d\u043e \u0442\u0435\u043b\u043e\",\"potentialAction\":[{\"@type\":\"SearchAction\",\"target\":{\"@type\":\"EntryPoint\",\"urlTemplate\":\"https:\\\/\\\/kt.gov.rs\\\/?s={search_term_string}\"},\"query-input\":{\"@type\":\"PropertyValueSpecification\",\"valueRequired\":true,\"valueName\":\"search_term_string\"}}],\"inLanguage\":\"sq-AL\"},{\"@type\":\"Organization\",\"@id\":\"https:\\\/\\\/kt.gov.rs\\\/#organization\",\"name\":\"\u041a\u043e\u043e\u0440\u0434\u0438\u043d\u0430\u0446\u0438\u043e\u043d\u043e \u0442\u0435\u043b\u043e \u0412\u043b\u0430\u0434\u0435 \u0420\u0435\u043f\u0443\u0431\u043b\u0438\u043a\u0435 \u0421\u0440\u0431\u0438\u0458\u0435 \u0437\u0430 \u043e\u043f\u0448\u0442\u0438\u043d\u0435 \u041f\u0440\u0435\u0448\u0435\u0432\u043e, \u0411\u0443\u0458\u0430\u043d\u043e\u0432\u0430\u0446 \u0438 \u041c\u0435\u0434\u0432\u0435\u0452a\",\"alternateName\":\"\u041a\u043e\u043e\u0440\u0434\u0438\u043d\u0430\u0446\u0438\u043e\u043d\u043e \u0442\u0435\u043b\u043e\",\"url\":\"https:\\\/\\\/kt.gov.rs\\\/\",\"logo\":{\"@type\":\"ImageObject\",\"inLanguage\":\"sq-AL\",\"@id\":\"https:\\\/\\\/kt.gov.rs\\\/#\\\/schema\\\/logo\\\/image\\\/\",\"url\":\"https:\\\/\\\/kt.gov.rs\\\/wp-content\\\/uploads\\\/2024\\\/12\\\/koord2.jpg\",\"contentUrl\":\"https:\\\/\\\/kt.gov.rs\\\/wp-content\\\/uploads\\\/2024\\\/12\\\/koord2.jpg\",\"width\":640,\"height\":480,\"caption\":\"\u041a\u043e\u043e\u0440\u0434\u0438\u043d\u0430\u0446\u0438\u043e\u043d\u043e \u0442\u0435\u043b\u043e \u0412\u043b\u0430\u0434\u0435 \u0420\u0435\u043f\u0443\u0431\u043b\u0438\u043a\u0435 \u0421\u0440\u0431\u0438\u0458\u0435 \u0437\u0430 \u043e\u043f\u0448\u0442\u0438\u043d\u0435 \u041f\u0440\u0435\u0448\u0435\u0432\u043e, \u0411\u0443\u0458\u0430\u043d\u043e\u0432\u0430\u0446 \u0438 \u041c\u0435\u0434\u0432\u0435\u0452a\"},\"image\":{\"@id\":\"https:\\\/\\\/kt.gov.rs\\\/#\\\/schema\\\/logo\\\/image\\\/\"},\"sameAs\":[\"https:\\\/\\\/www.facebook.com\\\/SluzbaKoordinacionogTelaVladeRepublikeSrbije\",\"https:\\\/\\\/x.com\\\/kt_gov\",\"https:\\\/\\\/www.youtube.com\\\/@koordinacionotelo\"]},{\"@type\":\"Person\",\"@id\":\"https:\\\/\\\/kt.gov.rs\\\/#\\\/schema\\\/person\\\/e426459ddb4173309103390602694571\",\"name\":\"ktmin\",\"image\":{\"@type\":\"ImageObject\",\"inLanguage\":\"sq-AL\",\"@id\":\"https:\\\/\\\/secure.gravatar.com\\\/avatar\\\/3985c961109853010c3fbc7ba30365bfba5db3dd6c525831d9c595c7525a615a?s=96&d=mm&r=g\",\"url\":\"https:\\\/\\\/secure.gravatar.com\\\/avatar\\\/3985c961109853010c3fbc7ba30365bfba5db3dd6c525831d9c595c7525a615a?s=96&d=mm&r=g\",\"contentUrl\":\"https:\\\/\\\/secure.gravatar.com\\\/avatar\\\/3985c961109853010c3fbc7ba30365bfba5db3dd6c525831d9c595c7525a615a?s=96&d=mm&r=g\",\"caption\":\"ktmin\"},\"sameAs\":[\"https:\\\/\\\/kt.gov.rs\"],\"url\":\"https:\\\/\\\/kt.gov.rs\\\/sq\\\/author\\\/ktmin\\\/\"}]}<\/script>\n<!-- \/ Yoast SEO plugin. -->","yoast_head_json":{"title":"P\u00cbR NJ\u00cb BUJANOC M\u00cb T\u00cb PAST\u00cbR - 29.09.2011. - Republika e S\u00ebrbis\u00eb Trupi Koordinues p\u00ebr komunat Bujanoc, Preshev\u00eb dhe Medvegj\u00eb","robots":{"index":"index","follow":"follow","max-snippet":"max-snippet:-1","max-image-preview":"max-image-preview:large","max-video-preview":"max-video-preview:-1"},"canonical":"https:\/\/kt.gov.rs\/sq\/per-nje-bujanoc-me-te-paster-29-09-2011\/","og_locale":"sq_AL","og_type":"article","og_title":"P\u00cbR NJ\u00cb BUJANOC M\u00cb T\u00cb PAST\u00cbR - 29.09.2011. - Republika e S\u00ebrbis\u00eb Trupi Koordinues p\u00ebr komunat Bujanoc, Preshev\u00eb dhe Medvegj\u00eb","og_description":"Agjensioni p\u00ebr zhvillim n\u00eb Bujanoc dhe Preshev\u00eb, me p\u00ebrkrahjen financiare t\u00eb trupit Koordinues\u00a0 t\u00eb Qeveris\u00eb s\u00eb Republik\u00ebs s\u00eb S\u00ebrbis p\u00ebr komunat e Preshev\u00ebs , Bujanocit dhe Medvegj\u00ebs, jav\u00ebn e kaluar n\u00eb Bujanoc kan vendosur shporta p\u00ebr hudhjen e mbeturinave. Duke ju faleminderuar k\u00ebtij aktivitetit, n\u00eb kuad\u00ebr t\u00eb breng\u00ebs ekologjike, past\u00ebrtis dhe pamjes s\u00eb qytetit, Bujanoci \u00ebsht\u00eb pasuruar me 14 shporta t\u00eb metalit.","og_url":"https:\/\/kt.gov.rs\/sq\/per-nje-bujanoc-me-te-paster-29-09-2011\/","og_site_name":"Republika e S\u00ebrbis\u00eb Trupi Koordinues p\u00ebr komunat Bujanoc, Preshev\u00eb dhe Medvegj\u00eb","article_publisher":"https:\/\/www.facebook.com\/SluzbaKoordinacionogTelaVladeRepublikeSrbije","article_published_time":"2011-09-29T00:00:00+00:00","article_modified_time":"2024-07-30T20:19:52+00:00","og_image":[{"width":265,"height":180,"url":"https:\/\/kt.gov.rs\/wp-content\/uploads\/2024\/07\/newspic560-5.jpg","type":"image\/jpeg"}],"author":"ktmin","twitter_card":"summary_large_image","twitter_creator":"@kt_gov","twitter_site":"@kt_gov","twitter_misc":{"Written by":"ktmin","Est. reading time":"1 minute"},"schema":{"@context":"https:\/\/schema.org","@graph":[{"@type":"Article","@id":"https:\/\/kt.gov.rs\/sq\/per-nje-bujanoc-me-te-paster-29-09-2011\/#article","isPartOf":{"@id":"https:\/\/kt.gov.rs\/sq\/per-nje-bujanoc-me-te-paster-29-09-2011\/"},"author":{"name":"ktmin","@id":"https:\/\/kt.gov.rs\/#\/schema\/person\/e426459ddb4173309103390602694571"},"headline":"P\u00cbR NJ\u00cb BUJANOC M\u00cb T\u00cb PAST\u00cbR \u2013 29.09.2011.","datePublished":"2011-09-29T00:00:00+00:00","dateModified":"2024-07-30T20:19:52+00:00","mainEntityOfPage":{"@id":"https:\/\/kt.gov.rs\/sq\/per-nje-bujanoc-me-te-paster-29-09-2011\/"},"wordCount":184,"publisher":{"@id":"https:\/\/kt.gov.rs\/#organization"},"image":{"@id":"https:\/\/kt.gov.rs\/sq\/per-nje-bujanoc-me-te-paster-29-09-2011\/#primaryimage"},"thumbnailUrl":"https:\/\/kt.gov.rs\/wp-content\/uploads\/2024\/07\/newspic560-5.jpg","articleSection":["Lajme"],"inLanguage":"sq-AL"},{"@type":"WebPage","@id":"https:\/\/kt.gov.rs\/sq\/per-nje-bujanoc-me-te-paster-29-09-2011\/","url":"https:\/\/kt.gov.rs\/sq\/per-nje-bujanoc-me-te-paster-29-09-2011\/","name":"P\u00cbR NJ\u00cb BUJANOC M\u00cb T\u00cb PAST\u00cbR - 29.09.2011. - Republika e S\u00ebrbis\u00eb Trupi Koordinues p\u00ebr komunat Bujanoc, Preshev\u00eb dhe Medvegj\u00eb","isPartOf":{"@id":"https:\/\/kt.gov.rs\/#website"},"primaryImageOfPage":{"@id":"https:\/\/kt.gov.rs\/sq\/per-nje-bujanoc-me-te-paster-29-09-2011\/#primaryimage"},"image":{"@id":"https:\/\/kt.gov.rs\/sq\/per-nje-bujanoc-me-te-paster-29-09-2011\/#primaryimage"},"thumbnailUrl":"https:\/\/kt.gov.rs\/wp-content\/uploads\/2024\/07\/newspic560-5.jpg","datePublished":"2011-09-29T00:00:00+00:00","dateModified":"2024-07-30T20:19:52+00:00","breadcrumb":{"@id":"https:\/\/kt.gov.rs\/sq\/per-nje-bujanoc-me-te-paster-29-09-2011\/#breadcrumb"},"inLanguage":"sq-AL","potentialAction":[{"@type":"ReadAction","target":["https:\/\/kt.gov.rs\/sq\/per-nje-bujanoc-me-te-paster-29-09-2011\/"]}]},{"@type":"ImageObject","inLanguage":"sq-AL","@id":"https:\/\/kt.gov.rs\/sq\/per-nje-bujanoc-me-te-paster-29-09-2011\/#primaryimage","url":"https:\/\/kt.gov.rs\/wp-content\/uploads\/2024\/07\/newspic560-5.jpg","contentUrl":"https:\/\/kt.gov.rs\/wp-content\/uploads\/2024\/07\/newspic560-5.jpg","width":265,"height":180},{"@type":"BreadcrumbList","@id":"https:\/\/kt.gov.rs\/sq\/per-nje-bujanoc-me-te-paster-29-09-2011\/#breadcrumb","itemListElement":[{"@type":"ListItem","position":1,"name":"\u041f\u043e\u0447\u0435\u0442\u043d\u0430","item":"https:\/\/kt.gov.rs\/sq\/"},{"@type":"ListItem","position":2,"name":"P\u00cbR NJ\u00cb BUJANOC M\u00cb T\u00cb PAST\u00cbR \u2013 29.09.2011."}]},{"@type":"WebSite","@id":"https:\/\/kt.gov.rs\/#website","url":"https:\/\/kt.gov.rs\/","name":"\u041a\u043e\u043e\u0440\u0434\u0438\u043d\u0430\u0446\u0438\u043e\u043d\u043e \u0442\u0435\u043b\u043e \u0412\u043b\u0430\u0434\u0435 \u0420\u0435\u043f\u0443\u0431\u043b\u0438\u043a\u0435 \u0421\u0440\u0431\u0438\u0458\u0435 \u0437\u0430 \u043e\u043f\u0448\u0442\u0438\u043d\u0435 \u041f\u0440\u0435\u0448\u0435\u0432\u043e, \u0411\u0443\u0458\u0430\u043d\u043e\u0432\u0430\u0446 \u0438 \u041c\u0435\u0434\u0432\u0435\u0452a","description":"","publisher":{"@id":"https:\/\/kt.gov.rs\/#organization"},"alternateName":"\u041a\u043e\u043e\u0440\u0434\u0438\u043d\u0430\u0446\u0438\u043e\u043d\u043e \u0442\u0435\u043b\u043e","potentialAction":[{"@type":"SearchAction","target":{"@type":"EntryPoint","urlTemplate":"https:\/\/kt.gov.rs\/?s={search_term_string}"},"query-input":{"@type":"PropertyValueSpecification","valueRequired":true,"valueName":"search_term_string"}}],"inLanguage":"sq-AL"},{"@type":"Organization","@id":"https:\/\/kt.gov.rs\/#organization","name":"\u041a\u043e\u043e\u0440\u0434\u0438\u043d\u0430\u0446\u0438\u043e\u043d\u043e \u0442\u0435\u043b\u043e \u0412\u043b\u0430\u0434\u0435 \u0420\u0435\u043f\u0443\u0431\u043b\u0438\u043a\u0435 \u0421\u0440\u0431\u0438\u0458\u0435 \u0437\u0430 \u043e\u043f\u0448\u0442\u0438\u043d\u0435 \u041f\u0440\u0435\u0448\u0435\u0432\u043e, \u0411\u0443\u0458\u0430\u043d\u043e\u0432\u0430\u0446 \u0438 \u041c\u0435\u0434\u0432\u0435\u0452a","alternateName":"\u041a\u043e\u043e\u0440\u0434\u0438\u043d\u0430\u0446\u0438\u043e\u043d\u043e \u0442\u0435\u043b\u043e","url":"https:\/\/kt.gov.rs\/","logo":{"@type":"ImageObject","inLanguage":"sq-AL","@id":"https:\/\/kt.gov.rs\/#\/schema\/logo\/image\/","url":"https:\/\/kt.gov.rs\/wp-content\/uploads\/2024\/12\/koord2.jpg","contentUrl":"https:\/\/kt.gov.rs\/wp-content\/uploads\/2024\/12\/koord2.jpg","width":640,"height":480,"caption":"\u041a\u043e\u043e\u0440\u0434\u0438\u043d\u0430\u0446\u0438\u043e\u043d\u043e \u0442\u0435\u043b\u043e \u0412\u043b\u0430\u0434\u0435 \u0420\u0435\u043f\u0443\u0431\u043b\u0438\u043a\u0435 \u0421\u0440\u0431\u0438\u0458\u0435 \u0437\u0430 \u043e\u043f\u0448\u0442\u0438\u043d\u0435 \u041f\u0440\u0435\u0448\u0435\u0432\u043e, \u0411\u0443\u0458\u0430\u043d\u043e\u0432\u0430\u0446 \u0438 \u041c\u0435\u0434\u0432\u0435\u0452a"},"image":{"@id":"https:\/\/kt.gov.rs\/#\/schema\/logo\/image\/"},"sameAs":["https:\/\/www.facebook.com\/SluzbaKoordinacionogTelaVladeRepublikeSrbije","https:\/\/x.com\/kt_gov","https:\/\/www.youtube.com\/@koordinacionotelo"]},{"@type":"Person","@id":"https:\/\/kt.gov.rs\/#\/schema\/person\/e426459ddb4173309103390602694571","name":"ktmin","image":{"@type":"ImageObject","inLanguage":"sq-AL","@id":"https:\/\/secure.gravatar.com\/avatar\/3985c961109853010c3fbc7ba30365bfba5db3dd6c525831d9c595c7525a615a?s=96&d=mm&r=g","url":"https:\/\/secure.gravatar.com\/avatar\/3985c961109853010c3fbc7ba30365bfba5db3dd6c525831d9c595c7525a615a?s=96&d=mm&r=g","contentUrl":"https:\/\/secure.gravatar.com\/avatar\/3985c961109853010c3fbc7ba30365bfba5db3dd6c525831d9c595c7525a615a?s=96&d=mm&r=g","caption":"ktmin"},"sameAs":["https:\/\/kt.gov.rs"],"url":"https:\/\/kt.gov.rs\/sq\/author\/ktmin\/"}]}},"_links":{"self":[{"href":"https:\/\/kt.gov.rs\/sq\/wp-json\/wp\/v2\/posts\/142130","targetHints":{"allow":["GET"]}}],"collection":[{"href":"https:\/\/kt.gov.rs\/sq\/wp-json\/wp\/v2\/posts"}],"about":[{"href":"https:\/\/kt.gov.rs\/sq\/wp-json\/wp\/v2\/types\/post"}],"author":[{"embeddable":true,"href":"https:\/\/kt.gov.rs\/sq\/wp-json\/wp\/v2\/users\/1"}],"replies":[{"embeddable":true,"href":"https:\/\/kt.gov.rs\/sq\/wp-json\/wp\/v2\/comments?post=142130"}],"version-history":[{"count":1,"href":"https:\/\/kt.gov.rs\/sq\/wp-json\/wp\/v2\/posts\/142130\/revisions"}],"predecessor-version":[{"id":142134,"href":"https:\/\/kt.gov.rs\/sq\/wp-json\/wp\/v2\/posts\/142130\/revisions\/142134"}],"wp:featuredmedia":[{"embeddable":true,"href":"https:\/\/kt.gov.rs\/sq\/wp-json\/wp\/v2\/media\/142135"}],"wp:attachment":[{"href":"https:\/\/kt.gov.rs\/sq\/wp-json\/wp\/v2\/media?parent=142130"}],"wp:term":[{"taxonomy":"category","embeddable":true,"href":"https:\/\/kt.gov.rs\/sq\/wp-json\/wp\/v2\/categories?post=142130"},{"taxonomy":"post_tag","embeddable":true,"href":"https:\/\/kt.gov.rs\/sq\/wp-json\/wp\/v2\/tags?post=142130"}],"curies":[{"name":"wp","href":"https:\/\/api.w.org\/{rel}","templated":true}]}}