{"id":142129,"date":"2011-09-29T00:00:00","date_gmt":"2011-09-29T00:00:00","guid":{"rendered":"http:\/\/kt.printandscreen.rs\/ministri-markovic-regjistrimi-eshte-menyra-per-t-u-njoftuar-me-problemet-e-nje-bashkesie-dhe-per-te-gjetur-zgjidhjen\/"},"modified":"2011-09-29T00:00:00","modified_gmt":"2011-09-29T00:00:00","slug":"ministri-markovic-regjistrimi-eshte-menyra-per-t-u-njoftuar-me-problemet-e-nje-bashkesie-dhe-per-te-gjetur-zgjidhjen","status":"publish","type":"post","link":"https:\/\/kt.gov.rs\/sq\/ministri-markovic-regjistrimi-eshte-menyra-per-t-u-njoftuar-me-problemet-e-nje-bashkesie-dhe-per-te-gjetur-zgjidhjen\/","title":{"rendered":"MINISTRI MARKOVIC: Regjistrimi \u00ebsht\u00eb m\u00ebnyra p\u00ebr t\u2019u njoftuar me problemet e nj\u00eb bashk\u00ebsie, dhe p\u00ebr t\u00eb gjetur zgjidhjen"},"content":{"rendered":"<p>N\u00eb institutin Republikan p\u00ebr statistika \u00ebsht\u00eb th\u00ebn\u00eb se regjistrimi \u00ebsht\u00eb shum i r\u00ebnd\u00ebsish\u00ebm p\u00ebr qytetar\u00ebt e r\u00ebndomt sepse kjo mund t\u00eb thot\u00eb njohje e problemeve t\u00eb tyre t\u00eb cil\u00ebt i kan\u00eb n\u00eb arsimim, infrastuktur dhe sh\u00ebndetsi, e poashtu edhe nisje e zgjidhjeve t\u00eb tyre.Regjistrimi do t\u00eb mbahet\u00a0 pre 1 deri m\u00eb 15 tetor\u00eb t\u00eb k\u00ebtij viti.<\/p>\n<p>Milan Markovic, minist\u00ebr p\u00ebr t\u00eb drejtat e njeriut dhe pakicave, dhe vetqeverisje lokale, kryetar i Trupit Koordinues t\u00eb Qeveris\u00eb s\u00eb Republik\u00ebs s\u00eb Serbis\u00eb p\u00ebr komunat e Preshev\u00ebs, Bujanocit dhe Medvegj\u00ebs, thot\u00eb se bojkotimi i regjistrimit tek Shqiptar\u00ebt \u00ebsht\u00eb politikisht i motivuar dhe mund t\u00eb shkoj n\u00eb d\u00ebm t\u00eb tyre.<\/p>\n<p>\u201cEgziston m\u00ebnyr\u00eb p\u00ebr t\u00eb llogaritur sa Shqiptar\u00eb ka,mir\u00ebpo, regjistrimi nuk \u00ebsht\u00eb vet\u00ebm numrim i popullsis\u00eb mir\u00ebpo e\u00ebsht\u00eb edhe m\u00ebnyr\u00eb p\u00ebr t\u2019u njoftuar me problemet me problemet e k\u00ebsaj populate dhe m\u00ebnyr\u00eb e gjetjes s\u00eb zgjidhj\u00ebs\u201d, deklaroi ministri Markovic.<\/p>\n<p>S\u00ebrbia tha ai do t\u00eb vazhdoj t\u00eb zgjidh problemet t\u00eb cil\u00ebt i kan Shqiptar\u00ebt, nd\u00ebrsa bojkoti do t\u00eb jet\u00eb vet\u00ebm\u00a0 nj\u00eb thik n\u00eb shpind t\u00eb k\u00ebtyre p\u00ebrpjekjeve.<\/p>\n<p>Snezhana Llakceviq, kryeshefe e repartit p\u00ebr regjistrim n\u00eb entin republikan p\u00ebr statistika, deklaroi \u201cq\u00eb t\u00eb gjith qytetar\u00ebt, e poashtu edhe Shqiptar\u00ebt duhet t\u00eb kuptojn q\u00eb regjistrimi \u00ebsht\u00eb p\u00ebr t\u00eb mir\u00ebn e tyre. Regjistrimi \u00ebsht\u00eb analiz\u00eb gjaku e nj\u00eb shteti. Regjistrimi \u00ebsht\u00eb i vetmi burim i informatave valide sa i p\u00ebrket popullsis\u00eb, pronave dhe banimeve dhe karakteristikave t\u00eb tyre. Informacionet t\u00eb cil\u00ebt do t\u2019i marrim jan t\u00eb patjet\u00ebrsueshme\u00a0 q\u00eb shteti t\u00eb p\u00ebrcaktoj politik\u00ebn rreth arsimimit, nd\u00ebrtimit t\u00eb infrastuktur\u00ebs, zvoglimin e papunsis. <\/p>\n<p>Do t\u00eb shohim, p\u00ebr shembull, n\u00ebse dikun ka shum f\u00ebmij\u00eb ose t\u00eb vjet\u00ebr at\u00ebher do t\u00eb thot se atje duhet t\u00eb nd\u00ebrtohet shkoll ose sht\u00ebpi e sh\u00ebndetit\u201d, tha Llakceviq. T\u00eb dh\u00ebnat e regjistrimit jan t\u00eb r\u00ebndsishme, sic tha ajo, Europa flet me shifra<\/p>\n","protected":false},"excerpt":{"rendered":"<p>N\u00eb institutin Republikan p\u00ebr statistika \u00ebsht\u00eb th\u00ebn\u00eb se regjistrimi \u00ebsht\u00eb shum i r\u00ebnd\u00ebsish\u00ebm p\u00ebr qytetar\u00ebt e r\u00ebndomt sepse kjo mund t\u00eb thot\u00eb njohje e problemeve t\u00eb tyre t\u00eb cil\u00ebt i kan\u00eb n\u00eb arsimim, infrastuktur dhe sh\u00ebndetsi, e poashtu edhe nisje e zgjidhjeve t\u00eb tyre.Regjistrimi do t\u00eb mbahet\u00a0 pre 1 deri m\u00eb 15 tetor\u00eb t\u00eb k\u00ebtij viti.<\/p>\n","protected":false},"author":1,"featured_media":0,"comment_status":"closed","ping_status":"closed","sticky":false,"template":"","format":"standard","meta":{"footnotes":""},"categories":[55],"tags":[],"class_list":["post-142129","post","type-post","status-publish","format-standard","hentry","category-lajme"],"yoast_head":"<!-- This site is optimized with the Yoast SEO plugin v27.5 - https:\/\/yoast.com\/product\/yoast-seo-wordpress\/ -->\n<title>MINISTRI MARKOVIC: Regjistrimi \u00ebsht\u00eb m\u00ebnyra p\u00ebr t\u2019u njoftuar me problemet e nj\u00eb bashk\u00ebsie, dhe p\u00ebr t\u00eb gjetur zgjidhjen - Republika e S\u00ebrbis\u00eb Trupi Koordinues p\u00ebr komunat Bujanoc, Preshev\u00eb dhe Medvegj\u00eb<\/title>\n<meta name=\"robots\" content=\"index, follow, max-snippet:-1, max-image-preview:large, max-video-preview:-1\" \/>\n<link rel=\"canonical\" href=\"https:\/\/kt.gov.rs\/sq\/ministri-markovic-regjistrimi-eshte-menyra-per-t-u-njoftuar-me-problemet-e-nje-bashkesie-dhe-per-te-gjetur-zgjidhjen\/\" \/>\n<meta property=\"og:locale\" content=\"sq_AL\" \/>\n<meta property=\"og:type\" content=\"article\" \/>\n<meta property=\"og:title\" content=\"MINISTRI MARKOVIC: Regjistrimi \u00ebsht\u00eb m\u00ebnyra p\u00ebr t\u2019u njoftuar me problemet e nj\u00eb bashk\u00ebsie, dhe p\u00ebr t\u00eb gjetur zgjidhjen - Republika e S\u00ebrbis\u00eb Trupi Koordinues p\u00ebr komunat Bujanoc, Preshev\u00eb dhe Medvegj\u00eb\" \/>\n<meta property=\"og:description\" content=\"N\u00eb institutin Republikan p\u00ebr statistika \u00ebsht\u00eb th\u00ebn\u00eb se regjistrimi \u00ebsht\u00eb shum i r\u00ebnd\u00ebsish\u00ebm p\u00ebr qytetar\u00ebt e r\u00ebndomt sepse kjo mund t\u00eb thot\u00eb njohje e problemeve t\u00eb tyre t\u00eb cil\u00ebt i kan\u00eb n\u00eb arsimim, infrastuktur dhe sh\u00ebndetsi, e poashtu edhe nisje e zgjidhjeve t\u00eb tyre.Regjistrimi do t\u00eb mbahet\u00a0 pre 1 deri m\u00eb 15 tetor\u00eb t\u00eb k\u00ebtij viti.\" \/>\n<meta property=\"og:url\" content=\"https:\/\/kt.gov.rs\/sq\/ministri-markovic-regjistrimi-eshte-menyra-per-t-u-njoftuar-me-problemet-e-nje-bashkesie-dhe-per-te-gjetur-zgjidhjen\/\" \/>\n<meta property=\"og:site_name\" content=\"Republika e S\u00ebrbis\u00eb Trupi Koordinues p\u00ebr komunat Bujanoc, Preshev\u00eb dhe Medvegj\u00eb\" \/>\n<meta property=\"article:publisher\" content=\"https:\/\/www.facebook.com\/SluzbaKoordinacionogTelaVladeRepublikeSrbije\" \/>\n<meta property=\"article:published_time\" content=\"2011-09-29T00:00:00+00:00\" \/>\n<meta name=\"author\" content=\"ktmin\" \/>\n<meta name=\"twitter:card\" content=\"summary_large_image\" \/>\n<meta name=\"twitter:creator\" content=\"@kt_gov\" \/>\n<meta name=\"twitter:site\" content=\"@kt_gov\" \/>\n<meta name=\"twitter:label1\" content=\"Written by\" \/>\n\t<meta name=\"twitter:data1\" content=\"ktmin\" \/>\n\t<meta name=\"twitter:label2\" content=\"Est. reading time\" \/>\n\t<meta name=\"twitter:data2\" content=\"2 minutes\" \/>\n<script type=\"application\/ld+json\" class=\"yoast-schema-graph\">{\"@context\":\"https:\\\/\\\/schema.org\",\"@graph\":[{\"@type\":\"Article\",\"@id\":\"https:\\\/\\\/kt.gov.rs\\\/sq\\\/ministri-markovic-regjistrimi-eshte-menyra-per-t-u-njoftuar-me-problemet-e-nje-bashkesie-dhe-per-te-gjetur-zgjidhjen\\\/#article\",\"isPartOf\":{\"@id\":\"https:\\\/\\\/kt.gov.rs\\\/sq\\\/ministri-markovic-regjistrimi-eshte-menyra-per-t-u-njoftuar-me-problemet-e-nje-bashkesie-dhe-per-te-gjetur-zgjidhjen\\\/\"},\"author\":{\"name\":\"ktmin\",\"@id\":\"https:\\\/\\\/kt.gov.rs\\\/#\\\/schema\\\/person\\\/e426459ddb4173309103390602694571\"},\"headline\":\"MINISTRI MARKOVIC: Regjistrimi \u00ebsht\u00eb m\u00ebnyra p\u00ebr t\u2019u njoftuar me problemet e nj\u00eb bashk\u00ebsie, dhe p\u00ebr t\u00eb gjetur zgjidhjen\",\"datePublished\":\"2011-09-29T00:00:00+00:00\",\"mainEntityOfPage\":{\"@id\":\"https:\\\/\\\/kt.gov.rs\\\/sq\\\/ministri-markovic-regjistrimi-eshte-menyra-per-t-u-njoftuar-me-problemet-e-nje-bashkesie-dhe-per-te-gjetur-zgjidhjen\\\/\"},\"wordCount\":387,\"publisher\":{\"@id\":\"https:\\\/\\\/kt.gov.rs\\\/#organization\"},\"articleSection\":[\"Lajme\"],\"inLanguage\":\"sq-AL\"},{\"@type\":\"WebPage\",\"@id\":\"https:\\\/\\\/kt.gov.rs\\\/sq\\\/ministri-markovic-regjistrimi-eshte-menyra-per-t-u-njoftuar-me-problemet-e-nje-bashkesie-dhe-per-te-gjetur-zgjidhjen\\\/\",\"url\":\"https:\\\/\\\/kt.gov.rs\\\/sq\\\/ministri-markovic-regjistrimi-eshte-menyra-per-t-u-njoftuar-me-problemet-e-nje-bashkesie-dhe-per-te-gjetur-zgjidhjen\\\/\",\"name\":\"MINISTRI MARKOVIC: Regjistrimi \u00ebsht\u00eb m\u00ebnyra p\u00ebr t\u2019u njoftuar me problemet e nj\u00eb bashk\u00ebsie, dhe p\u00ebr t\u00eb gjetur zgjidhjen - Republika e S\u00ebrbis\u00eb Trupi Koordinues p\u00ebr komunat Bujanoc, Preshev\u00eb dhe Medvegj\u00eb\",\"isPartOf\":{\"@id\":\"https:\\\/\\\/kt.gov.rs\\\/#website\"},\"datePublished\":\"2011-09-29T00:00:00+00:00\",\"breadcrumb\":{\"@id\":\"https:\\\/\\\/kt.gov.rs\\\/sq\\\/ministri-markovic-regjistrimi-eshte-menyra-per-t-u-njoftuar-me-problemet-e-nje-bashkesie-dhe-per-te-gjetur-zgjidhjen\\\/#breadcrumb\"},\"inLanguage\":\"sq-AL\",\"potentialAction\":[{\"@type\":\"ReadAction\",\"target\":[\"https:\\\/\\\/kt.gov.rs\\\/sq\\\/ministri-markovic-regjistrimi-eshte-menyra-per-t-u-njoftuar-me-problemet-e-nje-bashkesie-dhe-per-te-gjetur-zgjidhjen\\\/\"]}]},{\"@type\":\"BreadcrumbList\",\"@id\":\"https:\\\/\\\/kt.gov.rs\\\/sq\\\/ministri-markovic-regjistrimi-eshte-menyra-per-t-u-njoftuar-me-problemet-e-nje-bashkesie-dhe-per-te-gjetur-zgjidhjen\\\/#breadcrumb\",\"itemListElement\":[{\"@type\":\"ListItem\",\"position\":1,\"name\":\"Po\u010detna\",\"item\":\"https:\\\/\\\/kt.gov.rs\\\/sq\\\/\"},{\"@type\":\"ListItem\",\"position\":2,\"name\":\"MINISTRI MARKOVIC: Regjistrimi \u00ebsht\u00eb m\u00ebnyra p\u00ebr t\u2019u njoftuar me problemet e nj\u00eb bashk\u00ebsie, dhe p\u00ebr t\u00eb gjetur zgjidhjen\"}]},{\"@type\":\"WebSite\",\"@id\":\"https:\\\/\\\/kt.gov.rs\\\/#website\",\"url\":\"https:\\\/\\\/kt.gov.rs\\\/\",\"name\":\"Koordinaciono telo Vlade Republike Srbije za op\u0161tine Pre\u0161evo, Bujanovac i Medve\u0111a\",\"description\":\"\",\"publisher\":{\"@id\":\"https:\\\/\\\/kt.gov.rs\\\/#organization\"},\"alternateName\":\"Koordinaciono telo\",\"potentialAction\":[{\"@type\":\"SearchAction\",\"target\":{\"@type\":\"EntryPoint\",\"urlTemplate\":\"https:\\\/\\\/kt.gov.rs\\\/?s={search_term_string}\"},\"query-input\":{\"@type\":\"PropertyValueSpecification\",\"valueRequired\":true,\"valueName\":\"search_term_string\"}}],\"inLanguage\":\"sq-AL\"},{\"@type\":\"Organization\",\"@id\":\"https:\\\/\\\/kt.gov.rs\\\/#organization\",\"name\":\"Koordinaciono telo Vlade Republike Srbije za op\u0161tine Pre\u0161evo, Bujanovac i Medve\u0111a\",\"alternateName\":\"Koordinaciono telo\",\"url\":\"https:\\\/\\\/kt.gov.rs\\\/\",\"logo\":{\"@type\":\"ImageObject\",\"inLanguage\":\"sq-AL\",\"@id\":\"https:\\\/\\\/kt.gov.rs\\\/#\\\/schema\\\/logo\\\/image\\\/\",\"url\":\"https:\\\/\\\/kt.gov.rs\\\/wp-content\\\/uploads\\\/2024\\\/12\\\/koord2.jpg\",\"contentUrl\":\"https:\\\/\\\/kt.gov.rs\\\/wp-content\\\/uploads\\\/2024\\\/12\\\/koord2.jpg\",\"width\":640,\"height\":480,\"caption\":\"Koordinaciono telo Vlade Republike Srbije za op\u0161tine Pre\u0161evo, Bujanovac i Medve\u0111a\"},\"image\":{\"@id\":\"https:\\\/\\\/kt.gov.rs\\\/#\\\/schema\\\/logo\\\/image\\\/\"},\"sameAs\":[\"https:\\\/\\\/www.facebook.com\\\/SluzbaKoordinacionogTelaVladeRepublikeSrbije\",\"https:\\\/\\\/x.com\\\/kt_gov\",\"https:\\\/\\\/www.youtube.com\\\/@koordinacionotelo\"]},{\"@type\":\"Person\",\"@id\":\"https:\\\/\\\/kt.gov.rs\\\/#\\\/schema\\\/person\\\/e426459ddb4173309103390602694571\",\"name\":\"ktmin\",\"image\":{\"@type\":\"ImageObject\",\"inLanguage\":\"sq-AL\",\"@id\":\"https:\\\/\\\/secure.gravatar.com\\\/avatar\\\/3985c961109853010c3fbc7ba30365bfba5db3dd6c525831d9c595c7525a615a?s=96&d=mm&r=g\",\"url\":\"https:\\\/\\\/secure.gravatar.com\\\/avatar\\\/3985c961109853010c3fbc7ba30365bfba5db3dd6c525831d9c595c7525a615a?s=96&d=mm&r=g\",\"contentUrl\":\"https:\\\/\\\/secure.gravatar.com\\\/avatar\\\/3985c961109853010c3fbc7ba30365bfba5db3dd6c525831d9c595c7525a615a?s=96&d=mm&r=g\",\"caption\":\"ktmin\"},\"sameAs\":[\"https:\\\/\\\/kt.gov.rs\"],\"url\":\"https:\\\/\\\/kt.gov.rs\\\/sq\\\/author\\\/ktmin\\\/\"}]}<\/script>\n<!-- \/ Yoast SEO plugin. -->","yoast_head_json":{"title":"MINISTRI MARKOVIC: Regjistrimi \u00ebsht\u00eb m\u00ebnyra p\u00ebr t\u2019u njoftuar me problemet e nj\u00eb bashk\u00ebsie, dhe p\u00ebr t\u00eb gjetur zgjidhjen - Republika e S\u00ebrbis\u00eb Trupi Koordinues p\u00ebr komunat Bujanoc, Preshev\u00eb dhe Medvegj\u00eb","robots":{"index":"index","follow":"follow","max-snippet":"max-snippet:-1","max-image-preview":"max-image-preview:large","max-video-preview":"max-video-preview:-1"},"canonical":"https:\/\/kt.gov.rs\/sq\/ministri-markovic-regjistrimi-eshte-menyra-per-t-u-njoftuar-me-problemet-e-nje-bashkesie-dhe-per-te-gjetur-zgjidhjen\/","og_locale":"sq_AL","og_type":"article","og_title":"MINISTRI MARKOVIC: Regjistrimi \u00ebsht\u00eb m\u00ebnyra p\u00ebr t\u2019u njoftuar me problemet e nj\u00eb bashk\u00ebsie, dhe p\u00ebr t\u00eb gjetur zgjidhjen - Republika e S\u00ebrbis\u00eb Trupi Koordinues p\u00ebr komunat Bujanoc, Preshev\u00eb dhe Medvegj\u00eb","og_description":"N\u00eb institutin Republikan p\u00ebr statistika \u00ebsht\u00eb th\u00ebn\u00eb se regjistrimi \u00ebsht\u00eb shum i r\u00ebnd\u00ebsish\u00ebm p\u00ebr qytetar\u00ebt e r\u00ebndomt sepse kjo mund t\u00eb thot\u00eb njohje e problemeve t\u00eb tyre t\u00eb cil\u00ebt i kan\u00eb n\u00eb arsimim, infrastuktur dhe sh\u00ebndetsi, e poashtu edhe nisje e zgjidhjeve t\u00eb tyre.Regjistrimi do t\u00eb mbahet\u00a0 pre 1 deri m\u00eb 15 tetor\u00eb t\u00eb k\u00ebtij viti.","og_url":"https:\/\/kt.gov.rs\/sq\/ministri-markovic-regjistrimi-eshte-menyra-per-t-u-njoftuar-me-problemet-e-nje-bashkesie-dhe-per-te-gjetur-zgjidhjen\/","og_site_name":"Republika e S\u00ebrbis\u00eb Trupi Koordinues p\u00ebr komunat Bujanoc, Preshev\u00eb dhe Medvegj\u00eb","article_publisher":"https:\/\/www.facebook.com\/SluzbaKoordinacionogTelaVladeRepublikeSrbije","article_published_time":"2011-09-29T00:00:00+00:00","author":"ktmin","twitter_card":"summary_large_image","twitter_creator":"@kt_gov","twitter_site":"@kt_gov","twitter_misc":{"Written by":"ktmin","Est. reading time":"2 minutes"},"schema":{"@context":"https:\/\/schema.org","@graph":[{"@type":"Article","@id":"https:\/\/kt.gov.rs\/sq\/ministri-markovic-regjistrimi-eshte-menyra-per-t-u-njoftuar-me-problemet-e-nje-bashkesie-dhe-per-te-gjetur-zgjidhjen\/#article","isPartOf":{"@id":"https:\/\/kt.gov.rs\/sq\/ministri-markovic-regjistrimi-eshte-menyra-per-t-u-njoftuar-me-problemet-e-nje-bashkesie-dhe-per-te-gjetur-zgjidhjen\/"},"author":{"name":"ktmin","@id":"https:\/\/kt.gov.rs\/#\/schema\/person\/e426459ddb4173309103390602694571"},"headline":"MINISTRI MARKOVIC: Regjistrimi \u00ebsht\u00eb m\u00ebnyra p\u00ebr t\u2019u njoftuar me problemet e nj\u00eb bashk\u00ebsie, dhe p\u00ebr t\u00eb gjetur zgjidhjen","datePublished":"2011-09-29T00:00:00+00:00","mainEntityOfPage":{"@id":"https:\/\/kt.gov.rs\/sq\/ministri-markovic-regjistrimi-eshte-menyra-per-t-u-njoftuar-me-problemet-e-nje-bashkesie-dhe-per-te-gjetur-zgjidhjen\/"},"wordCount":387,"publisher":{"@id":"https:\/\/kt.gov.rs\/#organization"},"articleSection":["Lajme"],"inLanguage":"sq-AL"},{"@type":"WebPage","@id":"https:\/\/kt.gov.rs\/sq\/ministri-markovic-regjistrimi-eshte-menyra-per-t-u-njoftuar-me-problemet-e-nje-bashkesie-dhe-per-te-gjetur-zgjidhjen\/","url":"https:\/\/kt.gov.rs\/sq\/ministri-markovic-regjistrimi-eshte-menyra-per-t-u-njoftuar-me-problemet-e-nje-bashkesie-dhe-per-te-gjetur-zgjidhjen\/","name":"MINISTRI MARKOVIC: Regjistrimi \u00ebsht\u00eb m\u00ebnyra p\u00ebr t\u2019u njoftuar me problemet e nj\u00eb bashk\u00ebsie, dhe p\u00ebr t\u00eb gjetur zgjidhjen - Republika e S\u00ebrbis\u00eb Trupi Koordinues p\u00ebr komunat Bujanoc, Preshev\u00eb dhe Medvegj\u00eb","isPartOf":{"@id":"https:\/\/kt.gov.rs\/#website"},"datePublished":"2011-09-29T00:00:00+00:00","breadcrumb":{"@id":"https:\/\/kt.gov.rs\/sq\/ministri-markovic-regjistrimi-eshte-menyra-per-t-u-njoftuar-me-problemet-e-nje-bashkesie-dhe-per-te-gjetur-zgjidhjen\/#breadcrumb"},"inLanguage":"sq-AL","potentialAction":[{"@type":"ReadAction","target":["https:\/\/kt.gov.rs\/sq\/ministri-markovic-regjistrimi-eshte-menyra-per-t-u-njoftuar-me-problemet-e-nje-bashkesie-dhe-per-te-gjetur-zgjidhjen\/"]}]},{"@type":"BreadcrumbList","@id":"https:\/\/kt.gov.rs\/sq\/ministri-markovic-regjistrimi-eshte-menyra-per-t-u-njoftuar-me-problemet-e-nje-bashkesie-dhe-per-te-gjetur-zgjidhjen\/#breadcrumb","itemListElement":[{"@type":"ListItem","position":1,"name":"Po\u010detna","item":"https:\/\/kt.gov.rs\/sq\/"},{"@type":"ListItem","position":2,"name":"MINISTRI MARKOVIC: Regjistrimi \u00ebsht\u00eb m\u00ebnyra p\u00ebr t\u2019u njoftuar me problemet e nj\u00eb bashk\u00ebsie, dhe p\u00ebr t\u00eb gjetur zgjidhjen"}]},{"@type":"WebSite","@id":"https:\/\/kt.gov.rs\/#website","url":"https:\/\/kt.gov.rs\/","name":"Koordinaciono telo Vlade Republike Srbije za op\u0161tine Pre\u0161evo, Bujanovac i Medve\u0111a","description":"","publisher":{"@id":"https:\/\/kt.gov.rs\/#organization"},"alternateName":"Koordinaciono telo","potentialAction":[{"@type":"SearchAction","target":{"@type":"EntryPoint","urlTemplate":"https:\/\/kt.gov.rs\/?s={search_term_string}"},"query-input":{"@type":"PropertyValueSpecification","valueRequired":true,"valueName":"search_term_string"}}],"inLanguage":"sq-AL"},{"@type":"Organization","@id":"https:\/\/kt.gov.rs\/#organization","name":"Koordinaciono telo Vlade Republike Srbije za op\u0161tine Pre\u0161evo, Bujanovac i Medve\u0111a","alternateName":"Koordinaciono telo","url":"https:\/\/kt.gov.rs\/","logo":{"@type":"ImageObject","inLanguage":"sq-AL","@id":"https:\/\/kt.gov.rs\/#\/schema\/logo\/image\/","url":"https:\/\/kt.gov.rs\/wp-content\/uploads\/2024\/12\/koord2.jpg","contentUrl":"https:\/\/kt.gov.rs\/wp-content\/uploads\/2024\/12\/koord2.jpg","width":640,"height":480,"caption":"Koordinaciono telo Vlade Republike Srbije za op\u0161tine Pre\u0161evo, Bujanovac i Medve\u0111a"},"image":{"@id":"https:\/\/kt.gov.rs\/#\/schema\/logo\/image\/"},"sameAs":["https:\/\/www.facebook.com\/SluzbaKoordinacionogTelaVladeRepublikeSrbije","https:\/\/x.com\/kt_gov","https:\/\/www.youtube.com\/@koordinacionotelo"]},{"@type":"Person","@id":"https:\/\/kt.gov.rs\/#\/schema\/person\/e426459ddb4173309103390602694571","name":"ktmin","image":{"@type":"ImageObject","inLanguage":"sq-AL","@id":"https:\/\/secure.gravatar.com\/avatar\/3985c961109853010c3fbc7ba30365bfba5db3dd6c525831d9c595c7525a615a?s=96&d=mm&r=g","url":"https:\/\/secure.gravatar.com\/avatar\/3985c961109853010c3fbc7ba30365bfba5db3dd6c525831d9c595c7525a615a?s=96&d=mm&r=g","contentUrl":"https:\/\/secure.gravatar.com\/avatar\/3985c961109853010c3fbc7ba30365bfba5db3dd6c525831d9c595c7525a615a?s=96&d=mm&r=g","caption":"ktmin"},"sameAs":["https:\/\/kt.gov.rs"],"url":"https:\/\/kt.gov.rs\/sq\/author\/ktmin\/"}]}},"_links":{"self":[{"href":"https:\/\/kt.gov.rs\/sq\/wp-json\/wp\/v2\/posts\/142129","targetHints":{"allow":["GET"]}}],"collection":[{"href":"https:\/\/kt.gov.rs\/sq\/wp-json\/wp\/v2\/posts"}],"about":[{"href":"https:\/\/kt.gov.rs\/sq\/wp-json\/wp\/v2\/types\/post"}],"author":[{"embeddable":true,"href":"https:\/\/kt.gov.rs\/sq\/wp-json\/wp\/v2\/users\/1"}],"replies":[{"embeddable":true,"href":"https:\/\/kt.gov.rs\/sq\/wp-json\/wp\/v2\/comments?post=142129"}],"version-history":[{"count":0,"href":"https:\/\/kt.gov.rs\/sq\/wp-json\/wp\/v2\/posts\/142129\/revisions"}],"wp:attachment":[{"href":"https:\/\/kt.gov.rs\/sq\/wp-json\/wp\/v2\/media?parent=142129"}],"wp:term":[{"taxonomy":"category","embeddable":true,"href":"https:\/\/kt.gov.rs\/sq\/wp-json\/wp\/v2\/categories?post=142129"},{"taxonomy":"post_tag","embeddable":true,"href":"https:\/\/kt.gov.rs\/sq\/wp-json\/wp\/v2\/tags?post=142129"}],"curies":[{"name":"wp","href":"https:\/\/api.w.org\/{rel}","templated":true}]}}