{"id":142125,"date":"2011-10-07T00:00:00","date_gmt":"2011-10-07T00:00:00","guid":{"rendered":"http:\/\/kt.printandscreen.rs\/fillon-restaorimi-i-deponise-e-cila-rrezikon-burimet-e-ujit\/"},"modified":"2011-10-07T00:00:00","modified_gmt":"2011-10-07T00:00:00","slug":"fillon-restaorimi-i-deponise-e-cila-rrezikon-burimet-e-ujit","status":"publish","type":"post","link":"https:\/\/kt.gov.rs\/sq\/fillon-restaorimi-i-deponise-e-cila-rrezikon-burimet-e-ujit\/","title":{"rendered":"FILLON RESTAORIMI I DEPONIS\u00cb E CILA RREZIKON BURIMET E UJIT"},"content":{"rendered":"<p><strong>BUJANOC<\/strong> \u2013 Ministria p\u00ebr mbrojtjen e mjedisit e Republik\u00ebs s\u00eb Serbis ka paguar n\u00eb llogarin e komun\u00ebs s\u00eb Bujanocit k\u00ebstin e par\u00eb prej 8,5 milion dinar\u00ebsh p\u00ebr restaurimin\u00a0 e deponis\u00eb n\u00eb fshatin Rakoc, ka deklaruar kryetari i k\u00ebsaj bashk\u00ebsie lokale Lubisha Stoshiq.Stoshiq ka pohuar se n\u00eb lidhje me k\u00ebt\u00eb e ka njoftuar kryetari i komun\u00ebs s\u00eb Bujanocit Shaip Kamberi dhe ka shtuar q\u00eb restaurimi duhet t\u00eb filloj nga kjo jav\u00eb.<\/p>\n<p>\u201eBanor\u00ebt e fshatit Rakoc nga 2 qershori e deri m\u00eb 6 korrik t\u00eb k\u00ebtij viti kan mbajtur t\u00eb bllokuar k\u00ebt\u00eb depo n\u00eb fshatin e tyre, duke mos lejuar q\u00eb t\u00eb hidhen mbeturinat nga Bujanoci dhe fshatrat p\u00ebr rreth, me k\u00ebrkes\u00ebn q\u00eb ajo depo t\u00eb restaurohet dhe t\u00eb mbyllet,p\u00ebrshkak t\u00eb s\u00eb cil\u00ebs nga Bujanoci nj\u00eb muaj nuk jan bartur mbeturinat. N\u00eb deponin ekzistuese barten mbeturinat 15 vite me radh\u00eb, nd\u00ebrsa ajo gjendet 500 metra larg dy burimeve t\u00eb ujit, dhe 700 metra larg sht\u00ebpive t\u00eb para t\u00eb fshatit, mbeturinat n\u00eb t\u00eb arrijn lartsin deri n\u00eb\u00a0 dhjet metra, dhe kishte filluar t\u00eb derdhej n\u00eb arat p\u00ebr rreth ku edhe e b\u00ebnte t\u00eb\u00a0 pamundur punimin e tyre\u2019\u2019, ka th\u00ebn\u00eb Stoshiq. Ai ka shtuar se af\u00ebr deponis rrjedh edhe lumi i T\u00ebrnocit n\u00eb t\u00eb cilin poashtu bien mbeturinat dhe shkojn n\u00eb drejtim t\u00eb Morav\u00ebs s\u00eb Jugut.<\/p>\n<p>Ministria p\u00ebr mbrojtjen e ambientit p\u00ebr projektin e restaurimit t\u00eb deponis\u00eb n\u00eb fshatin Rakoc dhe nd\u00ebrtimit t\u00eb stacionit transferues ka siguruar gjithsej 20 milion dinar\u00eb.<\/p>\n","protected":false},"excerpt":{"rendered":"<p>BUJANOC \u2013 Ministria p\u00ebr mbrojtjen e mjedisit e Republik\u00ebs s\u00eb Serbis ka paguar n\u00eb llogarin e komun\u00ebs s\u00eb Bujanocit k\u00ebstin e par\u00eb prej 8,5 milion dinar\u00ebsh p\u00ebr restaurimin\u00a0 e deponis\u00eb n\u00eb fshatin Rakoc, ka deklaruar kryetari i k\u00ebsaj bashk\u00ebsie lokale Lubisha Stoshiq.Stoshiq ka pohuar se n\u00eb lidhje me k\u00ebt\u00eb e ka njoftuar kryetari i komun\u00ebs s\u00eb Bujanocit Shaip Kamberi dhe ka shtuar q\u00eb restaurimi duhet t\u00eb filloj nga kjo jav\u00eb.<\/p>\n","protected":false},"author":1,"featured_media":0,"comment_status":"closed","ping_status":"closed","sticky":false,"template":"","format":"standard","meta":{"footnotes":""},"categories":[55],"tags":[],"class_list":["post-142125","post","type-post","status-publish","format-standard","hentry","category-lajme"],"yoast_head":"<!-- This site is optimized with the Yoast SEO plugin v27.5 - https:\/\/yoast.com\/product\/yoast-seo-wordpress\/ -->\n<title>FILLON RESTAORIMI I DEPONIS\u00cb E CILA RREZIKON BURIMET E UJIT - Republika e S\u00ebrbis\u00eb Trupi Koordinues p\u00ebr komunat Bujanoc, Preshev\u00eb dhe Medvegj\u00eb<\/title>\n<meta name=\"robots\" content=\"index, follow, max-snippet:-1, max-image-preview:large, max-video-preview:-1\" \/>\n<link rel=\"canonical\" href=\"https:\/\/kt.gov.rs\/sq\/fillon-restaorimi-i-deponise-e-cila-rrezikon-burimet-e-ujit\/\" \/>\n<meta property=\"og:locale\" content=\"sq_AL\" \/>\n<meta property=\"og:type\" content=\"article\" \/>\n<meta property=\"og:title\" content=\"FILLON RESTAORIMI I DEPONIS\u00cb E CILA RREZIKON BURIMET E UJIT - Republika e S\u00ebrbis\u00eb Trupi Koordinues p\u00ebr komunat Bujanoc, Preshev\u00eb dhe Medvegj\u00eb\" \/>\n<meta property=\"og:description\" content=\"BUJANOC - Ministria p\u00ebr mbrojtjen e mjedisit e Republik\u00ebs s\u00eb Serbis ka paguar n\u00eb llogarin e komun\u00ebs s\u00eb Bujanocit k\u00ebstin e par\u00eb prej 8,5 milion dinar\u00ebsh p\u00ebr restaurimin\u00a0 e deponis\u00eb n\u00eb fshatin Rakoc, ka deklaruar kryetari i k\u00ebsaj bashk\u00ebsie lokale Lubisha Stoshiq.Stoshiq ka pohuar se n\u00eb lidhje me k\u00ebt\u00eb e ka njoftuar kryetari i komun\u00ebs s\u00eb Bujanocit Shaip Kamberi dhe ka shtuar q\u00eb restaurimi duhet t\u00eb filloj nga kjo jav\u00eb.\" \/>\n<meta property=\"og:url\" content=\"https:\/\/kt.gov.rs\/sq\/fillon-restaorimi-i-deponise-e-cila-rrezikon-burimet-e-ujit\/\" \/>\n<meta property=\"og:site_name\" content=\"Republika e S\u00ebrbis\u00eb Trupi Koordinues p\u00ebr komunat Bujanoc, Preshev\u00eb dhe Medvegj\u00eb\" \/>\n<meta property=\"article:publisher\" content=\"https:\/\/www.facebook.com\/SluzbaKoordinacionogTelaVladeRepublikeSrbije\" \/>\n<meta property=\"article:published_time\" content=\"2011-10-07T00:00:00+00:00\" \/>\n<meta name=\"author\" content=\"ktmin\" \/>\n<meta name=\"twitter:card\" content=\"summary_large_image\" \/>\n<meta name=\"twitter:creator\" content=\"@kt_gov\" \/>\n<meta name=\"twitter:site\" content=\"@kt_gov\" \/>\n<meta name=\"twitter:label1\" content=\"Written by\" \/>\n\t<meta name=\"twitter:data1\" content=\"ktmin\" \/>\n\t<meta name=\"twitter:label2\" content=\"Est. reading time\" \/>\n\t<meta name=\"twitter:data2\" content=\"1 minute\" \/>\n<script type=\"application\/ld+json\" class=\"yoast-schema-graph\">{\"@context\":\"https:\\\/\\\/schema.org\",\"@graph\":[{\"@type\":\"Article\",\"@id\":\"https:\\\/\\\/kt.gov.rs\\\/sq\\\/fillon-restaorimi-i-deponise-e-cila-rrezikon-burimet-e-ujit\\\/#article\",\"isPartOf\":{\"@id\":\"https:\\\/\\\/kt.gov.rs\\\/sq\\\/fillon-restaorimi-i-deponise-e-cila-rrezikon-burimet-e-ujit\\\/\"},\"author\":{\"name\":\"ktmin\",\"@id\":\"https:\\\/\\\/kt.gov.rs\\\/#\\\/schema\\\/person\\\/e426459ddb4173309103390602694571\"},\"headline\":\"FILLON RESTAORIMI I DEPONIS\u00cb E CILA RREZIKON BURIMET E UJIT\",\"datePublished\":\"2011-10-07T00:00:00+00:00\",\"mainEntityOfPage\":{\"@id\":\"https:\\\/\\\/kt.gov.rs\\\/sq\\\/fillon-restaorimi-i-deponise-e-cila-rrezikon-burimet-e-ujit\\\/\"},\"wordCount\":277,\"publisher\":{\"@id\":\"https:\\\/\\\/kt.gov.rs\\\/#organization\"},\"articleSection\":[\"Lajme\"],\"inLanguage\":\"sq-AL\"},{\"@type\":\"WebPage\",\"@id\":\"https:\\\/\\\/kt.gov.rs\\\/sq\\\/fillon-restaorimi-i-deponise-e-cila-rrezikon-burimet-e-ujit\\\/\",\"url\":\"https:\\\/\\\/kt.gov.rs\\\/sq\\\/fillon-restaorimi-i-deponise-e-cila-rrezikon-burimet-e-ujit\\\/\",\"name\":\"FILLON RESTAORIMI I DEPONIS\u00cb E CILA RREZIKON BURIMET E UJIT - Republika e S\u00ebrbis\u00eb Trupi Koordinues p\u00ebr komunat Bujanoc, Preshev\u00eb dhe Medvegj\u00eb\",\"isPartOf\":{\"@id\":\"https:\\\/\\\/kt.gov.rs\\\/#website\"},\"datePublished\":\"2011-10-07T00:00:00+00:00\",\"breadcrumb\":{\"@id\":\"https:\\\/\\\/kt.gov.rs\\\/sq\\\/fillon-restaorimi-i-deponise-e-cila-rrezikon-burimet-e-ujit\\\/#breadcrumb\"},\"inLanguage\":\"sq-AL\",\"potentialAction\":[{\"@type\":\"ReadAction\",\"target\":[\"https:\\\/\\\/kt.gov.rs\\\/sq\\\/fillon-restaorimi-i-deponise-e-cila-rrezikon-burimet-e-ujit\\\/\"]}]},{\"@type\":\"BreadcrumbList\",\"@id\":\"https:\\\/\\\/kt.gov.rs\\\/sq\\\/fillon-restaorimi-i-deponise-e-cila-rrezikon-burimet-e-ujit\\\/#breadcrumb\",\"itemListElement\":[{\"@type\":\"ListItem\",\"position\":1,\"name\":\"\u041f\u043e\u0447\u0435\u0442\u043d\u0430\",\"item\":\"https:\\\/\\\/kt.gov.rs\\\/sq\\\/\"},{\"@type\":\"ListItem\",\"position\":2,\"name\":\"FILLON RESTAORIMI I DEPONIS\u00cb E CILA RREZIKON BURIMET E UJIT\"}]},{\"@type\":\"WebSite\",\"@id\":\"https:\\\/\\\/kt.gov.rs\\\/#website\",\"url\":\"https:\\\/\\\/kt.gov.rs\\\/\",\"name\":\"\u041a\u043e\u043e\u0440\u0434\u0438\u043d\u0430\u0446\u0438\u043e\u043d\u043e \u0442\u0435\u043b\u043e \u0412\u043b\u0430\u0434\u0435 \u0420\u0435\u043f\u0443\u0431\u043b\u0438\u043a\u0435 \u0421\u0440\u0431\u0438\u0458\u0435 \u0437\u0430 \u043e\u043f\u0448\u0442\u0438\u043d\u0435 \u041f\u0440\u0435\u0448\u0435\u0432\u043e, \u0411\u0443\u0458\u0430\u043d\u043e\u0432\u0430\u0446 \u0438 \u041c\u0435\u0434\u0432\u0435\u0452a\",\"description\":\"\",\"publisher\":{\"@id\":\"https:\\\/\\\/kt.gov.rs\\\/#organization\"},\"alternateName\":\"\u041a\u043e\u043e\u0440\u0434\u0438\u043d\u0430\u0446\u0438\u043e\u043d\u043e \u0442\u0435\u043b\u043e\",\"potentialAction\":[{\"@type\":\"SearchAction\",\"target\":{\"@type\":\"EntryPoint\",\"urlTemplate\":\"https:\\\/\\\/kt.gov.rs\\\/?s={search_term_string}\"},\"query-input\":{\"@type\":\"PropertyValueSpecification\",\"valueRequired\":true,\"valueName\":\"search_term_string\"}}],\"inLanguage\":\"sq-AL\"},{\"@type\":\"Organization\",\"@id\":\"https:\\\/\\\/kt.gov.rs\\\/#organization\",\"name\":\"\u041a\u043e\u043e\u0440\u0434\u0438\u043d\u0430\u0446\u0438\u043e\u043d\u043e \u0442\u0435\u043b\u043e \u0412\u043b\u0430\u0434\u0435 \u0420\u0435\u043f\u0443\u0431\u043b\u0438\u043a\u0435 \u0421\u0440\u0431\u0438\u0458\u0435 \u0437\u0430 \u043e\u043f\u0448\u0442\u0438\u043d\u0435 \u041f\u0440\u0435\u0448\u0435\u0432\u043e, \u0411\u0443\u0458\u0430\u043d\u043e\u0432\u0430\u0446 \u0438 \u041c\u0435\u0434\u0432\u0435\u0452a\",\"alternateName\":\"\u041a\u043e\u043e\u0440\u0434\u0438\u043d\u0430\u0446\u0438\u043e\u043d\u043e \u0442\u0435\u043b\u043e\",\"url\":\"https:\\\/\\\/kt.gov.rs\\\/\",\"logo\":{\"@type\":\"ImageObject\",\"inLanguage\":\"sq-AL\",\"@id\":\"https:\\\/\\\/kt.gov.rs\\\/#\\\/schema\\\/logo\\\/image\\\/\",\"url\":\"https:\\\/\\\/kt.gov.rs\\\/wp-content\\\/uploads\\\/2024\\\/12\\\/koord2.jpg\",\"contentUrl\":\"https:\\\/\\\/kt.gov.rs\\\/wp-content\\\/uploads\\\/2024\\\/12\\\/koord2.jpg\",\"width\":640,\"height\":480,\"caption\":\"\u041a\u043e\u043e\u0440\u0434\u0438\u043d\u0430\u0446\u0438\u043e\u043d\u043e \u0442\u0435\u043b\u043e \u0412\u043b\u0430\u0434\u0435 \u0420\u0435\u043f\u0443\u0431\u043b\u0438\u043a\u0435 \u0421\u0440\u0431\u0438\u0458\u0435 \u0437\u0430 \u043e\u043f\u0448\u0442\u0438\u043d\u0435 \u041f\u0440\u0435\u0448\u0435\u0432\u043e, \u0411\u0443\u0458\u0430\u043d\u043e\u0432\u0430\u0446 \u0438 \u041c\u0435\u0434\u0432\u0435\u0452a\"},\"image\":{\"@id\":\"https:\\\/\\\/kt.gov.rs\\\/#\\\/schema\\\/logo\\\/image\\\/\"},\"sameAs\":[\"https:\\\/\\\/www.facebook.com\\\/SluzbaKoordinacionogTelaVladeRepublikeSrbije\",\"https:\\\/\\\/x.com\\\/kt_gov\",\"https:\\\/\\\/www.youtube.com\\\/@koordinacionotelo\"]},{\"@type\":\"Person\",\"@id\":\"https:\\\/\\\/kt.gov.rs\\\/#\\\/schema\\\/person\\\/e426459ddb4173309103390602694571\",\"name\":\"ktmin\",\"image\":{\"@type\":\"ImageObject\",\"inLanguage\":\"sq-AL\",\"@id\":\"https:\\\/\\\/secure.gravatar.com\\\/avatar\\\/3985c961109853010c3fbc7ba30365bfba5db3dd6c525831d9c595c7525a615a?s=96&d=mm&r=g\",\"url\":\"https:\\\/\\\/secure.gravatar.com\\\/avatar\\\/3985c961109853010c3fbc7ba30365bfba5db3dd6c525831d9c595c7525a615a?s=96&d=mm&r=g\",\"contentUrl\":\"https:\\\/\\\/secure.gravatar.com\\\/avatar\\\/3985c961109853010c3fbc7ba30365bfba5db3dd6c525831d9c595c7525a615a?s=96&d=mm&r=g\",\"caption\":\"ktmin\"},\"sameAs\":[\"https:\\\/\\\/kt.gov.rs\"],\"url\":\"https:\\\/\\\/kt.gov.rs\\\/sq\\\/author\\\/ktmin\\\/\"}]}<\/script>\n<!-- \/ Yoast SEO plugin. -->","yoast_head_json":{"title":"FILLON RESTAORIMI I DEPONIS\u00cb E CILA RREZIKON BURIMET E UJIT - Republika e S\u00ebrbis\u00eb Trupi Koordinues p\u00ebr komunat Bujanoc, Preshev\u00eb dhe Medvegj\u00eb","robots":{"index":"index","follow":"follow","max-snippet":"max-snippet:-1","max-image-preview":"max-image-preview:large","max-video-preview":"max-video-preview:-1"},"canonical":"https:\/\/kt.gov.rs\/sq\/fillon-restaorimi-i-deponise-e-cila-rrezikon-burimet-e-ujit\/","og_locale":"sq_AL","og_type":"article","og_title":"FILLON RESTAORIMI I DEPONIS\u00cb E CILA RREZIKON BURIMET E UJIT - Republika e S\u00ebrbis\u00eb Trupi Koordinues p\u00ebr komunat Bujanoc, Preshev\u00eb dhe Medvegj\u00eb","og_description":"BUJANOC - Ministria p\u00ebr mbrojtjen e mjedisit e Republik\u00ebs s\u00eb Serbis ka paguar n\u00eb llogarin e komun\u00ebs s\u00eb Bujanocit k\u00ebstin e par\u00eb prej 8,5 milion dinar\u00ebsh p\u00ebr restaurimin\u00a0 e deponis\u00eb n\u00eb fshatin Rakoc, ka deklaruar kryetari i k\u00ebsaj bashk\u00ebsie lokale Lubisha Stoshiq.Stoshiq ka pohuar se n\u00eb lidhje me k\u00ebt\u00eb e ka njoftuar kryetari i komun\u00ebs s\u00eb Bujanocit Shaip Kamberi dhe ka shtuar q\u00eb restaurimi duhet t\u00eb filloj nga kjo jav\u00eb.","og_url":"https:\/\/kt.gov.rs\/sq\/fillon-restaorimi-i-deponise-e-cila-rrezikon-burimet-e-ujit\/","og_site_name":"Republika e S\u00ebrbis\u00eb Trupi Koordinues p\u00ebr komunat Bujanoc, Preshev\u00eb dhe Medvegj\u00eb","article_publisher":"https:\/\/www.facebook.com\/SluzbaKoordinacionogTelaVladeRepublikeSrbije","article_published_time":"2011-10-07T00:00:00+00:00","author":"ktmin","twitter_card":"summary_large_image","twitter_creator":"@kt_gov","twitter_site":"@kt_gov","twitter_misc":{"Written by":"ktmin","Est. reading time":"1 minute"},"schema":{"@context":"https:\/\/schema.org","@graph":[{"@type":"Article","@id":"https:\/\/kt.gov.rs\/sq\/fillon-restaorimi-i-deponise-e-cila-rrezikon-burimet-e-ujit\/#article","isPartOf":{"@id":"https:\/\/kt.gov.rs\/sq\/fillon-restaorimi-i-deponise-e-cila-rrezikon-burimet-e-ujit\/"},"author":{"name":"ktmin","@id":"https:\/\/kt.gov.rs\/#\/schema\/person\/e426459ddb4173309103390602694571"},"headline":"FILLON RESTAORIMI I DEPONIS\u00cb E CILA RREZIKON BURIMET E UJIT","datePublished":"2011-10-07T00:00:00+00:00","mainEntityOfPage":{"@id":"https:\/\/kt.gov.rs\/sq\/fillon-restaorimi-i-deponise-e-cila-rrezikon-burimet-e-ujit\/"},"wordCount":277,"publisher":{"@id":"https:\/\/kt.gov.rs\/#organization"},"articleSection":["Lajme"],"inLanguage":"sq-AL"},{"@type":"WebPage","@id":"https:\/\/kt.gov.rs\/sq\/fillon-restaorimi-i-deponise-e-cila-rrezikon-burimet-e-ujit\/","url":"https:\/\/kt.gov.rs\/sq\/fillon-restaorimi-i-deponise-e-cila-rrezikon-burimet-e-ujit\/","name":"FILLON RESTAORIMI I DEPONIS\u00cb E CILA RREZIKON BURIMET E UJIT - Republika e S\u00ebrbis\u00eb Trupi Koordinues p\u00ebr komunat Bujanoc, Preshev\u00eb dhe Medvegj\u00eb","isPartOf":{"@id":"https:\/\/kt.gov.rs\/#website"},"datePublished":"2011-10-07T00:00:00+00:00","breadcrumb":{"@id":"https:\/\/kt.gov.rs\/sq\/fillon-restaorimi-i-deponise-e-cila-rrezikon-burimet-e-ujit\/#breadcrumb"},"inLanguage":"sq-AL","potentialAction":[{"@type":"ReadAction","target":["https:\/\/kt.gov.rs\/sq\/fillon-restaorimi-i-deponise-e-cila-rrezikon-burimet-e-ujit\/"]}]},{"@type":"BreadcrumbList","@id":"https:\/\/kt.gov.rs\/sq\/fillon-restaorimi-i-deponise-e-cila-rrezikon-burimet-e-ujit\/#breadcrumb","itemListElement":[{"@type":"ListItem","position":1,"name":"\u041f\u043e\u0447\u0435\u0442\u043d\u0430","item":"https:\/\/kt.gov.rs\/sq\/"},{"@type":"ListItem","position":2,"name":"FILLON RESTAORIMI I DEPONIS\u00cb E CILA RREZIKON BURIMET E UJIT"}]},{"@type":"WebSite","@id":"https:\/\/kt.gov.rs\/#website","url":"https:\/\/kt.gov.rs\/","name":"\u041a\u043e\u043e\u0440\u0434\u0438\u043d\u0430\u0446\u0438\u043e\u043d\u043e \u0442\u0435\u043b\u043e \u0412\u043b\u0430\u0434\u0435 \u0420\u0435\u043f\u0443\u0431\u043b\u0438\u043a\u0435 \u0421\u0440\u0431\u0438\u0458\u0435 \u0437\u0430 \u043e\u043f\u0448\u0442\u0438\u043d\u0435 \u041f\u0440\u0435\u0448\u0435\u0432\u043e, \u0411\u0443\u0458\u0430\u043d\u043e\u0432\u0430\u0446 \u0438 \u041c\u0435\u0434\u0432\u0435\u0452a","description":"","publisher":{"@id":"https:\/\/kt.gov.rs\/#organization"},"alternateName":"\u041a\u043e\u043e\u0440\u0434\u0438\u043d\u0430\u0446\u0438\u043e\u043d\u043e \u0442\u0435\u043b\u043e","potentialAction":[{"@type":"SearchAction","target":{"@type":"EntryPoint","urlTemplate":"https:\/\/kt.gov.rs\/?s={search_term_string}"},"query-input":{"@type":"PropertyValueSpecification","valueRequired":true,"valueName":"search_term_string"}}],"inLanguage":"sq-AL"},{"@type":"Organization","@id":"https:\/\/kt.gov.rs\/#organization","name":"\u041a\u043e\u043e\u0440\u0434\u0438\u043d\u0430\u0446\u0438\u043e\u043d\u043e \u0442\u0435\u043b\u043e \u0412\u043b\u0430\u0434\u0435 \u0420\u0435\u043f\u0443\u0431\u043b\u0438\u043a\u0435 \u0421\u0440\u0431\u0438\u0458\u0435 \u0437\u0430 \u043e\u043f\u0448\u0442\u0438\u043d\u0435 \u041f\u0440\u0435\u0448\u0435\u0432\u043e, \u0411\u0443\u0458\u0430\u043d\u043e\u0432\u0430\u0446 \u0438 \u041c\u0435\u0434\u0432\u0435\u0452a","alternateName":"\u041a\u043e\u043e\u0440\u0434\u0438\u043d\u0430\u0446\u0438\u043e\u043d\u043e \u0442\u0435\u043b\u043e","url":"https:\/\/kt.gov.rs\/","logo":{"@type":"ImageObject","inLanguage":"sq-AL","@id":"https:\/\/kt.gov.rs\/#\/schema\/logo\/image\/","url":"https:\/\/kt.gov.rs\/wp-content\/uploads\/2024\/12\/koord2.jpg","contentUrl":"https:\/\/kt.gov.rs\/wp-content\/uploads\/2024\/12\/koord2.jpg","width":640,"height":480,"caption":"\u041a\u043e\u043e\u0440\u0434\u0438\u043d\u0430\u0446\u0438\u043e\u043d\u043e \u0442\u0435\u043b\u043e \u0412\u043b\u0430\u0434\u0435 \u0420\u0435\u043f\u0443\u0431\u043b\u0438\u043a\u0435 \u0421\u0440\u0431\u0438\u0458\u0435 \u0437\u0430 \u043e\u043f\u0448\u0442\u0438\u043d\u0435 \u041f\u0440\u0435\u0448\u0435\u0432\u043e, \u0411\u0443\u0458\u0430\u043d\u043e\u0432\u0430\u0446 \u0438 \u041c\u0435\u0434\u0432\u0435\u0452a"},"image":{"@id":"https:\/\/kt.gov.rs\/#\/schema\/logo\/image\/"},"sameAs":["https:\/\/www.facebook.com\/SluzbaKoordinacionogTelaVladeRepublikeSrbije","https:\/\/x.com\/kt_gov","https:\/\/www.youtube.com\/@koordinacionotelo"]},{"@type":"Person","@id":"https:\/\/kt.gov.rs\/#\/schema\/person\/e426459ddb4173309103390602694571","name":"ktmin","image":{"@type":"ImageObject","inLanguage":"sq-AL","@id":"https:\/\/secure.gravatar.com\/avatar\/3985c961109853010c3fbc7ba30365bfba5db3dd6c525831d9c595c7525a615a?s=96&d=mm&r=g","url":"https:\/\/secure.gravatar.com\/avatar\/3985c961109853010c3fbc7ba30365bfba5db3dd6c525831d9c595c7525a615a?s=96&d=mm&r=g","contentUrl":"https:\/\/secure.gravatar.com\/avatar\/3985c961109853010c3fbc7ba30365bfba5db3dd6c525831d9c595c7525a615a?s=96&d=mm&r=g","caption":"ktmin"},"sameAs":["https:\/\/kt.gov.rs"],"url":"https:\/\/kt.gov.rs\/sq\/author\/ktmin\/"}]}},"_links":{"self":[{"href":"https:\/\/kt.gov.rs\/sq\/wp-json\/wp\/v2\/posts\/142125","targetHints":{"allow":["GET"]}}],"collection":[{"href":"https:\/\/kt.gov.rs\/sq\/wp-json\/wp\/v2\/posts"}],"about":[{"href":"https:\/\/kt.gov.rs\/sq\/wp-json\/wp\/v2\/types\/post"}],"author":[{"embeddable":true,"href":"https:\/\/kt.gov.rs\/sq\/wp-json\/wp\/v2\/users\/1"}],"replies":[{"embeddable":true,"href":"https:\/\/kt.gov.rs\/sq\/wp-json\/wp\/v2\/comments?post=142125"}],"version-history":[{"count":0,"href":"https:\/\/kt.gov.rs\/sq\/wp-json\/wp\/v2\/posts\/142125\/revisions"}],"wp:attachment":[{"href":"https:\/\/kt.gov.rs\/sq\/wp-json\/wp\/v2\/media?parent=142125"}],"wp:term":[{"taxonomy":"category","embeddable":true,"href":"https:\/\/kt.gov.rs\/sq\/wp-json\/wp\/v2\/categories?post=142125"},{"taxonomy":"post_tag","embeddable":true,"href":"https:\/\/kt.gov.rs\/sq\/wp-json\/wp\/v2\/tags?post=142125"}],"curies":[{"name":"wp","href":"https:\/\/api.w.org\/{rel}","templated":true}]}}