{"id":142086,"date":"2011-11-11T00:00:00","date_gmt":"2011-11-11T00:00:00","guid":{"rendered":"http:\/\/kt.printandscreen.rs\/dhjete-student-e-zgjedhur-per-praktik-gjashte-mujore-ne-organet-shtetrore\/"},"modified":"2011-11-11T00:00:00","modified_gmt":"2011-11-11T00:00:00","slug":"dhjete-student-e-zgjedhur-per-praktik-gjashte-mujore-ne-organet-shtetrore","status":"publish","type":"post","link":"https:\/\/kt.gov.rs\/sq\/dhjete-student-e-zgjedhur-per-praktik-gjashte-mujore-ne-organet-shtetrore\/","title":{"rendered":"Dhjet\u00eb student e zgjedhur p\u00ebr praktik gjasht\u00eb mujore n\u00eb organet shtetrore"},"content":{"rendered":"<p><strong>Beograd<\/strong> \u2013 Ministri p\u00ebr drejtat e njeriut dhe pakicave, t\u00eb qeverisjes dhe vetqeverisjes lokale nj\u00ebherit edhe\u00a0 kryetar i trupit Koordinues t\u00eb Qeveris s\u00eb Republik\u00ebs S\u00ebrbis p\u00ebr komunat e Preshev\u00ebs, Bujanocit dhe Medvegj\u00ebs Milan Markoviq ka pranuar n\u00eb Palatin e S\u00ebrbis dhjet\u00eb t\u00eb ri pjestar t\u00eb pakicave nacionale dhe ka lajmruar fillimin e pun\u00ebs s\u00eb tyre gjasht\u00eb mujore n\u00eb kat\u00ebr organe shtetrore. N\u00eb pjesmarje ishte zavend\u00ebs shefit i Misionit t\u00eb OSBE-s\u00eb n\u00eb S\u00ebrbi Tomasa Mura dhe zavend\u00ebsi i ambasadorit t\u00eb Britanis Madhe Dejvida Mekfarlena, Markoviq ka theksuar se q\u00ebllimi i programit \u00ebsht\u00eb rritja e aktiviteteve p\u00ebr pjesmarrje t\u00eb pakicave nacionale, p\u00ebrkatsisht pjesmarrjes t\u00eb komuniteteve\u00a0 rom, boshnjak dhe shqiptar, n\u00eb jeten publike dhe kycjen e tyre n\u00eb organet institucionale, praktikant kan\u00eb mund\u00ebsin q\u00eb nga af\u00ebr t\u00eb njoftohen me pun\u00ebn n\u00eb administrat\u00ebn shtetrore dhe at\u00eb n\u00eb institucionet m\u00eb t\u00eb larta p\u00ebr ushtrimin kolektiv p\u00ebr drejtat e pakicave. Markoviq ka shtuar se q\u00ebllimi dhe p\u00ebrshtypja e kandidatve t\u00eb ri t\u00eb pakicave komb\u00ebtare \u00ebsht\u00eb qe t\u00eb konkurojn p\u00ebr venda t\u00eb pun\u00ebs\u00a0 ne administrat\u00ebn shtetrore t\u00eb S\u00ebrbis.<\/p>\n<p>Programi i praktikatve t\u00eb ri i pjestarve t\u00eb pakicave nacionale n\u00eb institucionet shtetrore t\u00eb S\u00ebrbis \u00ebsht\u00eb projekt i p\u00ebrbashk\u00ebt me Ministrin p\u00ebr drejtat e njeriut dhe pakicave, t\u00eb qeverisjes dhe vet\u00ebqeverisjes lokale dhe Misioni i OSBE-s\u00eb n\u00eb mb\u00ebshtetjen finasiare t\u00eb amasad\u00ebs s\u00eb Britanis Madhe n\u00eb S\u00ebrbi.<\/p>\n<p>N\u00eb administrat\u00ebn p\u00ebr drejtat e njeriut dhe pakicave, dhet\u00eb student\u00ebt e zgjedhur do t\u00eb mbajn praktik edhe ne Ministrin e arsimit dhe shkencave, n\u00eb Ministri t\u00eb kultur\u00ebs, informacionit dhe informacionit shoqror, si dhe n\u00eb trupin Koordinus t\u00eb Qeveris s\u00eb S\u00ebrbis p\u00ebr komunat Preshev, Bujanoc dhe Medvegj.<\/p>\n<p>&quot;N\u00eb baze t\u00eb intervist\u00ebs jan\u00eb zgjedhur dhjet\u00eb kandidat prej t\u00eb cilve presim t\u00eb arrin dituri dhe aft\u00ebsi t\u00eb reja t\u00eb cilat do ti ndihmojn\u00a0 p\u00ebr t\u00eb gjetur pun\u00eb. Pakicat nacionale duhen t\u00eb kuptojn n\u00ebp\u00ebrmes shembujve q\u00eb i kan\u00eb dyert e hapura dhe ndima e tyre n\u00eb shoqri \u00ebsht\u00eb e mirseardhur dhe e mirpritur&quot;, ka th\u00ebn\u00eb Markoviq. P\u00ebr pjestar\u00ebt e pakicave nacionale shqiptare do ti sigurohet edhe kursi i gjuh\u00ebs Serbe. T\u00eb mirseardhur jan\u00eb studentet e Vraj\u00ebs, Presheves, Bujanocit, Novi Pazarit, Nishit\u2026 p\u00ebrfaqsuesi i OSBE-s\u00eb Mur ka th\u00ebn\u00eb se S\u00ebrbija duhet t\u00eb nderohet nepermjet k\u00ebtyre projekteve. Projekti \u00ebsht\u00eb n\u00eb vazhdimsi nga viti i kalum pilot-projekti i cili ka qen\u00eb bart\u00ebs Misioni i OSBE-s\u00eb n\u00ebp\u00ebrmjet cilit kan\u00eb kaluar edhe gjasht\u00eb Shqiptar, kurse k\u00ebt\u00eb vit konkursi ka qen\u00eb i hapur edhe p\u00ebr Boshnjak\u00ebt dhe Romt\u00ebt.<\/p>\n","protected":false},"excerpt":{"rendered":"<p>Beograd \u2013 Ministri p\u00ebr drejtat e njeriut dhe pakicave, t\u00eb  qeverisjes dhe vetqeverisjes lokale nj\u00ebherit edhe\u00a0 kryetar i trupit  Koordinues t\u00eb Qeveris s\u00eb Republik\u00ebs S\u00ebrbis p\u00ebr komunat e Preshev\u00ebs,  Bujanocit dhe Medvegj\u00ebs Milan Markoviq ka pranuar n\u00eb Palatin e S\u00ebrbis  dhjet\u00eb t\u00eb ri pjestar t\u00eb pakicave nacionale dhe ka lajmruar fillimin e  pun\u00ebs s\u00eb tyre gjasht\u00eb mujore n\u00eb kat\u00ebr organe shtetrore.<\/p>\n","protected":false},"author":1,"featured_media":0,"comment_status":"closed","ping_status":"closed","sticky":false,"template":"","format":"standard","meta":{"footnotes":""},"categories":[55],"tags":[],"class_list":["post-142086","post","type-post","status-publish","format-standard","hentry","category-lajme"],"yoast_head":"<!-- This site is optimized with the Yoast SEO plugin v27.5 - https:\/\/yoast.com\/product\/yoast-seo-wordpress\/ -->\n<title>Dhjet\u00eb student e zgjedhur p\u00ebr praktik gjasht\u00eb mujore n\u00eb organet shtetrore - Republika e S\u00ebrbis\u00eb Trupi Koordinues p\u00ebr komunat Bujanoc, Preshev\u00eb dhe Medvegj\u00eb<\/title>\n<meta name=\"robots\" content=\"index, follow, max-snippet:-1, max-image-preview:large, max-video-preview:-1\" \/>\n<link rel=\"canonical\" href=\"https:\/\/kt.gov.rs\/sq\/dhjete-student-e-zgjedhur-per-praktik-gjashte-mujore-ne-organet-shtetrore\/\" \/>\n<meta property=\"og:locale\" content=\"sq_AL\" \/>\n<meta property=\"og:type\" content=\"article\" \/>\n<meta property=\"og:title\" content=\"Dhjet\u00eb student e zgjedhur p\u00ebr praktik gjasht\u00eb mujore n\u00eb organet shtetrore - Republika e S\u00ebrbis\u00eb Trupi Koordinues p\u00ebr komunat Bujanoc, Preshev\u00eb dhe Medvegj\u00eb\" \/>\n<meta property=\"og:description\" content=\"Beograd - Ministri p\u00ebr drejtat e njeriut dhe pakicave, t\u00eb qeverisjes dhe vetqeverisjes lokale nj\u00ebherit edhe\u00a0 kryetar i trupit Koordinues t\u00eb Qeveris s\u00eb Republik\u00ebs S\u00ebrbis p\u00ebr komunat e Preshev\u00ebs, Bujanocit dhe Medvegj\u00ebs Milan Markoviq ka pranuar n\u00eb Palatin e S\u00ebrbis dhjet\u00eb t\u00eb ri pjestar t\u00eb pakicave nacionale dhe ka lajmruar fillimin e pun\u00ebs s\u00eb tyre gjasht\u00eb mujore n\u00eb kat\u00ebr organe shtetrore.\" \/>\n<meta property=\"og:url\" content=\"https:\/\/kt.gov.rs\/sq\/dhjete-student-e-zgjedhur-per-praktik-gjashte-mujore-ne-organet-shtetrore\/\" \/>\n<meta property=\"og:site_name\" content=\"Republika e S\u00ebrbis\u00eb Trupi Koordinues p\u00ebr komunat Bujanoc, Preshev\u00eb dhe Medvegj\u00eb\" \/>\n<meta property=\"article:publisher\" content=\"https:\/\/www.facebook.com\/SluzbaKoordinacionogTelaVladeRepublikeSrbije\" \/>\n<meta property=\"article:published_time\" content=\"2011-11-11T00:00:00+00:00\" \/>\n<meta name=\"author\" content=\"ktmin\" \/>\n<meta name=\"twitter:card\" content=\"summary_large_image\" \/>\n<meta name=\"twitter:creator\" content=\"@kt_gov\" \/>\n<meta name=\"twitter:site\" content=\"@kt_gov\" \/>\n<meta name=\"twitter:label1\" content=\"Written by\" \/>\n\t<meta name=\"twitter:data1\" content=\"ktmin\" \/>\n\t<meta name=\"twitter:label2\" content=\"Est. reading time\" \/>\n\t<meta name=\"twitter:data2\" content=\"2 minutes\" \/>\n<script type=\"application\/ld+json\" class=\"yoast-schema-graph\">{\"@context\":\"https:\\\/\\\/schema.org\",\"@graph\":[{\"@type\":\"Article\",\"@id\":\"https:\\\/\\\/kt.gov.rs\\\/sq\\\/dhjete-student-e-zgjedhur-per-praktik-gjashte-mujore-ne-organet-shtetrore\\\/#article\",\"isPartOf\":{\"@id\":\"https:\\\/\\\/kt.gov.rs\\\/sq\\\/dhjete-student-e-zgjedhur-per-praktik-gjashte-mujore-ne-organet-shtetrore\\\/\"},\"author\":{\"name\":\"ktmin\",\"@id\":\"https:\\\/\\\/kt.gov.rs\\\/#\\\/schema\\\/person\\\/e426459ddb4173309103390602694571\"},\"headline\":\"Dhjet\u00eb student e zgjedhur p\u00ebr praktik gjasht\u00eb mujore n\u00eb organet shtetrore\",\"datePublished\":\"2011-11-11T00:00:00+00:00\",\"mainEntityOfPage\":{\"@id\":\"https:\\\/\\\/kt.gov.rs\\\/sq\\\/dhjete-student-e-zgjedhur-per-praktik-gjashte-mujore-ne-organet-shtetrore\\\/\"},\"wordCount\":477,\"publisher\":{\"@id\":\"https:\\\/\\\/kt.gov.rs\\\/#organization\"},\"articleSection\":[\"Lajme\"],\"inLanguage\":\"sq-AL\"},{\"@type\":\"WebPage\",\"@id\":\"https:\\\/\\\/kt.gov.rs\\\/sq\\\/dhjete-student-e-zgjedhur-per-praktik-gjashte-mujore-ne-organet-shtetrore\\\/\",\"url\":\"https:\\\/\\\/kt.gov.rs\\\/sq\\\/dhjete-student-e-zgjedhur-per-praktik-gjashte-mujore-ne-organet-shtetrore\\\/\",\"name\":\"Dhjet\u00eb student e zgjedhur p\u00ebr praktik gjasht\u00eb mujore n\u00eb organet shtetrore - Republika e S\u00ebrbis\u00eb Trupi Koordinues p\u00ebr komunat Bujanoc, Preshev\u00eb dhe Medvegj\u00eb\",\"isPartOf\":{\"@id\":\"https:\\\/\\\/kt.gov.rs\\\/#website\"},\"datePublished\":\"2011-11-11T00:00:00+00:00\",\"breadcrumb\":{\"@id\":\"https:\\\/\\\/kt.gov.rs\\\/sq\\\/dhjete-student-e-zgjedhur-per-praktik-gjashte-mujore-ne-organet-shtetrore\\\/#breadcrumb\"},\"inLanguage\":\"sq-AL\",\"potentialAction\":[{\"@type\":\"ReadAction\",\"target\":[\"https:\\\/\\\/kt.gov.rs\\\/sq\\\/dhjete-student-e-zgjedhur-per-praktik-gjashte-mujore-ne-organet-shtetrore\\\/\"]}]},{\"@type\":\"BreadcrumbList\",\"@id\":\"https:\\\/\\\/kt.gov.rs\\\/sq\\\/dhjete-student-e-zgjedhur-per-praktik-gjashte-mujore-ne-organet-shtetrore\\\/#breadcrumb\",\"itemListElement\":[{\"@type\":\"ListItem\",\"position\":1,\"name\":\"\u041f\u043e\u0447\u0435\u0442\u043d\u0430\",\"item\":\"https:\\\/\\\/kt.gov.rs\\\/sq\\\/\"},{\"@type\":\"ListItem\",\"position\":2,\"name\":\"Dhjet\u00eb student e zgjedhur p\u00ebr praktik gjasht\u00eb mujore n\u00eb organet shtetrore\"}]},{\"@type\":\"WebSite\",\"@id\":\"https:\\\/\\\/kt.gov.rs\\\/#website\",\"url\":\"https:\\\/\\\/kt.gov.rs\\\/\",\"name\":\"\u041a\u043e\u043e\u0440\u0434\u0438\u043d\u0430\u0446\u0438\u043e\u043d\u043e \u0442\u0435\u043b\u043e \u0412\u043b\u0430\u0434\u0435 \u0420\u0435\u043f\u0443\u0431\u043b\u0438\u043a\u0435 \u0421\u0440\u0431\u0438\u0458\u0435 \u0437\u0430 \u043e\u043f\u0448\u0442\u0438\u043d\u0435 \u041f\u0440\u0435\u0448\u0435\u0432\u043e, \u0411\u0443\u0458\u0430\u043d\u043e\u0432\u0430\u0446 \u0438 \u041c\u0435\u0434\u0432\u0435\u0452a\",\"description\":\"\",\"publisher\":{\"@id\":\"https:\\\/\\\/kt.gov.rs\\\/#organization\"},\"alternateName\":\"\u041a\u043e\u043e\u0440\u0434\u0438\u043d\u0430\u0446\u0438\u043e\u043d\u043e \u0442\u0435\u043b\u043e\",\"potentialAction\":[{\"@type\":\"SearchAction\",\"target\":{\"@type\":\"EntryPoint\",\"urlTemplate\":\"https:\\\/\\\/kt.gov.rs\\\/?s={search_term_string}\"},\"query-input\":{\"@type\":\"PropertyValueSpecification\",\"valueRequired\":true,\"valueName\":\"search_term_string\"}}],\"inLanguage\":\"sq-AL\"},{\"@type\":\"Organization\",\"@id\":\"https:\\\/\\\/kt.gov.rs\\\/#organization\",\"name\":\"\u041a\u043e\u043e\u0440\u0434\u0438\u043d\u0430\u0446\u0438\u043e\u043d\u043e \u0442\u0435\u043b\u043e \u0412\u043b\u0430\u0434\u0435 \u0420\u0435\u043f\u0443\u0431\u043b\u0438\u043a\u0435 \u0421\u0440\u0431\u0438\u0458\u0435 \u0437\u0430 \u043e\u043f\u0448\u0442\u0438\u043d\u0435 \u041f\u0440\u0435\u0448\u0435\u0432\u043e, \u0411\u0443\u0458\u0430\u043d\u043e\u0432\u0430\u0446 \u0438 \u041c\u0435\u0434\u0432\u0435\u0452a\",\"alternateName\":\"\u041a\u043e\u043e\u0440\u0434\u0438\u043d\u0430\u0446\u0438\u043e\u043d\u043e \u0442\u0435\u043b\u043e\",\"url\":\"https:\\\/\\\/kt.gov.rs\\\/\",\"logo\":{\"@type\":\"ImageObject\",\"inLanguage\":\"sq-AL\",\"@id\":\"https:\\\/\\\/kt.gov.rs\\\/#\\\/schema\\\/logo\\\/image\\\/\",\"url\":\"https:\\\/\\\/kt.gov.rs\\\/wp-content\\\/uploads\\\/2024\\\/12\\\/koord2.jpg\",\"contentUrl\":\"https:\\\/\\\/kt.gov.rs\\\/wp-content\\\/uploads\\\/2024\\\/12\\\/koord2.jpg\",\"width\":640,\"height\":480,\"caption\":\"\u041a\u043e\u043e\u0440\u0434\u0438\u043d\u0430\u0446\u0438\u043e\u043d\u043e \u0442\u0435\u043b\u043e \u0412\u043b\u0430\u0434\u0435 \u0420\u0435\u043f\u0443\u0431\u043b\u0438\u043a\u0435 \u0421\u0440\u0431\u0438\u0458\u0435 \u0437\u0430 \u043e\u043f\u0448\u0442\u0438\u043d\u0435 \u041f\u0440\u0435\u0448\u0435\u0432\u043e, \u0411\u0443\u0458\u0430\u043d\u043e\u0432\u0430\u0446 \u0438 \u041c\u0435\u0434\u0432\u0435\u0452a\"},\"image\":{\"@id\":\"https:\\\/\\\/kt.gov.rs\\\/#\\\/schema\\\/logo\\\/image\\\/\"},\"sameAs\":[\"https:\\\/\\\/www.facebook.com\\\/SluzbaKoordinacionogTelaVladeRepublikeSrbije\",\"https:\\\/\\\/x.com\\\/kt_gov\",\"https:\\\/\\\/www.youtube.com\\\/@koordinacionotelo\"]},{\"@type\":\"Person\",\"@id\":\"https:\\\/\\\/kt.gov.rs\\\/#\\\/schema\\\/person\\\/e426459ddb4173309103390602694571\",\"name\":\"ktmin\",\"image\":{\"@type\":\"ImageObject\",\"inLanguage\":\"sq-AL\",\"@id\":\"https:\\\/\\\/secure.gravatar.com\\\/avatar\\\/3985c961109853010c3fbc7ba30365bfba5db3dd6c525831d9c595c7525a615a?s=96&d=mm&r=g\",\"url\":\"https:\\\/\\\/secure.gravatar.com\\\/avatar\\\/3985c961109853010c3fbc7ba30365bfba5db3dd6c525831d9c595c7525a615a?s=96&d=mm&r=g\",\"contentUrl\":\"https:\\\/\\\/secure.gravatar.com\\\/avatar\\\/3985c961109853010c3fbc7ba30365bfba5db3dd6c525831d9c595c7525a615a?s=96&d=mm&r=g\",\"caption\":\"ktmin\"},\"sameAs\":[\"https:\\\/\\\/kt.gov.rs\"],\"url\":\"https:\\\/\\\/kt.gov.rs\\\/sq\\\/author\\\/ktmin\\\/\"}]}<\/script>\n<!-- \/ Yoast SEO plugin. -->","yoast_head_json":{"title":"Dhjet\u00eb student e zgjedhur p\u00ebr praktik gjasht\u00eb mujore n\u00eb organet shtetrore - Republika e S\u00ebrbis\u00eb Trupi Koordinues p\u00ebr komunat Bujanoc, Preshev\u00eb dhe Medvegj\u00eb","robots":{"index":"index","follow":"follow","max-snippet":"max-snippet:-1","max-image-preview":"max-image-preview:large","max-video-preview":"max-video-preview:-1"},"canonical":"https:\/\/kt.gov.rs\/sq\/dhjete-student-e-zgjedhur-per-praktik-gjashte-mujore-ne-organet-shtetrore\/","og_locale":"sq_AL","og_type":"article","og_title":"Dhjet\u00eb student e zgjedhur p\u00ebr praktik gjasht\u00eb mujore n\u00eb organet shtetrore - Republika e S\u00ebrbis\u00eb Trupi Koordinues p\u00ebr komunat Bujanoc, Preshev\u00eb dhe Medvegj\u00eb","og_description":"Beograd - Ministri p\u00ebr drejtat e njeriut dhe pakicave, t\u00eb qeverisjes dhe vetqeverisjes lokale nj\u00ebherit edhe\u00a0 kryetar i trupit Koordinues t\u00eb Qeveris s\u00eb Republik\u00ebs S\u00ebrbis p\u00ebr komunat e Preshev\u00ebs, Bujanocit dhe Medvegj\u00ebs Milan Markoviq ka pranuar n\u00eb Palatin e S\u00ebrbis dhjet\u00eb t\u00eb ri pjestar t\u00eb pakicave nacionale dhe ka lajmruar fillimin e pun\u00ebs s\u00eb tyre gjasht\u00eb mujore n\u00eb kat\u00ebr organe shtetrore.","og_url":"https:\/\/kt.gov.rs\/sq\/dhjete-student-e-zgjedhur-per-praktik-gjashte-mujore-ne-organet-shtetrore\/","og_site_name":"Republika e S\u00ebrbis\u00eb Trupi Koordinues p\u00ebr komunat Bujanoc, Preshev\u00eb dhe Medvegj\u00eb","article_publisher":"https:\/\/www.facebook.com\/SluzbaKoordinacionogTelaVladeRepublikeSrbije","article_published_time":"2011-11-11T00:00:00+00:00","author":"ktmin","twitter_card":"summary_large_image","twitter_creator":"@kt_gov","twitter_site":"@kt_gov","twitter_misc":{"Written by":"ktmin","Est. reading time":"2 minutes"},"schema":{"@context":"https:\/\/schema.org","@graph":[{"@type":"Article","@id":"https:\/\/kt.gov.rs\/sq\/dhjete-student-e-zgjedhur-per-praktik-gjashte-mujore-ne-organet-shtetrore\/#article","isPartOf":{"@id":"https:\/\/kt.gov.rs\/sq\/dhjete-student-e-zgjedhur-per-praktik-gjashte-mujore-ne-organet-shtetrore\/"},"author":{"name":"ktmin","@id":"https:\/\/kt.gov.rs\/#\/schema\/person\/e426459ddb4173309103390602694571"},"headline":"Dhjet\u00eb student e zgjedhur p\u00ebr praktik gjasht\u00eb mujore n\u00eb organet shtetrore","datePublished":"2011-11-11T00:00:00+00:00","mainEntityOfPage":{"@id":"https:\/\/kt.gov.rs\/sq\/dhjete-student-e-zgjedhur-per-praktik-gjashte-mujore-ne-organet-shtetrore\/"},"wordCount":477,"publisher":{"@id":"https:\/\/kt.gov.rs\/#organization"},"articleSection":["Lajme"],"inLanguage":"sq-AL"},{"@type":"WebPage","@id":"https:\/\/kt.gov.rs\/sq\/dhjete-student-e-zgjedhur-per-praktik-gjashte-mujore-ne-organet-shtetrore\/","url":"https:\/\/kt.gov.rs\/sq\/dhjete-student-e-zgjedhur-per-praktik-gjashte-mujore-ne-organet-shtetrore\/","name":"Dhjet\u00eb student e zgjedhur p\u00ebr praktik gjasht\u00eb mujore n\u00eb organet shtetrore - Republika e S\u00ebrbis\u00eb Trupi Koordinues p\u00ebr komunat Bujanoc, Preshev\u00eb dhe Medvegj\u00eb","isPartOf":{"@id":"https:\/\/kt.gov.rs\/#website"},"datePublished":"2011-11-11T00:00:00+00:00","breadcrumb":{"@id":"https:\/\/kt.gov.rs\/sq\/dhjete-student-e-zgjedhur-per-praktik-gjashte-mujore-ne-organet-shtetrore\/#breadcrumb"},"inLanguage":"sq-AL","potentialAction":[{"@type":"ReadAction","target":["https:\/\/kt.gov.rs\/sq\/dhjete-student-e-zgjedhur-per-praktik-gjashte-mujore-ne-organet-shtetrore\/"]}]},{"@type":"BreadcrumbList","@id":"https:\/\/kt.gov.rs\/sq\/dhjete-student-e-zgjedhur-per-praktik-gjashte-mujore-ne-organet-shtetrore\/#breadcrumb","itemListElement":[{"@type":"ListItem","position":1,"name":"\u041f\u043e\u0447\u0435\u0442\u043d\u0430","item":"https:\/\/kt.gov.rs\/sq\/"},{"@type":"ListItem","position":2,"name":"Dhjet\u00eb student e zgjedhur p\u00ebr praktik gjasht\u00eb mujore n\u00eb organet shtetrore"}]},{"@type":"WebSite","@id":"https:\/\/kt.gov.rs\/#website","url":"https:\/\/kt.gov.rs\/","name":"\u041a\u043e\u043e\u0440\u0434\u0438\u043d\u0430\u0446\u0438\u043e\u043d\u043e \u0442\u0435\u043b\u043e \u0412\u043b\u0430\u0434\u0435 \u0420\u0435\u043f\u0443\u0431\u043b\u0438\u043a\u0435 \u0421\u0440\u0431\u0438\u0458\u0435 \u0437\u0430 \u043e\u043f\u0448\u0442\u0438\u043d\u0435 \u041f\u0440\u0435\u0448\u0435\u0432\u043e, \u0411\u0443\u0458\u0430\u043d\u043e\u0432\u0430\u0446 \u0438 \u041c\u0435\u0434\u0432\u0435\u0452a","description":"","publisher":{"@id":"https:\/\/kt.gov.rs\/#organization"},"alternateName":"\u041a\u043e\u043e\u0440\u0434\u0438\u043d\u0430\u0446\u0438\u043e\u043d\u043e \u0442\u0435\u043b\u043e","potentialAction":[{"@type":"SearchAction","target":{"@type":"EntryPoint","urlTemplate":"https:\/\/kt.gov.rs\/?s={search_term_string}"},"query-input":{"@type":"PropertyValueSpecification","valueRequired":true,"valueName":"search_term_string"}}],"inLanguage":"sq-AL"},{"@type":"Organization","@id":"https:\/\/kt.gov.rs\/#organization","name":"\u041a\u043e\u043e\u0440\u0434\u0438\u043d\u0430\u0446\u0438\u043e\u043d\u043e \u0442\u0435\u043b\u043e \u0412\u043b\u0430\u0434\u0435 \u0420\u0435\u043f\u0443\u0431\u043b\u0438\u043a\u0435 \u0421\u0440\u0431\u0438\u0458\u0435 \u0437\u0430 \u043e\u043f\u0448\u0442\u0438\u043d\u0435 \u041f\u0440\u0435\u0448\u0435\u0432\u043e, \u0411\u0443\u0458\u0430\u043d\u043e\u0432\u0430\u0446 \u0438 \u041c\u0435\u0434\u0432\u0435\u0452a","alternateName":"\u041a\u043e\u043e\u0440\u0434\u0438\u043d\u0430\u0446\u0438\u043e\u043d\u043e \u0442\u0435\u043b\u043e","url":"https:\/\/kt.gov.rs\/","logo":{"@type":"ImageObject","inLanguage":"sq-AL","@id":"https:\/\/kt.gov.rs\/#\/schema\/logo\/image\/","url":"https:\/\/kt.gov.rs\/wp-content\/uploads\/2024\/12\/koord2.jpg","contentUrl":"https:\/\/kt.gov.rs\/wp-content\/uploads\/2024\/12\/koord2.jpg","width":640,"height":480,"caption":"\u041a\u043e\u043e\u0440\u0434\u0438\u043d\u0430\u0446\u0438\u043e\u043d\u043e \u0442\u0435\u043b\u043e \u0412\u043b\u0430\u0434\u0435 \u0420\u0435\u043f\u0443\u0431\u043b\u0438\u043a\u0435 \u0421\u0440\u0431\u0438\u0458\u0435 \u0437\u0430 \u043e\u043f\u0448\u0442\u0438\u043d\u0435 \u041f\u0440\u0435\u0448\u0435\u0432\u043e, \u0411\u0443\u0458\u0430\u043d\u043e\u0432\u0430\u0446 \u0438 \u041c\u0435\u0434\u0432\u0435\u0452a"},"image":{"@id":"https:\/\/kt.gov.rs\/#\/schema\/logo\/image\/"},"sameAs":["https:\/\/www.facebook.com\/SluzbaKoordinacionogTelaVladeRepublikeSrbije","https:\/\/x.com\/kt_gov","https:\/\/www.youtube.com\/@koordinacionotelo"]},{"@type":"Person","@id":"https:\/\/kt.gov.rs\/#\/schema\/person\/e426459ddb4173309103390602694571","name":"ktmin","image":{"@type":"ImageObject","inLanguage":"sq-AL","@id":"https:\/\/secure.gravatar.com\/avatar\/3985c961109853010c3fbc7ba30365bfba5db3dd6c525831d9c595c7525a615a?s=96&d=mm&r=g","url":"https:\/\/secure.gravatar.com\/avatar\/3985c961109853010c3fbc7ba30365bfba5db3dd6c525831d9c595c7525a615a?s=96&d=mm&r=g","contentUrl":"https:\/\/secure.gravatar.com\/avatar\/3985c961109853010c3fbc7ba30365bfba5db3dd6c525831d9c595c7525a615a?s=96&d=mm&r=g","caption":"ktmin"},"sameAs":["https:\/\/kt.gov.rs"],"url":"https:\/\/kt.gov.rs\/sq\/author\/ktmin\/"}]}},"_links":{"self":[{"href":"https:\/\/kt.gov.rs\/sq\/wp-json\/wp\/v2\/posts\/142086","targetHints":{"allow":["GET"]}}],"collection":[{"href":"https:\/\/kt.gov.rs\/sq\/wp-json\/wp\/v2\/posts"}],"about":[{"href":"https:\/\/kt.gov.rs\/sq\/wp-json\/wp\/v2\/types\/post"}],"author":[{"embeddable":true,"href":"https:\/\/kt.gov.rs\/sq\/wp-json\/wp\/v2\/users\/1"}],"replies":[{"embeddable":true,"href":"https:\/\/kt.gov.rs\/sq\/wp-json\/wp\/v2\/comments?post=142086"}],"version-history":[{"count":0,"href":"https:\/\/kt.gov.rs\/sq\/wp-json\/wp\/v2\/posts\/142086\/revisions"}],"wp:attachment":[{"href":"https:\/\/kt.gov.rs\/sq\/wp-json\/wp\/v2\/media?parent=142086"}],"wp:term":[{"taxonomy":"category","embeddable":true,"href":"https:\/\/kt.gov.rs\/sq\/wp-json\/wp\/v2\/categories?post=142086"},{"taxonomy":"post_tag","embeddable":true,"href":"https:\/\/kt.gov.rs\/sq\/wp-json\/wp\/v2\/tags?post=142086"}],"curies":[{"name":"wp","href":"https:\/\/api.w.org\/{rel}","templated":true}]}}