{"id":142083,"date":"2011-11-17T00:00:00","date_gmt":"2011-11-17T00:00:00","guid":{"rendered":"http:\/\/kt.printandscreen.rs\/gjenerata-e-trete-e-pranimit-te-bursave-nga-jugu-i-serbis-ne-beograd\/"},"modified":"2011-11-17T00:00:00","modified_gmt":"2011-11-17T00:00:00","slug":"gjenerata-e-trete-e-pranimit-te-bursave-nga-jugu-i-serbis-ne-beograd","status":"publish","type":"post","link":"https:\/\/kt.gov.rs\/sq\/gjenerata-e-trete-e-pranimit-te-bursave-nga-jugu-i-serbis-ne-beograd\/","title":{"rendered":"GJENERATA E TRET\u00cb E PRANIMIT T\u00cb BURSAVE NGA JUGU I S\u00cbRBIS N\u00cb BEOGRAD"},"content":{"rendered":"<p>E premte, 18. N\u00ebntor do t\u00eb b\u00ebhet ndarja e bursave gjenerat\u00ebs s\u00eb tret nx\u00ebn\u00ebsve t\u00eb shkoll\u00ebs s\u00eb m\u00ebsme t\u00eb cil\u00ebt i\u00a0 jep trupi Koordinues Qeverija e Republik\u00ebs s\u00eb S\u00ebrbis p\u00ebr komunat Preshev, Bujanoc dhe Medvegj. K\u00ebt\u00eb vit bursa do t\u00eb marrin 233 nx\u00ebn\u00ebs, 27 nx\u00ebn\u00ebs m\u00eb shum\u00eb se vitin e kalum. P\u00ebrparsi kan\u00eb pasur nx\u00ebn\u00ebsit e shkoll\u00ebs s\u00eb m\u00ebsme pa asnje prind ose pa njerin prind, p\u00ebrveq k\u00ebtyre kritereve shp\u00ebrndarja \u00ebsht\u00eb b\u00ebr\u00eb edhe atyre me status sociale dhe suksesin e vitit t\u00eb kaluar shkollor. Bursa kan\u00eb marr\u00eb 114 nx\u00ebn\u00ebs nga Presheva, 87 nga Bujanoci dhe 32 nga Medvegja. Cdo nx\u00ebn\u00ebs do t\u00eb marr\u00eb bursa deri n\u00eb p\u00ebrfundimin e vitit shkollor nga gjasht\u00eb mi (6.000,00) dinar\u00eb, n\u00eb muaj.Trupi Koordinues p\u00ebr her\u00eb t\u00eb tret\u00eb shp\u00ebrndan k\u00ebt\u00eb lloj t\u00eb bursave t\u00eb cilat jan\u00eb p\u00ebr q\u00ebllim\u00a0 t\u00eb inkurajuar paq\u00eb, stabilitet dhe integrim ne komunat e jugut t\u00eb S\u00ebrbis.<\/p>\n<p>T\u00eb gjith\u00eb pranuesit e bursave tet\u00ebmb\u00ebdhjetin n\u00ebntor do ta kalojn n\u00eb Beograd. S\u00eb pari do ta vizitojn Kuvendin Popullor t\u00eb Republik\u00ebs s\u00eb S\u00ebrbis, ku n\u00eb ceremoni pranimin e kontratave t\u00eb bursave do tia dor\u00ebzoj kryetarja e Kuvendit Popullor Slavica Gjukiq Dejanoviq dhe kryetari i trupit Koordinues, ministri Milan Markoviq.<\/p>\n<p>Pas k\u00ebsaj, tradicionalisht, nx\u00ebn\u00ebsit t\u00eb shkollave t\u00eb mesme do t\u00eb takohen me Presidentin e S\u00ebrbis Boris Tadiq.<br \/>\n\u00a0<br \/>\nPara kthimit n\u00eb komunat e veta, p\u00ebr nxen\u00ebsit e shkollave t\u00eb mesme q\u00eb do t\u00eb marrin bursa trupi Koordinues, administrata e qytetit ka organizuar\u00a0 nj\u00eb udhtim p\u00ebr ta shikuar Beogradin, p\u00ebr t\u00eb cil\u00ebn shumica nga ata\u00a0 e shohin p\u00ebr her\u00eb t\u00eb par\u00eb. Trupi Koordinues Qeverija e Republik\u00ebs s\u00eb S\u00ebrbis i faliminderohet kryetarit t\u00eb S\u00ebrbis Boris Tadiqit, kryetares s\u00eb Kuvendit Popullor te S\u00ebrbis Slavica Gjukiq Dejanoviqit, dhe kryebashjakut Dragan Gjilasit p\u00ebr mb\u00ebshtetjen e tyre n\u00eb zbatimin e k\u00ebtij projekti t\u00eb r\u00ebndesish\u00ebm.<\/p>\n","protected":false},"excerpt":{"rendered":"<p>E premte, 18. N\u00ebntor do t\u00eb b\u00ebhet ndarja e bursave gjenerat\u00ebs s\u00eb tret  nx\u00ebn\u00ebsve t\u00eb shkoll\u00ebs s\u00eb m\u00ebsme t\u00eb cil\u00ebt i\u00a0 jep trupi Koordinues Qeverija e  Republik\u00ebs s\u00eb S\u00ebrbis p\u00ebr komunat Preshev, Bujanoc dhe Medvegj. K\u00ebt\u00eb vit  bursa do t\u00eb marrin 233 nx\u00ebn\u00ebs, 27 nx\u00ebn\u00ebs m\u00eb shum\u00eb se vitin e kalum.  P\u00ebrparsi kan\u00eb pasur nx\u00ebn\u00ebsit e shkoll\u00ebs s\u00eb m\u00ebsme pa asnje prind ose pa  njerin prind, p\u00ebrveq k\u00ebtyre kritereve shp\u00ebrndarja \u00ebsht\u00eb b\u00ebr\u00eb edhe atyre  me status sociale dhe suksesin e vitit t\u00eb kaluar shkollor.<\/p>\n","protected":false},"author":1,"featured_media":0,"comment_status":"closed","ping_status":"closed","sticky":false,"template":"","format":"standard","meta":{"footnotes":""},"categories":[55],"tags":[],"class_list":["post-142083","post","type-post","status-publish","format-standard","hentry","category-lajme"],"yoast_head":"<!-- This site is optimized with the Yoast SEO plugin v27.5 - https:\/\/yoast.com\/product\/yoast-seo-wordpress\/ -->\n<title>GJENERATA E TRET\u00cb E PRANIMIT T\u00cb BURSAVE NGA JUGU I S\u00cbRBIS N\u00cb BEOGRAD - Republika e S\u00ebrbis\u00eb Trupi Koordinues p\u00ebr komunat Bujanoc, Preshev\u00eb dhe Medvegj\u00eb<\/title>\n<meta name=\"robots\" content=\"index, follow, max-snippet:-1, max-image-preview:large, max-video-preview:-1\" \/>\n<link rel=\"canonical\" href=\"https:\/\/kt.gov.rs\/sq\/gjenerata-e-trete-e-pranimit-te-bursave-nga-jugu-i-serbis-ne-beograd\/\" \/>\n<meta property=\"og:locale\" content=\"sq_AL\" \/>\n<meta property=\"og:type\" content=\"article\" \/>\n<meta property=\"og:title\" content=\"GJENERATA E TRET\u00cb E PRANIMIT T\u00cb BURSAVE NGA JUGU I S\u00cbRBIS N\u00cb BEOGRAD - Republika e S\u00ebrbis\u00eb Trupi Koordinues p\u00ebr komunat Bujanoc, Preshev\u00eb dhe Medvegj\u00eb\" \/>\n<meta property=\"og:description\" content=\"E premte, 18. N\u00ebntor do t\u00eb b\u00ebhet ndarja e bursave gjenerat\u00ebs s\u00eb tret nx\u00ebn\u00ebsve t\u00eb shkoll\u00ebs s\u00eb m\u00ebsme t\u00eb cil\u00ebt i\u00a0 jep trupi Koordinues Qeverija e Republik\u00ebs s\u00eb S\u00ebrbis p\u00ebr komunat Preshev, Bujanoc dhe Medvegj. K\u00ebt\u00eb vit bursa do t\u00eb marrin 233 nx\u00ebn\u00ebs, 27 nx\u00ebn\u00ebs m\u00eb shum\u00eb se vitin e kalum. P\u00ebrparsi kan\u00eb pasur nx\u00ebn\u00ebsit e shkoll\u00ebs s\u00eb m\u00ebsme pa asnje prind ose pa njerin prind, p\u00ebrveq k\u00ebtyre kritereve shp\u00ebrndarja \u00ebsht\u00eb b\u00ebr\u00eb edhe atyre me status sociale dhe suksesin e vitit t\u00eb kaluar shkollor.\" \/>\n<meta property=\"og:url\" content=\"https:\/\/kt.gov.rs\/sq\/gjenerata-e-trete-e-pranimit-te-bursave-nga-jugu-i-serbis-ne-beograd\/\" \/>\n<meta property=\"og:site_name\" content=\"Republika e S\u00ebrbis\u00eb Trupi Koordinues p\u00ebr komunat Bujanoc, Preshev\u00eb dhe Medvegj\u00eb\" \/>\n<meta property=\"article:publisher\" content=\"https:\/\/www.facebook.com\/SluzbaKoordinacionogTelaVladeRepublikeSrbije\" \/>\n<meta property=\"article:published_time\" content=\"2011-11-17T00:00:00+00:00\" \/>\n<meta name=\"author\" content=\"ktmin\" \/>\n<meta name=\"twitter:card\" content=\"summary_large_image\" \/>\n<meta name=\"twitter:creator\" content=\"@kt_gov\" \/>\n<meta name=\"twitter:site\" content=\"@kt_gov\" \/>\n<meta name=\"twitter:label1\" content=\"Written by\" \/>\n\t<meta name=\"twitter:data1\" content=\"ktmin\" \/>\n\t<meta name=\"twitter:label2\" content=\"Est. reading time\" \/>\n\t<meta name=\"twitter:data2\" content=\"2 minutes\" \/>\n<script type=\"application\/ld+json\" class=\"yoast-schema-graph\">{\"@context\":\"https:\\\/\\\/schema.org\",\"@graph\":[{\"@type\":\"Article\",\"@id\":\"https:\\\/\\\/kt.gov.rs\\\/sq\\\/gjenerata-e-trete-e-pranimit-te-bursave-nga-jugu-i-serbis-ne-beograd\\\/#article\",\"isPartOf\":{\"@id\":\"https:\\\/\\\/kt.gov.rs\\\/sq\\\/gjenerata-e-trete-e-pranimit-te-bursave-nga-jugu-i-serbis-ne-beograd\\\/\"},\"author\":{\"name\":\"ktmin\",\"@id\":\"https:\\\/\\\/kt.gov.rs\\\/#\\\/schema\\\/person\\\/e426459ddb4173309103390602694571\"},\"headline\":\"GJENERATA E TRET\u00cb E PRANIMIT T\u00cb BURSAVE NGA JUGU I S\u00cbRBIS N\u00cb BEOGRAD\",\"datePublished\":\"2011-11-17T00:00:00+00:00\",\"mainEntityOfPage\":{\"@id\":\"https:\\\/\\\/kt.gov.rs\\\/sq\\\/gjenerata-e-trete-e-pranimit-te-bursave-nga-jugu-i-serbis-ne-beograd\\\/\"},\"wordCount\":364,\"publisher\":{\"@id\":\"https:\\\/\\\/kt.gov.rs\\\/#organization\"},\"articleSection\":[\"Lajme\"],\"inLanguage\":\"sq-AL\"},{\"@type\":\"WebPage\",\"@id\":\"https:\\\/\\\/kt.gov.rs\\\/sq\\\/gjenerata-e-trete-e-pranimit-te-bursave-nga-jugu-i-serbis-ne-beograd\\\/\",\"url\":\"https:\\\/\\\/kt.gov.rs\\\/sq\\\/gjenerata-e-trete-e-pranimit-te-bursave-nga-jugu-i-serbis-ne-beograd\\\/\",\"name\":\"GJENERATA E TRET\u00cb E PRANIMIT T\u00cb BURSAVE NGA JUGU I S\u00cbRBIS N\u00cb BEOGRAD - Republika e S\u00ebrbis\u00eb Trupi Koordinues p\u00ebr komunat Bujanoc, Preshev\u00eb dhe Medvegj\u00eb\",\"isPartOf\":{\"@id\":\"https:\\\/\\\/kt.gov.rs\\\/#website\"},\"datePublished\":\"2011-11-17T00:00:00+00:00\",\"breadcrumb\":{\"@id\":\"https:\\\/\\\/kt.gov.rs\\\/sq\\\/gjenerata-e-trete-e-pranimit-te-bursave-nga-jugu-i-serbis-ne-beograd\\\/#breadcrumb\"},\"inLanguage\":\"sq-AL\",\"potentialAction\":[{\"@type\":\"ReadAction\",\"target\":[\"https:\\\/\\\/kt.gov.rs\\\/sq\\\/gjenerata-e-trete-e-pranimit-te-bursave-nga-jugu-i-serbis-ne-beograd\\\/\"]}]},{\"@type\":\"BreadcrumbList\",\"@id\":\"https:\\\/\\\/kt.gov.rs\\\/sq\\\/gjenerata-e-trete-e-pranimit-te-bursave-nga-jugu-i-serbis-ne-beograd\\\/#breadcrumb\",\"itemListElement\":[{\"@type\":\"ListItem\",\"position\":1,\"name\":\"\u041f\u043e\u0447\u0435\u0442\u043d\u0430\",\"item\":\"https:\\\/\\\/kt.gov.rs\\\/sq\\\/\"},{\"@type\":\"ListItem\",\"position\":2,\"name\":\"GJENERATA E TRET\u00cb E PRANIMIT T\u00cb BURSAVE NGA JUGU I S\u00cbRBIS N\u00cb BEOGRAD\"}]},{\"@type\":\"WebSite\",\"@id\":\"https:\\\/\\\/kt.gov.rs\\\/#website\",\"url\":\"https:\\\/\\\/kt.gov.rs\\\/\",\"name\":\"\u041a\u043e\u043e\u0440\u0434\u0438\u043d\u0430\u0446\u0438\u043e\u043d\u043e \u0442\u0435\u043b\u043e \u0412\u043b\u0430\u0434\u0435 \u0420\u0435\u043f\u0443\u0431\u043b\u0438\u043a\u0435 \u0421\u0440\u0431\u0438\u0458\u0435 \u0437\u0430 \u043e\u043f\u0448\u0442\u0438\u043d\u0435 \u041f\u0440\u0435\u0448\u0435\u0432\u043e, \u0411\u0443\u0458\u0430\u043d\u043e\u0432\u0430\u0446 \u0438 \u041c\u0435\u0434\u0432\u0435\u0452a\",\"description\":\"\",\"publisher\":{\"@id\":\"https:\\\/\\\/kt.gov.rs\\\/#organization\"},\"alternateName\":\"\u041a\u043e\u043e\u0440\u0434\u0438\u043d\u0430\u0446\u0438\u043e\u043d\u043e \u0442\u0435\u043b\u043e\",\"potentialAction\":[{\"@type\":\"SearchAction\",\"target\":{\"@type\":\"EntryPoint\",\"urlTemplate\":\"https:\\\/\\\/kt.gov.rs\\\/?s={search_term_string}\"},\"query-input\":{\"@type\":\"PropertyValueSpecification\",\"valueRequired\":true,\"valueName\":\"search_term_string\"}}],\"inLanguage\":\"sq-AL\"},{\"@type\":\"Organization\",\"@id\":\"https:\\\/\\\/kt.gov.rs\\\/#organization\",\"name\":\"\u041a\u043e\u043e\u0440\u0434\u0438\u043d\u0430\u0446\u0438\u043e\u043d\u043e \u0442\u0435\u043b\u043e \u0412\u043b\u0430\u0434\u0435 \u0420\u0435\u043f\u0443\u0431\u043b\u0438\u043a\u0435 \u0421\u0440\u0431\u0438\u0458\u0435 \u0437\u0430 \u043e\u043f\u0448\u0442\u0438\u043d\u0435 \u041f\u0440\u0435\u0448\u0435\u0432\u043e, \u0411\u0443\u0458\u0430\u043d\u043e\u0432\u0430\u0446 \u0438 \u041c\u0435\u0434\u0432\u0435\u0452a\",\"alternateName\":\"\u041a\u043e\u043e\u0440\u0434\u0438\u043d\u0430\u0446\u0438\u043e\u043d\u043e \u0442\u0435\u043b\u043e\",\"url\":\"https:\\\/\\\/kt.gov.rs\\\/\",\"logo\":{\"@type\":\"ImageObject\",\"inLanguage\":\"sq-AL\",\"@id\":\"https:\\\/\\\/kt.gov.rs\\\/#\\\/schema\\\/logo\\\/image\\\/\",\"url\":\"https:\\\/\\\/kt.gov.rs\\\/wp-content\\\/uploads\\\/2024\\\/12\\\/koord2.jpg\",\"contentUrl\":\"https:\\\/\\\/kt.gov.rs\\\/wp-content\\\/uploads\\\/2024\\\/12\\\/koord2.jpg\",\"width\":640,\"height\":480,\"caption\":\"\u041a\u043e\u043e\u0440\u0434\u0438\u043d\u0430\u0446\u0438\u043e\u043d\u043e \u0442\u0435\u043b\u043e \u0412\u043b\u0430\u0434\u0435 \u0420\u0435\u043f\u0443\u0431\u043b\u0438\u043a\u0435 \u0421\u0440\u0431\u0438\u0458\u0435 \u0437\u0430 \u043e\u043f\u0448\u0442\u0438\u043d\u0435 \u041f\u0440\u0435\u0448\u0435\u0432\u043e, \u0411\u0443\u0458\u0430\u043d\u043e\u0432\u0430\u0446 \u0438 \u041c\u0435\u0434\u0432\u0435\u0452a\"},\"image\":{\"@id\":\"https:\\\/\\\/kt.gov.rs\\\/#\\\/schema\\\/logo\\\/image\\\/\"},\"sameAs\":[\"https:\\\/\\\/www.facebook.com\\\/SluzbaKoordinacionogTelaVladeRepublikeSrbije\",\"https:\\\/\\\/x.com\\\/kt_gov\",\"https:\\\/\\\/www.youtube.com\\\/@koordinacionotelo\"]},{\"@type\":\"Person\",\"@id\":\"https:\\\/\\\/kt.gov.rs\\\/#\\\/schema\\\/person\\\/e426459ddb4173309103390602694571\",\"name\":\"ktmin\",\"image\":{\"@type\":\"ImageObject\",\"inLanguage\":\"sq-AL\",\"@id\":\"https:\\\/\\\/secure.gravatar.com\\\/avatar\\\/3985c961109853010c3fbc7ba30365bfba5db3dd6c525831d9c595c7525a615a?s=96&d=mm&r=g\",\"url\":\"https:\\\/\\\/secure.gravatar.com\\\/avatar\\\/3985c961109853010c3fbc7ba30365bfba5db3dd6c525831d9c595c7525a615a?s=96&d=mm&r=g\",\"contentUrl\":\"https:\\\/\\\/secure.gravatar.com\\\/avatar\\\/3985c961109853010c3fbc7ba30365bfba5db3dd6c525831d9c595c7525a615a?s=96&d=mm&r=g\",\"caption\":\"ktmin\"},\"sameAs\":[\"https:\\\/\\\/kt.gov.rs\"],\"url\":\"https:\\\/\\\/kt.gov.rs\\\/sq\\\/author\\\/ktmin\\\/\"}]}<\/script>\n<!-- \/ Yoast SEO plugin. -->","yoast_head_json":{"title":"GJENERATA E TRET\u00cb E PRANIMIT T\u00cb BURSAVE NGA JUGU I S\u00cbRBIS N\u00cb BEOGRAD - Republika e S\u00ebrbis\u00eb Trupi Koordinues p\u00ebr komunat Bujanoc, Preshev\u00eb dhe Medvegj\u00eb","robots":{"index":"index","follow":"follow","max-snippet":"max-snippet:-1","max-image-preview":"max-image-preview:large","max-video-preview":"max-video-preview:-1"},"canonical":"https:\/\/kt.gov.rs\/sq\/gjenerata-e-trete-e-pranimit-te-bursave-nga-jugu-i-serbis-ne-beograd\/","og_locale":"sq_AL","og_type":"article","og_title":"GJENERATA E TRET\u00cb E PRANIMIT T\u00cb BURSAVE NGA JUGU I S\u00cbRBIS N\u00cb BEOGRAD - Republika e S\u00ebrbis\u00eb Trupi Koordinues p\u00ebr komunat Bujanoc, Preshev\u00eb dhe Medvegj\u00eb","og_description":"E premte, 18. N\u00ebntor do t\u00eb b\u00ebhet ndarja e bursave gjenerat\u00ebs s\u00eb tret nx\u00ebn\u00ebsve t\u00eb shkoll\u00ebs s\u00eb m\u00ebsme t\u00eb cil\u00ebt i\u00a0 jep trupi Koordinues Qeverija e Republik\u00ebs s\u00eb S\u00ebrbis p\u00ebr komunat Preshev, Bujanoc dhe Medvegj. K\u00ebt\u00eb vit bursa do t\u00eb marrin 233 nx\u00ebn\u00ebs, 27 nx\u00ebn\u00ebs m\u00eb shum\u00eb se vitin e kalum. P\u00ebrparsi kan\u00eb pasur nx\u00ebn\u00ebsit e shkoll\u00ebs s\u00eb m\u00ebsme pa asnje prind ose pa njerin prind, p\u00ebrveq k\u00ebtyre kritereve shp\u00ebrndarja \u00ebsht\u00eb b\u00ebr\u00eb edhe atyre me status sociale dhe suksesin e vitit t\u00eb kaluar shkollor.","og_url":"https:\/\/kt.gov.rs\/sq\/gjenerata-e-trete-e-pranimit-te-bursave-nga-jugu-i-serbis-ne-beograd\/","og_site_name":"Republika e S\u00ebrbis\u00eb Trupi Koordinues p\u00ebr komunat Bujanoc, Preshev\u00eb dhe Medvegj\u00eb","article_publisher":"https:\/\/www.facebook.com\/SluzbaKoordinacionogTelaVladeRepublikeSrbije","article_published_time":"2011-11-17T00:00:00+00:00","author":"ktmin","twitter_card":"summary_large_image","twitter_creator":"@kt_gov","twitter_site":"@kt_gov","twitter_misc":{"Written by":"ktmin","Est. reading time":"2 minutes"},"schema":{"@context":"https:\/\/schema.org","@graph":[{"@type":"Article","@id":"https:\/\/kt.gov.rs\/sq\/gjenerata-e-trete-e-pranimit-te-bursave-nga-jugu-i-serbis-ne-beograd\/#article","isPartOf":{"@id":"https:\/\/kt.gov.rs\/sq\/gjenerata-e-trete-e-pranimit-te-bursave-nga-jugu-i-serbis-ne-beograd\/"},"author":{"name":"ktmin","@id":"https:\/\/kt.gov.rs\/#\/schema\/person\/e426459ddb4173309103390602694571"},"headline":"GJENERATA E TRET\u00cb E PRANIMIT T\u00cb BURSAVE NGA JUGU I S\u00cbRBIS N\u00cb BEOGRAD","datePublished":"2011-11-17T00:00:00+00:00","mainEntityOfPage":{"@id":"https:\/\/kt.gov.rs\/sq\/gjenerata-e-trete-e-pranimit-te-bursave-nga-jugu-i-serbis-ne-beograd\/"},"wordCount":364,"publisher":{"@id":"https:\/\/kt.gov.rs\/#organization"},"articleSection":["Lajme"],"inLanguage":"sq-AL"},{"@type":"WebPage","@id":"https:\/\/kt.gov.rs\/sq\/gjenerata-e-trete-e-pranimit-te-bursave-nga-jugu-i-serbis-ne-beograd\/","url":"https:\/\/kt.gov.rs\/sq\/gjenerata-e-trete-e-pranimit-te-bursave-nga-jugu-i-serbis-ne-beograd\/","name":"GJENERATA E TRET\u00cb E PRANIMIT T\u00cb BURSAVE NGA JUGU I S\u00cbRBIS N\u00cb BEOGRAD - Republika e S\u00ebrbis\u00eb Trupi Koordinues p\u00ebr komunat Bujanoc, Preshev\u00eb dhe Medvegj\u00eb","isPartOf":{"@id":"https:\/\/kt.gov.rs\/#website"},"datePublished":"2011-11-17T00:00:00+00:00","breadcrumb":{"@id":"https:\/\/kt.gov.rs\/sq\/gjenerata-e-trete-e-pranimit-te-bursave-nga-jugu-i-serbis-ne-beograd\/#breadcrumb"},"inLanguage":"sq-AL","potentialAction":[{"@type":"ReadAction","target":["https:\/\/kt.gov.rs\/sq\/gjenerata-e-trete-e-pranimit-te-bursave-nga-jugu-i-serbis-ne-beograd\/"]}]},{"@type":"BreadcrumbList","@id":"https:\/\/kt.gov.rs\/sq\/gjenerata-e-trete-e-pranimit-te-bursave-nga-jugu-i-serbis-ne-beograd\/#breadcrumb","itemListElement":[{"@type":"ListItem","position":1,"name":"\u041f\u043e\u0447\u0435\u0442\u043d\u0430","item":"https:\/\/kt.gov.rs\/sq\/"},{"@type":"ListItem","position":2,"name":"GJENERATA E TRET\u00cb E PRANIMIT T\u00cb BURSAVE NGA JUGU I S\u00cbRBIS N\u00cb BEOGRAD"}]},{"@type":"WebSite","@id":"https:\/\/kt.gov.rs\/#website","url":"https:\/\/kt.gov.rs\/","name":"\u041a\u043e\u043e\u0440\u0434\u0438\u043d\u0430\u0446\u0438\u043e\u043d\u043e \u0442\u0435\u043b\u043e \u0412\u043b\u0430\u0434\u0435 \u0420\u0435\u043f\u0443\u0431\u043b\u0438\u043a\u0435 \u0421\u0440\u0431\u0438\u0458\u0435 \u0437\u0430 \u043e\u043f\u0448\u0442\u0438\u043d\u0435 \u041f\u0440\u0435\u0448\u0435\u0432\u043e, \u0411\u0443\u0458\u0430\u043d\u043e\u0432\u0430\u0446 \u0438 \u041c\u0435\u0434\u0432\u0435\u0452a","description":"","publisher":{"@id":"https:\/\/kt.gov.rs\/#organization"},"alternateName":"\u041a\u043e\u043e\u0440\u0434\u0438\u043d\u0430\u0446\u0438\u043e\u043d\u043e \u0442\u0435\u043b\u043e","potentialAction":[{"@type":"SearchAction","target":{"@type":"EntryPoint","urlTemplate":"https:\/\/kt.gov.rs\/?s={search_term_string}"},"query-input":{"@type":"PropertyValueSpecification","valueRequired":true,"valueName":"search_term_string"}}],"inLanguage":"sq-AL"},{"@type":"Organization","@id":"https:\/\/kt.gov.rs\/#organization","name":"\u041a\u043e\u043e\u0440\u0434\u0438\u043d\u0430\u0446\u0438\u043e\u043d\u043e \u0442\u0435\u043b\u043e \u0412\u043b\u0430\u0434\u0435 \u0420\u0435\u043f\u0443\u0431\u043b\u0438\u043a\u0435 \u0421\u0440\u0431\u0438\u0458\u0435 \u0437\u0430 \u043e\u043f\u0448\u0442\u0438\u043d\u0435 \u041f\u0440\u0435\u0448\u0435\u0432\u043e, \u0411\u0443\u0458\u0430\u043d\u043e\u0432\u0430\u0446 \u0438 \u041c\u0435\u0434\u0432\u0435\u0452a","alternateName":"\u041a\u043e\u043e\u0440\u0434\u0438\u043d\u0430\u0446\u0438\u043e\u043d\u043e \u0442\u0435\u043b\u043e","url":"https:\/\/kt.gov.rs\/","logo":{"@type":"ImageObject","inLanguage":"sq-AL","@id":"https:\/\/kt.gov.rs\/#\/schema\/logo\/image\/","url":"https:\/\/kt.gov.rs\/wp-content\/uploads\/2024\/12\/koord2.jpg","contentUrl":"https:\/\/kt.gov.rs\/wp-content\/uploads\/2024\/12\/koord2.jpg","width":640,"height":480,"caption":"\u041a\u043e\u043e\u0440\u0434\u0438\u043d\u0430\u0446\u0438\u043e\u043d\u043e \u0442\u0435\u043b\u043e \u0412\u043b\u0430\u0434\u0435 \u0420\u0435\u043f\u0443\u0431\u043b\u0438\u043a\u0435 \u0421\u0440\u0431\u0438\u0458\u0435 \u0437\u0430 \u043e\u043f\u0448\u0442\u0438\u043d\u0435 \u041f\u0440\u0435\u0448\u0435\u0432\u043e, \u0411\u0443\u0458\u0430\u043d\u043e\u0432\u0430\u0446 \u0438 \u041c\u0435\u0434\u0432\u0435\u0452a"},"image":{"@id":"https:\/\/kt.gov.rs\/#\/schema\/logo\/image\/"},"sameAs":["https:\/\/www.facebook.com\/SluzbaKoordinacionogTelaVladeRepublikeSrbije","https:\/\/x.com\/kt_gov","https:\/\/www.youtube.com\/@koordinacionotelo"]},{"@type":"Person","@id":"https:\/\/kt.gov.rs\/#\/schema\/person\/e426459ddb4173309103390602694571","name":"ktmin","image":{"@type":"ImageObject","inLanguage":"sq-AL","@id":"https:\/\/secure.gravatar.com\/avatar\/3985c961109853010c3fbc7ba30365bfba5db3dd6c525831d9c595c7525a615a?s=96&d=mm&r=g","url":"https:\/\/secure.gravatar.com\/avatar\/3985c961109853010c3fbc7ba30365bfba5db3dd6c525831d9c595c7525a615a?s=96&d=mm&r=g","contentUrl":"https:\/\/secure.gravatar.com\/avatar\/3985c961109853010c3fbc7ba30365bfba5db3dd6c525831d9c595c7525a615a?s=96&d=mm&r=g","caption":"ktmin"},"sameAs":["https:\/\/kt.gov.rs"],"url":"https:\/\/kt.gov.rs\/sq\/author\/ktmin\/"}]}},"_links":{"self":[{"href":"https:\/\/kt.gov.rs\/sq\/wp-json\/wp\/v2\/posts\/142083","targetHints":{"allow":["GET"]}}],"collection":[{"href":"https:\/\/kt.gov.rs\/sq\/wp-json\/wp\/v2\/posts"}],"about":[{"href":"https:\/\/kt.gov.rs\/sq\/wp-json\/wp\/v2\/types\/post"}],"author":[{"embeddable":true,"href":"https:\/\/kt.gov.rs\/sq\/wp-json\/wp\/v2\/users\/1"}],"replies":[{"embeddable":true,"href":"https:\/\/kt.gov.rs\/sq\/wp-json\/wp\/v2\/comments?post=142083"}],"version-history":[{"count":0,"href":"https:\/\/kt.gov.rs\/sq\/wp-json\/wp\/v2\/posts\/142083\/revisions"}],"wp:attachment":[{"href":"https:\/\/kt.gov.rs\/sq\/wp-json\/wp\/v2\/media?parent=142083"}],"wp:term":[{"taxonomy":"category","embeddable":true,"href":"https:\/\/kt.gov.rs\/sq\/wp-json\/wp\/v2\/categories?post=142083"},{"taxonomy":"post_tag","embeddable":true,"href":"https:\/\/kt.gov.rs\/sq\/wp-json\/wp\/v2\/tags?post=142083"}],"curies":[{"name":"wp","href":"https:\/\/api.w.org\/{rel}","templated":true}]}}