{"id":142072,"date":"2011-11-18T00:00:00","date_gmt":"2011-11-18T00:00:00","guid":{"rendered":"http:\/\/kt.printandscreen.rs\/jane-dhene-233-bursa-nga-trupit-koordinues-per-nxenesit-e-shkollave-te-mesme-nga-komunat-e-presheves-bujanocit-dhe-medvegjes\/"},"modified":"2024-07-30T20:19:29","modified_gmt":"2024-07-30T20:19:29","slug":"jane-dhene-233-bursa-nga-trupit-koordinues-per-nxenesit-e-shkollave-te-mesme-nga-komunat-e-presheves-bujanocit-dhe-medvegjes","status":"publish","type":"post","link":"https:\/\/kt.gov.rs\/sq\/jane-dhene-233-bursa-nga-trupit-koordinues-per-nxenesit-e-shkollave-te-mesme-nga-komunat-e-presheves-bujanocit-dhe-medvegjes\/","title":{"rendered":"Jan\u00eb dh\u00ebn\u00eb 233 bursa nga Trupit Koordinues p\u00ebr nx\u00ebn\u00ebsit e shkollave t\u00eb mesme nga komunat e Preshev\u00ebs, Bujanocit dhe Medvegj\u00ebs"},"content":{"rendered":"<p><img decoding=\"async\" align=\"left\" src=\"https:\/\/kt.gov.rs\/wp-content\/uploads\/2024\/07\/newspic570-4.jpg\" alt=\"\" \/>&quot;\u00c7do f\u00ebmij\u00eb n\u00eb Serbi ka t\u00eb drejt edukim t\u00eb mir\u00eb t\u00eb mundsh\u00eb n\u00eb gjuh\u00ebn amtare,&quot; tha Presidenti Serb Boris Tadi\u00e7, pas marrjes s\u00eb nx\u00ebn\u00ebsve t\u00eb shkollave t\u00eb mesme nga Trupit Koordinues p\u00ebr Preshev\u00eb, Bujanoc dhe Medvegj\u00eb. Tadi\u00e7 vuri n\u00eb dukje se kjo \u00ebsht\u00eb e drejt\u00eb dhe d\u00ebshir\u00eb e Republik\u00ebs s\u00eb Serbis\u00eb dhe tha se n\u00eb k\u00ebt\u00eb m\u00ebnyr\u00eb p\u00ebrmbush nj\u00eb mision t\u00eb madh q\u00eb \u00e7do f\u00ebmij\u00eb t\u00eb mbaj identitetin e tyre kulturor dhe dashurin\u00eb e vendit t\u00eb vet\u00eb, t\u00eb Republik\u00ebs s\u00eb Serbis\u00eb. Ai tha se n\u00eb t\u00eb ardhmen ka p\u00ebr ti vizituar komunat e nx\u00ebn\u00ebsve, dhe iu drejtua nx\u00ebn\u00ebsve: &quot;. Un\u00eb ju kam borxh nj\u00eb faliminderim t\u00eb madhe q\u00eb ju sot jeni k\u00ebtu&quot; Presidenti i Serbis\u00eb, pasi mbaroi fjalimin\u00a0 zyrtar\u00eb, pjes\u00ebn tjet\u00ebr t\u00eb koh\u00ebs e kaloji n\u00eb shoq\u00ebrin\u00eb e nx\u00ebn\u00ebsve dhe u fotografua me ata.<\/p>\n<p>Pritjen te Presidenti i Serbis\u00eb u parapri nga nj\u00eb sh\u00ebrbim zyrtar, ndarja zyrtare e bursave nx\u00ebn\u00ebsve t\u00eb gjenerat\u00ebs s\u00eb tret\u00a0 iu nda ne Asamblen\u00eb Komtare (Kuvendin Popullor\u00eb). 233 nx\u00ebn\u00ebs nga Presheva, Bujanoc dhe Medvegj\u00eb, Trupi Koordinues i u ka ndar\u00eb bursa n\u00eb vler\u00eb prej gjasht\u00eb mi (6.000,00) dinar\u00eb n\u00eb muaj, ata do ti merrni cdo muaj deri n\u00eb fund t\u00eb vitit shkollor. K\u00ebt\u00eb vit ne kemi dh\u00ebn\u00eb 27 bursa p\u00ebr m\u00eb shum\u00eb se nj\u00eb vit m\u00eb par\u00eb. Prioritet\u00a0 kishin nx\u00ebn\u00ebsit q\u00eb kan\u00eb humbur dy ose nj\u00eb prind, dhe kriteret p\u00ebr dh\u00ebnien ishin statusin social dhe suksesi nga viti i kaluar shkollor.<\/p>\n<p><img decoding=\"async\" align=\"left\" src=\"https:\/\/kt.gov.rs\/wp-content\/uploads\/2024\/07\/newspic571-2.jpg\" alt=\"\" \/>&quot;Q\u00ebllimi i dh\u00ebnjes s\u00eb bursave \u00ebsht\u00eb t\u00eb inkurajoj\u00eb itegrim, paq\u00eb dhe stabilitet n\u00eb komunat e jugut t\u00eb Serbis\u00eb&quot;, tha Ministri p\u00ebr t\u00eb Drejtat e Njeriut dhe Pakicave, Administrat\u00ebs Publike dhe Vet\u00ebqeverisjes Lokale dhe Kryetari i Trupit Koordinues, Milan Markoviq ai ceki se q\u00ebllimi i Qeveris\u00eb s\u00eb Serbis\u00eb n\u00eb praktik\u00ebn e ndarjes s\u00eb bursave vazhdon edhe n\u00eb t\u00eb ardhmen. N\u00eb dh\u00ebnien e bursave Markoviq shprehi shpres\u00ebn e tij se t\u00eb gjith nx\u00ebn\u00ebsve q\u00eb iu kan\u00eb ndar\u00eb bursa do ti\u2019a leht\u00ebsoj\u00eb, arsimim, jet\u00eb m\u00eb t\u00eb mir\u00eb dhe motivin p\u00ebr t\u00eb regjistruar n\u00eb fakultet . Kryetarja e Parlamentit Serb, Slavica Gjukiq Dejanoviq nx\u00ebn\u00ebsve iu tha\u00a0 t\u00eb mbahen n\u00eb pronat e mjedisit n\u00eb t\u00eb cilin kan\u00eb lindur dhe t\u00eb nd\u00ebrtohen n\u00eb pasurin e S\u00ebrbis\u00eb duke p\u00ebrhapur frym\u00ebn e ndryshm\u00ebris.<\/p>\n<p>N\u00eb em\u00ebr t\u00eb nx\u00ebn\u00ebsve t\u00eb shkollave t\u00eb mesme faliminderoj p\u00ebr pranimin e bursave nx\u00ebn\u00ebsja Shqipe Haliti dhe theksoi se do t\u00eb ndihmoj\u00eb nx\u00ebn\u00ebsit p\u00ebr t\u00eb leht\u00ebsuar arsimin e shum\u00eb t\u00eb gj\u00ebra t\u00eb m\u00ebtejshme.<\/p>\n<p>Drejtori i Shkoll\u00ebs Qendrore Teknike n\u00eb Preshev\u00eb, Telat Arifi, tha se ky gjest i Qeveris\u00eb s\u00eb Republik\u00ebs t\u00eb S\u00ebrbis \u00ebsht\u00eb par\u00eb si rrespekt ndaj f\u00ebmij\u00ebve t\u00eb k\u00ebtyre komunave. Ai tha se ishte nj\u00eb sukses i madh edhe q\u00eb kan\u00eb hapur n\u00eb Bujanoc departamentin e Fakultetit Ekonomik t\u00eb Subotic\u00eb n\u00eb gjuh\u00ebn shqipe dhe serbe.<\/p>\n<p>T\u00eb rinjt\u00eb nga jugu i Serbis\u00eb vazhduan t\u00eb bisedoj me prit\u00ebsit e tyre n\u00eb sall\u00ebn e Parlamentit t\u00eb Serbis\u00eb, tani i p\u00ebrcolli vizita e objektit dhe njohja e historis\u00eb s\u00eb nd\u00ebrteses.<\/p>\n<p>T\u00eb rinjt\u00eb nga Serbia jugore pas pranimit n\u00eb Asamblen\u00eb Komb\u00ebtare dhe Kryesis\u00eb s\u00eb Serbis\u00eb i priti nj\u00eb tjet\u00ebr surpriz\u00eb, \u00e7do f\u00ebmij\u00eb mori nga nj\u00eb mp3 player. N\u00eb fund t\u00eb vizit\u00ebs s\u00eb nx\u00ebn\u00ebsve organizuan turne n\u00ebp\u00ebr Beograd, autobus\u00ebt u udh\u00ebheq\u00ebn nga personat profesional.<\/p>\n","protected":false},"excerpt":{"rendered":"<p>&quot;\u00c7do f\u00ebmij\u00eb n\u00eb Serbi ka t\u00eb drejt edukim t\u00eb mir\u00eb t\u00eb mundsh\u00eb n\u00eb gjuh\u00ebn  amtare,&quot; tha Presidenti Serb Boris Tadi\u00e7, pas marrjes s\u00eb nx\u00ebn\u00ebsve t\u00eb  shkollave t\u00eb mesme nga Trupit Koordinues p\u00ebr Preshev\u00eb, Bujanoc dhe  Medvegj\u00eb. Tadi\u00e7 vuri n\u00eb dukje se kjo \u00ebsht\u00eb e drejt\u00eb dhe d\u00ebshir\u00eb e  Republik\u00ebs s\u00eb Serbis\u00eb dhe tha se n\u00eb k\u00ebt\u00eb m\u00ebnyr\u00eb p\u00ebrmbush nj\u00eb mision t\u00eb  madh q\u00eb \u00e7do f\u00ebmij\u00eb t\u00eb mbaj identitetin e tyre kulturor dhe dashurin\u00eb e  vendit t\u00eb vet\u00eb, t\u00eb Republik\u00ebs s\u00eb Serbis\u00eb. Ai tha se n\u00eb t\u00eb ardhmen ka p\u00ebr  ti vizituar komunat e nx\u00ebn\u00ebsve, dhe iu drejtua nx\u00ebn\u00ebsve: &quot;. Un\u00eb ju kam  borxh nj\u00eb faliminderim t\u00eb madhe q\u00eb ju sot jeni k\u00ebtu&quot; Presidenti i  Serbis\u00eb, pasi mbaroi fjalimin\u00a0 zyrtar\u00eb, pjes\u00ebn tjet\u00ebr t\u00eb koh\u00ebs e kaloji  n\u00eb shoq\u00ebrin\u00eb e nx\u00ebn\u00ebsve dhe u fotografua me ata.<\/p>\n","protected":false},"author":1,"featured_media":142080,"comment_status":"closed","ping_status":"closed","sticky":false,"template":"","format":"standard","meta":{"footnotes":""},"categories":[55],"tags":[],"class_list":["post-142072","post","type-post","status-publish","format-standard","has-post-thumbnail","hentry","category-lajme"],"yoast_head":"<!-- This site is optimized with the Yoast SEO plugin v27.5 - https:\/\/yoast.com\/product\/yoast-seo-wordpress\/ -->\n<title>Jan\u00eb dh\u00ebn\u00eb 233 bursa nga Trupit Koordinues p\u00ebr nx\u00ebn\u00ebsit e shkollave t\u00eb mesme nga komunat e Preshev\u00ebs, Bujanocit dhe Medvegj\u00ebs - Republika e S\u00ebrbis\u00eb Trupi Koordinues p\u00ebr komunat Bujanoc, Preshev\u00eb dhe Medvegj\u00eb<\/title>\n<meta name=\"robots\" content=\"index, follow, max-snippet:-1, max-image-preview:large, max-video-preview:-1\" \/>\n<link rel=\"canonical\" href=\"https:\/\/kt.gov.rs\/sq\/jane-dhene-233-bursa-nga-trupit-koordinues-per-nxenesit-e-shkollave-te-mesme-nga-komunat-e-presheves-bujanocit-dhe-medvegjes\/\" \/>\n<meta property=\"og:locale\" content=\"sq_AL\" \/>\n<meta property=\"og:type\" content=\"article\" \/>\n<meta property=\"og:title\" content=\"Jan\u00eb dh\u00ebn\u00eb 233 bursa nga Trupit Koordinues p\u00ebr nx\u00ebn\u00ebsit e shkollave t\u00eb mesme nga komunat e Preshev\u00ebs, Bujanocit dhe Medvegj\u00ebs - Republika e S\u00ebrbis\u00eb Trupi Koordinues p\u00ebr komunat Bujanoc, Preshev\u00eb dhe Medvegj\u00eb\" \/>\n<meta property=\"og:description\" content=\"&quot;\u00c7do f\u00ebmij\u00eb n\u00eb Serbi ka t\u00eb drejt edukim t\u00eb mir\u00eb t\u00eb mundsh\u00eb n\u00eb gjuh\u00ebn amtare,&quot; tha Presidenti Serb Boris Tadi\u00e7, pas marrjes s\u00eb nx\u00ebn\u00ebsve t\u00eb shkollave t\u00eb mesme nga Trupit Koordinues p\u00ebr Preshev\u00eb, Bujanoc dhe Medvegj\u00eb. Tadi\u00e7 vuri n\u00eb dukje se kjo \u00ebsht\u00eb e drejt\u00eb dhe d\u00ebshir\u00eb e Republik\u00ebs s\u00eb Serbis\u00eb dhe tha se n\u00eb k\u00ebt\u00eb m\u00ebnyr\u00eb p\u00ebrmbush nj\u00eb mision t\u00eb madh q\u00eb \u00e7do f\u00ebmij\u00eb t\u00eb mbaj identitetin e tyre kulturor dhe dashurin\u00eb e vendit t\u00eb vet\u00eb, t\u00eb Republik\u00ebs s\u00eb Serbis\u00eb. Ai tha se n\u00eb t\u00eb ardhmen ka p\u00ebr ti vizituar komunat e nx\u00ebn\u00ebsve, dhe iu drejtua nx\u00ebn\u00ebsve: &quot;. Un\u00eb ju kam borxh nj\u00eb faliminderim t\u00eb madhe q\u00eb ju sot jeni k\u00ebtu&quot; Presidenti i Serbis\u00eb, pasi mbaroi fjalimin\u00a0 zyrtar\u00eb, pjes\u00ebn tjet\u00ebr t\u00eb koh\u00ebs e kaloji n\u00eb shoq\u00ebrin\u00eb e nx\u00ebn\u00ebsve dhe u fotografua me ata.\" \/>\n<meta property=\"og:url\" content=\"https:\/\/kt.gov.rs\/sq\/jane-dhene-233-bursa-nga-trupit-koordinues-per-nxenesit-e-shkollave-te-mesme-nga-komunat-e-presheves-bujanocit-dhe-medvegjes\/\" \/>\n<meta property=\"og:site_name\" content=\"Republika e S\u00ebrbis\u00eb Trupi Koordinues p\u00ebr komunat Bujanoc, Preshev\u00eb dhe Medvegj\u00eb\" \/>\n<meta property=\"article:publisher\" content=\"https:\/\/www.facebook.com\/SluzbaKoordinacionogTelaVladeRepublikeSrbije\" \/>\n<meta property=\"article:published_time\" content=\"2011-11-18T00:00:00+00:00\" \/>\n<meta property=\"article:modified_time\" content=\"2024-07-30T20:19:29+00:00\" \/>\n<meta property=\"og:image\" content=\"https:\/\/kt.gov.rs\/wp-content\/uploads\/2024\/07\/newspic570-5.jpg\" \/>\n\t<meta property=\"og:image:width\" content=\"265\" \/>\n\t<meta property=\"og:image:height\" content=\"180\" \/>\n\t<meta property=\"og:image:type\" content=\"image\/jpeg\" \/>\n<meta name=\"author\" content=\"ktmin\" \/>\n<meta name=\"twitter:card\" content=\"summary_large_image\" \/>\n<meta name=\"twitter:creator\" content=\"@kt_gov\" \/>\n<meta name=\"twitter:site\" content=\"@kt_gov\" \/>\n<meta name=\"twitter:label1\" content=\"Written by\" \/>\n\t<meta name=\"twitter:data1\" content=\"ktmin\" \/>\n\t<meta name=\"twitter:label2\" content=\"Est. reading time\" \/>\n\t<meta name=\"twitter:data2\" content=\"3 minutes\" \/>\n<script type=\"application\/ld+json\" class=\"yoast-schema-graph\">{\"@context\":\"https:\\\/\\\/schema.org\",\"@graph\":[{\"@type\":\"Article\",\"@id\":\"https:\\\/\\\/kt.gov.rs\\\/sq\\\/jane-dhene-233-bursa-nga-trupit-koordinues-per-nxenesit-e-shkollave-te-mesme-nga-komunat-e-presheves-bujanocit-dhe-medvegjes\\\/#article\",\"isPartOf\":{\"@id\":\"https:\\\/\\\/kt.gov.rs\\\/sq\\\/jane-dhene-233-bursa-nga-trupit-koordinues-per-nxenesit-e-shkollave-te-mesme-nga-komunat-e-presheves-bujanocit-dhe-medvegjes\\\/\"},\"author\":{\"name\":\"ktmin\",\"@id\":\"https:\\\/\\\/kt.gov.rs\\\/#\\\/schema\\\/person\\\/e426459ddb4173309103390602694571\"},\"headline\":\"Jan\u00eb dh\u00ebn\u00eb 233 bursa nga Trupit Koordinues p\u00ebr nx\u00ebn\u00ebsit e shkollave t\u00eb mesme nga komunat e Preshev\u00ebs, Bujanocit dhe Medvegj\u00ebs\",\"datePublished\":\"2011-11-18T00:00:00+00:00\",\"dateModified\":\"2024-07-30T20:19:29+00:00\",\"mainEntityOfPage\":{\"@id\":\"https:\\\/\\\/kt.gov.rs\\\/sq\\\/jane-dhene-233-bursa-nga-trupit-koordinues-per-nxenesit-e-shkollave-te-mesme-nga-komunat-e-presheves-bujanocit-dhe-medvegjes\\\/\"},\"wordCount\":642,\"publisher\":{\"@id\":\"https:\\\/\\\/kt.gov.rs\\\/#organization\"},\"image\":{\"@id\":\"https:\\\/\\\/kt.gov.rs\\\/sq\\\/jane-dhene-233-bursa-nga-trupit-koordinues-per-nxenesit-e-shkollave-te-mesme-nga-komunat-e-presheves-bujanocit-dhe-medvegjes\\\/#primaryimage\"},\"thumbnailUrl\":\"https:\\\/\\\/kt.gov.rs\\\/wp-content\\\/uploads\\\/2024\\\/07\\\/newspic570-5.jpg\",\"articleSection\":[\"Lajme\"],\"inLanguage\":\"sq-AL\"},{\"@type\":\"WebPage\",\"@id\":\"https:\\\/\\\/kt.gov.rs\\\/sq\\\/jane-dhene-233-bursa-nga-trupit-koordinues-per-nxenesit-e-shkollave-te-mesme-nga-komunat-e-presheves-bujanocit-dhe-medvegjes\\\/\",\"url\":\"https:\\\/\\\/kt.gov.rs\\\/sq\\\/jane-dhene-233-bursa-nga-trupit-koordinues-per-nxenesit-e-shkollave-te-mesme-nga-komunat-e-presheves-bujanocit-dhe-medvegjes\\\/\",\"name\":\"Jan\u00eb dh\u00ebn\u00eb 233 bursa nga Trupit Koordinues p\u00ebr nx\u00ebn\u00ebsit e shkollave t\u00eb mesme nga komunat e Preshev\u00ebs, Bujanocit dhe Medvegj\u00ebs - Republika e S\u00ebrbis\u00eb Trupi Koordinues p\u00ebr komunat Bujanoc, Preshev\u00eb dhe Medvegj\u00eb\",\"isPartOf\":{\"@id\":\"https:\\\/\\\/kt.gov.rs\\\/#website\"},\"primaryImageOfPage\":{\"@id\":\"https:\\\/\\\/kt.gov.rs\\\/sq\\\/jane-dhene-233-bursa-nga-trupit-koordinues-per-nxenesit-e-shkollave-te-mesme-nga-komunat-e-presheves-bujanocit-dhe-medvegjes\\\/#primaryimage\"},\"image\":{\"@id\":\"https:\\\/\\\/kt.gov.rs\\\/sq\\\/jane-dhene-233-bursa-nga-trupit-koordinues-per-nxenesit-e-shkollave-te-mesme-nga-komunat-e-presheves-bujanocit-dhe-medvegjes\\\/#primaryimage\"},\"thumbnailUrl\":\"https:\\\/\\\/kt.gov.rs\\\/wp-content\\\/uploads\\\/2024\\\/07\\\/newspic570-5.jpg\",\"datePublished\":\"2011-11-18T00:00:00+00:00\",\"dateModified\":\"2024-07-30T20:19:29+00:00\",\"breadcrumb\":{\"@id\":\"https:\\\/\\\/kt.gov.rs\\\/sq\\\/jane-dhene-233-bursa-nga-trupit-koordinues-per-nxenesit-e-shkollave-te-mesme-nga-komunat-e-presheves-bujanocit-dhe-medvegjes\\\/#breadcrumb\"},\"inLanguage\":\"sq-AL\",\"potentialAction\":[{\"@type\":\"ReadAction\",\"target\":[\"https:\\\/\\\/kt.gov.rs\\\/sq\\\/jane-dhene-233-bursa-nga-trupit-koordinues-per-nxenesit-e-shkollave-te-mesme-nga-komunat-e-presheves-bujanocit-dhe-medvegjes\\\/\"]}]},{\"@type\":\"ImageObject\",\"inLanguage\":\"sq-AL\",\"@id\":\"https:\\\/\\\/kt.gov.rs\\\/sq\\\/jane-dhene-233-bursa-nga-trupit-koordinues-per-nxenesit-e-shkollave-te-mesme-nga-komunat-e-presheves-bujanocit-dhe-medvegjes\\\/#primaryimage\",\"url\":\"https:\\\/\\\/kt.gov.rs\\\/wp-content\\\/uploads\\\/2024\\\/07\\\/newspic570-5.jpg\",\"contentUrl\":\"https:\\\/\\\/kt.gov.rs\\\/wp-content\\\/uploads\\\/2024\\\/07\\\/newspic570-5.jpg\",\"width\":265,\"height\":180},{\"@type\":\"BreadcrumbList\",\"@id\":\"https:\\\/\\\/kt.gov.rs\\\/sq\\\/jane-dhene-233-bursa-nga-trupit-koordinues-per-nxenesit-e-shkollave-te-mesme-nga-komunat-e-presheves-bujanocit-dhe-medvegjes\\\/#breadcrumb\",\"itemListElement\":[{\"@type\":\"ListItem\",\"position\":1,\"name\":\"\u041f\u043e\u0447\u0435\u0442\u043d\u0430\",\"item\":\"https:\\\/\\\/kt.gov.rs\\\/sq\\\/\"},{\"@type\":\"ListItem\",\"position\":2,\"name\":\"Jan\u00eb dh\u00ebn\u00eb 233 bursa nga Trupit Koordinues p\u00ebr nx\u00ebn\u00ebsit e shkollave t\u00eb mesme nga komunat e Preshev\u00ebs, Bujanocit dhe Medvegj\u00ebs\"}]},{\"@type\":\"WebSite\",\"@id\":\"https:\\\/\\\/kt.gov.rs\\\/#website\",\"url\":\"https:\\\/\\\/kt.gov.rs\\\/\",\"name\":\"\u041a\u043e\u043e\u0440\u0434\u0438\u043d\u0430\u0446\u0438\u043e\u043d\u043e \u0442\u0435\u043b\u043e \u0412\u043b\u0430\u0434\u0435 \u0420\u0435\u043f\u0443\u0431\u043b\u0438\u043a\u0435 \u0421\u0440\u0431\u0438\u0458\u0435 \u0437\u0430 \u043e\u043f\u0448\u0442\u0438\u043d\u0435 \u041f\u0440\u0435\u0448\u0435\u0432\u043e, \u0411\u0443\u0458\u0430\u043d\u043e\u0432\u0430\u0446 \u0438 \u041c\u0435\u0434\u0432\u0435\u0452a\",\"description\":\"\",\"publisher\":{\"@id\":\"https:\\\/\\\/kt.gov.rs\\\/#organization\"},\"alternateName\":\"\u041a\u043e\u043e\u0440\u0434\u0438\u043d\u0430\u0446\u0438\u043e\u043d\u043e \u0442\u0435\u043b\u043e\",\"potentialAction\":[{\"@type\":\"SearchAction\",\"target\":{\"@type\":\"EntryPoint\",\"urlTemplate\":\"https:\\\/\\\/kt.gov.rs\\\/?s={search_term_string}\"},\"query-input\":{\"@type\":\"PropertyValueSpecification\",\"valueRequired\":true,\"valueName\":\"search_term_string\"}}],\"inLanguage\":\"sq-AL\"},{\"@type\":\"Organization\",\"@id\":\"https:\\\/\\\/kt.gov.rs\\\/#organization\",\"name\":\"\u041a\u043e\u043e\u0440\u0434\u0438\u043d\u0430\u0446\u0438\u043e\u043d\u043e \u0442\u0435\u043b\u043e \u0412\u043b\u0430\u0434\u0435 \u0420\u0435\u043f\u0443\u0431\u043b\u0438\u043a\u0435 \u0421\u0440\u0431\u0438\u0458\u0435 \u0437\u0430 \u043e\u043f\u0448\u0442\u0438\u043d\u0435 \u041f\u0440\u0435\u0448\u0435\u0432\u043e, \u0411\u0443\u0458\u0430\u043d\u043e\u0432\u0430\u0446 \u0438 \u041c\u0435\u0434\u0432\u0435\u0452a\",\"alternateName\":\"\u041a\u043e\u043e\u0440\u0434\u0438\u043d\u0430\u0446\u0438\u043e\u043d\u043e \u0442\u0435\u043b\u043e\",\"url\":\"https:\\\/\\\/kt.gov.rs\\\/\",\"logo\":{\"@type\":\"ImageObject\",\"inLanguage\":\"sq-AL\",\"@id\":\"https:\\\/\\\/kt.gov.rs\\\/#\\\/schema\\\/logo\\\/image\\\/\",\"url\":\"https:\\\/\\\/kt.gov.rs\\\/wp-content\\\/uploads\\\/2024\\\/12\\\/koord2.jpg\",\"contentUrl\":\"https:\\\/\\\/kt.gov.rs\\\/wp-content\\\/uploads\\\/2024\\\/12\\\/koord2.jpg\",\"width\":640,\"height\":480,\"caption\":\"\u041a\u043e\u043e\u0440\u0434\u0438\u043d\u0430\u0446\u0438\u043e\u043d\u043e \u0442\u0435\u043b\u043e \u0412\u043b\u0430\u0434\u0435 \u0420\u0435\u043f\u0443\u0431\u043b\u0438\u043a\u0435 \u0421\u0440\u0431\u0438\u0458\u0435 \u0437\u0430 \u043e\u043f\u0448\u0442\u0438\u043d\u0435 \u041f\u0440\u0435\u0448\u0435\u0432\u043e, \u0411\u0443\u0458\u0430\u043d\u043e\u0432\u0430\u0446 \u0438 \u041c\u0435\u0434\u0432\u0435\u0452a\"},\"image\":{\"@id\":\"https:\\\/\\\/kt.gov.rs\\\/#\\\/schema\\\/logo\\\/image\\\/\"},\"sameAs\":[\"https:\\\/\\\/www.facebook.com\\\/SluzbaKoordinacionogTelaVladeRepublikeSrbije\",\"https:\\\/\\\/x.com\\\/kt_gov\",\"https:\\\/\\\/www.youtube.com\\\/@koordinacionotelo\"]},{\"@type\":\"Person\",\"@id\":\"https:\\\/\\\/kt.gov.rs\\\/#\\\/schema\\\/person\\\/e426459ddb4173309103390602694571\",\"name\":\"ktmin\",\"image\":{\"@type\":\"ImageObject\",\"inLanguage\":\"sq-AL\",\"@id\":\"https:\\\/\\\/secure.gravatar.com\\\/avatar\\\/3985c961109853010c3fbc7ba30365bfba5db3dd6c525831d9c595c7525a615a?s=96&d=mm&r=g\",\"url\":\"https:\\\/\\\/secure.gravatar.com\\\/avatar\\\/3985c961109853010c3fbc7ba30365bfba5db3dd6c525831d9c595c7525a615a?s=96&d=mm&r=g\",\"contentUrl\":\"https:\\\/\\\/secure.gravatar.com\\\/avatar\\\/3985c961109853010c3fbc7ba30365bfba5db3dd6c525831d9c595c7525a615a?s=96&d=mm&r=g\",\"caption\":\"ktmin\"},\"sameAs\":[\"https:\\\/\\\/kt.gov.rs\"],\"url\":\"https:\\\/\\\/kt.gov.rs\\\/sq\\\/author\\\/ktmin\\\/\"}]}<\/script>\n<!-- \/ Yoast SEO plugin. -->","yoast_head_json":{"title":"Jan\u00eb dh\u00ebn\u00eb 233 bursa nga Trupit Koordinues p\u00ebr nx\u00ebn\u00ebsit e shkollave t\u00eb mesme nga komunat e Preshev\u00ebs, Bujanocit dhe Medvegj\u00ebs - Republika e S\u00ebrbis\u00eb Trupi Koordinues p\u00ebr komunat Bujanoc, Preshev\u00eb dhe Medvegj\u00eb","robots":{"index":"index","follow":"follow","max-snippet":"max-snippet:-1","max-image-preview":"max-image-preview:large","max-video-preview":"max-video-preview:-1"},"canonical":"https:\/\/kt.gov.rs\/sq\/jane-dhene-233-bursa-nga-trupit-koordinues-per-nxenesit-e-shkollave-te-mesme-nga-komunat-e-presheves-bujanocit-dhe-medvegjes\/","og_locale":"sq_AL","og_type":"article","og_title":"Jan\u00eb dh\u00ebn\u00eb 233 bursa nga Trupit Koordinues p\u00ebr nx\u00ebn\u00ebsit e shkollave t\u00eb mesme nga komunat e Preshev\u00ebs, Bujanocit dhe Medvegj\u00ebs - Republika e S\u00ebrbis\u00eb Trupi Koordinues p\u00ebr komunat Bujanoc, Preshev\u00eb dhe Medvegj\u00eb","og_description":"&quot;\u00c7do f\u00ebmij\u00eb n\u00eb Serbi ka t\u00eb drejt edukim t\u00eb mir\u00eb t\u00eb mundsh\u00eb n\u00eb gjuh\u00ebn amtare,&quot; tha Presidenti Serb Boris Tadi\u00e7, pas marrjes s\u00eb nx\u00ebn\u00ebsve t\u00eb shkollave t\u00eb mesme nga Trupit Koordinues p\u00ebr Preshev\u00eb, Bujanoc dhe Medvegj\u00eb. Tadi\u00e7 vuri n\u00eb dukje se kjo \u00ebsht\u00eb e drejt\u00eb dhe d\u00ebshir\u00eb e Republik\u00ebs s\u00eb Serbis\u00eb dhe tha se n\u00eb k\u00ebt\u00eb m\u00ebnyr\u00eb p\u00ebrmbush nj\u00eb mision t\u00eb madh q\u00eb \u00e7do f\u00ebmij\u00eb t\u00eb mbaj identitetin e tyre kulturor dhe dashurin\u00eb e vendit t\u00eb vet\u00eb, t\u00eb Republik\u00ebs s\u00eb Serbis\u00eb. Ai tha se n\u00eb t\u00eb ardhmen ka p\u00ebr ti vizituar komunat e nx\u00ebn\u00ebsve, dhe iu drejtua nx\u00ebn\u00ebsve: &quot;. Un\u00eb ju kam borxh nj\u00eb faliminderim t\u00eb madhe q\u00eb ju sot jeni k\u00ebtu&quot; Presidenti i Serbis\u00eb, pasi mbaroi fjalimin\u00a0 zyrtar\u00eb, pjes\u00ebn tjet\u00ebr t\u00eb koh\u00ebs e kaloji n\u00eb shoq\u00ebrin\u00eb e nx\u00ebn\u00ebsve dhe u fotografua me ata.","og_url":"https:\/\/kt.gov.rs\/sq\/jane-dhene-233-bursa-nga-trupit-koordinues-per-nxenesit-e-shkollave-te-mesme-nga-komunat-e-presheves-bujanocit-dhe-medvegjes\/","og_site_name":"Republika e S\u00ebrbis\u00eb Trupi Koordinues p\u00ebr komunat Bujanoc, Preshev\u00eb dhe Medvegj\u00eb","article_publisher":"https:\/\/www.facebook.com\/SluzbaKoordinacionogTelaVladeRepublikeSrbije","article_published_time":"2011-11-18T00:00:00+00:00","article_modified_time":"2024-07-30T20:19:29+00:00","og_image":[{"width":265,"height":180,"url":"https:\/\/kt.gov.rs\/wp-content\/uploads\/2024\/07\/newspic570-5.jpg","type":"image\/jpeg"}],"author":"ktmin","twitter_card":"summary_large_image","twitter_creator":"@kt_gov","twitter_site":"@kt_gov","twitter_misc":{"Written by":"ktmin","Est. reading time":"3 minutes"},"schema":{"@context":"https:\/\/schema.org","@graph":[{"@type":"Article","@id":"https:\/\/kt.gov.rs\/sq\/jane-dhene-233-bursa-nga-trupit-koordinues-per-nxenesit-e-shkollave-te-mesme-nga-komunat-e-presheves-bujanocit-dhe-medvegjes\/#article","isPartOf":{"@id":"https:\/\/kt.gov.rs\/sq\/jane-dhene-233-bursa-nga-trupit-koordinues-per-nxenesit-e-shkollave-te-mesme-nga-komunat-e-presheves-bujanocit-dhe-medvegjes\/"},"author":{"name":"ktmin","@id":"https:\/\/kt.gov.rs\/#\/schema\/person\/e426459ddb4173309103390602694571"},"headline":"Jan\u00eb dh\u00ebn\u00eb 233 bursa nga Trupit Koordinues p\u00ebr nx\u00ebn\u00ebsit e shkollave t\u00eb mesme nga komunat e Preshev\u00ebs, Bujanocit dhe Medvegj\u00ebs","datePublished":"2011-11-18T00:00:00+00:00","dateModified":"2024-07-30T20:19:29+00:00","mainEntityOfPage":{"@id":"https:\/\/kt.gov.rs\/sq\/jane-dhene-233-bursa-nga-trupit-koordinues-per-nxenesit-e-shkollave-te-mesme-nga-komunat-e-presheves-bujanocit-dhe-medvegjes\/"},"wordCount":642,"publisher":{"@id":"https:\/\/kt.gov.rs\/#organization"},"image":{"@id":"https:\/\/kt.gov.rs\/sq\/jane-dhene-233-bursa-nga-trupit-koordinues-per-nxenesit-e-shkollave-te-mesme-nga-komunat-e-presheves-bujanocit-dhe-medvegjes\/#primaryimage"},"thumbnailUrl":"https:\/\/kt.gov.rs\/wp-content\/uploads\/2024\/07\/newspic570-5.jpg","articleSection":["Lajme"],"inLanguage":"sq-AL"},{"@type":"WebPage","@id":"https:\/\/kt.gov.rs\/sq\/jane-dhene-233-bursa-nga-trupit-koordinues-per-nxenesit-e-shkollave-te-mesme-nga-komunat-e-presheves-bujanocit-dhe-medvegjes\/","url":"https:\/\/kt.gov.rs\/sq\/jane-dhene-233-bursa-nga-trupit-koordinues-per-nxenesit-e-shkollave-te-mesme-nga-komunat-e-presheves-bujanocit-dhe-medvegjes\/","name":"Jan\u00eb dh\u00ebn\u00eb 233 bursa nga Trupit Koordinues p\u00ebr nx\u00ebn\u00ebsit e shkollave t\u00eb mesme nga komunat e Preshev\u00ebs, Bujanocit dhe Medvegj\u00ebs - Republika e S\u00ebrbis\u00eb Trupi Koordinues p\u00ebr komunat Bujanoc, Preshev\u00eb dhe Medvegj\u00eb","isPartOf":{"@id":"https:\/\/kt.gov.rs\/#website"},"primaryImageOfPage":{"@id":"https:\/\/kt.gov.rs\/sq\/jane-dhene-233-bursa-nga-trupit-koordinues-per-nxenesit-e-shkollave-te-mesme-nga-komunat-e-presheves-bujanocit-dhe-medvegjes\/#primaryimage"},"image":{"@id":"https:\/\/kt.gov.rs\/sq\/jane-dhene-233-bursa-nga-trupit-koordinues-per-nxenesit-e-shkollave-te-mesme-nga-komunat-e-presheves-bujanocit-dhe-medvegjes\/#primaryimage"},"thumbnailUrl":"https:\/\/kt.gov.rs\/wp-content\/uploads\/2024\/07\/newspic570-5.jpg","datePublished":"2011-11-18T00:00:00+00:00","dateModified":"2024-07-30T20:19:29+00:00","breadcrumb":{"@id":"https:\/\/kt.gov.rs\/sq\/jane-dhene-233-bursa-nga-trupit-koordinues-per-nxenesit-e-shkollave-te-mesme-nga-komunat-e-presheves-bujanocit-dhe-medvegjes\/#breadcrumb"},"inLanguage":"sq-AL","potentialAction":[{"@type":"ReadAction","target":["https:\/\/kt.gov.rs\/sq\/jane-dhene-233-bursa-nga-trupit-koordinues-per-nxenesit-e-shkollave-te-mesme-nga-komunat-e-presheves-bujanocit-dhe-medvegjes\/"]}]},{"@type":"ImageObject","inLanguage":"sq-AL","@id":"https:\/\/kt.gov.rs\/sq\/jane-dhene-233-bursa-nga-trupit-koordinues-per-nxenesit-e-shkollave-te-mesme-nga-komunat-e-presheves-bujanocit-dhe-medvegjes\/#primaryimage","url":"https:\/\/kt.gov.rs\/wp-content\/uploads\/2024\/07\/newspic570-5.jpg","contentUrl":"https:\/\/kt.gov.rs\/wp-content\/uploads\/2024\/07\/newspic570-5.jpg","width":265,"height":180},{"@type":"BreadcrumbList","@id":"https:\/\/kt.gov.rs\/sq\/jane-dhene-233-bursa-nga-trupit-koordinues-per-nxenesit-e-shkollave-te-mesme-nga-komunat-e-presheves-bujanocit-dhe-medvegjes\/#breadcrumb","itemListElement":[{"@type":"ListItem","position":1,"name":"\u041f\u043e\u0447\u0435\u0442\u043d\u0430","item":"https:\/\/kt.gov.rs\/sq\/"},{"@type":"ListItem","position":2,"name":"Jan\u00eb dh\u00ebn\u00eb 233 bursa nga Trupit Koordinues p\u00ebr nx\u00ebn\u00ebsit e shkollave t\u00eb mesme nga komunat e Preshev\u00ebs, Bujanocit dhe Medvegj\u00ebs"}]},{"@type":"WebSite","@id":"https:\/\/kt.gov.rs\/#website","url":"https:\/\/kt.gov.rs\/","name":"\u041a\u043e\u043e\u0440\u0434\u0438\u043d\u0430\u0446\u0438\u043e\u043d\u043e \u0442\u0435\u043b\u043e \u0412\u043b\u0430\u0434\u0435 \u0420\u0435\u043f\u0443\u0431\u043b\u0438\u043a\u0435 \u0421\u0440\u0431\u0438\u0458\u0435 \u0437\u0430 \u043e\u043f\u0448\u0442\u0438\u043d\u0435 \u041f\u0440\u0435\u0448\u0435\u0432\u043e, \u0411\u0443\u0458\u0430\u043d\u043e\u0432\u0430\u0446 \u0438 \u041c\u0435\u0434\u0432\u0435\u0452a","description":"","publisher":{"@id":"https:\/\/kt.gov.rs\/#organization"},"alternateName":"\u041a\u043e\u043e\u0440\u0434\u0438\u043d\u0430\u0446\u0438\u043e\u043d\u043e \u0442\u0435\u043b\u043e","potentialAction":[{"@type":"SearchAction","target":{"@type":"EntryPoint","urlTemplate":"https:\/\/kt.gov.rs\/?s={search_term_string}"},"query-input":{"@type":"PropertyValueSpecification","valueRequired":true,"valueName":"search_term_string"}}],"inLanguage":"sq-AL"},{"@type":"Organization","@id":"https:\/\/kt.gov.rs\/#organization","name":"\u041a\u043e\u043e\u0440\u0434\u0438\u043d\u0430\u0446\u0438\u043e\u043d\u043e \u0442\u0435\u043b\u043e \u0412\u043b\u0430\u0434\u0435 \u0420\u0435\u043f\u0443\u0431\u043b\u0438\u043a\u0435 \u0421\u0440\u0431\u0438\u0458\u0435 \u0437\u0430 \u043e\u043f\u0448\u0442\u0438\u043d\u0435 \u041f\u0440\u0435\u0448\u0435\u0432\u043e, \u0411\u0443\u0458\u0430\u043d\u043e\u0432\u0430\u0446 \u0438 \u041c\u0435\u0434\u0432\u0435\u0452a","alternateName":"\u041a\u043e\u043e\u0440\u0434\u0438\u043d\u0430\u0446\u0438\u043e\u043d\u043e \u0442\u0435\u043b\u043e","url":"https:\/\/kt.gov.rs\/","logo":{"@type":"ImageObject","inLanguage":"sq-AL","@id":"https:\/\/kt.gov.rs\/#\/schema\/logo\/image\/","url":"https:\/\/kt.gov.rs\/wp-content\/uploads\/2024\/12\/koord2.jpg","contentUrl":"https:\/\/kt.gov.rs\/wp-content\/uploads\/2024\/12\/koord2.jpg","width":640,"height":480,"caption":"\u041a\u043e\u043e\u0440\u0434\u0438\u043d\u0430\u0446\u0438\u043e\u043d\u043e \u0442\u0435\u043b\u043e \u0412\u043b\u0430\u0434\u0435 \u0420\u0435\u043f\u0443\u0431\u043b\u0438\u043a\u0435 \u0421\u0440\u0431\u0438\u0458\u0435 \u0437\u0430 \u043e\u043f\u0448\u0442\u0438\u043d\u0435 \u041f\u0440\u0435\u0448\u0435\u0432\u043e, \u0411\u0443\u0458\u0430\u043d\u043e\u0432\u0430\u0446 \u0438 \u041c\u0435\u0434\u0432\u0435\u0452a"},"image":{"@id":"https:\/\/kt.gov.rs\/#\/schema\/logo\/image\/"},"sameAs":["https:\/\/www.facebook.com\/SluzbaKoordinacionogTelaVladeRepublikeSrbije","https:\/\/x.com\/kt_gov","https:\/\/www.youtube.com\/@koordinacionotelo"]},{"@type":"Person","@id":"https:\/\/kt.gov.rs\/#\/schema\/person\/e426459ddb4173309103390602694571","name":"ktmin","image":{"@type":"ImageObject","inLanguage":"sq-AL","@id":"https:\/\/secure.gravatar.com\/avatar\/3985c961109853010c3fbc7ba30365bfba5db3dd6c525831d9c595c7525a615a?s=96&d=mm&r=g","url":"https:\/\/secure.gravatar.com\/avatar\/3985c961109853010c3fbc7ba30365bfba5db3dd6c525831d9c595c7525a615a?s=96&d=mm&r=g","contentUrl":"https:\/\/secure.gravatar.com\/avatar\/3985c961109853010c3fbc7ba30365bfba5db3dd6c525831d9c595c7525a615a?s=96&d=mm&r=g","caption":"ktmin"},"sameAs":["https:\/\/kt.gov.rs"],"url":"https:\/\/kt.gov.rs\/sq\/author\/ktmin\/"}]}},"_links":{"self":[{"href":"https:\/\/kt.gov.rs\/sq\/wp-json\/wp\/v2\/posts\/142072","targetHints":{"allow":["GET"]}}],"collection":[{"href":"https:\/\/kt.gov.rs\/sq\/wp-json\/wp\/v2\/posts"}],"about":[{"href":"https:\/\/kt.gov.rs\/sq\/wp-json\/wp\/v2\/types\/post"}],"author":[{"embeddable":true,"href":"https:\/\/kt.gov.rs\/sq\/wp-json\/wp\/v2\/users\/1"}],"replies":[{"embeddable":true,"href":"https:\/\/kt.gov.rs\/sq\/wp-json\/wp\/v2\/comments?post=142072"}],"version-history":[{"count":1,"href":"https:\/\/kt.gov.rs\/sq\/wp-json\/wp\/v2\/posts\/142072\/revisions"}],"predecessor-version":[{"id":142079,"href":"https:\/\/kt.gov.rs\/sq\/wp-json\/wp\/v2\/posts\/142072\/revisions\/142079"}],"wp:featuredmedia":[{"embeddable":true,"href":"https:\/\/kt.gov.rs\/sq\/wp-json\/wp\/v2\/media\/142080"}],"wp:attachment":[{"href":"https:\/\/kt.gov.rs\/sq\/wp-json\/wp\/v2\/media?parent=142072"}],"wp:term":[{"taxonomy":"category","embeddable":true,"href":"https:\/\/kt.gov.rs\/sq\/wp-json\/wp\/v2\/categories?post=142072"},{"taxonomy":"post_tag","embeddable":true,"href":"https:\/\/kt.gov.rs\/sq\/wp-json\/wp\/v2\/tags?post=142072"}],"curies":[{"name":"wp","href":"https:\/\/api.w.org\/{rel}","templated":true}]}}