{"id":142067,"date":"2011-12-05T00:00:00","date_gmt":"2011-12-05T00:00:00","guid":{"rendered":"http:\/\/kt.printandscreen.rs\/dhjete-nxenesit-me-te-mire-udhtojn-per-ne-shba\/"},"modified":"2011-12-05T00:00:00","modified_gmt":"2011-12-05T00:00:00","slug":"dhjete-nxenesit-me-te-mire-udhtojn-per-ne-shba","status":"publish","type":"post","link":"https:\/\/kt.gov.rs\/sq\/dhjete-nxenesit-me-te-mire-udhtojn-per-ne-shba\/","title":{"rendered":"DHJET\u00cb NX\u00cbN\u00cbSIT M\u00cb T\u00cb MIR\u00cb UDHTOJN P\u00cbR N\u00cb SHBA"},"content":{"rendered":"<p>Fal\u00eb mb\u00ebshtetjes s\u00eb Zyr\u00ebs lokale p\u00ebr t\u00eb rinj, t\u00eb rinjt nga Presheva dhe Bujanoci, s\u00eb bashku me koleg\u00ebt (homolog\u00ebt) e tyre nga Valjeva, Sabaci dhe Loznica, edhe k\u00ebt\u00eb vit jan\u00eb zgjedhur partner\u00ebt n\u00eb projektin p\u00ebr tregti me Shtetet e Bashkuara.<\/p>\n<p>Nisma e t\u00eb Rinjve p\u00ebr t\u00eb Drejtat e Njeriut kan\u00eb lishuar konkurs dhe thirrje\u00a0 p\u00ebr pjes\u00ebmarrje n\u00eb programin p\u00ebr dhjet\u00eb nx\u00ebn\u00ebsit e shkollave t\u00eb mesme dhe dy pjes\u00ebmarr\u00ebs t\u00eb moshuar nga pes\u00eb qytet, n\u00eb korrik t\u00eb vitit 2012 ata do t\u00eb kalojn kat\u00ebr jav\u00eb n\u00eb Amerik\u00eb (Vashington, \u00c7ikago, Karolina e Veriut , Misuri dhe Vermonta), ku t\u00eb rinjt\u00eb nga Sllovakia, Hungaria dhe Sllovenia kan\u00eb p\u00ebr t\u00eb m\u00ebsuar mbi m\u00ebnyrat e zgjidhjes s\u00eb problemeve n\u00eb bashk\u00ebsit\u00eb lokale, aft\u00ebsit\u00eb e t\u00eb folurit publik dhe lidershipit, por edhe p\u00ebr kultur\u00ebn amerikane.<\/p>\n<p>Afati i fundit p\u00ebr aplikim \u00ebsht\u00eb 13 Janar 2012. , Dhe priten ata\u00a0 pjes\u00ebmarr\u00ebs q\u00eb duan t\u00eb p\u00ebrmir\u00ebsojn\u00eb mjedisin n\u00eb t\u00eb cilin jetojn\u00eb dhe t\u00eb frym\u00ebzoj\u00eb t\u00eb tjer\u00ebt p\u00ebr ta b\u00ebr\u00eb k\u00ebt\u00eb ndryshim, t\u00eb cil\u00ebt jan\u00eb t\u00eb interesuar p\u00ebr politik\u00ebn nd\u00ebrkomb\u00ebtare dhe q\u00eb d\u00ebshirojn t\u00eb shk\u00ebmbejn\u00eb njohuri dhe p\u00ebrvoja me t\u00eb rinjt\u00eb e kulturave tjera.<\/p>\n<p>Ky projekt do t\u00eb paraqitet n\u00eb Loznic t\u00eb mart\u00ebn m\u00eb 6 Dhjetor n\u00eb ora 13, n\u00eb sall\u00ebn e gjimnazit, Shkolla &quot;Vuk Karaxhiq&quot;.<\/p>\n<p>Programin e financon Zyra e \u00c7\u00ebshtjeve Arsimore dhe Kulturore Departamenti i SHBA-s\u00eb kurse administrohet nga Qendra Md\u00ebrkombtare &quot;Meridian&quot; Qendra nga SHBA-ja\u00a0 dhe Nisma e t\u00eb Rinjve p\u00ebr t\u00eb Drejtat e Njeriut, n\u00eb bashk\u00ebpunim me Ambasada e Shteteve t\u00eb Bashkuara t\u00eb Amerik\u00ebs n\u00eb Serbi.<\/p>\n","protected":false},"excerpt":{"rendered":"<p>Fal\u00eb mb\u00ebshtetjes s\u00eb Zyr\u00ebs lokale p\u00ebr t\u00eb rinj, t\u00eb rinjt nga Presheva dhe  Bujanoci, s\u00eb bashku me koleg\u00ebt (homolog\u00ebt) e tyre nga Valjeva, Sabaci  dhe Loznica, edhe k\u00ebt\u00eb vit jan\u00eb zgjedhur partner\u00ebt n\u00eb projektin p\u00ebr  tregti me Shtetet e Bashkuara.<\/p>\n","protected":false},"author":1,"featured_media":0,"comment_status":"closed","ping_status":"closed","sticky":false,"template":"","format":"standard","meta":{"footnotes":""},"categories":[55],"tags":[],"class_list":["post-142067","post","type-post","status-publish","format-standard","hentry","category-lajme"],"yoast_head":"<!-- This site is optimized with the Yoast SEO plugin v27.5 - https:\/\/yoast.com\/product\/yoast-seo-wordpress\/ -->\n<title>DHJET\u00cb NX\u00cbN\u00cbSIT M\u00cb T\u00cb MIR\u00cb UDHTOJN P\u00cbR N\u00cb SHBA - Republika e S\u00ebrbis\u00eb Trupi Koordinues p\u00ebr komunat Bujanoc, Preshev\u00eb dhe Medvegj\u00eb<\/title>\n<meta name=\"robots\" content=\"index, follow, max-snippet:-1, max-image-preview:large, max-video-preview:-1\" \/>\n<link rel=\"canonical\" href=\"https:\/\/kt.gov.rs\/sq\/dhjete-nxenesit-me-te-mire-udhtojn-per-ne-shba\/\" \/>\n<meta property=\"og:locale\" content=\"sq_AL\" \/>\n<meta property=\"og:type\" content=\"article\" \/>\n<meta property=\"og:title\" content=\"DHJET\u00cb NX\u00cbN\u00cbSIT M\u00cb T\u00cb MIR\u00cb UDHTOJN P\u00cbR N\u00cb SHBA - Republika e S\u00ebrbis\u00eb Trupi Koordinues p\u00ebr komunat Bujanoc, Preshev\u00eb dhe Medvegj\u00eb\" \/>\n<meta property=\"og:description\" content=\"Fal\u00eb mb\u00ebshtetjes s\u00eb Zyr\u00ebs lokale p\u00ebr t\u00eb rinj, t\u00eb rinjt nga Presheva dhe Bujanoci, s\u00eb bashku me koleg\u00ebt (homolog\u00ebt) e tyre nga Valjeva, Sabaci dhe Loznica, edhe k\u00ebt\u00eb vit jan\u00eb zgjedhur partner\u00ebt n\u00eb projektin p\u00ebr tregti me Shtetet e Bashkuara.\" \/>\n<meta property=\"og:url\" content=\"https:\/\/kt.gov.rs\/sq\/dhjete-nxenesit-me-te-mire-udhtojn-per-ne-shba\/\" \/>\n<meta property=\"og:site_name\" content=\"Republika e S\u00ebrbis\u00eb Trupi Koordinues p\u00ebr komunat Bujanoc, Preshev\u00eb dhe Medvegj\u00eb\" \/>\n<meta property=\"article:publisher\" content=\"https:\/\/www.facebook.com\/SluzbaKoordinacionogTelaVladeRepublikeSrbije\" \/>\n<meta property=\"article:published_time\" content=\"2011-12-05T00:00:00+00:00\" \/>\n<meta name=\"author\" content=\"ktmin\" \/>\n<meta name=\"twitter:card\" content=\"summary_large_image\" \/>\n<meta name=\"twitter:creator\" content=\"@kt_gov\" \/>\n<meta name=\"twitter:site\" content=\"@kt_gov\" \/>\n<meta name=\"twitter:label1\" content=\"Written by\" \/>\n\t<meta name=\"twitter:data1\" content=\"ktmin\" \/>\n\t<meta name=\"twitter:label2\" content=\"Est. reading time\" \/>\n\t<meta name=\"twitter:data2\" content=\"1 minute\" \/>\n<script type=\"application\/ld+json\" class=\"yoast-schema-graph\">{\"@context\":\"https:\\\/\\\/schema.org\",\"@graph\":[{\"@type\":\"Article\",\"@id\":\"https:\\\/\\\/kt.gov.rs\\\/sq\\\/dhjete-nxenesit-me-te-mire-udhtojn-per-ne-shba\\\/#article\",\"isPartOf\":{\"@id\":\"https:\\\/\\\/kt.gov.rs\\\/sq\\\/dhjete-nxenesit-me-te-mire-udhtojn-per-ne-shba\\\/\"},\"author\":{\"name\":\"ktmin\",\"@id\":\"https:\\\/\\\/kt.gov.rs\\\/#\\\/schema\\\/person\\\/e426459ddb4173309103390602694571\"},\"headline\":\"DHJET\u00cb NX\u00cbN\u00cbSIT M\u00cb T\u00cb MIR\u00cb UDHTOJN P\u00cbR N\u00cb SHBA\",\"datePublished\":\"2011-12-05T00:00:00+00:00\",\"mainEntityOfPage\":{\"@id\":\"https:\\\/\\\/kt.gov.rs\\\/sq\\\/dhjete-nxenesit-me-te-mire-udhtojn-per-ne-shba\\\/\"},\"wordCount\":308,\"publisher\":{\"@id\":\"https:\\\/\\\/kt.gov.rs\\\/#organization\"},\"articleSection\":[\"Lajme\"],\"inLanguage\":\"sq-AL\"},{\"@type\":\"WebPage\",\"@id\":\"https:\\\/\\\/kt.gov.rs\\\/sq\\\/dhjete-nxenesit-me-te-mire-udhtojn-per-ne-shba\\\/\",\"url\":\"https:\\\/\\\/kt.gov.rs\\\/sq\\\/dhjete-nxenesit-me-te-mire-udhtojn-per-ne-shba\\\/\",\"name\":\"DHJET\u00cb NX\u00cbN\u00cbSIT M\u00cb T\u00cb MIR\u00cb UDHTOJN P\u00cbR N\u00cb SHBA - Republika e S\u00ebrbis\u00eb Trupi Koordinues p\u00ebr komunat Bujanoc, Preshev\u00eb dhe Medvegj\u00eb\",\"isPartOf\":{\"@id\":\"https:\\\/\\\/kt.gov.rs\\\/#website\"},\"datePublished\":\"2011-12-05T00:00:00+00:00\",\"breadcrumb\":{\"@id\":\"https:\\\/\\\/kt.gov.rs\\\/sq\\\/dhjete-nxenesit-me-te-mire-udhtojn-per-ne-shba\\\/#breadcrumb\"},\"inLanguage\":\"sq-AL\",\"potentialAction\":[{\"@type\":\"ReadAction\",\"target\":[\"https:\\\/\\\/kt.gov.rs\\\/sq\\\/dhjete-nxenesit-me-te-mire-udhtojn-per-ne-shba\\\/\"]}]},{\"@type\":\"BreadcrumbList\",\"@id\":\"https:\\\/\\\/kt.gov.rs\\\/sq\\\/dhjete-nxenesit-me-te-mire-udhtojn-per-ne-shba\\\/#breadcrumb\",\"itemListElement\":[{\"@type\":\"ListItem\",\"position\":1,\"name\":\"\u041f\u043e\u0447\u0435\u0442\u043d\u0430\",\"item\":\"https:\\\/\\\/kt.gov.rs\\\/sq\\\/\"},{\"@type\":\"ListItem\",\"position\":2,\"name\":\"DHJET\u00cb NX\u00cbN\u00cbSIT M\u00cb T\u00cb MIR\u00cb UDHTOJN P\u00cbR N\u00cb SHBA\"}]},{\"@type\":\"WebSite\",\"@id\":\"https:\\\/\\\/kt.gov.rs\\\/#website\",\"url\":\"https:\\\/\\\/kt.gov.rs\\\/\",\"name\":\"\u041a\u043e\u043e\u0440\u0434\u0438\u043d\u0430\u0446\u0438\u043e\u043d\u043e \u0442\u0435\u043b\u043e \u0412\u043b\u0430\u0434\u0435 \u0420\u0435\u043f\u0443\u0431\u043b\u0438\u043a\u0435 \u0421\u0440\u0431\u0438\u0458\u0435 \u0437\u0430 \u043e\u043f\u0448\u0442\u0438\u043d\u0435 \u041f\u0440\u0435\u0448\u0435\u0432\u043e, \u0411\u0443\u0458\u0430\u043d\u043e\u0432\u0430\u0446 \u0438 \u041c\u0435\u0434\u0432\u0435\u0452a\",\"description\":\"\",\"publisher\":{\"@id\":\"https:\\\/\\\/kt.gov.rs\\\/#organization\"},\"alternateName\":\"\u041a\u043e\u043e\u0440\u0434\u0438\u043d\u0430\u0446\u0438\u043e\u043d\u043e \u0442\u0435\u043b\u043e\",\"potentialAction\":[{\"@type\":\"SearchAction\",\"target\":{\"@type\":\"EntryPoint\",\"urlTemplate\":\"https:\\\/\\\/kt.gov.rs\\\/?s={search_term_string}\"},\"query-input\":{\"@type\":\"PropertyValueSpecification\",\"valueRequired\":true,\"valueName\":\"search_term_string\"}}],\"inLanguage\":\"sq-AL\"},{\"@type\":\"Organization\",\"@id\":\"https:\\\/\\\/kt.gov.rs\\\/#organization\",\"name\":\"\u041a\u043e\u043e\u0440\u0434\u0438\u043d\u0430\u0446\u0438\u043e\u043d\u043e \u0442\u0435\u043b\u043e \u0412\u043b\u0430\u0434\u0435 \u0420\u0435\u043f\u0443\u0431\u043b\u0438\u043a\u0435 \u0421\u0440\u0431\u0438\u0458\u0435 \u0437\u0430 \u043e\u043f\u0448\u0442\u0438\u043d\u0435 \u041f\u0440\u0435\u0448\u0435\u0432\u043e, \u0411\u0443\u0458\u0430\u043d\u043e\u0432\u0430\u0446 \u0438 \u041c\u0435\u0434\u0432\u0435\u0452a\",\"alternateName\":\"\u041a\u043e\u043e\u0440\u0434\u0438\u043d\u0430\u0446\u0438\u043e\u043d\u043e \u0442\u0435\u043b\u043e\",\"url\":\"https:\\\/\\\/kt.gov.rs\\\/\",\"logo\":{\"@type\":\"ImageObject\",\"inLanguage\":\"sq-AL\",\"@id\":\"https:\\\/\\\/kt.gov.rs\\\/#\\\/schema\\\/logo\\\/image\\\/\",\"url\":\"https:\\\/\\\/kt.gov.rs\\\/wp-content\\\/uploads\\\/2024\\\/12\\\/koord2.jpg\",\"contentUrl\":\"https:\\\/\\\/kt.gov.rs\\\/wp-content\\\/uploads\\\/2024\\\/12\\\/koord2.jpg\",\"width\":640,\"height\":480,\"caption\":\"\u041a\u043e\u043e\u0440\u0434\u0438\u043d\u0430\u0446\u0438\u043e\u043d\u043e \u0442\u0435\u043b\u043e \u0412\u043b\u0430\u0434\u0435 \u0420\u0435\u043f\u0443\u0431\u043b\u0438\u043a\u0435 \u0421\u0440\u0431\u0438\u0458\u0435 \u0437\u0430 \u043e\u043f\u0448\u0442\u0438\u043d\u0435 \u041f\u0440\u0435\u0448\u0435\u0432\u043e, \u0411\u0443\u0458\u0430\u043d\u043e\u0432\u0430\u0446 \u0438 \u041c\u0435\u0434\u0432\u0435\u0452a\"},\"image\":{\"@id\":\"https:\\\/\\\/kt.gov.rs\\\/#\\\/schema\\\/logo\\\/image\\\/\"},\"sameAs\":[\"https:\\\/\\\/www.facebook.com\\\/SluzbaKoordinacionogTelaVladeRepublikeSrbije\",\"https:\\\/\\\/x.com\\\/kt_gov\",\"https:\\\/\\\/www.youtube.com\\\/@koordinacionotelo\"]},{\"@type\":\"Person\",\"@id\":\"https:\\\/\\\/kt.gov.rs\\\/#\\\/schema\\\/person\\\/e426459ddb4173309103390602694571\",\"name\":\"ktmin\",\"image\":{\"@type\":\"ImageObject\",\"inLanguage\":\"sq-AL\",\"@id\":\"https:\\\/\\\/secure.gravatar.com\\\/avatar\\\/3985c961109853010c3fbc7ba30365bfba5db3dd6c525831d9c595c7525a615a?s=96&d=mm&r=g\",\"url\":\"https:\\\/\\\/secure.gravatar.com\\\/avatar\\\/3985c961109853010c3fbc7ba30365bfba5db3dd6c525831d9c595c7525a615a?s=96&d=mm&r=g\",\"contentUrl\":\"https:\\\/\\\/secure.gravatar.com\\\/avatar\\\/3985c961109853010c3fbc7ba30365bfba5db3dd6c525831d9c595c7525a615a?s=96&d=mm&r=g\",\"caption\":\"ktmin\"},\"sameAs\":[\"https:\\\/\\\/kt.gov.rs\"],\"url\":\"https:\\\/\\\/kt.gov.rs\\\/sq\\\/author\\\/ktmin\\\/\"}]}<\/script>\n<!-- \/ Yoast SEO plugin. -->","yoast_head_json":{"title":"DHJET\u00cb NX\u00cbN\u00cbSIT M\u00cb T\u00cb MIR\u00cb UDHTOJN P\u00cbR N\u00cb SHBA - Republika e S\u00ebrbis\u00eb Trupi Koordinues p\u00ebr komunat Bujanoc, Preshev\u00eb dhe Medvegj\u00eb","robots":{"index":"index","follow":"follow","max-snippet":"max-snippet:-1","max-image-preview":"max-image-preview:large","max-video-preview":"max-video-preview:-1"},"canonical":"https:\/\/kt.gov.rs\/sq\/dhjete-nxenesit-me-te-mire-udhtojn-per-ne-shba\/","og_locale":"sq_AL","og_type":"article","og_title":"DHJET\u00cb NX\u00cbN\u00cbSIT M\u00cb T\u00cb MIR\u00cb UDHTOJN P\u00cbR N\u00cb SHBA - Republika e S\u00ebrbis\u00eb Trupi Koordinues p\u00ebr komunat Bujanoc, Preshev\u00eb dhe Medvegj\u00eb","og_description":"Fal\u00eb mb\u00ebshtetjes s\u00eb Zyr\u00ebs lokale p\u00ebr t\u00eb rinj, t\u00eb rinjt nga Presheva dhe Bujanoci, s\u00eb bashku me koleg\u00ebt (homolog\u00ebt) e tyre nga Valjeva, Sabaci dhe Loznica, edhe k\u00ebt\u00eb vit jan\u00eb zgjedhur partner\u00ebt n\u00eb projektin p\u00ebr tregti me Shtetet e Bashkuara.","og_url":"https:\/\/kt.gov.rs\/sq\/dhjete-nxenesit-me-te-mire-udhtojn-per-ne-shba\/","og_site_name":"Republika e S\u00ebrbis\u00eb Trupi Koordinues p\u00ebr komunat Bujanoc, Preshev\u00eb dhe Medvegj\u00eb","article_publisher":"https:\/\/www.facebook.com\/SluzbaKoordinacionogTelaVladeRepublikeSrbije","article_published_time":"2011-12-05T00:00:00+00:00","author":"ktmin","twitter_card":"summary_large_image","twitter_creator":"@kt_gov","twitter_site":"@kt_gov","twitter_misc":{"Written by":"ktmin","Est. reading time":"1 minute"},"schema":{"@context":"https:\/\/schema.org","@graph":[{"@type":"Article","@id":"https:\/\/kt.gov.rs\/sq\/dhjete-nxenesit-me-te-mire-udhtojn-per-ne-shba\/#article","isPartOf":{"@id":"https:\/\/kt.gov.rs\/sq\/dhjete-nxenesit-me-te-mire-udhtojn-per-ne-shba\/"},"author":{"name":"ktmin","@id":"https:\/\/kt.gov.rs\/#\/schema\/person\/e426459ddb4173309103390602694571"},"headline":"DHJET\u00cb NX\u00cbN\u00cbSIT M\u00cb T\u00cb MIR\u00cb UDHTOJN P\u00cbR N\u00cb SHBA","datePublished":"2011-12-05T00:00:00+00:00","mainEntityOfPage":{"@id":"https:\/\/kt.gov.rs\/sq\/dhjete-nxenesit-me-te-mire-udhtojn-per-ne-shba\/"},"wordCount":308,"publisher":{"@id":"https:\/\/kt.gov.rs\/#organization"},"articleSection":["Lajme"],"inLanguage":"sq-AL"},{"@type":"WebPage","@id":"https:\/\/kt.gov.rs\/sq\/dhjete-nxenesit-me-te-mire-udhtojn-per-ne-shba\/","url":"https:\/\/kt.gov.rs\/sq\/dhjete-nxenesit-me-te-mire-udhtojn-per-ne-shba\/","name":"DHJET\u00cb NX\u00cbN\u00cbSIT M\u00cb T\u00cb MIR\u00cb UDHTOJN P\u00cbR N\u00cb SHBA - Republika e S\u00ebrbis\u00eb Trupi Koordinues p\u00ebr komunat Bujanoc, Preshev\u00eb dhe Medvegj\u00eb","isPartOf":{"@id":"https:\/\/kt.gov.rs\/#website"},"datePublished":"2011-12-05T00:00:00+00:00","breadcrumb":{"@id":"https:\/\/kt.gov.rs\/sq\/dhjete-nxenesit-me-te-mire-udhtojn-per-ne-shba\/#breadcrumb"},"inLanguage":"sq-AL","potentialAction":[{"@type":"ReadAction","target":["https:\/\/kt.gov.rs\/sq\/dhjete-nxenesit-me-te-mire-udhtojn-per-ne-shba\/"]}]},{"@type":"BreadcrumbList","@id":"https:\/\/kt.gov.rs\/sq\/dhjete-nxenesit-me-te-mire-udhtojn-per-ne-shba\/#breadcrumb","itemListElement":[{"@type":"ListItem","position":1,"name":"\u041f\u043e\u0447\u0435\u0442\u043d\u0430","item":"https:\/\/kt.gov.rs\/sq\/"},{"@type":"ListItem","position":2,"name":"DHJET\u00cb NX\u00cbN\u00cbSIT M\u00cb T\u00cb MIR\u00cb UDHTOJN P\u00cbR N\u00cb SHBA"}]},{"@type":"WebSite","@id":"https:\/\/kt.gov.rs\/#website","url":"https:\/\/kt.gov.rs\/","name":"\u041a\u043e\u043e\u0440\u0434\u0438\u043d\u0430\u0446\u0438\u043e\u043d\u043e \u0442\u0435\u043b\u043e \u0412\u043b\u0430\u0434\u0435 \u0420\u0435\u043f\u0443\u0431\u043b\u0438\u043a\u0435 \u0421\u0440\u0431\u0438\u0458\u0435 \u0437\u0430 \u043e\u043f\u0448\u0442\u0438\u043d\u0435 \u041f\u0440\u0435\u0448\u0435\u0432\u043e, \u0411\u0443\u0458\u0430\u043d\u043e\u0432\u0430\u0446 \u0438 \u041c\u0435\u0434\u0432\u0435\u0452a","description":"","publisher":{"@id":"https:\/\/kt.gov.rs\/#organization"},"alternateName":"\u041a\u043e\u043e\u0440\u0434\u0438\u043d\u0430\u0446\u0438\u043e\u043d\u043e \u0442\u0435\u043b\u043e","potentialAction":[{"@type":"SearchAction","target":{"@type":"EntryPoint","urlTemplate":"https:\/\/kt.gov.rs\/?s={search_term_string}"},"query-input":{"@type":"PropertyValueSpecification","valueRequired":true,"valueName":"search_term_string"}}],"inLanguage":"sq-AL"},{"@type":"Organization","@id":"https:\/\/kt.gov.rs\/#organization","name":"\u041a\u043e\u043e\u0440\u0434\u0438\u043d\u0430\u0446\u0438\u043e\u043d\u043e \u0442\u0435\u043b\u043e \u0412\u043b\u0430\u0434\u0435 \u0420\u0435\u043f\u0443\u0431\u043b\u0438\u043a\u0435 \u0421\u0440\u0431\u0438\u0458\u0435 \u0437\u0430 \u043e\u043f\u0448\u0442\u0438\u043d\u0435 \u041f\u0440\u0435\u0448\u0435\u0432\u043e, \u0411\u0443\u0458\u0430\u043d\u043e\u0432\u0430\u0446 \u0438 \u041c\u0435\u0434\u0432\u0435\u0452a","alternateName":"\u041a\u043e\u043e\u0440\u0434\u0438\u043d\u0430\u0446\u0438\u043e\u043d\u043e \u0442\u0435\u043b\u043e","url":"https:\/\/kt.gov.rs\/","logo":{"@type":"ImageObject","inLanguage":"sq-AL","@id":"https:\/\/kt.gov.rs\/#\/schema\/logo\/image\/","url":"https:\/\/kt.gov.rs\/wp-content\/uploads\/2024\/12\/koord2.jpg","contentUrl":"https:\/\/kt.gov.rs\/wp-content\/uploads\/2024\/12\/koord2.jpg","width":640,"height":480,"caption":"\u041a\u043e\u043e\u0440\u0434\u0438\u043d\u0430\u0446\u0438\u043e\u043d\u043e \u0442\u0435\u043b\u043e \u0412\u043b\u0430\u0434\u0435 \u0420\u0435\u043f\u0443\u0431\u043b\u0438\u043a\u0435 \u0421\u0440\u0431\u0438\u0458\u0435 \u0437\u0430 \u043e\u043f\u0448\u0442\u0438\u043d\u0435 \u041f\u0440\u0435\u0448\u0435\u0432\u043e, \u0411\u0443\u0458\u0430\u043d\u043e\u0432\u0430\u0446 \u0438 \u041c\u0435\u0434\u0432\u0435\u0452a"},"image":{"@id":"https:\/\/kt.gov.rs\/#\/schema\/logo\/image\/"},"sameAs":["https:\/\/www.facebook.com\/SluzbaKoordinacionogTelaVladeRepublikeSrbije","https:\/\/x.com\/kt_gov","https:\/\/www.youtube.com\/@koordinacionotelo"]},{"@type":"Person","@id":"https:\/\/kt.gov.rs\/#\/schema\/person\/e426459ddb4173309103390602694571","name":"ktmin","image":{"@type":"ImageObject","inLanguage":"sq-AL","@id":"https:\/\/secure.gravatar.com\/avatar\/3985c961109853010c3fbc7ba30365bfba5db3dd6c525831d9c595c7525a615a?s=96&d=mm&r=g","url":"https:\/\/secure.gravatar.com\/avatar\/3985c961109853010c3fbc7ba30365bfba5db3dd6c525831d9c595c7525a615a?s=96&d=mm&r=g","contentUrl":"https:\/\/secure.gravatar.com\/avatar\/3985c961109853010c3fbc7ba30365bfba5db3dd6c525831d9c595c7525a615a?s=96&d=mm&r=g","caption":"ktmin"},"sameAs":["https:\/\/kt.gov.rs"],"url":"https:\/\/kt.gov.rs\/sq\/author\/ktmin\/"}]}},"_links":{"self":[{"href":"https:\/\/kt.gov.rs\/sq\/wp-json\/wp\/v2\/posts\/142067","targetHints":{"allow":["GET"]}}],"collection":[{"href":"https:\/\/kt.gov.rs\/sq\/wp-json\/wp\/v2\/posts"}],"about":[{"href":"https:\/\/kt.gov.rs\/sq\/wp-json\/wp\/v2\/types\/post"}],"author":[{"embeddable":true,"href":"https:\/\/kt.gov.rs\/sq\/wp-json\/wp\/v2\/users\/1"}],"replies":[{"embeddable":true,"href":"https:\/\/kt.gov.rs\/sq\/wp-json\/wp\/v2\/comments?post=142067"}],"version-history":[{"count":0,"href":"https:\/\/kt.gov.rs\/sq\/wp-json\/wp\/v2\/posts\/142067\/revisions"}],"wp:attachment":[{"href":"https:\/\/kt.gov.rs\/sq\/wp-json\/wp\/v2\/media?parent=142067"}],"wp:term":[{"taxonomy":"category","embeddable":true,"href":"https:\/\/kt.gov.rs\/sq\/wp-json\/wp\/v2\/categories?post=142067"},{"taxonomy":"post_tag","embeddable":true,"href":"https:\/\/kt.gov.rs\/sq\/wp-json\/wp\/v2\/tags?post=142067"}],"curies":[{"name":"wp","href":"https:\/\/api.w.org\/{rel}","templated":true}]}}