{"id":142053,"date":"2011-12-13T00:00:00","date_gmt":"2011-12-13T00:00:00","guid":{"rendered":"http:\/\/kt.printandscreen.rs\/praktikantet-vizitojn-kuvendin-popullor\/"},"modified":"2024-07-30T20:19:21","modified_gmt":"2024-07-30T20:19:21","slug":"praktikantet-vizitojn-kuvendin-popullor","status":"publish","type":"post","link":"https:\/\/kt.gov.rs\/sq\/praktikantet-vizitojn-kuvendin-popullor\/","title":{"rendered":"PRAKTIKANT\u00cbT VIZITOJN KUVENDIN POPULLOR"},"content":{"rendered":"<p><img decoding=\"async\" align=\"left\" alt=\"\" src=\"https:\/\/kt.gov.rs\/wp-content\/uploads\/2024\/07\/newspic600-4.jpg\" \/>Dhjet praktikant e praktikante t\u00eb cil\u00ebt do t\u00eb kalojn 6 muaj\u00a0 duke arritur p\u00ebrvoja t\u00eb reja n\u00eb institucionet\u00a0 e Republik\u00ebs S\u00ebrbis, n\u00ebp\u00ebrmjet projektit \u201cProgrami p\u00ebr praktikant p\u00ebr pakicat nacionale\u201d, t\u00eb mart\u00ebn m\u00eb 13. dhjetor kan vizituar Kuvendin\u00a0 e Republik\u00ebs s\u00eb S\u00ebrbis ku edhe i ka pranuar kryetarja e Kuvendit Sllavica Gjukiq Dejanoviq. Kryetarja e parlamentit praktikant\u00ebt e rinj\u00eb shqiptar, boshnjak dhe rom\u00eb i njoftoi me pun\u00ebn e Kuvendit popullor. Ajo shtoi se programi p\u00ebr praktikant \u00ebsht\u00eb i r\u00ebnd\u00ebsish\u00ebm p\u00ebr zhvillimin dhe ardh\u00ebmrin e tyre dhe i porositi praktikant\u00ebt e rinj\u00eb q\u00eb me pun\u00ebn dhe aft\u00ebsit e tyre, duke punuar n\u00eb institucionet e Republik\u00ebs s\u00eb S\u00ebrbis, t\u00eb i kalojn edhe mentor\u00ebt e vet\u00eb me t\u00eb cil\u00ebt punojn.<\/p>\n<p>N\u00eb takim me kryetar\u00ebn e Parlamentit praktikant\u00ebt kan shtruar pyetje t\u00eb shumta. Atyre u kan interesuar ligjet t\u00eb cil\u00ebt jan miratuar n\u00eb k\u00ebt\u00eb institucion shtetror, sikur largimi i dorheqjes blanko t\u00eb deputetve, integrimi europian i Republik\u00ebs S\u00ebrbis, rroli i Kuvendit popullor n\u00eb k\u00ebt\u00eb proces si dhe mund\u00ebsia e p\u00ebrfshirjes e dispozitave t\u00eb urrejtjes n\u00eb Ligjin p\u00ebr vep\u00ebr penale. N\u00eb t\u00eb njejt\u00ebn koh\u00eb, praktikant\u00ebt jan interesuar n\u00eb cil\u00ebn m\u00ebnyr Sllavica Gjukiq Dejanoviq ka arritur t\u00eb ushtrojn autoritet ndaj kolegve t\u00eb saj ku shumica jan meshkuj dhe n\u00eb cfar m\u00ebnyre po arrin ti kombinoj dy rolet m\u00eb t\u00eb m\u00ebdhaja t\u00eb saja shoq\u00ebrore: rolin e kryetar\u00ebs s\u00eb parlamentit dhe rolin e psihiatres.<\/p>\n<p>Fidan Fejzulli n\u00eb \u00ebmer\u00eb t\u00eb gjith praktikantve iu faleminderua kryetar\u00ebs s\u00eb Parlamentit p\u00ebr koh\u00ebn q\u00eb ia ka kushtuar k\u00ebsaj grupe.<br \/>\n\u00a0<br \/>\nPas bised\u00ebs me kryetar\u00ebn Gjukiq Dejanoviq, praktikant\u00ebt kan vizituar hapsir\u00ebn e Kuvendit Popullor dhe jan njoftuar me historiatin e k\u00ebsaj nd\u00ebrtese.<\/p>\n<p><img decoding=\"async\" align=\"left\" alt=\"\" src=\"https:\/\/kt.gov.rs\/wp-content\/uploads\/2024\/07\/newspic601-2.jpg\" \/>Programin p\u00ebr praktikant implementon Ministria p\u00ebr t\u00eb drejtat e njeriut dhe pakicave, administrat\u00eb shtetrore dhe vetqeverisje lokale. Dhjet praktikant\u00eb prej n\u00ebntorit 2011 deri n\u00eb prill t\u00eb vitit 2012 do t\u00eb nd\u00ebrtojn kapacitetet e tyre dhe t\u00eb arrijn njohuri p\u00ebr pun\u00ebt q\u00eb b\u00ebhne n\u00eb institucione shtetrore duke kaluar koh\u00ebn e tyre n\u00eb Trupin Koordinues t\u00eb Qeveris s\u00eb Republik\u00ebs S\u00ebrbis p\u00ebr komun\u00ebn e Preshev\u00ebs, Bujanocit dhe Medvegj\u00ebs, Administrat\u00ebn p\u00ebr t\u00eb drejtat e njeriut dhe pakicave,Ministrin e Kultur\u00ebs, dhe n\u00eb Ministrin e arsimit dhe shkenc\u00ebs. Programin p\u00ebr praktikant e ka mb\u00ebshtetur ambasada e Britanis nd\u00ebrsa realizohet n\u00eb partneritet me misionin e OSBE-s\u00eb n\u00eb Republik\u00ebn e S\u00ebrbis.<\/p>\n","protected":false},"excerpt":{"rendered":"<p>Dhjet praktikant e praktikante t\u00eb cil\u00ebt do t\u00eb kalojn 6 muaj\u00a0 duke arritur p\u00ebrvoja t\u00eb reja n\u00eb institucionet\u00a0 e Republik\u00ebs S\u00ebrbis, n\u00ebp\u00ebrmjet projektit \u201cProgrami p\u00ebr praktikant p\u00ebr pakicat nacionale\u201d, t\u00eb mart\u00ebn m\u00eb 13. dhjetor kan vizituar Kuvendin\u00a0 e Republik\u00ebs s\u00eb S\u00ebrbis ku edhe i ka pranuar kryetarja e Kuvendit Sllavica Gjukiq Dejanoviq.<\/p>\n","protected":false},"author":1,"featured_media":142061,"comment_status":"closed","ping_status":"closed","sticky":false,"template":"","format":"standard","meta":{"footnotes":""},"categories":[55],"tags":[],"class_list":["post-142053","post","type-post","status-publish","format-standard","has-post-thumbnail","hentry","category-lajme"],"yoast_head":"<!-- This site is optimized with the Yoast SEO plugin v27.5 - https:\/\/yoast.com\/product\/yoast-seo-wordpress\/ -->\n<title>PRAKTIKANT\u00cbT VIZITOJN KUVENDIN POPULLOR - Republika e S\u00ebrbis\u00eb Trupi Koordinues p\u00ebr komunat Bujanoc, Preshev\u00eb dhe Medvegj\u00eb<\/title>\n<meta name=\"robots\" content=\"index, follow, max-snippet:-1, max-image-preview:large, max-video-preview:-1\" \/>\n<link rel=\"canonical\" href=\"https:\/\/kt.gov.rs\/sq\/praktikantet-vizitojn-kuvendin-popullor\/\" \/>\n<meta property=\"og:locale\" content=\"sq_AL\" \/>\n<meta property=\"og:type\" content=\"article\" \/>\n<meta property=\"og:title\" content=\"PRAKTIKANT\u00cbT VIZITOJN KUVENDIN POPULLOR - Republika e S\u00ebrbis\u00eb Trupi Koordinues p\u00ebr komunat Bujanoc, Preshev\u00eb dhe Medvegj\u00eb\" \/>\n<meta property=\"og:description\" content=\"Dhjet praktikant e praktikante t\u00eb cil\u00ebt do t\u00eb kalojn 6 muaj\u00a0 duke arritur p\u00ebrvoja t\u00eb reja n\u00eb institucionet\u00a0 e Republik\u00ebs S\u00ebrbis, n\u00ebp\u00ebrmjet projektit \u201cProgrami p\u00ebr praktikant p\u00ebr pakicat nacionale\u201d, t\u00eb mart\u00ebn m\u00eb 13. dhjetor kan vizituar Kuvendin\u00a0 e Republik\u00ebs s\u00eb S\u00ebrbis ku edhe i ka pranuar kryetarja e Kuvendit Sllavica Gjukiq Dejanoviq.\" \/>\n<meta property=\"og:url\" content=\"https:\/\/kt.gov.rs\/sq\/praktikantet-vizitojn-kuvendin-popullor\/\" \/>\n<meta property=\"og:site_name\" content=\"Republika e S\u00ebrbis\u00eb Trupi Koordinues p\u00ebr komunat Bujanoc, Preshev\u00eb dhe Medvegj\u00eb\" \/>\n<meta property=\"article:publisher\" content=\"https:\/\/www.facebook.com\/SluzbaKoordinacionogTelaVladeRepublikeSrbije\" \/>\n<meta property=\"article:published_time\" content=\"2011-12-13T00:00:00+00:00\" \/>\n<meta property=\"article:modified_time\" content=\"2024-07-30T20:19:21+00:00\" \/>\n<meta property=\"og:image\" content=\"https:\/\/kt.gov.rs\/wp-content\/uploads\/2024\/07\/newspic600-5.jpg\" \/>\n\t<meta property=\"og:image:width\" content=\"265\" \/>\n\t<meta property=\"og:image:height\" content=\"180\" \/>\n\t<meta property=\"og:image:type\" content=\"image\/jpeg\" \/>\n<meta name=\"author\" content=\"ktmin\" \/>\n<meta name=\"twitter:card\" content=\"summary_large_image\" \/>\n<meta name=\"twitter:creator\" content=\"@kt_gov\" \/>\n<meta name=\"twitter:site\" content=\"@kt_gov\" \/>\n<meta name=\"twitter:label1\" content=\"Written by\" \/>\n\t<meta name=\"twitter:data1\" content=\"ktmin\" \/>\n\t<meta name=\"twitter:label2\" content=\"Est. reading time\" \/>\n\t<meta name=\"twitter:data2\" content=\"2 minutes\" \/>\n<script type=\"application\/ld+json\" class=\"yoast-schema-graph\">{\"@context\":\"https:\\\/\\\/schema.org\",\"@graph\":[{\"@type\":\"Article\",\"@id\":\"https:\\\/\\\/kt.gov.rs\\\/sq\\\/praktikantet-vizitojn-kuvendin-popullor\\\/#article\",\"isPartOf\":{\"@id\":\"https:\\\/\\\/kt.gov.rs\\\/sq\\\/praktikantet-vizitojn-kuvendin-popullor\\\/\"},\"author\":{\"name\":\"ktmin\",\"@id\":\"https:\\\/\\\/kt.gov.rs\\\/#\\\/schema\\\/person\\\/e426459ddb4173309103390602694571\"},\"headline\":\"PRAKTIKANT\u00cbT VIZITOJN KUVENDIN POPULLOR\",\"datePublished\":\"2011-12-13T00:00:00+00:00\",\"dateModified\":\"2024-07-30T20:19:21+00:00\",\"mainEntityOfPage\":{\"@id\":\"https:\\\/\\\/kt.gov.rs\\\/sq\\\/praktikantet-vizitojn-kuvendin-popullor\\\/\"},\"wordCount\":455,\"publisher\":{\"@id\":\"https:\\\/\\\/kt.gov.rs\\\/#organization\"},\"image\":{\"@id\":\"https:\\\/\\\/kt.gov.rs\\\/sq\\\/praktikantet-vizitojn-kuvendin-popullor\\\/#primaryimage\"},\"thumbnailUrl\":\"https:\\\/\\\/kt.gov.rs\\\/wp-content\\\/uploads\\\/2024\\\/07\\\/newspic600-5.jpg\",\"articleSection\":[\"Lajme\"],\"inLanguage\":\"sq-AL\"},{\"@type\":\"WebPage\",\"@id\":\"https:\\\/\\\/kt.gov.rs\\\/sq\\\/praktikantet-vizitojn-kuvendin-popullor\\\/\",\"url\":\"https:\\\/\\\/kt.gov.rs\\\/sq\\\/praktikantet-vizitojn-kuvendin-popullor\\\/\",\"name\":\"PRAKTIKANT\u00cbT VIZITOJN KUVENDIN POPULLOR - Republika e S\u00ebrbis\u00eb Trupi Koordinues p\u00ebr komunat Bujanoc, Preshev\u00eb dhe Medvegj\u00eb\",\"isPartOf\":{\"@id\":\"https:\\\/\\\/kt.gov.rs\\\/#website\"},\"primaryImageOfPage\":{\"@id\":\"https:\\\/\\\/kt.gov.rs\\\/sq\\\/praktikantet-vizitojn-kuvendin-popullor\\\/#primaryimage\"},\"image\":{\"@id\":\"https:\\\/\\\/kt.gov.rs\\\/sq\\\/praktikantet-vizitojn-kuvendin-popullor\\\/#primaryimage\"},\"thumbnailUrl\":\"https:\\\/\\\/kt.gov.rs\\\/wp-content\\\/uploads\\\/2024\\\/07\\\/newspic600-5.jpg\",\"datePublished\":\"2011-12-13T00:00:00+00:00\",\"dateModified\":\"2024-07-30T20:19:21+00:00\",\"breadcrumb\":{\"@id\":\"https:\\\/\\\/kt.gov.rs\\\/sq\\\/praktikantet-vizitojn-kuvendin-popullor\\\/#breadcrumb\"},\"inLanguage\":\"sq-AL\",\"potentialAction\":[{\"@type\":\"ReadAction\",\"target\":[\"https:\\\/\\\/kt.gov.rs\\\/sq\\\/praktikantet-vizitojn-kuvendin-popullor\\\/\"]}]},{\"@type\":\"ImageObject\",\"inLanguage\":\"sq-AL\",\"@id\":\"https:\\\/\\\/kt.gov.rs\\\/sq\\\/praktikantet-vizitojn-kuvendin-popullor\\\/#primaryimage\",\"url\":\"https:\\\/\\\/kt.gov.rs\\\/wp-content\\\/uploads\\\/2024\\\/07\\\/newspic600-5.jpg\",\"contentUrl\":\"https:\\\/\\\/kt.gov.rs\\\/wp-content\\\/uploads\\\/2024\\\/07\\\/newspic600-5.jpg\",\"width\":265,\"height\":180},{\"@type\":\"BreadcrumbList\",\"@id\":\"https:\\\/\\\/kt.gov.rs\\\/sq\\\/praktikantet-vizitojn-kuvendin-popullor\\\/#breadcrumb\",\"itemListElement\":[{\"@type\":\"ListItem\",\"position\":1,\"name\":\"\u041f\u043e\u0447\u0435\u0442\u043d\u0430\",\"item\":\"https:\\\/\\\/kt.gov.rs\\\/sq\\\/\"},{\"@type\":\"ListItem\",\"position\":2,\"name\":\"PRAKTIKANT\u00cbT VIZITOJN KUVENDIN POPULLOR\"}]},{\"@type\":\"WebSite\",\"@id\":\"https:\\\/\\\/kt.gov.rs\\\/#website\",\"url\":\"https:\\\/\\\/kt.gov.rs\\\/\",\"name\":\"\u041a\u043e\u043e\u0440\u0434\u0438\u043d\u0430\u0446\u0438\u043e\u043d\u043e \u0442\u0435\u043b\u043e \u0412\u043b\u0430\u0434\u0435 \u0420\u0435\u043f\u0443\u0431\u043b\u0438\u043a\u0435 \u0421\u0440\u0431\u0438\u0458\u0435 \u0437\u0430 \u043e\u043f\u0448\u0442\u0438\u043d\u0435 \u041f\u0440\u0435\u0448\u0435\u0432\u043e, \u0411\u0443\u0458\u0430\u043d\u043e\u0432\u0430\u0446 \u0438 \u041c\u0435\u0434\u0432\u0435\u0452a\",\"description\":\"\",\"publisher\":{\"@id\":\"https:\\\/\\\/kt.gov.rs\\\/#organization\"},\"alternateName\":\"\u041a\u043e\u043e\u0440\u0434\u0438\u043d\u0430\u0446\u0438\u043e\u043d\u043e \u0442\u0435\u043b\u043e\",\"potentialAction\":[{\"@type\":\"SearchAction\",\"target\":{\"@type\":\"EntryPoint\",\"urlTemplate\":\"https:\\\/\\\/kt.gov.rs\\\/?s={search_term_string}\"},\"query-input\":{\"@type\":\"PropertyValueSpecification\",\"valueRequired\":true,\"valueName\":\"search_term_string\"}}],\"inLanguage\":\"sq-AL\"},{\"@type\":\"Organization\",\"@id\":\"https:\\\/\\\/kt.gov.rs\\\/#organization\",\"name\":\"\u041a\u043e\u043e\u0440\u0434\u0438\u043d\u0430\u0446\u0438\u043e\u043d\u043e \u0442\u0435\u043b\u043e \u0412\u043b\u0430\u0434\u0435 \u0420\u0435\u043f\u0443\u0431\u043b\u0438\u043a\u0435 \u0421\u0440\u0431\u0438\u0458\u0435 \u0437\u0430 \u043e\u043f\u0448\u0442\u0438\u043d\u0435 \u041f\u0440\u0435\u0448\u0435\u0432\u043e, \u0411\u0443\u0458\u0430\u043d\u043e\u0432\u0430\u0446 \u0438 \u041c\u0435\u0434\u0432\u0435\u0452a\",\"alternateName\":\"\u041a\u043e\u043e\u0440\u0434\u0438\u043d\u0430\u0446\u0438\u043e\u043d\u043e \u0442\u0435\u043b\u043e\",\"url\":\"https:\\\/\\\/kt.gov.rs\\\/\",\"logo\":{\"@type\":\"ImageObject\",\"inLanguage\":\"sq-AL\",\"@id\":\"https:\\\/\\\/kt.gov.rs\\\/#\\\/schema\\\/logo\\\/image\\\/\",\"url\":\"https:\\\/\\\/kt.gov.rs\\\/wp-content\\\/uploads\\\/2024\\\/12\\\/koord2.jpg\",\"contentUrl\":\"https:\\\/\\\/kt.gov.rs\\\/wp-content\\\/uploads\\\/2024\\\/12\\\/koord2.jpg\",\"width\":640,\"height\":480,\"caption\":\"\u041a\u043e\u043e\u0440\u0434\u0438\u043d\u0430\u0446\u0438\u043e\u043d\u043e \u0442\u0435\u043b\u043e \u0412\u043b\u0430\u0434\u0435 \u0420\u0435\u043f\u0443\u0431\u043b\u0438\u043a\u0435 \u0421\u0440\u0431\u0438\u0458\u0435 \u0437\u0430 \u043e\u043f\u0448\u0442\u0438\u043d\u0435 \u041f\u0440\u0435\u0448\u0435\u0432\u043e, \u0411\u0443\u0458\u0430\u043d\u043e\u0432\u0430\u0446 \u0438 \u041c\u0435\u0434\u0432\u0435\u0452a\"},\"image\":{\"@id\":\"https:\\\/\\\/kt.gov.rs\\\/#\\\/schema\\\/logo\\\/image\\\/\"},\"sameAs\":[\"https:\\\/\\\/www.facebook.com\\\/SluzbaKoordinacionogTelaVladeRepublikeSrbije\",\"https:\\\/\\\/x.com\\\/kt_gov\",\"https:\\\/\\\/www.youtube.com\\\/@koordinacionotelo\"]},{\"@type\":\"Person\",\"@id\":\"https:\\\/\\\/kt.gov.rs\\\/#\\\/schema\\\/person\\\/e426459ddb4173309103390602694571\",\"name\":\"ktmin\",\"image\":{\"@type\":\"ImageObject\",\"inLanguage\":\"sq-AL\",\"@id\":\"https:\\\/\\\/secure.gravatar.com\\\/avatar\\\/3985c961109853010c3fbc7ba30365bfba5db3dd6c525831d9c595c7525a615a?s=96&d=mm&r=g\",\"url\":\"https:\\\/\\\/secure.gravatar.com\\\/avatar\\\/3985c961109853010c3fbc7ba30365bfba5db3dd6c525831d9c595c7525a615a?s=96&d=mm&r=g\",\"contentUrl\":\"https:\\\/\\\/secure.gravatar.com\\\/avatar\\\/3985c961109853010c3fbc7ba30365bfba5db3dd6c525831d9c595c7525a615a?s=96&d=mm&r=g\",\"caption\":\"ktmin\"},\"sameAs\":[\"https:\\\/\\\/kt.gov.rs\"],\"url\":\"https:\\\/\\\/kt.gov.rs\\\/sq\\\/author\\\/ktmin\\\/\"}]}<\/script>\n<!-- \/ Yoast SEO plugin. -->","yoast_head_json":{"title":"PRAKTIKANT\u00cbT VIZITOJN KUVENDIN POPULLOR - Republika e S\u00ebrbis\u00eb Trupi Koordinues p\u00ebr komunat Bujanoc, Preshev\u00eb dhe Medvegj\u00eb","robots":{"index":"index","follow":"follow","max-snippet":"max-snippet:-1","max-image-preview":"max-image-preview:large","max-video-preview":"max-video-preview:-1"},"canonical":"https:\/\/kt.gov.rs\/sq\/praktikantet-vizitojn-kuvendin-popullor\/","og_locale":"sq_AL","og_type":"article","og_title":"PRAKTIKANT\u00cbT VIZITOJN KUVENDIN POPULLOR - Republika e S\u00ebrbis\u00eb Trupi Koordinues p\u00ebr komunat Bujanoc, Preshev\u00eb dhe Medvegj\u00eb","og_description":"Dhjet praktikant e praktikante t\u00eb cil\u00ebt do t\u00eb kalojn 6 muaj\u00a0 duke arritur p\u00ebrvoja t\u00eb reja n\u00eb institucionet\u00a0 e Republik\u00ebs S\u00ebrbis, n\u00ebp\u00ebrmjet projektit \u201cProgrami p\u00ebr praktikant p\u00ebr pakicat nacionale\u201d, t\u00eb mart\u00ebn m\u00eb 13. dhjetor kan vizituar Kuvendin\u00a0 e Republik\u00ebs s\u00eb S\u00ebrbis ku edhe i ka pranuar kryetarja e Kuvendit Sllavica Gjukiq Dejanoviq.","og_url":"https:\/\/kt.gov.rs\/sq\/praktikantet-vizitojn-kuvendin-popullor\/","og_site_name":"Republika e S\u00ebrbis\u00eb Trupi Koordinues p\u00ebr komunat Bujanoc, Preshev\u00eb dhe Medvegj\u00eb","article_publisher":"https:\/\/www.facebook.com\/SluzbaKoordinacionogTelaVladeRepublikeSrbije","article_published_time":"2011-12-13T00:00:00+00:00","article_modified_time":"2024-07-30T20:19:21+00:00","og_image":[{"width":265,"height":180,"url":"https:\/\/kt.gov.rs\/wp-content\/uploads\/2024\/07\/newspic600-5.jpg","type":"image\/jpeg"}],"author":"ktmin","twitter_card":"summary_large_image","twitter_creator":"@kt_gov","twitter_site":"@kt_gov","twitter_misc":{"Written by":"ktmin","Est. reading time":"2 minutes"},"schema":{"@context":"https:\/\/schema.org","@graph":[{"@type":"Article","@id":"https:\/\/kt.gov.rs\/sq\/praktikantet-vizitojn-kuvendin-popullor\/#article","isPartOf":{"@id":"https:\/\/kt.gov.rs\/sq\/praktikantet-vizitojn-kuvendin-popullor\/"},"author":{"name":"ktmin","@id":"https:\/\/kt.gov.rs\/#\/schema\/person\/e426459ddb4173309103390602694571"},"headline":"PRAKTIKANT\u00cbT VIZITOJN KUVENDIN POPULLOR","datePublished":"2011-12-13T00:00:00+00:00","dateModified":"2024-07-30T20:19:21+00:00","mainEntityOfPage":{"@id":"https:\/\/kt.gov.rs\/sq\/praktikantet-vizitojn-kuvendin-popullor\/"},"wordCount":455,"publisher":{"@id":"https:\/\/kt.gov.rs\/#organization"},"image":{"@id":"https:\/\/kt.gov.rs\/sq\/praktikantet-vizitojn-kuvendin-popullor\/#primaryimage"},"thumbnailUrl":"https:\/\/kt.gov.rs\/wp-content\/uploads\/2024\/07\/newspic600-5.jpg","articleSection":["Lajme"],"inLanguage":"sq-AL"},{"@type":"WebPage","@id":"https:\/\/kt.gov.rs\/sq\/praktikantet-vizitojn-kuvendin-popullor\/","url":"https:\/\/kt.gov.rs\/sq\/praktikantet-vizitojn-kuvendin-popullor\/","name":"PRAKTIKANT\u00cbT VIZITOJN KUVENDIN POPULLOR - Republika e S\u00ebrbis\u00eb Trupi Koordinues p\u00ebr komunat Bujanoc, Preshev\u00eb dhe Medvegj\u00eb","isPartOf":{"@id":"https:\/\/kt.gov.rs\/#website"},"primaryImageOfPage":{"@id":"https:\/\/kt.gov.rs\/sq\/praktikantet-vizitojn-kuvendin-popullor\/#primaryimage"},"image":{"@id":"https:\/\/kt.gov.rs\/sq\/praktikantet-vizitojn-kuvendin-popullor\/#primaryimage"},"thumbnailUrl":"https:\/\/kt.gov.rs\/wp-content\/uploads\/2024\/07\/newspic600-5.jpg","datePublished":"2011-12-13T00:00:00+00:00","dateModified":"2024-07-30T20:19:21+00:00","breadcrumb":{"@id":"https:\/\/kt.gov.rs\/sq\/praktikantet-vizitojn-kuvendin-popullor\/#breadcrumb"},"inLanguage":"sq-AL","potentialAction":[{"@type":"ReadAction","target":["https:\/\/kt.gov.rs\/sq\/praktikantet-vizitojn-kuvendin-popullor\/"]}]},{"@type":"ImageObject","inLanguage":"sq-AL","@id":"https:\/\/kt.gov.rs\/sq\/praktikantet-vizitojn-kuvendin-popullor\/#primaryimage","url":"https:\/\/kt.gov.rs\/wp-content\/uploads\/2024\/07\/newspic600-5.jpg","contentUrl":"https:\/\/kt.gov.rs\/wp-content\/uploads\/2024\/07\/newspic600-5.jpg","width":265,"height":180},{"@type":"BreadcrumbList","@id":"https:\/\/kt.gov.rs\/sq\/praktikantet-vizitojn-kuvendin-popullor\/#breadcrumb","itemListElement":[{"@type":"ListItem","position":1,"name":"\u041f\u043e\u0447\u0435\u0442\u043d\u0430","item":"https:\/\/kt.gov.rs\/sq\/"},{"@type":"ListItem","position":2,"name":"PRAKTIKANT\u00cbT VIZITOJN KUVENDIN POPULLOR"}]},{"@type":"WebSite","@id":"https:\/\/kt.gov.rs\/#website","url":"https:\/\/kt.gov.rs\/","name":"\u041a\u043e\u043e\u0440\u0434\u0438\u043d\u0430\u0446\u0438\u043e\u043d\u043e \u0442\u0435\u043b\u043e \u0412\u043b\u0430\u0434\u0435 \u0420\u0435\u043f\u0443\u0431\u043b\u0438\u043a\u0435 \u0421\u0440\u0431\u0438\u0458\u0435 \u0437\u0430 \u043e\u043f\u0448\u0442\u0438\u043d\u0435 \u041f\u0440\u0435\u0448\u0435\u0432\u043e, \u0411\u0443\u0458\u0430\u043d\u043e\u0432\u0430\u0446 \u0438 \u041c\u0435\u0434\u0432\u0435\u0452a","description":"","publisher":{"@id":"https:\/\/kt.gov.rs\/#organization"},"alternateName":"\u041a\u043e\u043e\u0440\u0434\u0438\u043d\u0430\u0446\u0438\u043e\u043d\u043e \u0442\u0435\u043b\u043e","potentialAction":[{"@type":"SearchAction","target":{"@type":"EntryPoint","urlTemplate":"https:\/\/kt.gov.rs\/?s={search_term_string}"},"query-input":{"@type":"PropertyValueSpecification","valueRequired":true,"valueName":"search_term_string"}}],"inLanguage":"sq-AL"},{"@type":"Organization","@id":"https:\/\/kt.gov.rs\/#organization","name":"\u041a\u043e\u043e\u0440\u0434\u0438\u043d\u0430\u0446\u0438\u043e\u043d\u043e \u0442\u0435\u043b\u043e \u0412\u043b\u0430\u0434\u0435 \u0420\u0435\u043f\u0443\u0431\u043b\u0438\u043a\u0435 \u0421\u0440\u0431\u0438\u0458\u0435 \u0437\u0430 \u043e\u043f\u0448\u0442\u0438\u043d\u0435 \u041f\u0440\u0435\u0448\u0435\u0432\u043e, \u0411\u0443\u0458\u0430\u043d\u043e\u0432\u0430\u0446 \u0438 \u041c\u0435\u0434\u0432\u0435\u0452a","alternateName":"\u041a\u043e\u043e\u0440\u0434\u0438\u043d\u0430\u0446\u0438\u043e\u043d\u043e \u0442\u0435\u043b\u043e","url":"https:\/\/kt.gov.rs\/","logo":{"@type":"ImageObject","inLanguage":"sq-AL","@id":"https:\/\/kt.gov.rs\/#\/schema\/logo\/image\/","url":"https:\/\/kt.gov.rs\/wp-content\/uploads\/2024\/12\/koord2.jpg","contentUrl":"https:\/\/kt.gov.rs\/wp-content\/uploads\/2024\/12\/koord2.jpg","width":640,"height":480,"caption":"\u041a\u043e\u043e\u0440\u0434\u0438\u043d\u0430\u0446\u0438\u043e\u043d\u043e \u0442\u0435\u043b\u043e \u0412\u043b\u0430\u0434\u0435 \u0420\u0435\u043f\u0443\u0431\u043b\u0438\u043a\u0435 \u0421\u0440\u0431\u0438\u0458\u0435 \u0437\u0430 \u043e\u043f\u0448\u0442\u0438\u043d\u0435 \u041f\u0440\u0435\u0448\u0435\u0432\u043e, \u0411\u0443\u0458\u0430\u043d\u043e\u0432\u0430\u0446 \u0438 \u041c\u0435\u0434\u0432\u0435\u0452a"},"image":{"@id":"https:\/\/kt.gov.rs\/#\/schema\/logo\/image\/"},"sameAs":["https:\/\/www.facebook.com\/SluzbaKoordinacionogTelaVladeRepublikeSrbije","https:\/\/x.com\/kt_gov","https:\/\/www.youtube.com\/@koordinacionotelo"]},{"@type":"Person","@id":"https:\/\/kt.gov.rs\/#\/schema\/person\/e426459ddb4173309103390602694571","name":"ktmin","image":{"@type":"ImageObject","inLanguage":"sq-AL","@id":"https:\/\/secure.gravatar.com\/avatar\/3985c961109853010c3fbc7ba30365bfba5db3dd6c525831d9c595c7525a615a?s=96&d=mm&r=g","url":"https:\/\/secure.gravatar.com\/avatar\/3985c961109853010c3fbc7ba30365bfba5db3dd6c525831d9c595c7525a615a?s=96&d=mm&r=g","contentUrl":"https:\/\/secure.gravatar.com\/avatar\/3985c961109853010c3fbc7ba30365bfba5db3dd6c525831d9c595c7525a615a?s=96&d=mm&r=g","caption":"ktmin"},"sameAs":["https:\/\/kt.gov.rs"],"url":"https:\/\/kt.gov.rs\/sq\/author\/ktmin\/"}]}},"_links":{"self":[{"href":"https:\/\/kt.gov.rs\/sq\/wp-json\/wp\/v2\/posts\/142053","targetHints":{"allow":["GET"]}}],"collection":[{"href":"https:\/\/kt.gov.rs\/sq\/wp-json\/wp\/v2\/posts"}],"about":[{"href":"https:\/\/kt.gov.rs\/sq\/wp-json\/wp\/v2\/types\/post"}],"author":[{"embeddable":true,"href":"https:\/\/kt.gov.rs\/sq\/wp-json\/wp\/v2\/users\/1"}],"replies":[{"embeddable":true,"href":"https:\/\/kt.gov.rs\/sq\/wp-json\/wp\/v2\/comments?post=142053"}],"version-history":[{"count":1,"href":"https:\/\/kt.gov.rs\/sq\/wp-json\/wp\/v2\/posts\/142053\/revisions"}],"predecessor-version":[{"id":142060,"href":"https:\/\/kt.gov.rs\/sq\/wp-json\/wp\/v2\/posts\/142053\/revisions\/142060"}],"wp:featuredmedia":[{"embeddable":true,"href":"https:\/\/kt.gov.rs\/sq\/wp-json\/wp\/v2\/media\/142061"}],"wp:attachment":[{"href":"https:\/\/kt.gov.rs\/sq\/wp-json\/wp\/v2\/media?parent=142053"}],"wp:term":[{"taxonomy":"category","embeddable":true,"href":"https:\/\/kt.gov.rs\/sq\/wp-json\/wp\/v2\/categories?post=142053"},{"taxonomy":"post_tag","embeddable":true,"href":"https:\/\/kt.gov.rs\/sq\/wp-json\/wp\/v2\/tags?post=142053"}],"curies":[{"name":"wp","href":"https:\/\/api.w.org\/{rel}","templated":true}]}}