{"id":142042,"date":"2011-12-20T00:00:00","date_gmt":"2011-12-20T00:00:00","guid":{"rendered":"http:\/\/kt.printandscreen.rs\/aksioni-per-ndertimin-e-pjerrtesirave-per-personat-me-aftesi-te-kufizuara-ne-bujanovc\/"},"modified":"2024-07-30T20:19:20","modified_gmt":"2024-07-30T20:19:20","slug":"aksioni-per-ndertimin-e-pjerrtesirave-per-personat-me-aftesi-te-kufizuara-ne-bujanovc","status":"publish","type":"post","link":"https:\/\/kt.gov.rs\/sq\/aksioni-per-ndertimin-e-pjerrtesirave-per-personat-me-aftesi-te-kufizuara-ne-bujanovc\/","title":{"rendered":"AKSIONI P\u00cbR ND\u00cbRTIMIN E PJERRT\u00cbSIRAVE P\u00cbR PERSONAT ME AFT\u00cbSI T\u00cb KUFIZUARA N\u00cb BUJANOVC"},"content":{"rendered":"<p><img decoding=\"async\" align=\"left\" src=\"https:\/\/kt.gov.rs\/wp-content\/uploads\/2024\/07\/newspic605-4.jpg\" alt=\"\" \/>Kah fundi i n\u00ebntorit, 38 t\u00eb rinj\u00eb t\u00eb p\u00ebrfshir\u00eb n\u00eb projektin Youthbuild Srbija, filluan nd\u00ebrtimin e pjerrt\u00ebsirave p\u00ebr personat me aft\u00ebsi t\u00eb kufizuara n\u00eb hyrje t\u00eb Sht\u00ebpis\u00eb s\u00eb sh\u00ebendetit n\u00eb Bujanoc. Ky grup i t\u00eb rinjve\u00a0 vijon trajnimin 3 mujor n\u00eb kuad\u00ebr t\u00eb programit Youthbuild t\u00eb cilin e realizon Iniciativa Qztetare n\u00eb komun\u00ebn e Preshev\u00ebs dhe Bujanoc\u00ebs. Sesionet e trajnimeve jan\u00eb t\u00eb organizuara n\u00eb m\u00ebnyr\u00eb q\u00eb t\u00eb rinj\u00ebve nga k\u00ebto 2 komuna ti mund\u00ebsojn\u00eb t\u00eb fitojn\u00eb njohuri praktike dhe nd\u00ebrrmaar\u00ebsie t\u00eb cilat do ti ndihmojn\u00eb ata t\u00eb gjejn\u00eb pun\u00eb dhe t\u00eb b\u00ebhen aktiv n\u00eb komunitetin e tyre.<\/p>\n<p>N\u00eb kuad\u00ebr t\u00eb trajnimit t\u00eb rinj\u00ebt nga Presheva dhe Bujanovci kan\u00eb theksuar munges\u00ebn e pjerrt\u00ebsirave p\u00ebr personat me aft\u00ebsi t\u00eb kufizuar dhe kan\u00eb vendosur t\u00eb angazhohen n\u00eb komunitetin e tyre dhe t\u00eb iniciojn\u00eb nd\u00ebrtimin e k\u00ebtyre pjerrt\u00ebsirave , duke angazhuar edhe komunitetin e gj\u00ebr\u00eb p\u00ebr t\u00eb ndihmuar.Kah fundi i n\u00ebntorit ka filluar aksioni p\u00ebr nd\u00ebrtimin e 8 stazave nga gjithsejt 21, t\u00eb cilat do t\u00eb nd\u00ebrtohen n\u00eb Bujanoc. Aksionin e kan\u00eb mb\u00ebshtetur pushteti lokal dhe sip\u00ebrmarr\u00ebsit vendor. Aksioni p\u00ebr nd\u00ebrtimin e pjerrt\u00ebsirave p\u00ebr personat me aft\u00ebesi t\u00eb kufizuar do t\u00eb realizohet edhe n\u00eb komun\u00ebn e Preshev\u00ebs, ku k\u00ebta t\u00eb rinj\u00eb do t\u00eb p\u00ebrfshihen edhe n\u00eb rregullimin e kuzhin\u00ebs popullore.<\/p>\n<p><img decoding=\"async\" align=\"left\" src=\"https:\/\/kt.gov.rs\/wp-content\/uploads\/2024\/07\/newspic606-2.jpg\" alt=\"\" \/>Q\u00ebllimi i projektit Youthbuild \u00ebsht\u00eb p\u00ebrsmir\u00ebsimi i statusit ekonomiko- socila n[ jug t\u00eb Serbis\u00eb duke forcuar kapacitetet e tyre p\u00ebr pun\u00ebsim dhe aktiviz\u00ebm shoq\u00ebror. Projekti p\u00ebrfshin t\u00eb rinjt\u00eb n\u00ebp\u00ebrbashk\u00ebsit\u00eb lokale p\u00ebrmes edukimit joformal dhe pun\u00ebs n\u00eb terren n\u00eb vendin ku jetojn\u00eb. Youthbuild \u00ebsht\u00eb nj\u00eb model q\u00eb zbatohet dhe ka dh\u00ebn\u00eb rezultate t\u00eb shk\u00eblqzera n\u00eb 15 vende t\u00eb bot\u00ebs. Me mbi 30 vjet p\u00ebrvoj\u00eb Youthbuild p\u00ebrfshin\u00eb m\u00eb se 94.000 njer\u00ebz t\u00eb rinj\u00eb q\u00eb jan\u00eb t\u00eb p\u00ebrgatitur t\u00eb jen\u00eb aktiv, t\u00eb angayhuar dhe vet\u00eb t\u00eb nd\u00ebrtojn\u00eb komunitetin e tyre. Kz projekt realizohet p\u00ebr her\u00eb t\u00eb par\u00eb n\u00eb Serbi dhe p\u00ebrfshin nj\u00eb grup shum\u00ebetnik\u00a0 me rreth 40 pjes\u00ebmarr\u00ebs dhe pjes\u00ebmarr\u00ebse nga Presheva dhe Bujanoci t\u00eb cil\u00ebt do t\u00eb kalojn\u00eb trajnimin intenziv tremujor n\u00eb Qendr\u00ebn trajnuese.<\/p>\n<p>Youthbuild e p\u00ebrkrahin: Trupi Koordinues i Qeveris\u00eb s\u00eb Republik\u00ebs s\u00eb Serbis\u00eb, p\u00ebr komunat Preshev\u00eb, Bujanovc dhe Medvegj\u00eb, Youthbuild International, Fondi Ballkanik p\u00ebr demokraci i Mbret\u00ebris\u00eb s\u00eb Holand\u00ebs. Realizimin e projektit e kan\u00eb mb\u00ebshtetur edhe Komuna e Bujanovcit, Nd\u00ebrmarrja Publike- Departamenti p\u00ebr nd\u00ebrtim dhe Butrinti Architecture.<\/p>\n","protected":false},"excerpt":{"rendered":"<p>Kah fundi i n\u00ebntorit, 38 t\u00eb rinj\u00eb t\u00eb p\u00ebrfshir\u00eb n\u00eb projektin Youthbuild  Srbija, filluan nd\u00ebrtimin e pjerrt\u00ebsirave p\u00ebr personat me aft\u00ebsi t\u00eb  kufizuara n\u00eb hyrje t\u00eb Sht\u00ebpis\u00eb s\u00eb sh\u00ebendetit n\u00eb Bujanoc. Ky grup i t\u00eb  rinjve\u00a0 vijon trajnimin 3 mujor n\u00eb kuad\u00ebr t\u00eb programit Youthbuild t\u00eb  cilin e realizon Iniciativa Qztetare n\u00eb komun\u00ebn e Preshev\u00ebs dhe  Bujanoc\u00ebs.<\/p>\n","protected":false},"author":1,"featured_media":142050,"comment_status":"closed","ping_status":"closed","sticky":false,"template":"","format":"standard","meta":{"footnotes":""},"categories":[55],"tags":[],"class_list":["post-142042","post","type-post","status-publish","format-standard","has-post-thumbnail","hentry","category-lajme"],"yoast_head":"<!-- This site is optimized with the Yoast SEO plugin v27.5 - https:\/\/yoast.com\/product\/yoast-seo-wordpress\/ -->\n<title>AKSIONI P\u00cbR ND\u00cbRTIMIN E PJERRT\u00cbSIRAVE P\u00cbR PERSONAT ME AFT\u00cbSI T\u00cb KUFIZUARA N\u00cb BUJANOVC - Republika e S\u00ebrbis\u00eb Trupi Koordinues p\u00ebr komunat Bujanoc, Preshev\u00eb dhe Medvegj\u00eb<\/title>\n<meta name=\"robots\" content=\"index, follow, max-snippet:-1, max-image-preview:large, max-video-preview:-1\" \/>\n<link rel=\"canonical\" href=\"https:\/\/kt.gov.rs\/sq\/aksioni-per-ndertimin-e-pjerrtesirave-per-personat-me-aftesi-te-kufizuara-ne-bujanovc\/\" \/>\n<meta property=\"og:locale\" content=\"sq_AL\" \/>\n<meta property=\"og:type\" content=\"article\" \/>\n<meta property=\"og:title\" content=\"AKSIONI P\u00cbR ND\u00cbRTIMIN E PJERRT\u00cbSIRAVE P\u00cbR PERSONAT ME AFT\u00cbSI T\u00cb KUFIZUARA N\u00cb BUJANOVC - Republika e S\u00ebrbis\u00eb Trupi Koordinues p\u00ebr komunat Bujanoc, Preshev\u00eb dhe Medvegj\u00eb\" \/>\n<meta property=\"og:description\" content=\"Kah fundi i n\u00ebntorit, 38 t\u00eb rinj\u00eb t\u00eb p\u00ebrfshir\u00eb n\u00eb projektin Youthbuild Srbija, filluan nd\u00ebrtimin e pjerrt\u00ebsirave p\u00ebr personat me aft\u00ebsi t\u00eb kufizuara n\u00eb hyrje t\u00eb Sht\u00ebpis\u00eb s\u00eb sh\u00ebendetit n\u00eb Bujanoc. Ky grup i t\u00eb rinjve\u00a0 vijon trajnimin 3 mujor n\u00eb kuad\u00ebr t\u00eb programit Youthbuild t\u00eb cilin e realizon Iniciativa Qztetare n\u00eb komun\u00ebn e Preshev\u00ebs dhe Bujanoc\u00ebs.\" \/>\n<meta property=\"og:url\" content=\"https:\/\/kt.gov.rs\/sq\/aksioni-per-ndertimin-e-pjerrtesirave-per-personat-me-aftesi-te-kufizuara-ne-bujanovc\/\" \/>\n<meta property=\"og:site_name\" content=\"Republika e S\u00ebrbis\u00eb Trupi Koordinues p\u00ebr komunat Bujanoc, Preshev\u00eb dhe Medvegj\u00eb\" \/>\n<meta property=\"article:publisher\" content=\"https:\/\/www.facebook.com\/SluzbaKoordinacionogTelaVladeRepublikeSrbije\" \/>\n<meta property=\"article:published_time\" content=\"2011-12-20T00:00:00+00:00\" \/>\n<meta property=\"article:modified_time\" content=\"2024-07-30T20:19:20+00:00\" \/>\n<meta property=\"og:image\" content=\"https:\/\/kt.gov.rs\/wp-content\/uploads\/2024\/07\/newspic605-5.jpg\" \/>\n\t<meta property=\"og:image:width\" content=\"265\" \/>\n\t<meta property=\"og:image:height\" content=\"180\" \/>\n\t<meta property=\"og:image:type\" content=\"image\/jpeg\" \/>\n<meta name=\"author\" content=\"ktmin\" \/>\n<meta name=\"twitter:card\" content=\"summary_large_image\" \/>\n<meta name=\"twitter:creator\" content=\"@kt_gov\" \/>\n<meta name=\"twitter:site\" content=\"@kt_gov\" \/>\n<meta name=\"twitter:label1\" content=\"Written by\" \/>\n\t<meta name=\"twitter:data1\" content=\"ktmin\" \/>\n\t<meta name=\"twitter:label2\" content=\"Est. reading time\" \/>\n\t<meta name=\"twitter:data2\" content=\"2 minutes\" \/>\n<script type=\"application\/ld+json\" class=\"yoast-schema-graph\">{\"@context\":\"https:\\\/\\\/schema.org\",\"@graph\":[{\"@type\":\"Article\",\"@id\":\"https:\\\/\\\/kt.gov.rs\\\/sq\\\/aksioni-per-ndertimin-e-pjerrtesirave-per-personat-me-aftesi-te-kufizuara-ne-bujanovc\\\/#article\",\"isPartOf\":{\"@id\":\"https:\\\/\\\/kt.gov.rs\\\/sq\\\/aksioni-per-ndertimin-e-pjerrtesirave-per-personat-me-aftesi-te-kufizuara-ne-bujanovc\\\/\"},\"author\":{\"name\":\"ktmin\",\"@id\":\"https:\\\/\\\/kt.gov.rs\\\/#\\\/schema\\\/person\\\/e426459ddb4173309103390602694571\"},\"headline\":\"AKSIONI P\u00cbR ND\u00cbRTIMIN E PJERRT\u00cbSIRAVE P\u00cbR PERSONAT ME AFT\u00cbSI T\u00cb KUFIZUARA N\u00cb BUJANOVC\",\"datePublished\":\"2011-12-20T00:00:00+00:00\",\"dateModified\":\"2024-07-30T20:19:20+00:00\",\"mainEntityOfPage\":{\"@id\":\"https:\\\/\\\/kt.gov.rs\\\/sq\\\/aksioni-per-ndertimin-e-pjerrtesirave-per-personat-me-aftesi-te-kufizuara-ne-bujanovc\\\/\"},\"wordCount\":471,\"publisher\":{\"@id\":\"https:\\\/\\\/kt.gov.rs\\\/#organization\"},\"image\":{\"@id\":\"https:\\\/\\\/kt.gov.rs\\\/sq\\\/aksioni-per-ndertimin-e-pjerrtesirave-per-personat-me-aftesi-te-kufizuara-ne-bujanovc\\\/#primaryimage\"},\"thumbnailUrl\":\"https:\\\/\\\/kt.gov.rs\\\/wp-content\\\/uploads\\\/2024\\\/07\\\/newspic605-5.jpg\",\"articleSection\":[\"Lajme\"],\"inLanguage\":\"sq-AL\"},{\"@type\":\"WebPage\",\"@id\":\"https:\\\/\\\/kt.gov.rs\\\/sq\\\/aksioni-per-ndertimin-e-pjerrtesirave-per-personat-me-aftesi-te-kufizuara-ne-bujanovc\\\/\",\"url\":\"https:\\\/\\\/kt.gov.rs\\\/sq\\\/aksioni-per-ndertimin-e-pjerrtesirave-per-personat-me-aftesi-te-kufizuara-ne-bujanovc\\\/\",\"name\":\"AKSIONI P\u00cbR ND\u00cbRTIMIN E PJERRT\u00cbSIRAVE P\u00cbR PERSONAT ME AFT\u00cbSI T\u00cb KUFIZUARA N\u00cb BUJANOVC - Republika e S\u00ebrbis\u00eb Trupi Koordinues p\u00ebr komunat Bujanoc, Preshev\u00eb dhe Medvegj\u00eb\",\"isPartOf\":{\"@id\":\"https:\\\/\\\/kt.gov.rs\\\/#website\"},\"primaryImageOfPage\":{\"@id\":\"https:\\\/\\\/kt.gov.rs\\\/sq\\\/aksioni-per-ndertimin-e-pjerrtesirave-per-personat-me-aftesi-te-kufizuara-ne-bujanovc\\\/#primaryimage\"},\"image\":{\"@id\":\"https:\\\/\\\/kt.gov.rs\\\/sq\\\/aksioni-per-ndertimin-e-pjerrtesirave-per-personat-me-aftesi-te-kufizuara-ne-bujanovc\\\/#primaryimage\"},\"thumbnailUrl\":\"https:\\\/\\\/kt.gov.rs\\\/wp-content\\\/uploads\\\/2024\\\/07\\\/newspic605-5.jpg\",\"datePublished\":\"2011-12-20T00:00:00+00:00\",\"dateModified\":\"2024-07-30T20:19:20+00:00\",\"breadcrumb\":{\"@id\":\"https:\\\/\\\/kt.gov.rs\\\/sq\\\/aksioni-per-ndertimin-e-pjerrtesirave-per-personat-me-aftesi-te-kufizuara-ne-bujanovc\\\/#breadcrumb\"},\"inLanguage\":\"sq-AL\",\"potentialAction\":[{\"@type\":\"ReadAction\",\"target\":[\"https:\\\/\\\/kt.gov.rs\\\/sq\\\/aksioni-per-ndertimin-e-pjerrtesirave-per-personat-me-aftesi-te-kufizuara-ne-bujanovc\\\/\"]}]},{\"@type\":\"ImageObject\",\"inLanguage\":\"sq-AL\",\"@id\":\"https:\\\/\\\/kt.gov.rs\\\/sq\\\/aksioni-per-ndertimin-e-pjerrtesirave-per-personat-me-aftesi-te-kufizuara-ne-bujanovc\\\/#primaryimage\",\"url\":\"https:\\\/\\\/kt.gov.rs\\\/wp-content\\\/uploads\\\/2024\\\/07\\\/newspic605-5.jpg\",\"contentUrl\":\"https:\\\/\\\/kt.gov.rs\\\/wp-content\\\/uploads\\\/2024\\\/07\\\/newspic605-5.jpg\",\"width\":265,\"height\":180},{\"@type\":\"BreadcrumbList\",\"@id\":\"https:\\\/\\\/kt.gov.rs\\\/sq\\\/aksioni-per-ndertimin-e-pjerrtesirave-per-personat-me-aftesi-te-kufizuara-ne-bujanovc\\\/#breadcrumb\",\"itemListElement\":[{\"@type\":\"ListItem\",\"position\":1,\"name\":\"\u041f\u043e\u0447\u0435\u0442\u043d\u0430\",\"item\":\"https:\\\/\\\/kt.gov.rs\\\/sq\\\/\"},{\"@type\":\"ListItem\",\"position\":2,\"name\":\"AKSIONI P\u00cbR ND\u00cbRTIMIN E PJERRT\u00cbSIRAVE P\u00cbR PERSONAT ME AFT\u00cbSI T\u00cb KUFIZUARA N\u00cb BUJANOVC\"}]},{\"@type\":\"WebSite\",\"@id\":\"https:\\\/\\\/kt.gov.rs\\\/#website\",\"url\":\"https:\\\/\\\/kt.gov.rs\\\/\",\"name\":\"\u041a\u043e\u043e\u0440\u0434\u0438\u043d\u0430\u0446\u0438\u043e\u043d\u043e \u0442\u0435\u043b\u043e \u0412\u043b\u0430\u0434\u0435 \u0420\u0435\u043f\u0443\u0431\u043b\u0438\u043a\u0435 \u0421\u0440\u0431\u0438\u0458\u0435 \u0437\u0430 \u043e\u043f\u0448\u0442\u0438\u043d\u0435 \u041f\u0440\u0435\u0448\u0435\u0432\u043e, \u0411\u0443\u0458\u0430\u043d\u043e\u0432\u0430\u0446 \u0438 \u041c\u0435\u0434\u0432\u0435\u0452a\",\"description\":\"\",\"publisher\":{\"@id\":\"https:\\\/\\\/kt.gov.rs\\\/#organization\"},\"alternateName\":\"\u041a\u043e\u043e\u0440\u0434\u0438\u043d\u0430\u0446\u0438\u043e\u043d\u043e \u0442\u0435\u043b\u043e\",\"potentialAction\":[{\"@type\":\"SearchAction\",\"target\":{\"@type\":\"EntryPoint\",\"urlTemplate\":\"https:\\\/\\\/kt.gov.rs\\\/?s={search_term_string}\"},\"query-input\":{\"@type\":\"PropertyValueSpecification\",\"valueRequired\":true,\"valueName\":\"search_term_string\"}}],\"inLanguage\":\"sq-AL\"},{\"@type\":\"Organization\",\"@id\":\"https:\\\/\\\/kt.gov.rs\\\/#organization\",\"name\":\"\u041a\u043e\u043e\u0440\u0434\u0438\u043d\u0430\u0446\u0438\u043e\u043d\u043e \u0442\u0435\u043b\u043e \u0412\u043b\u0430\u0434\u0435 \u0420\u0435\u043f\u0443\u0431\u043b\u0438\u043a\u0435 \u0421\u0440\u0431\u0438\u0458\u0435 \u0437\u0430 \u043e\u043f\u0448\u0442\u0438\u043d\u0435 \u041f\u0440\u0435\u0448\u0435\u0432\u043e, \u0411\u0443\u0458\u0430\u043d\u043e\u0432\u0430\u0446 \u0438 \u041c\u0435\u0434\u0432\u0435\u0452a\",\"alternateName\":\"\u041a\u043e\u043e\u0440\u0434\u0438\u043d\u0430\u0446\u0438\u043e\u043d\u043e \u0442\u0435\u043b\u043e\",\"url\":\"https:\\\/\\\/kt.gov.rs\\\/\",\"logo\":{\"@type\":\"ImageObject\",\"inLanguage\":\"sq-AL\",\"@id\":\"https:\\\/\\\/kt.gov.rs\\\/#\\\/schema\\\/logo\\\/image\\\/\",\"url\":\"https:\\\/\\\/kt.gov.rs\\\/wp-content\\\/uploads\\\/2024\\\/12\\\/koord2.jpg\",\"contentUrl\":\"https:\\\/\\\/kt.gov.rs\\\/wp-content\\\/uploads\\\/2024\\\/12\\\/koord2.jpg\",\"width\":640,\"height\":480,\"caption\":\"\u041a\u043e\u043e\u0440\u0434\u0438\u043d\u0430\u0446\u0438\u043e\u043d\u043e \u0442\u0435\u043b\u043e \u0412\u043b\u0430\u0434\u0435 \u0420\u0435\u043f\u0443\u0431\u043b\u0438\u043a\u0435 \u0421\u0440\u0431\u0438\u0458\u0435 \u0437\u0430 \u043e\u043f\u0448\u0442\u0438\u043d\u0435 \u041f\u0440\u0435\u0448\u0435\u0432\u043e, \u0411\u0443\u0458\u0430\u043d\u043e\u0432\u0430\u0446 \u0438 \u041c\u0435\u0434\u0432\u0435\u0452a\"},\"image\":{\"@id\":\"https:\\\/\\\/kt.gov.rs\\\/#\\\/schema\\\/logo\\\/image\\\/\"},\"sameAs\":[\"https:\\\/\\\/www.facebook.com\\\/SluzbaKoordinacionogTelaVladeRepublikeSrbije\",\"https:\\\/\\\/x.com\\\/kt_gov\",\"https:\\\/\\\/www.youtube.com\\\/@koordinacionotelo\"]},{\"@type\":\"Person\",\"@id\":\"https:\\\/\\\/kt.gov.rs\\\/#\\\/schema\\\/person\\\/e426459ddb4173309103390602694571\",\"name\":\"ktmin\",\"image\":{\"@type\":\"ImageObject\",\"inLanguage\":\"sq-AL\",\"@id\":\"https:\\\/\\\/secure.gravatar.com\\\/avatar\\\/3985c961109853010c3fbc7ba30365bfba5db3dd6c525831d9c595c7525a615a?s=96&d=mm&r=g\",\"url\":\"https:\\\/\\\/secure.gravatar.com\\\/avatar\\\/3985c961109853010c3fbc7ba30365bfba5db3dd6c525831d9c595c7525a615a?s=96&d=mm&r=g\",\"contentUrl\":\"https:\\\/\\\/secure.gravatar.com\\\/avatar\\\/3985c961109853010c3fbc7ba30365bfba5db3dd6c525831d9c595c7525a615a?s=96&d=mm&r=g\",\"caption\":\"ktmin\"},\"sameAs\":[\"https:\\\/\\\/kt.gov.rs\"],\"url\":\"https:\\\/\\\/kt.gov.rs\\\/sq\\\/author\\\/ktmin\\\/\"}]}<\/script>\n<!-- \/ Yoast SEO plugin. -->","yoast_head_json":{"title":"AKSIONI P\u00cbR ND\u00cbRTIMIN E PJERRT\u00cbSIRAVE P\u00cbR PERSONAT ME AFT\u00cbSI T\u00cb KUFIZUARA N\u00cb BUJANOVC - Republika e S\u00ebrbis\u00eb Trupi Koordinues p\u00ebr komunat Bujanoc, Preshev\u00eb dhe Medvegj\u00eb","robots":{"index":"index","follow":"follow","max-snippet":"max-snippet:-1","max-image-preview":"max-image-preview:large","max-video-preview":"max-video-preview:-1"},"canonical":"https:\/\/kt.gov.rs\/sq\/aksioni-per-ndertimin-e-pjerrtesirave-per-personat-me-aftesi-te-kufizuara-ne-bujanovc\/","og_locale":"sq_AL","og_type":"article","og_title":"AKSIONI P\u00cbR ND\u00cbRTIMIN E PJERRT\u00cbSIRAVE P\u00cbR PERSONAT ME AFT\u00cbSI T\u00cb KUFIZUARA N\u00cb BUJANOVC - Republika e S\u00ebrbis\u00eb Trupi Koordinues p\u00ebr komunat Bujanoc, Preshev\u00eb dhe Medvegj\u00eb","og_description":"Kah fundi i n\u00ebntorit, 38 t\u00eb rinj\u00eb t\u00eb p\u00ebrfshir\u00eb n\u00eb projektin Youthbuild Srbija, filluan nd\u00ebrtimin e pjerrt\u00ebsirave p\u00ebr personat me aft\u00ebsi t\u00eb kufizuara n\u00eb hyrje t\u00eb Sht\u00ebpis\u00eb s\u00eb sh\u00ebendetit n\u00eb Bujanoc. Ky grup i t\u00eb rinjve\u00a0 vijon trajnimin 3 mujor n\u00eb kuad\u00ebr t\u00eb programit Youthbuild t\u00eb cilin e realizon Iniciativa Qztetare n\u00eb komun\u00ebn e Preshev\u00ebs dhe Bujanoc\u00ebs.","og_url":"https:\/\/kt.gov.rs\/sq\/aksioni-per-ndertimin-e-pjerrtesirave-per-personat-me-aftesi-te-kufizuara-ne-bujanovc\/","og_site_name":"Republika e S\u00ebrbis\u00eb Trupi Koordinues p\u00ebr komunat Bujanoc, Preshev\u00eb dhe Medvegj\u00eb","article_publisher":"https:\/\/www.facebook.com\/SluzbaKoordinacionogTelaVladeRepublikeSrbije","article_published_time":"2011-12-20T00:00:00+00:00","article_modified_time":"2024-07-30T20:19:20+00:00","og_image":[{"width":265,"height":180,"url":"https:\/\/kt.gov.rs\/wp-content\/uploads\/2024\/07\/newspic605-5.jpg","type":"image\/jpeg"}],"author":"ktmin","twitter_card":"summary_large_image","twitter_creator":"@kt_gov","twitter_site":"@kt_gov","twitter_misc":{"Written by":"ktmin","Est. reading time":"2 minutes"},"schema":{"@context":"https:\/\/schema.org","@graph":[{"@type":"Article","@id":"https:\/\/kt.gov.rs\/sq\/aksioni-per-ndertimin-e-pjerrtesirave-per-personat-me-aftesi-te-kufizuara-ne-bujanovc\/#article","isPartOf":{"@id":"https:\/\/kt.gov.rs\/sq\/aksioni-per-ndertimin-e-pjerrtesirave-per-personat-me-aftesi-te-kufizuara-ne-bujanovc\/"},"author":{"name":"ktmin","@id":"https:\/\/kt.gov.rs\/#\/schema\/person\/e426459ddb4173309103390602694571"},"headline":"AKSIONI P\u00cbR ND\u00cbRTIMIN E PJERRT\u00cbSIRAVE P\u00cbR PERSONAT ME AFT\u00cbSI T\u00cb KUFIZUARA N\u00cb BUJANOVC","datePublished":"2011-12-20T00:00:00+00:00","dateModified":"2024-07-30T20:19:20+00:00","mainEntityOfPage":{"@id":"https:\/\/kt.gov.rs\/sq\/aksioni-per-ndertimin-e-pjerrtesirave-per-personat-me-aftesi-te-kufizuara-ne-bujanovc\/"},"wordCount":471,"publisher":{"@id":"https:\/\/kt.gov.rs\/#organization"},"image":{"@id":"https:\/\/kt.gov.rs\/sq\/aksioni-per-ndertimin-e-pjerrtesirave-per-personat-me-aftesi-te-kufizuara-ne-bujanovc\/#primaryimage"},"thumbnailUrl":"https:\/\/kt.gov.rs\/wp-content\/uploads\/2024\/07\/newspic605-5.jpg","articleSection":["Lajme"],"inLanguage":"sq-AL"},{"@type":"WebPage","@id":"https:\/\/kt.gov.rs\/sq\/aksioni-per-ndertimin-e-pjerrtesirave-per-personat-me-aftesi-te-kufizuara-ne-bujanovc\/","url":"https:\/\/kt.gov.rs\/sq\/aksioni-per-ndertimin-e-pjerrtesirave-per-personat-me-aftesi-te-kufizuara-ne-bujanovc\/","name":"AKSIONI P\u00cbR ND\u00cbRTIMIN E PJERRT\u00cbSIRAVE P\u00cbR PERSONAT ME AFT\u00cbSI T\u00cb KUFIZUARA N\u00cb BUJANOVC - Republika e S\u00ebrbis\u00eb Trupi Koordinues p\u00ebr komunat Bujanoc, Preshev\u00eb dhe Medvegj\u00eb","isPartOf":{"@id":"https:\/\/kt.gov.rs\/#website"},"primaryImageOfPage":{"@id":"https:\/\/kt.gov.rs\/sq\/aksioni-per-ndertimin-e-pjerrtesirave-per-personat-me-aftesi-te-kufizuara-ne-bujanovc\/#primaryimage"},"image":{"@id":"https:\/\/kt.gov.rs\/sq\/aksioni-per-ndertimin-e-pjerrtesirave-per-personat-me-aftesi-te-kufizuara-ne-bujanovc\/#primaryimage"},"thumbnailUrl":"https:\/\/kt.gov.rs\/wp-content\/uploads\/2024\/07\/newspic605-5.jpg","datePublished":"2011-12-20T00:00:00+00:00","dateModified":"2024-07-30T20:19:20+00:00","breadcrumb":{"@id":"https:\/\/kt.gov.rs\/sq\/aksioni-per-ndertimin-e-pjerrtesirave-per-personat-me-aftesi-te-kufizuara-ne-bujanovc\/#breadcrumb"},"inLanguage":"sq-AL","potentialAction":[{"@type":"ReadAction","target":["https:\/\/kt.gov.rs\/sq\/aksioni-per-ndertimin-e-pjerrtesirave-per-personat-me-aftesi-te-kufizuara-ne-bujanovc\/"]}]},{"@type":"ImageObject","inLanguage":"sq-AL","@id":"https:\/\/kt.gov.rs\/sq\/aksioni-per-ndertimin-e-pjerrtesirave-per-personat-me-aftesi-te-kufizuara-ne-bujanovc\/#primaryimage","url":"https:\/\/kt.gov.rs\/wp-content\/uploads\/2024\/07\/newspic605-5.jpg","contentUrl":"https:\/\/kt.gov.rs\/wp-content\/uploads\/2024\/07\/newspic605-5.jpg","width":265,"height":180},{"@type":"BreadcrumbList","@id":"https:\/\/kt.gov.rs\/sq\/aksioni-per-ndertimin-e-pjerrtesirave-per-personat-me-aftesi-te-kufizuara-ne-bujanovc\/#breadcrumb","itemListElement":[{"@type":"ListItem","position":1,"name":"\u041f\u043e\u0447\u0435\u0442\u043d\u0430","item":"https:\/\/kt.gov.rs\/sq\/"},{"@type":"ListItem","position":2,"name":"AKSIONI P\u00cbR ND\u00cbRTIMIN E PJERRT\u00cbSIRAVE P\u00cbR PERSONAT ME AFT\u00cbSI T\u00cb KUFIZUARA N\u00cb BUJANOVC"}]},{"@type":"WebSite","@id":"https:\/\/kt.gov.rs\/#website","url":"https:\/\/kt.gov.rs\/","name":"\u041a\u043e\u043e\u0440\u0434\u0438\u043d\u0430\u0446\u0438\u043e\u043d\u043e \u0442\u0435\u043b\u043e \u0412\u043b\u0430\u0434\u0435 \u0420\u0435\u043f\u0443\u0431\u043b\u0438\u043a\u0435 \u0421\u0440\u0431\u0438\u0458\u0435 \u0437\u0430 \u043e\u043f\u0448\u0442\u0438\u043d\u0435 \u041f\u0440\u0435\u0448\u0435\u0432\u043e, \u0411\u0443\u0458\u0430\u043d\u043e\u0432\u0430\u0446 \u0438 \u041c\u0435\u0434\u0432\u0435\u0452a","description":"","publisher":{"@id":"https:\/\/kt.gov.rs\/#organization"},"alternateName":"\u041a\u043e\u043e\u0440\u0434\u0438\u043d\u0430\u0446\u0438\u043e\u043d\u043e \u0442\u0435\u043b\u043e","potentialAction":[{"@type":"SearchAction","target":{"@type":"EntryPoint","urlTemplate":"https:\/\/kt.gov.rs\/?s={search_term_string}"},"query-input":{"@type":"PropertyValueSpecification","valueRequired":true,"valueName":"search_term_string"}}],"inLanguage":"sq-AL"},{"@type":"Organization","@id":"https:\/\/kt.gov.rs\/#organization","name":"\u041a\u043e\u043e\u0440\u0434\u0438\u043d\u0430\u0446\u0438\u043e\u043d\u043e \u0442\u0435\u043b\u043e \u0412\u043b\u0430\u0434\u0435 \u0420\u0435\u043f\u0443\u0431\u043b\u0438\u043a\u0435 \u0421\u0440\u0431\u0438\u0458\u0435 \u0437\u0430 \u043e\u043f\u0448\u0442\u0438\u043d\u0435 \u041f\u0440\u0435\u0448\u0435\u0432\u043e, \u0411\u0443\u0458\u0430\u043d\u043e\u0432\u0430\u0446 \u0438 \u041c\u0435\u0434\u0432\u0435\u0452a","alternateName":"\u041a\u043e\u043e\u0440\u0434\u0438\u043d\u0430\u0446\u0438\u043e\u043d\u043e \u0442\u0435\u043b\u043e","url":"https:\/\/kt.gov.rs\/","logo":{"@type":"ImageObject","inLanguage":"sq-AL","@id":"https:\/\/kt.gov.rs\/#\/schema\/logo\/image\/","url":"https:\/\/kt.gov.rs\/wp-content\/uploads\/2024\/12\/koord2.jpg","contentUrl":"https:\/\/kt.gov.rs\/wp-content\/uploads\/2024\/12\/koord2.jpg","width":640,"height":480,"caption":"\u041a\u043e\u043e\u0440\u0434\u0438\u043d\u0430\u0446\u0438\u043e\u043d\u043e \u0442\u0435\u043b\u043e \u0412\u043b\u0430\u0434\u0435 \u0420\u0435\u043f\u0443\u0431\u043b\u0438\u043a\u0435 \u0421\u0440\u0431\u0438\u0458\u0435 \u0437\u0430 \u043e\u043f\u0448\u0442\u0438\u043d\u0435 \u041f\u0440\u0435\u0448\u0435\u0432\u043e, \u0411\u0443\u0458\u0430\u043d\u043e\u0432\u0430\u0446 \u0438 \u041c\u0435\u0434\u0432\u0435\u0452a"},"image":{"@id":"https:\/\/kt.gov.rs\/#\/schema\/logo\/image\/"},"sameAs":["https:\/\/www.facebook.com\/SluzbaKoordinacionogTelaVladeRepublikeSrbije","https:\/\/x.com\/kt_gov","https:\/\/www.youtube.com\/@koordinacionotelo"]},{"@type":"Person","@id":"https:\/\/kt.gov.rs\/#\/schema\/person\/e426459ddb4173309103390602694571","name":"ktmin","image":{"@type":"ImageObject","inLanguage":"sq-AL","@id":"https:\/\/secure.gravatar.com\/avatar\/3985c961109853010c3fbc7ba30365bfba5db3dd6c525831d9c595c7525a615a?s=96&d=mm&r=g","url":"https:\/\/secure.gravatar.com\/avatar\/3985c961109853010c3fbc7ba30365bfba5db3dd6c525831d9c595c7525a615a?s=96&d=mm&r=g","contentUrl":"https:\/\/secure.gravatar.com\/avatar\/3985c961109853010c3fbc7ba30365bfba5db3dd6c525831d9c595c7525a615a?s=96&d=mm&r=g","caption":"ktmin"},"sameAs":["https:\/\/kt.gov.rs"],"url":"https:\/\/kt.gov.rs\/sq\/author\/ktmin\/"}]}},"_links":{"self":[{"href":"https:\/\/kt.gov.rs\/sq\/wp-json\/wp\/v2\/posts\/142042","targetHints":{"allow":["GET"]}}],"collection":[{"href":"https:\/\/kt.gov.rs\/sq\/wp-json\/wp\/v2\/posts"}],"about":[{"href":"https:\/\/kt.gov.rs\/sq\/wp-json\/wp\/v2\/types\/post"}],"author":[{"embeddable":true,"href":"https:\/\/kt.gov.rs\/sq\/wp-json\/wp\/v2\/users\/1"}],"replies":[{"embeddable":true,"href":"https:\/\/kt.gov.rs\/sq\/wp-json\/wp\/v2\/comments?post=142042"}],"version-history":[{"count":1,"href":"https:\/\/kt.gov.rs\/sq\/wp-json\/wp\/v2\/posts\/142042\/revisions"}],"predecessor-version":[{"id":142049,"href":"https:\/\/kt.gov.rs\/sq\/wp-json\/wp\/v2\/posts\/142042\/revisions\/142049"}],"wp:featuredmedia":[{"embeddable":true,"href":"https:\/\/kt.gov.rs\/sq\/wp-json\/wp\/v2\/media\/142050"}],"wp:attachment":[{"href":"https:\/\/kt.gov.rs\/sq\/wp-json\/wp\/v2\/media?parent=142042"}],"wp:term":[{"taxonomy":"category","embeddable":true,"href":"https:\/\/kt.gov.rs\/sq\/wp-json\/wp\/v2\/categories?post=142042"},{"taxonomy":"post_tag","embeddable":true,"href":"https:\/\/kt.gov.rs\/sq\/wp-json\/wp\/v2\/tags?post=142042"}],"curies":[{"name":"wp","href":"https:\/\/api.w.org\/{rel}","templated":true}]}}