{"id":142030,"date":"2011-12-27T00:00:00","date_gmt":"2011-12-27T00:00:00","guid":{"rendered":"http:\/\/kt.printandscreen.rs\/si-nxenesit-kalojn-oqeanin-e-paragjykimeve\/"},"modified":"2011-12-27T00:00:00","modified_gmt":"2011-12-27T00:00:00","slug":"si-nxenesit-kalojn-oqeanin-e-paragjykimeve","status":"publish","type":"post","link":"https:\/\/kt.gov.rs\/sq\/si-nxenesit-kalojn-oqeanin-e-paragjykimeve\/","title":{"rendered":"SI NX\u00cbN\u00cbSIT KALOJN OQEANIN E PARAGJYKIMEVE"},"content":{"rendered":"<p>Nx\u00ebn\u00ebsit e shkollave t\u00eb mesme t\u00eb Shabacit, Lloznic\u00ebs, Valev\u00ebs, Preshev\u00ebs dhe Bujanocit do t\u00eb q\u00ebndrojn n\u00eb Amerik, nd\u00ebrsa m\u00eb von edhe nx\u00ebn\u00ebsit nga Amerika do t\u00eb vijn n\u00eb\u00a0 S\u00ebrbi.<\/p>\n<p>Gjura Jevtiq, gjimnaziste nga Valeva, vitin e kaluar ka q\u00ebndruar 4 jav n\u00eb Amerik\u00eb, nd\u00ebrsa m\u00eb pastaj Ebi Kern, gjasht\u00ebmb\u00ebdhjet vjeqarja nga Kensasi , ka arritur n\u00eb S\u00ebrbi.<\/p>\n<p>Gjura dhe Ebi kan qen pjes e programit t\u00eb par p\u00ebr lider t\u00eb rinj\u00eb nga Europa q\u00ebndrore t\u00eb cil\u00ebn e finanson zyrja p\u00ebr arsim dhe kultur e Stejt departamentit, n\u00eb suaza t\u00eb t\u00eb s\u00eb cil\u00ebs edhe k\u00ebt\u00eb vit m\u00eb shum se 60\u00a0 t\u00eb rinj\u00eb nga S\u00ebrbia, Sllovenia, Hungaria, dhe Sllovakia do t\u00eb q\u00ebndrojn n\u00eb Amerik.<\/p>\n<p>\u201c P\u00ebrgjat q\u00ebndrimit n\u00eb SHBA, edhe m\u00eb tej, kur nx\u00ebn\u00ebsit nga Amerika kan ardhur n\u00eb S\u00ebrbi, jan thyer paragjikimet\u00a0 e shumta t\u00eb cil\u00ebt i kemi pasur ndaj nj\u00ebri tjetrit, e m\u00eb s\u00eb shumti paragjzkimet q\u00eb i kemi pasur ndaj shqiptarve, sepse ne grup kishim edhe nx\u00ebn\u00ebs nga Presheva dhe Bujanoci\u201d, deklaroi Gjura Jevtiq nga gjimnazi i valev\u00ebs.<\/p>\n<p>Jasmina Llazoviq, koordinatore e projektit nga Iniciativa e t\u00eb rinjve p\u00ebr t\u00eb drejtat e njeriut, shpjegon q\u00eb pjesmarrsit t\u00eb cil\u00ebt i p\u00ebrmbushin kushtet mun t\u00eb lajmrohen n\u00eb <a href=\"mailto:apply@yihr.org\">apply@yihr.org<\/a> deri m\u00eb 13 janar.<\/p>\n<p>\u201cProgramin organizon Iniciativa e t\u00eb rinjve p\u00ebr t\u00eb drejtat e njeriut, me ndihm\u00ebn e ambasad\u00ebs Amerik\u00ebs n\u00eb S\u00ebrbi dhe qendr\u00ebs nd\u00ebrkombtare \u201cMeridian\u201d nga Amerika.Pjesmarrsit duhet t\u00eb jen nx\u00ebn\u00ebs t\u00eb klas\u00ebs s\u00eb dyt ose t\u00eb tret t\u00eb shkoll\u00ebs s\u00eb mesme, n\u00eb m\u00ebnyr q\u00eb me kthimin e tyre mund t\u00eb implementojn programin e k\u00ebtij projekti n\u00eb S\u00ebrbi, projekt ky q\u00eb b\u00ebhet n\u00eb Amerik.Do t\u00eb thot, nuk \u00ebsht\u00eb q\u00ebllim jon t\u00eb shkojn nx\u00ebn\u00ebsit m\u00eb t\u00eb mir, por ataq\u00eb kan ide dhe dituri rrethzgjidhjeve te problemeve n\u00eb vendet ku ata jetojn\u201d, deklaroi Jasmina.T\u00eb drejt kan pjesmarrsit nga qendrat jouniverzitare siq \u00ebsht\u00eb Shabaci, Lloznica, Valeva,Presheva dhe Bujanoci.<\/p>\n<p>\u201cPrej pjesmarrsve presim q\u00eb t\u00eb ken d\u00ebshir dhe vullnet t\u00eb b\u00ebjn\u00eb ndryshime n\u00eb t\u00eb mir n\u00eb vendet ku jetojn dhe inspirojn t\u00eb rinj\u00ebt tjer t\u00eb b\u00ebjn\u00eb t\u00eb njejt\u00ebn, t\u00eb jen t\u00eb interesuar rreth politik\u00ebs nd\u00ebrkombtare,t\u00eb ken d\u00ebshir t\u00eb njoftojn njer\u00ebz t\u00eb rinj dhe t\u00eb shk\u00ebmbejn diturit dhe eksperiencat me t\u00eb rinj\u00ebt e kulturave tjera. Ata do t\u00eb vizitojn Vashingtonin, Cikagon, e poashtu edhe nj\u00eb nga qytetet e Karolin\u00ebs veriut, dhe Vermontit.Pas k\u00ebsaj, 16 t\u00eb rinj nga SHBA-t\u00eb n\u00eb gusht do t\u00eb q\u00ebndrojn n\u00eb S\u00ebrbi dhe Hungari, nd\u00ebrsa program do t\u00eb p\u00ebrfundoj me seminarin n\u00eb Beograd p\u00ebr pjesmarrsit e t\u00eb gjitha vendeve\u201d, shtoi Llazoviq.<\/p>\n","protected":false},"excerpt":{"rendered":"<p>Nx\u00ebn\u00ebsit e shkollave t\u00eb mesme t\u00eb Shabacit, Lloznic\u00ebs, Valev\u00ebs, Preshev\u00ebs dhe Bujanocit do t\u00eb q\u00ebndrojn n\u00eb Amerik, nd\u00ebrsa m\u00eb von edhe nx\u00ebn\u00ebsit nga Amerika do t\u00eb vijn n\u00eb\u00a0 S\u00ebrbi.<\/p>\n","protected":false},"author":1,"featured_media":0,"comment_status":"closed","ping_status":"closed","sticky":false,"template":"","format":"standard","meta":{"footnotes":""},"categories":[55],"tags":[],"class_list":["post-142030","post","type-post","status-publish","format-standard","hentry","category-lajme"],"yoast_head":"<!-- This site is optimized with the Yoast SEO plugin v27.5 - https:\/\/yoast.com\/product\/yoast-seo-wordpress\/ -->\n<title>SI NX\u00cbN\u00cbSIT KALOJN OQEANIN E PARAGJYKIMEVE - Republika e S\u00ebrbis\u00eb Trupi Koordinues p\u00ebr komunat Bujanoc, Preshev\u00eb dhe Medvegj\u00eb<\/title>\n<meta name=\"robots\" content=\"index, follow, max-snippet:-1, max-image-preview:large, max-video-preview:-1\" \/>\n<link rel=\"canonical\" href=\"https:\/\/kt.gov.rs\/sq\/si-nxenesit-kalojn-oqeanin-e-paragjykimeve\/\" \/>\n<meta property=\"og:locale\" content=\"sq_AL\" \/>\n<meta property=\"og:type\" content=\"article\" \/>\n<meta property=\"og:title\" content=\"SI NX\u00cbN\u00cbSIT KALOJN OQEANIN E PARAGJYKIMEVE - Republika e S\u00ebrbis\u00eb Trupi Koordinues p\u00ebr komunat Bujanoc, Preshev\u00eb dhe Medvegj\u00eb\" \/>\n<meta property=\"og:description\" content=\"Nx\u00ebn\u00ebsit e shkollave t\u00eb mesme t\u00eb Shabacit, Lloznic\u00ebs, Valev\u00ebs, Preshev\u00ebs dhe Bujanocit do t\u00eb q\u00ebndrojn n\u00eb Amerik, nd\u00ebrsa m\u00eb von edhe nx\u00ebn\u00ebsit nga Amerika do t\u00eb vijn n\u00eb\u00a0 S\u00ebrbi.\" \/>\n<meta property=\"og:url\" content=\"https:\/\/kt.gov.rs\/sq\/si-nxenesit-kalojn-oqeanin-e-paragjykimeve\/\" \/>\n<meta property=\"og:site_name\" content=\"Republika e S\u00ebrbis\u00eb Trupi Koordinues p\u00ebr komunat Bujanoc, Preshev\u00eb dhe Medvegj\u00eb\" \/>\n<meta property=\"article:publisher\" content=\"https:\/\/www.facebook.com\/SluzbaKoordinacionogTelaVladeRepublikeSrbije\" \/>\n<meta property=\"article:published_time\" content=\"2011-12-27T00:00:00+00:00\" \/>\n<meta name=\"author\" content=\"ktmin\" \/>\n<meta name=\"twitter:card\" content=\"summary_large_image\" \/>\n<meta name=\"twitter:creator\" content=\"@kt_gov\" \/>\n<meta name=\"twitter:site\" content=\"@kt_gov\" \/>\n<meta name=\"twitter:label1\" content=\"Written by\" \/>\n\t<meta name=\"twitter:data1\" content=\"ktmin\" \/>\n\t<meta name=\"twitter:label2\" content=\"Est. reading time\" \/>\n\t<meta name=\"twitter:data2\" content=\"2 minutes\" \/>\n<script type=\"application\/ld+json\" class=\"yoast-schema-graph\">{\"@context\":\"https:\\\/\\\/schema.org\",\"@graph\":[{\"@type\":\"Article\",\"@id\":\"https:\\\/\\\/kt.gov.rs\\\/sq\\\/si-nxenesit-kalojn-oqeanin-e-paragjykimeve\\\/#article\",\"isPartOf\":{\"@id\":\"https:\\\/\\\/kt.gov.rs\\\/sq\\\/si-nxenesit-kalojn-oqeanin-e-paragjykimeve\\\/\"},\"author\":{\"name\":\"ktmin\",\"@id\":\"https:\\\/\\\/kt.gov.rs\\\/#\\\/schema\\\/person\\\/e426459ddb4173309103390602694571\"},\"headline\":\"SI NX\u00cbN\u00cbSIT KALOJN OQEANIN E PARAGJYKIMEVE\",\"datePublished\":\"2011-12-27T00:00:00+00:00\",\"mainEntityOfPage\":{\"@id\":\"https:\\\/\\\/kt.gov.rs\\\/sq\\\/si-nxenesit-kalojn-oqeanin-e-paragjykimeve\\\/\"},\"wordCount\":499,\"publisher\":{\"@id\":\"https:\\\/\\\/kt.gov.rs\\\/#organization\"},\"articleSection\":[\"Lajme\"],\"inLanguage\":\"sq-AL\"},{\"@type\":\"WebPage\",\"@id\":\"https:\\\/\\\/kt.gov.rs\\\/sq\\\/si-nxenesit-kalojn-oqeanin-e-paragjykimeve\\\/\",\"url\":\"https:\\\/\\\/kt.gov.rs\\\/sq\\\/si-nxenesit-kalojn-oqeanin-e-paragjykimeve\\\/\",\"name\":\"SI NX\u00cbN\u00cbSIT KALOJN OQEANIN E PARAGJYKIMEVE - Republika e S\u00ebrbis\u00eb Trupi Koordinues p\u00ebr komunat Bujanoc, Preshev\u00eb dhe Medvegj\u00eb\",\"isPartOf\":{\"@id\":\"https:\\\/\\\/kt.gov.rs\\\/#website\"},\"datePublished\":\"2011-12-27T00:00:00+00:00\",\"breadcrumb\":{\"@id\":\"https:\\\/\\\/kt.gov.rs\\\/sq\\\/si-nxenesit-kalojn-oqeanin-e-paragjykimeve\\\/#breadcrumb\"},\"inLanguage\":\"sq-AL\",\"potentialAction\":[{\"@type\":\"ReadAction\",\"target\":[\"https:\\\/\\\/kt.gov.rs\\\/sq\\\/si-nxenesit-kalojn-oqeanin-e-paragjykimeve\\\/\"]}]},{\"@type\":\"BreadcrumbList\",\"@id\":\"https:\\\/\\\/kt.gov.rs\\\/sq\\\/si-nxenesit-kalojn-oqeanin-e-paragjykimeve\\\/#breadcrumb\",\"itemListElement\":[{\"@type\":\"ListItem\",\"position\":1,\"name\":\"\u041f\u043e\u0447\u0435\u0442\u043d\u0430\",\"item\":\"https:\\\/\\\/kt.gov.rs\\\/sq\\\/\"},{\"@type\":\"ListItem\",\"position\":2,\"name\":\"SI NX\u00cbN\u00cbSIT KALOJN OQEANIN E PARAGJYKIMEVE\"}]},{\"@type\":\"WebSite\",\"@id\":\"https:\\\/\\\/kt.gov.rs\\\/#website\",\"url\":\"https:\\\/\\\/kt.gov.rs\\\/\",\"name\":\"\u041a\u043e\u043e\u0440\u0434\u0438\u043d\u0430\u0446\u0438\u043e\u043d\u043e \u0442\u0435\u043b\u043e \u0412\u043b\u0430\u0434\u0435 \u0420\u0435\u043f\u0443\u0431\u043b\u0438\u043a\u0435 \u0421\u0440\u0431\u0438\u0458\u0435 \u0437\u0430 \u043e\u043f\u0448\u0442\u0438\u043d\u0435 \u041f\u0440\u0435\u0448\u0435\u0432\u043e, \u0411\u0443\u0458\u0430\u043d\u043e\u0432\u0430\u0446 \u0438 \u041c\u0435\u0434\u0432\u0435\u0452a\",\"description\":\"\",\"publisher\":{\"@id\":\"https:\\\/\\\/kt.gov.rs\\\/#organization\"},\"alternateName\":\"\u041a\u043e\u043e\u0440\u0434\u0438\u043d\u0430\u0446\u0438\u043e\u043d\u043e \u0442\u0435\u043b\u043e\",\"potentialAction\":[{\"@type\":\"SearchAction\",\"target\":{\"@type\":\"EntryPoint\",\"urlTemplate\":\"https:\\\/\\\/kt.gov.rs\\\/?s={search_term_string}\"},\"query-input\":{\"@type\":\"PropertyValueSpecification\",\"valueRequired\":true,\"valueName\":\"search_term_string\"}}],\"inLanguage\":\"sq-AL\"},{\"@type\":\"Organization\",\"@id\":\"https:\\\/\\\/kt.gov.rs\\\/#organization\",\"name\":\"\u041a\u043e\u043e\u0440\u0434\u0438\u043d\u0430\u0446\u0438\u043e\u043d\u043e \u0442\u0435\u043b\u043e \u0412\u043b\u0430\u0434\u0435 \u0420\u0435\u043f\u0443\u0431\u043b\u0438\u043a\u0435 \u0421\u0440\u0431\u0438\u0458\u0435 \u0437\u0430 \u043e\u043f\u0448\u0442\u0438\u043d\u0435 \u041f\u0440\u0435\u0448\u0435\u0432\u043e, \u0411\u0443\u0458\u0430\u043d\u043e\u0432\u0430\u0446 \u0438 \u041c\u0435\u0434\u0432\u0435\u0452a\",\"alternateName\":\"\u041a\u043e\u043e\u0440\u0434\u0438\u043d\u0430\u0446\u0438\u043e\u043d\u043e \u0442\u0435\u043b\u043e\",\"url\":\"https:\\\/\\\/kt.gov.rs\\\/\",\"logo\":{\"@type\":\"ImageObject\",\"inLanguage\":\"sq-AL\",\"@id\":\"https:\\\/\\\/kt.gov.rs\\\/#\\\/schema\\\/logo\\\/image\\\/\",\"url\":\"https:\\\/\\\/kt.gov.rs\\\/wp-content\\\/uploads\\\/2024\\\/12\\\/koord2.jpg\",\"contentUrl\":\"https:\\\/\\\/kt.gov.rs\\\/wp-content\\\/uploads\\\/2024\\\/12\\\/koord2.jpg\",\"width\":640,\"height\":480,\"caption\":\"\u041a\u043e\u043e\u0440\u0434\u0438\u043d\u0430\u0446\u0438\u043e\u043d\u043e \u0442\u0435\u043b\u043e \u0412\u043b\u0430\u0434\u0435 \u0420\u0435\u043f\u0443\u0431\u043b\u0438\u043a\u0435 \u0421\u0440\u0431\u0438\u0458\u0435 \u0437\u0430 \u043e\u043f\u0448\u0442\u0438\u043d\u0435 \u041f\u0440\u0435\u0448\u0435\u0432\u043e, \u0411\u0443\u0458\u0430\u043d\u043e\u0432\u0430\u0446 \u0438 \u041c\u0435\u0434\u0432\u0435\u0452a\"},\"image\":{\"@id\":\"https:\\\/\\\/kt.gov.rs\\\/#\\\/schema\\\/logo\\\/image\\\/\"},\"sameAs\":[\"https:\\\/\\\/www.facebook.com\\\/SluzbaKoordinacionogTelaVladeRepublikeSrbije\",\"https:\\\/\\\/x.com\\\/kt_gov\",\"https:\\\/\\\/www.youtube.com\\\/@koordinacionotelo\"]},{\"@type\":\"Person\",\"@id\":\"https:\\\/\\\/kt.gov.rs\\\/#\\\/schema\\\/person\\\/e426459ddb4173309103390602694571\",\"name\":\"ktmin\",\"image\":{\"@type\":\"ImageObject\",\"inLanguage\":\"sq-AL\",\"@id\":\"https:\\\/\\\/secure.gravatar.com\\\/avatar\\\/3985c961109853010c3fbc7ba30365bfba5db3dd6c525831d9c595c7525a615a?s=96&d=mm&r=g\",\"url\":\"https:\\\/\\\/secure.gravatar.com\\\/avatar\\\/3985c961109853010c3fbc7ba30365bfba5db3dd6c525831d9c595c7525a615a?s=96&d=mm&r=g\",\"contentUrl\":\"https:\\\/\\\/secure.gravatar.com\\\/avatar\\\/3985c961109853010c3fbc7ba30365bfba5db3dd6c525831d9c595c7525a615a?s=96&d=mm&r=g\",\"caption\":\"ktmin\"},\"sameAs\":[\"https:\\\/\\\/kt.gov.rs\"],\"url\":\"https:\\\/\\\/kt.gov.rs\\\/sq\\\/author\\\/ktmin\\\/\"}]}<\/script>\n<!-- \/ Yoast SEO plugin. -->","yoast_head_json":{"title":"SI NX\u00cbN\u00cbSIT KALOJN OQEANIN E PARAGJYKIMEVE - Republika e S\u00ebrbis\u00eb Trupi Koordinues p\u00ebr komunat Bujanoc, Preshev\u00eb dhe Medvegj\u00eb","robots":{"index":"index","follow":"follow","max-snippet":"max-snippet:-1","max-image-preview":"max-image-preview:large","max-video-preview":"max-video-preview:-1"},"canonical":"https:\/\/kt.gov.rs\/sq\/si-nxenesit-kalojn-oqeanin-e-paragjykimeve\/","og_locale":"sq_AL","og_type":"article","og_title":"SI NX\u00cbN\u00cbSIT KALOJN OQEANIN E PARAGJYKIMEVE - Republika e S\u00ebrbis\u00eb Trupi Koordinues p\u00ebr komunat Bujanoc, Preshev\u00eb dhe Medvegj\u00eb","og_description":"Nx\u00ebn\u00ebsit e shkollave t\u00eb mesme t\u00eb Shabacit, Lloznic\u00ebs, Valev\u00ebs, Preshev\u00ebs dhe Bujanocit do t\u00eb q\u00ebndrojn n\u00eb Amerik, nd\u00ebrsa m\u00eb von edhe nx\u00ebn\u00ebsit nga Amerika do t\u00eb vijn n\u00eb\u00a0 S\u00ebrbi.","og_url":"https:\/\/kt.gov.rs\/sq\/si-nxenesit-kalojn-oqeanin-e-paragjykimeve\/","og_site_name":"Republika e S\u00ebrbis\u00eb Trupi Koordinues p\u00ebr komunat Bujanoc, Preshev\u00eb dhe Medvegj\u00eb","article_publisher":"https:\/\/www.facebook.com\/SluzbaKoordinacionogTelaVladeRepublikeSrbije","article_published_time":"2011-12-27T00:00:00+00:00","author":"ktmin","twitter_card":"summary_large_image","twitter_creator":"@kt_gov","twitter_site":"@kt_gov","twitter_misc":{"Written by":"ktmin","Est. reading time":"2 minutes"},"schema":{"@context":"https:\/\/schema.org","@graph":[{"@type":"Article","@id":"https:\/\/kt.gov.rs\/sq\/si-nxenesit-kalojn-oqeanin-e-paragjykimeve\/#article","isPartOf":{"@id":"https:\/\/kt.gov.rs\/sq\/si-nxenesit-kalojn-oqeanin-e-paragjykimeve\/"},"author":{"name":"ktmin","@id":"https:\/\/kt.gov.rs\/#\/schema\/person\/e426459ddb4173309103390602694571"},"headline":"SI NX\u00cbN\u00cbSIT KALOJN OQEANIN E PARAGJYKIMEVE","datePublished":"2011-12-27T00:00:00+00:00","mainEntityOfPage":{"@id":"https:\/\/kt.gov.rs\/sq\/si-nxenesit-kalojn-oqeanin-e-paragjykimeve\/"},"wordCount":499,"publisher":{"@id":"https:\/\/kt.gov.rs\/#organization"},"articleSection":["Lajme"],"inLanguage":"sq-AL"},{"@type":"WebPage","@id":"https:\/\/kt.gov.rs\/sq\/si-nxenesit-kalojn-oqeanin-e-paragjykimeve\/","url":"https:\/\/kt.gov.rs\/sq\/si-nxenesit-kalojn-oqeanin-e-paragjykimeve\/","name":"SI NX\u00cbN\u00cbSIT KALOJN OQEANIN E PARAGJYKIMEVE - Republika e S\u00ebrbis\u00eb Trupi Koordinues p\u00ebr komunat Bujanoc, Preshev\u00eb dhe Medvegj\u00eb","isPartOf":{"@id":"https:\/\/kt.gov.rs\/#website"},"datePublished":"2011-12-27T00:00:00+00:00","breadcrumb":{"@id":"https:\/\/kt.gov.rs\/sq\/si-nxenesit-kalojn-oqeanin-e-paragjykimeve\/#breadcrumb"},"inLanguage":"sq-AL","potentialAction":[{"@type":"ReadAction","target":["https:\/\/kt.gov.rs\/sq\/si-nxenesit-kalojn-oqeanin-e-paragjykimeve\/"]}]},{"@type":"BreadcrumbList","@id":"https:\/\/kt.gov.rs\/sq\/si-nxenesit-kalojn-oqeanin-e-paragjykimeve\/#breadcrumb","itemListElement":[{"@type":"ListItem","position":1,"name":"\u041f\u043e\u0447\u0435\u0442\u043d\u0430","item":"https:\/\/kt.gov.rs\/sq\/"},{"@type":"ListItem","position":2,"name":"SI NX\u00cbN\u00cbSIT KALOJN OQEANIN E PARAGJYKIMEVE"}]},{"@type":"WebSite","@id":"https:\/\/kt.gov.rs\/#website","url":"https:\/\/kt.gov.rs\/","name":"\u041a\u043e\u043e\u0440\u0434\u0438\u043d\u0430\u0446\u0438\u043e\u043d\u043e \u0442\u0435\u043b\u043e \u0412\u043b\u0430\u0434\u0435 \u0420\u0435\u043f\u0443\u0431\u043b\u0438\u043a\u0435 \u0421\u0440\u0431\u0438\u0458\u0435 \u0437\u0430 \u043e\u043f\u0448\u0442\u0438\u043d\u0435 \u041f\u0440\u0435\u0448\u0435\u0432\u043e, \u0411\u0443\u0458\u0430\u043d\u043e\u0432\u0430\u0446 \u0438 \u041c\u0435\u0434\u0432\u0435\u0452a","description":"","publisher":{"@id":"https:\/\/kt.gov.rs\/#organization"},"alternateName":"\u041a\u043e\u043e\u0440\u0434\u0438\u043d\u0430\u0446\u0438\u043e\u043d\u043e \u0442\u0435\u043b\u043e","potentialAction":[{"@type":"SearchAction","target":{"@type":"EntryPoint","urlTemplate":"https:\/\/kt.gov.rs\/?s={search_term_string}"},"query-input":{"@type":"PropertyValueSpecification","valueRequired":true,"valueName":"search_term_string"}}],"inLanguage":"sq-AL"},{"@type":"Organization","@id":"https:\/\/kt.gov.rs\/#organization","name":"\u041a\u043e\u043e\u0440\u0434\u0438\u043d\u0430\u0446\u0438\u043e\u043d\u043e \u0442\u0435\u043b\u043e \u0412\u043b\u0430\u0434\u0435 \u0420\u0435\u043f\u0443\u0431\u043b\u0438\u043a\u0435 \u0421\u0440\u0431\u0438\u0458\u0435 \u0437\u0430 \u043e\u043f\u0448\u0442\u0438\u043d\u0435 \u041f\u0440\u0435\u0448\u0435\u0432\u043e, \u0411\u0443\u0458\u0430\u043d\u043e\u0432\u0430\u0446 \u0438 \u041c\u0435\u0434\u0432\u0435\u0452a","alternateName":"\u041a\u043e\u043e\u0440\u0434\u0438\u043d\u0430\u0446\u0438\u043e\u043d\u043e \u0442\u0435\u043b\u043e","url":"https:\/\/kt.gov.rs\/","logo":{"@type":"ImageObject","inLanguage":"sq-AL","@id":"https:\/\/kt.gov.rs\/#\/schema\/logo\/image\/","url":"https:\/\/kt.gov.rs\/wp-content\/uploads\/2024\/12\/koord2.jpg","contentUrl":"https:\/\/kt.gov.rs\/wp-content\/uploads\/2024\/12\/koord2.jpg","width":640,"height":480,"caption":"\u041a\u043e\u043e\u0440\u0434\u0438\u043d\u0430\u0446\u0438\u043e\u043d\u043e \u0442\u0435\u043b\u043e \u0412\u043b\u0430\u0434\u0435 \u0420\u0435\u043f\u0443\u0431\u043b\u0438\u043a\u0435 \u0421\u0440\u0431\u0438\u0458\u0435 \u0437\u0430 \u043e\u043f\u0448\u0442\u0438\u043d\u0435 \u041f\u0440\u0435\u0448\u0435\u0432\u043e, \u0411\u0443\u0458\u0430\u043d\u043e\u0432\u0430\u0446 \u0438 \u041c\u0435\u0434\u0432\u0435\u0452a"},"image":{"@id":"https:\/\/kt.gov.rs\/#\/schema\/logo\/image\/"},"sameAs":["https:\/\/www.facebook.com\/SluzbaKoordinacionogTelaVladeRepublikeSrbije","https:\/\/x.com\/kt_gov","https:\/\/www.youtube.com\/@koordinacionotelo"]},{"@type":"Person","@id":"https:\/\/kt.gov.rs\/#\/schema\/person\/e426459ddb4173309103390602694571","name":"ktmin","image":{"@type":"ImageObject","inLanguage":"sq-AL","@id":"https:\/\/secure.gravatar.com\/avatar\/3985c961109853010c3fbc7ba30365bfba5db3dd6c525831d9c595c7525a615a?s=96&d=mm&r=g","url":"https:\/\/secure.gravatar.com\/avatar\/3985c961109853010c3fbc7ba30365bfba5db3dd6c525831d9c595c7525a615a?s=96&d=mm&r=g","contentUrl":"https:\/\/secure.gravatar.com\/avatar\/3985c961109853010c3fbc7ba30365bfba5db3dd6c525831d9c595c7525a615a?s=96&d=mm&r=g","caption":"ktmin"},"sameAs":["https:\/\/kt.gov.rs"],"url":"https:\/\/kt.gov.rs\/sq\/author\/ktmin\/"}]}},"_links":{"self":[{"href":"https:\/\/kt.gov.rs\/sq\/wp-json\/wp\/v2\/posts\/142030","targetHints":{"allow":["GET"]}}],"collection":[{"href":"https:\/\/kt.gov.rs\/sq\/wp-json\/wp\/v2\/posts"}],"about":[{"href":"https:\/\/kt.gov.rs\/sq\/wp-json\/wp\/v2\/types\/post"}],"author":[{"embeddable":true,"href":"https:\/\/kt.gov.rs\/sq\/wp-json\/wp\/v2\/users\/1"}],"replies":[{"embeddable":true,"href":"https:\/\/kt.gov.rs\/sq\/wp-json\/wp\/v2\/comments?post=142030"}],"version-history":[{"count":0,"href":"https:\/\/kt.gov.rs\/sq\/wp-json\/wp\/v2\/posts\/142030\/revisions"}],"wp:attachment":[{"href":"https:\/\/kt.gov.rs\/sq\/wp-json\/wp\/v2\/media?parent=142030"}],"wp:term":[{"taxonomy":"category","embeddable":true,"href":"https:\/\/kt.gov.rs\/sq\/wp-json\/wp\/v2\/categories?post=142030"},{"taxonomy":"post_tag","embeddable":true,"href":"https:\/\/kt.gov.rs\/sq\/wp-json\/wp\/v2\/tags?post=142030"}],"curies":[{"name":"wp","href":"https:\/\/api.w.org\/{rel}","templated":true}]}}