{"id":142025,"date":"2012-01-18T00:00:00","date_gmt":"2012-01-18T00:00:00","guid":{"rendered":"http:\/\/kt.printandscreen.rs\/serbi-dhe-shqipetari-ndertuar-fabrike-te-ujit\/"},"modified":"2012-01-18T00:00:00","modified_gmt":"2012-01-18T00:00:00","slug":"serbi-dhe-shqipetari-ndertuar-fabrike-te-ujit","status":"publish","type":"post","link":"https:\/\/kt.gov.rs\/sq\/serbi-dhe-shqipetari-ndertuar-fabrike-te-ujit\/","title":{"rendered":"S\u00cbRBI DHE SHQIP\u00cbTARI ND\u00cbRTUAR FABRIK\u00cb T\u00cb UJIT"},"content":{"rendered":"<p>Bujanoc\u00a0 \u2013 Isuf Fetahu nga Bujanoci dhe Mom\u00e7ilo Janjiq nga fshati Lilanc, prej shum\u00eb viteve miq\u00ebsi, kan\u00eb nisur nj\u00eb pun\u00eb t\u00eb p\u00ebrbashk\u00ebt. N\u00eb fshatin t\u00eb banur me Serb n\u00eb Lilanc, i njohur p\u00ebr burime t\u00eb shumta t\u00eb ujit mineral, s\u00eb bashku kan\u00eb nd\u00ebrtuar nj\u00eb fabrik (prodhimtari) t\u00eb par\u00eb multietnike n\u00eb S\u00ebrbi \u201eHerba\u201c e cila u b\u00eb fuksionale n\u00eb mars t\u00eb vitit 2011.<\/p>\n<p>N\u00eb prodhimtarin e re n\u00eb Lilanc\u00eb, kat\u00ebr Serb i mbushin 5.500 shishe me uj\u00eb mineral prej nj\u00eb litre dhe gjasht\u00eb litra n\u00eb or\u00eb.\u00a0 Miq\u00ebt shum\u00eb kohor shesin ujin n\u00eb tregun i cili shtrihet prej Preshev\u00ebs deri n\u00eb Nish. N\u00eb rast t\u00eb marrjes nga fondi p\u00ebr zhvillim 800.000 euro p\u00ebr linj\u00ebn e furnizimit p\u00ebr mbushjen e eko-ujit, Fetahu dhe Janiqi planifikojn t\u00eb punsojn\u00eb edhe 26 Shqiptar, Serb dhe Rom\u00eb. P\u00ebr shkak q\u00eb n\u00eb kat\u00ebr raste p\u00ebr kredi jan\u00eb anuluar. Partner\u00ebt nga Bujanoci, p\u00ebrpiqn t\u00eb gjejn partner strategjik nga jasht\u00eb dhe k\u00ebshtu t\u00eb sigurohen parat\u00eb p\u00ebr investime.<\/p>\n<p>\u201cShum\u00eb koh\u00eb e njoh Janiqin dhe me besim t\u00eb madhe me entuziazem, pa menduar shum\u00eb, e vendos\u00ebm t\u00eb fillojm nj\u00eb pun\u00eb t\u00eb p\u00ebrbashk\u00ebt, pa mar\u00eb parasysh n\u00eb ato cka mendojn e flasin shqiptar\u00ebt dhe serb\u00ebt. P\u00ebrkat\u00ebsia etnike nuk ka asnj\u00eb kuptim n\u00eb pun\u00eb dhe ska r\u00ebnd\u00ebsi kush \u00ebsht\u00eb Mom\u00e7ilu, Isufi apo kush do tjet\u00ebr\u201d theksoi Fetahu.<\/p>\n<p>Prodhimtaria multietnike e ujit mineral \u201cHerba\u201d n\u00eb Lilanc t\u00eb Bujanocit, jo vet\u00ebm q\u00eb ndihmon n\u00eb zvillimin e k\u00ebtij fshati por edhe n\u00eb p\u00ebrmisimin e mardhenjeve nd\u00ebrmjet Shqiptarve dhe Serbve n\u00eb jug t\u00eb S\u00ebrbis.<\/p>\n","protected":false},"excerpt":{"rendered":"<p>Bujanoc\u00a0 \u2013 Isuf Fetahu nga Bujanoci dhe Mom\u00e7ilo Janjiq nga fshati  Lilanc, prej shum\u00eb viteve miq\u00ebsi, kan\u00eb nisur nj\u00eb pun\u00eb t\u00eb p\u00ebrbashk\u00ebt. N\u00eb  fshatin t\u00eb banur me Serb n\u00eb Lilanc, i njohur p\u00ebr burime t\u00eb shumta t\u00eb  ujit mineral, s\u00eb bashku kan\u00eb nd\u00ebrtuar nj\u00eb fabrik (prodhimtari) t\u00eb par\u00eb  multietnike n\u00eb S\u00ebrbi \u201eHerba\u201c e cila u b\u00eb fuksionale n\u00eb mars t\u00eb vitit  2011.<\/p>\n","protected":false},"author":1,"featured_media":0,"comment_status":"closed","ping_status":"closed","sticky":false,"template":"","format":"standard","meta":{"footnotes":""},"categories":[55],"tags":[],"class_list":["post-142025","post","type-post","status-publish","format-standard","hentry","category-lajme"],"yoast_head":"<!-- This site is optimized with the Yoast SEO plugin v27.5 - https:\/\/yoast.com\/product\/yoast-seo-wordpress\/ -->\n<title>S\u00cbRBI DHE SHQIP\u00cbTARI ND\u00cbRTUAR FABRIK\u00cb T\u00cb UJIT - Republika e S\u00ebrbis\u00eb Trupi Koordinues p\u00ebr komunat Bujanoc, Preshev\u00eb dhe Medvegj\u00eb<\/title>\n<meta name=\"robots\" content=\"index, follow, max-snippet:-1, max-image-preview:large, max-video-preview:-1\" \/>\n<link rel=\"canonical\" href=\"https:\/\/kt.gov.rs\/sq\/serbi-dhe-shqipetari-ndertuar-fabrike-te-ujit\/\" \/>\n<meta property=\"og:locale\" content=\"sq_AL\" \/>\n<meta property=\"og:type\" content=\"article\" \/>\n<meta property=\"og:title\" content=\"S\u00cbRBI DHE SHQIP\u00cbTARI ND\u00cbRTUAR FABRIK\u00cb T\u00cb UJIT - Republika e S\u00ebrbis\u00eb Trupi Koordinues p\u00ebr komunat Bujanoc, Preshev\u00eb dhe Medvegj\u00eb\" \/>\n<meta property=\"og:description\" content=\"Bujanoc\u00a0 - Isuf Fetahu nga Bujanoci dhe Mom\u00e7ilo Janjiq nga fshati Lilanc, prej shum\u00eb viteve miq\u00ebsi, kan\u00eb nisur nj\u00eb pun\u00eb t\u00eb p\u00ebrbashk\u00ebt. N\u00eb fshatin t\u00eb banur me Serb n\u00eb Lilanc, i njohur p\u00ebr burime t\u00eb shumta t\u00eb ujit mineral, s\u00eb bashku kan\u00eb nd\u00ebrtuar nj\u00eb fabrik (prodhimtari) t\u00eb par\u00eb multietnike n\u00eb S\u00ebrbi \u201eHerba\u201c e cila u b\u00eb fuksionale n\u00eb mars t\u00eb vitit 2011.\" \/>\n<meta property=\"og:url\" content=\"https:\/\/kt.gov.rs\/sq\/serbi-dhe-shqipetari-ndertuar-fabrike-te-ujit\/\" \/>\n<meta property=\"og:site_name\" content=\"Republika e S\u00ebrbis\u00eb Trupi Koordinues p\u00ebr komunat Bujanoc, Preshev\u00eb dhe Medvegj\u00eb\" \/>\n<meta property=\"article:publisher\" content=\"https:\/\/www.facebook.com\/SluzbaKoordinacionogTelaVladeRepublikeSrbije\" \/>\n<meta property=\"article:published_time\" content=\"2012-01-18T00:00:00+00:00\" \/>\n<meta name=\"author\" content=\"ktmin\" \/>\n<meta name=\"twitter:card\" content=\"summary_large_image\" \/>\n<meta name=\"twitter:creator\" content=\"@kt_gov\" \/>\n<meta name=\"twitter:site\" content=\"@kt_gov\" \/>\n<meta name=\"twitter:label1\" content=\"Written by\" \/>\n\t<meta name=\"twitter:data1\" content=\"ktmin\" \/>\n\t<meta name=\"twitter:label2\" content=\"Est. reading time\" \/>\n\t<meta name=\"twitter:data2\" content=\"1 minute\" \/>\n<script type=\"application\/ld+json\" class=\"yoast-schema-graph\">{\"@context\":\"https:\\\/\\\/schema.org\",\"@graph\":[{\"@type\":\"Article\",\"@id\":\"https:\\\/\\\/kt.gov.rs\\\/sq\\\/serbi-dhe-shqipetari-ndertuar-fabrike-te-ujit\\\/#article\",\"isPartOf\":{\"@id\":\"https:\\\/\\\/kt.gov.rs\\\/sq\\\/serbi-dhe-shqipetari-ndertuar-fabrike-te-ujit\\\/\"},\"author\":{\"name\":\"ktmin\",\"@id\":\"https:\\\/\\\/kt.gov.rs\\\/#\\\/schema\\\/person\\\/e426459ddb4173309103390602694571\"},\"headline\":\"S\u00cbRBI DHE SHQIP\u00cbTARI ND\u00cbRTUAR FABRIK\u00cb T\u00cb UJIT\",\"datePublished\":\"2012-01-18T00:00:00+00:00\",\"mainEntityOfPage\":{\"@id\":\"https:\\\/\\\/kt.gov.rs\\\/sq\\\/serbi-dhe-shqipetari-ndertuar-fabrike-te-ujit\\\/\"},\"wordCount\":297,\"publisher\":{\"@id\":\"https:\\\/\\\/kt.gov.rs\\\/#organization\"},\"articleSection\":[\"Lajme\"],\"inLanguage\":\"sq-AL\"},{\"@type\":\"WebPage\",\"@id\":\"https:\\\/\\\/kt.gov.rs\\\/sq\\\/serbi-dhe-shqipetari-ndertuar-fabrike-te-ujit\\\/\",\"url\":\"https:\\\/\\\/kt.gov.rs\\\/sq\\\/serbi-dhe-shqipetari-ndertuar-fabrike-te-ujit\\\/\",\"name\":\"S\u00cbRBI DHE SHQIP\u00cbTARI ND\u00cbRTUAR FABRIK\u00cb T\u00cb UJIT - Republika e S\u00ebrbis\u00eb Trupi Koordinues p\u00ebr komunat Bujanoc, Preshev\u00eb dhe Medvegj\u00eb\",\"isPartOf\":{\"@id\":\"https:\\\/\\\/kt.gov.rs\\\/#website\"},\"datePublished\":\"2012-01-18T00:00:00+00:00\",\"breadcrumb\":{\"@id\":\"https:\\\/\\\/kt.gov.rs\\\/sq\\\/serbi-dhe-shqipetari-ndertuar-fabrike-te-ujit\\\/#breadcrumb\"},\"inLanguage\":\"sq-AL\",\"potentialAction\":[{\"@type\":\"ReadAction\",\"target\":[\"https:\\\/\\\/kt.gov.rs\\\/sq\\\/serbi-dhe-shqipetari-ndertuar-fabrike-te-ujit\\\/\"]}]},{\"@type\":\"BreadcrumbList\",\"@id\":\"https:\\\/\\\/kt.gov.rs\\\/sq\\\/serbi-dhe-shqipetari-ndertuar-fabrike-te-ujit\\\/#breadcrumb\",\"itemListElement\":[{\"@type\":\"ListItem\",\"position\":1,\"name\":\"\u041f\u043e\u0447\u0435\u0442\u043d\u0430\",\"item\":\"https:\\\/\\\/kt.gov.rs\\\/sq\\\/\"},{\"@type\":\"ListItem\",\"position\":2,\"name\":\"S\u00cbRBI DHE SHQIP\u00cbTARI ND\u00cbRTUAR FABRIK\u00cb T\u00cb UJIT\"}]},{\"@type\":\"WebSite\",\"@id\":\"https:\\\/\\\/kt.gov.rs\\\/#website\",\"url\":\"https:\\\/\\\/kt.gov.rs\\\/\",\"name\":\"\u041a\u043e\u043e\u0440\u0434\u0438\u043d\u0430\u0446\u0438\u043e\u043d\u043e \u0442\u0435\u043b\u043e \u0412\u043b\u0430\u0434\u0435 \u0420\u0435\u043f\u0443\u0431\u043b\u0438\u043a\u0435 \u0421\u0440\u0431\u0438\u0458\u0435 \u0437\u0430 \u043e\u043f\u0448\u0442\u0438\u043d\u0435 \u041f\u0440\u0435\u0448\u0435\u0432\u043e, \u0411\u0443\u0458\u0430\u043d\u043e\u0432\u0430\u0446 \u0438 \u041c\u0435\u0434\u0432\u0435\u0452a\",\"description\":\"\",\"publisher\":{\"@id\":\"https:\\\/\\\/kt.gov.rs\\\/#organization\"},\"alternateName\":\"\u041a\u043e\u043e\u0440\u0434\u0438\u043d\u0430\u0446\u0438\u043e\u043d\u043e \u0442\u0435\u043b\u043e\",\"potentialAction\":[{\"@type\":\"SearchAction\",\"target\":{\"@type\":\"EntryPoint\",\"urlTemplate\":\"https:\\\/\\\/kt.gov.rs\\\/?s={search_term_string}\"},\"query-input\":{\"@type\":\"PropertyValueSpecification\",\"valueRequired\":true,\"valueName\":\"search_term_string\"}}],\"inLanguage\":\"sq-AL\"},{\"@type\":\"Organization\",\"@id\":\"https:\\\/\\\/kt.gov.rs\\\/#organization\",\"name\":\"\u041a\u043e\u043e\u0440\u0434\u0438\u043d\u0430\u0446\u0438\u043e\u043d\u043e \u0442\u0435\u043b\u043e \u0412\u043b\u0430\u0434\u0435 \u0420\u0435\u043f\u0443\u0431\u043b\u0438\u043a\u0435 \u0421\u0440\u0431\u0438\u0458\u0435 \u0437\u0430 \u043e\u043f\u0448\u0442\u0438\u043d\u0435 \u041f\u0440\u0435\u0448\u0435\u0432\u043e, \u0411\u0443\u0458\u0430\u043d\u043e\u0432\u0430\u0446 \u0438 \u041c\u0435\u0434\u0432\u0435\u0452a\",\"alternateName\":\"\u041a\u043e\u043e\u0440\u0434\u0438\u043d\u0430\u0446\u0438\u043e\u043d\u043e \u0442\u0435\u043b\u043e\",\"url\":\"https:\\\/\\\/kt.gov.rs\\\/\",\"logo\":{\"@type\":\"ImageObject\",\"inLanguage\":\"sq-AL\",\"@id\":\"https:\\\/\\\/kt.gov.rs\\\/#\\\/schema\\\/logo\\\/image\\\/\",\"url\":\"https:\\\/\\\/kt.gov.rs\\\/wp-content\\\/uploads\\\/2024\\\/12\\\/koord2.jpg\",\"contentUrl\":\"https:\\\/\\\/kt.gov.rs\\\/wp-content\\\/uploads\\\/2024\\\/12\\\/koord2.jpg\",\"width\":640,\"height\":480,\"caption\":\"\u041a\u043e\u043e\u0440\u0434\u0438\u043d\u0430\u0446\u0438\u043e\u043d\u043e \u0442\u0435\u043b\u043e \u0412\u043b\u0430\u0434\u0435 \u0420\u0435\u043f\u0443\u0431\u043b\u0438\u043a\u0435 \u0421\u0440\u0431\u0438\u0458\u0435 \u0437\u0430 \u043e\u043f\u0448\u0442\u0438\u043d\u0435 \u041f\u0440\u0435\u0448\u0435\u0432\u043e, \u0411\u0443\u0458\u0430\u043d\u043e\u0432\u0430\u0446 \u0438 \u041c\u0435\u0434\u0432\u0435\u0452a\"},\"image\":{\"@id\":\"https:\\\/\\\/kt.gov.rs\\\/#\\\/schema\\\/logo\\\/image\\\/\"},\"sameAs\":[\"https:\\\/\\\/www.facebook.com\\\/SluzbaKoordinacionogTelaVladeRepublikeSrbije\",\"https:\\\/\\\/x.com\\\/kt_gov\",\"https:\\\/\\\/www.youtube.com\\\/@koordinacionotelo\"]},{\"@type\":\"Person\",\"@id\":\"https:\\\/\\\/kt.gov.rs\\\/#\\\/schema\\\/person\\\/e426459ddb4173309103390602694571\",\"name\":\"ktmin\",\"image\":{\"@type\":\"ImageObject\",\"inLanguage\":\"sq-AL\",\"@id\":\"https:\\\/\\\/secure.gravatar.com\\\/avatar\\\/3985c961109853010c3fbc7ba30365bfba5db3dd6c525831d9c595c7525a615a?s=96&d=mm&r=g\",\"url\":\"https:\\\/\\\/secure.gravatar.com\\\/avatar\\\/3985c961109853010c3fbc7ba30365bfba5db3dd6c525831d9c595c7525a615a?s=96&d=mm&r=g\",\"contentUrl\":\"https:\\\/\\\/secure.gravatar.com\\\/avatar\\\/3985c961109853010c3fbc7ba30365bfba5db3dd6c525831d9c595c7525a615a?s=96&d=mm&r=g\",\"caption\":\"ktmin\"},\"sameAs\":[\"https:\\\/\\\/kt.gov.rs\"],\"url\":\"https:\\\/\\\/kt.gov.rs\\\/sq\\\/author\\\/ktmin\\\/\"}]}<\/script>\n<!-- \/ Yoast SEO plugin. -->","yoast_head_json":{"title":"S\u00cbRBI DHE SHQIP\u00cbTARI ND\u00cbRTUAR FABRIK\u00cb T\u00cb UJIT - Republika e S\u00ebrbis\u00eb Trupi Koordinues p\u00ebr komunat Bujanoc, Preshev\u00eb dhe Medvegj\u00eb","robots":{"index":"index","follow":"follow","max-snippet":"max-snippet:-1","max-image-preview":"max-image-preview:large","max-video-preview":"max-video-preview:-1"},"canonical":"https:\/\/kt.gov.rs\/sq\/serbi-dhe-shqipetari-ndertuar-fabrike-te-ujit\/","og_locale":"sq_AL","og_type":"article","og_title":"S\u00cbRBI DHE SHQIP\u00cbTARI ND\u00cbRTUAR FABRIK\u00cb T\u00cb UJIT - Republika e S\u00ebrbis\u00eb Trupi Koordinues p\u00ebr komunat Bujanoc, Preshev\u00eb dhe Medvegj\u00eb","og_description":"Bujanoc\u00a0 - Isuf Fetahu nga Bujanoci dhe Mom\u00e7ilo Janjiq nga fshati Lilanc, prej shum\u00eb viteve miq\u00ebsi, kan\u00eb nisur nj\u00eb pun\u00eb t\u00eb p\u00ebrbashk\u00ebt. N\u00eb fshatin t\u00eb banur me Serb n\u00eb Lilanc, i njohur p\u00ebr burime t\u00eb shumta t\u00eb ujit mineral, s\u00eb bashku kan\u00eb nd\u00ebrtuar nj\u00eb fabrik (prodhimtari) t\u00eb par\u00eb multietnike n\u00eb S\u00ebrbi \u201eHerba\u201c e cila u b\u00eb fuksionale n\u00eb mars t\u00eb vitit 2011.","og_url":"https:\/\/kt.gov.rs\/sq\/serbi-dhe-shqipetari-ndertuar-fabrike-te-ujit\/","og_site_name":"Republika e S\u00ebrbis\u00eb Trupi Koordinues p\u00ebr komunat Bujanoc, Preshev\u00eb dhe Medvegj\u00eb","article_publisher":"https:\/\/www.facebook.com\/SluzbaKoordinacionogTelaVladeRepublikeSrbije","article_published_time":"2012-01-18T00:00:00+00:00","author":"ktmin","twitter_card":"summary_large_image","twitter_creator":"@kt_gov","twitter_site":"@kt_gov","twitter_misc":{"Written by":"ktmin","Est. reading time":"1 minute"},"schema":{"@context":"https:\/\/schema.org","@graph":[{"@type":"Article","@id":"https:\/\/kt.gov.rs\/sq\/serbi-dhe-shqipetari-ndertuar-fabrike-te-ujit\/#article","isPartOf":{"@id":"https:\/\/kt.gov.rs\/sq\/serbi-dhe-shqipetari-ndertuar-fabrike-te-ujit\/"},"author":{"name":"ktmin","@id":"https:\/\/kt.gov.rs\/#\/schema\/person\/e426459ddb4173309103390602694571"},"headline":"S\u00cbRBI DHE SHQIP\u00cbTARI ND\u00cbRTUAR FABRIK\u00cb T\u00cb UJIT","datePublished":"2012-01-18T00:00:00+00:00","mainEntityOfPage":{"@id":"https:\/\/kt.gov.rs\/sq\/serbi-dhe-shqipetari-ndertuar-fabrike-te-ujit\/"},"wordCount":297,"publisher":{"@id":"https:\/\/kt.gov.rs\/#organization"},"articleSection":["Lajme"],"inLanguage":"sq-AL"},{"@type":"WebPage","@id":"https:\/\/kt.gov.rs\/sq\/serbi-dhe-shqipetari-ndertuar-fabrike-te-ujit\/","url":"https:\/\/kt.gov.rs\/sq\/serbi-dhe-shqipetari-ndertuar-fabrike-te-ujit\/","name":"S\u00cbRBI DHE SHQIP\u00cbTARI ND\u00cbRTUAR FABRIK\u00cb T\u00cb UJIT - Republika e S\u00ebrbis\u00eb Trupi Koordinues p\u00ebr komunat Bujanoc, Preshev\u00eb dhe Medvegj\u00eb","isPartOf":{"@id":"https:\/\/kt.gov.rs\/#website"},"datePublished":"2012-01-18T00:00:00+00:00","breadcrumb":{"@id":"https:\/\/kt.gov.rs\/sq\/serbi-dhe-shqipetari-ndertuar-fabrike-te-ujit\/#breadcrumb"},"inLanguage":"sq-AL","potentialAction":[{"@type":"ReadAction","target":["https:\/\/kt.gov.rs\/sq\/serbi-dhe-shqipetari-ndertuar-fabrike-te-ujit\/"]}]},{"@type":"BreadcrumbList","@id":"https:\/\/kt.gov.rs\/sq\/serbi-dhe-shqipetari-ndertuar-fabrike-te-ujit\/#breadcrumb","itemListElement":[{"@type":"ListItem","position":1,"name":"\u041f\u043e\u0447\u0435\u0442\u043d\u0430","item":"https:\/\/kt.gov.rs\/sq\/"},{"@type":"ListItem","position":2,"name":"S\u00cbRBI DHE SHQIP\u00cbTARI ND\u00cbRTUAR FABRIK\u00cb T\u00cb UJIT"}]},{"@type":"WebSite","@id":"https:\/\/kt.gov.rs\/#website","url":"https:\/\/kt.gov.rs\/","name":"\u041a\u043e\u043e\u0440\u0434\u0438\u043d\u0430\u0446\u0438\u043e\u043d\u043e \u0442\u0435\u043b\u043e \u0412\u043b\u0430\u0434\u0435 \u0420\u0435\u043f\u0443\u0431\u043b\u0438\u043a\u0435 \u0421\u0440\u0431\u0438\u0458\u0435 \u0437\u0430 \u043e\u043f\u0448\u0442\u0438\u043d\u0435 \u041f\u0440\u0435\u0448\u0435\u0432\u043e, \u0411\u0443\u0458\u0430\u043d\u043e\u0432\u0430\u0446 \u0438 \u041c\u0435\u0434\u0432\u0435\u0452a","description":"","publisher":{"@id":"https:\/\/kt.gov.rs\/#organization"},"alternateName":"\u041a\u043e\u043e\u0440\u0434\u0438\u043d\u0430\u0446\u0438\u043e\u043d\u043e \u0442\u0435\u043b\u043e","potentialAction":[{"@type":"SearchAction","target":{"@type":"EntryPoint","urlTemplate":"https:\/\/kt.gov.rs\/?s={search_term_string}"},"query-input":{"@type":"PropertyValueSpecification","valueRequired":true,"valueName":"search_term_string"}}],"inLanguage":"sq-AL"},{"@type":"Organization","@id":"https:\/\/kt.gov.rs\/#organization","name":"\u041a\u043e\u043e\u0440\u0434\u0438\u043d\u0430\u0446\u0438\u043e\u043d\u043e \u0442\u0435\u043b\u043e \u0412\u043b\u0430\u0434\u0435 \u0420\u0435\u043f\u0443\u0431\u043b\u0438\u043a\u0435 \u0421\u0440\u0431\u0438\u0458\u0435 \u0437\u0430 \u043e\u043f\u0448\u0442\u0438\u043d\u0435 \u041f\u0440\u0435\u0448\u0435\u0432\u043e, \u0411\u0443\u0458\u0430\u043d\u043e\u0432\u0430\u0446 \u0438 \u041c\u0435\u0434\u0432\u0435\u0452a","alternateName":"\u041a\u043e\u043e\u0440\u0434\u0438\u043d\u0430\u0446\u0438\u043e\u043d\u043e \u0442\u0435\u043b\u043e","url":"https:\/\/kt.gov.rs\/","logo":{"@type":"ImageObject","inLanguage":"sq-AL","@id":"https:\/\/kt.gov.rs\/#\/schema\/logo\/image\/","url":"https:\/\/kt.gov.rs\/wp-content\/uploads\/2024\/12\/koord2.jpg","contentUrl":"https:\/\/kt.gov.rs\/wp-content\/uploads\/2024\/12\/koord2.jpg","width":640,"height":480,"caption":"\u041a\u043e\u043e\u0440\u0434\u0438\u043d\u0430\u0446\u0438\u043e\u043d\u043e \u0442\u0435\u043b\u043e \u0412\u043b\u0430\u0434\u0435 \u0420\u0435\u043f\u0443\u0431\u043b\u0438\u043a\u0435 \u0421\u0440\u0431\u0438\u0458\u0435 \u0437\u0430 \u043e\u043f\u0448\u0442\u0438\u043d\u0435 \u041f\u0440\u0435\u0448\u0435\u0432\u043e, \u0411\u0443\u0458\u0430\u043d\u043e\u0432\u0430\u0446 \u0438 \u041c\u0435\u0434\u0432\u0435\u0452a"},"image":{"@id":"https:\/\/kt.gov.rs\/#\/schema\/logo\/image\/"},"sameAs":["https:\/\/www.facebook.com\/SluzbaKoordinacionogTelaVladeRepublikeSrbije","https:\/\/x.com\/kt_gov","https:\/\/www.youtube.com\/@koordinacionotelo"]},{"@type":"Person","@id":"https:\/\/kt.gov.rs\/#\/schema\/person\/e426459ddb4173309103390602694571","name":"ktmin","image":{"@type":"ImageObject","inLanguage":"sq-AL","@id":"https:\/\/secure.gravatar.com\/avatar\/3985c961109853010c3fbc7ba30365bfba5db3dd6c525831d9c595c7525a615a?s=96&d=mm&r=g","url":"https:\/\/secure.gravatar.com\/avatar\/3985c961109853010c3fbc7ba30365bfba5db3dd6c525831d9c595c7525a615a?s=96&d=mm&r=g","contentUrl":"https:\/\/secure.gravatar.com\/avatar\/3985c961109853010c3fbc7ba30365bfba5db3dd6c525831d9c595c7525a615a?s=96&d=mm&r=g","caption":"ktmin"},"sameAs":["https:\/\/kt.gov.rs"],"url":"https:\/\/kt.gov.rs\/sq\/author\/ktmin\/"}]}},"_links":{"self":[{"href":"https:\/\/kt.gov.rs\/sq\/wp-json\/wp\/v2\/posts\/142025","targetHints":{"allow":["GET"]}}],"collection":[{"href":"https:\/\/kt.gov.rs\/sq\/wp-json\/wp\/v2\/posts"}],"about":[{"href":"https:\/\/kt.gov.rs\/sq\/wp-json\/wp\/v2\/types\/post"}],"author":[{"embeddable":true,"href":"https:\/\/kt.gov.rs\/sq\/wp-json\/wp\/v2\/users\/1"}],"replies":[{"embeddable":true,"href":"https:\/\/kt.gov.rs\/sq\/wp-json\/wp\/v2\/comments?post=142025"}],"version-history":[{"count":0,"href":"https:\/\/kt.gov.rs\/sq\/wp-json\/wp\/v2\/posts\/142025\/revisions"}],"wp:attachment":[{"href":"https:\/\/kt.gov.rs\/sq\/wp-json\/wp\/v2\/media?parent=142025"}],"wp:term":[{"taxonomy":"category","embeddable":true,"href":"https:\/\/kt.gov.rs\/sq\/wp-json\/wp\/v2\/categories?post=142025"},{"taxonomy":"post_tag","embeddable":true,"href":"https:\/\/kt.gov.rs\/sq\/wp-json\/wp\/v2\/tags?post=142025"}],"curies":[{"name":"wp","href":"https:\/\/api.w.org\/{rel}","templated":true}]}}