{"id":142016,"date":"2012-01-20T00:00:00","date_gmt":"2012-01-20T00:00:00","guid":{"rendered":"http:\/\/kt.printandscreen.rs\/ne-jug-te-serbise-duhet-fondi-per-zhvillim\/"},"modified":"2012-01-20T00:00:00","modified_gmt":"2012-01-20T00:00:00","slug":"ne-jug-te-serbise-duhet-fondi-per-zhvillim","status":"publish","type":"post","link":"https:\/\/kt.gov.rs\/sq\/ne-jug-te-serbise-duhet-fondi-per-zhvillim\/","title":{"rendered":"N\u00cb JUG T\u00cb SERBIS\u00cb DUHET FONDI P\u00cbR ZHVILLIM"},"content":{"rendered":"<p><strong>Leskovc<\/strong> \u2013 N\u00eb jug t\u00eb S\u00ebrbis, rreth Leskovcit, Vranj\u00ebs, Preshev\u00ebs, Bujanocit dhe Medvegj\u00ebs m\u00eb v\u00ebshtir \u00ebsht\u00eb t\u00eb hapur vende t\u00eb pun\u00ebs. P\u00ebr at\u00eb jan\u00eb m\u00eb t\u00eb r\u00ebnd\u00ebsishme aktivitet p\u00ebr biznes n\u00eb rrethin e P\u00e7inj\u00ebs dhe Jabllanic\u00ebs , \u00ebsht\u00eb mir\u00eb q\u00eb t\u00eb ruhen vendet e pun\u00ebs dhe krijim e kushteve p\u00ebr vende t\u00eb reja t\u00eb pun\u00ebs. Me k\u00ebt\u00eb vler\u00ebsim, kryetari Od\u00ebs Ekonomike p\u00ebr Trekti Goran Joviq, theksoi p\u00ebr momentin pun\u00eb k\u00ebrkojn 65.000 persona, nd\u00ebrsa n\u00eb mardh\u00ebnje puna jan\u00eb 72.000 persona.<\/p>\n<p>\nKoh\u00eb m\u00eb par\u00eb kemi vendosur q\u00eb mund\u00ebsia p\u00ebr zhvillimin e jugut te Serbis\u00eb \u00ebsht\u00eb\u00a0 bujq\u00ebsia dhe p\u00ebr k\u00ebt\u00eb arsye kemi mb\u00ebshtetur rritjen e buxhetit p\u00ebr k\u00ebt\u00eb deg\u00eb.Theksoi Joviq.<\/p>\n<p>N\u00eb jug t\u00eb Serbis\u00eb tani ka mjaft tok\u00eb t\u00eb pap\u00ebrpunuara, dhe si n\u00eb fshatra jetojn\u00eb familje, t\u00eb moshuar \u00ebsht\u00eb nevojshme t\u00eb projektuar politik\u00ebn e zhvillimit\u00a0 n\u00eb k\u00ebt\u00eb zon\u00eb .<\/p>\n<p>\u201cPropozimi yn\u00eb \u00ebsht\u00eb p\u00ebr t\u00eb krijuar nj\u00eb Fond p\u00ebr\u00a0 Zhvillim n\u00eb jug t\u00eb S\u00ebrbis, sespe ajo \u00ebsht\u00eb shanci p\u00ebr t\u00eb ndar\u00eb mjete p\u00ebr k\u00ebt\u00eb rrethin. Si nj\u00eb od\u00eb kemi mbrojtur dhe kemi nxitur\u00a0 investitor t\u00eb huaj, por ne mendojm\u00eb se n\u00eb nj\u00eb m\u00ebnyr\u00eb t\u00eb ngjashme, t\u00eb ndajm\u00eb mjete t\u00eb caktuar n\u00eb buq\u00ebsi,mundet t\u00eb ndihmohet jo vet\u00ebm n\u00eb hapjen e vendeve t\u00eb reja t\u00eb pun\u00ebs, por edhe ne ringjalljen e v\u00ebrtet t\u00eb fshatrave!. tha Joviq.<\/p>\n<p>Afarist\u00ebt nga jugu i S\u00ebrbis nuk jan\u00eb t\u00eb k\u00ebnaqur me bilancin e p\u00ebrgjithsh\u00ebm t\u00eb eksporteve t\u00eb viti t\u00eb kaluar. Vazhdon bashkpunimi me kompanit\u00eb nga Italija, por edhe me kolektivet nga Bosnja dhe Hercegovina, Maqedonia, Sllovenia dhe Gjermania.Eksportuesit kryesore jan\u00eb Simpo, Alfa Plam, Gruner, Rinia, Sh\u00ebndeti, dhe disa firma t\u00eb njohura nga Vranja dhe Leskovci. N\u00eb eksport, m\u00eb s\u00eb shumti marrin pjes nd\u00ebrrmarsit nga Vranja dhe Leskovci.<\/p>\n<p>Pika e synuar jan\u00eb vendet e rajonit, dhe aty nd\u00ebrrmarrsit e tan\u00eb kan\u00eb m\u00eb shum\u00eb rast p\u00ebr biznisin e eksportit, theksoi Joviqi. <\/p>\n<p>Ai shtoi se pavar\u00ebsisht nga distanca, me tregun Rus, n\u00eb drejtim t\u00eb eksportit t\u00eb produkteve ushqimore, jan\u00eb premtues, n\u00ebse ata sigurojn\u00eb vazhdim\u00ebsin\u00eb dhe cil\u00ebsi n\u00eb ofrimin e frutave dhe perimeve.<\/p>\n","protected":false},"excerpt":{"rendered":"<p>Leskovc \u2013 N\u00eb jug t\u00eb S\u00ebrbis, rreth Leskovcit, Vranj\u00ebs, Preshev\u00ebs, Bujanocit dhe Medvegj\u00ebs m\u00eb v\u00ebshtir \u00ebsht\u00eb t\u00eb hapur vende t\u00eb pun\u00ebs. P\u00ebr at\u00eb jan\u00eb m\u00eb t\u00eb r\u00ebnd\u00ebsishme aktivitet p\u00ebr biznes n\u00eb rrethin e P\u00e7inj\u00ebs dhe Jabllanic\u00ebs , \u00ebsht\u00eb mir\u00eb q\u00eb t\u00eb ruhen vendet e pun\u00ebs dhe krijim e kushteve p\u00ebr vende t\u00eb reja t\u00eb pun\u00ebs. Me k\u00ebt\u00eb vler\u00ebsim, kryetari Od\u00ebs Ekonomike p\u00ebr Trekti Goran Joviq, theksoi p\u00ebr momentin pun\u00eb k\u00ebrkojn 65.000 persona, nd\u00ebrsa n\u00eb mardh\u00ebnje puna jan\u00eb 72.000 persona.<\/p>\n","protected":false},"author":1,"featured_media":0,"comment_status":"closed","ping_status":"closed","sticky":false,"template":"","format":"standard","meta":{"footnotes":""},"categories":[55],"tags":[],"class_list":["post-142016","post","type-post","status-publish","format-standard","hentry","category-lajme"],"yoast_head":"<!-- This site is optimized with the Yoast SEO plugin v27.5 - https:\/\/yoast.com\/product\/yoast-seo-wordpress\/ -->\n<title>N\u00cb JUG T\u00cb SERBIS\u00cb DUHET FONDI P\u00cbR ZHVILLIM - Republika e S\u00ebrbis\u00eb Trupi Koordinues p\u00ebr komunat Bujanoc, Preshev\u00eb dhe Medvegj\u00eb<\/title>\n<meta name=\"robots\" content=\"index, follow, max-snippet:-1, max-image-preview:large, max-video-preview:-1\" \/>\n<link rel=\"canonical\" href=\"https:\/\/kt.gov.rs\/sq\/ne-jug-te-serbise-duhet-fondi-per-zhvillim\/\" \/>\n<meta property=\"og:locale\" content=\"sq_AL\" \/>\n<meta property=\"og:type\" content=\"article\" \/>\n<meta property=\"og:title\" content=\"N\u00cb JUG T\u00cb SERBIS\u00cb DUHET FONDI P\u00cbR ZHVILLIM - Republika e S\u00ebrbis\u00eb Trupi Koordinues p\u00ebr komunat Bujanoc, Preshev\u00eb dhe Medvegj\u00eb\" \/>\n<meta property=\"og:description\" content=\"Leskovc \u2013 N\u00eb jug t\u00eb S\u00ebrbis, rreth Leskovcit, Vranj\u00ebs, Preshev\u00ebs, Bujanocit dhe Medvegj\u00ebs m\u00eb v\u00ebshtir \u00ebsht\u00eb t\u00eb hapur vende t\u00eb pun\u00ebs. P\u00ebr at\u00eb jan\u00eb m\u00eb t\u00eb r\u00ebnd\u00ebsishme aktivitet p\u00ebr biznes n\u00eb rrethin e P\u00e7inj\u00ebs dhe Jabllanic\u00ebs , \u00ebsht\u00eb mir\u00eb q\u00eb t\u00eb ruhen vendet e pun\u00ebs dhe krijim e kushteve p\u00ebr vende t\u00eb reja t\u00eb pun\u00ebs. Me k\u00ebt\u00eb vler\u00ebsim, kryetari Od\u00ebs Ekonomike p\u00ebr Trekti Goran Joviq, theksoi p\u00ebr momentin pun\u00eb k\u00ebrkojn 65.000 persona, nd\u00ebrsa n\u00eb mardh\u00ebnje puna jan\u00eb 72.000 persona.\" \/>\n<meta property=\"og:url\" content=\"https:\/\/kt.gov.rs\/sq\/ne-jug-te-serbise-duhet-fondi-per-zhvillim\/\" \/>\n<meta property=\"og:site_name\" content=\"Republika e S\u00ebrbis\u00eb Trupi Koordinues p\u00ebr komunat Bujanoc, Preshev\u00eb dhe Medvegj\u00eb\" \/>\n<meta property=\"article:publisher\" content=\"https:\/\/www.facebook.com\/SluzbaKoordinacionogTelaVladeRepublikeSrbije\" \/>\n<meta property=\"article:published_time\" content=\"2012-01-20T00:00:00+00:00\" \/>\n<meta name=\"author\" content=\"ktmin\" \/>\n<meta name=\"twitter:card\" content=\"summary_large_image\" \/>\n<meta name=\"twitter:creator\" content=\"@kt_gov\" \/>\n<meta name=\"twitter:site\" content=\"@kt_gov\" \/>\n<meta name=\"twitter:label1\" content=\"Written by\" \/>\n\t<meta name=\"twitter:data1\" content=\"ktmin\" \/>\n\t<meta name=\"twitter:label2\" content=\"Est. reading time\" \/>\n\t<meta name=\"twitter:data2\" content=\"2 minutes\" \/>\n<script type=\"application\/ld+json\" class=\"yoast-schema-graph\">{\"@context\":\"https:\\\/\\\/schema.org\",\"@graph\":[{\"@type\":\"Article\",\"@id\":\"https:\\\/\\\/kt.gov.rs\\\/sq\\\/ne-jug-te-serbise-duhet-fondi-per-zhvillim\\\/#article\",\"isPartOf\":{\"@id\":\"https:\\\/\\\/kt.gov.rs\\\/sq\\\/ne-jug-te-serbise-duhet-fondi-per-zhvillim\\\/\"},\"author\":{\"name\":\"ktmin\",\"@id\":\"https:\\\/\\\/kt.gov.rs\\\/#\\\/schema\\\/person\\\/e426459ddb4173309103390602694571\"},\"headline\":\"N\u00cb JUG T\u00cb SERBIS\u00cb DUHET FONDI P\u00cbR ZHVILLIM\",\"datePublished\":\"2012-01-20T00:00:00+00:00\",\"mainEntityOfPage\":{\"@id\":\"https:\\\/\\\/kt.gov.rs\\\/sq\\\/ne-jug-te-serbise-duhet-fondi-per-zhvillim\\\/\"},\"wordCount\":400,\"publisher\":{\"@id\":\"https:\\\/\\\/kt.gov.rs\\\/#organization\"},\"articleSection\":[\"Lajme\"],\"inLanguage\":\"sq-AL\"},{\"@type\":\"WebPage\",\"@id\":\"https:\\\/\\\/kt.gov.rs\\\/sq\\\/ne-jug-te-serbise-duhet-fondi-per-zhvillim\\\/\",\"url\":\"https:\\\/\\\/kt.gov.rs\\\/sq\\\/ne-jug-te-serbise-duhet-fondi-per-zhvillim\\\/\",\"name\":\"N\u00cb JUG T\u00cb SERBIS\u00cb DUHET FONDI P\u00cbR ZHVILLIM - Republika e S\u00ebrbis\u00eb Trupi Koordinues p\u00ebr komunat Bujanoc, Preshev\u00eb dhe Medvegj\u00eb\",\"isPartOf\":{\"@id\":\"https:\\\/\\\/kt.gov.rs\\\/#website\"},\"datePublished\":\"2012-01-20T00:00:00+00:00\",\"breadcrumb\":{\"@id\":\"https:\\\/\\\/kt.gov.rs\\\/sq\\\/ne-jug-te-serbise-duhet-fondi-per-zhvillim\\\/#breadcrumb\"},\"inLanguage\":\"sq-AL\",\"potentialAction\":[{\"@type\":\"ReadAction\",\"target\":[\"https:\\\/\\\/kt.gov.rs\\\/sq\\\/ne-jug-te-serbise-duhet-fondi-per-zhvillim\\\/\"]}]},{\"@type\":\"BreadcrumbList\",\"@id\":\"https:\\\/\\\/kt.gov.rs\\\/sq\\\/ne-jug-te-serbise-duhet-fondi-per-zhvillim\\\/#breadcrumb\",\"itemListElement\":[{\"@type\":\"ListItem\",\"position\":1,\"name\":\"\u041f\u043e\u0447\u0435\u0442\u043d\u0430\",\"item\":\"https:\\\/\\\/kt.gov.rs\\\/sq\\\/\"},{\"@type\":\"ListItem\",\"position\":2,\"name\":\"N\u00cb JUG T\u00cb SERBIS\u00cb DUHET FONDI P\u00cbR ZHVILLIM\"}]},{\"@type\":\"WebSite\",\"@id\":\"https:\\\/\\\/kt.gov.rs\\\/#website\",\"url\":\"https:\\\/\\\/kt.gov.rs\\\/\",\"name\":\"\u041a\u043e\u043e\u0440\u0434\u0438\u043d\u0430\u0446\u0438\u043e\u043d\u043e \u0442\u0435\u043b\u043e \u0412\u043b\u0430\u0434\u0435 \u0420\u0435\u043f\u0443\u0431\u043b\u0438\u043a\u0435 \u0421\u0440\u0431\u0438\u0458\u0435 \u0437\u0430 \u043e\u043f\u0448\u0442\u0438\u043d\u0435 \u041f\u0440\u0435\u0448\u0435\u0432\u043e, \u0411\u0443\u0458\u0430\u043d\u043e\u0432\u0430\u0446 \u0438 \u041c\u0435\u0434\u0432\u0435\u0452a\",\"description\":\"\",\"publisher\":{\"@id\":\"https:\\\/\\\/kt.gov.rs\\\/#organization\"},\"alternateName\":\"\u041a\u043e\u043e\u0440\u0434\u0438\u043d\u0430\u0446\u0438\u043e\u043d\u043e \u0442\u0435\u043b\u043e\",\"potentialAction\":[{\"@type\":\"SearchAction\",\"target\":{\"@type\":\"EntryPoint\",\"urlTemplate\":\"https:\\\/\\\/kt.gov.rs\\\/?s={search_term_string}\"},\"query-input\":{\"@type\":\"PropertyValueSpecification\",\"valueRequired\":true,\"valueName\":\"search_term_string\"}}],\"inLanguage\":\"sq-AL\"},{\"@type\":\"Organization\",\"@id\":\"https:\\\/\\\/kt.gov.rs\\\/#organization\",\"name\":\"\u041a\u043e\u043e\u0440\u0434\u0438\u043d\u0430\u0446\u0438\u043e\u043d\u043e \u0442\u0435\u043b\u043e \u0412\u043b\u0430\u0434\u0435 \u0420\u0435\u043f\u0443\u0431\u043b\u0438\u043a\u0435 \u0421\u0440\u0431\u0438\u0458\u0435 \u0437\u0430 \u043e\u043f\u0448\u0442\u0438\u043d\u0435 \u041f\u0440\u0435\u0448\u0435\u0432\u043e, \u0411\u0443\u0458\u0430\u043d\u043e\u0432\u0430\u0446 \u0438 \u041c\u0435\u0434\u0432\u0435\u0452a\",\"alternateName\":\"\u041a\u043e\u043e\u0440\u0434\u0438\u043d\u0430\u0446\u0438\u043e\u043d\u043e \u0442\u0435\u043b\u043e\",\"url\":\"https:\\\/\\\/kt.gov.rs\\\/\",\"logo\":{\"@type\":\"ImageObject\",\"inLanguage\":\"sq-AL\",\"@id\":\"https:\\\/\\\/kt.gov.rs\\\/#\\\/schema\\\/logo\\\/image\\\/\",\"url\":\"https:\\\/\\\/kt.gov.rs\\\/wp-content\\\/uploads\\\/2024\\\/12\\\/koord2.jpg\",\"contentUrl\":\"https:\\\/\\\/kt.gov.rs\\\/wp-content\\\/uploads\\\/2024\\\/12\\\/koord2.jpg\",\"width\":640,\"height\":480,\"caption\":\"\u041a\u043e\u043e\u0440\u0434\u0438\u043d\u0430\u0446\u0438\u043e\u043d\u043e \u0442\u0435\u043b\u043e \u0412\u043b\u0430\u0434\u0435 \u0420\u0435\u043f\u0443\u0431\u043b\u0438\u043a\u0435 \u0421\u0440\u0431\u0438\u0458\u0435 \u0437\u0430 \u043e\u043f\u0448\u0442\u0438\u043d\u0435 \u041f\u0440\u0435\u0448\u0435\u0432\u043e, \u0411\u0443\u0458\u0430\u043d\u043e\u0432\u0430\u0446 \u0438 \u041c\u0435\u0434\u0432\u0435\u0452a\"},\"image\":{\"@id\":\"https:\\\/\\\/kt.gov.rs\\\/#\\\/schema\\\/logo\\\/image\\\/\"},\"sameAs\":[\"https:\\\/\\\/www.facebook.com\\\/SluzbaKoordinacionogTelaVladeRepublikeSrbije\",\"https:\\\/\\\/x.com\\\/kt_gov\",\"https:\\\/\\\/www.youtube.com\\\/@koordinacionotelo\"]},{\"@type\":\"Person\",\"@id\":\"https:\\\/\\\/kt.gov.rs\\\/#\\\/schema\\\/person\\\/e426459ddb4173309103390602694571\",\"name\":\"ktmin\",\"image\":{\"@type\":\"ImageObject\",\"inLanguage\":\"sq-AL\",\"@id\":\"https:\\\/\\\/secure.gravatar.com\\\/avatar\\\/3985c961109853010c3fbc7ba30365bfba5db3dd6c525831d9c595c7525a615a?s=96&d=mm&r=g\",\"url\":\"https:\\\/\\\/secure.gravatar.com\\\/avatar\\\/3985c961109853010c3fbc7ba30365bfba5db3dd6c525831d9c595c7525a615a?s=96&d=mm&r=g\",\"contentUrl\":\"https:\\\/\\\/secure.gravatar.com\\\/avatar\\\/3985c961109853010c3fbc7ba30365bfba5db3dd6c525831d9c595c7525a615a?s=96&d=mm&r=g\",\"caption\":\"ktmin\"},\"sameAs\":[\"https:\\\/\\\/kt.gov.rs\"],\"url\":\"https:\\\/\\\/kt.gov.rs\\\/sq\\\/author\\\/ktmin\\\/\"}]}<\/script>\n<!-- \/ Yoast SEO plugin. -->","yoast_head_json":{"title":"N\u00cb JUG T\u00cb SERBIS\u00cb DUHET FONDI P\u00cbR ZHVILLIM - Republika e S\u00ebrbis\u00eb Trupi Koordinues p\u00ebr komunat Bujanoc, Preshev\u00eb dhe Medvegj\u00eb","robots":{"index":"index","follow":"follow","max-snippet":"max-snippet:-1","max-image-preview":"max-image-preview:large","max-video-preview":"max-video-preview:-1"},"canonical":"https:\/\/kt.gov.rs\/sq\/ne-jug-te-serbise-duhet-fondi-per-zhvillim\/","og_locale":"sq_AL","og_type":"article","og_title":"N\u00cb JUG T\u00cb SERBIS\u00cb DUHET FONDI P\u00cbR ZHVILLIM - Republika e S\u00ebrbis\u00eb Trupi Koordinues p\u00ebr komunat Bujanoc, Preshev\u00eb dhe Medvegj\u00eb","og_description":"Leskovc \u2013 N\u00eb jug t\u00eb S\u00ebrbis, rreth Leskovcit, Vranj\u00ebs, Preshev\u00ebs, Bujanocit dhe Medvegj\u00ebs m\u00eb v\u00ebshtir \u00ebsht\u00eb t\u00eb hapur vende t\u00eb pun\u00ebs. P\u00ebr at\u00eb jan\u00eb m\u00eb t\u00eb r\u00ebnd\u00ebsishme aktivitet p\u00ebr biznes n\u00eb rrethin e P\u00e7inj\u00ebs dhe Jabllanic\u00ebs , \u00ebsht\u00eb mir\u00eb q\u00eb t\u00eb ruhen vendet e pun\u00ebs dhe krijim e kushteve p\u00ebr vende t\u00eb reja t\u00eb pun\u00ebs. Me k\u00ebt\u00eb vler\u00ebsim, kryetari Od\u00ebs Ekonomike p\u00ebr Trekti Goran Joviq, theksoi p\u00ebr momentin pun\u00eb k\u00ebrkojn 65.000 persona, nd\u00ebrsa n\u00eb mardh\u00ebnje puna jan\u00eb 72.000 persona.","og_url":"https:\/\/kt.gov.rs\/sq\/ne-jug-te-serbise-duhet-fondi-per-zhvillim\/","og_site_name":"Republika e S\u00ebrbis\u00eb Trupi Koordinues p\u00ebr komunat Bujanoc, Preshev\u00eb dhe Medvegj\u00eb","article_publisher":"https:\/\/www.facebook.com\/SluzbaKoordinacionogTelaVladeRepublikeSrbije","article_published_time":"2012-01-20T00:00:00+00:00","author":"ktmin","twitter_card":"summary_large_image","twitter_creator":"@kt_gov","twitter_site":"@kt_gov","twitter_misc":{"Written by":"ktmin","Est. reading time":"2 minutes"},"schema":{"@context":"https:\/\/schema.org","@graph":[{"@type":"Article","@id":"https:\/\/kt.gov.rs\/sq\/ne-jug-te-serbise-duhet-fondi-per-zhvillim\/#article","isPartOf":{"@id":"https:\/\/kt.gov.rs\/sq\/ne-jug-te-serbise-duhet-fondi-per-zhvillim\/"},"author":{"name":"ktmin","@id":"https:\/\/kt.gov.rs\/#\/schema\/person\/e426459ddb4173309103390602694571"},"headline":"N\u00cb JUG T\u00cb SERBIS\u00cb DUHET FONDI P\u00cbR ZHVILLIM","datePublished":"2012-01-20T00:00:00+00:00","mainEntityOfPage":{"@id":"https:\/\/kt.gov.rs\/sq\/ne-jug-te-serbise-duhet-fondi-per-zhvillim\/"},"wordCount":400,"publisher":{"@id":"https:\/\/kt.gov.rs\/#organization"},"articleSection":["Lajme"],"inLanguage":"sq-AL"},{"@type":"WebPage","@id":"https:\/\/kt.gov.rs\/sq\/ne-jug-te-serbise-duhet-fondi-per-zhvillim\/","url":"https:\/\/kt.gov.rs\/sq\/ne-jug-te-serbise-duhet-fondi-per-zhvillim\/","name":"N\u00cb JUG T\u00cb SERBIS\u00cb DUHET FONDI P\u00cbR ZHVILLIM - Republika e S\u00ebrbis\u00eb Trupi Koordinues p\u00ebr komunat Bujanoc, Preshev\u00eb dhe Medvegj\u00eb","isPartOf":{"@id":"https:\/\/kt.gov.rs\/#website"},"datePublished":"2012-01-20T00:00:00+00:00","breadcrumb":{"@id":"https:\/\/kt.gov.rs\/sq\/ne-jug-te-serbise-duhet-fondi-per-zhvillim\/#breadcrumb"},"inLanguage":"sq-AL","potentialAction":[{"@type":"ReadAction","target":["https:\/\/kt.gov.rs\/sq\/ne-jug-te-serbise-duhet-fondi-per-zhvillim\/"]}]},{"@type":"BreadcrumbList","@id":"https:\/\/kt.gov.rs\/sq\/ne-jug-te-serbise-duhet-fondi-per-zhvillim\/#breadcrumb","itemListElement":[{"@type":"ListItem","position":1,"name":"\u041f\u043e\u0447\u0435\u0442\u043d\u0430","item":"https:\/\/kt.gov.rs\/sq\/"},{"@type":"ListItem","position":2,"name":"N\u00cb JUG T\u00cb SERBIS\u00cb DUHET FONDI P\u00cbR ZHVILLIM"}]},{"@type":"WebSite","@id":"https:\/\/kt.gov.rs\/#website","url":"https:\/\/kt.gov.rs\/","name":"\u041a\u043e\u043e\u0440\u0434\u0438\u043d\u0430\u0446\u0438\u043e\u043d\u043e \u0442\u0435\u043b\u043e \u0412\u043b\u0430\u0434\u0435 \u0420\u0435\u043f\u0443\u0431\u043b\u0438\u043a\u0435 \u0421\u0440\u0431\u0438\u0458\u0435 \u0437\u0430 \u043e\u043f\u0448\u0442\u0438\u043d\u0435 \u041f\u0440\u0435\u0448\u0435\u0432\u043e, \u0411\u0443\u0458\u0430\u043d\u043e\u0432\u0430\u0446 \u0438 \u041c\u0435\u0434\u0432\u0435\u0452a","description":"","publisher":{"@id":"https:\/\/kt.gov.rs\/#organization"},"alternateName":"\u041a\u043e\u043e\u0440\u0434\u0438\u043d\u0430\u0446\u0438\u043e\u043d\u043e \u0442\u0435\u043b\u043e","potentialAction":[{"@type":"SearchAction","target":{"@type":"EntryPoint","urlTemplate":"https:\/\/kt.gov.rs\/?s={search_term_string}"},"query-input":{"@type":"PropertyValueSpecification","valueRequired":true,"valueName":"search_term_string"}}],"inLanguage":"sq-AL"},{"@type":"Organization","@id":"https:\/\/kt.gov.rs\/#organization","name":"\u041a\u043e\u043e\u0440\u0434\u0438\u043d\u0430\u0446\u0438\u043e\u043d\u043e \u0442\u0435\u043b\u043e \u0412\u043b\u0430\u0434\u0435 \u0420\u0435\u043f\u0443\u0431\u043b\u0438\u043a\u0435 \u0421\u0440\u0431\u0438\u0458\u0435 \u0437\u0430 \u043e\u043f\u0448\u0442\u0438\u043d\u0435 \u041f\u0440\u0435\u0448\u0435\u0432\u043e, \u0411\u0443\u0458\u0430\u043d\u043e\u0432\u0430\u0446 \u0438 \u041c\u0435\u0434\u0432\u0435\u0452a","alternateName":"\u041a\u043e\u043e\u0440\u0434\u0438\u043d\u0430\u0446\u0438\u043e\u043d\u043e \u0442\u0435\u043b\u043e","url":"https:\/\/kt.gov.rs\/","logo":{"@type":"ImageObject","inLanguage":"sq-AL","@id":"https:\/\/kt.gov.rs\/#\/schema\/logo\/image\/","url":"https:\/\/kt.gov.rs\/wp-content\/uploads\/2024\/12\/koord2.jpg","contentUrl":"https:\/\/kt.gov.rs\/wp-content\/uploads\/2024\/12\/koord2.jpg","width":640,"height":480,"caption":"\u041a\u043e\u043e\u0440\u0434\u0438\u043d\u0430\u0446\u0438\u043e\u043d\u043e \u0442\u0435\u043b\u043e \u0412\u043b\u0430\u0434\u0435 \u0420\u0435\u043f\u0443\u0431\u043b\u0438\u043a\u0435 \u0421\u0440\u0431\u0438\u0458\u0435 \u0437\u0430 \u043e\u043f\u0448\u0442\u0438\u043d\u0435 \u041f\u0440\u0435\u0448\u0435\u0432\u043e, \u0411\u0443\u0458\u0430\u043d\u043e\u0432\u0430\u0446 \u0438 \u041c\u0435\u0434\u0432\u0435\u0452a"},"image":{"@id":"https:\/\/kt.gov.rs\/#\/schema\/logo\/image\/"},"sameAs":["https:\/\/www.facebook.com\/SluzbaKoordinacionogTelaVladeRepublikeSrbije","https:\/\/x.com\/kt_gov","https:\/\/www.youtube.com\/@koordinacionotelo"]},{"@type":"Person","@id":"https:\/\/kt.gov.rs\/#\/schema\/person\/e426459ddb4173309103390602694571","name":"ktmin","image":{"@type":"ImageObject","inLanguage":"sq-AL","@id":"https:\/\/secure.gravatar.com\/avatar\/3985c961109853010c3fbc7ba30365bfba5db3dd6c525831d9c595c7525a615a?s=96&d=mm&r=g","url":"https:\/\/secure.gravatar.com\/avatar\/3985c961109853010c3fbc7ba30365bfba5db3dd6c525831d9c595c7525a615a?s=96&d=mm&r=g","contentUrl":"https:\/\/secure.gravatar.com\/avatar\/3985c961109853010c3fbc7ba30365bfba5db3dd6c525831d9c595c7525a615a?s=96&d=mm&r=g","caption":"ktmin"},"sameAs":["https:\/\/kt.gov.rs"],"url":"https:\/\/kt.gov.rs\/sq\/author\/ktmin\/"}]}},"_links":{"self":[{"href":"https:\/\/kt.gov.rs\/sq\/wp-json\/wp\/v2\/posts\/142016","targetHints":{"allow":["GET"]}}],"collection":[{"href":"https:\/\/kt.gov.rs\/sq\/wp-json\/wp\/v2\/posts"}],"about":[{"href":"https:\/\/kt.gov.rs\/sq\/wp-json\/wp\/v2\/types\/post"}],"author":[{"embeddable":true,"href":"https:\/\/kt.gov.rs\/sq\/wp-json\/wp\/v2\/users\/1"}],"replies":[{"embeddable":true,"href":"https:\/\/kt.gov.rs\/sq\/wp-json\/wp\/v2\/comments?post=142016"}],"version-history":[{"count":0,"href":"https:\/\/kt.gov.rs\/sq\/wp-json\/wp\/v2\/posts\/142016\/revisions"}],"wp:attachment":[{"href":"https:\/\/kt.gov.rs\/sq\/wp-json\/wp\/v2\/media?parent=142016"}],"wp:term":[{"taxonomy":"category","embeddable":true,"href":"https:\/\/kt.gov.rs\/sq\/wp-json\/wp\/v2\/categories?post=142016"},{"taxonomy":"post_tag","embeddable":true,"href":"https:\/\/kt.gov.rs\/sq\/wp-json\/wp\/v2\/tags?post=142016"}],"curies":[{"name":"wp","href":"https:\/\/api.w.org\/{rel}","templated":true}]}}