{"id":142012,"date":"2012-02-10T00:00:00","date_gmt":"2012-02-10T00:00:00","guid":{"rendered":"http:\/\/kt.printandscreen.rs\/konkurs-per-ndarjen-e-bursave-per-regjistrim-te-studimeve-ne-universitetin-e-novi-sadit\/"},"modified":"2012-02-10T00:00:00","modified_gmt":"2012-02-10T00:00:00","slug":"konkurs-per-ndarjen-e-bursave-per-regjistrim-te-studimeve-ne-universitetin-e-novi-sadit","status":"publish","type":"post","link":"https:\/\/kt.gov.rs\/sq\/konkurs-per-ndarjen-e-bursave-per-regjistrim-te-studimeve-ne-universitetin-e-novi-sadit\/","title":{"rendered":"KONKURS P\u00ebr ndarjen e bursave p\u00ebr regjistrim t\u00eb studimeve n\u00eb Universitetin e Novi Sadit"},"content":{"rendered":"<p><!--[if gte mso 9]><![endif][if gte mso 9]><xml>\n \n  Normal\n  0\n  \n  \n  false\n  false\n  false\n  \n   \n   \n   \n   \n   \n  \n \n<\/xml><![endif][if gte mso 9]><![endif][if gte mso 10]>\n\n\n<style>\n \/* Style Definitions *\/\n table.MsoNormalTable\n\t{mso-style-name:\"Table Normal\";\n\tmso-style-parent:\"\";\n\tfont-size:10.0pt;\"Times New Roman\";}\n<\/style>\n\n\n<![endif]--><\/p>\n<p>Sh\u00ebrbimi i trupit Koordinues i Qeveris s\u00eb Republik\u00ebs S\u00ebrbis p\u00ebr komun\u00ebn e Preshev\u00ebs, Bujanocit dhe Medvegj\u00ebs ( n\u00eb vazhdim t\u00eb tekstit Sh\u00ebrbimi i trupit Koordinues) shpall\u00eb<\/p>\n<p align=\"center\"><strong>KONKURS P\u00ebr ndarjen e bursave p\u00ebr regjistrim t\u00eb studimeve n\u00eb Universitetin e Novi Sadit<\/strong><\/p>\n<p>Sh\u00ebrbimi i trupit Koordinues, n\u00eb p\u00ebrputhshm\u00ebri me prioritetet e definuara, duke u munduar n\u00eb m\u00ebnyr t\u00eb veqant t\u00eb p\u00ebrmirsoj kualitetin e arsimimit n\u00eb territorrin e komun\u00ebs s\u00eb Bujanocit dhe Preshev\u00ebs, shpall konkurs p\u00ebr ndarjen e 10 bursave studentore p\u00ebr t\u00eb rinj\u00ebt me vendbanim n\u00eb komun\u00ebn e Bujanocit dhe Preshev\u00ebs.<\/p>\n<p>Q\u00ebllimi i ndarjes s\u00eb bursave \u00ebsht\u00eb sigurimi i kushteve p\u00ebr arsimim t\u00eb m\u00ebtutjesh\u00ebm dhe arritjeve profesionale duke i dh\u00ebn\u00eb mb\u00ebshtetje materiale p\u00ebr shpenzimet e studimeve p\u00ebr studime elementare akademike.Shpenzimet e lartp\u00ebrmenduar n\u00eb radh t\u00eb par\u00eb kan t\u00eb b\u00ebjn\u00eb me shpenzimet p\u00ebr banim (privat ose n\u00eb konvikte),shpezimet p\u00ebr ushqim,udh\u00ebtim, blerje t\u00eb teksteve dhe shpenzime tjera n\u00eb lidhje me studimet.<\/p>\n<p><strong>I KUSHTET E KONKURSIT <\/strong><\/p>\n<p>T\u00eb drejt n\u00eb konkurs kan\u00eb:\u00a0 1) nx\u00ebn\u00ebsit q\u00eb kan\u00eb mbaruar shkoll\u00ebn e mesme dhe \u00a0 2) personat deri n\u00eb mosh\u00ebn\u00a022 vjeqare, q\u00eb kan\u00eb t\u00eb mbaruar shkoll\u00ebn e mesme dhe kan vendbanim n\u00eb territorin e komun\u00ebs Preshev\u00ebs dhe Bujanocit.<\/p>\n<p>N\u00eb baz\u00eb t\u00eb kushteve t\u00eb konkursit, t\u00eb drejt\u00eb p\u00ebr konkurim kan njerzit q\u00eb plotsojn kushtet n\u00eb vijim:<\/p>\n<p>\u2013 t\u00eb jen\u00eb shtetas t\u00eb Republik\u00ebs S\u00ebrbis;<\/p>\n<p>\u2013 gjat shkollimit t\u00eb mes\u00ebm t\u00eb ken\u00eb pasur sukses t\u00eb shk\u00eblqyesh\u00ebm dhe shum t\u00eb mir, t\u00eb mos ken\u00eb p\u00ebrs\u00ebritur asnj\u00eb vit;<\/p>\n<p>\u2013 t\u00eb njoh gjuh\u00ebn serbe;<\/p>\n<p>\u2013 t\u00eb mos ken\u00eb regjistruar asnj\u00eb fakultet.<\/p>\n<p>Para kushteve formale, <strong>kriter\u00eb baz\u00eb p\u00ebr ndarjen e bursave \u00ebsht\u00eb t\u00eb jepet provimi kualifikues (provimi pranues) <\/strong>p\u00ebr regjistrim n\u00eb vitin e par\u00eb t\u00eb studimeve fillestare ne ndonj\u00ebrin fakultet n\u00eb Universitetin e Novi Sadit.<\/p>\n<p><strong>II DOKUMENTACIONI I NEVOJSH\u00cbM<\/strong><\/p>\n<p>\u2013 lutje;<\/p>\n<p>\u2013 biografia, p\u00ebrkatsisht CV;<\/p>\n<p>\u2013 v\u00ebrtetim mbi shtet\u00ebsin e Republik\u00ebs Serbis\u00eb (n\u00ebnshtet\u00ebsin,origjinale ose kopje e v\u00ebrtetuar) jo m\u00eb i vjet\u00ebr se 6 muaj;<\/p>\n<p>\u2013 \u00e7ertifikata e lindjes (origjinale ose kopje e v\u00ebrtetuar) jo m\u00eb e vjet\u00ebr se 6 muaj;<\/p>\n<p>\u2013 d\u00ebshmi p\u00ebr vendbanim n\u00eb komun\u00ebn e Preshev\u00ebs ose Bujanocit, t\u00eb cil\u00ebn e jep organi komunal i Ministris s\u00eb pun\u00ebve t\u00eb mbrendshme ose fotokopje t\u00eb v\u00ebrtetuar t\u00eb\u00a0let\u00ebrnjoftimit n\u00ebse nx\u00ebn\u00ebsi \u00ebsht\u00eb i pajisur me let\u00ebrnjoftim, apo t\u00eb dh\u00ebnat e shtypura rreth vendbanimit t\u00eb deponuara nga let\u00ebrnjoftimi i ri;<\/p>\n<p>\u2013 kopje t\u00eb v\u00ebrtetuar t\u00eb d\u00ebftes\u00ebs rreth p\u00ebrfundimit t\u00eb shkoll\u00ebs s\u00eb mesme( p\u00ebr kat\u00ebr vitet e shkoll\u00ebs s\u00eb mesme, p\u00ebrkat\u00ebsisht p\u00ebr tri vitet e para edhe p\u00ebr gjys\u00ebm vjetorin e\u00a0vitit t\u00eb kat\u00ebrt p\u00ebr ata\u00a0t\u00eb cilat jan\u00eb ende n\u00eb shkoll t\u00eb mesme);<\/p>\n<p>\u2013 letra motivuese e cila p\u00ebrmban arsyet pse \u00ebsh\u00ebt zgjedhur t\u00eb regjistrohet fakulteti i caktuar, planet p\u00ebr p\u00ebrdorimin e njohurive t\u00eb arritura pas p\u00ebrfundimit t\u00eb studimeve dhe kontributin profesional q\u00eb presin t\u2019i japin bashk\u00ebsis s\u00eb tyre.<\/p>\n<p>\u2013 d\u00ebshmi rreth rezultateve t\u00eb arritura n\u00eb gara, n\u00ebse kandidati posedon.<\/p>\n<p><strong>III NDARJA E BURSAVE<\/strong><\/p>\n<p>Procedura zgjedhore p\u00ebr ndarjen e bursave zhvillohet n\u00eb dy faza.<\/p>\n<p>N\u00eb faz\u00eb e par\u00eb t\u00eb procesit t\u00eb zgjedhjes,me kalimin e afatit p\u00ebr konkurim n\u00eb konkurs, Komisioni i formuar me vendimin e drejtoresh\u00ebs s\u00eb trupit Koordinues do t\u00eb formuloj list\u00ebn p\u00ebr zgjedhjen e 10 kandidatve p\u00ebr burs\u00eb,duke vlersuar p\u00ebrmbushjen e kushteve formale p\u00ebr paraqitje n\u00eb konkurs,letr\u00ebn motivuese, njohjen e gjuh\u00ebs serbe dhe aft\u00ebsit p\u00ebr komunikim p\u00ebrgjat intervist\u00ebs me kandidat\u00ebt.P\u00ebrparsi gjat formulimit t\u00eb list\u00ebs p\u00ebr zgjedhje t\u00eb kandidat\u00ebve do t\u00eb ken\u00eb kandidat\u00ebt t\u00eb cil\u00ebt jan drejtuar p\u00ebr ndonj\u00ebrin prej fakulteteve t\u00eb cil\u00ebt i mb\u00ebshtet trupi Koordinues.<\/p>\n<p>Intervista me\u00a0kandidat\u00ebt\u00a0do t\u00eb zhvillohet n\u00eb\u00a0shkurt,\u00a0pas skadimit t\u00eb \u00a0afatit\u00a0p\u00ebr aplikim, p\u00ebr koh\u00ebn dhe dat\u00ebn e sakt aplikant\u00ebt do\u00a0t\u00eb njoftohen\u00a0m\u00eb von\u00eb.<\/p>\n<p>N\u00eb faz\u00ebn e dyt\u00eb\u00a0t\u00eb procesit zgjedhor, Komisioni\u00a0do t\u00eb vler\u00ebsoj\u00eb\u00a0rezultatet e arritura\u00a0n\u00eb provim pranues p\u00ebr vitin e par\u00eb\u00a0t\u00eb studimeve\u00a0universitare\u00a0n\u00eb\u00a0fakultetet e Universitetit\u00a0t\u00eb Novi Sadit dhe\u00a0njohjen e gjuh\u00ebs\u00a0serbe pas ndjekjes s\u00eb\u00a0kursit \u2013 pas s\u00eb cil\u00ebs do t\u00eb formohet edhe lista p\u00ebrfundimtare e fituesve t\u00eb bursave.<\/p>\n<p>Pas lejimit t\u00eb p\u00ebrdorimit t\u00eb bursave, do t\u00eb merret parasysh vazhdimsia e p\u00ebrmbushjes s\u00eb kushteve p\u00ebr finansim nga buxheti i Republik\u00ebs S\u00ebrbis.<\/p>\n<p><strong>IV<\/strong><strong>SHUMA<\/strong><strong>DHE<\/strong><strong>PAGESA<\/strong><strong>E<\/strong><strong>BURSAVE<\/strong><\/p>\n<p>Shuma neto e burs\u00ebs s\u00eb lejuar prej 45.000 dinar\u00ebve paguhet p\u00ebr vitin aktual t\u00eb studimeve n\u00eb 9 k\u00ebste mujore duke filluar nga tetori i vitit 2012.<\/p>\n<p>P\u00ebrveq shum\u00ebs s\u00eb burs\u00ebs,trupi Koordinues, n\u00eb p\u00ebrputhshm\u00ebri me mjetet e lejuara, kandidatve shqiptar t\u00eb cil\u00ebt p\u00ebrmbushin kushtet t\u00eb parapara me konkurs, do t\u2019i mund\u00ebsoj ndjekjen e kursit t\u00eb gjuh\u00ebs serbe n\u00eb periudh\u00eb tremujore,pas faz\u00ebs s\u00eb par\u00eb t\u00eb procesit t\u00eb zgjedhjes deri tek n\u00ebnshtrimi n\u00eb provim pranues.<\/p>\n<p>Bursat do t\u00eb paguhen n\u00eb llogarin\u00eb bankare t\u00eb p\u00ebrdoruesve t\u00eb\u00a0burs\u00ebs.<\/p>\n<p>Pagesa\u00a0e bursave t\u00eb miratuara\u00a0pezullohet\u00a0n\u00eb rast t\u00eb\u00a0keqp\u00ebdorimit p\u00ebrgjat shpenzimeve,\u00a0n\u00eb rast t\u00eb mos arritjes s\u00eb kushtit p\u00ebr\u00a0 vitin e ardhsh\u00ebm\u00a0t\u00eb studimeve\u00a0dhe\u00a0n\u00ebse kandidati\u00a0l\u00eb\u00a0studimet.<\/p>\n<p>T\u00eb drejtat dhe obligimet e shfrytzuesve t\u00eb bursave definohen n\u00eb kontrat\u00ebn e ndarjes s\u00eb bursave, t\u00eb cil\u00ebn kandidat\u00ebt,pas shpalljes s\u00eb list\u00ebs p\u00ebrfundimtare, e n\u00ebnshkruajn me trupin Koordinues.<\/p>\n<p><strong>V\u00a0 AFATI\u00a0I DORZIMIT T\u00cb DOKUMENTEVE <\/strong><\/p>\n<p>Konkursi \u00ebsht\u00eb i hapur nga 10, shkurti \u2013 23 shkurt t\u00eb vitit 2012. Deri ora 16:00<\/p>\n<p>Aplikimi p\u00ebr konkurs p\u00ebr ndarjen e bursave dhe dokumtave p\u00ebr kandidat\u00ebt nga komuna e Bujanocit, dorzohen n\u00eb zyr\u00ebn e Sh\u00ebrbimit t\u00eb trupit Koordinues n\u00eb Bujanoc , (nd\u00ebrtesa e komun\u00ebs Buajnoc, Karagjorgje Petroviq 115 ) dhe n\u00eb zyr\u00ebn e Sh\u00ebrbimit t\u00eb trupit Koordinues n\u00eb Preshev\u00eb (rruga Sava Kovaqeviq 12).<\/p>\n<p>Organi i cili b\u00ebn pranimin e lutjes n\u00eb t\u00eb njejt\u00ebn vendos vul\u00ebn pranuese dhe dat\u00ebn kur \u00ebsht\u00eb pranuar lutja.<\/p>\n<p>Dokumentat e pakompletuar dhe ato q\u00eb dorzohen pas skadimit t\u00eb afatit t\u00eb konkursit nuk do t\u00eb merren n\u00eb konsiderat..<\/p>\n<p>Renditjen p\u00ebrfundimtare dhe krijim e list\u00ebs do t\u00eb shpall komisioni p\u00ebr ndarjen e bursave, i formuar me vendimin e drejtoresh\u00ebs s\u00eb Sh\u00ebrbimit t\u00eb trupit Koordinues, pas publikimit t\u00eb renditjes n\u00eb fakultetet e Universitetit t\u00eb Novi Sadit, m\u00eb s\u00eb voni deri 22.07.2012.<\/p>\n<p><a href=\"http:\/\/www.kt.gov.rs\/images\/konkurs10022012_alb.pdf\">KONKURS P\u00ebr ndarjen e bursave p\u00ebr regjistrim t\u00eb studimeve n\u00eb Universitetin e Novi Sadit<\/a><\/p>\n","protected":false},"excerpt":{"rendered":"<p>Sh\u00ebrbimi i trupit Koordinues, n\u00eb p\u00ebrputhshm\u00ebri me prioritetet e definuara, duke u munduar n\u00eb m\u00ebnyr t\u00eb veqant t\u00eb p\u00ebrmirsoj kualitetin e arsimimit n\u00eb territorrin e komun\u00ebs s\u00eb Bujanocit dhe Preshev\u00ebs, shpall konkurs p\u00ebr ndarjen e 10 bursave studentore p\u00ebr t\u00eb rinj\u00ebt me vendbanim n\u00eb komun\u00ebn e Bujanocit dhe Preshev\u00ebs.<\/p>\n","protected":false},"author":1,"featured_media":0,"comment_status":"closed","ping_status":"closed","sticky":false,"template":"","format":"standard","meta":{"footnotes":""},"categories":[55],"tags":[],"class_list":["post-142012","post","type-post","status-publish","format-standard","hentry","category-lajme"],"yoast_head":"<!-- This site is optimized with the Yoast SEO plugin v27.5 - https:\/\/yoast.com\/product\/yoast-seo-wordpress\/ -->\n<title>KONKURS P\u00ebr ndarjen e bursave p\u00ebr regjistrim t\u00eb studimeve n\u00eb Universitetin e Novi Sadit - Republika e S\u00ebrbis\u00eb Trupi Koordinues p\u00ebr komunat Bujanoc, Preshev\u00eb dhe Medvegj\u00eb<\/title>\n<meta name=\"robots\" content=\"index, follow, max-snippet:-1, max-image-preview:large, max-video-preview:-1\" \/>\n<link rel=\"canonical\" href=\"https:\/\/kt.gov.rs\/sq\/konkurs-per-ndarjen-e-bursave-per-regjistrim-te-studimeve-ne-universitetin-e-novi-sadit\/\" \/>\n<meta property=\"og:locale\" content=\"sq_AL\" \/>\n<meta property=\"og:type\" content=\"article\" \/>\n<meta property=\"og:title\" content=\"KONKURS P\u00ebr ndarjen e bursave p\u00ebr regjistrim t\u00eb studimeve n\u00eb Universitetin e Novi Sadit - Republika e S\u00ebrbis\u00eb Trupi Koordinues p\u00ebr komunat Bujanoc, Preshev\u00eb dhe Medvegj\u00eb\" \/>\n<meta property=\"og:description\" content=\"Sh\u00ebrbimi i trupit Koordinues, n\u00eb p\u00ebrputhshm\u00ebri me prioritetet e definuara, duke u munduar n\u00eb m\u00ebnyr t\u00eb veqant t\u00eb p\u00ebrmirsoj kualitetin e arsimimit n\u00eb territorrin e komun\u00ebs s\u00eb Bujanocit dhe Preshev\u00ebs, shpall konkurs p\u00ebr ndarjen e 10 bursave studentore p\u00ebr t\u00eb rinj\u00ebt me vendbanim n\u00eb komun\u00ebn e Bujanocit dhe Preshev\u00ebs.\" \/>\n<meta property=\"og:url\" content=\"https:\/\/kt.gov.rs\/sq\/konkurs-per-ndarjen-e-bursave-per-regjistrim-te-studimeve-ne-universitetin-e-novi-sadit\/\" \/>\n<meta property=\"og:site_name\" content=\"Republika e S\u00ebrbis\u00eb Trupi Koordinues p\u00ebr komunat Bujanoc, Preshev\u00eb dhe Medvegj\u00eb\" \/>\n<meta property=\"article:publisher\" content=\"https:\/\/www.facebook.com\/SluzbaKoordinacionogTelaVladeRepublikeSrbije\" \/>\n<meta property=\"article:published_time\" content=\"2012-02-10T00:00:00+00:00\" \/>\n<meta name=\"author\" content=\"ktmin\" \/>\n<meta name=\"twitter:card\" content=\"summary_large_image\" \/>\n<meta name=\"twitter:creator\" content=\"@kt_gov\" \/>\n<meta name=\"twitter:site\" content=\"@kt_gov\" \/>\n<meta name=\"twitter:label1\" content=\"Written by\" \/>\n\t<meta name=\"twitter:data1\" content=\"ktmin\" \/>\n\t<meta name=\"twitter:label2\" content=\"Est. reading time\" \/>\n\t<meta name=\"twitter:data2\" content=\"6 minutes\" \/>\n<script type=\"application\/ld+json\" class=\"yoast-schema-graph\">{\"@context\":\"https:\\\/\\\/schema.org\",\"@graph\":[{\"@type\":\"Article\",\"@id\":\"https:\\\/\\\/kt.gov.rs\\\/sq\\\/konkurs-per-ndarjen-e-bursave-per-regjistrim-te-studimeve-ne-universitetin-e-novi-sadit\\\/#article\",\"isPartOf\":{\"@id\":\"https:\\\/\\\/kt.gov.rs\\\/sq\\\/konkurs-per-ndarjen-e-bursave-per-regjistrim-te-studimeve-ne-universitetin-e-novi-sadit\\\/\"},\"author\":{\"name\":\"ktmin\",\"@id\":\"https:\\\/\\\/kt.gov.rs\\\/#\\\/schema\\\/person\\\/e426459ddb4173309103390602694571\"},\"headline\":\"KONKURS P\u00ebr ndarjen e bursave p\u00ebr regjistrim t\u00eb studimeve n\u00eb Universitetin e Novi Sadit\",\"datePublished\":\"2012-02-10T00:00:00+00:00\",\"mainEntityOfPage\":{\"@id\":\"https:\\\/\\\/kt.gov.rs\\\/sq\\\/konkurs-per-ndarjen-e-bursave-per-regjistrim-te-studimeve-ne-universitetin-e-novi-sadit\\\/\"},\"wordCount\":1215,\"publisher\":{\"@id\":\"https:\\\/\\\/kt.gov.rs\\\/#organization\"},\"articleSection\":[\"Lajme\"],\"inLanguage\":\"sq-AL\"},{\"@type\":\"WebPage\",\"@id\":\"https:\\\/\\\/kt.gov.rs\\\/sq\\\/konkurs-per-ndarjen-e-bursave-per-regjistrim-te-studimeve-ne-universitetin-e-novi-sadit\\\/\",\"url\":\"https:\\\/\\\/kt.gov.rs\\\/sq\\\/konkurs-per-ndarjen-e-bursave-per-regjistrim-te-studimeve-ne-universitetin-e-novi-sadit\\\/\",\"name\":\"KONKURS P\u00ebr ndarjen e bursave p\u00ebr regjistrim t\u00eb studimeve n\u00eb Universitetin e Novi Sadit - Republika e S\u00ebrbis\u00eb Trupi Koordinues p\u00ebr komunat Bujanoc, Preshev\u00eb dhe Medvegj\u00eb\",\"isPartOf\":{\"@id\":\"https:\\\/\\\/kt.gov.rs\\\/#website\"},\"datePublished\":\"2012-02-10T00:00:00+00:00\",\"breadcrumb\":{\"@id\":\"https:\\\/\\\/kt.gov.rs\\\/sq\\\/konkurs-per-ndarjen-e-bursave-per-regjistrim-te-studimeve-ne-universitetin-e-novi-sadit\\\/#breadcrumb\"},\"inLanguage\":\"sq-AL\",\"potentialAction\":[{\"@type\":\"ReadAction\",\"target\":[\"https:\\\/\\\/kt.gov.rs\\\/sq\\\/konkurs-per-ndarjen-e-bursave-per-regjistrim-te-studimeve-ne-universitetin-e-novi-sadit\\\/\"]}]},{\"@type\":\"BreadcrumbList\",\"@id\":\"https:\\\/\\\/kt.gov.rs\\\/sq\\\/konkurs-per-ndarjen-e-bursave-per-regjistrim-te-studimeve-ne-universitetin-e-novi-sadit\\\/#breadcrumb\",\"itemListElement\":[{\"@type\":\"ListItem\",\"position\":1,\"name\":\"\u041f\u043e\u0447\u0435\u0442\u043d\u0430\",\"item\":\"https:\\\/\\\/kt.gov.rs\\\/sq\\\/\"},{\"@type\":\"ListItem\",\"position\":2,\"name\":\"KONKURS P\u00ebr ndarjen e bursave p\u00ebr regjistrim t\u00eb studimeve n\u00eb Universitetin e Novi Sadit\"}]},{\"@type\":\"WebSite\",\"@id\":\"https:\\\/\\\/kt.gov.rs\\\/#website\",\"url\":\"https:\\\/\\\/kt.gov.rs\\\/\",\"name\":\"\u041a\u043e\u043e\u0440\u0434\u0438\u043d\u0430\u0446\u0438\u043e\u043d\u043e \u0442\u0435\u043b\u043e \u0412\u043b\u0430\u0434\u0435 \u0420\u0435\u043f\u0443\u0431\u043b\u0438\u043a\u0435 \u0421\u0440\u0431\u0438\u0458\u0435 \u0437\u0430 \u043e\u043f\u0448\u0442\u0438\u043d\u0435 \u041f\u0440\u0435\u0448\u0435\u0432\u043e, \u0411\u0443\u0458\u0430\u043d\u043e\u0432\u0430\u0446 \u0438 \u041c\u0435\u0434\u0432\u0435\u0452a\",\"description\":\"\",\"publisher\":{\"@id\":\"https:\\\/\\\/kt.gov.rs\\\/#organization\"},\"alternateName\":\"\u041a\u043e\u043e\u0440\u0434\u0438\u043d\u0430\u0446\u0438\u043e\u043d\u043e \u0442\u0435\u043b\u043e\",\"potentialAction\":[{\"@type\":\"SearchAction\",\"target\":{\"@type\":\"EntryPoint\",\"urlTemplate\":\"https:\\\/\\\/kt.gov.rs\\\/?s={search_term_string}\"},\"query-input\":{\"@type\":\"PropertyValueSpecification\",\"valueRequired\":true,\"valueName\":\"search_term_string\"}}],\"inLanguage\":\"sq-AL\"},{\"@type\":\"Organization\",\"@id\":\"https:\\\/\\\/kt.gov.rs\\\/#organization\",\"name\":\"\u041a\u043e\u043e\u0440\u0434\u0438\u043d\u0430\u0446\u0438\u043e\u043d\u043e \u0442\u0435\u043b\u043e \u0412\u043b\u0430\u0434\u0435 \u0420\u0435\u043f\u0443\u0431\u043b\u0438\u043a\u0435 \u0421\u0440\u0431\u0438\u0458\u0435 \u0437\u0430 \u043e\u043f\u0448\u0442\u0438\u043d\u0435 \u041f\u0440\u0435\u0448\u0435\u0432\u043e, \u0411\u0443\u0458\u0430\u043d\u043e\u0432\u0430\u0446 \u0438 \u041c\u0435\u0434\u0432\u0435\u0452a\",\"alternateName\":\"\u041a\u043e\u043e\u0440\u0434\u0438\u043d\u0430\u0446\u0438\u043e\u043d\u043e \u0442\u0435\u043b\u043e\",\"url\":\"https:\\\/\\\/kt.gov.rs\\\/\",\"logo\":{\"@type\":\"ImageObject\",\"inLanguage\":\"sq-AL\",\"@id\":\"https:\\\/\\\/kt.gov.rs\\\/#\\\/schema\\\/logo\\\/image\\\/\",\"url\":\"https:\\\/\\\/kt.gov.rs\\\/wp-content\\\/uploads\\\/2024\\\/12\\\/koord2.jpg\",\"contentUrl\":\"https:\\\/\\\/kt.gov.rs\\\/wp-content\\\/uploads\\\/2024\\\/12\\\/koord2.jpg\",\"width\":640,\"height\":480,\"caption\":\"\u041a\u043e\u043e\u0440\u0434\u0438\u043d\u0430\u0446\u0438\u043e\u043d\u043e \u0442\u0435\u043b\u043e \u0412\u043b\u0430\u0434\u0435 \u0420\u0435\u043f\u0443\u0431\u043b\u0438\u043a\u0435 \u0421\u0440\u0431\u0438\u0458\u0435 \u0437\u0430 \u043e\u043f\u0448\u0442\u0438\u043d\u0435 \u041f\u0440\u0435\u0448\u0435\u0432\u043e, \u0411\u0443\u0458\u0430\u043d\u043e\u0432\u0430\u0446 \u0438 \u041c\u0435\u0434\u0432\u0435\u0452a\"},\"image\":{\"@id\":\"https:\\\/\\\/kt.gov.rs\\\/#\\\/schema\\\/logo\\\/image\\\/\"},\"sameAs\":[\"https:\\\/\\\/www.facebook.com\\\/SluzbaKoordinacionogTelaVladeRepublikeSrbije\",\"https:\\\/\\\/x.com\\\/kt_gov\",\"https:\\\/\\\/www.youtube.com\\\/@koordinacionotelo\"]},{\"@type\":\"Person\",\"@id\":\"https:\\\/\\\/kt.gov.rs\\\/#\\\/schema\\\/person\\\/e426459ddb4173309103390602694571\",\"name\":\"ktmin\",\"image\":{\"@type\":\"ImageObject\",\"inLanguage\":\"sq-AL\",\"@id\":\"https:\\\/\\\/secure.gravatar.com\\\/avatar\\\/3985c961109853010c3fbc7ba30365bfba5db3dd6c525831d9c595c7525a615a?s=96&d=mm&r=g\",\"url\":\"https:\\\/\\\/secure.gravatar.com\\\/avatar\\\/3985c961109853010c3fbc7ba30365bfba5db3dd6c525831d9c595c7525a615a?s=96&d=mm&r=g\",\"contentUrl\":\"https:\\\/\\\/secure.gravatar.com\\\/avatar\\\/3985c961109853010c3fbc7ba30365bfba5db3dd6c525831d9c595c7525a615a?s=96&d=mm&r=g\",\"caption\":\"ktmin\"},\"sameAs\":[\"https:\\\/\\\/kt.gov.rs\"],\"url\":\"https:\\\/\\\/kt.gov.rs\\\/sq\\\/author\\\/ktmin\\\/\"}]}<\/script>\n<!-- \/ Yoast SEO plugin. -->","yoast_head_json":{"title":"KONKURS P\u00ebr ndarjen e bursave p\u00ebr regjistrim t\u00eb studimeve n\u00eb Universitetin e Novi Sadit - Republika e S\u00ebrbis\u00eb Trupi Koordinues p\u00ebr komunat Bujanoc, Preshev\u00eb dhe Medvegj\u00eb","robots":{"index":"index","follow":"follow","max-snippet":"max-snippet:-1","max-image-preview":"max-image-preview:large","max-video-preview":"max-video-preview:-1"},"canonical":"https:\/\/kt.gov.rs\/sq\/konkurs-per-ndarjen-e-bursave-per-regjistrim-te-studimeve-ne-universitetin-e-novi-sadit\/","og_locale":"sq_AL","og_type":"article","og_title":"KONKURS P\u00ebr ndarjen e bursave p\u00ebr regjistrim t\u00eb studimeve n\u00eb Universitetin e Novi Sadit - Republika e S\u00ebrbis\u00eb Trupi Koordinues p\u00ebr komunat Bujanoc, Preshev\u00eb dhe Medvegj\u00eb","og_description":"Sh\u00ebrbimi i trupit Koordinues, n\u00eb p\u00ebrputhshm\u00ebri me prioritetet e definuara, duke u munduar n\u00eb m\u00ebnyr t\u00eb veqant t\u00eb p\u00ebrmirsoj kualitetin e arsimimit n\u00eb territorrin e komun\u00ebs s\u00eb Bujanocit dhe Preshev\u00ebs, shpall konkurs p\u00ebr ndarjen e 10 bursave studentore p\u00ebr t\u00eb rinj\u00ebt me vendbanim n\u00eb komun\u00ebn e Bujanocit dhe Preshev\u00ebs.","og_url":"https:\/\/kt.gov.rs\/sq\/konkurs-per-ndarjen-e-bursave-per-regjistrim-te-studimeve-ne-universitetin-e-novi-sadit\/","og_site_name":"Republika e S\u00ebrbis\u00eb Trupi Koordinues p\u00ebr komunat Bujanoc, Preshev\u00eb dhe Medvegj\u00eb","article_publisher":"https:\/\/www.facebook.com\/SluzbaKoordinacionogTelaVladeRepublikeSrbije","article_published_time":"2012-02-10T00:00:00+00:00","author":"ktmin","twitter_card":"summary_large_image","twitter_creator":"@kt_gov","twitter_site":"@kt_gov","twitter_misc":{"Written by":"ktmin","Est. reading time":"6 minutes"},"schema":{"@context":"https:\/\/schema.org","@graph":[{"@type":"Article","@id":"https:\/\/kt.gov.rs\/sq\/konkurs-per-ndarjen-e-bursave-per-regjistrim-te-studimeve-ne-universitetin-e-novi-sadit\/#article","isPartOf":{"@id":"https:\/\/kt.gov.rs\/sq\/konkurs-per-ndarjen-e-bursave-per-regjistrim-te-studimeve-ne-universitetin-e-novi-sadit\/"},"author":{"name":"ktmin","@id":"https:\/\/kt.gov.rs\/#\/schema\/person\/e426459ddb4173309103390602694571"},"headline":"KONKURS P\u00ebr ndarjen e bursave p\u00ebr regjistrim t\u00eb studimeve n\u00eb Universitetin e Novi Sadit","datePublished":"2012-02-10T00:00:00+00:00","mainEntityOfPage":{"@id":"https:\/\/kt.gov.rs\/sq\/konkurs-per-ndarjen-e-bursave-per-regjistrim-te-studimeve-ne-universitetin-e-novi-sadit\/"},"wordCount":1215,"publisher":{"@id":"https:\/\/kt.gov.rs\/#organization"},"articleSection":["Lajme"],"inLanguage":"sq-AL"},{"@type":"WebPage","@id":"https:\/\/kt.gov.rs\/sq\/konkurs-per-ndarjen-e-bursave-per-regjistrim-te-studimeve-ne-universitetin-e-novi-sadit\/","url":"https:\/\/kt.gov.rs\/sq\/konkurs-per-ndarjen-e-bursave-per-regjistrim-te-studimeve-ne-universitetin-e-novi-sadit\/","name":"KONKURS P\u00ebr ndarjen e bursave p\u00ebr regjistrim t\u00eb studimeve n\u00eb Universitetin e Novi Sadit - Republika e S\u00ebrbis\u00eb Trupi Koordinues p\u00ebr komunat Bujanoc, Preshev\u00eb dhe Medvegj\u00eb","isPartOf":{"@id":"https:\/\/kt.gov.rs\/#website"},"datePublished":"2012-02-10T00:00:00+00:00","breadcrumb":{"@id":"https:\/\/kt.gov.rs\/sq\/konkurs-per-ndarjen-e-bursave-per-regjistrim-te-studimeve-ne-universitetin-e-novi-sadit\/#breadcrumb"},"inLanguage":"sq-AL","potentialAction":[{"@type":"ReadAction","target":["https:\/\/kt.gov.rs\/sq\/konkurs-per-ndarjen-e-bursave-per-regjistrim-te-studimeve-ne-universitetin-e-novi-sadit\/"]}]},{"@type":"BreadcrumbList","@id":"https:\/\/kt.gov.rs\/sq\/konkurs-per-ndarjen-e-bursave-per-regjistrim-te-studimeve-ne-universitetin-e-novi-sadit\/#breadcrumb","itemListElement":[{"@type":"ListItem","position":1,"name":"\u041f\u043e\u0447\u0435\u0442\u043d\u0430","item":"https:\/\/kt.gov.rs\/sq\/"},{"@type":"ListItem","position":2,"name":"KONKURS P\u00ebr ndarjen e bursave p\u00ebr regjistrim t\u00eb studimeve n\u00eb Universitetin e Novi Sadit"}]},{"@type":"WebSite","@id":"https:\/\/kt.gov.rs\/#website","url":"https:\/\/kt.gov.rs\/","name":"\u041a\u043e\u043e\u0440\u0434\u0438\u043d\u0430\u0446\u0438\u043e\u043d\u043e \u0442\u0435\u043b\u043e \u0412\u043b\u0430\u0434\u0435 \u0420\u0435\u043f\u0443\u0431\u043b\u0438\u043a\u0435 \u0421\u0440\u0431\u0438\u0458\u0435 \u0437\u0430 \u043e\u043f\u0448\u0442\u0438\u043d\u0435 \u041f\u0440\u0435\u0448\u0435\u0432\u043e, \u0411\u0443\u0458\u0430\u043d\u043e\u0432\u0430\u0446 \u0438 \u041c\u0435\u0434\u0432\u0435\u0452a","description":"","publisher":{"@id":"https:\/\/kt.gov.rs\/#organization"},"alternateName":"\u041a\u043e\u043e\u0440\u0434\u0438\u043d\u0430\u0446\u0438\u043e\u043d\u043e \u0442\u0435\u043b\u043e","potentialAction":[{"@type":"SearchAction","target":{"@type":"EntryPoint","urlTemplate":"https:\/\/kt.gov.rs\/?s={search_term_string}"},"query-input":{"@type":"PropertyValueSpecification","valueRequired":true,"valueName":"search_term_string"}}],"inLanguage":"sq-AL"},{"@type":"Organization","@id":"https:\/\/kt.gov.rs\/#organization","name":"\u041a\u043e\u043e\u0440\u0434\u0438\u043d\u0430\u0446\u0438\u043e\u043d\u043e \u0442\u0435\u043b\u043e \u0412\u043b\u0430\u0434\u0435 \u0420\u0435\u043f\u0443\u0431\u043b\u0438\u043a\u0435 \u0421\u0440\u0431\u0438\u0458\u0435 \u0437\u0430 \u043e\u043f\u0448\u0442\u0438\u043d\u0435 \u041f\u0440\u0435\u0448\u0435\u0432\u043e, \u0411\u0443\u0458\u0430\u043d\u043e\u0432\u0430\u0446 \u0438 \u041c\u0435\u0434\u0432\u0435\u0452a","alternateName":"\u041a\u043e\u043e\u0440\u0434\u0438\u043d\u0430\u0446\u0438\u043e\u043d\u043e \u0442\u0435\u043b\u043e","url":"https:\/\/kt.gov.rs\/","logo":{"@type":"ImageObject","inLanguage":"sq-AL","@id":"https:\/\/kt.gov.rs\/#\/schema\/logo\/image\/","url":"https:\/\/kt.gov.rs\/wp-content\/uploads\/2024\/12\/koord2.jpg","contentUrl":"https:\/\/kt.gov.rs\/wp-content\/uploads\/2024\/12\/koord2.jpg","width":640,"height":480,"caption":"\u041a\u043e\u043e\u0440\u0434\u0438\u043d\u0430\u0446\u0438\u043e\u043d\u043e \u0442\u0435\u043b\u043e \u0412\u043b\u0430\u0434\u0435 \u0420\u0435\u043f\u0443\u0431\u043b\u0438\u043a\u0435 \u0421\u0440\u0431\u0438\u0458\u0435 \u0437\u0430 \u043e\u043f\u0448\u0442\u0438\u043d\u0435 \u041f\u0440\u0435\u0448\u0435\u0432\u043e, \u0411\u0443\u0458\u0430\u043d\u043e\u0432\u0430\u0446 \u0438 \u041c\u0435\u0434\u0432\u0435\u0452a"},"image":{"@id":"https:\/\/kt.gov.rs\/#\/schema\/logo\/image\/"},"sameAs":["https:\/\/www.facebook.com\/SluzbaKoordinacionogTelaVladeRepublikeSrbije","https:\/\/x.com\/kt_gov","https:\/\/www.youtube.com\/@koordinacionotelo"]},{"@type":"Person","@id":"https:\/\/kt.gov.rs\/#\/schema\/person\/e426459ddb4173309103390602694571","name":"ktmin","image":{"@type":"ImageObject","inLanguage":"sq-AL","@id":"https:\/\/secure.gravatar.com\/avatar\/3985c961109853010c3fbc7ba30365bfba5db3dd6c525831d9c595c7525a615a?s=96&d=mm&r=g","url":"https:\/\/secure.gravatar.com\/avatar\/3985c961109853010c3fbc7ba30365bfba5db3dd6c525831d9c595c7525a615a?s=96&d=mm&r=g","contentUrl":"https:\/\/secure.gravatar.com\/avatar\/3985c961109853010c3fbc7ba30365bfba5db3dd6c525831d9c595c7525a615a?s=96&d=mm&r=g","caption":"ktmin"},"sameAs":["https:\/\/kt.gov.rs"],"url":"https:\/\/kt.gov.rs\/sq\/author\/ktmin\/"}]}},"_links":{"self":[{"href":"https:\/\/kt.gov.rs\/sq\/wp-json\/wp\/v2\/posts\/142012","targetHints":{"allow":["GET"]}}],"collection":[{"href":"https:\/\/kt.gov.rs\/sq\/wp-json\/wp\/v2\/posts"}],"about":[{"href":"https:\/\/kt.gov.rs\/sq\/wp-json\/wp\/v2\/types\/post"}],"author":[{"embeddable":true,"href":"https:\/\/kt.gov.rs\/sq\/wp-json\/wp\/v2\/users\/1"}],"replies":[{"embeddable":true,"href":"https:\/\/kt.gov.rs\/sq\/wp-json\/wp\/v2\/comments?post=142012"}],"version-history":[{"count":0,"href":"https:\/\/kt.gov.rs\/sq\/wp-json\/wp\/v2\/posts\/142012\/revisions"}],"wp:attachment":[{"href":"https:\/\/kt.gov.rs\/sq\/wp-json\/wp\/v2\/media?parent=142012"}],"wp:term":[{"taxonomy":"category","embeddable":true,"href":"https:\/\/kt.gov.rs\/sq\/wp-json\/wp\/v2\/categories?post=142012"},{"taxonomy":"post_tag","embeddable":true,"href":"https:\/\/kt.gov.rs\/sq\/wp-json\/wp\/v2\/tags?post=142012"}],"curies":[{"name":"wp","href":"https:\/\/api.w.org\/{rel}","templated":true}]}}