{"id":142011,"date":"2012-02-10T00:00:00","date_gmt":"2012-02-10T00:00:00","guid":{"rendered":"http:\/\/kt.printandscreen.rs\/ftohti-ne-komune-gjykate-dhe-ne-shtepi-te-kultures\/"},"modified":"2012-02-10T00:00:00","modified_gmt":"2012-02-10T00:00:00","slug":"ftohti-ne-komune-gjykate-dhe-ne-shtepi-te-kultures","status":"publish","type":"post","link":"https:\/\/kt.gov.rs\/sq\/ftohti-ne-komune-gjykate-dhe-ne-shtepi-te-kultures\/","title":{"rendered":"FTOHTI N\u00cb KOMUN\u00cb, GJYKAT\u00cb DHE N\u00cb SHT\u00cbPI T\u00cb KULTUR\u00cbS"},"content":{"rendered":"<p>Bujanoc\u00a0 \u2013 Dit\u00ebt e ftohta, ambienti edhe m\u00eb i ftoht\u00eb n\u00eb nd\u00ebrtes\u00ebn e KK, n\u00eb sht\u00ebpi t\u00eb kultur\u00ebs, gjykat\u00eb, n\u00eb post\u00eb, n\u00eb nd\u00ebrtes\u00ebn e banueshme n\u00eb Bujanoc t\u00eb ashtuquajtur \u201csoliter\u201d ku t\u00eb punsuarit dhe banor\u00ebt jan\u00eb af\u00ebr radiatorve t\u00eb ftohur.<\/p>\n<p>P\u00ebr fat q\u00eb pushimet jan\u00eb zbatuar p\u00ebr nx\u00ebn\u00ebxit dhe punonj\u00ebsit n\u00eb shkoll\u00eb t\u00eb mesme \u201cSveti Sava\u201d. Met\u00eb v\u00ebrtet do t\u00eb ishte r\u00ebnd p\u00ebr ta ndjekur m\u00ebsimin edhe me rroba t\u00eb dimrit. Fajtor p\u00ebr k\u00ebt\u00eb gjendje \u00ebsht\u00eb mazuti (nafta).\u00a0 Kompania lokale publike \u201cKomunalia\u201d sikur q\u00eb nuk e ka ditur se furnizimet jan\u00eb hargjuar dhe e kan\u00eb leju q\u00eb kjo t\u00eb ndodh\u00eb. <\/p>\n<p>\u201cNuk kemi as gram t\u00eb mazutit, por e kemi paguar nj\u00eb sasi t\u00eb caktuar dhe ja tani, po udh\u00ebton tanki (rezervuari)\u00a0 nga Pan\u00e7eva. V\u00ebt\u00ebm q\u00eb nuk ka mb\u00ebrri, shpresojm q\u00eb mos t\u00eb ngrihet rrug\u00ebs\u201d ka th\u00ebn\u00eb Shefik Ademi, shef i nxemjeve n\u00eb \u201cKomunali\u201d<\/p>\n<p>T\u00eb punsuarit dhe banor\u00ebt dit\u00eb\u00a0 kan\u00eb kaluar n\u00eb rroba t\u00eb dimrit, duke punuar m\u00eb pak, pjes\u00ebn m\u00eb t\u00eb madhe kan\u00eb kaluar n\u00ebp\u00ebr vende alternative me burim t\u00eb nxemjeve, shpresojn\u00eb q\u00eb tanki nga Pan\u00e7eva t\u00eb mb\u00ebrrij pa probleme, n\u00ebse nuk arrin, t\u00eb pakt\u00ebn dit\u00ebt t\u00eb jen\u00eb m\u00eb t\u00eb ngrohta.<\/p>\n","protected":false},"excerpt":{"rendered":"<p>Bujanoc\u00a0 \u2013 Dit\u00ebt e ftohta, ambienti edhe m\u00eb i ftoht\u00eb n\u00eb nd\u00ebrtes\u00ebn e KK,  n\u00eb sht\u00ebpi t\u00eb kultur\u00ebs, gjykat\u00eb, n\u00eb post\u00eb, n\u00eb nd\u00ebrtes\u00ebn e banueshme n\u00eb  Bujanoc t\u00eb ashtuquajtur \u201csoliter\u201d ku t\u00eb punsuarit dhe banor\u00ebt jan\u00eb af\u00ebr  radiatorve t\u00eb ftohur.<\/p>\n","protected":false},"author":1,"featured_media":0,"comment_status":"closed","ping_status":"closed","sticky":false,"template":"","format":"standard","meta":{"footnotes":""},"categories":[55],"tags":[],"class_list":["post-142011","post","type-post","status-publish","format-standard","hentry","category-lajme"],"yoast_head":"<!-- This site is optimized with the Yoast SEO plugin v27.5 - https:\/\/yoast.com\/product\/yoast-seo-wordpress\/ -->\n<title>FTOHTI N\u00cb KOMUN\u00cb, GJYKAT\u00cb DHE N\u00cb SHT\u00cbPI T\u00cb KULTUR\u00cbS - Republika e S\u00ebrbis\u00eb Trupi Koordinues p\u00ebr komunat Bujanoc, Preshev\u00eb dhe Medvegj\u00eb<\/title>\n<meta name=\"robots\" content=\"index, follow, max-snippet:-1, max-image-preview:large, max-video-preview:-1\" \/>\n<link rel=\"canonical\" href=\"https:\/\/kt.gov.rs\/sq\/ftohti-ne-komune-gjykate-dhe-ne-shtepi-te-kultures\/\" \/>\n<meta property=\"og:locale\" content=\"sq_AL\" \/>\n<meta property=\"og:type\" content=\"article\" \/>\n<meta property=\"og:title\" content=\"FTOHTI N\u00cb KOMUN\u00cb, GJYKAT\u00cb DHE N\u00cb SHT\u00cbPI T\u00cb KULTUR\u00cbS - Republika e S\u00ebrbis\u00eb Trupi Koordinues p\u00ebr komunat Bujanoc, Preshev\u00eb dhe Medvegj\u00eb\" \/>\n<meta property=\"og:description\" content=\"Bujanoc\u00a0 - Dit\u00ebt e ftohta, ambienti edhe m\u00eb i ftoht\u00eb n\u00eb nd\u00ebrtes\u00ebn e KK, n\u00eb sht\u00ebpi t\u00eb kultur\u00ebs, gjykat\u00eb, n\u00eb post\u00eb, n\u00eb nd\u00ebrtes\u00ebn e banueshme n\u00eb Bujanoc t\u00eb ashtuquajtur \u201csoliter\u201d ku t\u00eb punsuarit dhe banor\u00ebt jan\u00eb af\u00ebr radiatorve t\u00eb ftohur.\" \/>\n<meta property=\"og:url\" content=\"https:\/\/kt.gov.rs\/sq\/ftohti-ne-komune-gjykate-dhe-ne-shtepi-te-kultures\/\" \/>\n<meta property=\"og:site_name\" content=\"Republika e S\u00ebrbis\u00eb Trupi Koordinues p\u00ebr komunat Bujanoc, Preshev\u00eb dhe Medvegj\u00eb\" \/>\n<meta property=\"article:publisher\" content=\"https:\/\/www.facebook.com\/SluzbaKoordinacionogTelaVladeRepublikeSrbije\" \/>\n<meta property=\"article:published_time\" content=\"2012-02-10T00:00:00+00:00\" \/>\n<meta name=\"author\" content=\"ktmin\" \/>\n<meta name=\"twitter:card\" content=\"summary_large_image\" \/>\n<meta name=\"twitter:creator\" content=\"@kt_gov\" \/>\n<meta name=\"twitter:site\" content=\"@kt_gov\" \/>\n<meta name=\"twitter:label1\" content=\"Written by\" \/>\n\t<meta name=\"twitter:data1\" content=\"ktmin\" \/>\n\t<meta name=\"twitter:label2\" content=\"Est. reading time\" \/>\n\t<meta name=\"twitter:data2\" content=\"1 minute\" \/>\n<script type=\"application\/ld+json\" class=\"yoast-schema-graph\">{\"@context\":\"https:\\\/\\\/schema.org\",\"@graph\":[{\"@type\":\"Article\",\"@id\":\"https:\\\/\\\/kt.gov.rs\\\/sq\\\/ftohti-ne-komune-gjykate-dhe-ne-shtepi-te-kultures\\\/#article\",\"isPartOf\":{\"@id\":\"https:\\\/\\\/kt.gov.rs\\\/sq\\\/ftohti-ne-komune-gjykate-dhe-ne-shtepi-te-kultures\\\/\"},\"author\":{\"name\":\"ktmin\",\"@id\":\"https:\\\/\\\/kt.gov.rs\\\/#\\\/schema\\\/person\\\/e426459ddb4173309103390602694571\"},\"headline\":\"FTOHTI N\u00cb KOMUN\u00cb, GJYKAT\u00cb DHE N\u00cb SHT\u00cbPI T\u00cb KULTUR\u00cbS\",\"datePublished\":\"2012-02-10T00:00:00+00:00\",\"mainEntityOfPage\":{\"@id\":\"https:\\\/\\\/kt.gov.rs\\\/sq\\\/ftohti-ne-komune-gjykate-dhe-ne-shtepi-te-kultures\\\/\"},\"wordCount\":252,\"publisher\":{\"@id\":\"https:\\\/\\\/kt.gov.rs\\\/#organization\"},\"articleSection\":[\"Lajme\"],\"inLanguage\":\"sq-AL\"},{\"@type\":\"WebPage\",\"@id\":\"https:\\\/\\\/kt.gov.rs\\\/sq\\\/ftohti-ne-komune-gjykate-dhe-ne-shtepi-te-kultures\\\/\",\"url\":\"https:\\\/\\\/kt.gov.rs\\\/sq\\\/ftohti-ne-komune-gjykate-dhe-ne-shtepi-te-kultures\\\/\",\"name\":\"FTOHTI N\u00cb KOMUN\u00cb, GJYKAT\u00cb DHE N\u00cb SHT\u00cbPI T\u00cb KULTUR\u00cbS - Republika e S\u00ebrbis\u00eb Trupi Koordinues p\u00ebr komunat Bujanoc, Preshev\u00eb dhe Medvegj\u00eb\",\"isPartOf\":{\"@id\":\"https:\\\/\\\/kt.gov.rs\\\/#website\"},\"datePublished\":\"2012-02-10T00:00:00+00:00\",\"breadcrumb\":{\"@id\":\"https:\\\/\\\/kt.gov.rs\\\/sq\\\/ftohti-ne-komune-gjykate-dhe-ne-shtepi-te-kultures\\\/#breadcrumb\"},\"inLanguage\":\"sq-AL\",\"potentialAction\":[{\"@type\":\"ReadAction\",\"target\":[\"https:\\\/\\\/kt.gov.rs\\\/sq\\\/ftohti-ne-komune-gjykate-dhe-ne-shtepi-te-kultures\\\/\"]}]},{\"@type\":\"BreadcrumbList\",\"@id\":\"https:\\\/\\\/kt.gov.rs\\\/sq\\\/ftohti-ne-komune-gjykate-dhe-ne-shtepi-te-kultures\\\/#breadcrumb\",\"itemListElement\":[{\"@type\":\"ListItem\",\"position\":1,\"name\":\"\u041f\u043e\u0447\u0435\u0442\u043d\u0430\",\"item\":\"https:\\\/\\\/kt.gov.rs\\\/sq\\\/\"},{\"@type\":\"ListItem\",\"position\":2,\"name\":\"FTOHTI N\u00cb KOMUN\u00cb, GJYKAT\u00cb DHE N\u00cb SHT\u00cbPI T\u00cb KULTUR\u00cbS\"}]},{\"@type\":\"WebSite\",\"@id\":\"https:\\\/\\\/kt.gov.rs\\\/#website\",\"url\":\"https:\\\/\\\/kt.gov.rs\\\/\",\"name\":\"\u041a\u043e\u043e\u0440\u0434\u0438\u043d\u0430\u0446\u0438\u043e\u043d\u043e \u0442\u0435\u043b\u043e \u0412\u043b\u0430\u0434\u0435 \u0420\u0435\u043f\u0443\u0431\u043b\u0438\u043a\u0435 \u0421\u0440\u0431\u0438\u0458\u0435 \u0437\u0430 \u043e\u043f\u0448\u0442\u0438\u043d\u0435 \u041f\u0440\u0435\u0448\u0435\u0432\u043e, \u0411\u0443\u0458\u0430\u043d\u043e\u0432\u0430\u0446 \u0438 \u041c\u0435\u0434\u0432\u0435\u0452a\",\"description\":\"\",\"publisher\":{\"@id\":\"https:\\\/\\\/kt.gov.rs\\\/#organization\"},\"alternateName\":\"\u041a\u043e\u043e\u0440\u0434\u0438\u043d\u0430\u0446\u0438\u043e\u043d\u043e \u0442\u0435\u043b\u043e\",\"potentialAction\":[{\"@type\":\"SearchAction\",\"target\":{\"@type\":\"EntryPoint\",\"urlTemplate\":\"https:\\\/\\\/kt.gov.rs\\\/?s={search_term_string}\"},\"query-input\":{\"@type\":\"PropertyValueSpecification\",\"valueRequired\":true,\"valueName\":\"search_term_string\"}}],\"inLanguage\":\"sq-AL\"},{\"@type\":\"Organization\",\"@id\":\"https:\\\/\\\/kt.gov.rs\\\/#organization\",\"name\":\"\u041a\u043e\u043e\u0440\u0434\u0438\u043d\u0430\u0446\u0438\u043e\u043d\u043e \u0442\u0435\u043b\u043e \u0412\u043b\u0430\u0434\u0435 \u0420\u0435\u043f\u0443\u0431\u043b\u0438\u043a\u0435 \u0421\u0440\u0431\u0438\u0458\u0435 \u0437\u0430 \u043e\u043f\u0448\u0442\u0438\u043d\u0435 \u041f\u0440\u0435\u0448\u0435\u0432\u043e, \u0411\u0443\u0458\u0430\u043d\u043e\u0432\u0430\u0446 \u0438 \u041c\u0435\u0434\u0432\u0435\u0452a\",\"alternateName\":\"\u041a\u043e\u043e\u0440\u0434\u0438\u043d\u0430\u0446\u0438\u043e\u043d\u043e \u0442\u0435\u043b\u043e\",\"url\":\"https:\\\/\\\/kt.gov.rs\\\/\",\"logo\":{\"@type\":\"ImageObject\",\"inLanguage\":\"sq-AL\",\"@id\":\"https:\\\/\\\/kt.gov.rs\\\/#\\\/schema\\\/logo\\\/image\\\/\",\"url\":\"https:\\\/\\\/kt.gov.rs\\\/wp-content\\\/uploads\\\/2024\\\/12\\\/koord2.jpg\",\"contentUrl\":\"https:\\\/\\\/kt.gov.rs\\\/wp-content\\\/uploads\\\/2024\\\/12\\\/koord2.jpg\",\"width\":640,\"height\":480,\"caption\":\"\u041a\u043e\u043e\u0440\u0434\u0438\u043d\u0430\u0446\u0438\u043e\u043d\u043e \u0442\u0435\u043b\u043e \u0412\u043b\u0430\u0434\u0435 \u0420\u0435\u043f\u0443\u0431\u043b\u0438\u043a\u0435 \u0421\u0440\u0431\u0438\u0458\u0435 \u0437\u0430 \u043e\u043f\u0448\u0442\u0438\u043d\u0435 \u041f\u0440\u0435\u0448\u0435\u0432\u043e, \u0411\u0443\u0458\u0430\u043d\u043e\u0432\u0430\u0446 \u0438 \u041c\u0435\u0434\u0432\u0435\u0452a\"},\"image\":{\"@id\":\"https:\\\/\\\/kt.gov.rs\\\/#\\\/schema\\\/logo\\\/image\\\/\"},\"sameAs\":[\"https:\\\/\\\/www.facebook.com\\\/SluzbaKoordinacionogTelaVladeRepublikeSrbije\",\"https:\\\/\\\/x.com\\\/kt_gov\",\"https:\\\/\\\/www.youtube.com\\\/@koordinacionotelo\"]},{\"@type\":\"Person\",\"@id\":\"https:\\\/\\\/kt.gov.rs\\\/#\\\/schema\\\/person\\\/e426459ddb4173309103390602694571\",\"name\":\"ktmin\",\"image\":{\"@type\":\"ImageObject\",\"inLanguage\":\"sq-AL\",\"@id\":\"https:\\\/\\\/secure.gravatar.com\\\/avatar\\\/3985c961109853010c3fbc7ba30365bfba5db3dd6c525831d9c595c7525a615a?s=96&d=mm&r=g\",\"url\":\"https:\\\/\\\/secure.gravatar.com\\\/avatar\\\/3985c961109853010c3fbc7ba30365bfba5db3dd6c525831d9c595c7525a615a?s=96&d=mm&r=g\",\"contentUrl\":\"https:\\\/\\\/secure.gravatar.com\\\/avatar\\\/3985c961109853010c3fbc7ba30365bfba5db3dd6c525831d9c595c7525a615a?s=96&d=mm&r=g\",\"caption\":\"ktmin\"},\"sameAs\":[\"https:\\\/\\\/kt.gov.rs\"],\"url\":\"https:\\\/\\\/kt.gov.rs\\\/sq\\\/author\\\/ktmin\\\/\"}]}<\/script>\n<!-- \/ Yoast SEO plugin. -->","yoast_head_json":{"title":"FTOHTI N\u00cb KOMUN\u00cb, GJYKAT\u00cb DHE N\u00cb SHT\u00cbPI T\u00cb KULTUR\u00cbS - Republika e S\u00ebrbis\u00eb Trupi Koordinues p\u00ebr komunat Bujanoc, Preshev\u00eb dhe Medvegj\u00eb","robots":{"index":"index","follow":"follow","max-snippet":"max-snippet:-1","max-image-preview":"max-image-preview:large","max-video-preview":"max-video-preview:-1"},"canonical":"https:\/\/kt.gov.rs\/sq\/ftohti-ne-komune-gjykate-dhe-ne-shtepi-te-kultures\/","og_locale":"sq_AL","og_type":"article","og_title":"FTOHTI N\u00cb KOMUN\u00cb, GJYKAT\u00cb DHE N\u00cb SHT\u00cbPI T\u00cb KULTUR\u00cbS - Republika e S\u00ebrbis\u00eb Trupi Koordinues p\u00ebr komunat Bujanoc, Preshev\u00eb dhe Medvegj\u00eb","og_description":"Bujanoc\u00a0 - Dit\u00ebt e ftohta, ambienti edhe m\u00eb i ftoht\u00eb n\u00eb nd\u00ebrtes\u00ebn e KK, n\u00eb sht\u00ebpi t\u00eb kultur\u00ebs, gjykat\u00eb, n\u00eb post\u00eb, n\u00eb nd\u00ebrtes\u00ebn e banueshme n\u00eb Bujanoc t\u00eb ashtuquajtur \u201csoliter\u201d ku t\u00eb punsuarit dhe banor\u00ebt jan\u00eb af\u00ebr radiatorve t\u00eb ftohur.","og_url":"https:\/\/kt.gov.rs\/sq\/ftohti-ne-komune-gjykate-dhe-ne-shtepi-te-kultures\/","og_site_name":"Republika e S\u00ebrbis\u00eb Trupi Koordinues p\u00ebr komunat Bujanoc, Preshev\u00eb dhe Medvegj\u00eb","article_publisher":"https:\/\/www.facebook.com\/SluzbaKoordinacionogTelaVladeRepublikeSrbije","article_published_time":"2012-02-10T00:00:00+00:00","author":"ktmin","twitter_card":"summary_large_image","twitter_creator":"@kt_gov","twitter_site":"@kt_gov","twitter_misc":{"Written by":"ktmin","Est. reading time":"1 minute"},"schema":{"@context":"https:\/\/schema.org","@graph":[{"@type":"Article","@id":"https:\/\/kt.gov.rs\/sq\/ftohti-ne-komune-gjykate-dhe-ne-shtepi-te-kultures\/#article","isPartOf":{"@id":"https:\/\/kt.gov.rs\/sq\/ftohti-ne-komune-gjykate-dhe-ne-shtepi-te-kultures\/"},"author":{"name":"ktmin","@id":"https:\/\/kt.gov.rs\/#\/schema\/person\/e426459ddb4173309103390602694571"},"headline":"FTOHTI N\u00cb KOMUN\u00cb, GJYKAT\u00cb DHE N\u00cb SHT\u00cbPI T\u00cb KULTUR\u00cbS","datePublished":"2012-02-10T00:00:00+00:00","mainEntityOfPage":{"@id":"https:\/\/kt.gov.rs\/sq\/ftohti-ne-komune-gjykate-dhe-ne-shtepi-te-kultures\/"},"wordCount":252,"publisher":{"@id":"https:\/\/kt.gov.rs\/#organization"},"articleSection":["Lajme"],"inLanguage":"sq-AL"},{"@type":"WebPage","@id":"https:\/\/kt.gov.rs\/sq\/ftohti-ne-komune-gjykate-dhe-ne-shtepi-te-kultures\/","url":"https:\/\/kt.gov.rs\/sq\/ftohti-ne-komune-gjykate-dhe-ne-shtepi-te-kultures\/","name":"FTOHTI N\u00cb KOMUN\u00cb, GJYKAT\u00cb DHE N\u00cb SHT\u00cbPI T\u00cb KULTUR\u00cbS - Republika e S\u00ebrbis\u00eb Trupi Koordinues p\u00ebr komunat Bujanoc, Preshev\u00eb dhe Medvegj\u00eb","isPartOf":{"@id":"https:\/\/kt.gov.rs\/#website"},"datePublished":"2012-02-10T00:00:00+00:00","breadcrumb":{"@id":"https:\/\/kt.gov.rs\/sq\/ftohti-ne-komune-gjykate-dhe-ne-shtepi-te-kultures\/#breadcrumb"},"inLanguage":"sq-AL","potentialAction":[{"@type":"ReadAction","target":["https:\/\/kt.gov.rs\/sq\/ftohti-ne-komune-gjykate-dhe-ne-shtepi-te-kultures\/"]}]},{"@type":"BreadcrumbList","@id":"https:\/\/kt.gov.rs\/sq\/ftohti-ne-komune-gjykate-dhe-ne-shtepi-te-kultures\/#breadcrumb","itemListElement":[{"@type":"ListItem","position":1,"name":"\u041f\u043e\u0447\u0435\u0442\u043d\u0430","item":"https:\/\/kt.gov.rs\/sq\/"},{"@type":"ListItem","position":2,"name":"FTOHTI N\u00cb KOMUN\u00cb, GJYKAT\u00cb DHE N\u00cb SHT\u00cbPI T\u00cb KULTUR\u00cbS"}]},{"@type":"WebSite","@id":"https:\/\/kt.gov.rs\/#website","url":"https:\/\/kt.gov.rs\/","name":"\u041a\u043e\u043e\u0440\u0434\u0438\u043d\u0430\u0446\u0438\u043e\u043d\u043e \u0442\u0435\u043b\u043e \u0412\u043b\u0430\u0434\u0435 \u0420\u0435\u043f\u0443\u0431\u043b\u0438\u043a\u0435 \u0421\u0440\u0431\u0438\u0458\u0435 \u0437\u0430 \u043e\u043f\u0448\u0442\u0438\u043d\u0435 \u041f\u0440\u0435\u0448\u0435\u0432\u043e, \u0411\u0443\u0458\u0430\u043d\u043e\u0432\u0430\u0446 \u0438 \u041c\u0435\u0434\u0432\u0435\u0452a","description":"","publisher":{"@id":"https:\/\/kt.gov.rs\/#organization"},"alternateName":"\u041a\u043e\u043e\u0440\u0434\u0438\u043d\u0430\u0446\u0438\u043e\u043d\u043e \u0442\u0435\u043b\u043e","potentialAction":[{"@type":"SearchAction","target":{"@type":"EntryPoint","urlTemplate":"https:\/\/kt.gov.rs\/?s={search_term_string}"},"query-input":{"@type":"PropertyValueSpecification","valueRequired":true,"valueName":"search_term_string"}}],"inLanguage":"sq-AL"},{"@type":"Organization","@id":"https:\/\/kt.gov.rs\/#organization","name":"\u041a\u043e\u043e\u0440\u0434\u0438\u043d\u0430\u0446\u0438\u043e\u043d\u043e \u0442\u0435\u043b\u043e \u0412\u043b\u0430\u0434\u0435 \u0420\u0435\u043f\u0443\u0431\u043b\u0438\u043a\u0435 \u0421\u0440\u0431\u0438\u0458\u0435 \u0437\u0430 \u043e\u043f\u0448\u0442\u0438\u043d\u0435 \u041f\u0440\u0435\u0448\u0435\u0432\u043e, \u0411\u0443\u0458\u0430\u043d\u043e\u0432\u0430\u0446 \u0438 \u041c\u0435\u0434\u0432\u0435\u0452a","alternateName":"\u041a\u043e\u043e\u0440\u0434\u0438\u043d\u0430\u0446\u0438\u043e\u043d\u043e \u0442\u0435\u043b\u043e","url":"https:\/\/kt.gov.rs\/","logo":{"@type":"ImageObject","inLanguage":"sq-AL","@id":"https:\/\/kt.gov.rs\/#\/schema\/logo\/image\/","url":"https:\/\/kt.gov.rs\/wp-content\/uploads\/2024\/12\/koord2.jpg","contentUrl":"https:\/\/kt.gov.rs\/wp-content\/uploads\/2024\/12\/koord2.jpg","width":640,"height":480,"caption":"\u041a\u043e\u043e\u0440\u0434\u0438\u043d\u0430\u0446\u0438\u043e\u043d\u043e \u0442\u0435\u043b\u043e \u0412\u043b\u0430\u0434\u0435 \u0420\u0435\u043f\u0443\u0431\u043b\u0438\u043a\u0435 \u0421\u0440\u0431\u0438\u0458\u0435 \u0437\u0430 \u043e\u043f\u0448\u0442\u0438\u043d\u0435 \u041f\u0440\u0435\u0448\u0435\u0432\u043e, \u0411\u0443\u0458\u0430\u043d\u043e\u0432\u0430\u0446 \u0438 \u041c\u0435\u0434\u0432\u0435\u0452a"},"image":{"@id":"https:\/\/kt.gov.rs\/#\/schema\/logo\/image\/"},"sameAs":["https:\/\/www.facebook.com\/SluzbaKoordinacionogTelaVladeRepublikeSrbije","https:\/\/x.com\/kt_gov","https:\/\/www.youtube.com\/@koordinacionotelo"]},{"@type":"Person","@id":"https:\/\/kt.gov.rs\/#\/schema\/person\/e426459ddb4173309103390602694571","name":"ktmin","image":{"@type":"ImageObject","inLanguage":"sq-AL","@id":"https:\/\/secure.gravatar.com\/avatar\/3985c961109853010c3fbc7ba30365bfba5db3dd6c525831d9c595c7525a615a?s=96&d=mm&r=g","url":"https:\/\/secure.gravatar.com\/avatar\/3985c961109853010c3fbc7ba30365bfba5db3dd6c525831d9c595c7525a615a?s=96&d=mm&r=g","contentUrl":"https:\/\/secure.gravatar.com\/avatar\/3985c961109853010c3fbc7ba30365bfba5db3dd6c525831d9c595c7525a615a?s=96&d=mm&r=g","caption":"ktmin"},"sameAs":["https:\/\/kt.gov.rs"],"url":"https:\/\/kt.gov.rs\/sq\/author\/ktmin\/"}]}},"_links":{"self":[{"href":"https:\/\/kt.gov.rs\/sq\/wp-json\/wp\/v2\/posts\/142011","targetHints":{"allow":["GET"]}}],"collection":[{"href":"https:\/\/kt.gov.rs\/sq\/wp-json\/wp\/v2\/posts"}],"about":[{"href":"https:\/\/kt.gov.rs\/sq\/wp-json\/wp\/v2\/types\/post"}],"author":[{"embeddable":true,"href":"https:\/\/kt.gov.rs\/sq\/wp-json\/wp\/v2\/users\/1"}],"replies":[{"embeddable":true,"href":"https:\/\/kt.gov.rs\/sq\/wp-json\/wp\/v2\/comments?post=142011"}],"version-history":[{"count":0,"href":"https:\/\/kt.gov.rs\/sq\/wp-json\/wp\/v2\/posts\/142011\/revisions"}],"wp:attachment":[{"href":"https:\/\/kt.gov.rs\/sq\/wp-json\/wp\/v2\/media?parent=142011"}],"wp:term":[{"taxonomy":"category","embeddable":true,"href":"https:\/\/kt.gov.rs\/sq\/wp-json\/wp\/v2\/categories?post=142011"},{"taxonomy":"post_tag","embeddable":true,"href":"https:\/\/kt.gov.rs\/sq\/wp-json\/wp\/v2\/tags?post=142011"}],"curies":[{"name":"wp","href":"https:\/\/api.w.org\/{rel}","templated":true}]}}