{"id":142008,"date":"2012-02-24T00:00:00","date_gmt":"2012-02-24T00:00:00","guid":{"rendered":"http:\/\/kt.printandscreen.rs\/semestri-i-pare-i-sukseshem-ne-departamentit-e-fakultetit-ekonomik-nga-subotica-ne-bujanovc\/"},"modified":"2012-02-24T00:00:00","modified_gmt":"2012-02-24T00:00:00","slug":"semestri-i-pare-i-sukseshem-ne-departamentit-e-fakultetit-ekonomik-nga-subotica-ne-bujanovc","status":"publish","type":"post","link":"https:\/\/kt.gov.rs\/sq\/semestri-i-pare-i-sukseshem-ne-departamentit-e-fakultetit-ekonomik-nga-subotica-ne-bujanovc\/","title":{"rendered":"SEMESTRI I PAR\u00cb I SUKSESHEM N\u00cb DEPARTAMENTIT E FAKULTETIT EKONOMIK NGA SUBOTICA N\u00cb BUJANOVC"},"content":{"rendered":"<p>Nga viti akademik 2011\/12,n\u00eb Bujanoc punon departamenti i akredituar i fakultetit Ekonomik nga Universiteti i Subotic\u00ebs n\u00eb Novi Sad, ku m\u00ebsimi zhvillohet n\u00eb gjuh\u00ebn serbe dhe shqipe. Departamenti \u00ebsht\u00eb hapur nga p\u00ebrkrahja e Trupit Koordinues t\u00eb Qeveris\u00eb s\u00eb Serbis\u00eb p\u00ebr komunat Preshev\u00eb, Bujanoc dhe Medvegj\u00eb. Ministria e arsimit dhe shkenc\u00ebs ,Qeveria KA (krahina autonome) e Vojvodin\u00ebs, Universitetit t\u00eb Novi Sadit, zyra e komisionerit t\u00eb lart\u00eb p\u00ebr pakicat komb\u00ebtare dhe misioni OSBE-s\u00eb\u00a0 n\u00eb S\u00ebrbi. N\u00eb departamentin\u00a0 e fakultetit Ekonomik jan\u00eb t\u00eb regjistruar 94 student serb,\u00a0 shqiptar\u00eb dhe nacionalitetet tjera.<br \/>\n\u00a0<br \/>\nAsnj\u00eb or\u00eb nuk e kemi humbur, mesimdh\u00ebn\u00ebsit edhe asistentet nga Subotica dhe Novi Sadi, sikurse edhe koleg\u00ebt e tyre\u00a0 nga Universiteti shtet\u00ebror i Tetov\u00ebs, me rregull i kan\u00eb plotesuar obligimet e tyre n\u00eb Bujanoc,\u2019\u2019 dhe student\u00ebt jan\u00eb shum\u00eb t\u00eb k\u00ebnaqur\u2019\u2019, tha dekani i fakultetit Ekonomik prof. dr. Nenad Vunjak. Ai theksoi se departamenti n\u00eb Bujanoc punon mir\u00eb edhe pse \u00ebsht\u00eb 550 kilometra larg nga Subotica. Vunjak shtoi se \u00ebsht\u00eb e planifikuar edhe vizita e student\u00ebve t\u00eb departamentit t\u00eb\u00a0 Bujanocit\u00a0 n\u00eb fakultetin am\u00eb n\u00eb Subotic\u00eb.<br \/>\n.<br \/>\nN\u00eb organizim t\u00eb trupit Koordinues t\u00eb Qeveris\u00eb s\u00eb Republik\u00ebs S\u00ebrbis p\u00ebr komunat Preshev\u00eb, Bujanoc dhe Medvegj\u00eb, dy autobusa me student\u00eb do te arrijn\u00eb n\u00eb Subotic\u00eb me 1. mars. Ku do t\u00eb vizitojn\u00eb fakultetin Ekonomik, do t\u00eb shoq\u00ebrohen me koleg\u00ebt nga Subotica,\u2019\u2019 dhe p\u00ebr te gjith\u00eb ata do te mbahet nje ligjerat\u00eb e perbashk\u00ebt\u2019\u2019 tha dekani Vunjak. Dekani Vunjak poashtu tha se para kthimit t\u00eb tyre n\u00eb Bujanoc me 2. mars, student\u00ebt do t\u00eb vizitojn\u00eb edhe departamentin e fakultetit Ekonomik n\u00eb Novi Sad, i cili me sukses ka punuar p\u00ebr m\u00eb shum\u00eb se tri dekada.<\/p>\n","protected":false},"excerpt":{"rendered":"<p>Nga viti akademik 2011\/12,n\u00eb Bujanoc punon departamenti i akredituar i  fakultetit Ekonomik nga Universiteti i Subotic\u00ebs n\u00eb Novi Sad, ku m\u00ebsimi  zhvillohet n\u00eb gjuh\u00ebn serbe dhe shqipe. Departamenti \u00ebsht\u00eb hapur nga  p\u00ebrkrahja e Trupit Koordinues t\u00eb Qeveris\u00eb s\u00eb Serbis\u00eb p\u00ebr komunat  Preshev\u00eb, Bujanoc dhe Medvegj\u00eb. Ministria e arsimit dhe shkenc\u00ebs  ,Qeveria KA (krahina autonome) e Vojvodin\u00ebs, Universitetit t\u00eb Novi  Sadit, zyra e komisionerit t\u00eb lart\u00eb p\u00ebr pakicat komb\u00ebtare dhe misioni  OSBE-s\u00eb\u00a0 n\u00eb S\u00ebrbi. N\u00eb departamentin\u00a0 e fakultetit Ekonomik jan\u00eb t\u00eb  regjistruar 94 student serb,\u00a0 shqiptar\u00eb dhe nacionalitetet tjera.<\/p>\n","protected":false},"author":1,"featured_media":0,"comment_status":"closed","ping_status":"closed","sticky":false,"template":"","format":"standard","meta":{"footnotes":""},"categories":[55],"tags":[],"class_list":["post-142008","post","type-post","status-publish","format-standard","hentry","category-lajme"],"yoast_head":"<!-- This site is optimized with the Yoast SEO plugin v27.5 - https:\/\/yoast.com\/product\/yoast-seo-wordpress\/ -->\n<title>SEMESTRI I PAR\u00cb I SUKSESHEM N\u00cb DEPARTAMENTIT E FAKULTETIT EKONOMIK NGA SUBOTICA N\u00cb BUJANOVC - Republika e S\u00ebrbis\u00eb Trupi Koordinues p\u00ebr komunat Bujanoc, Preshev\u00eb dhe Medvegj\u00eb<\/title>\n<meta name=\"robots\" content=\"index, follow, max-snippet:-1, max-image-preview:large, max-video-preview:-1\" \/>\n<link rel=\"canonical\" href=\"https:\/\/kt.gov.rs\/sq\/semestri-i-pare-i-sukseshem-ne-departamentit-e-fakultetit-ekonomik-nga-subotica-ne-bujanovc\/\" \/>\n<meta property=\"og:locale\" content=\"sq_AL\" \/>\n<meta property=\"og:type\" content=\"article\" \/>\n<meta property=\"og:title\" content=\"SEMESTRI I PAR\u00cb I SUKSESHEM N\u00cb DEPARTAMENTIT E FAKULTETIT EKONOMIK NGA SUBOTICA N\u00cb BUJANOVC - Republika e S\u00ebrbis\u00eb Trupi Koordinues p\u00ebr komunat Bujanoc, Preshev\u00eb dhe Medvegj\u00eb\" \/>\n<meta property=\"og:description\" content=\"Nga viti akademik 2011\/12,n\u00eb Bujanoc punon departamenti i akredituar i fakultetit Ekonomik nga Universiteti i Subotic\u00ebs n\u00eb Novi Sad, ku m\u00ebsimi zhvillohet n\u00eb gjuh\u00ebn serbe dhe shqipe. Departamenti \u00ebsht\u00eb hapur nga p\u00ebrkrahja e Trupit Koordinues t\u00eb Qeveris\u00eb s\u00eb Serbis\u00eb p\u00ebr komunat Preshev\u00eb, Bujanoc dhe Medvegj\u00eb. Ministria e arsimit dhe shkenc\u00ebs ,Qeveria KA (krahina autonome) e Vojvodin\u00ebs, Universitetit t\u00eb Novi Sadit, zyra e komisionerit t\u00eb lart\u00eb p\u00ebr pakicat komb\u00ebtare dhe misioni OSBE-s\u00eb\u00a0 n\u00eb S\u00ebrbi. N\u00eb departamentin\u00a0 e fakultetit Ekonomik jan\u00eb t\u00eb regjistruar 94 student serb,\u00a0 shqiptar\u00eb dhe nacionalitetet tjera.\" \/>\n<meta property=\"og:url\" content=\"https:\/\/kt.gov.rs\/sq\/semestri-i-pare-i-sukseshem-ne-departamentit-e-fakultetit-ekonomik-nga-subotica-ne-bujanovc\/\" \/>\n<meta property=\"og:site_name\" content=\"Republika e S\u00ebrbis\u00eb Trupi Koordinues p\u00ebr komunat Bujanoc, Preshev\u00eb dhe Medvegj\u00eb\" \/>\n<meta property=\"article:publisher\" content=\"https:\/\/www.facebook.com\/SluzbaKoordinacionogTelaVladeRepublikeSrbije\" \/>\n<meta property=\"article:published_time\" content=\"2012-02-24T00:00:00+00:00\" \/>\n<meta name=\"author\" content=\"ktmin\" \/>\n<meta name=\"twitter:card\" content=\"summary_large_image\" \/>\n<meta name=\"twitter:creator\" content=\"@kt_gov\" \/>\n<meta name=\"twitter:site\" content=\"@kt_gov\" \/>\n<meta name=\"twitter:label1\" content=\"Written by\" \/>\n\t<meta name=\"twitter:data1\" content=\"ktmin\" \/>\n\t<meta name=\"twitter:label2\" content=\"Est. reading time\" \/>\n\t<meta name=\"twitter:data2\" content=\"2 minutes\" \/>\n<script type=\"application\/ld+json\" class=\"yoast-schema-graph\">{\"@context\":\"https:\\\/\\\/schema.org\",\"@graph\":[{\"@type\":\"Article\",\"@id\":\"https:\\\/\\\/kt.gov.rs\\\/sq\\\/semestri-i-pare-i-sukseshem-ne-departamentit-e-fakultetit-ekonomik-nga-subotica-ne-bujanovc\\\/#article\",\"isPartOf\":{\"@id\":\"https:\\\/\\\/kt.gov.rs\\\/sq\\\/semestri-i-pare-i-sukseshem-ne-departamentit-e-fakultetit-ekonomik-nga-subotica-ne-bujanovc\\\/\"},\"author\":{\"name\":\"ktmin\",\"@id\":\"https:\\\/\\\/kt.gov.rs\\\/#\\\/schema\\\/person\\\/e426459ddb4173309103390602694571\"},\"headline\":\"SEMESTRI I PAR\u00cb I SUKSESHEM N\u00cb DEPARTAMENTIT E FAKULTETIT EKONOMIK NGA SUBOTICA N\u00cb BUJANOVC\",\"datePublished\":\"2012-02-24T00:00:00+00:00\",\"mainEntityOfPage\":{\"@id\":\"https:\\\/\\\/kt.gov.rs\\\/sq\\\/semestri-i-pare-i-sukseshem-ne-departamentit-e-fakultetit-ekonomik-nga-subotica-ne-bujanovc\\\/\"},\"wordCount\":318,\"publisher\":{\"@id\":\"https:\\\/\\\/kt.gov.rs\\\/#organization\"},\"articleSection\":[\"Lajme\"],\"inLanguage\":\"sq-AL\"},{\"@type\":\"WebPage\",\"@id\":\"https:\\\/\\\/kt.gov.rs\\\/sq\\\/semestri-i-pare-i-sukseshem-ne-departamentit-e-fakultetit-ekonomik-nga-subotica-ne-bujanovc\\\/\",\"url\":\"https:\\\/\\\/kt.gov.rs\\\/sq\\\/semestri-i-pare-i-sukseshem-ne-departamentit-e-fakultetit-ekonomik-nga-subotica-ne-bujanovc\\\/\",\"name\":\"SEMESTRI I PAR\u00cb I SUKSESHEM N\u00cb DEPARTAMENTIT E FAKULTETIT EKONOMIK NGA SUBOTICA N\u00cb BUJANOVC - Republika e S\u00ebrbis\u00eb Trupi Koordinues p\u00ebr komunat Bujanoc, Preshev\u00eb dhe Medvegj\u00eb\",\"isPartOf\":{\"@id\":\"https:\\\/\\\/kt.gov.rs\\\/#website\"},\"datePublished\":\"2012-02-24T00:00:00+00:00\",\"breadcrumb\":{\"@id\":\"https:\\\/\\\/kt.gov.rs\\\/sq\\\/semestri-i-pare-i-sukseshem-ne-departamentit-e-fakultetit-ekonomik-nga-subotica-ne-bujanovc\\\/#breadcrumb\"},\"inLanguage\":\"sq-AL\",\"potentialAction\":[{\"@type\":\"ReadAction\",\"target\":[\"https:\\\/\\\/kt.gov.rs\\\/sq\\\/semestri-i-pare-i-sukseshem-ne-departamentit-e-fakultetit-ekonomik-nga-subotica-ne-bujanovc\\\/\"]}]},{\"@type\":\"BreadcrumbList\",\"@id\":\"https:\\\/\\\/kt.gov.rs\\\/sq\\\/semestri-i-pare-i-sukseshem-ne-departamentit-e-fakultetit-ekonomik-nga-subotica-ne-bujanovc\\\/#breadcrumb\",\"itemListElement\":[{\"@type\":\"ListItem\",\"position\":1,\"name\":\"\u041f\u043e\u0447\u0435\u0442\u043d\u0430\",\"item\":\"https:\\\/\\\/kt.gov.rs\\\/sq\\\/\"},{\"@type\":\"ListItem\",\"position\":2,\"name\":\"SEMESTRI I PAR\u00cb I SUKSESHEM N\u00cb DEPARTAMENTIT E FAKULTETIT EKONOMIK NGA SUBOTICA N\u00cb BUJANOVC\"}]},{\"@type\":\"WebSite\",\"@id\":\"https:\\\/\\\/kt.gov.rs\\\/#website\",\"url\":\"https:\\\/\\\/kt.gov.rs\\\/\",\"name\":\"\u041a\u043e\u043e\u0440\u0434\u0438\u043d\u0430\u0446\u0438\u043e\u043d\u043e \u0442\u0435\u043b\u043e \u0412\u043b\u0430\u0434\u0435 \u0420\u0435\u043f\u0443\u0431\u043b\u0438\u043a\u0435 \u0421\u0440\u0431\u0438\u0458\u0435 \u0437\u0430 \u043e\u043f\u0448\u0442\u0438\u043d\u0435 \u041f\u0440\u0435\u0448\u0435\u0432\u043e, \u0411\u0443\u0458\u0430\u043d\u043e\u0432\u0430\u0446 \u0438 \u041c\u0435\u0434\u0432\u0435\u0452a\",\"description\":\"\",\"publisher\":{\"@id\":\"https:\\\/\\\/kt.gov.rs\\\/#organization\"},\"alternateName\":\"\u041a\u043e\u043e\u0440\u0434\u0438\u043d\u0430\u0446\u0438\u043e\u043d\u043e \u0442\u0435\u043b\u043e\",\"potentialAction\":[{\"@type\":\"SearchAction\",\"target\":{\"@type\":\"EntryPoint\",\"urlTemplate\":\"https:\\\/\\\/kt.gov.rs\\\/?s={search_term_string}\"},\"query-input\":{\"@type\":\"PropertyValueSpecification\",\"valueRequired\":true,\"valueName\":\"search_term_string\"}}],\"inLanguage\":\"sq-AL\"},{\"@type\":\"Organization\",\"@id\":\"https:\\\/\\\/kt.gov.rs\\\/#organization\",\"name\":\"\u041a\u043e\u043e\u0440\u0434\u0438\u043d\u0430\u0446\u0438\u043e\u043d\u043e \u0442\u0435\u043b\u043e \u0412\u043b\u0430\u0434\u0435 \u0420\u0435\u043f\u0443\u0431\u043b\u0438\u043a\u0435 \u0421\u0440\u0431\u0438\u0458\u0435 \u0437\u0430 \u043e\u043f\u0448\u0442\u0438\u043d\u0435 \u041f\u0440\u0435\u0448\u0435\u0432\u043e, \u0411\u0443\u0458\u0430\u043d\u043e\u0432\u0430\u0446 \u0438 \u041c\u0435\u0434\u0432\u0435\u0452a\",\"alternateName\":\"\u041a\u043e\u043e\u0440\u0434\u0438\u043d\u0430\u0446\u0438\u043e\u043d\u043e \u0442\u0435\u043b\u043e\",\"url\":\"https:\\\/\\\/kt.gov.rs\\\/\",\"logo\":{\"@type\":\"ImageObject\",\"inLanguage\":\"sq-AL\",\"@id\":\"https:\\\/\\\/kt.gov.rs\\\/#\\\/schema\\\/logo\\\/image\\\/\",\"url\":\"https:\\\/\\\/kt.gov.rs\\\/wp-content\\\/uploads\\\/2024\\\/12\\\/koord2.jpg\",\"contentUrl\":\"https:\\\/\\\/kt.gov.rs\\\/wp-content\\\/uploads\\\/2024\\\/12\\\/koord2.jpg\",\"width\":640,\"height\":480,\"caption\":\"\u041a\u043e\u043e\u0440\u0434\u0438\u043d\u0430\u0446\u0438\u043e\u043d\u043e \u0442\u0435\u043b\u043e \u0412\u043b\u0430\u0434\u0435 \u0420\u0435\u043f\u0443\u0431\u043b\u0438\u043a\u0435 \u0421\u0440\u0431\u0438\u0458\u0435 \u0437\u0430 \u043e\u043f\u0448\u0442\u0438\u043d\u0435 \u041f\u0440\u0435\u0448\u0435\u0432\u043e, \u0411\u0443\u0458\u0430\u043d\u043e\u0432\u0430\u0446 \u0438 \u041c\u0435\u0434\u0432\u0435\u0452a\"},\"image\":{\"@id\":\"https:\\\/\\\/kt.gov.rs\\\/#\\\/schema\\\/logo\\\/image\\\/\"},\"sameAs\":[\"https:\\\/\\\/www.facebook.com\\\/SluzbaKoordinacionogTelaVladeRepublikeSrbije\",\"https:\\\/\\\/x.com\\\/kt_gov\",\"https:\\\/\\\/www.youtube.com\\\/@koordinacionotelo\"]},{\"@type\":\"Person\",\"@id\":\"https:\\\/\\\/kt.gov.rs\\\/#\\\/schema\\\/person\\\/e426459ddb4173309103390602694571\",\"name\":\"ktmin\",\"image\":{\"@type\":\"ImageObject\",\"inLanguage\":\"sq-AL\",\"@id\":\"https:\\\/\\\/secure.gravatar.com\\\/avatar\\\/3985c961109853010c3fbc7ba30365bfba5db3dd6c525831d9c595c7525a615a?s=96&d=mm&r=g\",\"url\":\"https:\\\/\\\/secure.gravatar.com\\\/avatar\\\/3985c961109853010c3fbc7ba30365bfba5db3dd6c525831d9c595c7525a615a?s=96&d=mm&r=g\",\"contentUrl\":\"https:\\\/\\\/secure.gravatar.com\\\/avatar\\\/3985c961109853010c3fbc7ba30365bfba5db3dd6c525831d9c595c7525a615a?s=96&d=mm&r=g\",\"caption\":\"ktmin\"},\"sameAs\":[\"https:\\\/\\\/kt.gov.rs\"],\"url\":\"https:\\\/\\\/kt.gov.rs\\\/sq\\\/author\\\/ktmin\\\/\"}]}<\/script>\n<!-- \/ Yoast SEO plugin. -->","yoast_head_json":{"title":"SEMESTRI I PAR\u00cb I SUKSESHEM N\u00cb DEPARTAMENTIT E FAKULTETIT EKONOMIK NGA SUBOTICA N\u00cb BUJANOVC - Republika e S\u00ebrbis\u00eb Trupi Koordinues p\u00ebr komunat Bujanoc, Preshev\u00eb dhe Medvegj\u00eb","robots":{"index":"index","follow":"follow","max-snippet":"max-snippet:-1","max-image-preview":"max-image-preview:large","max-video-preview":"max-video-preview:-1"},"canonical":"https:\/\/kt.gov.rs\/sq\/semestri-i-pare-i-sukseshem-ne-departamentit-e-fakultetit-ekonomik-nga-subotica-ne-bujanovc\/","og_locale":"sq_AL","og_type":"article","og_title":"SEMESTRI I PAR\u00cb I SUKSESHEM N\u00cb DEPARTAMENTIT E FAKULTETIT EKONOMIK NGA SUBOTICA N\u00cb BUJANOVC - Republika e S\u00ebrbis\u00eb Trupi Koordinues p\u00ebr komunat Bujanoc, Preshev\u00eb dhe Medvegj\u00eb","og_description":"Nga viti akademik 2011\/12,n\u00eb Bujanoc punon departamenti i akredituar i fakultetit Ekonomik nga Universiteti i Subotic\u00ebs n\u00eb Novi Sad, ku m\u00ebsimi zhvillohet n\u00eb gjuh\u00ebn serbe dhe shqipe. Departamenti \u00ebsht\u00eb hapur nga p\u00ebrkrahja e Trupit Koordinues t\u00eb Qeveris\u00eb s\u00eb Serbis\u00eb p\u00ebr komunat Preshev\u00eb, Bujanoc dhe Medvegj\u00eb. Ministria e arsimit dhe shkenc\u00ebs ,Qeveria KA (krahina autonome) e Vojvodin\u00ebs, Universitetit t\u00eb Novi Sadit, zyra e komisionerit t\u00eb lart\u00eb p\u00ebr pakicat komb\u00ebtare dhe misioni OSBE-s\u00eb\u00a0 n\u00eb S\u00ebrbi. N\u00eb departamentin\u00a0 e fakultetit Ekonomik jan\u00eb t\u00eb regjistruar 94 student serb,\u00a0 shqiptar\u00eb dhe nacionalitetet tjera.","og_url":"https:\/\/kt.gov.rs\/sq\/semestri-i-pare-i-sukseshem-ne-departamentit-e-fakultetit-ekonomik-nga-subotica-ne-bujanovc\/","og_site_name":"Republika e S\u00ebrbis\u00eb Trupi Koordinues p\u00ebr komunat Bujanoc, Preshev\u00eb dhe Medvegj\u00eb","article_publisher":"https:\/\/www.facebook.com\/SluzbaKoordinacionogTelaVladeRepublikeSrbije","article_published_time":"2012-02-24T00:00:00+00:00","author":"ktmin","twitter_card":"summary_large_image","twitter_creator":"@kt_gov","twitter_site":"@kt_gov","twitter_misc":{"Written by":"ktmin","Est. reading time":"2 minutes"},"schema":{"@context":"https:\/\/schema.org","@graph":[{"@type":"Article","@id":"https:\/\/kt.gov.rs\/sq\/semestri-i-pare-i-sukseshem-ne-departamentit-e-fakultetit-ekonomik-nga-subotica-ne-bujanovc\/#article","isPartOf":{"@id":"https:\/\/kt.gov.rs\/sq\/semestri-i-pare-i-sukseshem-ne-departamentit-e-fakultetit-ekonomik-nga-subotica-ne-bujanovc\/"},"author":{"name":"ktmin","@id":"https:\/\/kt.gov.rs\/#\/schema\/person\/e426459ddb4173309103390602694571"},"headline":"SEMESTRI I PAR\u00cb I SUKSESHEM N\u00cb DEPARTAMENTIT E FAKULTETIT EKONOMIK NGA SUBOTICA N\u00cb BUJANOVC","datePublished":"2012-02-24T00:00:00+00:00","mainEntityOfPage":{"@id":"https:\/\/kt.gov.rs\/sq\/semestri-i-pare-i-sukseshem-ne-departamentit-e-fakultetit-ekonomik-nga-subotica-ne-bujanovc\/"},"wordCount":318,"publisher":{"@id":"https:\/\/kt.gov.rs\/#organization"},"articleSection":["Lajme"],"inLanguage":"sq-AL"},{"@type":"WebPage","@id":"https:\/\/kt.gov.rs\/sq\/semestri-i-pare-i-sukseshem-ne-departamentit-e-fakultetit-ekonomik-nga-subotica-ne-bujanovc\/","url":"https:\/\/kt.gov.rs\/sq\/semestri-i-pare-i-sukseshem-ne-departamentit-e-fakultetit-ekonomik-nga-subotica-ne-bujanovc\/","name":"SEMESTRI I PAR\u00cb I SUKSESHEM N\u00cb DEPARTAMENTIT E FAKULTETIT EKONOMIK NGA SUBOTICA N\u00cb BUJANOVC - Republika e S\u00ebrbis\u00eb Trupi Koordinues p\u00ebr komunat Bujanoc, Preshev\u00eb dhe Medvegj\u00eb","isPartOf":{"@id":"https:\/\/kt.gov.rs\/#website"},"datePublished":"2012-02-24T00:00:00+00:00","breadcrumb":{"@id":"https:\/\/kt.gov.rs\/sq\/semestri-i-pare-i-sukseshem-ne-departamentit-e-fakultetit-ekonomik-nga-subotica-ne-bujanovc\/#breadcrumb"},"inLanguage":"sq-AL","potentialAction":[{"@type":"ReadAction","target":["https:\/\/kt.gov.rs\/sq\/semestri-i-pare-i-sukseshem-ne-departamentit-e-fakultetit-ekonomik-nga-subotica-ne-bujanovc\/"]}]},{"@type":"BreadcrumbList","@id":"https:\/\/kt.gov.rs\/sq\/semestri-i-pare-i-sukseshem-ne-departamentit-e-fakultetit-ekonomik-nga-subotica-ne-bujanovc\/#breadcrumb","itemListElement":[{"@type":"ListItem","position":1,"name":"\u041f\u043e\u0447\u0435\u0442\u043d\u0430","item":"https:\/\/kt.gov.rs\/sq\/"},{"@type":"ListItem","position":2,"name":"SEMESTRI I PAR\u00cb I SUKSESHEM N\u00cb DEPARTAMENTIT E FAKULTETIT EKONOMIK NGA SUBOTICA N\u00cb BUJANOVC"}]},{"@type":"WebSite","@id":"https:\/\/kt.gov.rs\/#website","url":"https:\/\/kt.gov.rs\/","name":"\u041a\u043e\u043e\u0440\u0434\u0438\u043d\u0430\u0446\u0438\u043e\u043d\u043e \u0442\u0435\u043b\u043e \u0412\u043b\u0430\u0434\u0435 \u0420\u0435\u043f\u0443\u0431\u043b\u0438\u043a\u0435 \u0421\u0440\u0431\u0438\u0458\u0435 \u0437\u0430 \u043e\u043f\u0448\u0442\u0438\u043d\u0435 \u041f\u0440\u0435\u0448\u0435\u0432\u043e, \u0411\u0443\u0458\u0430\u043d\u043e\u0432\u0430\u0446 \u0438 \u041c\u0435\u0434\u0432\u0435\u0452a","description":"","publisher":{"@id":"https:\/\/kt.gov.rs\/#organization"},"alternateName":"\u041a\u043e\u043e\u0440\u0434\u0438\u043d\u0430\u0446\u0438\u043e\u043d\u043e \u0442\u0435\u043b\u043e","potentialAction":[{"@type":"SearchAction","target":{"@type":"EntryPoint","urlTemplate":"https:\/\/kt.gov.rs\/?s={search_term_string}"},"query-input":{"@type":"PropertyValueSpecification","valueRequired":true,"valueName":"search_term_string"}}],"inLanguage":"sq-AL"},{"@type":"Organization","@id":"https:\/\/kt.gov.rs\/#organization","name":"\u041a\u043e\u043e\u0440\u0434\u0438\u043d\u0430\u0446\u0438\u043e\u043d\u043e \u0442\u0435\u043b\u043e \u0412\u043b\u0430\u0434\u0435 \u0420\u0435\u043f\u0443\u0431\u043b\u0438\u043a\u0435 \u0421\u0440\u0431\u0438\u0458\u0435 \u0437\u0430 \u043e\u043f\u0448\u0442\u0438\u043d\u0435 \u041f\u0440\u0435\u0448\u0435\u0432\u043e, \u0411\u0443\u0458\u0430\u043d\u043e\u0432\u0430\u0446 \u0438 \u041c\u0435\u0434\u0432\u0435\u0452a","alternateName":"\u041a\u043e\u043e\u0440\u0434\u0438\u043d\u0430\u0446\u0438\u043e\u043d\u043e \u0442\u0435\u043b\u043e","url":"https:\/\/kt.gov.rs\/","logo":{"@type":"ImageObject","inLanguage":"sq-AL","@id":"https:\/\/kt.gov.rs\/#\/schema\/logo\/image\/","url":"https:\/\/kt.gov.rs\/wp-content\/uploads\/2024\/12\/koord2.jpg","contentUrl":"https:\/\/kt.gov.rs\/wp-content\/uploads\/2024\/12\/koord2.jpg","width":640,"height":480,"caption":"\u041a\u043e\u043e\u0440\u0434\u0438\u043d\u0430\u0446\u0438\u043e\u043d\u043e \u0442\u0435\u043b\u043e \u0412\u043b\u0430\u0434\u0435 \u0420\u0435\u043f\u0443\u0431\u043b\u0438\u043a\u0435 \u0421\u0440\u0431\u0438\u0458\u0435 \u0437\u0430 \u043e\u043f\u0448\u0442\u0438\u043d\u0435 \u041f\u0440\u0435\u0448\u0435\u0432\u043e, \u0411\u0443\u0458\u0430\u043d\u043e\u0432\u0430\u0446 \u0438 \u041c\u0435\u0434\u0432\u0435\u0452a"},"image":{"@id":"https:\/\/kt.gov.rs\/#\/schema\/logo\/image\/"},"sameAs":["https:\/\/www.facebook.com\/SluzbaKoordinacionogTelaVladeRepublikeSrbije","https:\/\/x.com\/kt_gov","https:\/\/www.youtube.com\/@koordinacionotelo"]},{"@type":"Person","@id":"https:\/\/kt.gov.rs\/#\/schema\/person\/e426459ddb4173309103390602694571","name":"ktmin","image":{"@type":"ImageObject","inLanguage":"sq-AL","@id":"https:\/\/secure.gravatar.com\/avatar\/3985c961109853010c3fbc7ba30365bfba5db3dd6c525831d9c595c7525a615a?s=96&d=mm&r=g","url":"https:\/\/secure.gravatar.com\/avatar\/3985c961109853010c3fbc7ba30365bfba5db3dd6c525831d9c595c7525a615a?s=96&d=mm&r=g","contentUrl":"https:\/\/secure.gravatar.com\/avatar\/3985c961109853010c3fbc7ba30365bfba5db3dd6c525831d9c595c7525a615a?s=96&d=mm&r=g","caption":"ktmin"},"sameAs":["https:\/\/kt.gov.rs"],"url":"https:\/\/kt.gov.rs\/sq\/author\/ktmin\/"}]}},"_links":{"self":[{"href":"https:\/\/kt.gov.rs\/sq\/wp-json\/wp\/v2\/posts\/142008","targetHints":{"allow":["GET"]}}],"collection":[{"href":"https:\/\/kt.gov.rs\/sq\/wp-json\/wp\/v2\/posts"}],"about":[{"href":"https:\/\/kt.gov.rs\/sq\/wp-json\/wp\/v2\/types\/post"}],"author":[{"embeddable":true,"href":"https:\/\/kt.gov.rs\/sq\/wp-json\/wp\/v2\/users\/1"}],"replies":[{"embeddable":true,"href":"https:\/\/kt.gov.rs\/sq\/wp-json\/wp\/v2\/comments?post=142008"}],"version-history":[{"count":0,"href":"https:\/\/kt.gov.rs\/sq\/wp-json\/wp\/v2\/posts\/142008\/revisions"}],"wp:attachment":[{"href":"https:\/\/kt.gov.rs\/sq\/wp-json\/wp\/v2\/media?parent=142008"}],"wp:term":[{"taxonomy":"category","embeddable":true,"href":"https:\/\/kt.gov.rs\/sq\/wp-json\/wp\/v2\/categories?post=142008"},{"taxonomy":"post_tag","embeddable":true,"href":"https:\/\/kt.gov.rs\/sq\/wp-json\/wp\/v2\/tags?post=142008"}],"curies":[{"name":"wp","href":"https:\/\/api.w.org\/{rel}","templated":true}]}}