{"id":141996,"date":"2012-03-05T00:00:00","date_gmt":"2012-03-05T00:00:00","guid":{"rendered":"http:\/\/kt.printandscreen.rs\/studentet-e-deges-se-fakultetit-ekonomik-te-bujanocit-ne-vizit-te-fakultetit-subotices\/"},"modified":"2024-07-30T20:19:05","modified_gmt":"2024-07-30T20:19:05","slug":"studentet-e-deges-se-fakultetit-ekonomik-te-bujanocit-ne-vizit-te-fakultetit-subotices","status":"publish","type":"post","link":"https:\/\/kt.gov.rs\/sq\/studentet-e-deges-se-fakultetit-ekonomik-te-bujanocit-ne-vizit-te-fakultetit-subotices\/","title":{"rendered":"STUDENT\u00cbT E DEG\u00cbS S\u00cb FAKULTETIT EKONOMIK T\u00cb BUJANOCIT N\u00cb VIZIT T\u00cb FAKULTETIT SUBOTIC\u00cbS"},"content":{"rendered":"<p><img decoding=\"async\" align=\"left\" src=\"https:\/\/kt.gov.rs\/wp-content\/uploads\/2024\/07\/newspic621-4.jpg\" alt=\"\" \/>Trupi Koordinues i Republik\u00ebs S\u00ebrbis p\u00ebr komun\u00ebn e Preshev\u00ebs, Bujanocit dhe Medvegj\u00ebs, ka organizuar vizit dy ditore student\u00ebve nga paralelja e fakultetit Ekonomik t\u00eb Bujanocit n\u00eb fakultetin e Subotic\u00ebs. Vizita e student\u00ebve nga Bujanoci n\u00eb Subotic \u00ebsht\u00eb edhe nj\u00eb aktivitet i trupit Koordinues n\u00eb cilj q\u00eb t\u00eb siguroj kushte t\u00eb nevojshme p\u00ebr t\u00eb arritur kualitet n\u00eb arsim dhe p\u00ebr t\u00eb shk\u00ebnbyer p\u00ebrvojat student\u00ebt nga Bujanoci me koleg\u00ebt nga Subotica dhe Novi Sadi. Ky aktivitet i ka mund\u00ebsuar student\u00ebve nga Bujanoci q\u00eb t\u00eb njihen me koleg\u00ebt, t\u00eb bisedojn p\u00ebr iniciativat e p\u00ebrbashk\u00ebta n\u00eb t\u00eb ardhm\u00ebn dhe t\u00eb shohin se si \u00ebsht\u00eb organizuar m\u00ebsimi n\u00eb Subotic.<\/p>\n<p>Dit\u00ebn e dyt\u00eb t\u00eb vizit\u00ebs student\u00ebt e Subotic\u00ebs dhe t\u00eb Bujanocit bashkarisht kan\u00eb ndjekur ligjirat\u00ebn e filozofis. Shok\u00ebt e ri nga Subotica i kan\u00eb treguar nd\u00ebrtes\u00ebn e fakultetit, antar\u00ebt e parlamentit studentor i kan\u00eb udh\u00ebzuar ata n\u00eb m\u00ebnyr\u00ebn e organizimit t\u00eb trupit studentor, e cila do t\u00eb sjell p\u00ebrparim t\u00eb standardeve dhe kushte studentore p\u00ebr t\u00eb arritur arsim t\u00eb lart\u00eb.<\/p>\n<p>Pas vizit\u00ebs s\u00eb fakultetit dhe shoqrimit, n\u00eb sall\u00ebn e ve\u00e7ant\u00eb t\u00eb mbushur t\u00eb fakultetit Ekonomik, student\u00ebt kan\u00eb p\u00ebrsh\u00ebndetur kryetarin e trupit Koordinues ministrin Millan Markoviq, dekanin e fakultetit Ekonomik Nenad Vunjak, ministri i arsimit dhe shkencave Zharko Obradoviq, ambasadorja e Shteteve t\u00eb Bashkuara t\u00eb Amerik\u00ebs Meri Vorllik, ambasadori i Britanis Madhe Majk\u00ebll Devemport, zv. ambasadori i misionit te OSBE-s\u00eb Tomas Mur, kryetari i komun\u00ebs Bujanocit Shaip Kamberi dhe kryetari i k\u00ebshillit Nacional t\u00eb Shqiptarve Galip Beqiri.<\/p>\n<p>\u201cN\u00eb semestrin dimror mesimi n\u00eb Bujanoc e\u00ebsht\u00eb organizuar me sukses. Ligjiratat e p\u00ebrbashk\u00ebta q\u00eb i kan\u00eb nd\u00ebgjuar i kan\u00eb afruar student\u00ebt shqiptar dhe serb. Edhe pse student\u00ebt nga Bujanoci jan\u00eb larg klas\u00ebve 550 kilometra ky fakultet \u00ebsht\u00eb sht\u00ebpia e tyre\u201d ka th\u00ebne dekani Vunjak, i cili shtoi n\u00eb semesrtin e ardhsh\u00ebm prit rezultate m\u00eb t\u00eb mira nga student\u00ebt n\u00eb provime. \u201cStudent\u00ebt gjat\u00eb disa muajve pun\u00eb kan\u00eb treguar se munden t\u00eb nd\u00ebgjojn\u00eb edhe ligjiratat n\u00eb gjuh\u00ebn Serbe dhe ne gjuh\u00ebn Shqipe.\u00a0 Ligjiratat e p\u00ebrbashk\u00ebta q\u00eb i kan\u00eb nd\u00ebgjuar i kan\u00eb afruar student\u00ebt e nacionalitetit shqiptar dhe serb\u201d tha Vunjak.<\/p>\n<p>Kryetari i trupit Koordinues ministri Milan Markovic ka deklaruar se ata t\u00eb cil\u00ebt kan me s\u00eb shumti dobi nga projekti i hapjes se deg\u00ebs se fakultetit n\u00eb Bujanovc jan\u00eb student\u00ebt e Bujanovcit , sepse pervec se i ofrohet arsim cilesore atyre gjithashtu i mundesohet q\u00eb t\u00eb studiojn\u00eb n\u00eb sht\u00ebpi. \u201cStudimi n\u00eb deg\u00ebn e fakultetit ekonomik n\u00eb Bujanovc ju mundeson q\u00eb nj\u00eb dit\u00eb kur t\u00eb merrni diplom\u00ebn t\u00eb mund t\u00eb punsoheni ku do.\u00a0 Nuk do t\u00eb gjeni vet\u00ebm lumturin personale, mir\u00ebpo me dijen tuaj do t\u00eb i ndihmoni zhvillimit t\u00eb Bujanovcit dhe Serbis\u00eb. Tani ju keni nj\u00eb p\u00ebrgjegjsi shum\u00eb t\u00eb madhe\u201d. Markovic theksoi\u00a0 se \u00ebsht\u00eb e nevojshme\u00a0 q\u00eb \u201cmodeli Vojvodina dhe kujdesi\u201d p\u00ebr nj\u00eb t\u00eb ardhme t\u00eb p\u00ebrbashk\u00ebt t\u00eb transferohet edhe n\u00eb Preshev\u00eb, Bujanovc dhe Medvegj\u00eb. N\u00ebse\u00a0 n\u00eb t\u00eb ardhmen shansin ton\u00eb\u00a0 e shohim n\u00eb k\u00ebt\u00eb bashkesi dhe ne multietnicitet , ne do t\u00eb i\u2019a arrijm\u00eb q\u00eb nj\u00eb dit\u00eb keto tri komuna ne jug te Serbis\u00eb te ngjajn\u00eb me Subotic\u00ebn\u201d<\/p>\n<p>\u201cFakulteti ekonomik n\u00eb Subotic\u00eb ka nj\u00eb progress n\u00eb rritje p\u00ebrshkak se ka arsim dhe profesor\u00eb kualitativ, bashkpunim me fakultetet tjera dhe me kompani. Ky \u00ebsht\u00eb vendi ku do t\u00eb arrini njohuri te shk\u00eblqyera te cilat do t\u00eb mund ti aplikoni\u201d, deklaroi ministri Obradovic.<\/p>\n<p>\u201c Hapja e deg\u00ebs s\u00eb fakultetit ekonomik ne Bujanovc \u00ebsht\u00eb nj\u00eb arritje shum\u00eb e madhe dhe nj\u00eb sukses per t\u00eb gjith\u00eb ata t\u00eb cil\u00ebt kan qen\u00eb pjes\u00eb k\u00ebtij procesi , vecan\u00ebrisht trupi Koordinues i cili pa pushuar ka punuar ne k\u00ebt\u00eb projekt dhe fakulteti ekonomik ne Subotic\u00eb i cili njohu r\u00ebnd\u00ebsin\u00eb e iniciativ\u00ebs dhe mund\u00ebsoi hapjen e deg\u00ebs\u201d, ka th\u00ebn\u00eb ambasadorja e Shtet\u00ebve t\u00eb Bashkuara t\u00eb Amerik\u00ebs\u00a0 Mary Warlick.\u00a0 \u201cP\u00ebr ju student hapja e kesaj dege paraqet fillimin e nj\u00eb pune t\u00eb veshtir\u00eb\u201d.<\/p>\n<p>Trupi Koordinues, Ministria e arsimit dhe shkncave, Fakulteti Ekonomik, K\u00ebshilli Nacional i Shqip\u00ebtar\u00ebve punojn\u00eb n\u00eb m\u00ebnyr\u00eb q\u00eb juve tu ua japin mund\u00ebsin\u00eb t\u00eb shkolloheni . tani ne ju mbetet pergjegjsia qe ne perputhje me mund\u00ebsit\u00eb e krijuara ti hapni i vet\u00ebs mund\u00ebsi t\u00eb reja\u201d.<\/p>\n<p>Ambasadori i Britans\u00eb s\u00eb Madhe Michael Davenport ka deklaruar \u201c Jam i v\u00ebtdijsh\u00ebm se viti i par\u00eb i punes s\u00eb fakultetit ekonomik n\u00eb Bujanovc \u00ebsht\u00eb p\u00ebrplot me sfida, si p\u00ebr profesor\u00ebt ashtu edhe p\u00ebr student\u00ebt. Jam i sigurt q\u00eb do t\u00eb jeni krenar\u00eb se ishit pik\u00ebrisht ju ata qe kontribuat q\u00eb t\u00eb jet\u00ebsohet nj\u00eb institucion i ri arsimore n\u00eb nj\u00eb rreth.<\/p>\n<p>Shpresoj q\u00eb ky fakultet, me standardet e veta arsimore , do t\u00eb ndikoj n\u00eb rritjen e kualitetit t\u00eb p\u00ebrgjithsh\u00ebm arsimor\u00eb n\u00eb jug t\u00eb Serbis\u00eb dhe q\u00eb n\u00eb nj\u00eb t\u00eb ardhme t\u00eb af\u00ebrt do t\u00eb jemi d\u00ebshmitare t\u00eb ndikimit pozitiv t\u00eb k\u00ebtij procesi n\u00eb rrethin e gj\u00ebr\u201d.<\/p>\n<p>Zevendesi i ambasadorit t\u00eb misionit t\u00eb OSBE-se Tomas Moore ka th\u00ebn\u00eb se Bujanovci dhe Subotica jan\u00eb dy qytete t\u00eb ndryshme t\u00eb cilat jan\u00eb t\u00eb ngjashme nga p\u00ebrb\u00ebrja e tyre multietnike: \u201c Keni ardhur n\u00eb nj\u00eb mes e cila ndryshon nga mesi n\u00eb t\u00eb cilin jetoni , mir\u00ebpo me t\u00eb cilin ndani multnicitetin.<\/p>\n<p>Ju rriteni n\u00eb nj\u00eb Serbi e cila ndryshon nga ajo q\u00eb jan\u00eb rritur prind\u00ebrit tuaj. Vizita juaj n\u00eb Subotic\u00eb \u00ebsht\u00eb simbol i atij ndryshimi\u201d.<\/p>\n<p>\u201c Une besoj se ende mund t\u00eb gjejm\u00eb shembuj t\u00eb bahskpunimit me Subotic\u00ebn , p\u00ebrshkak se bahskpunimi jon\u00eb me k\u00ebt\u00eb qytet, i cili duhet t\u00eb jet\u00eb shembull i nj\u00eb praktik\u00eb t\u00eb mir\u00eb, duhet t\u00eb shihet edhe nga aspekti i simbolik\u00ebs. Subotica dhe Bujanovci jan\u00eb rrethe multietnike. Duke pasur parasysh\u00eb se Subotica \u00ebsht\u00eb\u00a0 me e zhvilluar mendoj se mund t\u00eb m\u00ebsojm\u00eb shum\u00eb gj\u00ebra nga qytetar\u00ebt e k\u00ebtij qyteti\u201d, ka th\u00ebn\u00eb kryetari i komun\u00ebs s\u00eb Bujanovcit Shaip Kamberi.<\/p>\n<p><img decoding=\"async\" align=\"left\" src=\"https:\/\/kt.gov.rs\/wp-content\/uploads\/2024\/07\/newspic622-2.jpg\" alt=\"\" \/>\u201c Ne fillimin e iniciativ\u00ebs p\u00ebr hapjen e deg\u00ebs s\u00eb fakultetit ekonomik n\u00eb Bujanovc , isha skeptik\u201d, ka th\u00ebn\u00eb kryetari i keshillit nacional t\u00eb Shqip\u00ebtar\u00ebve Galip Beqiri dhe ka shtuar \u201c Ka patur mjaft v\u00ebsht\u00ebrsi mir\u00ebpo ka qen\u00eb knaq\u00ebsi q\u00eb n\u00eb Subotic\u00eb kemi gjetur modelin e p\u00ebrshtatsh\u00ebm p\u00ebr organizimin e m\u00ebsimdh\u00ebnies multietnike n\u00eb Bujanovc dhe q\u00eb dekani Vunjak ka qen\u00eb i gatsh\u00ebm p\u00ebr bashkpunim n\u00eb k\u00ebt\u00eb projekt kaq te r\u00ebnd\u00ebsish\u00ebm\u201d<\/p>\n<p>T\u00eb pranishmive ju kan\u00eb drejtuar studentet e fakultetit Ekonomik nga Bujanoci dhe Subotica t\u00eb cilat kan\u00eb treguar k\u00ebnaq\u00ebsi q\u00eb ju ka ofruar mund\u00ebsia p\u00ebr t\u00eb shoqruar me koleg\u00ebt e tyre dhe kan\u00eb theksuar kushte t\u00eb mira p\u00ebr studime n\u00eb paralel\u00ebn e Bujanocit.<\/p>\n<p>Pas\u00eb shoq\u00ebrimit me koleg\u00ebt e fakultetit, student\u00ebt nga Bujanoci kan\u00eb vizituar kolg\u00ebt e tyre t\u00eb cil\u00ebt studijojn n\u00eb paralelen e fakultetit Ekonomik ne Novi Sad.<\/p>\n<p>Trupi Koordinues mbeten t\u00eb angazhuar p\u00ebr pun\u00ebn dhe p\u00ebrparimin e kushteve t\u00eb studimeve dhe krijimin e mund\u00ebsive p\u00ebr kualitetin e arsimit t\u00eb lart\u00eb n\u00eb jug t\u00eb S\u00ebrbis.\u00a0 \u00a0<\/p>\n","protected":false},"excerpt":{"rendered":"<p>Trupi Koordinues i Republik\u00ebs S\u00ebrbis p\u00ebr komun\u00ebn e Preshev\u00ebs, Bujanocit dhe Medvegj\u00ebs, ka organizuar vizit dy ditore student\u00ebve nga paralelja e fakultetit Ekonomik t\u00eb Bujanocit n\u00eb fakultetin e Subotic\u00ebs. Vizita e student\u00ebve nga Bujanoci n\u00eb Subotic \u00ebsht\u00eb edhe nj\u00eb aktivitet i trupit Koordinues n\u00eb cilj q\u00eb t\u00eb siguroj kushte t\u00eb nevojshme p\u00ebr t\u00eb arritur kualitet n\u00eb arsim dhe p\u00ebr t\u00eb shk\u00ebnbyer p\u00ebrvojat student\u00ebt nga Bujanoci me koleg\u00ebt nga Subotica dhe Novi Sadi. Ky aktivitet i ka mund\u00ebsuar student\u00ebve nga Bujanoci q\u00eb t\u00eb njihen me koleg\u00ebt, t\u00eb bisedojn p\u00ebr iniciativat e p\u00ebrbashk\u00ebta n\u00eb t\u00eb ardhm\u00ebn dhe t\u00eb shohin se si \u00ebsht\u00eb organizuar m\u00ebsimi n\u00eb Subotic.<\/p>\n","protected":false},"author":1,"featured_media":142004,"comment_status":"closed","ping_status":"closed","sticky":false,"template":"","format":"standard","meta":{"footnotes":""},"categories":[55],"tags":[],"class_list":["post-141996","post","type-post","status-publish","format-standard","has-post-thumbnail","hentry","category-lajme"],"yoast_head":"<!-- This site is optimized with the Yoast SEO plugin v27.5 - https:\/\/yoast.com\/product\/yoast-seo-wordpress\/ -->\n<title>STUDENT\u00cbT E DEG\u00cbS S\u00cb FAKULTETIT EKONOMIK T\u00cb BUJANOCIT N\u00cb VIZIT T\u00cb FAKULTETIT SUBOTIC\u00cbS - Republika e S\u00ebrbis\u00eb Trupi Koordinues p\u00ebr komunat Bujanoc, Preshev\u00eb dhe Medvegj\u00eb<\/title>\n<meta name=\"robots\" content=\"index, follow, max-snippet:-1, max-image-preview:large, max-video-preview:-1\" \/>\n<link rel=\"canonical\" href=\"https:\/\/kt.gov.rs\/sq\/studentet-e-deges-se-fakultetit-ekonomik-te-bujanocit-ne-vizit-te-fakultetit-subotices\/\" \/>\n<meta property=\"og:locale\" content=\"sq_AL\" \/>\n<meta property=\"og:type\" content=\"article\" \/>\n<meta property=\"og:title\" content=\"STUDENT\u00cbT E DEG\u00cbS S\u00cb FAKULTETIT EKONOMIK T\u00cb BUJANOCIT N\u00cb VIZIT T\u00cb FAKULTETIT SUBOTIC\u00cbS - Republika e S\u00ebrbis\u00eb Trupi Koordinues p\u00ebr komunat Bujanoc, Preshev\u00eb dhe Medvegj\u00eb\" \/>\n<meta property=\"og:description\" content=\"Trupi Koordinues i Republik\u00ebs S\u00ebrbis p\u00ebr komun\u00ebn e Preshev\u00ebs, Bujanocit dhe Medvegj\u00ebs, ka organizuar vizit dy ditore student\u00ebve nga paralelja e fakultetit Ekonomik t\u00eb Bujanocit n\u00eb fakultetin e Subotic\u00ebs. Vizita e student\u00ebve nga Bujanoci n\u00eb Subotic \u00ebsht\u00eb edhe nj\u00eb aktivitet i trupit Koordinues n\u00eb cilj q\u00eb t\u00eb siguroj kushte t\u00eb nevojshme p\u00ebr t\u00eb arritur kualitet n\u00eb arsim dhe p\u00ebr t\u00eb shk\u00ebnbyer p\u00ebrvojat student\u00ebt nga Bujanoci me koleg\u00ebt nga Subotica dhe Novi Sadi. Ky aktivitet i ka mund\u00ebsuar student\u00ebve nga Bujanoci q\u00eb t\u00eb njihen me koleg\u00ebt, t\u00eb bisedojn p\u00ebr iniciativat e p\u00ebrbashk\u00ebta n\u00eb t\u00eb ardhm\u00ebn dhe t\u00eb shohin se si \u00ebsht\u00eb organizuar m\u00ebsimi n\u00eb Subotic.\" \/>\n<meta property=\"og:url\" content=\"https:\/\/kt.gov.rs\/sq\/studentet-e-deges-se-fakultetit-ekonomik-te-bujanocit-ne-vizit-te-fakultetit-subotices\/\" \/>\n<meta property=\"og:site_name\" content=\"Republika e S\u00ebrbis\u00eb Trupi Koordinues p\u00ebr komunat Bujanoc, Preshev\u00eb dhe Medvegj\u00eb\" \/>\n<meta property=\"article:publisher\" content=\"https:\/\/www.facebook.com\/SluzbaKoordinacionogTelaVladeRepublikeSrbije\" \/>\n<meta property=\"article:published_time\" content=\"2012-03-05T00:00:00+00:00\" \/>\n<meta property=\"article:modified_time\" content=\"2024-07-30T20:19:05+00:00\" \/>\n<meta property=\"og:image\" content=\"https:\/\/kt.gov.rs\/wp-content\/uploads\/2024\/07\/newspic621-5.jpg\" \/>\n\t<meta property=\"og:image:width\" content=\"265\" \/>\n\t<meta property=\"og:image:height\" content=\"180\" \/>\n\t<meta property=\"og:image:type\" content=\"image\/jpeg\" \/>\n<meta name=\"author\" content=\"ktmin\" \/>\n<meta name=\"twitter:card\" content=\"summary_large_image\" \/>\n<meta name=\"twitter:creator\" content=\"@kt_gov\" \/>\n<meta name=\"twitter:site\" content=\"@kt_gov\" \/>\n<meta name=\"twitter:label1\" content=\"Written by\" \/>\n\t<meta name=\"twitter:data1\" content=\"ktmin\" \/>\n\t<meta name=\"twitter:label2\" content=\"Est. reading time\" \/>\n\t<meta name=\"twitter:data2\" content=\"6 minutes\" \/>\n<script type=\"application\/ld+json\" class=\"yoast-schema-graph\">{\"@context\":\"https:\\\/\\\/schema.org\",\"@graph\":[{\"@type\":\"Article\",\"@id\":\"https:\\\/\\\/kt.gov.rs\\\/sq\\\/studentet-e-deges-se-fakultetit-ekonomik-te-bujanocit-ne-vizit-te-fakultetit-subotices\\\/#article\",\"isPartOf\":{\"@id\":\"https:\\\/\\\/kt.gov.rs\\\/sq\\\/studentet-e-deges-se-fakultetit-ekonomik-te-bujanocit-ne-vizit-te-fakultetit-subotices\\\/\"},\"author\":{\"name\":\"ktmin\",\"@id\":\"https:\\\/\\\/kt.gov.rs\\\/#\\\/schema\\\/person\\\/e426459ddb4173309103390602694571\"},\"headline\":\"STUDENT\u00cbT E DEG\u00cbS S\u00cb FAKULTETIT EKONOMIK T\u00cb BUJANOCIT N\u00cb VIZIT T\u00cb FAKULTETIT SUBOTIC\u00cbS\",\"datePublished\":\"2012-03-05T00:00:00+00:00\",\"dateModified\":\"2024-07-30T20:19:05+00:00\",\"mainEntityOfPage\":{\"@id\":\"https:\\\/\\\/kt.gov.rs\\\/sq\\\/studentet-e-deges-se-fakultetit-ekonomik-te-bujanocit-ne-vizit-te-fakultetit-subotices\\\/\"},\"wordCount\":1304,\"publisher\":{\"@id\":\"https:\\\/\\\/kt.gov.rs\\\/#organization\"},\"image\":{\"@id\":\"https:\\\/\\\/kt.gov.rs\\\/sq\\\/studentet-e-deges-se-fakultetit-ekonomik-te-bujanocit-ne-vizit-te-fakultetit-subotices\\\/#primaryimage\"},\"thumbnailUrl\":\"https:\\\/\\\/kt.gov.rs\\\/wp-content\\\/uploads\\\/2024\\\/07\\\/newspic621-5.jpg\",\"articleSection\":[\"Lajme\"],\"inLanguage\":\"sq-AL\"},{\"@type\":\"WebPage\",\"@id\":\"https:\\\/\\\/kt.gov.rs\\\/sq\\\/studentet-e-deges-se-fakultetit-ekonomik-te-bujanocit-ne-vizit-te-fakultetit-subotices\\\/\",\"url\":\"https:\\\/\\\/kt.gov.rs\\\/sq\\\/studentet-e-deges-se-fakultetit-ekonomik-te-bujanocit-ne-vizit-te-fakultetit-subotices\\\/\",\"name\":\"STUDENT\u00cbT E DEG\u00cbS S\u00cb FAKULTETIT EKONOMIK T\u00cb BUJANOCIT N\u00cb VIZIT T\u00cb FAKULTETIT SUBOTIC\u00cbS - Republika e S\u00ebrbis\u00eb Trupi Koordinues p\u00ebr komunat Bujanoc, Preshev\u00eb dhe Medvegj\u00eb\",\"isPartOf\":{\"@id\":\"https:\\\/\\\/kt.gov.rs\\\/#website\"},\"primaryImageOfPage\":{\"@id\":\"https:\\\/\\\/kt.gov.rs\\\/sq\\\/studentet-e-deges-se-fakultetit-ekonomik-te-bujanocit-ne-vizit-te-fakultetit-subotices\\\/#primaryimage\"},\"image\":{\"@id\":\"https:\\\/\\\/kt.gov.rs\\\/sq\\\/studentet-e-deges-se-fakultetit-ekonomik-te-bujanocit-ne-vizit-te-fakultetit-subotices\\\/#primaryimage\"},\"thumbnailUrl\":\"https:\\\/\\\/kt.gov.rs\\\/wp-content\\\/uploads\\\/2024\\\/07\\\/newspic621-5.jpg\",\"datePublished\":\"2012-03-05T00:00:00+00:00\",\"dateModified\":\"2024-07-30T20:19:05+00:00\",\"breadcrumb\":{\"@id\":\"https:\\\/\\\/kt.gov.rs\\\/sq\\\/studentet-e-deges-se-fakultetit-ekonomik-te-bujanocit-ne-vizit-te-fakultetit-subotices\\\/#breadcrumb\"},\"inLanguage\":\"sq-AL\",\"potentialAction\":[{\"@type\":\"ReadAction\",\"target\":[\"https:\\\/\\\/kt.gov.rs\\\/sq\\\/studentet-e-deges-se-fakultetit-ekonomik-te-bujanocit-ne-vizit-te-fakultetit-subotices\\\/\"]}]},{\"@type\":\"ImageObject\",\"inLanguage\":\"sq-AL\",\"@id\":\"https:\\\/\\\/kt.gov.rs\\\/sq\\\/studentet-e-deges-se-fakultetit-ekonomik-te-bujanocit-ne-vizit-te-fakultetit-subotices\\\/#primaryimage\",\"url\":\"https:\\\/\\\/kt.gov.rs\\\/wp-content\\\/uploads\\\/2024\\\/07\\\/newspic621-5.jpg\",\"contentUrl\":\"https:\\\/\\\/kt.gov.rs\\\/wp-content\\\/uploads\\\/2024\\\/07\\\/newspic621-5.jpg\",\"width\":265,\"height\":180},{\"@type\":\"BreadcrumbList\",\"@id\":\"https:\\\/\\\/kt.gov.rs\\\/sq\\\/studentet-e-deges-se-fakultetit-ekonomik-te-bujanocit-ne-vizit-te-fakultetit-subotices\\\/#breadcrumb\",\"itemListElement\":[{\"@type\":\"ListItem\",\"position\":1,\"name\":\"\u041f\u043e\u0447\u0435\u0442\u043d\u0430\",\"item\":\"https:\\\/\\\/kt.gov.rs\\\/sq\\\/\"},{\"@type\":\"ListItem\",\"position\":2,\"name\":\"STUDENT\u00cbT E DEG\u00cbS S\u00cb FAKULTETIT EKONOMIK T\u00cb BUJANOCIT N\u00cb VIZIT T\u00cb FAKULTETIT SUBOTIC\u00cbS\"}]},{\"@type\":\"WebSite\",\"@id\":\"https:\\\/\\\/kt.gov.rs\\\/#website\",\"url\":\"https:\\\/\\\/kt.gov.rs\\\/\",\"name\":\"\u041a\u043e\u043e\u0440\u0434\u0438\u043d\u0430\u0446\u0438\u043e\u043d\u043e \u0442\u0435\u043b\u043e \u0412\u043b\u0430\u0434\u0435 \u0420\u0435\u043f\u0443\u0431\u043b\u0438\u043a\u0435 \u0421\u0440\u0431\u0438\u0458\u0435 \u0437\u0430 \u043e\u043f\u0448\u0442\u0438\u043d\u0435 \u041f\u0440\u0435\u0448\u0435\u0432\u043e, \u0411\u0443\u0458\u0430\u043d\u043e\u0432\u0430\u0446 \u0438 \u041c\u0435\u0434\u0432\u0435\u0452a\",\"description\":\"\",\"publisher\":{\"@id\":\"https:\\\/\\\/kt.gov.rs\\\/#organization\"},\"alternateName\":\"\u041a\u043e\u043e\u0440\u0434\u0438\u043d\u0430\u0446\u0438\u043e\u043d\u043e \u0442\u0435\u043b\u043e\",\"potentialAction\":[{\"@type\":\"SearchAction\",\"target\":{\"@type\":\"EntryPoint\",\"urlTemplate\":\"https:\\\/\\\/kt.gov.rs\\\/?s={search_term_string}\"},\"query-input\":{\"@type\":\"PropertyValueSpecification\",\"valueRequired\":true,\"valueName\":\"search_term_string\"}}],\"inLanguage\":\"sq-AL\"},{\"@type\":\"Organization\",\"@id\":\"https:\\\/\\\/kt.gov.rs\\\/#organization\",\"name\":\"\u041a\u043e\u043e\u0440\u0434\u0438\u043d\u0430\u0446\u0438\u043e\u043d\u043e \u0442\u0435\u043b\u043e \u0412\u043b\u0430\u0434\u0435 \u0420\u0435\u043f\u0443\u0431\u043b\u0438\u043a\u0435 \u0421\u0440\u0431\u0438\u0458\u0435 \u0437\u0430 \u043e\u043f\u0448\u0442\u0438\u043d\u0435 \u041f\u0440\u0435\u0448\u0435\u0432\u043e, \u0411\u0443\u0458\u0430\u043d\u043e\u0432\u0430\u0446 \u0438 \u041c\u0435\u0434\u0432\u0435\u0452a\",\"alternateName\":\"\u041a\u043e\u043e\u0440\u0434\u0438\u043d\u0430\u0446\u0438\u043e\u043d\u043e \u0442\u0435\u043b\u043e\",\"url\":\"https:\\\/\\\/kt.gov.rs\\\/\",\"logo\":{\"@type\":\"ImageObject\",\"inLanguage\":\"sq-AL\",\"@id\":\"https:\\\/\\\/kt.gov.rs\\\/#\\\/schema\\\/logo\\\/image\\\/\",\"url\":\"https:\\\/\\\/kt.gov.rs\\\/wp-content\\\/uploads\\\/2024\\\/12\\\/koord2.jpg\",\"contentUrl\":\"https:\\\/\\\/kt.gov.rs\\\/wp-content\\\/uploads\\\/2024\\\/12\\\/koord2.jpg\",\"width\":640,\"height\":480,\"caption\":\"\u041a\u043e\u043e\u0440\u0434\u0438\u043d\u0430\u0446\u0438\u043e\u043d\u043e \u0442\u0435\u043b\u043e \u0412\u043b\u0430\u0434\u0435 \u0420\u0435\u043f\u0443\u0431\u043b\u0438\u043a\u0435 \u0421\u0440\u0431\u0438\u0458\u0435 \u0437\u0430 \u043e\u043f\u0448\u0442\u0438\u043d\u0435 \u041f\u0440\u0435\u0448\u0435\u0432\u043e, \u0411\u0443\u0458\u0430\u043d\u043e\u0432\u0430\u0446 \u0438 \u041c\u0435\u0434\u0432\u0435\u0452a\"},\"image\":{\"@id\":\"https:\\\/\\\/kt.gov.rs\\\/#\\\/schema\\\/logo\\\/image\\\/\"},\"sameAs\":[\"https:\\\/\\\/www.facebook.com\\\/SluzbaKoordinacionogTelaVladeRepublikeSrbije\",\"https:\\\/\\\/x.com\\\/kt_gov\",\"https:\\\/\\\/www.youtube.com\\\/@koordinacionotelo\"]},{\"@type\":\"Person\",\"@id\":\"https:\\\/\\\/kt.gov.rs\\\/#\\\/schema\\\/person\\\/e426459ddb4173309103390602694571\",\"name\":\"ktmin\",\"image\":{\"@type\":\"ImageObject\",\"inLanguage\":\"sq-AL\",\"@id\":\"https:\\\/\\\/secure.gravatar.com\\\/avatar\\\/3985c961109853010c3fbc7ba30365bfba5db3dd6c525831d9c595c7525a615a?s=96&d=mm&r=g\",\"url\":\"https:\\\/\\\/secure.gravatar.com\\\/avatar\\\/3985c961109853010c3fbc7ba30365bfba5db3dd6c525831d9c595c7525a615a?s=96&d=mm&r=g\",\"contentUrl\":\"https:\\\/\\\/secure.gravatar.com\\\/avatar\\\/3985c961109853010c3fbc7ba30365bfba5db3dd6c525831d9c595c7525a615a?s=96&d=mm&r=g\",\"caption\":\"ktmin\"},\"sameAs\":[\"https:\\\/\\\/kt.gov.rs\"],\"url\":\"https:\\\/\\\/kt.gov.rs\\\/sq\\\/author\\\/ktmin\\\/\"}]}<\/script>\n<!-- \/ Yoast SEO plugin. -->","yoast_head_json":{"title":"STUDENT\u00cbT E DEG\u00cbS S\u00cb FAKULTETIT EKONOMIK T\u00cb BUJANOCIT N\u00cb VIZIT T\u00cb FAKULTETIT SUBOTIC\u00cbS - Republika e S\u00ebrbis\u00eb Trupi Koordinues p\u00ebr komunat Bujanoc, Preshev\u00eb dhe Medvegj\u00eb","robots":{"index":"index","follow":"follow","max-snippet":"max-snippet:-1","max-image-preview":"max-image-preview:large","max-video-preview":"max-video-preview:-1"},"canonical":"https:\/\/kt.gov.rs\/sq\/studentet-e-deges-se-fakultetit-ekonomik-te-bujanocit-ne-vizit-te-fakultetit-subotices\/","og_locale":"sq_AL","og_type":"article","og_title":"STUDENT\u00cbT E DEG\u00cbS S\u00cb FAKULTETIT EKONOMIK T\u00cb BUJANOCIT N\u00cb VIZIT T\u00cb FAKULTETIT SUBOTIC\u00cbS - Republika e S\u00ebrbis\u00eb Trupi Koordinues p\u00ebr komunat Bujanoc, Preshev\u00eb dhe Medvegj\u00eb","og_description":"Trupi Koordinues i Republik\u00ebs S\u00ebrbis p\u00ebr komun\u00ebn e Preshev\u00ebs, Bujanocit dhe Medvegj\u00ebs, ka organizuar vizit dy ditore student\u00ebve nga paralelja e fakultetit Ekonomik t\u00eb Bujanocit n\u00eb fakultetin e Subotic\u00ebs. Vizita e student\u00ebve nga Bujanoci n\u00eb Subotic \u00ebsht\u00eb edhe nj\u00eb aktivitet i trupit Koordinues n\u00eb cilj q\u00eb t\u00eb siguroj kushte t\u00eb nevojshme p\u00ebr t\u00eb arritur kualitet n\u00eb arsim dhe p\u00ebr t\u00eb shk\u00ebnbyer p\u00ebrvojat student\u00ebt nga Bujanoci me koleg\u00ebt nga Subotica dhe Novi Sadi. Ky aktivitet i ka mund\u00ebsuar student\u00ebve nga Bujanoci q\u00eb t\u00eb njihen me koleg\u00ebt, t\u00eb bisedojn p\u00ebr iniciativat e p\u00ebrbashk\u00ebta n\u00eb t\u00eb ardhm\u00ebn dhe t\u00eb shohin se si \u00ebsht\u00eb organizuar m\u00ebsimi n\u00eb Subotic.","og_url":"https:\/\/kt.gov.rs\/sq\/studentet-e-deges-se-fakultetit-ekonomik-te-bujanocit-ne-vizit-te-fakultetit-subotices\/","og_site_name":"Republika e S\u00ebrbis\u00eb Trupi Koordinues p\u00ebr komunat Bujanoc, Preshev\u00eb dhe Medvegj\u00eb","article_publisher":"https:\/\/www.facebook.com\/SluzbaKoordinacionogTelaVladeRepublikeSrbije","article_published_time":"2012-03-05T00:00:00+00:00","article_modified_time":"2024-07-30T20:19:05+00:00","og_image":[{"width":265,"height":180,"url":"https:\/\/kt.gov.rs\/wp-content\/uploads\/2024\/07\/newspic621-5.jpg","type":"image\/jpeg"}],"author":"ktmin","twitter_card":"summary_large_image","twitter_creator":"@kt_gov","twitter_site":"@kt_gov","twitter_misc":{"Written by":"ktmin","Est. reading time":"6 minutes"},"schema":{"@context":"https:\/\/schema.org","@graph":[{"@type":"Article","@id":"https:\/\/kt.gov.rs\/sq\/studentet-e-deges-se-fakultetit-ekonomik-te-bujanocit-ne-vizit-te-fakultetit-subotices\/#article","isPartOf":{"@id":"https:\/\/kt.gov.rs\/sq\/studentet-e-deges-se-fakultetit-ekonomik-te-bujanocit-ne-vizit-te-fakultetit-subotices\/"},"author":{"name":"ktmin","@id":"https:\/\/kt.gov.rs\/#\/schema\/person\/e426459ddb4173309103390602694571"},"headline":"STUDENT\u00cbT E DEG\u00cbS S\u00cb FAKULTETIT EKONOMIK T\u00cb BUJANOCIT N\u00cb VIZIT T\u00cb FAKULTETIT SUBOTIC\u00cbS","datePublished":"2012-03-05T00:00:00+00:00","dateModified":"2024-07-30T20:19:05+00:00","mainEntityOfPage":{"@id":"https:\/\/kt.gov.rs\/sq\/studentet-e-deges-se-fakultetit-ekonomik-te-bujanocit-ne-vizit-te-fakultetit-subotices\/"},"wordCount":1304,"publisher":{"@id":"https:\/\/kt.gov.rs\/#organization"},"image":{"@id":"https:\/\/kt.gov.rs\/sq\/studentet-e-deges-se-fakultetit-ekonomik-te-bujanocit-ne-vizit-te-fakultetit-subotices\/#primaryimage"},"thumbnailUrl":"https:\/\/kt.gov.rs\/wp-content\/uploads\/2024\/07\/newspic621-5.jpg","articleSection":["Lajme"],"inLanguage":"sq-AL"},{"@type":"WebPage","@id":"https:\/\/kt.gov.rs\/sq\/studentet-e-deges-se-fakultetit-ekonomik-te-bujanocit-ne-vizit-te-fakultetit-subotices\/","url":"https:\/\/kt.gov.rs\/sq\/studentet-e-deges-se-fakultetit-ekonomik-te-bujanocit-ne-vizit-te-fakultetit-subotices\/","name":"STUDENT\u00cbT E DEG\u00cbS S\u00cb FAKULTETIT EKONOMIK T\u00cb BUJANOCIT N\u00cb VIZIT T\u00cb FAKULTETIT SUBOTIC\u00cbS - Republika e S\u00ebrbis\u00eb Trupi Koordinues p\u00ebr komunat Bujanoc, Preshev\u00eb dhe Medvegj\u00eb","isPartOf":{"@id":"https:\/\/kt.gov.rs\/#website"},"primaryImageOfPage":{"@id":"https:\/\/kt.gov.rs\/sq\/studentet-e-deges-se-fakultetit-ekonomik-te-bujanocit-ne-vizit-te-fakultetit-subotices\/#primaryimage"},"image":{"@id":"https:\/\/kt.gov.rs\/sq\/studentet-e-deges-se-fakultetit-ekonomik-te-bujanocit-ne-vizit-te-fakultetit-subotices\/#primaryimage"},"thumbnailUrl":"https:\/\/kt.gov.rs\/wp-content\/uploads\/2024\/07\/newspic621-5.jpg","datePublished":"2012-03-05T00:00:00+00:00","dateModified":"2024-07-30T20:19:05+00:00","breadcrumb":{"@id":"https:\/\/kt.gov.rs\/sq\/studentet-e-deges-se-fakultetit-ekonomik-te-bujanocit-ne-vizit-te-fakultetit-subotices\/#breadcrumb"},"inLanguage":"sq-AL","potentialAction":[{"@type":"ReadAction","target":["https:\/\/kt.gov.rs\/sq\/studentet-e-deges-se-fakultetit-ekonomik-te-bujanocit-ne-vizit-te-fakultetit-subotices\/"]}]},{"@type":"ImageObject","inLanguage":"sq-AL","@id":"https:\/\/kt.gov.rs\/sq\/studentet-e-deges-se-fakultetit-ekonomik-te-bujanocit-ne-vizit-te-fakultetit-subotices\/#primaryimage","url":"https:\/\/kt.gov.rs\/wp-content\/uploads\/2024\/07\/newspic621-5.jpg","contentUrl":"https:\/\/kt.gov.rs\/wp-content\/uploads\/2024\/07\/newspic621-5.jpg","width":265,"height":180},{"@type":"BreadcrumbList","@id":"https:\/\/kt.gov.rs\/sq\/studentet-e-deges-se-fakultetit-ekonomik-te-bujanocit-ne-vizit-te-fakultetit-subotices\/#breadcrumb","itemListElement":[{"@type":"ListItem","position":1,"name":"\u041f\u043e\u0447\u0435\u0442\u043d\u0430","item":"https:\/\/kt.gov.rs\/sq\/"},{"@type":"ListItem","position":2,"name":"STUDENT\u00cbT E DEG\u00cbS S\u00cb FAKULTETIT EKONOMIK T\u00cb BUJANOCIT N\u00cb VIZIT T\u00cb FAKULTETIT SUBOTIC\u00cbS"}]},{"@type":"WebSite","@id":"https:\/\/kt.gov.rs\/#website","url":"https:\/\/kt.gov.rs\/","name":"\u041a\u043e\u043e\u0440\u0434\u0438\u043d\u0430\u0446\u0438\u043e\u043d\u043e \u0442\u0435\u043b\u043e \u0412\u043b\u0430\u0434\u0435 \u0420\u0435\u043f\u0443\u0431\u043b\u0438\u043a\u0435 \u0421\u0440\u0431\u0438\u0458\u0435 \u0437\u0430 \u043e\u043f\u0448\u0442\u0438\u043d\u0435 \u041f\u0440\u0435\u0448\u0435\u0432\u043e, \u0411\u0443\u0458\u0430\u043d\u043e\u0432\u0430\u0446 \u0438 \u041c\u0435\u0434\u0432\u0435\u0452a","description":"","publisher":{"@id":"https:\/\/kt.gov.rs\/#organization"},"alternateName":"\u041a\u043e\u043e\u0440\u0434\u0438\u043d\u0430\u0446\u0438\u043e\u043d\u043e \u0442\u0435\u043b\u043e","potentialAction":[{"@type":"SearchAction","target":{"@type":"EntryPoint","urlTemplate":"https:\/\/kt.gov.rs\/?s={search_term_string}"},"query-input":{"@type":"PropertyValueSpecification","valueRequired":true,"valueName":"search_term_string"}}],"inLanguage":"sq-AL"},{"@type":"Organization","@id":"https:\/\/kt.gov.rs\/#organization","name":"\u041a\u043e\u043e\u0440\u0434\u0438\u043d\u0430\u0446\u0438\u043e\u043d\u043e \u0442\u0435\u043b\u043e \u0412\u043b\u0430\u0434\u0435 \u0420\u0435\u043f\u0443\u0431\u043b\u0438\u043a\u0435 \u0421\u0440\u0431\u0438\u0458\u0435 \u0437\u0430 \u043e\u043f\u0448\u0442\u0438\u043d\u0435 \u041f\u0440\u0435\u0448\u0435\u0432\u043e, \u0411\u0443\u0458\u0430\u043d\u043e\u0432\u0430\u0446 \u0438 \u041c\u0435\u0434\u0432\u0435\u0452a","alternateName":"\u041a\u043e\u043e\u0440\u0434\u0438\u043d\u0430\u0446\u0438\u043e\u043d\u043e \u0442\u0435\u043b\u043e","url":"https:\/\/kt.gov.rs\/","logo":{"@type":"ImageObject","inLanguage":"sq-AL","@id":"https:\/\/kt.gov.rs\/#\/schema\/logo\/image\/","url":"https:\/\/kt.gov.rs\/wp-content\/uploads\/2024\/12\/koord2.jpg","contentUrl":"https:\/\/kt.gov.rs\/wp-content\/uploads\/2024\/12\/koord2.jpg","width":640,"height":480,"caption":"\u041a\u043e\u043e\u0440\u0434\u0438\u043d\u0430\u0446\u0438\u043e\u043d\u043e \u0442\u0435\u043b\u043e \u0412\u043b\u0430\u0434\u0435 \u0420\u0435\u043f\u0443\u0431\u043b\u0438\u043a\u0435 \u0421\u0440\u0431\u0438\u0458\u0435 \u0437\u0430 \u043e\u043f\u0448\u0442\u0438\u043d\u0435 \u041f\u0440\u0435\u0448\u0435\u0432\u043e, \u0411\u0443\u0458\u0430\u043d\u043e\u0432\u0430\u0446 \u0438 \u041c\u0435\u0434\u0432\u0435\u0452a"},"image":{"@id":"https:\/\/kt.gov.rs\/#\/schema\/logo\/image\/"},"sameAs":["https:\/\/www.facebook.com\/SluzbaKoordinacionogTelaVladeRepublikeSrbije","https:\/\/x.com\/kt_gov","https:\/\/www.youtube.com\/@koordinacionotelo"]},{"@type":"Person","@id":"https:\/\/kt.gov.rs\/#\/schema\/person\/e426459ddb4173309103390602694571","name":"ktmin","image":{"@type":"ImageObject","inLanguage":"sq-AL","@id":"https:\/\/secure.gravatar.com\/avatar\/3985c961109853010c3fbc7ba30365bfba5db3dd6c525831d9c595c7525a615a?s=96&d=mm&r=g","url":"https:\/\/secure.gravatar.com\/avatar\/3985c961109853010c3fbc7ba30365bfba5db3dd6c525831d9c595c7525a615a?s=96&d=mm&r=g","contentUrl":"https:\/\/secure.gravatar.com\/avatar\/3985c961109853010c3fbc7ba30365bfba5db3dd6c525831d9c595c7525a615a?s=96&d=mm&r=g","caption":"ktmin"},"sameAs":["https:\/\/kt.gov.rs"],"url":"https:\/\/kt.gov.rs\/sq\/author\/ktmin\/"}]}},"_links":{"self":[{"href":"https:\/\/kt.gov.rs\/sq\/wp-json\/wp\/v2\/posts\/141996","targetHints":{"allow":["GET"]}}],"collection":[{"href":"https:\/\/kt.gov.rs\/sq\/wp-json\/wp\/v2\/posts"}],"about":[{"href":"https:\/\/kt.gov.rs\/sq\/wp-json\/wp\/v2\/types\/post"}],"author":[{"embeddable":true,"href":"https:\/\/kt.gov.rs\/sq\/wp-json\/wp\/v2\/users\/1"}],"replies":[{"embeddable":true,"href":"https:\/\/kt.gov.rs\/sq\/wp-json\/wp\/v2\/comments?post=141996"}],"version-history":[{"count":1,"href":"https:\/\/kt.gov.rs\/sq\/wp-json\/wp\/v2\/posts\/141996\/revisions"}],"predecessor-version":[{"id":142003,"href":"https:\/\/kt.gov.rs\/sq\/wp-json\/wp\/v2\/posts\/141996\/revisions\/142003"}],"wp:featuredmedia":[{"embeddable":true,"href":"https:\/\/kt.gov.rs\/sq\/wp-json\/wp\/v2\/media\/142004"}],"wp:attachment":[{"href":"https:\/\/kt.gov.rs\/sq\/wp-json\/wp\/v2\/media?parent=141996"}],"wp:term":[{"taxonomy":"category","embeddable":true,"href":"https:\/\/kt.gov.rs\/sq\/wp-json\/wp\/v2\/categories?post=141996"},{"taxonomy":"post_tag","embeddable":true,"href":"https:\/\/kt.gov.rs\/sq\/wp-json\/wp\/v2\/tags?post=141996"}],"curies":[{"name":"wp","href":"https:\/\/api.w.org\/{rel}","templated":true}]}}