{"id":141994,"date":"2012-03-09T00:00:00","date_gmt":"2012-03-09T00:00:00","guid":{"rendered":"http:\/\/kt.printandscreen.rs\/vizita-dy-ditore-e-praktikanteve-ne-novi-sad\/"},"modified":"2012-03-09T00:00:00","modified_gmt":"2012-03-09T00:00:00","slug":"vizita-dy-ditore-e-praktikanteve-ne-novi-sad","status":"publish","type":"post","link":"https:\/\/kt.gov.rs\/sq\/vizita-dy-ditore-e-praktikanteve-ne-novi-sad\/","title":{"rendered":"Vizita dy ditore e praktikant\u00ebve n\u00eb Novi Sad"},"content":{"rendered":"<p>\n\tDhjet praktikant e praktikante q\u00eb jan\u00eb pjes\u00eb e programit praktik\u00ebs n\u00eb institucionet e Republik\u00ebs s\u00eb Serbis\u00eb kan\u00eb qen\u00eb prej 28 deri n\u00eb 29 shkurt n\u00eb vizit\u00eb n\u00eb Novi Sad. N\u00eb dit\u00ebn e par\u00eb t\u00eb vizit\u00ebs ata fol\u00ebn me depertamentin provincial t\u00eb pun\u00ebs, pun\u00ebsimin,dhe barazimin gjinor\u00eb.N\u00eb k\u00ebt\u00eb institucion e pan\u00eb se si autoritetet provinciale avancojne poziten e grave n\u00eb shoq\u00ebri, m\u00eb shum\u00eb n\u00eb aspektin e pun\u00ebsimit dhe parandalimin e dhunes ne familje. Pas takimit pasoi vizita e qytetit e cila i mundesoi praktikant\u00ebve ta njohin Novi Sadin nga \u201ck\u00ebndv\u00ebshtrimi fem\u00ebror\u00eb\u201d. Ata shetit\u00ebn ato pjes\u00eb t\u00eb qytetit n\u00eb form\u00ebsimin e t\u00eb cilave kan ndikuar gra t\u00eb njohura.<br \/>\n\t\u00a0<br \/>\n\tN\u00eb or\u00ebt e pasdit\u00ebs praktikant\u00ebt u takuan me bursist\u00ebt e trupit Koordinues t\u00eb Qeveris\u00eb s\u00eb Serbis\u00eb p\u00ebr komunat Preshev\u00eb, Bujanoc dhe Medvegj\u00eb t\u00eb cil\u00ebt studiojn\u00eb n\u00eb universitetin e Novi Sadit. N\u00eb bised\u00ebn me koleg\u00ebt kan\u00eb d\u00ebgjuar p\u00ebr v\u00ebsht\u00ebrsit\u00eb e autoriteteve republikane t\u00eb cila p\u00ebrmir\u00ebson arsimin e minoriteteve nga komunat multietnike n\u00eb Serbin\u00eb jugore.<\/p>\n<p>\tDit\u00ebn e ardhshme t\u00eb vizit\u00ebs praktikant\u00ebt n\u00eb bised\u00ebn me t\u00eb pun\u00ebsuarit e departamentin t\u00eb provinc\u00ebs p\u00ebr arsimi,administrat dhe bashk\u00ebsit\u00eb nacionale pat\u00ebn\u00a0 mund\u00ebsin\u00eb p\u00ebr t\u00eb m\u00ebsuar m\u00eb shum\u00eb rreth stimujve t\u00eb arsimit t\u00eb komuniteteve t\u00eb pakicave, sidomos p\u00ebr projekte q\u00eb mb\u00ebshtesin nx\u00ebn\u00ebsit rom\u00eb t\u00eb shkollave t\u00eb meseme.<br \/>\n\tTakimi i fundit i praktikant\u00ebve ishte n\u00eb zyr\u00ebn e Avokatit t\u00eb Popullit dhe fol\u00ebn p\u00ebr t\u00eb drejtat e bashk\u00ebsive nacionale dhe masat q\u00eb marren p\u00ebr pun\u00ebn me grupet e margjinalizuara shoq\u00ebrore, ve\u00e7an\u00ebrisht me f\u00ebmij\u00ebt.<\/p>\n<p>\tVizita n\u00eb Novi Sad ka ndikuar n\u00eb p\u00ebrvoj\u00ebn e praktikant\u00ebve p\u00ebr t\u00eb fituar p\u00ebrvoje t\u00eb re dhe njohuri n\u00eb fush\u00ebn e mbrojtjes dhe t\u00eb p\u00ebrmir\u00ebsimin e pozites s\u00eb grave, f\u00ebmij\u00ebve dhe pakicave n\u00eb arsimimin e tyre. Duke punuar n\u00eb organet shtet\u00ebrore ata arrin p\u00ebrvojat e njohurit\u00eb e nevojshme t\u00eb cilat m\u00eb von\u00eb do te jen\u00eb ne gjendje ti zbatojn\u00eb. P\u00ebr ta jan\u00eb organizuar trajnime t\u00eb shumta p\u00ebr t\u00eb zhvilluar aft\u00ebsi t\u00eb reja.Programin p\u00ebr praktikant e implementon Ministria p\u00ebr t\u00eb drejtat e njeriut dhe pakicave, administrat\u00eb shtetrore dhe vetqeverisje locale me mb\u00ebshtetjen e Ambasad\u00ebs Britanike.<\/p>\n","protected":false},"excerpt":{"rendered":"<p>Dhjet praktikant e praktikante q\u00eb jan\u00eb pjes\u00eb e programit praktik\u00ebs n\u00eb institucionet e Republik\u00ebs s\u00eb Serbis\u00eb kan\u00eb qen\u00eb prej 28 deri n\u00eb 29 shkurt n\u00eb vizit\u00eb n\u00eb Novi Sad. N\u00eb dit\u00ebn e par\u00eb t\u00eb vizit\u00ebs ata fol\u00ebn me depertamentin provincial t\u00eb pun\u00ebs, pun\u00ebsimin,dhe barazimin gjinor\u00eb.N\u00eb k\u00ebt\u00eb institucion e pan\u00eb se si autoritetet provinciale avancojne poziten e grave n\u00eb shoq\u00ebri, m\u00eb shum\u00eb n\u00eb aspektin e pun\u00ebsimit dhe parandalimin e dhunes ne familje.<\/p>\n","protected":false},"author":1,"featured_media":0,"comment_status":"closed","ping_status":"closed","sticky":false,"template":"","format":"standard","meta":{"footnotes":""},"categories":[55],"tags":[],"class_list":["post-141994","post","type-post","status-publish","format-standard","hentry","category-lajme"],"yoast_head":"<!-- This site is optimized with the Yoast SEO plugin v27.5 - https:\/\/yoast.com\/product\/yoast-seo-wordpress\/ -->\n<title>Vizita dy ditore e praktikant\u00ebve n\u00eb Novi Sad - Republika e S\u00ebrbis\u00eb Trupi Koordinues p\u00ebr komunat Bujanoc, Preshev\u00eb dhe Medvegj\u00eb<\/title>\n<meta name=\"robots\" content=\"index, follow, max-snippet:-1, max-image-preview:large, max-video-preview:-1\" \/>\n<link rel=\"canonical\" href=\"https:\/\/kt.gov.rs\/sq\/vizita-dy-ditore-e-praktikanteve-ne-novi-sad\/\" \/>\n<meta property=\"og:locale\" content=\"sq_AL\" \/>\n<meta property=\"og:type\" content=\"article\" \/>\n<meta property=\"og:title\" content=\"Vizita dy ditore e praktikant\u00ebve n\u00eb Novi Sad - Republika e S\u00ebrbis\u00eb Trupi Koordinues p\u00ebr komunat Bujanoc, Preshev\u00eb dhe Medvegj\u00eb\" \/>\n<meta property=\"og:description\" content=\"Dhjet praktikant e praktikante q\u00eb jan\u00eb pjes\u00eb e programit praktik\u00ebs n\u00eb institucionet e Republik\u00ebs s\u00eb Serbis\u00eb kan\u00eb qen\u00eb prej 28 deri n\u00eb 29 shkurt n\u00eb vizit\u00eb n\u00eb Novi Sad. N\u00eb dit\u00ebn e par\u00eb t\u00eb vizit\u00ebs ata fol\u00ebn me depertamentin provincial t\u00eb pun\u00ebs, pun\u00ebsimin,dhe barazimin gjinor\u00eb.N\u00eb k\u00ebt\u00eb institucion e pan\u00eb se si autoritetet provinciale avancojne poziten e grave n\u00eb shoq\u00ebri, m\u00eb shum\u00eb n\u00eb aspektin e pun\u00ebsimit dhe parandalimin e dhunes ne familje.\" \/>\n<meta property=\"og:url\" content=\"https:\/\/kt.gov.rs\/sq\/vizita-dy-ditore-e-praktikanteve-ne-novi-sad\/\" \/>\n<meta property=\"og:site_name\" content=\"Republika e S\u00ebrbis\u00eb Trupi Koordinues p\u00ebr komunat Bujanoc, Preshev\u00eb dhe Medvegj\u00eb\" \/>\n<meta property=\"article:publisher\" content=\"https:\/\/www.facebook.com\/SluzbaKoordinacionogTelaVladeRepublikeSrbije\" \/>\n<meta property=\"article:published_time\" content=\"2012-03-09T00:00:00+00:00\" \/>\n<meta name=\"author\" content=\"ktmin\" \/>\n<meta name=\"twitter:card\" content=\"summary_large_image\" \/>\n<meta name=\"twitter:creator\" content=\"@kt_gov\" \/>\n<meta name=\"twitter:site\" content=\"@kt_gov\" \/>\n<meta name=\"twitter:label1\" content=\"Written by\" \/>\n\t<meta name=\"twitter:data1\" content=\"ktmin\" \/>\n\t<meta name=\"twitter:label2\" content=\"Est. reading time\" \/>\n\t<meta name=\"twitter:data2\" content=\"3 minutes\" \/>\n<script type=\"application\/ld+json\" class=\"yoast-schema-graph\">{\"@context\":\"https:\\\/\\\/schema.org\",\"@graph\":[{\"@type\":\"Article\",\"@id\":\"https:\\\/\\\/kt.gov.rs\\\/sq\\\/vizita-dy-ditore-e-praktikanteve-ne-novi-sad\\\/#article\",\"isPartOf\":{\"@id\":\"https:\\\/\\\/kt.gov.rs\\\/sq\\\/vizita-dy-ditore-e-praktikanteve-ne-novi-sad\\\/\"},\"author\":{\"name\":\"ktmin\",\"@id\":\"https:\\\/\\\/kt.gov.rs\\\/#\\\/schema\\\/person\\\/e426459ddb4173309103390602694571\"},\"headline\":\"Vizita dy ditore e praktikant\u00ebve n\u00eb Novi Sad\",\"datePublished\":\"2012-03-09T00:00:00+00:00\",\"mainEntityOfPage\":{\"@id\":\"https:\\\/\\\/kt.gov.rs\\\/sq\\\/vizita-dy-ditore-e-praktikanteve-ne-novi-sad\\\/\"},\"wordCount\":588,\"publisher\":{\"@id\":\"https:\\\/\\\/kt.gov.rs\\\/#organization\"},\"articleSection\":[\"Lajme\"],\"inLanguage\":\"sq-AL\"},{\"@type\":\"WebPage\",\"@id\":\"https:\\\/\\\/kt.gov.rs\\\/sq\\\/vizita-dy-ditore-e-praktikanteve-ne-novi-sad\\\/\",\"url\":\"https:\\\/\\\/kt.gov.rs\\\/sq\\\/vizita-dy-ditore-e-praktikanteve-ne-novi-sad\\\/\",\"name\":\"Vizita dy ditore e praktikant\u00ebve n\u00eb Novi Sad - Republika e S\u00ebrbis\u00eb Trupi Koordinues p\u00ebr komunat Bujanoc, Preshev\u00eb dhe Medvegj\u00eb\",\"isPartOf\":{\"@id\":\"https:\\\/\\\/kt.gov.rs\\\/#website\"},\"datePublished\":\"2012-03-09T00:00:00+00:00\",\"breadcrumb\":{\"@id\":\"https:\\\/\\\/kt.gov.rs\\\/sq\\\/vizita-dy-ditore-e-praktikanteve-ne-novi-sad\\\/#breadcrumb\"},\"inLanguage\":\"sq-AL\",\"potentialAction\":[{\"@type\":\"ReadAction\",\"target\":[\"https:\\\/\\\/kt.gov.rs\\\/sq\\\/vizita-dy-ditore-e-praktikanteve-ne-novi-sad\\\/\"]}]},{\"@type\":\"BreadcrumbList\",\"@id\":\"https:\\\/\\\/kt.gov.rs\\\/sq\\\/vizita-dy-ditore-e-praktikanteve-ne-novi-sad\\\/#breadcrumb\",\"itemListElement\":[{\"@type\":\"ListItem\",\"position\":1,\"name\":\"\u041f\u043e\u0447\u0435\u0442\u043d\u0430\",\"item\":\"https:\\\/\\\/kt.gov.rs\\\/sq\\\/\"},{\"@type\":\"ListItem\",\"position\":2,\"name\":\"Vizita dy ditore e praktikant\u00ebve n\u00eb Novi Sad\"}]},{\"@type\":\"WebSite\",\"@id\":\"https:\\\/\\\/kt.gov.rs\\\/#website\",\"url\":\"https:\\\/\\\/kt.gov.rs\\\/\",\"name\":\"\u041a\u043e\u043e\u0440\u0434\u0438\u043d\u0430\u0446\u0438\u043e\u043d\u043e \u0442\u0435\u043b\u043e \u0412\u043b\u0430\u0434\u0435 \u0420\u0435\u043f\u0443\u0431\u043b\u0438\u043a\u0435 \u0421\u0440\u0431\u0438\u0458\u0435 \u0437\u0430 \u043e\u043f\u0448\u0442\u0438\u043d\u0435 \u041f\u0440\u0435\u0448\u0435\u0432\u043e, \u0411\u0443\u0458\u0430\u043d\u043e\u0432\u0430\u0446 \u0438 \u041c\u0435\u0434\u0432\u0435\u0452a\",\"description\":\"\",\"publisher\":{\"@id\":\"https:\\\/\\\/kt.gov.rs\\\/#organization\"},\"alternateName\":\"\u041a\u043e\u043e\u0440\u0434\u0438\u043d\u0430\u0446\u0438\u043e\u043d\u043e \u0442\u0435\u043b\u043e\",\"potentialAction\":[{\"@type\":\"SearchAction\",\"target\":{\"@type\":\"EntryPoint\",\"urlTemplate\":\"https:\\\/\\\/kt.gov.rs\\\/?s={search_term_string}\"},\"query-input\":{\"@type\":\"PropertyValueSpecification\",\"valueRequired\":true,\"valueName\":\"search_term_string\"}}],\"inLanguage\":\"sq-AL\"},{\"@type\":\"Organization\",\"@id\":\"https:\\\/\\\/kt.gov.rs\\\/#organization\",\"name\":\"\u041a\u043e\u043e\u0440\u0434\u0438\u043d\u0430\u0446\u0438\u043e\u043d\u043e \u0442\u0435\u043b\u043e \u0412\u043b\u0430\u0434\u0435 \u0420\u0435\u043f\u0443\u0431\u043b\u0438\u043a\u0435 \u0421\u0440\u0431\u0438\u0458\u0435 \u0437\u0430 \u043e\u043f\u0448\u0442\u0438\u043d\u0435 \u041f\u0440\u0435\u0448\u0435\u0432\u043e, \u0411\u0443\u0458\u0430\u043d\u043e\u0432\u0430\u0446 \u0438 \u041c\u0435\u0434\u0432\u0435\u0452a\",\"alternateName\":\"\u041a\u043e\u043e\u0440\u0434\u0438\u043d\u0430\u0446\u0438\u043e\u043d\u043e \u0442\u0435\u043b\u043e\",\"url\":\"https:\\\/\\\/kt.gov.rs\\\/\",\"logo\":{\"@type\":\"ImageObject\",\"inLanguage\":\"sq-AL\",\"@id\":\"https:\\\/\\\/kt.gov.rs\\\/#\\\/schema\\\/logo\\\/image\\\/\",\"url\":\"https:\\\/\\\/kt.gov.rs\\\/wp-content\\\/uploads\\\/2024\\\/12\\\/koord2.jpg\",\"contentUrl\":\"https:\\\/\\\/kt.gov.rs\\\/wp-content\\\/uploads\\\/2024\\\/12\\\/koord2.jpg\",\"width\":640,\"height\":480,\"caption\":\"\u041a\u043e\u043e\u0440\u0434\u0438\u043d\u0430\u0446\u0438\u043e\u043d\u043e \u0442\u0435\u043b\u043e \u0412\u043b\u0430\u0434\u0435 \u0420\u0435\u043f\u0443\u0431\u043b\u0438\u043a\u0435 \u0421\u0440\u0431\u0438\u0458\u0435 \u0437\u0430 \u043e\u043f\u0448\u0442\u0438\u043d\u0435 \u041f\u0440\u0435\u0448\u0435\u0432\u043e, \u0411\u0443\u0458\u0430\u043d\u043e\u0432\u0430\u0446 \u0438 \u041c\u0435\u0434\u0432\u0435\u0452a\"},\"image\":{\"@id\":\"https:\\\/\\\/kt.gov.rs\\\/#\\\/schema\\\/logo\\\/image\\\/\"},\"sameAs\":[\"https:\\\/\\\/www.facebook.com\\\/SluzbaKoordinacionogTelaVladeRepublikeSrbije\",\"https:\\\/\\\/x.com\\\/kt_gov\",\"https:\\\/\\\/www.youtube.com\\\/@koordinacionotelo\"]},{\"@type\":\"Person\",\"@id\":\"https:\\\/\\\/kt.gov.rs\\\/#\\\/schema\\\/person\\\/e426459ddb4173309103390602694571\",\"name\":\"ktmin\",\"image\":{\"@type\":\"ImageObject\",\"inLanguage\":\"sq-AL\",\"@id\":\"https:\\\/\\\/secure.gravatar.com\\\/avatar\\\/3985c961109853010c3fbc7ba30365bfba5db3dd6c525831d9c595c7525a615a?s=96&d=mm&r=g\",\"url\":\"https:\\\/\\\/secure.gravatar.com\\\/avatar\\\/3985c961109853010c3fbc7ba30365bfba5db3dd6c525831d9c595c7525a615a?s=96&d=mm&r=g\",\"contentUrl\":\"https:\\\/\\\/secure.gravatar.com\\\/avatar\\\/3985c961109853010c3fbc7ba30365bfba5db3dd6c525831d9c595c7525a615a?s=96&d=mm&r=g\",\"caption\":\"ktmin\"},\"sameAs\":[\"https:\\\/\\\/kt.gov.rs\"],\"url\":\"https:\\\/\\\/kt.gov.rs\\\/sq\\\/author\\\/ktmin\\\/\"}]}<\/script>\n<!-- \/ Yoast SEO plugin. -->","yoast_head_json":{"title":"Vizita dy ditore e praktikant\u00ebve n\u00eb Novi Sad - Republika e S\u00ebrbis\u00eb Trupi Koordinues p\u00ebr komunat Bujanoc, Preshev\u00eb dhe Medvegj\u00eb","robots":{"index":"index","follow":"follow","max-snippet":"max-snippet:-1","max-image-preview":"max-image-preview:large","max-video-preview":"max-video-preview:-1"},"canonical":"https:\/\/kt.gov.rs\/sq\/vizita-dy-ditore-e-praktikanteve-ne-novi-sad\/","og_locale":"sq_AL","og_type":"article","og_title":"Vizita dy ditore e praktikant\u00ebve n\u00eb Novi Sad - Republika e S\u00ebrbis\u00eb Trupi Koordinues p\u00ebr komunat Bujanoc, Preshev\u00eb dhe Medvegj\u00eb","og_description":"Dhjet praktikant e praktikante q\u00eb jan\u00eb pjes\u00eb e programit praktik\u00ebs n\u00eb institucionet e Republik\u00ebs s\u00eb Serbis\u00eb kan\u00eb qen\u00eb prej 28 deri n\u00eb 29 shkurt n\u00eb vizit\u00eb n\u00eb Novi Sad. N\u00eb dit\u00ebn e par\u00eb t\u00eb vizit\u00ebs ata fol\u00ebn me depertamentin provincial t\u00eb pun\u00ebs, pun\u00ebsimin,dhe barazimin gjinor\u00eb.N\u00eb k\u00ebt\u00eb institucion e pan\u00eb se si autoritetet provinciale avancojne poziten e grave n\u00eb shoq\u00ebri, m\u00eb shum\u00eb n\u00eb aspektin e pun\u00ebsimit dhe parandalimin e dhunes ne familje.","og_url":"https:\/\/kt.gov.rs\/sq\/vizita-dy-ditore-e-praktikanteve-ne-novi-sad\/","og_site_name":"Republika e S\u00ebrbis\u00eb Trupi Koordinues p\u00ebr komunat Bujanoc, Preshev\u00eb dhe Medvegj\u00eb","article_publisher":"https:\/\/www.facebook.com\/SluzbaKoordinacionogTelaVladeRepublikeSrbije","article_published_time":"2012-03-09T00:00:00+00:00","author":"ktmin","twitter_card":"summary_large_image","twitter_creator":"@kt_gov","twitter_site":"@kt_gov","twitter_misc":{"Written by":"ktmin","Est. reading time":"3 minutes"},"schema":{"@context":"https:\/\/schema.org","@graph":[{"@type":"Article","@id":"https:\/\/kt.gov.rs\/sq\/vizita-dy-ditore-e-praktikanteve-ne-novi-sad\/#article","isPartOf":{"@id":"https:\/\/kt.gov.rs\/sq\/vizita-dy-ditore-e-praktikanteve-ne-novi-sad\/"},"author":{"name":"ktmin","@id":"https:\/\/kt.gov.rs\/#\/schema\/person\/e426459ddb4173309103390602694571"},"headline":"Vizita dy ditore e praktikant\u00ebve n\u00eb Novi Sad","datePublished":"2012-03-09T00:00:00+00:00","mainEntityOfPage":{"@id":"https:\/\/kt.gov.rs\/sq\/vizita-dy-ditore-e-praktikanteve-ne-novi-sad\/"},"wordCount":588,"publisher":{"@id":"https:\/\/kt.gov.rs\/#organization"},"articleSection":["Lajme"],"inLanguage":"sq-AL"},{"@type":"WebPage","@id":"https:\/\/kt.gov.rs\/sq\/vizita-dy-ditore-e-praktikanteve-ne-novi-sad\/","url":"https:\/\/kt.gov.rs\/sq\/vizita-dy-ditore-e-praktikanteve-ne-novi-sad\/","name":"Vizita dy ditore e praktikant\u00ebve n\u00eb Novi Sad - Republika e S\u00ebrbis\u00eb Trupi Koordinues p\u00ebr komunat Bujanoc, Preshev\u00eb dhe Medvegj\u00eb","isPartOf":{"@id":"https:\/\/kt.gov.rs\/#website"},"datePublished":"2012-03-09T00:00:00+00:00","breadcrumb":{"@id":"https:\/\/kt.gov.rs\/sq\/vizita-dy-ditore-e-praktikanteve-ne-novi-sad\/#breadcrumb"},"inLanguage":"sq-AL","potentialAction":[{"@type":"ReadAction","target":["https:\/\/kt.gov.rs\/sq\/vizita-dy-ditore-e-praktikanteve-ne-novi-sad\/"]}]},{"@type":"BreadcrumbList","@id":"https:\/\/kt.gov.rs\/sq\/vizita-dy-ditore-e-praktikanteve-ne-novi-sad\/#breadcrumb","itemListElement":[{"@type":"ListItem","position":1,"name":"\u041f\u043e\u0447\u0435\u0442\u043d\u0430","item":"https:\/\/kt.gov.rs\/sq\/"},{"@type":"ListItem","position":2,"name":"Vizita dy ditore e praktikant\u00ebve n\u00eb Novi Sad"}]},{"@type":"WebSite","@id":"https:\/\/kt.gov.rs\/#website","url":"https:\/\/kt.gov.rs\/","name":"\u041a\u043e\u043e\u0440\u0434\u0438\u043d\u0430\u0446\u0438\u043e\u043d\u043e \u0442\u0435\u043b\u043e \u0412\u043b\u0430\u0434\u0435 \u0420\u0435\u043f\u0443\u0431\u043b\u0438\u043a\u0435 \u0421\u0440\u0431\u0438\u0458\u0435 \u0437\u0430 \u043e\u043f\u0448\u0442\u0438\u043d\u0435 \u041f\u0440\u0435\u0448\u0435\u0432\u043e, \u0411\u0443\u0458\u0430\u043d\u043e\u0432\u0430\u0446 \u0438 \u041c\u0435\u0434\u0432\u0435\u0452a","description":"","publisher":{"@id":"https:\/\/kt.gov.rs\/#organization"},"alternateName":"\u041a\u043e\u043e\u0440\u0434\u0438\u043d\u0430\u0446\u0438\u043e\u043d\u043e \u0442\u0435\u043b\u043e","potentialAction":[{"@type":"SearchAction","target":{"@type":"EntryPoint","urlTemplate":"https:\/\/kt.gov.rs\/?s={search_term_string}"},"query-input":{"@type":"PropertyValueSpecification","valueRequired":true,"valueName":"search_term_string"}}],"inLanguage":"sq-AL"},{"@type":"Organization","@id":"https:\/\/kt.gov.rs\/#organization","name":"\u041a\u043e\u043e\u0440\u0434\u0438\u043d\u0430\u0446\u0438\u043e\u043d\u043e \u0442\u0435\u043b\u043e \u0412\u043b\u0430\u0434\u0435 \u0420\u0435\u043f\u0443\u0431\u043b\u0438\u043a\u0435 \u0421\u0440\u0431\u0438\u0458\u0435 \u0437\u0430 \u043e\u043f\u0448\u0442\u0438\u043d\u0435 \u041f\u0440\u0435\u0448\u0435\u0432\u043e, \u0411\u0443\u0458\u0430\u043d\u043e\u0432\u0430\u0446 \u0438 \u041c\u0435\u0434\u0432\u0435\u0452a","alternateName":"\u041a\u043e\u043e\u0440\u0434\u0438\u043d\u0430\u0446\u0438\u043e\u043d\u043e \u0442\u0435\u043b\u043e","url":"https:\/\/kt.gov.rs\/","logo":{"@type":"ImageObject","inLanguage":"sq-AL","@id":"https:\/\/kt.gov.rs\/#\/schema\/logo\/image\/","url":"https:\/\/kt.gov.rs\/wp-content\/uploads\/2024\/12\/koord2.jpg","contentUrl":"https:\/\/kt.gov.rs\/wp-content\/uploads\/2024\/12\/koord2.jpg","width":640,"height":480,"caption":"\u041a\u043e\u043e\u0440\u0434\u0438\u043d\u0430\u0446\u0438\u043e\u043d\u043e \u0442\u0435\u043b\u043e \u0412\u043b\u0430\u0434\u0435 \u0420\u0435\u043f\u0443\u0431\u043b\u0438\u043a\u0435 \u0421\u0440\u0431\u0438\u0458\u0435 \u0437\u0430 \u043e\u043f\u0448\u0442\u0438\u043d\u0435 \u041f\u0440\u0435\u0448\u0435\u0432\u043e, \u0411\u0443\u0458\u0430\u043d\u043e\u0432\u0430\u0446 \u0438 \u041c\u0435\u0434\u0432\u0435\u0452a"},"image":{"@id":"https:\/\/kt.gov.rs\/#\/schema\/logo\/image\/"},"sameAs":["https:\/\/www.facebook.com\/SluzbaKoordinacionogTelaVladeRepublikeSrbije","https:\/\/x.com\/kt_gov","https:\/\/www.youtube.com\/@koordinacionotelo"]},{"@type":"Person","@id":"https:\/\/kt.gov.rs\/#\/schema\/person\/e426459ddb4173309103390602694571","name":"ktmin","image":{"@type":"ImageObject","inLanguage":"sq-AL","@id":"https:\/\/secure.gravatar.com\/avatar\/3985c961109853010c3fbc7ba30365bfba5db3dd6c525831d9c595c7525a615a?s=96&d=mm&r=g","url":"https:\/\/secure.gravatar.com\/avatar\/3985c961109853010c3fbc7ba30365bfba5db3dd6c525831d9c595c7525a615a?s=96&d=mm&r=g","contentUrl":"https:\/\/secure.gravatar.com\/avatar\/3985c961109853010c3fbc7ba30365bfba5db3dd6c525831d9c595c7525a615a?s=96&d=mm&r=g","caption":"ktmin"},"sameAs":["https:\/\/kt.gov.rs"],"url":"https:\/\/kt.gov.rs\/sq\/author\/ktmin\/"}]}},"_links":{"self":[{"href":"https:\/\/kt.gov.rs\/sq\/wp-json\/wp\/v2\/posts\/141994","targetHints":{"allow":["GET"]}}],"collection":[{"href":"https:\/\/kt.gov.rs\/sq\/wp-json\/wp\/v2\/posts"}],"about":[{"href":"https:\/\/kt.gov.rs\/sq\/wp-json\/wp\/v2\/types\/post"}],"author":[{"embeddable":true,"href":"https:\/\/kt.gov.rs\/sq\/wp-json\/wp\/v2\/users\/1"}],"replies":[{"embeddable":true,"href":"https:\/\/kt.gov.rs\/sq\/wp-json\/wp\/v2\/comments?post=141994"}],"version-history":[{"count":0,"href":"https:\/\/kt.gov.rs\/sq\/wp-json\/wp\/v2\/posts\/141994\/revisions"}],"wp:attachment":[{"href":"https:\/\/kt.gov.rs\/sq\/wp-json\/wp\/v2\/media?parent=141994"}],"wp:term":[{"taxonomy":"category","embeddable":true,"href":"https:\/\/kt.gov.rs\/sq\/wp-json\/wp\/v2\/categories?post=141994"},{"taxonomy":"post_tag","embeddable":true,"href":"https:\/\/kt.gov.rs\/sq\/wp-json\/wp\/v2\/tags?post=141994"}],"curies":[{"name":"wp","href":"https:\/\/api.w.org\/{rel}","templated":true}]}}