{"id":141968,"date":"2012-03-21T00:00:00","date_gmt":"2012-03-21T00:00:00","guid":{"rendered":"http:\/\/kt.printandscreen.rs\/praktikantet-ne-bisede-me-ambasadorin-e-britanise-se-madhe\/"},"modified":"2024-07-30T20:18:58","modified_gmt":"2024-07-30T20:18:58","slug":"praktikantet-ne-bisede-me-ambasadorin-e-britanise-se-madhe","status":"publish","type":"post","link":"https:\/\/kt.gov.rs\/sq\/praktikantet-ne-bisede-me-ambasadorin-e-britanise-se-madhe\/","title":{"rendered":"PRAKTIKANT\u00cbT N\u00cb BISED\u00cb ME AMBASADORIN E BRITANIS\u00cb S\u00cb MADHE"},"content":{"rendered":"<p>\n\t<img decoding=\"async\" alt=\"\" src=\"https:\/\/kt.gov.rs\/wp-content\/uploads\/2024\/07\/newspic630-4.jpg\" style=\"width: 265px; height: 180px; float: left;\" \/>Ambasadori i Britanis\u00eb s\u00eb madhe Ekselenca e tij Majk\u00ebll Devenport dje n\u00eb rezidenc\u00ebn e tij priti dhjet\u00eb praktikant dhe praktikante p\u00ebr pes\u00eb muaj q\u00eb jetojn\u00eb n\u00eb Beograd n\u00eb kuad\u00ebr \u201eProgrami praktik\u00ebs p\u00ebr t\u00eb\u00a0 rinj\u00ebt \u2013 antar\u00ebt e pakicave n\u00eb institucionet shtet\u00ebrore n\u00eb Serbi\u201c. P\u00ebrve\u00e7 praktikantve dhe mentoreve, bised\u00ebn me ambasadorin e ndoqen drejtori p\u00ebr drejtat e njeriut dhe t\u00eb pakicave Nenad Gjurgjeviq dhe drejtoresha e trupit Koordinues Danijella Nenadiq.<\/p>\n<p>\tAmbasada Britanike p\u00ebr vitin e dyt\u00eb mb\u00ebshtet programin e praktik\u00ebs q\u00eb te rinjve nga pakicat lokale ndihmoj\u00eb te marrin njohuri dhe p\u00ebrvoj\u00eb t\u00eb vlefshme duke punuar n\u00eb institucione shtet\u00ebrore dhe aft\u00ebsi shum\u00eb t\u00eb r\u00ebnd\u00ebsishme p\u00ebr t\u00eb komunikuar dhe p\u00ebr t\u00eb kryer detyra t\u00eb shumta. P\u00ebr dallim nga viti i par\u00eb n\u00eb vitin ne dyt\u00eb program ka p\u00ebrfshier t\u00eb rinj\u00ebt e tri bashk\u00ebsive etnike ( shqip\u00ebtar\u00ebt, boshnjak\u00ebt dhe rom\u00ebt)t\u00eb cil\u00ebt mbajn\u00eb praktik\u00eb n\u00eb kat\u00ebr institucione t\u00eb Republik\u00eb s\u00eb S\u00ebrbis\u00eb: Trupi Koordinues i Republik\u00ebs s\u00eb S\u00ebrbis\u00eb p\u00ebr komunat Preshev\u00eb, Bujanovc dhe Medvegj\u00eb, Administrat\u00ebn p\u00ebr t\u00eb drejtat e njeriut dhe pakicave , Ministrin\u00eb e kultur\u00ebs dhe n\u00eb Ministrin\u00eb e arsimit dhe shkencave.<\/p>\n<p>\tAmbasadorit Davenport i interesonin p\u00ebrshtypjet dhe eksperienca e p\u00ebrgjithshme e k\u00ebtyre t\u00eb rinj\u00ebve\u00a0 t\u00eb cil\u00ebve i\u2019u ofrua mund\u00ebsia\u00a0 t\u00eb arrijn\u00eb njohuri t\u00eb cmuara\u00a0 nga q\u00ebndrimi i tyre gjasht\u00eb mujor\u00eb larg nga rrethi i tyre- nga njohurit\u00eb dhe aft\u00ebsit\u00eb e fituara nga puna me mentoret e tyre, nga jeta n\u00eb Beograd, shoq\u00ebrimit dhe komunikimit me njer\u00ebzit e tjer\u00eb dhe orientimit nb\u00eb nj\u00eb mjedis krejt\u00ebsisht t\u00eb panjohur.<\/p>\n<p>\tEksperiencat e praktikant\u00ebve ishin shum\u00eb positive sepse t\u00eb gjith\u00eb ishin t\u00eb mie\u00ebpritur n\u00eb institucionet n\u00eb t\u00eb cilat mbajn praktik\u00ebn dhe jan\u00eb t\u00eb pranuar si pjes\u00eb e grupit. I\u2019u \u00ebsht\u00eb mund\u00ebsuar t\u00eb marrin pjes\u00eb n\u00eb aktivitete t\u00eb ndryshme\u00a0 t\u00eb cilat i zbatojn\u00eb institucionet n\u00eb t\u00eb cilat ata profesionalizohen duke u angazhuar drejtp\u00ebrdrejt n\u00eb ato aktivitete dhe duke marrur p\u00ebrgjegjsi mbi zbatimin e detyrave n\u00eb m\u00ebnyr\u00eb sa m\u00eb t\u00eb mir\u00eb k\u00ebshtu nj\u00ebkoh\u00ebsisht duke fituar njohuri mbi\u00eb p\u00ebrvojat e tyre. N\u00eb periudh\u00ebn e kaluar p\u00ebr ata jan\u00eb\u00a0 organizuar nj\u00eb s\u00ebr\u00eb trajnimesh t\u00eb cilat iu kan mund\u00ebsuar t\u00eb zot\u00ebrojn\u00eb aft\u00ebsit\u00eb e nevojshme p\u00ebr pun\u00ebn e tyre n\u00eb institucionet shtet\u00ebrore. Jeta n\u00eb Beograd \u00ebsht\u00eb p\u00ebrplot risi dhe sfida , experienc\u00eb e cila e b\u00ebn praktik\u00ebn edhe m\u00eb t\u00eb mir\u00eb.<\/p>\n<p>\tMentoret kan treguar p\u00ebr r\u00ebnd\u00ebsin\u00eb e nd\u00ebrsjellt\u00eb t\u00eb programit i cili ndikon jo vet\u00ebm tek praktikant\u00ebt dhe n\u00eb kultivimin e njohurive t\u00eb tyre, mir\u00ebpo edhe n\u00eb vet institucionet sepse praktikant\u00ebt punojn\u00eb n\u00eb realizimin e shum\u00eb aktiviteteve por gjithashtu siguroj\u00eb informacion n\u00eb lidhje me ndikimin e k\u00ebtyre aktiviteteve n\u00eb komunitetet nga t\u00eb cilat ata vijn\u00eb.<\/p>\n<p>\t<img decoding=\"async\" alt=\"\" src=\"https:\/\/kt.gov.rs\/wp-content\/uploads\/2024\/07\/newspic631-2.jpg\" style=\"width: 265px; height: 180px; float: left;\" \/>Praktikant\u00ebt kishin pyetje t\u00eb shumta p\u00ebr ambasadorin Davenport, ku gjat bised\u00ebs me t\u00eb u njoftuan me karrier\u00ebn e tij , se si ai e m\u00ebsoi gjuh\u00ebn serbe, cilat jan\u00eb prioritetet e ambasades s\u00eb Britanis\u00eb n\u00eb fush\u00ebn e investimeve n\u00eb Republik\u00ebn e Serbis\u00eb. Ata q\u00eb t\u00eb gjith\u00eb shpreh\u00ebn d\u00ebshir\u00ebn p\u00ebr vazhdimin e k\u00ebtij program n\u00eb m\u00ebnyr\u00eb q\u00eb edhe t\u00eb rinj\u00ebve t\u00eb tjer\u00eb tu ofrohet mund\u00ebsia q\u00eb t\u00eb arrijn\u00eb nj\u00eb p\u00ebrvoj\u00eb vlefshme, t\u00eb cil\u00ebn atyre i;u ofroi ky program.<\/p>\n<p>\tProgramin p\u00ebr praktikant implementon Ministria p\u00ebr t\u00eb drejtat e njeriut dhe pakicave, administrat\u00eb shtetrore dhe vetqeverisje lokale, administrat\u00ebs p\u00ebr t\u00eb drejtat e njeriut dhe pakicave, nd\u00ebrsa implementohet n\u00eb partneritet me misionin e OSBE-s\u00eb n\u00eb Republik\u00ebn e S\u00ebrbis\u00eb.<\/p>\n","protected":false},"excerpt":{"rendered":"<p>Ambasadori i Britanis\u00eb s\u00eb madhe Ekselenca e tij Majk\u00ebll Devenport dje n\u00eb rezidenc\u00ebn e tij priti dhjet\u00eb praktikant dhe praktikante p\u00ebr pes\u00eb muaj q\u00eb jetojn\u00eb n\u00eb Beograd n\u00eb kuad\u00ebr \u201eProgrami praktik\u00ebs p\u00ebr t\u00eb\u00a0 rinj\u00ebt \u2013 antar\u00ebt e pakicave n\u00eb institucionet shtet\u00ebrore n\u00eb Serbi\u201c. P\u00ebrve\u00e7 praktikantve dhe mentoreve, bised\u00ebn me ambasadorin e ndoqen drejtori p\u00ebr drejtat e njeriut dhe t\u00eb pakicave Nenad Gjurgjeviq dhe drejtoresha e trupit Koordinues Danijella Nenadiq.<\/p>\n","protected":false},"author":1,"featured_media":141976,"comment_status":"closed","ping_status":"closed","sticky":false,"template":"","format":"standard","meta":{"footnotes":""},"categories":[55],"tags":[],"class_list":["post-141968","post","type-post","status-publish","format-standard","has-post-thumbnail","hentry","category-lajme"],"yoast_head":"<!-- This site is optimized with the Yoast SEO plugin v27.5 - https:\/\/yoast.com\/product\/yoast-seo-wordpress\/ -->\n<title>PRAKTIKANT\u00cbT N\u00cb BISED\u00cb ME AMBASADORIN E BRITANIS\u00cb S\u00cb MADHE - Republika e S\u00ebrbis\u00eb Trupi Koordinues p\u00ebr komunat Bujanoc, Preshev\u00eb dhe Medvegj\u00eb<\/title>\n<meta name=\"robots\" content=\"index, follow, max-snippet:-1, max-image-preview:large, max-video-preview:-1\" \/>\n<link rel=\"canonical\" href=\"https:\/\/kt.gov.rs\/sq\/praktikantet-ne-bisede-me-ambasadorin-e-britanise-se-madhe\/\" \/>\n<meta property=\"og:locale\" content=\"sq_AL\" \/>\n<meta property=\"og:type\" content=\"article\" \/>\n<meta property=\"og:title\" content=\"PRAKTIKANT\u00cbT N\u00cb BISED\u00cb ME AMBASADORIN E BRITANIS\u00cb S\u00cb MADHE - Republika e S\u00ebrbis\u00eb Trupi Koordinues p\u00ebr komunat Bujanoc, Preshev\u00eb dhe Medvegj\u00eb\" \/>\n<meta property=\"og:description\" content=\"Ambasadori i Britanis\u00eb s\u00eb madhe Ekselenca e tij Majk\u00ebll Devenport dje n\u00eb rezidenc\u00ebn e tij priti dhjet\u00eb praktikant dhe praktikante p\u00ebr pes\u00eb muaj q\u00eb jetojn\u00eb n\u00eb Beograd n\u00eb kuad\u00ebr \u201eProgrami praktik\u00ebs p\u00ebr t\u00eb\u00a0 rinj\u00ebt \u2013 antar\u00ebt e pakicave n\u00eb institucionet shtet\u00ebrore n\u00eb Serbi\u201c. P\u00ebrve\u00e7 praktikantve dhe mentoreve, bised\u00ebn me ambasadorin e ndoqen drejtori p\u00ebr drejtat e njeriut dhe t\u00eb pakicave Nenad Gjurgjeviq dhe drejtoresha e trupit Koordinues Danijella Nenadiq.\" \/>\n<meta property=\"og:url\" content=\"https:\/\/kt.gov.rs\/sq\/praktikantet-ne-bisede-me-ambasadorin-e-britanise-se-madhe\/\" \/>\n<meta property=\"og:site_name\" content=\"Republika e S\u00ebrbis\u00eb Trupi Koordinues p\u00ebr komunat Bujanoc, Preshev\u00eb dhe Medvegj\u00eb\" \/>\n<meta property=\"article:publisher\" content=\"https:\/\/www.facebook.com\/SluzbaKoordinacionogTelaVladeRepublikeSrbije\" \/>\n<meta property=\"article:published_time\" content=\"2012-03-21T00:00:00+00:00\" \/>\n<meta property=\"article:modified_time\" content=\"2024-07-30T20:18:58+00:00\" \/>\n<meta property=\"og:image\" content=\"https:\/\/kt.gov.rs\/wp-content\/uploads\/2024\/07\/newspic630-5.jpg\" \/>\n\t<meta property=\"og:image:width\" content=\"265\" \/>\n\t<meta property=\"og:image:height\" content=\"180\" \/>\n\t<meta property=\"og:image:type\" content=\"image\/jpeg\" \/>\n<meta name=\"author\" content=\"ktmin\" \/>\n<meta name=\"twitter:card\" content=\"summary_large_image\" \/>\n<meta name=\"twitter:creator\" content=\"@kt_gov\" \/>\n<meta name=\"twitter:site\" content=\"@kt_gov\" \/>\n<meta name=\"twitter:label1\" content=\"Written by\" \/>\n\t<meta name=\"twitter:data1\" content=\"ktmin\" \/>\n\t<meta name=\"twitter:label2\" content=\"Est. reading time\" \/>\n\t<meta name=\"twitter:data2\" content=\"5 minutes\" \/>\n<script type=\"application\/ld+json\" class=\"yoast-schema-graph\">{\"@context\":\"https:\\\/\\\/schema.org\",\"@graph\":[{\"@type\":\"Article\",\"@id\":\"https:\\\/\\\/kt.gov.rs\\\/sq\\\/praktikantet-ne-bisede-me-ambasadorin-e-britanise-se-madhe\\\/#article\",\"isPartOf\":{\"@id\":\"https:\\\/\\\/kt.gov.rs\\\/sq\\\/praktikantet-ne-bisede-me-ambasadorin-e-britanise-se-madhe\\\/\"},\"author\":{\"name\":\"ktmin\",\"@id\":\"https:\\\/\\\/kt.gov.rs\\\/#\\\/schema\\\/person\\\/e426459ddb4173309103390602694571\"},\"headline\":\"PRAKTIKANT\u00cbT N\u00cb BISED\u00cb ME AMBASADORIN E BRITANIS\u00cb S\u00cb MADHE\",\"datePublished\":\"2012-03-21T00:00:00+00:00\",\"dateModified\":\"2024-07-30T20:18:58+00:00\",\"mainEntityOfPage\":{\"@id\":\"https:\\\/\\\/kt.gov.rs\\\/sq\\\/praktikantet-ne-bisede-me-ambasadorin-e-britanise-se-madhe\\\/\"},\"wordCount\":915,\"publisher\":{\"@id\":\"https:\\\/\\\/kt.gov.rs\\\/#organization\"},\"image\":{\"@id\":\"https:\\\/\\\/kt.gov.rs\\\/sq\\\/praktikantet-ne-bisede-me-ambasadorin-e-britanise-se-madhe\\\/#primaryimage\"},\"thumbnailUrl\":\"https:\\\/\\\/kt.gov.rs\\\/wp-content\\\/uploads\\\/2024\\\/07\\\/newspic630-5.jpg\",\"articleSection\":[\"Lajme\"],\"inLanguage\":\"sq-AL\"},{\"@type\":\"WebPage\",\"@id\":\"https:\\\/\\\/kt.gov.rs\\\/sq\\\/praktikantet-ne-bisede-me-ambasadorin-e-britanise-se-madhe\\\/\",\"url\":\"https:\\\/\\\/kt.gov.rs\\\/sq\\\/praktikantet-ne-bisede-me-ambasadorin-e-britanise-se-madhe\\\/\",\"name\":\"PRAKTIKANT\u00cbT N\u00cb BISED\u00cb ME AMBASADORIN E BRITANIS\u00cb S\u00cb MADHE - Republika e S\u00ebrbis\u00eb Trupi Koordinues p\u00ebr komunat Bujanoc, Preshev\u00eb dhe Medvegj\u00eb\",\"isPartOf\":{\"@id\":\"https:\\\/\\\/kt.gov.rs\\\/#website\"},\"primaryImageOfPage\":{\"@id\":\"https:\\\/\\\/kt.gov.rs\\\/sq\\\/praktikantet-ne-bisede-me-ambasadorin-e-britanise-se-madhe\\\/#primaryimage\"},\"image\":{\"@id\":\"https:\\\/\\\/kt.gov.rs\\\/sq\\\/praktikantet-ne-bisede-me-ambasadorin-e-britanise-se-madhe\\\/#primaryimage\"},\"thumbnailUrl\":\"https:\\\/\\\/kt.gov.rs\\\/wp-content\\\/uploads\\\/2024\\\/07\\\/newspic630-5.jpg\",\"datePublished\":\"2012-03-21T00:00:00+00:00\",\"dateModified\":\"2024-07-30T20:18:58+00:00\",\"breadcrumb\":{\"@id\":\"https:\\\/\\\/kt.gov.rs\\\/sq\\\/praktikantet-ne-bisede-me-ambasadorin-e-britanise-se-madhe\\\/#breadcrumb\"},\"inLanguage\":\"sq-AL\",\"potentialAction\":[{\"@type\":\"ReadAction\",\"target\":[\"https:\\\/\\\/kt.gov.rs\\\/sq\\\/praktikantet-ne-bisede-me-ambasadorin-e-britanise-se-madhe\\\/\"]}]},{\"@type\":\"ImageObject\",\"inLanguage\":\"sq-AL\",\"@id\":\"https:\\\/\\\/kt.gov.rs\\\/sq\\\/praktikantet-ne-bisede-me-ambasadorin-e-britanise-se-madhe\\\/#primaryimage\",\"url\":\"https:\\\/\\\/kt.gov.rs\\\/wp-content\\\/uploads\\\/2024\\\/07\\\/newspic630-5.jpg\",\"contentUrl\":\"https:\\\/\\\/kt.gov.rs\\\/wp-content\\\/uploads\\\/2024\\\/07\\\/newspic630-5.jpg\",\"width\":265,\"height\":180},{\"@type\":\"BreadcrumbList\",\"@id\":\"https:\\\/\\\/kt.gov.rs\\\/sq\\\/praktikantet-ne-bisede-me-ambasadorin-e-britanise-se-madhe\\\/#breadcrumb\",\"itemListElement\":[{\"@type\":\"ListItem\",\"position\":1,\"name\":\"\u041f\u043e\u0447\u0435\u0442\u043d\u0430\",\"item\":\"https:\\\/\\\/kt.gov.rs\\\/sq\\\/\"},{\"@type\":\"ListItem\",\"position\":2,\"name\":\"PRAKTIKANT\u00cbT N\u00cb BISED\u00cb ME AMBASADORIN E BRITANIS\u00cb S\u00cb MADHE\"}]},{\"@type\":\"WebSite\",\"@id\":\"https:\\\/\\\/kt.gov.rs\\\/#website\",\"url\":\"https:\\\/\\\/kt.gov.rs\\\/\",\"name\":\"\u041a\u043e\u043e\u0440\u0434\u0438\u043d\u0430\u0446\u0438\u043e\u043d\u043e \u0442\u0435\u043b\u043e \u0412\u043b\u0430\u0434\u0435 \u0420\u0435\u043f\u0443\u0431\u043b\u0438\u043a\u0435 \u0421\u0440\u0431\u0438\u0458\u0435 \u0437\u0430 \u043e\u043f\u0448\u0442\u0438\u043d\u0435 \u041f\u0440\u0435\u0448\u0435\u0432\u043e, \u0411\u0443\u0458\u0430\u043d\u043e\u0432\u0430\u0446 \u0438 \u041c\u0435\u0434\u0432\u0435\u0452a\",\"description\":\"\",\"publisher\":{\"@id\":\"https:\\\/\\\/kt.gov.rs\\\/#organization\"},\"alternateName\":\"\u041a\u043e\u043e\u0440\u0434\u0438\u043d\u0430\u0446\u0438\u043e\u043d\u043e \u0442\u0435\u043b\u043e\",\"potentialAction\":[{\"@type\":\"SearchAction\",\"target\":{\"@type\":\"EntryPoint\",\"urlTemplate\":\"https:\\\/\\\/kt.gov.rs\\\/?s={search_term_string}\"},\"query-input\":{\"@type\":\"PropertyValueSpecification\",\"valueRequired\":true,\"valueName\":\"search_term_string\"}}],\"inLanguage\":\"sq-AL\"},{\"@type\":\"Organization\",\"@id\":\"https:\\\/\\\/kt.gov.rs\\\/#organization\",\"name\":\"\u041a\u043e\u043e\u0440\u0434\u0438\u043d\u0430\u0446\u0438\u043e\u043d\u043e \u0442\u0435\u043b\u043e \u0412\u043b\u0430\u0434\u0435 \u0420\u0435\u043f\u0443\u0431\u043b\u0438\u043a\u0435 \u0421\u0440\u0431\u0438\u0458\u0435 \u0437\u0430 \u043e\u043f\u0448\u0442\u0438\u043d\u0435 \u041f\u0440\u0435\u0448\u0435\u0432\u043e, \u0411\u0443\u0458\u0430\u043d\u043e\u0432\u0430\u0446 \u0438 \u041c\u0435\u0434\u0432\u0435\u0452a\",\"alternateName\":\"\u041a\u043e\u043e\u0440\u0434\u0438\u043d\u0430\u0446\u0438\u043e\u043d\u043e \u0442\u0435\u043b\u043e\",\"url\":\"https:\\\/\\\/kt.gov.rs\\\/\",\"logo\":{\"@type\":\"ImageObject\",\"inLanguage\":\"sq-AL\",\"@id\":\"https:\\\/\\\/kt.gov.rs\\\/#\\\/schema\\\/logo\\\/image\\\/\",\"url\":\"https:\\\/\\\/kt.gov.rs\\\/wp-content\\\/uploads\\\/2024\\\/12\\\/koord2.jpg\",\"contentUrl\":\"https:\\\/\\\/kt.gov.rs\\\/wp-content\\\/uploads\\\/2024\\\/12\\\/koord2.jpg\",\"width\":640,\"height\":480,\"caption\":\"\u041a\u043e\u043e\u0440\u0434\u0438\u043d\u0430\u0446\u0438\u043e\u043d\u043e \u0442\u0435\u043b\u043e \u0412\u043b\u0430\u0434\u0435 \u0420\u0435\u043f\u0443\u0431\u043b\u0438\u043a\u0435 \u0421\u0440\u0431\u0438\u0458\u0435 \u0437\u0430 \u043e\u043f\u0448\u0442\u0438\u043d\u0435 \u041f\u0440\u0435\u0448\u0435\u0432\u043e, \u0411\u0443\u0458\u0430\u043d\u043e\u0432\u0430\u0446 \u0438 \u041c\u0435\u0434\u0432\u0435\u0452a\"},\"image\":{\"@id\":\"https:\\\/\\\/kt.gov.rs\\\/#\\\/schema\\\/logo\\\/image\\\/\"},\"sameAs\":[\"https:\\\/\\\/www.facebook.com\\\/SluzbaKoordinacionogTelaVladeRepublikeSrbije\",\"https:\\\/\\\/x.com\\\/kt_gov\",\"https:\\\/\\\/www.youtube.com\\\/@koordinacionotelo\"]},{\"@type\":\"Person\",\"@id\":\"https:\\\/\\\/kt.gov.rs\\\/#\\\/schema\\\/person\\\/e426459ddb4173309103390602694571\",\"name\":\"ktmin\",\"image\":{\"@type\":\"ImageObject\",\"inLanguage\":\"sq-AL\",\"@id\":\"https:\\\/\\\/secure.gravatar.com\\\/avatar\\\/3985c961109853010c3fbc7ba30365bfba5db3dd6c525831d9c595c7525a615a?s=96&d=mm&r=g\",\"url\":\"https:\\\/\\\/secure.gravatar.com\\\/avatar\\\/3985c961109853010c3fbc7ba30365bfba5db3dd6c525831d9c595c7525a615a?s=96&d=mm&r=g\",\"contentUrl\":\"https:\\\/\\\/secure.gravatar.com\\\/avatar\\\/3985c961109853010c3fbc7ba30365bfba5db3dd6c525831d9c595c7525a615a?s=96&d=mm&r=g\",\"caption\":\"ktmin\"},\"sameAs\":[\"https:\\\/\\\/kt.gov.rs\"],\"url\":\"https:\\\/\\\/kt.gov.rs\\\/sq\\\/author\\\/ktmin\\\/\"}]}<\/script>\n<!-- \/ Yoast SEO plugin. -->","yoast_head_json":{"title":"PRAKTIKANT\u00cbT N\u00cb BISED\u00cb ME AMBASADORIN E BRITANIS\u00cb S\u00cb MADHE - Republika e S\u00ebrbis\u00eb Trupi Koordinues p\u00ebr komunat Bujanoc, Preshev\u00eb dhe Medvegj\u00eb","robots":{"index":"index","follow":"follow","max-snippet":"max-snippet:-1","max-image-preview":"max-image-preview:large","max-video-preview":"max-video-preview:-1"},"canonical":"https:\/\/kt.gov.rs\/sq\/praktikantet-ne-bisede-me-ambasadorin-e-britanise-se-madhe\/","og_locale":"sq_AL","og_type":"article","og_title":"PRAKTIKANT\u00cbT N\u00cb BISED\u00cb ME AMBASADORIN E BRITANIS\u00cb S\u00cb MADHE - Republika e S\u00ebrbis\u00eb Trupi Koordinues p\u00ebr komunat Bujanoc, Preshev\u00eb dhe Medvegj\u00eb","og_description":"Ambasadori i Britanis\u00eb s\u00eb madhe Ekselenca e tij Majk\u00ebll Devenport dje n\u00eb rezidenc\u00ebn e tij priti dhjet\u00eb praktikant dhe praktikante p\u00ebr pes\u00eb muaj q\u00eb jetojn\u00eb n\u00eb Beograd n\u00eb kuad\u00ebr \u201eProgrami praktik\u00ebs p\u00ebr t\u00eb\u00a0 rinj\u00ebt \u2013 antar\u00ebt e pakicave n\u00eb institucionet shtet\u00ebrore n\u00eb Serbi\u201c. P\u00ebrve\u00e7 praktikantve dhe mentoreve, bised\u00ebn me ambasadorin e ndoqen drejtori p\u00ebr drejtat e njeriut dhe t\u00eb pakicave Nenad Gjurgjeviq dhe drejtoresha e trupit Koordinues Danijella Nenadiq.","og_url":"https:\/\/kt.gov.rs\/sq\/praktikantet-ne-bisede-me-ambasadorin-e-britanise-se-madhe\/","og_site_name":"Republika e S\u00ebrbis\u00eb Trupi Koordinues p\u00ebr komunat Bujanoc, Preshev\u00eb dhe Medvegj\u00eb","article_publisher":"https:\/\/www.facebook.com\/SluzbaKoordinacionogTelaVladeRepublikeSrbije","article_published_time":"2012-03-21T00:00:00+00:00","article_modified_time":"2024-07-30T20:18:58+00:00","og_image":[{"width":265,"height":180,"url":"https:\/\/kt.gov.rs\/wp-content\/uploads\/2024\/07\/newspic630-5.jpg","type":"image\/jpeg"}],"author":"ktmin","twitter_card":"summary_large_image","twitter_creator":"@kt_gov","twitter_site":"@kt_gov","twitter_misc":{"Written by":"ktmin","Est. reading time":"5 minutes"},"schema":{"@context":"https:\/\/schema.org","@graph":[{"@type":"Article","@id":"https:\/\/kt.gov.rs\/sq\/praktikantet-ne-bisede-me-ambasadorin-e-britanise-se-madhe\/#article","isPartOf":{"@id":"https:\/\/kt.gov.rs\/sq\/praktikantet-ne-bisede-me-ambasadorin-e-britanise-se-madhe\/"},"author":{"name":"ktmin","@id":"https:\/\/kt.gov.rs\/#\/schema\/person\/e426459ddb4173309103390602694571"},"headline":"PRAKTIKANT\u00cbT N\u00cb BISED\u00cb ME AMBASADORIN E BRITANIS\u00cb S\u00cb MADHE","datePublished":"2012-03-21T00:00:00+00:00","dateModified":"2024-07-30T20:18:58+00:00","mainEntityOfPage":{"@id":"https:\/\/kt.gov.rs\/sq\/praktikantet-ne-bisede-me-ambasadorin-e-britanise-se-madhe\/"},"wordCount":915,"publisher":{"@id":"https:\/\/kt.gov.rs\/#organization"},"image":{"@id":"https:\/\/kt.gov.rs\/sq\/praktikantet-ne-bisede-me-ambasadorin-e-britanise-se-madhe\/#primaryimage"},"thumbnailUrl":"https:\/\/kt.gov.rs\/wp-content\/uploads\/2024\/07\/newspic630-5.jpg","articleSection":["Lajme"],"inLanguage":"sq-AL"},{"@type":"WebPage","@id":"https:\/\/kt.gov.rs\/sq\/praktikantet-ne-bisede-me-ambasadorin-e-britanise-se-madhe\/","url":"https:\/\/kt.gov.rs\/sq\/praktikantet-ne-bisede-me-ambasadorin-e-britanise-se-madhe\/","name":"PRAKTIKANT\u00cbT N\u00cb BISED\u00cb ME AMBASADORIN E BRITANIS\u00cb S\u00cb MADHE - Republika e S\u00ebrbis\u00eb Trupi Koordinues p\u00ebr komunat Bujanoc, Preshev\u00eb dhe Medvegj\u00eb","isPartOf":{"@id":"https:\/\/kt.gov.rs\/#website"},"primaryImageOfPage":{"@id":"https:\/\/kt.gov.rs\/sq\/praktikantet-ne-bisede-me-ambasadorin-e-britanise-se-madhe\/#primaryimage"},"image":{"@id":"https:\/\/kt.gov.rs\/sq\/praktikantet-ne-bisede-me-ambasadorin-e-britanise-se-madhe\/#primaryimage"},"thumbnailUrl":"https:\/\/kt.gov.rs\/wp-content\/uploads\/2024\/07\/newspic630-5.jpg","datePublished":"2012-03-21T00:00:00+00:00","dateModified":"2024-07-30T20:18:58+00:00","breadcrumb":{"@id":"https:\/\/kt.gov.rs\/sq\/praktikantet-ne-bisede-me-ambasadorin-e-britanise-se-madhe\/#breadcrumb"},"inLanguage":"sq-AL","potentialAction":[{"@type":"ReadAction","target":["https:\/\/kt.gov.rs\/sq\/praktikantet-ne-bisede-me-ambasadorin-e-britanise-se-madhe\/"]}]},{"@type":"ImageObject","inLanguage":"sq-AL","@id":"https:\/\/kt.gov.rs\/sq\/praktikantet-ne-bisede-me-ambasadorin-e-britanise-se-madhe\/#primaryimage","url":"https:\/\/kt.gov.rs\/wp-content\/uploads\/2024\/07\/newspic630-5.jpg","contentUrl":"https:\/\/kt.gov.rs\/wp-content\/uploads\/2024\/07\/newspic630-5.jpg","width":265,"height":180},{"@type":"BreadcrumbList","@id":"https:\/\/kt.gov.rs\/sq\/praktikantet-ne-bisede-me-ambasadorin-e-britanise-se-madhe\/#breadcrumb","itemListElement":[{"@type":"ListItem","position":1,"name":"\u041f\u043e\u0447\u0435\u0442\u043d\u0430","item":"https:\/\/kt.gov.rs\/sq\/"},{"@type":"ListItem","position":2,"name":"PRAKTIKANT\u00cbT N\u00cb BISED\u00cb ME AMBASADORIN E BRITANIS\u00cb S\u00cb MADHE"}]},{"@type":"WebSite","@id":"https:\/\/kt.gov.rs\/#website","url":"https:\/\/kt.gov.rs\/","name":"\u041a\u043e\u043e\u0440\u0434\u0438\u043d\u0430\u0446\u0438\u043e\u043d\u043e \u0442\u0435\u043b\u043e \u0412\u043b\u0430\u0434\u0435 \u0420\u0435\u043f\u0443\u0431\u043b\u0438\u043a\u0435 \u0421\u0440\u0431\u0438\u0458\u0435 \u0437\u0430 \u043e\u043f\u0448\u0442\u0438\u043d\u0435 \u041f\u0440\u0435\u0448\u0435\u0432\u043e, \u0411\u0443\u0458\u0430\u043d\u043e\u0432\u0430\u0446 \u0438 \u041c\u0435\u0434\u0432\u0435\u0452a","description":"","publisher":{"@id":"https:\/\/kt.gov.rs\/#organization"},"alternateName":"\u041a\u043e\u043e\u0440\u0434\u0438\u043d\u0430\u0446\u0438\u043e\u043d\u043e \u0442\u0435\u043b\u043e","potentialAction":[{"@type":"SearchAction","target":{"@type":"EntryPoint","urlTemplate":"https:\/\/kt.gov.rs\/?s={search_term_string}"},"query-input":{"@type":"PropertyValueSpecification","valueRequired":true,"valueName":"search_term_string"}}],"inLanguage":"sq-AL"},{"@type":"Organization","@id":"https:\/\/kt.gov.rs\/#organization","name":"\u041a\u043e\u043e\u0440\u0434\u0438\u043d\u0430\u0446\u0438\u043e\u043d\u043e \u0442\u0435\u043b\u043e \u0412\u043b\u0430\u0434\u0435 \u0420\u0435\u043f\u0443\u0431\u043b\u0438\u043a\u0435 \u0421\u0440\u0431\u0438\u0458\u0435 \u0437\u0430 \u043e\u043f\u0448\u0442\u0438\u043d\u0435 \u041f\u0440\u0435\u0448\u0435\u0432\u043e, \u0411\u0443\u0458\u0430\u043d\u043e\u0432\u0430\u0446 \u0438 \u041c\u0435\u0434\u0432\u0435\u0452a","alternateName":"\u041a\u043e\u043e\u0440\u0434\u0438\u043d\u0430\u0446\u0438\u043e\u043d\u043e \u0442\u0435\u043b\u043e","url":"https:\/\/kt.gov.rs\/","logo":{"@type":"ImageObject","inLanguage":"sq-AL","@id":"https:\/\/kt.gov.rs\/#\/schema\/logo\/image\/","url":"https:\/\/kt.gov.rs\/wp-content\/uploads\/2024\/12\/koord2.jpg","contentUrl":"https:\/\/kt.gov.rs\/wp-content\/uploads\/2024\/12\/koord2.jpg","width":640,"height":480,"caption":"\u041a\u043e\u043e\u0440\u0434\u0438\u043d\u0430\u0446\u0438\u043e\u043d\u043e \u0442\u0435\u043b\u043e \u0412\u043b\u0430\u0434\u0435 \u0420\u0435\u043f\u0443\u0431\u043b\u0438\u043a\u0435 \u0421\u0440\u0431\u0438\u0458\u0435 \u0437\u0430 \u043e\u043f\u0448\u0442\u0438\u043d\u0435 \u041f\u0440\u0435\u0448\u0435\u0432\u043e, \u0411\u0443\u0458\u0430\u043d\u043e\u0432\u0430\u0446 \u0438 \u041c\u0435\u0434\u0432\u0435\u0452a"},"image":{"@id":"https:\/\/kt.gov.rs\/#\/schema\/logo\/image\/"},"sameAs":["https:\/\/www.facebook.com\/SluzbaKoordinacionogTelaVladeRepublikeSrbije","https:\/\/x.com\/kt_gov","https:\/\/www.youtube.com\/@koordinacionotelo"]},{"@type":"Person","@id":"https:\/\/kt.gov.rs\/#\/schema\/person\/e426459ddb4173309103390602694571","name":"ktmin","image":{"@type":"ImageObject","inLanguage":"sq-AL","@id":"https:\/\/secure.gravatar.com\/avatar\/3985c961109853010c3fbc7ba30365bfba5db3dd6c525831d9c595c7525a615a?s=96&d=mm&r=g","url":"https:\/\/secure.gravatar.com\/avatar\/3985c961109853010c3fbc7ba30365bfba5db3dd6c525831d9c595c7525a615a?s=96&d=mm&r=g","contentUrl":"https:\/\/secure.gravatar.com\/avatar\/3985c961109853010c3fbc7ba30365bfba5db3dd6c525831d9c595c7525a615a?s=96&d=mm&r=g","caption":"ktmin"},"sameAs":["https:\/\/kt.gov.rs"],"url":"https:\/\/kt.gov.rs\/sq\/author\/ktmin\/"}]}},"_links":{"self":[{"href":"https:\/\/kt.gov.rs\/sq\/wp-json\/wp\/v2\/posts\/141968","targetHints":{"allow":["GET"]}}],"collection":[{"href":"https:\/\/kt.gov.rs\/sq\/wp-json\/wp\/v2\/posts"}],"about":[{"href":"https:\/\/kt.gov.rs\/sq\/wp-json\/wp\/v2\/types\/post"}],"author":[{"embeddable":true,"href":"https:\/\/kt.gov.rs\/sq\/wp-json\/wp\/v2\/users\/1"}],"replies":[{"embeddable":true,"href":"https:\/\/kt.gov.rs\/sq\/wp-json\/wp\/v2\/comments?post=141968"}],"version-history":[{"count":1,"href":"https:\/\/kt.gov.rs\/sq\/wp-json\/wp\/v2\/posts\/141968\/revisions"}],"predecessor-version":[{"id":141975,"href":"https:\/\/kt.gov.rs\/sq\/wp-json\/wp\/v2\/posts\/141968\/revisions\/141975"}],"wp:featuredmedia":[{"embeddable":true,"href":"https:\/\/kt.gov.rs\/sq\/wp-json\/wp\/v2\/media\/141976"}],"wp:attachment":[{"href":"https:\/\/kt.gov.rs\/sq\/wp-json\/wp\/v2\/media?parent=141968"}],"wp:term":[{"taxonomy":"category","embeddable":true,"href":"https:\/\/kt.gov.rs\/sq\/wp-json\/wp\/v2\/categories?post=141968"},{"taxonomy":"post_tag","embeddable":true,"href":"https:\/\/kt.gov.rs\/sq\/wp-json\/wp\/v2\/tags?post=141968"}],"curies":[{"name":"wp","href":"https:\/\/api.w.org\/{rel}","templated":true}]}}