{"id":141946,"date":"2012-03-27T00:00:00","date_gmt":"2012-03-27T00:00:00","guid":{"rendered":"http:\/\/kt.printandscreen.rs\/shperndarja-e-diplomave-per-te-rinjet-nga-bujanoci-dhe-presheva\/"},"modified":"2024-07-30T20:18:56","modified_gmt":"2024-07-30T20:18:56","slug":"shperndarja-e-diplomave-per-te-rinjet-nga-bujanoci-dhe-presheva","status":"publish","type":"post","link":"https:\/\/kt.gov.rs\/sq\/shperndarja-e-diplomave-per-te-rinjet-nga-bujanoci-dhe-presheva\/","title":{"rendered":"SHP\u00cbRNDARJA E DIPLOMAVE P\u00cbR T\u00cb RINJ\u00cbT NGA BUJANOCI DHE PRESHEVA"},"content":{"rendered":"<p>\n\t<img decoding=\"async\" alt=\"\" src=\"https:\/\/kt.gov.rs\/wp-content\/uploads\/2024\/07\/newspic640-4.jpg\" style=\"width: 265px; height: 180px; float: left;\" \/>T\u00eb rinj\u00ebve nga Bujanoci dhe Presheva pjesmarr\u00ebs n\u00eb projektin \u201c Aplikimo i modelit YouthBuild n\u00eb Bujanoc me q\u00ebllim p\u00ebrforcimin e kapacitetit t\u00eb t\u00eb rinj\u00ebve p\u00ebr pun\u00ebsim dhe jet\u00eb aktive n\u00eb bashk\u00ebsin\u00eb\u00a0 lokal\u00eb\u201d t\u00eb premt\u00ebn me 23 mars i\u2019u jan\u00eb shp\u00ebrndar\u00eb certifikata p\u00ebr kontributin e dh\u00ebn\u00eb n\u00eb realizimin e projektit.<\/p>\n<p>\tBujanoci dhe Presheva m\u00eb nuk jan\u00eb t\u00eb njejtit. N\u00eb 6 muajt e kaluar 38 djem dhe vajza me aktivitetet e tyre kan nd\u00ebrruar pamjen dhe jet\u00ebn e njet\u00ebn e njer\u00ebzve n\u00eb k\u00ebto vende.\u00a0 Duke i\u2019u faleminderuar pun\u00ebs s\u00eb tyre vullnetare , Bujanoci dhe Presheva tan ii kan 12 rampa p\u00ebr njerzit me invaliditet\u00a0 n\u00eb hyrejt e shkollave dhe vendeve publike. T\u00eb rinj\u00ebt kan ngjyrosur rrethojat e dy shkollave fillore dhe sht\u00ebpis\u00eb s\u00eb kultur\u00ebs dhe k\u00ebshtu i kan motivuar bashk\u00ebqytetar\u00ebt p\u00eb rte i\u2019u bashkangjitur dhe duke u b\u00ebr\u00eb aktiv ne bashk\u00ebsit\u00eb e tyre.<\/p>\n<p>\tGjat gjith k\u00ebsaj kohe ata cdo dit\u00eb kan ndjekur\u00a0 trajnime n\u00eb qendr\u00ebn e trajhnimit n\u00eb Bujanoc , duke m\u00ebsuar se sit \u00eb k\u00ebrkojn\u00eb ose fillojn\u00eb pun\u00ebn e tyre dhe t\u00eb jen\u00eb aktiv n\u00eb nd\u00ebrtimin\u00a0 e bashk\u00ebsis\u00eb s\u00eb tyre locale.<\/p>\n<p>\tGrup\u00ebs s\u00eb k\u00ebtyre t\u00eb rinj\u00ebve i\u2019u jan\u00eb shp\u00ebrndar\u00eb diploma p\u00ebe realizimin e suksessh\u00ebm t\u00eb\u00a0 aktiviteteve n\u00eb teren dhe p\u00ebr pun\u00ebn n\u00eb qendr\u00ebn e trajnimit. N\u00eb shej faleminderimi p\u00ebr mb\u00ebshtetjen e projektit, donator\u00ebve u jan shp\u00ebrndar\u00eb faleminderime.<\/p>\n<p>\t<img decoding=\"async\" alt=\"\" src=\"https:\/\/kt.gov.rs\/wp-content\/uploads\/2024\/07\/newspic641-2.jpg\" style=\"width: 265px; height: 180px; float: left;\" \/>Bujanoci dh\u00eb Presheva jan\u00eb\u00a0 vendet e para n\u00eb Serbi n\u00eb t\u00eb cilat \u00ebsht\u00eb realizuar projekti YouthBuild.Modeli jep rezultate t\u00eb shk\u00eblqyera n\u00eb 15 vende t\u00eb bot\u00ebs. Me mbi 30 vjet eksperienc\u00eb , YouthBuild\u00a0 m\u00eb shum\u00eb se 94 000 t\u00eb rinj i ka p\u00ebrgatitur t\u00eb jet\u00eb aktiv, t\u00eb angazhuar dhe p\u00ebr t\u00eb nd\u00ebrtuar bashk\u00ebsin\u00eb e tyre.<\/p>\n<p>\tProjekti u realizua nga Iniciativa Qytetare nga Beogradi,me mb\u00ebshtetjen\u00a0 e trupit Koordinues t\u00eb Qeveris s\u00eb Republik\u00ebs S\u00ebrbis p\u00ebr komunat Preshev, Bujanoc dhe Medvegj\u00eb, YouthBuild\u00a0 International, fondi p\u00ebr demokraci dhe ambasad\u00ebs s\u00eb Holand\u00ebs.<\/p>\n","protected":false},"excerpt":{"rendered":"<p>T\u00eb rinj\u00ebve nga Bujanoci dhe Presheva pjesmarr\u00ebs n\u00eb projektin \u201c Aplikimo i modelit YouthBuild n\u00eb Bujanoc me q\u00ebllim p\u00ebrforcimin e kapacitetit t\u00eb t\u00eb rinj\u00ebve p\u00ebr pun\u00ebsim dhe jet\u00eb aktive n\u00eb bashk\u00ebsin\u00eb\u00a0 lokal\u00eb\u201d t\u00eb premt\u00ebn me 23 mars i\u2019u jan\u00eb shp\u00ebrndar\u00eb certifikata p\u00ebr kontributin e dh\u00ebn\u00eb n\u00eb realizimin e projektit.<\/p>\n","protected":false},"author":1,"featured_media":141954,"comment_status":"closed","ping_status":"closed","sticky":false,"template":"","format":"standard","meta":{"footnotes":""},"categories":[55],"tags":[],"class_list":["post-141946","post","type-post","status-publish","format-standard","has-post-thumbnail","hentry","category-lajme"],"yoast_head":"<!-- This site is optimized with the Yoast SEO plugin v27.5 - https:\/\/yoast.com\/product\/yoast-seo-wordpress\/ -->\n<title>SHP\u00cbRNDARJA E DIPLOMAVE P\u00cbR T\u00cb RINJ\u00cbT NGA BUJANOCI DHE PRESHEVA - Republika e S\u00ebrbis\u00eb Trupi Koordinues p\u00ebr komunat Bujanoc, Preshev\u00eb dhe Medvegj\u00eb<\/title>\n<meta name=\"robots\" content=\"index, follow, max-snippet:-1, max-image-preview:large, max-video-preview:-1\" \/>\n<link rel=\"canonical\" href=\"https:\/\/kt.gov.rs\/sq\/shperndarja-e-diplomave-per-te-rinjet-nga-bujanoci-dhe-presheva\/\" \/>\n<meta property=\"og:locale\" content=\"sq_AL\" \/>\n<meta property=\"og:type\" content=\"article\" \/>\n<meta property=\"og:title\" content=\"SHP\u00cbRNDARJA E DIPLOMAVE P\u00cbR T\u00cb RINJ\u00cbT NGA BUJANOCI DHE PRESHEVA - Republika e S\u00ebrbis\u00eb Trupi Koordinues p\u00ebr komunat Bujanoc, Preshev\u00eb dhe Medvegj\u00eb\" \/>\n<meta property=\"og:description\" content=\"T\u00eb rinj\u00ebve nga Bujanoci dhe Presheva pjesmarr\u00ebs n\u00eb projektin \u201c Aplikimo i modelit YouthBuild n\u00eb Bujanoc me q\u00ebllim p\u00ebrforcimin e kapacitetit t\u00eb t\u00eb rinj\u00ebve p\u00ebr pun\u00ebsim dhe jet\u00eb aktive n\u00eb bashk\u00ebsin\u00eb\u00a0 lokal\u00eb\u201d t\u00eb premt\u00ebn me 23 mars i\u2019u jan\u00eb shp\u00ebrndar\u00eb certifikata p\u00ebr kontributin e dh\u00ebn\u00eb n\u00eb realizimin e projektit.\" \/>\n<meta property=\"og:url\" content=\"https:\/\/kt.gov.rs\/sq\/shperndarja-e-diplomave-per-te-rinjet-nga-bujanoci-dhe-presheva\/\" \/>\n<meta property=\"og:site_name\" content=\"Republika e S\u00ebrbis\u00eb Trupi Koordinues p\u00ebr komunat Bujanoc, Preshev\u00eb dhe Medvegj\u00eb\" \/>\n<meta property=\"article:publisher\" content=\"https:\/\/www.facebook.com\/SluzbaKoordinacionogTelaVladeRepublikeSrbije\" \/>\n<meta property=\"article:published_time\" content=\"2012-03-27T00:00:00+00:00\" \/>\n<meta property=\"article:modified_time\" content=\"2024-07-30T20:18:56+00:00\" \/>\n<meta property=\"og:image\" content=\"https:\/\/kt.gov.rs\/wp-content\/uploads\/2024\/07\/newspic640-5.jpg\" \/>\n\t<meta property=\"og:image:width\" content=\"265\" \/>\n\t<meta property=\"og:image:height\" content=\"180\" \/>\n\t<meta property=\"og:image:type\" content=\"image\/jpeg\" \/>\n<meta name=\"author\" content=\"ktmin\" \/>\n<meta name=\"twitter:card\" content=\"summary_large_image\" \/>\n<meta name=\"twitter:creator\" content=\"@kt_gov\" \/>\n<meta name=\"twitter:site\" content=\"@kt_gov\" \/>\n<meta name=\"twitter:label1\" content=\"Written by\" \/>\n\t<meta name=\"twitter:data1\" content=\"ktmin\" \/>\n\t<meta name=\"twitter:label2\" content=\"Est. reading time\" \/>\n\t<meta name=\"twitter:data2\" content=\"3 minutes\" \/>\n<script type=\"application\/ld+json\" class=\"yoast-schema-graph\">{\"@context\":\"https:\\\/\\\/schema.org\",\"@graph\":[{\"@type\":\"Article\",\"@id\":\"https:\\\/\\\/kt.gov.rs\\\/sq\\\/shperndarja-e-diplomave-per-te-rinjet-nga-bujanoci-dhe-presheva\\\/#article\",\"isPartOf\":{\"@id\":\"https:\\\/\\\/kt.gov.rs\\\/sq\\\/shperndarja-e-diplomave-per-te-rinjet-nga-bujanoci-dhe-presheva\\\/\"},\"author\":{\"name\":\"ktmin\",\"@id\":\"https:\\\/\\\/kt.gov.rs\\\/#\\\/schema\\\/person\\\/e426459ddb4173309103390602694571\"},\"headline\":\"SHP\u00cbRNDARJA E DIPLOMAVE P\u00cbR T\u00cb RINJ\u00cbT NGA BUJANOCI DHE PRESHEVA\",\"datePublished\":\"2012-03-27T00:00:00+00:00\",\"dateModified\":\"2024-07-30T20:18:56+00:00\",\"mainEntityOfPage\":{\"@id\":\"https:\\\/\\\/kt.gov.rs\\\/sq\\\/shperndarja-e-diplomave-per-te-rinjet-nga-bujanoci-dhe-presheva\\\/\"},\"wordCount\":514,\"publisher\":{\"@id\":\"https:\\\/\\\/kt.gov.rs\\\/#organization\"},\"image\":{\"@id\":\"https:\\\/\\\/kt.gov.rs\\\/sq\\\/shperndarja-e-diplomave-per-te-rinjet-nga-bujanoci-dhe-presheva\\\/#primaryimage\"},\"thumbnailUrl\":\"https:\\\/\\\/kt.gov.rs\\\/wp-content\\\/uploads\\\/2024\\\/07\\\/newspic640-5.jpg\",\"articleSection\":[\"Lajme\"],\"inLanguage\":\"sq-AL\"},{\"@type\":\"WebPage\",\"@id\":\"https:\\\/\\\/kt.gov.rs\\\/sq\\\/shperndarja-e-diplomave-per-te-rinjet-nga-bujanoci-dhe-presheva\\\/\",\"url\":\"https:\\\/\\\/kt.gov.rs\\\/sq\\\/shperndarja-e-diplomave-per-te-rinjet-nga-bujanoci-dhe-presheva\\\/\",\"name\":\"SHP\u00cbRNDARJA E DIPLOMAVE P\u00cbR T\u00cb RINJ\u00cbT NGA BUJANOCI DHE PRESHEVA - Republika e S\u00ebrbis\u00eb Trupi Koordinues p\u00ebr komunat Bujanoc, Preshev\u00eb dhe Medvegj\u00eb\",\"isPartOf\":{\"@id\":\"https:\\\/\\\/kt.gov.rs\\\/#website\"},\"primaryImageOfPage\":{\"@id\":\"https:\\\/\\\/kt.gov.rs\\\/sq\\\/shperndarja-e-diplomave-per-te-rinjet-nga-bujanoci-dhe-presheva\\\/#primaryimage\"},\"image\":{\"@id\":\"https:\\\/\\\/kt.gov.rs\\\/sq\\\/shperndarja-e-diplomave-per-te-rinjet-nga-bujanoci-dhe-presheva\\\/#primaryimage\"},\"thumbnailUrl\":\"https:\\\/\\\/kt.gov.rs\\\/wp-content\\\/uploads\\\/2024\\\/07\\\/newspic640-5.jpg\",\"datePublished\":\"2012-03-27T00:00:00+00:00\",\"dateModified\":\"2024-07-30T20:18:56+00:00\",\"breadcrumb\":{\"@id\":\"https:\\\/\\\/kt.gov.rs\\\/sq\\\/shperndarja-e-diplomave-per-te-rinjet-nga-bujanoci-dhe-presheva\\\/#breadcrumb\"},\"inLanguage\":\"sq-AL\",\"potentialAction\":[{\"@type\":\"ReadAction\",\"target\":[\"https:\\\/\\\/kt.gov.rs\\\/sq\\\/shperndarja-e-diplomave-per-te-rinjet-nga-bujanoci-dhe-presheva\\\/\"]}]},{\"@type\":\"ImageObject\",\"inLanguage\":\"sq-AL\",\"@id\":\"https:\\\/\\\/kt.gov.rs\\\/sq\\\/shperndarja-e-diplomave-per-te-rinjet-nga-bujanoci-dhe-presheva\\\/#primaryimage\",\"url\":\"https:\\\/\\\/kt.gov.rs\\\/wp-content\\\/uploads\\\/2024\\\/07\\\/newspic640-5.jpg\",\"contentUrl\":\"https:\\\/\\\/kt.gov.rs\\\/wp-content\\\/uploads\\\/2024\\\/07\\\/newspic640-5.jpg\",\"width\":265,\"height\":180},{\"@type\":\"BreadcrumbList\",\"@id\":\"https:\\\/\\\/kt.gov.rs\\\/sq\\\/shperndarja-e-diplomave-per-te-rinjet-nga-bujanoci-dhe-presheva\\\/#breadcrumb\",\"itemListElement\":[{\"@type\":\"ListItem\",\"position\":1,\"name\":\"\u041f\u043e\u0447\u0435\u0442\u043d\u0430\",\"item\":\"https:\\\/\\\/kt.gov.rs\\\/sq\\\/\"},{\"@type\":\"ListItem\",\"position\":2,\"name\":\"SHP\u00cbRNDARJA E DIPLOMAVE P\u00cbR T\u00cb RINJ\u00cbT NGA BUJANOCI DHE PRESHEVA\"}]},{\"@type\":\"WebSite\",\"@id\":\"https:\\\/\\\/kt.gov.rs\\\/#website\",\"url\":\"https:\\\/\\\/kt.gov.rs\\\/\",\"name\":\"\u041a\u043e\u043e\u0440\u0434\u0438\u043d\u0430\u0446\u0438\u043e\u043d\u043e \u0442\u0435\u043b\u043e \u0412\u043b\u0430\u0434\u0435 \u0420\u0435\u043f\u0443\u0431\u043b\u0438\u043a\u0435 \u0421\u0440\u0431\u0438\u0458\u0435 \u0437\u0430 \u043e\u043f\u0448\u0442\u0438\u043d\u0435 \u041f\u0440\u0435\u0448\u0435\u0432\u043e, \u0411\u0443\u0458\u0430\u043d\u043e\u0432\u0430\u0446 \u0438 \u041c\u0435\u0434\u0432\u0435\u0452a\",\"description\":\"\",\"publisher\":{\"@id\":\"https:\\\/\\\/kt.gov.rs\\\/#organization\"},\"alternateName\":\"\u041a\u043e\u043e\u0440\u0434\u0438\u043d\u0430\u0446\u0438\u043e\u043d\u043e \u0442\u0435\u043b\u043e\",\"potentialAction\":[{\"@type\":\"SearchAction\",\"target\":{\"@type\":\"EntryPoint\",\"urlTemplate\":\"https:\\\/\\\/kt.gov.rs\\\/?s={search_term_string}\"},\"query-input\":{\"@type\":\"PropertyValueSpecification\",\"valueRequired\":true,\"valueName\":\"search_term_string\"}}],\"inLanguage\":\"sq-AL\"},{\"@type\":\"Organization\",\"@id\":\"https:\\\/\\\/kt.gov.rs\\\/#organization\",\"name\":\"\u041a\u043e\u043e\u0440\u0434\u0438\u043d\u0430\u0446\u0438\u043e\u043d\u043e \u0442\u0435\u043b\u043e \u0412\u043b\u0430\u0434\u0435 \u0420\u0435\u043f\u0443\u0431\u043b\u0438\u043a\u0435 \u0421\u0440\u0431\u0438\u0458\u0435 \u0437\u0430 \u043e\u043f\u0448\u0442\u0438\u043d\u0435 \u041f\u0440\u0435\u0448\u0435\u0432\u043e, \u0411\u0443\u0458\u0430\u043d\u043e\u0432\u0430\u0446 \u0438 \u041c\u0435\u0434\u0432\u0435\u0452a\",\"alternateName\":\"\u041a\u043e\u043e\u0440\u0434\u0438\u043d\u0430\u0446\u0438\u043e\u043d\u043e \u0442\u0435\u043b\u043e\",\"url\":\"https:\\\/\\\/kt.gov.rs\\\/\",\"logo\":{\"@type\":\"ImageObject\",\"inLanguage\":\"sq-AL\",\"@id\":\"https:\\\/\\\/kt.gov.rs\\\/#\\\/schema\\\/logo\\\/image\\\/\",\"url\":\"https:\\\/\\\/kt.gov.rs\\\/wp-content\\\/uploads\\\/2024\\\/12\\\/koord2.jpg\",\"contentUrl\":\"https:\\\/\\\/kt.gov.rs\\\/wp-content\\\/uploads\\\/2024\\\/12\\\/koord2.jpg\",\"width\":640,\"height\":480,\"caption\":\"\u041a\u043e\u043e\u0440\u0434\u0438\u043d\u0430\u0446\u0438\u043e\u043d\u043e \u0442\u0435\u043b\u043e \u0412\u043b\u0430\u0434\u0435 \u0420\u0435\u043f\u0443\u0431\u043b\u0438\u043a\u0435 \u0421\u0440\u0431\u0438\u0458\u0435 \u0437\u0430 \u043e\u043f\u0448\u0442\u0438\u043d\u0435 \u041f\u0440\u0435\u0448\u0435\u0432\u043e, \u0411\u0443\u0458\u0430\u043d\u043e\u0432\u0430\u0446 \u0438 \u041c\u0435\u0434\u0432\u0435\u0452a\"},\"image\":{\"@id\":\"https:\\\/\\\/kt.gov.rs\\\/#\\\/schema\\\/logo\\\/image\\\/\"},\"sameAs\":[\"https:\\\/\\\/www.facebook.com\\\/SluzbaKoordinacionogTelaVladeRepublikeSrbije\",\"https:\\\/\\\/x.com\\\/kt_gov\",\"https:\\\/\\\/www.youtube.com\\\/@koordinacionotelo\"]},{\"@type\":\"Person\",\"@id\":\"https:\\\/\\\/kt.gov.rs\\\/#\\\/schema\\\/person\\\/e426459ddb4173309103390602694571\",\"name\":\"ktmin\",\"image\":{\"@type\":\"ImageObject\",\"inLanguage\":\"sq-AL\",\"@id\":\"https:\\\/\\\/secure.gravatar.com\\\/avatar\\\/3985c961109853010c3fbc7ba30365bfba5db3dd6c525831d9c595c7525a615a?s=96&d=mm&r=g\",\"url\":\"https:\\\/\\\/secure.gravatar.com\\\/avatar\\\/3985c961109853010c3fbc7ba30365bfba5db3dd6c525831d9c595c7525a615a?s=96&d=mm&r=g\",\"contentUrl\":\"https:\\\/\\\/secure.gravatar.com\\\/avatar\\\/3985c961109853010c3fbc7ba30365bfba5db3dd6c525831d9c595c7525a615a?s=96&d=mm&r=g\",\"caption\":\"ktmin\"},\"sameAs\":[\"https:\\\/\\\/kt.gov.rs\"],\"url\":\"https:\\\/\\\/kt.gov.rs\\\/sq\\\/author\\\/ktmin\\\/\"}]}<\/script>\n<!-- \/ Yoast SEO plugin. -->","yoast_head_json":{"title":"SHP\u00cbRNDARJA E DIPLOMAVE P\u00cbR T\u00cb RINJ\u00cbT NGA BUJANOCI DHE PRESHEVA - Republika e S\u00ebrbis\u00eb Trupi Koordinues p\u00ebr komunat Bujanoc, Preshev\u00eb dhe Medvegj\u00eb","robots":{"index":"index","follow":"follow","max-snippet":"max-snippet:-1","max-image-preview":"max-image-preview:large","max-video-preview":"max-video-preview:-1"},"canonical":"https:\/\/kt.gov.rs\/sq\/shperndarja-e-diplomave-per-te-rinjet-nga-bujanoci-dhe-presheva\/","og_locale":"sq_AL","og_type":"article","og_title":"SHP\u00cbRNDARJA E DIPLOMAVE P\u00cbR T\u00cb RINJ\u00cbT NGA BUJANOCI DHE PRESHEVA - Republika e S\u00ebrbis\u00eb Trupi Koordinues p\u00ebr komunat Bujanoc, Preshev\u00eb dhe Medvegj\u00eb","og_description":"T\u00eb rinj\u00ebve nga Bujanoci dhe Presheva pjesmarr\u00ebs n\u00eb projektin \u201c Aplikimo i modelit YouthBuild n\u00eb Bujanoc me q\u00ebllim p\u00ebrforcimin e kapacitetit t\u00eb t\u00eb rinj\u00ebve p\u00ebr pun\u00ebsim dhe jet\u00eb aktive n\u00eb bashk\u00ebsin\u00eb\u00a0 lokal\u00eb\u201d t\u00eb premt\u00ebn me 23 mars i\u2019u jan\u00eb shp\u00ebrndar\u00eb certifikata p\u00ebr kontributin e dh\u00ebn\u00eb n\u00eb realizimin e projektit.","og_url":"https:\/\/kt.gov.rs\/sq\/shperndarja-e-diplomave-per-te-rinjet-nga-bujanoci-dhe-presheva\/","og_site_name":"Republika e S\u00ebrbis\u00eb Trupi Koordinues p\u00ebr komunat Bujanoc, Preshev\u00eb dhe Medvegj\u00eb","article_publisher":"https:\/\/www.facebook.com\/SluzbaKoordinacionogTelaVladeRepublikeSrbije","article_published_time":"2012-03-27T00:00:00+00:00","article_modified_time":"2024-07-30T20:18:56+00:00","og_image":[{"width":265,"height":180,"url":"https:\/\/kt.gov.rs\/wp-content\/uploads\/2024\/07\/newspic640-5.jpg","type":"image\/jpeg"}],"author":"ktmin","twitter_card":"summary_large_image","twitter_creator":"@kt_gov","twitter_site":"@kt_gov","twitter_misc":{"Written by":"ktmin","Est. reading time":"3 minutes"},"schema":{"@context":"https:\/\/schema.org","@graph":[{"@type":"Article","@id":"https:\/\/kt.gov.rs\/sq\/shperndarja-e-diplomave-per-te-rinjet-nga-bujanoci-dhe-presheva\/#article","isPartOf":{"@id":"https:\/\/kt.gov.rs\/sq\/shperndarja-e-diplomave-per-te-rinjet-nga-bujanoci-dhe-presheva\/"},"author":{"name":"ktmin","@id":"https:\/\/kt.gov.rs\/#\/schema\/person\/e426459ddb4173309103390602694571"},"headline":"SHP\u00cbRNDARJA E DIPLOMAVE P\u00cbR T\u00cb RINJ\u00cbT NGA BUJANOCI DHE PRESHEVA","datePublished":"2012-03-27T00:00:00+00:00","dateModified":"2024-07-30T20:18:56+00:00","mainEntityOfPage":{"@id":"https:\/\/kt.gov.rs\/sq\/shperndarja-e-diplomave-per-te-rinjet-nga-bujanoci-dhe-presheva\/"},"wordCount":514,"publisher":{"@id":"https:\/\/kt.gov.rs\/#organization"},"image":{"@id":"https:\/\/kt.gov.rs\/sq\/shperndarja-e-diplomave-per-te-rinjet-nga-bujanoci-dhe-presheva\/#primaryimage"},"thumbnailUrl":"https:\/\/kt.gov.rs\/wp-content\/uploads\/2024\/07\/newspic640-5.jpg","articleSection":["Lajme"],"inLanguage":"sq-AL"},{"@type":"WebPage","@id":"https:\/\/kt.gov.rs\/sq\/shperndarja-e-diplomave-per-te-rinjet-nga-bujanoci-dhe-presheva\/","url":"https:\/\/kt.gov.rs\/sq\/shperndarja-e-diplomave-per-te-rinjet-nga-bujanoci-dhe-presheva\/","name":"SHP\u00cbRNDARJA E DIPLOMAVE P\u00cbR T\u00cb RINJ\u00cbT NGA BUJANOCI DHE PRESHEVA - Republika e S\u00ebrbis\u00eb Trupi Koordinues p\u00ebr komunat Bujanoc, Preshev\u00eb dhe Medvegj\u00eb","isPartOf":{"@id":"https:\/\/kt.gov.rs\/#website"},"primaryImageOfPage":{"@id":"https:\/\/kt.gov.rs\/sq\/shperndarja-e-diplomave-per-te-rinjet-nga-bujanoci-dhe-presheva\/#primaryimage"},"image":{"@id":"https:\/\/kt.gov.rs\/sq\/shperndarja-e-diplomave-per-te-rinjet-nga-bujanoci-dhe-presheva\/#primaryimage"},"thumbnailUrl":"https:\/\/kt.gov.rs\/wp-content\/uploads\/2024\/07\/newspic640-5.jpg","datePublished":"2012-03-27T00:00:00+00:00","dateModified":"2024-07-30T20:18:56+00:00","breadcrumb":{"@id":"https:\/\/kt.gov.rs\/sq\/shperndarja-e-diplomave-per-te-rinjet-nga-bujanoci-dhe-presheva\/#breadcrumb"},"inLanguage":"sq-AL","potentialAction":[{"@type":"ReadAction","target":["https:\/\/kt.gov.rs\/sq\/shperndarja-e-diplomave-per-te-rinjet-nga-bujanoci-dhe-presheva\/"]}]},{"@type":"ImageObject","inLanguage":"sq-AL","@id":"https:\/\/kt.gov.rs\/sq\/shperndarja-e-diplomave-per-te-rinjet-nga-bujanoci-dhe-presheva\/#primaryimage","url":"https:\/\/kt.gov.rs\/wp-content\/uploads\/2024\/07\/newspic640-5.jpg","contentUrl":"https:\/\/kt.gov.rs\/wp-content\/uploads\/2024\/07\/newspic640-5.jpg","width":265,"height":180},{"@type":"BreadcrumbList","@id":"https:\/\/kt.gov.rs\/sq\/shperndarja-e-diplomave-per-te-rinjet-nga-bujanoci-dhe-presheva\/#breadcrumb","itemListElement":[{"@type":"ListItem","position":1,"name":"\u041f\u043e\u0447\u0435\u0442\u043d\u0430","item":"https:\/\/kt.gov.rs\/sq\/"},{"@type":"ListItem","position":2,"name":"SHP\u00cbRNDARJA E DIPLOMAVE P\u00cbR T\u00cb RINJ\u00cbT NGA BUJANOCI DHE PRESHEVA"}]},{"@type":"WebSite","@id":"https:\/\/kt.gov.rs\/#website","url":"https:\/\/kt.gov.rs\/","name":"\u041a\u043e\u043e\u0440\u0434\u0438\u043d\u0430\u0446\u0438\u043e\u043d\u043e \u0442\u0435\u043b\u043e \u0412\u043b\u0430\u0434\u0435 \u0420\u0435\u043f\u0443\u0431\u043b\u0438\u043a\u0435 \u0421\u0440\u0431\u0438\u0458\u0435 \u0437\u0430 \u043e\u043f\u0448\u0442\u0438\u043d\u0435 \u041f\u0440\u0435\u0448\u0435\u0432\u043e, \u0411\u0443\u0458\u0430\u043d\u043e\u0432\u0430\u0446 \u0438 \u041c\u0435\u0434\u0432\u0435\u0452a","description":"","publisher":{"@id":"https:\/\/kt.gov.rs\/#organization"},"alternateName":"\u041a\u043e\u043e\u0440\u0434\u0438\u043d\u0430\u0446\u0438\u043e\u043d\u043e \u0442\u0435\u043b\u043e","potentialAction":[{"@type":"SearchAction","target":{"@type":"EntryPoint","urlTemplate":"https:\/\/kt.gov.rs\/?s={search_term_string}"},"query-input":{"@type":"PropertyValueSpecification","valueRequired":true,"valueName":"search_term_string"}}],"inLanguage":"sq-AL"},{"@type":"Organization","@id":"https:\/\/kt.gov.rs\/#organization","name":"\u041a\u043e\u043e\u0440\u0434\u0438\u043d\u0430\u0446\u0438\u043e\u043d\u043e \u0442\u0435\u043b\u043e \u0412\u043b\u0430\u0434\u0435 \u0420\u0435\u043f\u0443\u0431\u043b\u0438\u043a\u0435 \u0421\u0440\u0431\u0438\u0458\u0435 \u0437\u0430 \u043e\u043f\u0448\u0442\u0438\u043d\u0435 \u041f\u0440\u0435\u0448\u0435\u0432\u043e, \u0411\u0443\u0458\u0430\u043d\u043e\u0432\u0430\u0446 \u0438 \u041c\u0435\u0434\u0432\u0435\u0452a","alternateName":"\u041a\u043e\u043e\u0440\u0434\u0438\u043d\u0430\u0446\u0438\u043e\u043d\u043e \u0442\u0435\u043b\u043e","url":"https:\/\/kt.gov.rs\/","logo":{"@type":"ImageObject","inLanguage":"sq-AL","@id":"https:\/\/kt.gov.rs\/#\/schema\/logo\/image\/","url":"https:\/\/kt.gov.rs\/wp-content\/uploads\/2024\/12\/koord2.jpg","contentUrl":"https:\/\/kt.gov.rs\/wp-content\/uploads\/2024\/12\/koord2.jpg","width":640,"height":480,"caption":"\u041a\u043e\u043e\u0440\u0434\u0438\u043d\u0430\u0446\u0438\u043e\u043d\u043e \u0442\u0435\u043b\u043e \u0412\u043b\u0430\u0434\u0435 \u0420\u0435\u043f\u0443\u0431\u043b\u0438\u043a\u0435 \u0421\u0440\u0431\u0438\u0458\u0435 \u0437\u0430 \u043e\u043f\u0448\u0442\u0438\u043d\u0435 \u041f\u0440\u0435\u0448\u0435\u0432\u043e, \u0411\u0443\u0458\u0430\u043d\u043e\u0432\u0430\u0446 \u0438 \u041c\u0435\u0434\u0432\u0435\u0452a"},"image":{"@id":"https:\/\/kt.gov.rs\/#\/schema\/logo\/image\/"},"sameAs":["https:\/\/www.facebook.com\/SluzbaKoordinacionogTelaVladeRepublikeSrbije","https:\/\/x.com\/kt_gov","https:\/\/www.youtube.com\/@koordinacionotelo"]},{"@type":"Person","@id":"https:\/\/kt.gov.rs\/#\/schema\/person\/e426459ddb4173309103390602694571","name":"ktmin","image":{"@type":"ImageObject","inLanguage":"sq-AL","@id":"https:\/\/secure.gravatar.com\/avatar\/3985c961109853010c3fbc7ba30365bfba5db3dd6c525831d9c595c7525a615a?s=96&d=mm&r=g","url":"https:\/\/secure.gravatar.com\/avatar\/3985c961109853010c3fbc7ba30365bfba5db3dd6c525831d9c595c7525a615a?s=96&d=mm&r=g","contentUrl":"https:\/\/secure.gravatar.com\/avatar\/3985c961109853010c3fbc7ba30365bfba5db3dd6c525831d9c595c7525a615a?s=96&d=mm&r=g","caption":"ktmin"},"sameAs":["https:\/\/kt.gov.rs"],"url":"https:\/\/kt.gov.rs\/sq\/author\/ktmin\/"}]}},"_links":{"self":[{"href":"https:\/\/kt.gov.rs\/sq\/wp-json\/wp\/v2\/posts\/141946","targetHints":{"allow":["GET"]}}],"collection":[{"href":"https:\/\/kt.gov.rs\/sq\/wp-json\/wp\/v2\/posts"}],"about":[{"href":"https:\/\/kt.gov.rs\/sq\/wp-json\/wp\/v2\/types\/post"}],"author":[{"embeddable":true,"href":"https:\/\/kt.gov.rs\/sq\/wp-json\/wp\/v2\/users\/1"}],"replies":[{"embeddable":true,"href":"https:\/\/kt.gov.rs\/sq\/wp-json\/wp\/v2\/comments?post=141946"}],"version-history":[{"count":1,"href":"https:\/\/kt.gov.rs\/sq\/wp-json\/wp\/v2\/posts\/141946\/revisions"}],"predecessor-version":[{"id":141953,"href":"https:\/\/kt.gov.rs\/sq\/wp-json\/wp\/v2\/posts\/141946\/revisions\/141953"}],"wp:featuredmedia":[{"embeddable":true,"href":"https:\/\/kt.gov.rs\/sq\/wp-json\/wp\/v2\/media\/141954"}],"wp:attachment":[{"href":"https:\/\/kt.gov.rs\/sq\/wp-json\/wp\/v2\/media?parent=141946"}],"wp:term":[{"taxonomy":"category","embeddable":true,"href":"https:\/\/kt.gov.rs\/sq\/wp-json\/wp\/v2\/categories?post=141946"},{"taxonomy":"post_tag","embeddable":true,"href":"https:\/\/kt.gov.rs\/sq\/wp-json\/wp\/v2\/tags?post=141946"}],"curies":[{"name":"wp","href":"https:\/\/api.w.org\/{rel}","templated":true}]}}