{"id":141936,"date":"2012-04-04T00:00:00","date_gmt":"2012-04-04T00:00:00","guid":{"rendered":"http:\/\/kt.printandscreen.rs\/thirrje-publike-per-punetorine-e-gazetarise-qytetare\/"},"modified":"2024-07-30T20:18:53","modified_gmt":"2024-07-30T20:18:53","slug":"thirrje-publike-per-punetorine-e-gazetarise-qytetare","status":"publish","type":"post","link":"https:\/\/kt.gov.rs\/sq\/thirrje-publike-per-punetorine-e-gazetarise-qytetare\/","title":{"rendered":"THIRRJE PUBLIKE P\u00cbR PUN\u00cbTORIN\u00cb E GAZETARIS\u00cb QYTETARE"},"content":{"rendered":"<p>\n\tTrupi Koordinues i Qeveris\u00eb s\u00eb Republik\u00ebs s\u00eb Serbis\u00eb p\u00ebr komunat Preshev\u00eb, Bujanoc dhe Medvegj\u00eb \u041cillica Rodiq.<\/p>\n<p>\n\tQendra p\u00ebr komunikime t\u00eb reja Dokukino b\u00ebn thirrje publike p\u00ebr konkurs p\u00ebr pun\u00ebtorin\u00eb e gazetaris\u00eb qytetare \u201cD\u00ebgjo, shiko, nis\u201d, e cila do t\u00eb mbahet n\u00eb komunat Preshev\u00eb, Bujanoc dhe Medvegj\u00eb.<\/p>\n<p>\n\tKjo pun\u00ebtori ka p\u00ebr q\u00ebllim q\u00eb t\u00eb rinjve, por edhe punonj\u00ebsve dhe bashk\u00ebpun\u00ebtor\u00ebve t\u00eb organizatave t\u00eb shoq\u00ebris\u00eb civile t\u2019u jap mund\u00ebsi q\u00eb t\u00eb arrijn\u00eb njohuri baz\u00eb t\u00eb gazetaris\u00eb, t\u00eb informohen p\u00ebr gjith\u00e7ka n\u00eb lidhje me gazetarin\u00eb qytetare, por edhe p\u00ebr potencialin e medieve t\u00eb reja n\u00eb informim dhe p\u00ebr aktivizimin.<\/p>\n<p>\n\tN\u00ebp\u00ebrmjet nj\u00eb program intensive pjes\u00ebmarr\u00ebsit do t\u00eb aft\u00ebsohen q\u00eb t\u00eb jen\u00eb \u201ckorrespondent\u201d dhe bashk\u00ebpun\u00ebtor\u00eb t\u00eb portaleve informues.<\/p>\n<p>\n\tProjekti do t\u00eb realizohet p\u00ebrmes parimit t\u00eb pun\u00ebtorive, mentor\u00ebve dhe paraqitjes s\u00eb rezultateve t\u00eb pun\u00ebs nga 3 grupet q\u00eb p\u00ebrb\u00ebhen nga 15 pjes\u00ebmarr\u00ebs n\u00eb secil\u00ebn prej tri komunave t\u00eb p\u00ebrmendura.<\/p>\n<p>\n\tPun\u00ebtorit\u00eb do t\u00eb mbahen n\u00eb Preshev\u00eb, Bujanoc dhe Medvegj\u00eb, kurse pjes\u00ebmarr\u00ebsit p\u00ebrmes thirrjes publike p\u00ebr konkurs do t\u00eb p\u00ebrzgjidhen nga grupet e t\u00eb rinjve t\u00eb papun\u00ebsuar deri n\u00eb mosh\u00ebn 30 vje\u00e7.<\/p>\n<p>\n\tP\u00ebrpar\u00ebsi do t\u00eb ken\u00eb kandidat\u00ebt q\u00eb flasin edhe gjuh\u00ebn shqipe dhe at\u00eb serbe. Gjithashtu do t\u00eb merret parasysh p\u00ebrfaq\u00ebsimi gjinor\u00eb.<br \/>\n\tRezultati i drejtp\u00ebrdrejt i pun\u00ebs do t\u00eb jet\u00eb publikimi i t\u00eb pakt\u00ebn nj\u00ebrit nga shkrimet n\u00eb mediet e Serbis\u00eb, derisa t\u00eb gjith\u00eb pjes\u00ebmarr\u00ebsit do t\u00eb ken\u00eb rastin q\u00eb p\u00ebrmes mentorimit t\u00eb krijojn\u00eb dhe publikojn\u00eb lajmin e tyre, fotografin\u00eb, rr\u00ebfimin, video apo audio tem\u00ebn.<\/p>\n<p>\n\tPun\u00ebtorit\u00eb do t\u00eb mbahen si kurs treditor\u00eb n\u00eb tri komunat n\u00eb koh\u00ebt e paraqitura:<\/p>\n<ul>\n<li>\n\t\t<strong>Presh\u00ebv\u00eb 18,19 dhe 20 maj 2012.<\/strong><\/li>\n<li>\n\t\t<strong>Bujanoc 25,26 dhe 27 maj 2012.<\/strong><\/li>\n<li>\n\t\t<strong>Medvegj\u00eb 1, 2 dhe 3 qershor 2012.<\/strong><\/li>\n<\/ul>\n<p>\n\t<img decoding=\"async\" alt=\"\" src=\"https:\/\/kt.gov.rs\/wp-content\/uploads\/2024\/07\/logonews01-4.gif\" style=\"float: left;\" \/>T\u00eb gjith\u00eb kandidat\u00ebt e interesuar mund t\u00eb aplikojn\u00eb duke d\u00ebrguar biografin\u00eb e tyre dhe nj\u00eb let\u00ebr motivimi n\u00eb adres\u00ebn <a href=\"mailto:ideas@dokukino.org\">ideas@dokukino.org<\/a> m\u00eb s\u00eb voni deri me 17.04.2012.<\/p>\n<p>\n\tTrajnimin treditor\u00eb do ta mbajn\u00eb Darko Sokoviq, ekspert p\u00ebr mediet e reja dhe drejtor I Qendr\u00ebs p\u00ebr komunikime t\u00eb reja Dokukino dhe Idro Seferi, gazetar i lir\u00eb.<\/p>\n<p>\n\tPersoni kontaktues: Strahinja Mavrenski <a href=\"mailto:mavrenski@dokukino.org\">mavrenski@dokukino.org<\/a><\/p>\n","protected":false},"excerpt":{"rendered":"<p>Trupi Koordinues i Qeveris\u00eb s\u00eb Republik\u00ebs s\u00eb Serbis\u00eb p\u00ebr komunat Preshev\u00eb, Bujanoc dhe Medvegj\u00eb \u041cillica Rodiq. Qendra p\u00ebr komunikime t\u00eb reja Dokukino b\u00ebn thirrje publike p\u00ebr konkurs p\u00ebr pun\u00ebtorin\u00eb e gazetaris\u00eb qytetare \u201cD\u00ebgjo, shiko, nis\u201d, e cila do t\u00eb mbahet n\u00eb komunat Preshev\u00eb, Bujanoc dhe Medvegj\u00eb.<\/p>\n","protected":false},"author":1,"featured_media":141941,"comment_status":"closed","ping_status":"closed","sticky":false,"template":"","format":"standard","meta":{"footnotes":""},"categories":[55],"tags":[],"class_list":["post-141936","post","type-post","status-publish","format-standard","has-post-thumbnail","hentry","category-lajme"],"yoast_head":"<!-- This site is optimized with the Yoast SEO plugin v27.5 - https:\/\/yoast.com\/product\/yoast-seo-wordpress\/ -->\n<title>THIRRJE PUBLIKE P\u00cbR PUN\u00cbTORIN\u00cb E GAZETARIS\u00cb QYTETARE - Republika e S\u00ebrbis\u00eb Trupi Koordinues p\u00ebr komunat Bujanoc, Preshev\u00eb dhe Medvegj\u00eb<\/title>\n<meta name=\"robots\" content=\"index, follow, max-snippet:-1, max-image-preview:large, max-video-preview:-1\" \/>\n<link rel=\"canonical\" href=\"https:\/\/kt.gov.rs\/sq\/thirrje-publike-per-punetorine-e-gazetarise-qytetare\/\" \/>\n<meta property=\"og:locale\" content=\"sq_AL\" \/>\n<meta property=\"og:type\" content=\"article\" \/>\n<meta property=\"og:title\" content=\"THIRRJE PUBLIKE P\u00cbR PUN\u00cbTORIN\u00cb E GAZETARIS\u00cb QYTETARE - Republika e S\u00ebrbis\u00eb Trupi Koordinues p\u00ebr komunat Bujanoc, Preshev\u00eb dhe Medvegj\u00eb\" \/>\n<meta property=\"og:description\" content=\"Trupi Koordinues i Qeveris\u00eb s\u00eb Republik\u00ebs s\u00eb Serbis\u00eb p\u00ebr komunat Preshev\u00eb, Bujanoc dhe Medvegj\u00eb \u041cillica Rodiq. Qendra p\u00ebr komunikime t\u00eb reja Dokukino b\u00ebn thirrje publike p\u00ebr konkurs p\u00ebr pun\u00ebtorin\u00eb e gazetaris\u00eb qytetare \u201cD\u00ebgjo, shiko, nis\u201d, e cila do t\u00eb mbahet n\u00eb komunat Preshev\u00eb, Bujanoc dhe Medvegj\u00eb.\" \/>\n<meta property=\"og:url\" content=\"https:\/\/kt.gov.rs\/sq\/thirrje-publike-per-punetorine-e-gazetarise-qytetare\/\" \/>\n<meta property=\"og:site_name\" content=\"Republika e S\u00ebrbis\u00eb Trupi Koordinues p\u00ebr komunat Bujanoc, Preshev\u00eb dhe Medvegj\u00eb\" \/>\n<meta property=\"article:publisher\" content=\"https:\/\/www.facebook.com\/SluzbaKoordinacionogTelaVladeRepublikeSrbije\" \/>\n<meta property=\"article:published_time\" content=\"2012-04-04T00:00:00+00:00\" \/>\n<meta property=\"article:modified_time\" content=\"2024-07-30T20:18:53+00:00\" \/>\n<meta property=\"og:image\" content=\"https:\/\/kt.gov.rs\/wp-content\/uploads\/2024\/07\/logonews01-5.gif\" \/>\n\t<meta property=\"og:image:width\" content=\"265\" \/>\n\t<meta property=\"og:image:height\" content=\"138\" \/>\n\t<meta property=\"og:image:type\" content=\"image\/gif\" \/>\n<meta name=\"author\" content=\"ktmin\" \/>\n<meta name=\"twitter:card\" content=\"summary_large_image\" \/>\n<meta name=\"twitter:creator\" content=\"@kt_gov\" \/>\n<meta name=\"twitter:site\" content=\"@kt_gov\" \/>\n<meta name=\"twitter:label1\" content=\"Written by\" \/>\n\t<meta name=\"twitter:data1\" content=\"ktmin\" \/>\n\t<meta name=\"twitter:label2\" content=\"Est. reading time\" \/>\n\t<meta name=\"twitter:data2\" content=\"3 minutes\" \/>\n<script type=\"application\/ld+json\" class=\"yoast-schema-graph\">{\"@context\":\"https:\\\/\\\/schema.org\",\"@graph\":[{\"@type\":\"Article\",\"@id\":\"https:\\\/\\\/kt.gov.rs\\\/sq\\\/thirrje-publike-per-punetorine-e-gazetarise-qytetare\\\/#article\",\"isPartOf\":{\"@id\":\"https:\\\/\\\/kt.gov.rs\\\/sq\\\/thirrje-publike-per-punetorine-e-gazetarise-qytetare\\\/\"},\"author\":{\"name\":\"ktmin\",\"@id\":\"https:\\\/\\\/kt.gov.rs\\\/#\\\/schema\\\/person\\\/e426459ddb4173309103390602694571\"},\"headline\":\"THIRRJE PUBLIKE P\u00cbR PUN\u00cbTORIN\u00cb E GAZETARIS\u00cb QYTETARE\",\"datePublished\":\"2012-04-04T00:00:00+00:00\",\"dateModified\":\"2024-07-30T20:18:53+00:00\",\"mainEntityOfPage\":{\"@id\":\"https:\\\/\\\/kt.gov.rs\\\/sq\\\/thirrje-publike-per-punetorine-e-gazetarise-qytetare\\\/\"},\"wordCount\":568,\"publisher\":{\"@id\":\"https:\\\/\\\/kt.gov.rs\\\/#organization\"},\"image\":{\"@id\":\"https:\\\/\\\/kt.gov.rs\\\/sq\\\/thirrje-publike-per-punetorine-e-gazetarise-qytetare\\\/#primaryimage\"},\"thumbnailUrl\":\"https:\\\/\\\/kt.gov.rs\\\/wp-content\\\/uploads\\\/2024\\\/07\\\/logonews01-5.gif\",\"articleSection\":[\"Lajme\"],\"inLanguage\":\"sq-AL\"},{\"@type\":\"WebPage\",\"@id\":\"https:\\\/\\\/kt.gov.rs\\\/sq\\\/thirrje-publike-per-punetorine-e-gazetarise-qytetare\\\/\",\"url\":\"https:\\\/\\\/kt.gov.rs\\\/sq\\\/thirrje-publike-per-punetorine-e-gazetarise-qytetare\\\/\",\"name\":\"THIRRJE PUBLIKE P\u00cbR PUN\u00cbTORIN\u00cb E GAZETARIS\u00cb QYTETARE - Republika e S\u00ebrbis\u00eb Trupi Koordinues p\u00ebr komunat Bujanoc, Preshev\u00eb dhe Medvegj\u00eb\",\"isPartOf\":{\"@id\":\"https:\\\/\\\/kt.gov.rs\\\/#website\"},\"primaryImageOfPage\":{\"@id\":\"https:\\\/\\\/kt.gov.rs\\\/sq\\\/thirrje-publike-per-punetorine-e-gazetarise-qytetare\\\/#primaryimage\"},\"image\":{\"@id\":\"https:\\\/\\\/kt.gov.rs\\\/sq\\\/thirrje-publike-per-punetorine-e-gazetarise-qytetare\\\/#primaryimage\"},\"thumbnailUrl\":\"https:\\\/\\\/kt.gov.rs\\\/wp-content\\\/uploads\\\/2024\\\/07\\\/logonews01-5.gif\",\"datePublished\":\"2012-04-04T00:00:00+00:00\",\"dateModified\":\"2024-07-30T20:18:53+00:00\",\"breadcrumb\":{\"@id\":\"https:\\\/\\\/kt.gov.rs\\\/sq\\\/thirrje-publike-per-punetorine-e-gazetarise-qytetare\\\/#breadcrumb\"},\"inLanguage\":\"sq-AL\",\"potentialAction\":[{\"@type\":\"ReadAction\",\"target\":[\"https:\\\/\\\/kt.gov.rs\\\/sq\\\/thirrje-publike-per-punetorine-e-gazetarise-qytetare\\\/\"]}]},{\"@type\":\"ImageObject\",\"inLanguage\":\"sq-AL\",\"@id\":\"https:\\\/\\\/kt.gov.rs\\\/sq\\\/thirrje-publike-per-punetorine-e-gazetarise-qytetare\\\/#primaryimage\",\"url\":\"https:\\\/\\\/kt.gov.rs\\\/wp-content\\\/uploads\\\/2024\\\/07\\\/logonews01-5.gif\",\"contentUrl\":\"https:\\\/\\\/kt.gov.rs\\\/wp-content\\\/uploads\\\/2024\\\/07\\\/logonews01-5.gif\",\"width\":265,\"height\":138},{\"@type\":\"BreadcrumbList\",\"@id\":\"https:\\\/\\\/kt.gov.rs\\\/sq\\\/thirrje-publike-per-punetorine-e-gazetarise-qytetare\\\/#breadcrumb\",\"itemListElement\":[{\"@type\":\"ListItem\",\"position\":1,\"name\":\"\u041f\u043e\u0447\u0435\u0442\u043d\u0430\",\"item\":\"https:\\\/\\\/kt.gov.rs\\\/sq\\\/\"},{\"@type\":\"ListItem\",\"position\":2,\"name\":\"THIRRJE PUBLIKE P\u00cbR PUN\u00cbTORIN\u00cb E GAZETARIS\u00cb QYTETARE\"}]},{\"@type\":\"WebSite\",\"@id\":\"https:\\\/\\\/kt.gov.rs\\\/#website\",\"url\":\"https:\\\/\\\/kt.gov.rs\\\/\",\"name\":\"\u041a\u043e\u043e\u0440\u0434\u0438\u043d\u0430\u0446\u0438\u043e\u043d\u043e \u0442\u0435\u043b\u043e \u0412\u043b\u0430\u0434\u0435 \u0420\u0435\u043f\u0443\u0431\u043b\u0438\u043a\u0435 \u0421\u0440\u0431\u0438\u0458\u0435 \u0437\u0430 \u043e\u043f\u0448\u0442\u0438\u043d\u0435 \u041f\u0440\u0435\u0448\u0435\u0432\u043e, \u0411\u0443\u0458\u0430\u043d\u043e\u0432\u0430\u0446 \u0438 \u041c\u0435\u0434\u0432\u0435\u0452a\",\"description\":\"\",\"publisher\":{\"@id\":\"https:\\\/\\\/kt.gov.rs\\\/#organization\"},\"alternateName\":\"\u041a\u043e\u043e\u0440\u0434\u0438\u043d\u0430\u0446\u0438\u043e\u043d\u043e \u0442\u0435\u043b\u043e\",\"potentialAction\":[{\"@type\":\"SearchAction\",\"target\":{\"@type\":\"EntryPoint\",\"urlTemplate\":\"https:\\\/\\\/kt.gov.rs\\\/?s={search_term_string}\"},\"query-input\":{\"@type\":\"PropertyValueSpecification\",\"valueRequired\":true,\"valueName\":\"search_term_string\"}}],\"inLanguage\":\"sq-AL\"},{\"@type\":\"Organization\",\"@id\":\"https:\\\/\\\/kt.gov.rs\\\/#organization\",\"name\":\"\u041a\u043e\u043e\u0440\u0434\u0438\u043d\u0430\u0446\u0438\u043e\u043d\u043e \u0442\u0435\u043b\u043e \u0412\u043b\u0430\u0434\u0435 \u0420\u0435\u043f\u0443\u0431\u043b\u0438\u043a\u0435 \u0421\u0440\u0431\u0438\u0458\u0435 \u0437\u0430 \u043e\u043f\u0448\u0442\u0438\u043d\u0435 \u041f\u0440\u0435\u0448\u0435\u0432\u043e, \u0411\u0443\u0458\u0430\u043d\u043e\u0432\u0430\u0446 \u0438 \u041c\u0435\u0434\u0432\u0435\u0452a\",\"alternateName\":\"\u041a\u043e\u043e\u0440\u0434\u0438\u043d\u0430\u0446\u0438\u043e\u043d\u043e \u0442\u0435\u043b\u043e\",\"url\":\"https:\\\/\\\/kt.gov.rs\\\/\",\"logo\":{\"@type\":\"ImageObject\",\"inLanguage\":\"sq-AL\",\"@id\":\"https:\\\/\\\/kt.gov.rs\\\/#\\\/schema\\\/logo\\\/image\\\/\",\"url\":\"https:\\\/\\\/kt.gov.rs\\\/wp-content\\\/uploads\\\/2024\\\/12\\\/koord2.jpg\",\"contentUrl\":\"https:\\\/\\\/kt.gov.rs\\\/wp-content\\\/uploads\\\/2024\\\/12\\\/koord2.jpg\",\"width\":640,\"height\":480,\"caption\":\"\u041a\u043e\u043e\u0440\u0434\u0438\u043d\u0430\u0446\u0438\u043e\u043d\u043e \u0442\u0435\u043b\u043e \u0412\u043b\u0430\u0434\u0435 \u0420\u0435\u043f\u0443\u0431\u043b\u0438\u043a\u0435 \u0421\u0440\u0431\u0438\u0458\u0435 \u0437\u0430 \u043e\u043f\u0448\u0442\u0438\u043d\u0435 \u041f\u0440\u0435\u0448\u0435\u0432\u043e, \u0411\u0443\u0458\u0430\u043d\u043e\u0432\u0430\u0446 \u0438 \u041c\u0435\u0434\u0432\u0435\u0452a\"},\"image\":{\"@id\":\"https:\\\/\\\/kt.gov.rs\\\/#\\\/schema\\\/logo\\\/image\\\/\"},\"sameAs\":[\"https:\\\/\\\/www.facebook.com\\\/SluzbaKoordinacionogTelaVladeRepublikeSrbije\",\"https:\\\/\\\/x.com\\\/kt_gov\",\"https:\\\/\\\/www.youtube.com\\\/@koordinacionotelo\"]},{\"@type\":\"Person\",\"@id\":\"https:\\\/\\\/kt.gov.rs\\\/#\\\/schema\\\/person\\\/e426459ddb4173309103390602694571\",\"name\":\"ktmin\",\"image\":{\"@type\":\"ImageObject\",\"inLanguage\":\"sq-AL\",\"@id\":\"https:\\\/\\\/secure.gravatar.com\\\/avatar\\\/3985c961109853010c3fbc7ba30365bfba5db3dd6c525831d9c595c7525a615a?s=96&d=mm&r=g\",\"url\":\"https:\\\/\\\/secure.gravatar.com\\\/avatar\\\/3985c961109853010c3fbc7ba30365bfba5db3dd6c525831d9c595c7525a615a?s=96&d=mm&r=g\",\"contentUrl\":\"https:\\\/\\\/secure.gravatar.com\\\/avatar\\\/3985c961109853010c3fbc7ba30365bfba5db3dd6c525831d9c595c7525a615a?s=96&d=mm&r=g\",\"caption\":\"ktmin\"},\"sameAs\":[\"https:\\\/\\\/kt.gov.rs\"],\"url\":\"https:\\\/\\\/kt.gov.rs\\\/sq\\\/author\\\/ktmin\\\/\"}]}<\/script>\n<!-- \/ Yoast SEO plugin. -->","yoast_head_json":{"title":"THIRRJE PUBLIKE P\u00cbR PUN\u00cbTORIN\u00cb E GAZETARIS\u00cb QYTETARE - Republika e S\u00ebrbis\u00eb Trupi Koordinues p\u00ebr komunat Bujanoc, Preshev\u00eb dhe Medvegj\u00eb","robots":{"index":"index","follow":"follow","max-snippet":"max-snippet:-1","max-image-preview":"max-image-preview:large","max-video-preview":"max-video-preview:-1"},"canonical":"https:\/\/kt.gov.rs\/sq\/thirrje-publike-per-punetorine-e-gazetarise-qytetare\/","og_locale":"sq_AL","og_type":"article","og_title":"THIRRJE PUBLIKE P\u00cbR PUN\u00cbTORIN\u00cb E GAZETARIS\u00cb QYTETARE - Republika e S\u00ebrbis\u00eb Trupi Koordinues p\u00ebr komunat Bujanoc, Preshev\u00eb dhe Medvegj\u00eb","og_description":"Trupi Koordinues i Qeveris\u00eb s\u00eb Republik\u00ebs s\u00eb Serbis\u00eb p\u00ebr komunat Preshev\u00eb, Bujanoc dhe Medvegj\u00eb \u041cillica Rodiq. Qendra p\u00ebr komunikime t\u00eb reja Dokukino b\u00ebn thirrje publike p\u00ebr konkurs p\u00ebr pun\u00ebtorin\u00eb e gazetaris\u00eb qytetare \u201cD\u00ebgjo, shiko, nis\u201d, e cila do t\u00eb mbahet n\u00eb komunat Preshev\u00eb, Bujanoc dhe Medvegj\u00eb.","og_url":"https:\/\/kt.gov.rs\/sq\/thirrje-publike-per-punetorine-e-gazetarise-qytetare\/","og_site_name":"Republika e S\u00ebrbis\u00eb Trupi Koordinues p\u00ebr komunat Bujanoc, Preshev\u00eb dhe Medvegj\u00eb","article_publisher":"https:\/\/www.facebook.com\/SluzbaKoordinacionogTelaVladeRepublikeSrbije","article_published_time":"2012-04-04T00:00:00+00:00","article_modified_time":"2024-07-30T20:18:53+00:00","og_image":[{"width":265,"height":138,"url":"https:\/\/kt.gov.rs\/wp-content\/uploads\/2024\/07\/logonews01-5.gif","type":"image\/gif"}],"author":"ktmin","twitter_card":"summary_large_image","twitter_creator":"@kt_gov","twitter_site":"@kt_gov","twitter_misc":{"Written by":"ktmin","Est. reading time":"3 minutes"},"schema":{"@context":"https:\/\/schema.org","@graph":[{"@type":"Article","@id":"https:\/\/kt.gov.rs\/sq\/thirrje-publike-per-punetorine-e-gazetarise-qytetare\/#article","isPartOf":{"@id":"https:\/\/kt.gov.rs\/sq\/thirrje-publike-per-punetorine-e-gazetarise-qytetare\/"},"author":{"name":"ktmin","@id":"https:\/\/kt.gov.rs\/#\/schema\/person\/e426459ddb4173309103390602694571"},"headline":"THIRRJE PUBLIKE P\u00cbR PUN\u00cbTORIN\u00cb E GAZETARIS\u00cb QYTETARE","datePublished":"2012-04-04T00:00:00+00:00","dateModified":"2024-07-30T20:18:53+00:00","mainEntityOfPage":{"@id":"https:\/\/kt.gov.rs\/sq\/thirrje-publike-per-punetorine-e-gazetarise-qytetare\/"},"wordCount":568,"publisher":{"@id":"https:\/\/kt.gov.rs\/#organization"},"image":{"@id":"https:\/\/kt.gov.rs\/sq\/thirrje-publike-per-punetorine-e-gazetarise-qytetare\/#primaryimage"},"thumbnailUrl":"https:\/\/kt.gov.rs\/wp-content\/uploads\/2024\/07\/logonews01-5.gif","articleSection":["Lajme"],"inLanguage":"sq-AL"},{"@type":"WebPage","@id":"https:\/\/kt.gov.rs\/sq\/thirrje-publike-per-punetorine-e-gazetarise-qytetare\/","url":"https:\/\/kt.gov.rs\/sq\/thirrje-publike-per-punetorine-e-gazetarise-qytetare\/","name":"THIRRJE PUBLIKE P\u00cbR PUN\u00cbTORIN\u00cb E GAZETARIS\u00cb QYTETARE - Republika e S\u00ebrbis\u00eb Trupi Koordinues p\u00ebr komunat Bujanoc, Preshev\u00eb dhe Medvegj\u00eb","isPartOf":{"@id":"https:\/\/kt.gov.rs\/#website"},"primaryImageOfPage":{"@id":"https:\/\/kt.gov.rs\/sq\/thirrje-publike-per-punetorine-e-gazetarise-qytetare\/#primaryimage"},"image":{"@id":"https:\/\/kt.gov.rs\/sq\/thirrje-publike-per-punetorine-e-gazetarise-qytetare\/#primaryimage"},"thumbnailUrl":"https:\/\/kt.gov.rs\/wp-content\/uploads\/2024\/07\/logonews01-5.gif","datePublished":"2012-04-04T00:00:00+00:00","dateModified":"2024-07-30T20:18:53+00:00","breadcrumb":{"@id":"https:\/\/kt.gov.rs\/sq\/thirrje-publike-per-punetorine-e-gazetarise-qytetare\/#breadcrumb"},"inLanguage":"sq-AL","potentialAction":[{"@type":"ReadAction","target":["https:\/\/kt.gov.rs\/sq\/thirrje-publike-per-punetorine-e-gazetarise-qytetare\/"]}]},{"@type":"ImageObject","inLanguage":"sq-AL","@id":"https:\/\/kt.gov.rs\/sq\/thirrje-publike-per-punetorine-e-gazetarise-qytetare\/#primaryimage","url":"https:\/\/kt.gov.rs\/wp-content\/uploads\/2024\/07\/logonews01-5.gif","contentUrl":"https:\/\/kt.gov.rs\/wp-content\/uploads\/2024\/07\/logonews01-5.gif","width":265,"height":138},{"@type":"BreadcrumbList","@id":"https:\/\/kt.gov.rs\/sq\/thirrje-publike-per-punetorine-e-gazetarise-qytetare\/#breadcrumb","itemListElement":[{"@type":"ListItem","position":1,"name":"\u041f\u043e\u0447\u0435\u0442\u043d\u0430","item":"https:\/\/kt.gov.rs\/sq\/"},{"@type":"ListItem","position":2,"name":"THIRRJE PUBLIKE P\u00cbR PUN\u00cbTORIN\u00cb E GAZETARIS\u00cb QYTETARE"}]},{"@type":"WebSite","@id":"https:\/\/kt.gov.rs\/#website","url":"https:\/\/kt.gov.rs\/","name":"\u041a\u043e\u043e\u0440\u0434\u0438\u043d\u0430\u0446\u0438\u043e\u043d\u043e \u0442\u0435\u043b\u043e \u0412\u043b\u0430\u0434\u0435 \u0420\u0435\u043f\u0443\u0431\u043b\u0438\u043a\u0435 \u0421\u0440\u0431\u0438\u0458\u0435 \u0437\u0430 \u043e\u043f\u0448\u0442\u0438\u043d\u0435 \u041f\u0440\u0435\u0448\u0435\u0432\u043e, \u0411\u0443\u0458\u0430\u043d\u043e\u0432\u0430\u0446 \u0438 \u041c\u0435\u0434\u0432\u0435\u0452a","description":"","publisher":{"@id":"https:\/\/kt.gov.rs\/#organization"},"alternateName":"\u041a\u043e\u043e\u0440\u0434\u0438\u043d\u0430\u0446\u0438\u043e\u043d\u043e \u0442\u0435\u043b\u043e","potentialAction":[{"@type":"SearchAction","target":{"@type":"EntryPoint","urlTemplate":"https:\/\/kt.gov.rs\/?s={search_term_string}"},"query-input":{"@type":"PropertyValueSpecification","valueRequired":true,"valueName":"search_term_string"}}],"inLanguage":"sq-AL"},{"@type":"Organization","@id":"https:\/\/kt.gov.rs\/#organization","name":"\u041a\u043e\u043e\u0440\u0434\u0438\u043d\u0430\u0446\u0438\u043e\u043d\u043e \u0442\u0435\u043b\u043e \u0412\u043b\u0430\u0434\u0435 \u0420\u0435\u043f\u0443\u0431\u043b\u0438\u043a\u0435 \u0421\u0440\u0431\u0438\u0458\u0435 \u0437\u0430 \u043e\u043f\u0448\u0442\u0438\u043d\u0435 \u041f\u0440\u0435\u0448\u0435\u0432\u043e, \u0411\u0443\u0458\u0430\u043d\u043e\u0432\u0430\u0446 \u0438 \u041c\u0435\u0434\u0432\u0435\u0452a","alternateName":"\u041a\u043e\u043e\u0440\u0434\u0438\u043d\u0430\u0446\u0438\u043e\u043d\u043e \u0442\u0435\u043b\u043e","url":"https:\/\/kt.gov.rs\/","logo":{"@type":"ImageObject","inLanguage":"sq-AL","@id":"https:\/\/kt.gov.rs\/#\/schema\/logo\/image\/","url":"https:\/\/kt.gov.rs\/wp-content\/uploads\/2024\/12\/koord2.jpg","contentUrl":"https:\/\/kt.gov.rs\/wp-content\/uploads\/2024\/12\/koord2.jpg","width":640,"height":480,"caption":"\u041a\u043e\u043e\u0440\u0434\u0438\u043d\u0430\u0446\u0438\u043e\u043d\u043e \u0442\u0435\u043b\u043e \u0412\u043b\u0430\u0434\u0435 \u0420\u0435\u043f\u0443\u0431\u043b\u0438\u043a\u0435 \u0421\u0440\u0431\u0438\u0458\u0435 \u0437\u0430 \u043e\u043f\u0448\u0442\u0438\u043d\u0435 \u041f\u0440\u0435\u0448\u0435\u0432\u043e, \u0411\u0443\u0458\u0430\u043d\u043e\u0432\u0430\u0446 \u0438 \u041c\u0435\u0434\u0432\u0435\u0452a"},"image":{"@id":"https:\/\/kt.gov.rs\/#\/schema\/logo\/image\/"},"sameAs":["https:\/\/www.facebook.com\/SluzbaKoordinacionogTelaVladeRepublikeSrbije","https:\/\/x.com\/kt_gov","https:\/\/www.youtube.com\/@koordinacionotelo"]},{"@type":"Person","@id":"https:\/\/kt.gov.rs\/#\/schema\/person\/e426459ddb4173309103390602694571","name":"ktmin","image":{"@type":"ImageObject","inLanguage":"sq-AL","@id":"https:\/\/secure.gravatar.com\/avatar\/3985c961109853010c3fbc7ba30365bfba5db3dd6c525831d9c595c7525a615a?s=96&d=mm&r=g","url":"https:\/\/secure.gravatar.com\/avatar\/3985c961109853010c3fbc7ba30365bfba5db3dd6c525831d9c595c7525a615a?s=96&d=mm&r=g","contentUrl":"https:\/\/secure.gravatar.com\/avatar\/3985c961109853010c3fbc7ba30365bfba5db3dd6c525831d9c595c7525a615a?s=96&d=mm&r=g","caption":"ktmin"},"sameAs":["https:\/\/kt.gov.rs"],"url":"https:\/\/kt.gov.rs\/sq\/author\/ktmin\/"}]}},"_links":{"self":[{"href":"https:\/\/kt.gov.rs\/sq\/wp-json\/wp\/v2\/posts\/141936","targetHints":{"allow":["GET"]}}],"collection":[{"href":"https:\/\/kt.gov.rs\/sq\/wp-json\/wp\/v2\/posts"}],"about":[{"href":"https:\/\/kt.gov.rs\/sq\/wp-json\/wp\/v2\/types\/post"}],"author":[{"embeddable":true,"href":"https:\/\/kt.gov.rs\/sq\/wp-json\/wp\/v2\/users\/1"}],"replies":[{"embeddable":true,"href":"https:\/\/kt.gov.rs\/sq\/wp-json\/wp\/v2\/comments?post=141936"}],"version-history":[{"count":1,"href":"https:\/\/kt.gov.rs\/sq\/wp-json\/wp\/v2\/posts\/141936\/revisions"}],"predecessor-version":[{"id":141940,"href":"https:\/\/kt.gov.rs\/sq\/wp-json\/wp\/v2\/posts\/141936\/revisions\/141940"}],"wp:featuredmedia":[{"embeddable":true,"href":"https:\/\/kt.gov.rs\/sq\/wp-json\/wp\/v2\/media\/141941"}],"wp:attachment":[{"href":"https:\/\/kt.gov.rs\/sq\/wp-json\/wp\/v2\/media?parent=141936"}],"wp:term":[{"taxonomy":"category","embeddable":true,"href":"https:\/\/kt.gov.rs\/sq\/wp-json\/wp\/v2\/categories?post=141936"},{"taxonomy":"post_tag","embeddable":true,"href":"https:\/\/kt.gov.rs\/sq\/wp-json\/wp\/v2\/tags?post=141936"}],"curies":[{"name":"wp","href":"https:\/\/api.w.org\/{rel}","templated":true}]}}