{"id":141927,"date":"2012-05-15T00:00:00","date_gmt":"2012-05-15T00:00:00","guid":{"rendered":"http:\/\/kt.printandscreen.rs\/ka-filluar-ndertimi-i-shtepis-per-gjasht-binjaket\/"},"modified":"2012-05-15T00:00:00","modified_gmt":"2012-05-15T00:00:00","slug":"ka-filluar-ndertimi-i-shtepis-per-gjasht-binjaket","status":"publish","type":"post","link":"https:\/\/kt.gov.rs\/sq\/ka-filluar-ndertimi-i-shtepis-per-gjasht-binjaket\/","title":{"rendered":"KA FILLUAR ND\u00cbRTIMI I SHT\u00cbPIS P\u00cbR GJASHT BINJAKET"},"content":{"rendered":"<p>\n\t<strong>Medvegj<\/strong> \u2013\u00a0 Ka filluar nd\u00ebrtimi i nj\u00eb sht\u00ebpi t\u00eb re p\u00ebr gjasht\u00eb binjake nga fshati Gazdare n\u00eb Medvegj, q\u00eb kan\u00eb lindur p\u00ebr 28 muaj.<br \/>\n\t\u00a0<br \/>\n\tParat\u00eb p\u00ebr sht\u00ebpin\u00eb\u00a0 jan\u00eb mbledhur kryesisht n\u00eb aksion humanitar,nd\u00ebrsa nj\u00eb pjes\u00eb dhuroi kompania\u00a0 \u201eShpikaza\u201c nga Ivanjica.<br \/>\n\t\u00a0<br \/>\n\tP\u00ebr nj\u00eb muaj e gjysm\u00eb p\u00ebr her\u00eb t\u00eb par\u00eb familja do t\u00eb ket\u00eb sht\u00ebpi me dhoma dhe banjo. Mjeshtrit thell\u00eb kan\u00eb g\u00ebrmuar dhe themelet I kan\u00eb mbushur me beton, pas s\u00eb cil\u00ebs do t\u00eb filloj\u00eb montimi\u00a0 i sht\u00ebpis\u00eb prej 80 metra katror\u00eb.<\/p>\n<p>\tGjithmon\u00eb ishte \u00ebndrra ime q\u00eb p\u00ebr familjen time t\u00eb nd\u00ebrtoj nj\u00eb sht\u00ebpi por p\u00ebr shkak t\u00eb varf\u00ebris\u00eb nuk arrita. Fal\u00eb njer\u00ebzve t\u00eb mir\u00eb, tani dhe f\u00ebmij\u00ebt tan\u00eb do t\u00eb jetojn\u00eb si gjith\u00eb t\u00eb tjer\u00ebt tha Branislav Koviniq.<\/p>\n<p>\tGruaja e tij Maja shtoi: ende nuk besoj se e gjith\u00eb kjo ndodh. Gjith\u00eb j\u00ebten time un\u00eb do t\u00eb kujtoj fillimin e vitit, kur pas nj\u00eb jete t\u00eb v\u00ebshtir\u00eb gjith\u00eb ka filluar m\u00eb mir\u00eb. I fal\u00ebnderoj\u00a0 t\u00eb gjith\u00eb njer\u00ebzit p\u00ebr ndihm\u00eb.<\/p>\n<p>\tK\u00ebta f\u00ebmij\u00eb do t\u00eb jen\u00eb n\u00eb gjendje t\u00eb kalojn\u00eb n\u00eb dhomat e tyre n\u00eb jav\u00ebn e par\u00eb t\u00eb qershorit\u00a0 dhe at\u00ebher\u00eb ne do t\u00eb festojm\u00eb t\u00eb gjith\u00eb.<\/p>\n<p>\tAjo do t\u00eb jet\u00eb sht\u00ebpi shum\u00eb e bukur dhe funksionale q\u00eb do t\u00eb zgjas\u00eb gjat\u00eb, tha drejtori i \u201eShpikazit\u201c.<\/p>\n<p>\tPushteti lokal n\u00eb Medvegj\u00eb \u00ebsht\u00eb i gatsh\u00ebm\u00a0 p\u00ebr t\u00eb ndimuar me \u00e7\u00ebshtjet e lidhura me legalizimin dhe t\u00eb l\u00ebshoj\u00eb lejet e nevojshme.<\/p>\n","protected":false},"excerpt":{"rendered":"<p>Medvegj \u2013\u00a0 Ka filluar nd\u00ebrtimi i nj\u00eb sht\u00ebpi t\u00eb re p\u00ebr gjasht\u00eb binjake nga fshati Gazdare n\u00eb Medvegj, q\u00eb kan\u00eb lindur p\u00ebr 28 muaj.<\/p>\n","protected":false},"author":1,"featured_media":0,"comment_status":"closed","ping_status":"closed","sticky":false,"template":"","format":"standard","meta":{"footnotes":""},"categories":[55],"tags":[],"class_list":["post-141927","post","type-post","status-publish","format-standard","hentry","category-lajme"],"yoast_head":"<!-- This site is optimized with the Yoast SEO plugin v27.5 - https:\/\/yoast.com\/product\/yoast-seo-wordpress\/ -->\n<title>KA FILLUAR ND\u00cbRTIMI I SHT\u00cbPIS P\u00cbR GJASHT BINJAKET - Republika e S\u00ebrbis\u00eb Trupi Koordinues p\u00ebr komunat Bujanoc, Preshev\u00eb dhe Medvegj\u00eb<\/title>\n<meta name=\"robots\" content=\"index, follow, max-snippet:-1, max-image-preview:large, max-video-preview:-1\" \/>\n<link rel=\"canonical\" href=\"https:\/\/kt.gov.rs\/sq\/ka-filluar-ndertimi-i-shtepis-per-gjasht-binjaket\/\" \/>\n<meta property=\"og:locale\" content=\"sq_AL\" \/>\n<meta property=\"og:type\" content=\"article\" \/>\n<meta property=\"og:title\" content=\"KA FILLUAR ND\u00cbRTIMI I SHT\u00cbPIS P\u00cbR GJASHT BINJAKET - Republika e S\u00ebrbis\u00eb Trupi Koordinues p\u00ebr komunat Bujanoc, Preshev\u00eb dhe Medvegj\u00eb\" \/>\n<meta property=\"og:description\" content=\"Medvegj -\u00a0 Ka filluar nd\u00ebrtimi i nj\u00eb sht\u00ebpi t\u00eb re p\u00ebr gjasht\u00eb binjake nga fshati Gazdare n\u00eb Medvegj, q\u00eb kan\u00eb lindur p\u00ebr 28 muaj.\" \/>\n<meta property=\"og:url\" content=\"https:\/\/kt.gov.rs\/sq\/ka-filluar-ndertimi-i-shtepis-per-gjasht-binjaket\/\" \/>\n<meta property=\"og:site_name\" content=\"Republika e S\u00ebrbis\u00eb Trupi Koordinues p\u00ebr komunat Bujanoc, Preshev\u00eb dhe Medvegj\u00eb\" \/>\n<meta property=\"article:publisher\" content=\"https:\/\/www.facebook.com\/SluzbaKoordinacionogTelaVladeRepublikeSrbije\" \/>\n<meta property=\"article:published_time\" content=\"2012-05-15T00:00:00+00:00\" \/>\n<meta name=\"author\" content=\"ktmin\" \/>\n<meta name=\"twitter:card\" content=\"summary_large_image\" \/>\n<meta name=\"twitter:creator\" content=\"@kt_gov\" \/>\n<meta name=\"twitter:site\" content=\"@kt_gov\" \/>\n<meta name=\"twitter:label1\" content=\"Written by\" \/>\n\t<meta name=\"twitter:data1\" content=\"ktmin\" \/>\n\t<meta name=\"twitter:label2\" content=\"Est. reading time\" \/>\n\t<meta name=\"twitter:data2\" content=\"2 minutes\" \/>\n<script type=\"application\/ld+json\" class=\"yoast-schema-graph\">{\"@context\":\"https:\\\/\\\/schema.org\",\"@graph\":[{\"@type\":\"Article\",\"@id\":\"https:\\\/\\\/kt.gov.rs\\\/sq\\\/ka-filluar-ndertimi-i-shtepis-per-gjasht-binjaket\\\/#article\",\"isPartOf\":{\"@id\":\"https:\\\/\\\/kt.gov.rs\\\/sq\\\/ka-filluar-ndertimi-i-shtepis-per-gjasht-binjaket\\\/\"},\"author\":{\"name\":\"ktmin\",\"@id\":\"https:\\\/\\\/kt.gov.rs\\\/#\\\/schema\\\/person\\\/e426459ddb4173309103390602694571\"},\"headline\":\"KA FILLUAR ND\u00cbRTIMI I SHT\u00cbPIS P\u00cbR GJASHT BINJAKET\",\"datePublished\":\"2012-05-15T00:00:00+00:00\",\"mainEntityOfPage\":{\"@id\":\"https:\\\/\\\/kt.gov.rs\\\/sq\\\/ka-filluar-ndertimi-i-shtepis-per-gjasht-binjaket\\\/\"},\"wordCount\":407,\"publisher\":{\"@id\":\"https:\\\/\\\/kt.gov.rs\\\/#organization\"},\"articleSection\":[\"Lajme\"],\"inLanguage\":\"sq-AL\"},{\"@type\":\"WebPage\",\"@id\":\"https:\\\/\\\/kt.gov.rs\\\/sq\\\/ka-filluar-ndertimi-i-shtepis-per-gjasht-binjaket\\\/\",\"url\":\"https:\\\/\\\/kt.gov.rs\\\/sq\\\/ka-filluar-ndertimi-i-shtepis-per-gjasht-binjaket\\\/\",\"name\":\"KA FILLUAR ND\u00cbRTIMI I SHT\u00cbPIS P\u00cbR GJASHT BINJAKET - Republika e S\u00ebrbis\u00eb Trupi Koordinues p\u00ebr komunat Bujanoc, Preshev\u00eb dhe Medvegj\u00eb\",\"isPartOf\":{\"@id\":\"https:\\\/\\\/kt.gov.rs\\\/#website\"},\"datePublished\":\"2012-05-15T00:00:00+00:00\",\"breadcrumb\":{\"@id\":\"https:\\\/\\\/kt.gov.rs\\\/sq\\\/ka-filluar-ndertimi-i-shtepis-per-gjasht-binjaket\\\/#breadcrumb\"},\"inLanguage\":\"sq-AL\",\"potentialAction\":[{\"@type\":\"ReadAction\",\"target\":[\"https:\\\/\\\/kt.gov.rs\\\/sq\\\/ka-filluar-ndertimi-i-shtepis-per-gjasht-binjaket\\\/\"]}]},{\"@type\":\"BreadcrumbList\",\"@id\":\"https:\\\/\\\/kt.gov.rs\\\/sq\\\/ka-filluar-ndertimi-i-shtepis-per-gjasht-binjaket\\\/#breadcrumb\",\"itemListElement\":[{\"@type\":\"ListItem\",\"position\":1,\"name\":\"\u041f\u043e\u0447\u0435\u0442\u043d\u0430\",\"item\":\"https:\\\/\\\/kt.gov.rs\\\/sq\\\/\"},{\"@type\":\"ListItem\",\"position\":2,\"name\":\"KA FILLUAR ND\u00cbRTIMI I SHT\u00cbPIS P\u00cbR GJASHT BINJAKET\"}]},{\"@type\":\"WebSite\",\"@id\":\"https:\\\/\\\/kt.gov.rs\\\/#website\",\"url\":\"https:\\\/\\\/kt.gov.rs\\\/\",\"name\":\"\u041a\u043e\u043e\u0440\u0434\u0438\u043d\u0430\u0446\u0438\u043e\u043d\u043e \u0442\u0435\u043b\u043e \u0412\u043b\u0430\u0434\u0435 \u0420\u0435\u043f\u0443\u0431\u043b\u0438\u043a\u0435 \u0421\u0440\u0431\u0438\u0458\u0435 \u0437\u0430 \u043e\u043f\u0448\u0442\u0438\u043d\u0435 \u041f\u0440\u0435\u0448\u0435\u0432\u043e, \u0411\u0443\u0458\u0430\u043d\u043e\u0432\u0430\u0446 \u0438 \u041c\u0435\u0434\u0432\u0435\u0452a\",\"description\":\"\",\"publisher\":{\"@id\":\"https:\\\/\\\/kt.gov.rs\\\/#organization\"},\"alternateName\":\"\u041a\u043e\u043e\u0440\u0434\u0438\u043d\u0430\u0446\u0438\u043e\u043d\u043e \u0442\u0435\u043b\u043e\",\"potentialAction\":[{\"@type\":\"SearchAction\",\"target\":{\"@type\":\"EntryPoint\",\"urlTemplate\":\"https:\\\/\\\/kt.gov.rs\\\/?s={search_term_string}\"},\"query-input\":{\"@type\":\"PropertyValueSpecification\",\"valueRequired\":true,\"valueName\":\"search_term_string\"}}],\"inLanguage\":\"sq-AL\"},{\"@type\":\"Organization\",\"@id\":\"https:\\\/\\\/kt.gov.rs\\\/#organization\",\"name\":\"\u041a\u043e\u043e\u0440\u0434\u0438\u043d\u0430\u0446\u0438\u043e\u043d\u043e \u0442\u0435\u043b\u043e \u0412\u043b\u0430\u0434\u0435 \u0420\u0435\u043f\u0443\u0431\u043b\u0438\u043a\u0435 \u0421\u0440\u0431\u0438\u0458\u0435 \u0437\u0430 \u043e\u043f\u0448\u0442\u0438\u043d\u0435 \u041f\u0440\u0435\u0448\u0435\u0432\u043e, \u0411\u0443\u0458\u0430\u043d\u043e\u0432\u0430\u0446 \u0438 \u041c\u0435\u0434\u0432\u0435\u0452a\",\"alternateName\":\"\u041a\u043e\u043e\u0440\u0434\u0438\u043d\u0430\u0446\u0438\u043e\u043d\u043e \u0442\u0435\u043b\u043e\",\"url\":\"https:\\\/\\\/kt.gov.rs\\\/\",\"logo\":{\"@type\":\"ImageObject\",\"inLanguage\":\"sq-AL\",\"@id\":\"https:\\\/\\\/kt.gov.rs\\\/#\\\/schema\\\/logo\\\/image\\\/\",\"url\":\"https:\\\/\\\/kt.gov.rs\\\/wp-content\\\/uploads\\\/2024\\\/12\\\/koord2.jpg\",\"contentUrl\":\"https:\\\/\\\/kt.gov.rs\\\/wp-content\\\/uploads\\\/2024\\\/12\\\/koord2.jpg\",\"width\":640,\"height\":480,\"caption\":\"\u041a\u043e\u043e\u0440\u0434\u0438\u043d\u0430\u0446\u0438\u043e\u043d\u043e \u0442\u0435\u043b\u043e \u0412\u043b\u0430\u0434\u0435 \u0420\u0435\u043f\u0443\u0431\u043b\u0438\u043a\u0435 \u0421\u0440\u0431\u0438\u0458\u0435 \u0437\u0430 \u043e\u043f\u0448\u0442\u0438\u043d\u0435 \u041f\u0440\u0435\u0448\u0435\u0432\u043e, \u0411\u0443\u0458\u0430\u043d\u043e\u0432\u0430\u0446 \u0438 \u041c\u0435\u0434\u0432\u0435\u0452a\"},\"image\":{\"@id\":\"https:\\\/\\\/kt.gov.rs\\\/#\\\/schema\\\/logo\\\/image\\\/\"},\"sameAs\":[\"https:\\\/\\\/www.facebook.com\\\/SluzbaKoordinacionogTelaVladeRepublikeSrbije\",\"https:\\\/\\\/x.com\\\/kt_gov\",\"https:\\\/\\\/www.youtube.com\\\/@koordinacionotelo\"]},{\"@type\":\"Person\",\"@id\":\"https:\\\/\\\/kt.gov.rs\\\/#\\\/schema\\\/person\\\/e426459ddb4173309103390602694571\",\"name\":\"ktmin\",\"image\":{\"@type\":\"ImageObject\",\"inLanguage\":\"sq-AL\",\"@id\":\"https:\\\/\\\/secure.gravatar.com\\\/avatar\\\/3985c961109853010c3fbc7ba30365bfba5db3dd6c525831d9c595c7525a615a?s=96&d=mm&r=g\",\"url\":\"https:\\\/\\\/secure.gravatar.com\\\/avatar\\\/3985c961109853010c3fbc7ba30365bfba5db3dd6c525831d9c595c7525a615a?s=96&d=mm&r=g\",\"contentUrl\":\"https:\\\/\\\/secure.gravatar.com\\\/avatar\\\/3985c961109853010c3fbc7ba30365bfba5db3dd6c525831d9c595c7525a615a?s=96&d=mm&r=g\",\"caption\":\"ktmin\"},\"sameAs\":[\"https:\\\/\\\/kt.gov.rs\"],\"url\":\"https:\\\/\\\/kt.gov.rs\\\/sq\\\/author\\\/ktmin\\\/\"}]}<\/script>\n<!-- \/ Yoast SEO plugin. -->","yoast_head_json":{"title":"KA FILLUAR ND\u00cbRTIMI I SHT\u00cbPIS P\u00cbR GJASHT BINJAKET - Republika e S\u00ebrbis\u00eb Trupi Koordinues p\u00ebr komunat Bujanoc, Preshev\u00eb dhe Medvegj\u00eb","robots":{"index":"index","follow":"follow","max-snippet":"max-snippet:-1","max-image-preview":"max-image-preview:large","max-video-preview":"max-video-preview:-1"},"canonical":"https:\/\/kt.gov.rs\/sq\/ka-filluar-ndertimi-i-shtepis-per-gjasht-binjaket\/","og_locale":"sq_AL","og_type":"article","og_title":"KA FILLUAR ND\u00cbRTIMI I SHT\u00cbPIS P\u00cbR GJASHT BINJAKET - Republika e S\u00ebrbis\u00eb Trupi Koordinues p\u00ebr komunat Bujanoc, Preshev\u00eb dhe Medvegj\u00eb","og_description":"Medvegj -\u00a0 Ka filluar nd\u00ebrtimi i nj\u00eb sht\u00ebpi t\u00eb re p\u00ebr gjasht\u00eb binjake nga fshati Gazdare n\u00eb Medvegj, q\u00eb kan\u00eb lindur p\u00ebr 28 muaj.","og_url":"https:\/\/kt.gov.rs\/sq\/ka-filluar-ndertimi-i-shtepis-per-gjasht-binjaket\/","og_site_name":"Republika e S\u00ebrbis\u00eb Trupi Koordinues p\u00ebr komunat Bujanoc, Preshev\u00eb dhe Medvegj\u00eb","article_publisher":"https:\/\/www.facebook.com\/SluzbaKoordinacionogTelaVladeRepublikeSrbije","article_published_time":"2012-05-15T00:00:00+00:00","author":"ktmin","twitter_card":"summary_large_image","twitter_creator":"@kt_gov","twitter_site":"@kt_gov","twitter_misc":{"Written by":"ktmin","Est. reading time":"2 minutes"},"schema":{"@context":"https:\/\/schema.org","@graph":[{"@type":"Article","@id":"https:\/\/kt.gov.rs\/sq\/ka-filluar-ndertimi-i-shtepis-per-gjasht-binjaket\/#article","isPartOf":{"@id":"https:\/\/kt.gov.rs\/sq\/ka-filluar-ndertimi-i-shtepis-per-gjasht-binjaket\/"},"author":{"name":"ktmin","@id":"https:\/\/kt.gov.rs\/#\/schema\/person\/e426459ddb4173309103390602694571"},"headline":"KA FILLUAR ND\u00cbRTIMI I SHT\u00cbPIS P\u00cbR GJASHT BINJAKET","datePublished":"2012-05-15T00:00:00+00:00","mainEntityOfPage":{"@id":"https:\/\/kt.gov.rs\/sq\/ka-filluar-ndertimi-i-shtepis-per-gjasht-binjaket\/"},"wordCount":407,"publisher":{"@id":"https:\/\/kt.gov.rs\/#organization"},"articleSection":["Lajme"],"inLanguage":"sq-AL"},{"@type":"WebPage","@id":"https:\/\/kt.gov.rs\/sq\/ka-filluar-ndertimi-i-shtepis-per-gjasht-binjaket\/","url":"https:\/\/kt.gov.rs\/sq\/ka-filluar-ndertimi-i-shtepis-per-gjasht-binjaket\/","name":"KA FILLUAR ND\u00cbRTIMI I SHT\u00cbPIS P\u00cbR GJASHT BINJAKET - Republika e S\u00ebrbis\u00eb Trupi Koordinues p\u00ebr komunat Bujanoc, Preshev\u00eb dhe Medvegj\u00eb","isPartOf":{"@id":"https:\/\/kt.gov.rs\/#website"},"datePublished":"2012-05-15T00:00:00+00:00","breadcrumb":{"@id":"https:\/\/kt.gov.rs\/sq\/ka-filluar-ndertimi-i-shtepis-per-gjasht-binjaket\/#breadcrumb"},"inLanguage":"sq-AL","potentialAction":[{"@type":"ReadAction","target":["https:\/\/kt.gov.rs\/sq\/ka-filluar-ndertimi-i-shtepis-per-gjasht-binjaket\/"]}]},{"@type":"BreadcrumbList","@id":"https:\/\/kt.gov.rs\/sq\/ka-filluar-ndertimi-i-shtepis-per-gjasht-binjaket\/#breadcrumb","itemListElement":[{"@type":"ListItem","position":1,"name":"\u041f\u043e\u0447\u0435\u0442\u043d\u0430","item":"https:\/\/kt.gov.rs\/sq\/"},{"@type":"ListItem","position":2,"name":"KA FILLUAR ND\u00cbRTIMI I SHT\u00cbPIS P\u00cbR GJASHT BINJAKET"}]},{"@type":"WebSite","@id":"https:\/\/kt.gov.rs\/#website","url":"https:\/\/kt.gov.rs\/","name":"\u041a\u043e\u043e\u0440\u0434\u0438\u043d\u0430\u0446\u0438\u043e\u043d\u043e \u0442\u0435\u043b\u043e \u0412\u043b\u0430\u0434\u0435 \u0420\u0435\u043f\u0443\u0431\u043b\u0438\u043a\u0435 \u0421\u0440\u0431\u0438\u0458\u0435 \u0437\u0430 \u043e\u043f\u0448\u0442\u0438\u043d\u0435 \u041f\u0440\u0435\u0448\u0435\u0432\u043e, \u0411\u0443\u0458\u0430\u043d\u043e\u0432\u0430\u0446 \u0438 \u041c\u0435\u0434\u0432\u0435\u0452a","description":"","publisher":{"@id":"https:\/\/kt.gov.rs\/#organization"},"alternateName":"\u041a\u043e\u043e\u0440\u0434\u0438\u043d\u0430\u0446\u0438\u043e\u043d\u043e \u0442\u0435\u043b\u043e","potentialAction":[{"@type":"SearchAction","target":{"@type":"EntryPoint","urlTemplate":"https:\/\/kt.gov.rs\/?s={search_term_string}"},"query-input":{"@type":"PropertyValueSpecification","valueRequired":true,"valueName":"search_term_string"}}],"inLanguage":"sq-AL"},{"@type":"Organization","@id":"https:\/\/kt.gov.rs\/#organization","name":"\u041a\u043e\u043e\u0440\u0434\u0438\u043d\u0430\u0446\u0438\u043e\u043d\u043e \u0442\u0435\u043b\u043e \u0412\u043b\u0430\u0434\u0435 \u0420\u0435\u043f\u0443\u0431\u043b\u0438\u043a\u0435 \u0421\u0440\u0431\u0438\u0458\u0435 \u0437\u0430 \u043e\u043f\u0448\u0442\u0438\u043d\u0435 \u041f\u0440\u0435\u0448\u0435\u0432\u043e, \u0411\u0443\u0458\u0430\u043d\u043e\u0432\u0430\u0446 \u0438 \u041c\u0435\u0434\u0432\u0435\u0452a","alternateName":"\u041a\u043e\u043e\u0440\u0434\u0438\u043d\u0430\u0446\u0438\u043e\u043d\u043e \u0442\u0435\u043b\u043e","url":"https:\/\/kt.gov.rs\/","logo":{"@type":"ImageObject","inLanguage":"sq-AL","@id":"https:\/\/kt.gov.rs\/#\/schema\/logo\/image\/","url":"https:\/\/kt.gov.rs\/wp-content\/uploads\/2024\/12\/koord2.jpg","contentUrl":"https:\/\/kt.gov.rs\/wp-content\/uploads\/2024\/12\/koord2.jpg","width":640,"height":480,"caption":"\u041a\u043e\u043e\u0440\u0434\u0438\u043d\u0430\u0446\u0438\u043e\u043d\u043e \u0442\u0435\u043b\u043e \u0412\u043b\u0430\u0434\u0435 \u0420\u0435\u043f\u0443\u0431\u043b\u0438\u043a\u0435 \u0421\u0440\u0431\u0438\u0458\u0435 \u0437\u0430 \u043e\u043f\u0448\u0442\u0438\u043d\u0435 \u041f\u0440\u0435\u0448\u0435\u0432\u043e, \u0411\u0443\u0458\u0430\u043d\u043e\u0432\u0430\u0446 \u0438 \u041c\u0435\u0434\u0432\u0435\u0452a"},"image":{"@id":"https:\/\/kt.gov.rs\/#\/schema\/logo\/image\/"},"sameAs":["https:\/\/www.facebook.com\/SluzbaKoordinacionogTelaVladeRepublikeSrbije","https:\/\/x.com\/kt_gov","https:\/\/www.youtube.com\/@koordinacionotelo"]},{"@type":"Person","@id":"https:\/\/kt.gov.rs\/#\/schema\/person\/e426459ddb4173309103390602694571","name":"ktmin","image":{"@type":"ImageObject","inLanguage":"sq-AL","@id":"https:\/\/secure.gravatar.com\/avatar\/3985c961109853010c3fbc7ba30365bfba5db3dd6c525831d9c595c7525a615a?s=96&d=mm&r=g","url":"https:\/\/secure.gravatar.com\/avatar\/3985c961109853010c3fbc7ba30365bfba5db3dd6c525831d9c595c7525a615a?s=96&d=mm&r=g","contentUrl":"https:\/\/secure.gravatar.com\/avatar\/3985c961109853010c3fbc7ba30365bfba5db3dd6c525831d9c595c7525a615a?s=96&d=mm&r=g","caption":"ktmin"},"sameAs":["https:\/\/kt.gov.rs"],"url":"https:\/\/kt.gov.rs\/sq\/author\/ktmin\/"}]}},"_links":{"self":[{"href":"https:\/\/kt.gov.rs\/sq\/wp-json\/wp\/v2\/posts\/141927","targetHints":{"allow":["GET"]}}],"collection":[{"href":"https:\/\/kt.gov.rs\/sq\/wp-json\/wp\/v2\/posts"}],"about":[{"href":"https:\/\/kt.gov.rs\/sq\/wp-json\/wp\/v2\/types\/post"}],"author":[{"embeddable":true,"href":"https:\/\/kt.gov.rs\/sq\/wp-json\/wp\/v2\/users\/1"}],"replies":[{"embeddable":true,"href":"https:\/\/kt.gov.rs\/sq\/wp-json\/wp\/v2\/comments?post=141927"}],"version-history":[{"count":0,"href":"https:\/\/kt.gov.rs\/sq\/wp-json\/wp\/v2\/posts\/141927\/revisions"}],"wp:attachment":[{"href":"https:\/\/kt.gov.rs\/sq\/wp-json\/wp\/v2\/media?parent=141927"}],"wp:term":[{"taxonomy":"category","embeddable":true,"href":"https:\/\/kt.gov.rs\/sq\/wp-json\/wp\/v2\/categories?post=141927"},{"taxonomy":"post_tag","embeddable":true,"href":"https:\/\/kt.gov.rs\/sq\/wp-json\/wp\/v2\/tags?post=141927"}],"curies":[{"name":"wp","href":"https:\/\/api.w.org\/{rel}","templated":true}]}}