{"id":141921,"date":"2012-06-06T00:00:00","date_gmt":"2012-06-06T00:00:00","guid":{"rendered":"http:\/\/kt.printandscreen.rs\/jane-derdhur-nga-shtrati-lumi-i-slatines-dhe-terrnocit-ne-bujanoc\/"},"modified":"2012-06-06T00:00:00","modified_gmt":"2012-06-06T00:00:00","slug":"jane-derdhur-nga-shtrati-lumi-i-slatines-dhe-terrnocit-ne-bujanoc","status":"publish","type":"post","link":"https:\/\/kt.gov.rs\/sq\/jane-derdhur-nga-shtrati-lumi-i-slatines-dhe-terrnocit-ne-bujanoc\/","title":{"rendered":"JAN\u00cb DERDHUR NGA SHTRATI LUMI I SLATIN\u00cbS DHE T\u00cbRRNOCIT N\u00cb BUJANOC"},"content":{"rendered":"<p>\n\t<strong>Bujanoc<\/strong> \u2013\u00a0 P\u00ebr shkak t\u00eb reshjeve atmosferike t\u00eb h\u00ebn\u00ebn n\u00eb or\u00ebt e mbr\u00ebmjes n\u00eb rrethin e P\u00e7inj\u00ebs jan\u00eb derdhur lumenjt\u00eb n\u00eb Sllatin dhe T\u00ebrrnoc\u00eb. Jan\u00eb permbytur fshati Osllar dhe Levosov\u00eb si dhe lagja e re ne Bujanoc, uji ka dep\u00ebrtuar n\u00ebp\u00ebr dhoma dhe n\u00eb shkoll\u00ebn e mesme t\u00eb ekonomis. Sipas Drag\u00e7eta Stanojkoviq, kryeshef i selis s\u00eb\u00a0 departamentit p\u00ebr gjendje t\u00eb jasht\u00eb zakonshme, uji \u00ebsht\u00eb n\u00ebn kontroll.<\/p>\n<p>\t\u201cJan\u00eb p\u00ebrmbytur dhjetra sht\u00ebpi dhe disa objekte ndihm\u00ebse n\u00eb fshatin Osllar dhe Levosov. K\u00ebto reshje kan\u00eb dep\u00ebrtuar edhe ne hapsirat e podrumit t\u00eb shkoll\u00ebs ekonomike n\u00eb Bujanoc, uji ka dep\u00ebrtuar edhe n\u00eb disa nd\u00ebrtesa\u201d theksoi Stanojkoviq.<\/p>\n<p>\t\u201cFshatar\u00ebt e Osllar\u00ebs than\u00eb se nuk e mbanin mend nj\u00eb stuhi t\u00eb till\u00eb. T\u00eb p\u00ebrmbytura jan\u00eb podrumet dhe oborr\u00ebt n\u00eb t\u00eb shumt\u00ebn e rasteve, por m\u00eb s\u00eb r\u00ebndi na vije d\u00ebmtimi i fushave dhe kopshteve. Sot vlersohen d\u00ebmet dhe ne do t\u00eb shohim se \u00e7far ndodh\u00eb m\u00eb pas\u00eb. T\u00ebr\u00eb nat\u00ebn kemi luftuar me ujin me ndihm\u00ebn e zjarrfik\u00ebsve dhe t\u00eb ushtris, k\u00ebto shira nuk m\u00eb kujtohen \u201ctha Radoslav Stepan nj\u00eb nga fshatar\u00ebt e Osllar\u00ebs.<\/p>\n<p>\tN\u00eb k\u00ebt\u00eb p\u00ebrmbytje morr\u00ebn pj\u00ebs ekipet e shp\u00ebtimit zjarrfiks\u00ebt nga Bujanoci me koleg\u00ebt e tyre nga Vranja, banor\u00ebt si dhe puntor\u00ebt e nd\u00ebrmarjes t\u00eb Komunalis . Gjat\u00eb dit\u00ebs pasi q\u00eb uji \u00ebsht\u00eb t\u00ebrh\u00ebqur n\u00eb shtratin e lumit, puntor\u00ebt e nd\u00ebrmarjes \u201cKomunalia\u201d nga Bujanoci\u00a0 kan\u00eb vazhduar me angazhimin e makinerive.<\/p>\n<p>\tP\u00ebr shkak bresh\u00ebrit radaret jan\u00eb aktivizuar n\u00eb komun\u00ebn e Bujanocit dhe Vlladi\u00e7ki Hanit. T\u00eb gjitha ekipet jan\u00eb n\u00eb teren dhe punojn p\u00ebr ato pasoja\u00a0 p\u00ebrmbyt\u00ebse.<\/p>\n","protected":false},"excerpt":{"rendered":"<p>Bujanoc \u2013\u00a0 P\u00ebr shkak t\u00eb reshjeve atmosferike t\u00eb h\u00ebn\u00ebn n\u00eb or\u00ebt e mbr\u00ebmjes n\u00eb rrethin e P\u00e7inj\u00ebs jan\u00eb derdhur lumenjt\u00eb n\u00eb Sllatin dhe T\u00ebrrnoc\u00eb. Jan\u00eb permbytur fshati Osllar dhe Levosov\u00eb si dhe lagja e re ne Bujanoc, uji ka dep\u00ebrtuar n\u00ebp\u00ebr dhoma dhe n\u00eb shkoll\u00ebn e mesme t\u00eb ekonomis. Sipas Drag\u00e7eta Stanojkoviq, kryeshef i selis s\u00eb\u00a0 departamentit p\u00ebr gjendje t\u00eb jasht\u00eb zakonshme, uji \u00ebsht\u00eb n\u00ebn kontroll.<\/p>\n","protected":false},"author":1,"featured_media":0,"comment_status":"closed","ping_status":"closed","sticky":false,"template":"","format":"standard","meta":{"footnotes":""},"categories":[55],"tags":[],"class_list":["post-141921","post","type-post","status-publish","format-standard","hentry","category-lajme"],"yoast_head":"<!-- This site is optimized with the Yoast SEO plugin v27.5 - https:\/\/yoast.com\/product\/yoast-seo-wordpress\/ -->\n<title>JAN\u00cb DERDHUR NGA SHTRATI LUMI I SLATIN\u00cbS DHE T\u00cbRRNOCIT N\u00cb BUJANOC - Republika e S\u00ebrbis\u00eb Trupi Koordinues p\u00ebr komunat Bujanoc, Preshev\u00eb dhe Medvegj\u00eb<\/title>\n<meta name=\"robots\" content=\"index, follow, max-snippet:-1, max-image-preview:large, max-video-preview:-1\" \/>\n<link rel=\"canonical\" href=\"https:\/\/kt.gov.rs\/sq\/jane-derdhur-nga-shtrati-lumi-i-slatines-dhe-terrnocit-ne-bujanoc\/\" \/>\n<meta property=\"og:locale\" content=\"sq_AL\" \/>\n<meta property=\"og:type\" content=\"article\" \/>\n<meta property=\"og:title\" content=\"JAN\u00cb DERDHUR NGA SHTRATI LUMI I SLATIN\u00cbS DHE T\u00cbRRNOCIT N\u00cb BUJANOC - Republika e S\u00ebrbis\u00eb Trupi Koordinues p\u00ebr komunat Bujanoc, Preshev\u00eb dhe Medvegj\u00eb\" \/>\n<meta property=\"og:description\" content=\"Bujanoc -\u00a0 P\u00ebr shkak t\u00eb reshjeve atmosferike t\u00eb h\u00ebn\u00ebn n\u00eb or\u00ebt e mbr\u00ebmjes n\u00eb rrethin e P\u00e7inj\u00ebs jan\u00eb derdhur lumenjt\u00eb n\u00eb Sllatin dhe T\u00ebrrnoc\u00eb. Jan\u00eb permbytur fshati Osllar dhe Levosov\u00eb si dhe lagja e re ne Bujanoc, uji ka dep\u00ebrtuar n\u00ebp\u00ebr dhoma dhe n\u00eb shkoll\u00ebn e mesme t\u00eb ekonomis. Sipas Drag\u00e7eta Stanojkoviq, kryeshef i selis s\u00eb\u00a0 departamentit p\u00ebr gjendje t\u00eb jasht\u00eb zakonshme, uji \u00ebsht\u00eb n\u00ebn kontroll.\" \/>\n<meta property=\"og:url\" content=\"https:\/\/kt.gov.rs\/sq\/jane-derdhur-nga-shtrati-lumi-i-slatines-dhe-terrnocit-ne-bujanoc\/\" \/>\n<meta property=\"og:site_name\" content=\"Republika e S\u00ebrbis\u00eb Trupi Koordinues p\u00ebr komunat Bujanoc, Preshev\u00eb dhe Medvegj\u00eb\" \/>\n<meta property=\"article:publisher\" content=\"https:\/\/www.facebook.com\/SluzbaKoordinacionogTelaVladeRepublikeSrbije\" \/>\n<meta property=\"article:published_time\" content=\"2012-06-06T00:00:00+00:00\" \/>\n<meta name=\"author\" content=\"ktmin\" \/>\n<meta name=\"twitter:card\" content=\"summary_large_image\" \/>\n<meta name=\"twitter:creator\" content=\"@kt_gov\" \/>\n<meta name=\"twitter:site\" content=\"@kt_gov\" \/>\n<meta name=\"twitter:label1\" content=\"Written by\" \/>\n\t<meta name=\"twitter:data1\" content=\"ktmin\" \/>\n\t<meta name=\"twitter:label2\" content=\"Est. reading time\" \/>\n\t<meta name=\"twitter:data2\" content=\"2 minutes\" \/>\n<script type=\"application\/ld+json\" class=\"yoast-schema-graph\">{\"@context\":\"https:\\\/\\\/schema.org\",\"@graph\":[{\"@type\":\"Article\",\"@id\":\"https:\\\/\\\/kt.gov.rs\\\/sq\\\/jane-derdhur-nga-shtrati-lumi-i-slatines-dhe-terrnocit-ne-bujanoc\\\/#article\",\"isPartOf\":{\"@id\":\"https:\\\/\\\/kt.gov.rs\\\/sq\\\/jane-derdhur-nga-shtrati-lumi-i-slatines-dhe-terrnocit-ne-bujanoc\\\/\"},\"author\":{\"name\":\"ktmin\",\"@id\":\"https:\\\/\\\/kt.gov.rs\\\/#\\\/schema\\\/person\\\/e426459ddb4173309103390602694571\"},\"headline\":\"JAN\u00cb DERDHUR NGA SHTRATI LUMI I SLATIN\u00cbS DHE T\u00cbRRNOCIT N\u00cb BUJANOC\",\"datePublished\":\"2012-06-06T00:00:00+00:00\",\"mainEntityOfPage\":{\"@id\":\"https:\\\/\\\/kt.gov.rs\\\/sq\\\/jane-derdhur-nga-shtrati-lumi-i-slatines-dhe-terrnocit-ne-bujanoc\\\/\"},\"wordCount\":448,\"publisher\":{\"@id\":\"https:\\\/\\\/kt.gov.rs\\\/#organization\"},\"articleSection\":[\"Lajme\"],\"inLanguage\":\"sq-AL\"},{\"@type\":\"WebPage\",\"@id\":\"https:\\\/\\\/kt.gov.rs\\\/sq\\\/jane-derdhur-nga-shtrati-lumi-i-slatines-dhe-terrnocit-ne-bujanoc\\\/\",\"url\":\"https:\\\/\\\/kt.gov.rs\\\/sq\\\/jane-derdhur-nga-shtrati-lumi-i-slatines-dhe-terrnocit-ne-bujanoc\\\/\",\"name\":\"JAN\u00cb DERDHUR NGA SHTRATI LUMI I SLATIN\u00cbS DHE T\u00cbRRNOCIT N\u00cb BUJANOC - Republika e S\u00ebrbis\u00eb Trupi Koordinues p\u00ebr komunat Bujanoc, Preshev\u00eb dhe Medvegj\u00eb\",\"isPartOf\":{\"@id\":\"https:\\\/\\\/kt.gov.rs\\\/#website\"},\"datePublished\":\"2012-06-06T00:00:00+00:00\",\"breadcrumb\":{\"@id\":\"https:\\\/\\\/kt.gov.rs\\\/sq\\\/jane-derdhur-nga-shtrati-lumi-i-slatines-dhe-terrnocit-ne-bujanoc\\\/#breadcrumb\"},\"inLanguage\":\"sq-AL\",\"potentialAction\":[{\"@type\":\"ReadAction\",\"target\":[\"https:\\\/\\\/kt.gov.rs\\\/sq\\\/jane-derdhur-nga-shtrati-lumi-i-slatines-dhe-terrnocit-ne-bujanoc\\\/\"]}]},{\"@type\":\"BreadcrumbList\",\"@id\":\"https:\\\/\\\/kt.gov.rs\\\/sq\\\/jane-derdhur-nga-shtrati-lumi-i-slatines-dhe-terrnocit-ne-bujanoc\\\/#breadcrumb\",\"itemListElement\":[{\"@type\":\"ListItem\",\"position\":1,\"name\":\"\u041f\u043e\u0447\u0435\u0442\u043d\u0430\",\"item\":\"https:\\\/\\\/kt.gov.rs\\\/sq\\\/\"},{\"@type\":\"ListItem\",\"position\":2,\"name\":\"JAN\u00cb DERDHUR NGA SHTRATI LUMI I SLATIN\u00cbS DHE T\u00cbRRNOCIT N\u00cb BUJANOC\"}]},{\"@type\":\"WebSite\",\"@id\":\"https:\\\/\\\/kt.gov.rs\\\/#website\",\"url\":\"https:\\\/\\\/kt.gov.rs\\\/\",\"name\":\"\u041a\u043e\u043e\u0440\u0434\u0438\u043d\u0430\u0446\u0438\u043e\u043d\u043e \u0442\u0435\u043b\u043e \u0412\u043b\u0430\u0434\u0435 \u0420\u0435\u043f\u0443\u0431\u043b\u0438\u043a\u0435 \u0421\u0440\u0431\u0438\u0458\u0435 \u0437\u0430 \u043e\u043f\u0448\u0442\u0438\u043d\u0435 \u041f\u0440\u0435\u0448\u0435\u0432\u043e, \u0411\u0443\u0458\u0430\u043d\u043e\u0432\u0430\u0446 \u0438 \u041c\u0435\u0434\u0432\u0435\u0452a\",\"description\":\"\",\"publisher\":{\"@id\":\"https:\\\/\\\/kt.gov.rs\\\/#organization\"},\"alternateName\":\"\u041a\u043e\u043e\u0440\u0434\u0438\u043d\u0430\u0446\u0438\u043e\u043d\u043e \u0442\u0435\u043b\u043e\",\"potentialAction\":[{\"@type\":\"SearchAction\",\"target\":{\"@type\":\"EntryPoint\",\"urlTemplate\":\"https:\\\/\\\/kt.gov.rs\\\/?s={search_term_string}\"},\"query-input\":{\"@type\":\"PropertyValueSpecification\",\"valueRequired\":true,\"valueName\":\"search_term_string\"}}],\"inLanguage\":\"sq-AL\"},{\"@type\":\"Organization\",\"@id\":\"https:\\\/\\\/kt.gov.rs\\\/#organization\",\"name\":\"\u041a\u043e\u043e\u0440\u0434\u0438\u043d\u0430\u0446\u0438\u043e\u043d\u043e \u0442\u0435\u043b\u043e \u0412\u043b\u0430\u0434\u0435 \u0420\u0435\u043f\u0443\u0431\u043b\u0438\u043a\u0435 \u0421\u0440\u0431\u0438\u0458\u0435 \u0437\u0430 \u043e\u043f\u0448\u0442\u0438\u043d\u0435 \u041f\u0440\u0435\u0448\u0435\u0432\u043e, \u0411\u0443\u0458\u0430\u043d\u043e\u0432\u0430\u0446 \u0438 \u041c\u0435\u0434\u0432\u0435\u0452a\",\"alternateName\":\"\u041a\u043e\u043e\u0440\u0434\u0438\u043d\u0430\u0446\u0438\u043e\u043d\u043e \u0442\u0435\u043b\u043e\",\"url\":\"https:\\\/\\\/kt.gov.rs\\\/\",\"logo\":{\"@type\":\"ImageObject\",\"inLanguage\":\"sq-AL\",\"@id\":\"https:\\\/\\\/kt.gov.rs\\\/#\\\/schema\\\/logo\\\/image\\\/\",\"url\":\"https:\\\/\\\/kt.gov.rs\\\/wp-content\\\/uploads\\\/2024\\\/12\\\/koord2.jpg\",\"contentUrl\":\"https:\\\/\\\/kt.gov.rs\\\/wp-content\\\/uploads\\\/2024\\\/12\\\/koord2.jpg\",\"width\":640,\"height\":480,\"caption\":\"\u041a\u043e\u043e\u0440\u0434\u0438\u043d\u0430\u0446\u0438\u043e\u043d\u043e \u0442\u0435\u043b\u043e \u0412\u043b\u0430\u0434\u0435 \u0420\u0435\u043f\u0443\u0431\u043b\u0438\u043a\u0435 \u0421\u0440\u0431\u0438\u0458\u0435 \u0437\u0430 \u043e\u043f\u0448\u0442\u0438\u043d\u0435 \u041f\u0440\u0435\u0448\u0435\u0432\u043e, \u0411\u0443\u0458\u0430\u043d\u043e\u0432\u0430\u0446 \u0438 \u041c\u0435\u0434\u0432\u0435\u0452a\"},\"image\":{\"@id\":\"https:\\\/\\\/kt.gov.rs\\\/#\\\/schema\\\/logo\\\/image\\\/\"},\"sameAs\":[\"https:\\\/\\\/www.facebook.com\\\/SluzbaKoordinacionogTelaVladeRepublikeSrbije\",\"https:\\\/\\\/x.com\\\/kt_gov\",\"https:\\\/\\\/www.youtube.com\\\/@koordinacionotelo\"]},{\"@type\":\"Person\",\"@id\":\"https:\\\/\\\/kt.gov.rs\\\/#\\\/schema\\\/person\\\/e426459ddb4173309103390602694571\",\"name\":\"ktmin\",\"image\":{\"@type\":\"ImageObject\",\"inLanguage\":\"sq-AL\",\"@id\":\"https:\\\/\\\/secure.gravatar.com\\\/avatar\\\/3985c961109853010c3fbc7ba30365bfba5db3dd6c525831d9c595c7525a615a?s=96&d=mm&r=g\",\"url\":\"https:\\\/\\\/secure.gravatar.com\\\/avatar\\\/3985c961109853010c3fbc7ba30365bfba5db3dd6c525831d9c595c7525a615a?s=96&d=mm&r=g\",\"contentUrl\":\"https:\\\/\\\/secure.gravatar.com\\\/avatar\\\/3985c961109853010c3fbc7ba30365bfba5db3dd6c525831d9c595c7525a615a?s=96&d=mm&r=g\",\"caption\":\"ktmin\"},\"sameAs\":[\"https:\\\/\\\/kt.gov.rs\"],\"url\":\"https:\\\/\\\/kt.gov.rs\\\/sq\\\/author\\\/ktmin\\\/\"}]}<\/script>\n<!-- \/ Yoast SEO plugin. -->","yoast_head_json":{"title":"JAN\u00cb DERDHUR NGA SHTRATI LUMI I SLATIN\u00cbS DHE T\u00cbRRNOCIT N\u00cb BUJANOC - Republika e S\u00ebrbis\u00eb Trupi Koordinues p\u00ebr komunat Bujanoc, Preshev\u00eb dhe Medvegj\u00eb","robots":{"index":"index","follow":"follow","max-snippet":"max-snippet:-1","max-image-preview":"max-image-preview:large","max-video-preview":"max-video-preview:-1"},"canonical":"https:\/\/kt.gov.rs\/sq\/jane-derdhur-nga-shtrati-lumi-i-slatines-dhe-terrnocit-ne-bujanoc\/","og_locale":"sq_AL","og_type":"article","og_title":"JAN\u00cb DERDHUR NGA SHTRATI LUMI I SLATIN\u00cbS DHE T\u00cbRRNOCIT N\u00cb BUJANOC - Republika e S\u00ebrbis\u00eb Trupi Koordinues p\u00ebr komunat Bujanoc, Preshev\u00eb dhe Medvegj\u00eb","og_description":"Bujanoc -\u00a0 P\u00ebr shkak t\u00eb reshjeve atmosferike t\u00eb h\u00ebn\u00ebn n\u00eb or\u00ebt e mbr\u00ebmjes n\u00eb rrethin e P\u00e7inj\u00ebs jan\u00eb derdhur lumenjt\u00eb n\u00eb Sllatin dhe T\u00ebrrnoc\u00eb. Jan\u00eb permbytur fshati Osllar dhe Levosov\u00eb si dhe lagja e re ne Bujanoc, uji ka dep\u00ebrtuar n\u00ebp\u00ebr dhoma dhe n\u00eb shkoll\u00ebn e mesme t\u00eb ekonomis. Sipas Drag\u00e7eta Stanojkoviq, kryeshef i selis s\u00eb\u00a0 departamentit p\u00ebr gjendje t\u00eb jasht\u00eb zakonshme, uji \u00ebsht\u00eb n\u00ebn kontroll.","og_url":"https:\/\/kt.gov.rs\/sq\/jane-derdhur-nga-shtrati-lumi-i-slatines-dhe-terrnocit-ne-bujanoc\/","og_site_name":"Republika e S\u00ebrbis\u00eb Trupi Koordinues p\u00ebr komunat Bujanoc, Preshev\u00eb dhe Medvegj\u00eb","article_publisher":"https:\/\/www.facebook.com\/SluzbaKoordinacionogTelaVladeRepublikeSrbije","article_published_time":"2012-06-06T00:00:00+00:00","author":"ktmin","twitter_card":"summary_large_image","twitter_creator":"@kt_gov","twitter_site":"@kt_gov","twitter_misc":{"Written by":"ktmin","Est. reading time":"2 minutes"},"schema":{"@context":"https:\/\/schema.org","@graph":[{"@type":"Article","@id":"https:\/\/kt.gov.rs\/sq\/jane-derdhur-nga-shtrati-lumi-i-slatines-dhe-terrnocit-ne-bujanoc\/#article","isPartOf":{"@id":"https:\/\/kt.gov.rs\/sq\/jane-derdhur-nga-shtrati-lumi-i-slatines-dhe-terrnocit-ne-bujanoc\/"},"author":{"name":"ktmin","@id":"https:\/\/kt.gov.rs\/#\/schema\/person\/e426459ddb4173309103390602694571"},"headline":"JAN\u00cb DERDHUR NGA SHTRATI LUMI I SLATIN\u00cbS DHE T\u00cbRRNOCIT N\u00cb BUJANOC","datePublished":"2012-06-06T00:00:00+00:00","mainEntityOfPage":{"@id":"https:\/\/kt.gov.rs\/sq\/jane-derdhur-nga-shtrati-lumi-i-slatines-dhe-terrnocit-ne-bujanoc\/"},"wordCount":448,"publisher":{"@id":"https:\/\/kt.gov.rs\/#organization"},"articleSection":["Lajme"],"inLanguage":"sq-AL"},{"@type":"WebPage","@id":"https:\/\/kt.gov.rs\/sq\/jane-derdhur-nga-shtrati-lumi-i-slatines-dhe-terrnocit-ne-bujanoc\/","url":"https:\/\/kt.gov.rs\/sq\/jane-derdhur-nga-shtrati-lumi-i-slatines-dhe-terrnocit-ne-bujanoc\/","name":"JAN\u00cb DERDHUR NGA SHTRATI LUMI I SLATIN\u00cbS DHE T\u00cbRRNOCIT N\u00cb BUJANOC - Republika e S\u00ebrbis\u00eb Trupi Koordinues p\u00ebr komunat Bujanoc, Preshev\u00eb dhe Medvegj\u00eb","isPartOf":{"@id":"https:\/\/kt.gov.rs\/#website"},"datePublished":"2012-06-06T00:00:00+00:00","breadcrumb":{"@id":"https:\/\/kt.gov.rs\/sq\/jane-derdhur-nga-shtrati-lumi-i-slatines-dhe-terrnocit-ne-bujanoc\/#breadcrumb"},"inLanguage":"sq-AL","potentialAction":[{"@type":"ReadAction","target":["https:\/\/kt.gov.rs\/sq\/jane-derdhur-nga-shtrati-lumi-i-slatines-dhe-terrnocit-ne-bujanoc\/"]}]},{"@type":"BreadcrumbList","@id":"https:\/\/kt.gov.rs\/sq\/jane-derdhur-nga-shtrati-lumi-i-slatines-dhe-terrnocit-ne-bujanoc\/#breadcrumb","itemListElement":[{"@type":"ListItem","position":1,"name":"\u041f\u043e\u0447\u0435\u0442\u043d\u0430","item":"https:\/\/kt.gov.rs\/sq\/"},{"@type":"ListItem","position":2,"name":"JAN\u00cb DERDHUR NGA SHTRATI LUMI I SLATIN\u00cbS DHE T\u00cbRRNOCIT N\u00cb BUJANOC"}]},{"@type":"WebSite","@id":"https:\/\/kt.gov.rs\/#website","url":"https:\/\/kt.gov.rs\/","name":"\u041a\u043e\u043e\u0440\u0434\u0438\u043d\u0430\u0446\u0438\u043e\u043d\u043e \u0442\u0435\u043b\u043e \u0412\u043b\u0430\u0434\u0435 \u0420\u0435\u043f\u0443\u0431\u043b\u0438\u043a\u0435 \u0421\u0440\u0431\u0438\u0458\u0435 \u0437\u0430 \u043e\u043f\u0448\u0442\u0438\u043d\u0435 \u041f\u0440\u0435\u0448\u0435\u0432\u043e, \u0411\u0443\u0458\u0430\u043d\u043e\u0432\u0430\u0446 \u0438 \u041c\u0435\u0434\u0432\u0435\u0452a","description":"","publisher":{"@id":"https:\/\/kt.gov.rs\/#organization"},"alternateName":"\u041a\u043e\u043e\u0440\u0434\u0438\u043d\u0430\u0446\u0438\u043e\u043d\u043e \u0442\u0435\u043b\u043e","potentialAction":[{"@type":"SearchAction","target":{"@type":"EntryPoint","urlTemplate":"https:\/\/kt.gov.rs\/?s={search_term_string}"},"query-input":{"@type":"PropertyValueSpecification","valueRequired":true,"valueName":"search_term_string"}}],"inLanguage":"sq-AL"},{"@type":"Organization","@id":"https:\/\/kt.gov.rs\/#organization","name":"\u041a\u043e\u043e\u0440\u0434\u0438\u043d\u0430\u0446\u0438\u043e\u043d\u043e \u0442\u0435\u043b\u043e \u0412\u043b\u0430\u0434\u0435 \u0420\u0435\u043f\u0443\u0431\u043b\u0438\u043a\u0435 \u0421\u0440\u0431\u0438\u0458\u0435 \u0437\u0430 \u043e\u043f\u0448\u0442\u0438\u043d\u0435 \u041f\u0440\u0435\u0448\u0435\u0432\u043e, \u0411\u0443\u0458\u0430\u043d\u043e\u0432\u0430\u0446 \u0438 \u041c\u0435\u0434\u0432\u0435\u0452a","alternateName":"\u041a\u043e\u043e\u0440\u0434\u0438\u043d\u0430\u0446\u0438\u043e\u043d\u043e \u0442\u0435\u043b\u043e","url":"https:\/\/kt.gov.rs\/","logo":{"@type":"ImageObject","inLanguage":"sq-AL","@id":"https:\/\/kt.gov.rs\/#\/schema\/logo\/image\/","url":"https:\/\/kt.gov.rs\/wp-content\/uploads\/2024\/12\/koord2.jpg","contentUrl":"https:\/\/kt.gov.rs\/wp-content\/uploads\/2024\/12\/koord2.jpg","width":640,"height":480,"caption":"\u041a\u043e\u043e\u0440\u0434\u0438\u043d\u0430\u0446\u0438\u043e\u043d\u043e \u0442\u0435\u043b\u043e \u0412\u043b\u0430\u0434\u0435 \u0420\u0435\u043f\u0443\u0431\u043b\u0438\u043a\u0435 \u0421\u0440\u0431\u0438\u0458\u0435 \u0437\u0430 \u043e\u043f\u0448\u0442\u0438\u043d\u0435 \u041f\u0440\u0435\u0448\u0435\u0432\u043e, \u0411\u0443\u0458\u0430\u043d\u043e\u0432\u0430\u0446 \u0438 \u041c\u0435\u0434\u0432\u0435\u0452a"},"image":{"@id":"https:\/\/kt.gov.rs\/#\/schema\/logo\/image\/"},"sameAs":["https:\/\/www.facebook.com\/SluzbaKoordinacionogTelaVladeRepublikeSrbije","https:\/\/x.com\/kt_gov","https:\/\/www.youtube.com\/@koordinacionotelo"]},{"@type":"Person","@id":"https:\/\/kt.gov.rs\/#\/schema\/person\/e426459ddb4173309103390602694571","name":"ktmin","image":{"@type":"ImageObject","inLanguage":"sq-AL","@id":"https:\/\/secure.gravatar.com\/avatar\/3985c961109853010c3fbc7ba30365bfba5db3dd6c525831d9c595c7525a615a?s=96&d=mm&r=g","url":"https:\/\/secure.gravatar.com\/avatar\/3985c961109853010c3fbc7ba30365bfba5db3dd6c525831d9c595c7525a615a?s=96&d=mm&r=g","contentUrl":"https:\/\/secure.gravatar.com\/avatar\/3985c961109853010c3fbc7ba30365bfba5db3dd6c525831d9c595c7525a615a?s=96&d=mm&r=g","caption":"ktmin"},"sameAs":["https:\/\/kt.gov.rs"],"url":"https:\/\/kt.gov.rs\/sq\/author\/ktmin\/"}]}},"_links":{"self":[{"href":"https:\/\/kt.gov.rs\/sq\/wp-json\/wp\/v2\/posts\/141921","targetHints":{"allow":["GET"]}}],"collection":[{"href":"https:\/\/kt.gov.rs\/sq\/wp-json\/wp\/v2\/posts"}],"about":[{"href":"https:\/\/kt.gov.rs\/sq\/wp-json\/wp\/v2\/types\/post"}],"author":[{"embeddable":true,"href":"https:\/\/kt.gov.rs\/sq\/wp-json\/wp\/v2\/users\/1"}],"replies":[{"embeddable":true,"href":"https:\/\/kt.gov.rs\/sq\/wp-json\/wp\/v2\/comments?post=141921"}],"version-history":[{"count":0,"href":"https:\/\/kt.gov.rs\/sq\/wp-json\/wp\/v2\/posts\/141921\/revisions"}],"wp:attachment":[{"href":"https:\/\/kt.gov.rs\/sq\/wp-json\/wp\/v2\/media?parent=141921"}],"wp:term":[{"taxonomy":"category","embeddable":true,"href":"https:\/\/kt.gov.rs\/sq\/wp-json\/wp\/v2\/categories?post=141921"},{"taxonomy":"post_tag","embeddable":true,"href":"https:\/\/kt.gov.rs\/sq\/wp-json\/wp\/v2\/tags?post=141921"}],"curies":[{"name":"wp","href":"https:\/\/api.w.org\/{rel}","templated":true}]}}