{"id":141915,"date":"2012-07-09T00:00:00","date_gmt":"2012-07-09T00:00:00","guid":{"rendered":"http:\/\/kt.printandscreen.rs\/medaljon-per-nxenesit-e-gjenerates\/"},"modified":"2012-07-09T00:00:00","modified_gmt":"2012-07-09T00:00:00","slug":"medaljon-per-nxenesit-e-gjenerates","status":"publish","type":"post","link":"https:\/\/kt.gov.rs\/sq\/medaljon-per-nxenesit-e-gjenerates\/","title":{"rendered":"Medaljon p\u00ebr nx\u00ebn\u00ebsit e gjenerat\u00ebs"},"content":{"rendered":"<p>\n\t<strong>Leskovc<\/strong>-Ndihmesi i Ministrit te arsimit dhe shkenc\u00ebs Zoran Kostiq ka dor\u00ebzuar nx\u00ebn\u00ebsve t\u00eb gjenrat\u00ebs t\u00eb shkollave fillore dhe t\u00eb mesme,nga rrethi i Jabllanic\u00ebs dhe i Pcinj\u00ebs albume me 25 medaljona me karaktere .<br \/>\n\tshtet\u00ebrore,shkenctar\u00ebve,shenj\u00ebtor\u00ebve dhe artis\u00ebve t\u00eb cil\u00ebt n\u00eb historin e S\u00ebrbis\u00eb kan l\u00ebn\u00eb gjurm\u00eb.<\/p>\n<p>\t&quot;Kjo dit\u00eb \u00ebsht\u00eb fest\u00eb jo vet\u00ebm p\u00ebr ju por edhe p\u00ebr prind\u00ebrit tuaj,qyteteve prej nga vini dhe arsimit n\u00eb S\u00ebrbi.Me k\u00ebto dhurata ne deshirojm\u00eb tju tregom\u00eb se mendojm\u00eb p\u00ebr ju dhe k\u00ebto njohje t\u00eb ju kujtojn\u00eb se gjith\u00eb jet\u00ebn duhet me m\u00ebsue. Dija nuk \u00ebsht\u00eb e p\u00ebrjetshme ajo \u00ebsht\u00eb e ndryshme,si gjithcka tjet\u00ebr.Me qen\u00eb ma i miri\u00a0 nuk do t\u00eb thot t\u00eb kesh\u00eb notat m\u00eb t\u00eb mira.Dometh\u00ebn\u00eb p\u00ebrpjekja,pun\u00eb dhe mohim,pranimi dhe njohja e rezultateve nga ana e profesor\u00ebve,drejtor\u00ebve.T\u00eb jesh\u00eb nx\u00ebn\u00ebs i gjenerat\u00ebs do t\u00eb thot\u00eb t\u00eb jesh\u00eb m\u00eb i miri shok\u00eb&quot; theksoi Kostiq.<\/p>\n<p>\tAksionin shp\u00ebrblyes per nx\u00ebn\u00ebsit e shkollave fillore dhe t\u00eb mesme realizon Ministria e Arsimit dhe Shkenc\u00ebs e Republik\u00ebs s\u00eb S\u00ebrbis rreth tri vite me rradh\u00eb.<\/p>\n<p>\t&quot;Ju m\u00eb s\u00eb miri e dini se sa ka qen\u00eb e v\u00ebshtir\u00eb qe ta meritoni k\u00ebt\u00eb njohje.Un\u00eb i d\u00ebshiroj\u00eb atyre q\u00eb e kan kryer klas\u00ebn e tet\u00eb q\u00eb ta regjistrojn\u00eb shkoll\u00ebn te cil\u00ebn e kan dasht\u00eb,kurse maturant\u00ebve t\u00eb regjistrojn\u00eb fakulltetin e d\u00ebshiruar.Dhe t\u00eb gjithve ju ftoj q\u00eb pas p\u00ebrfundimit t\u00eb shkoll\u00ebs t\u00eb ktheh\u00ebni n\u00eb qytetet nga keni ardhur&quot;theksoi kreu i Shkoll\u00ebs s\u00eb Administrat\u00ebs n\u00eb Leskovc Tomislav Simonoviq.<\/p>\n<p>\tCmime kan\u00eb marr\u00eb 116 nx\u00ebn\u00ebs t\u00eb shkollave fillore dhe t\u00eb mesme,nx\u00ebn\u00ebs nga 113 shkolla t\u00eb rrethit Jabllanic\u00ebs dhe Pcinj\u00ebs.<\/p>\n","protected":false},"excerpt":{"rendered":"<p>Leskovc-Ndihmesi i Ministrit te arsimit dhe shkenc\u00ebs Zoran Kostiq ka dor\u00ebzuar nx\u00ebn\u00ebsve t\u00eb gjenrat\u00ebs t\u00eb shkollave fillore dhe t\u00eb mesme,nga rrethi i Jabllanic\u00ebs dhe i Pcinj\u00ebs albume me 25 medaljona me karaktere .<br \/>\n\tshtet\u00ebrore,shkenctar\u00ebve,shenj\u00ebtor\u00ebve dhe artis\u00ebve t\u00eb cil\u00ebt n\u00eb historin e S\u00ebrbis\u00eb kan l\u00ebn\u00eb gjurm\u00eb.<\/p>\n","protected":false},"author":1,"featured_media":0,"comment_status":"closed","ping_status":"closed","sticky":false,"template":"","format":"standard","meta":{"footnotes":""},"categories":[55],"tags":[],"class_list":["post-141915","post","type-post","status-publish","format-standard","hentry","category-lajme"],"yoast_head":"<!-- This site is optimized with the Yoast SEO plugin v27.5 - https:\/\/yoast.com\/product\/yoast-seo-wordpress\/ -->\n<title>Medaljon p\u00ebr nx\u00ebn\u00ebsit e gjenerat\u00ebs - Republika e S\u00ebrbis\u00eb Trupi Koordinues p\u00ebr komunat Bujanoc, Preshev\u00eb dhe Medvegj\u00eb<\/title>\n<meta name=\"robots\" content=\"index, follow, max-snippet:-1, max-image-preview:large, max-video-preview:-1\" \/>\n<link rel=\"canonical\" href=\"https:\/\/kt.gov.rs\/sq\/medaljon-per-nxenesit-e-gjenerates\/\" \/>\n<meta property=\"og:locale\" content=\"sq_AL\" \/>\n<meta property=\"og:type\" content=\"article\" \/>\n<meta property=\"og:title\" content=\"Medaljon p\u00ebr nx\u00ebn\u00ebsit e gjenerat\u00ebs - Republika e S\u00ebrbis\u00eb Trupi Koordinues p\u00ebr komunat Bujanoc, Preshev\u00eb dhe Medvegj\u00eb\" \/>\n<meta property=\"og:description\" content=\"Leskovc-Ndihmesi i Ministrit te arsimit dhe shkenc\u00ebs Zoran Kostiq ka dor\u00ebzuar nx\u00ebn\u00ebsve t\u00eb gjenrat\u00ebs t\u00eb shkollave fillore dhe t\u00eb mesme,nga rrethi i Jabllanic\u00ebs dhe i Pcinj\u00ebs albume me 25 medaljona me karaktere . shtet\u00ebrore,shkenctar\u00ebve,shenj\u00ebtor\u00ebve dhe artis\u00ebve t\u00eb cil\u00ebt n\u00eb historin e S\u00ebrbis\u00eb kan l\u00ebn\u00eb gjurm\u00eb.\" \/>\n<meta property=\"og:url\" content=\"https:\/\/kt.gov.rs\/sq\/medaljon-per-nxenesit-e-gjenerates\/\" \/>\n<meta property=\"og:site_name\" content=\"Republika e S\u00ebrbis\u00eb Trupi Koordinues p\u00ebr komunat Bujanoc, Preshev\u00eb dhe Medvegj\u00eb\" \/>\n<meta property=\"article:publisher\" content=\"https:\/\/www.facebook.com\/SluzbaKoordinacionogTelaVladeRepublikeSrbije\" \/>\n<meta property=\"article:published_time\" content=\"2012-07-09T00:00:00+00:00\" \/>\n<meta name=\"author\" content=\"ktmin\" \/>\n<meta name=\"twitter:card\" content=\"summary_large_image\" \/>\n<meta name=\"twitter:creator\" content=\"@kt_gov\" \/>\n<meta name=\"twitter:site\" content=\"@kt_gov\" \/>\n<meta name=\"twitter:label1\" content=\"Written by\" \/>\n\t<meta name=\"twitter:data1\" content=\"ktmin\" \/>\n\t<meta name=\"twitter:label2\" content=\"Est. reading time\" \/>\n\t<meta name=\"twitter:data2\" content=\"2 minutes\" \/>\n<script type=\"application\/ld+json\" class=\"yoast-schema-graph\">{\"@context\":\"https:\\\/\\\/schema.org\",\"@graph\":[{\"@type\":\"Article\",\"@id\":\"https:\\\/\\\/kt.gov.rs\\\/sq\\\/medaljon-per-nxenesit-e-gjenerates\\\/#article\",\"isPartOf\":{\"@id\":\"https:\\\/\\\/kt.gov.rs\\\/sq\\\/medaljon-per-nxenesit-e-gjenerates\\\/\"},\"author\":{\"name\":\"ktmin\",\"@id\":\"https:\\\/\\\/kt.gov.rs\\\/#\\\/schema\\\/person\\\/e426459ddb4173309103390602694571\"},\"headline\":\"Medaljon p\u00ebr nx\u00ebn\u00ebsit e gjenerat\u00ebs\",\"datePublished\":\"2012-07-09T00:00:00+00:00\",\"mainEntityOfPage\":{\"@id\":\"https:\\\/\\\/kt.gov.rs\\\/sq\\\/medaljon-per-nxenesit-e-gjenerates\\\/\"},\"wordCount\":462,\"publisher\":{\"@id\":\"https:\\\/\\\/kt.gov.rs\\\/#organization\"},\"articleSection\":[\"Lajme\"],\"inLanguage\":\"sq-AL\"},{\"@type\":\"WebPage\",\"@id\":\"https:\\\/\\\/kt.gov.rs\\\/sq\\\/medaljon-per-nxenesit-e-gjenerates\\\/\",\"url\":\"https:\\\/\\\/kt.gov.rs\\\/sq\\\/medaljon-per-nxenesit-e-gjenerates\\\/\",\"name\":\"Medaljon p\u00ebr nx\u00ebn\u00ebsit e gjenerat\u00ebs - Republika e S\u00ebrbis\u00eb Trupi Koordinues p\u00ebr komunat Bujanoc, Preshev\u00eb dhe Medvegj\u00eb\",\"isPartOf\":{\"@id\":\"https:\\\/\\\/kt.gov.rs\\\/#website\"},\"datePublished\":\"2012-07-09T00:00:00+00:00\",\"breadcrumb\":{\"@id\":\"https:\\\/\\\/kt.gov.rs\\\/sq\\\/medaljon-per-nxenesit-e-gjenerates\\\/#breadcrumb\"},\"inLanguage\":\"sq-AL\",\"potentialAction\":[{\"@type\":\"ReadAction\",\"target\":[\"https:\\\/\\\/kt.gov.rs\\\/sq\\\/medaljon-per-nxenesit-e-gjenerates\\\/\"]}]},{\"@type\":\"BreadcrumbList\",\"@id\":\"https:\\\/\\\/kt.gov.rs\\\/sq\\\/medaljon-per-nxenesit-e-gjenerates\\\/#breadcrumb\",\"itemListElement\":[{\"@type\":\"ListItem\",\"position\":1,\"name\":\"\u041f\u043e\u0447\u0435\u0442\u043d\u0430\",\"item\":\"https:\\\/\\\/kt.gov.rs\\\/sq\\\/\"},{\"@type\":\"ListItem\",\"position\":2,\"name\":\"Medaljon p\u00ebr nx\u00ebn\u00ebsit e gjenerat\u00ebs\"}]},{\"@type\":\"WebSite\",\"@id\":\"https:\\\/\\\/kt.gov.rs\\\/#website\",\"url\":\"https:\\\/\\\/kt.gov.rs\\\/\",\"name\":\"\u041a\u043e\u043e\u0440\u0434\u0438\u043d\u0430\u0446\u0438\u043e\u043d\u043e \u0442\u0435\u043b\u043e \u0412\u043b\u0430\u0434\u0435 \u0420\u0435\u043f\u0443\u0431\u043b\u0438\u043a\u0435 \u0421\u0440\u0431\u0438\u0458\u0435 \u0437\u0430 \u043e\u043f\u0448\u0442\u0438\u043d\u0435 \u041f\u0440\u0435\u0448\u0435\u0432\u043e, \u0411\u0443\u0458\u0430\u043d\u043e\u0432\u0430\u0446 \u0438 \u041c\u0435\u0434\u0432\u0435\u0452a\",\"description\":\"\",\"publisher\":{\"@id\":\"https:\\\/\\\/kt.gov.rs\\\/#organization\"},\"alternateName\":\"\u041a\u043e\u043e\u0440\u0434\u0438\u043d\u0430\u0446\u0438\u043e\u043d\u043e \u0442\u0435\u043b\u043e\",\"potentialAction\":[{\"@type\":\"SearchAction\",\"target\":{\"@type\":\"EntryPoint\",\"urlTemplate\":\"https:\\\/\\\/kt.gov.rs\\\/?s={search_term_string}\"},\"query-input\":{\"@type\":\"PropertyValueSpecification\",\"valueRequired\":true,\"valueName\":\"search_term_string\"}}],\"inLanguage\":\"sq-AL\"},{\"@type\":\"Organization\",\"@id\":\"https:\\\/\\\/kt.gov.rs\\\/#organization\",\"name\":\"\u041a\u043e\u043e\u0440\u0434\u0438\u043d\u0430\u0446\u0438\u043e\u043d\u043e \u0442\u0435\u043b\u043e \u0412\u043b\u0430\u0434\u0435 \u0420\u0435\u043f\u0443\u0431\u043b\u0438\u043a\u0435 \u0421\u0440\u0431\u0438\u0458\u0435 \u0437\u0430 \u043e\u043f\u0448\u0442\u0438\u043d\u0435 \u041f\u0440\u0435\u0448\u0435\u0432\u043e, \u0411\u0443\u0458\u0430\u043d\u043e\u0432\u0430\u0446 \u0438 \u041c\u0435\u0434\u0432\u0435\u0452a\",\"alternateName\":\"\u041a\u043e\u043e\u0440\u0434\u0438\u043d\u0430\u0446\u0438\u043e\u043d\u043e \u0442\u0435\u043b\u043e\",\"url\":\"https:\\\/\\\/kt.gov.rs\\\/\",\"logo\":{\"@type\":\"ImageObject\",\"inLanguage\":\"sq-AL\",\"@id\":\"https:\\\/\\\/kt.gov.rs\\\/#\\\/schema\\\/logo\\\/image\\\/\",\"url\":\"https:\\\/\\\/kt.gov.rs\\\/wp-content\\\/uploads\\\/2024\\\/12\\\/koord2.jpg\",\"contentUrl\":\"https:\\\/\\\/kt.gov.rs\\\/wp-content\\\/uploads\\\/2024\\\/12\\\/koord2.jpg\",\"width\":640,\"height\":480,\"caption\":\"\u041a\u043e\u043e\u0440\u0434\u0438\u043d\u0430\u0446\u0438\u043e\u043d\u043e \u0442\u0435\u043b\u043e \u0412\u043b\u0430\u0434\u0435 \u0420\u0435\u043f\u0443\u0431\u043b\u0438\u043a\u0435 \u0421\u0440\u0431\u0438\u0458\u0435 \u0437\u0430 \u043e\u043f\u0448\u0442\u0438\u043d\u0435 \u041f\u0440\u0435\u0448\u0435\u0432\u043e, \u0411\u0443\u0458\u0430\u043d\u043e\u0432\u0430\u0446 \u0438 \u041c\u0435\u0434\u0432\u0435\u0452a\"},\"image\":{\"@id\":\"https:\\\/\\\/kt.gov.rs\\\/#\\\/schema\\\/logo\\\/image\\\/\"},\"sameAs\":[\"https:\\\/\\\/www.facebook.com\\\/SluzbaKoordinacionogTelaVladeRepublikeSrbije\",\"https:\\\/\\\/x.com\\\/kt_gov\",\"https:\\\/\\\/www.youtube.com\\\/@koordinacionotelo\"]},{\"@type\":\"Person\",\"@id\":\"https:\\\/\\\/kt.gov.rs\\\/#\\\/schema\\\/person\\\/e426459ddb4173309103390602694571\",\"name\":\"ktmin\",\"image\":{\"@type\":\"ImageObject\",\"inLanguage\":\"sq-AL\",\"@id\":\"https:\\\/\\\/secure.gravatar.com\\\/avatar\\\/3985c961109853010c3fbc7ba30365bfba5db3dd6c525831d9c595c7525a615a?s=96&d=mm&r=g\",\"url\":\"https:\\\/\\\/secure.gravatar.com\\\/avatar\\\/3985c961109853010c3fbc7ba30365bfba5db3dd6c525831d9c595c7525a615a?s=96&d=mm&r=g\",\"contentUrl\":\"https:\\\/\\\/secure.gravatar.com\\\/avatar\\\/3985c961109853010c3fbc7ba30365bfba5db3dd6c525831d9c595c7525a615a?s=96&d=mm&r=g\",\"caption\":\"ktmin\"},\"sameAs\":[\"https:\\\/\\\/kt.gov.rs\"],\"url\":\"https:\\\/\\\/kt.gov.rs\\\/sq\\\/author\\\/ktmin\\\/\"}]}<\/script>\n<!-- \/ Yoast SEO plugin. -->","yoast_head_json":{"title":"Medaljon p\u00ebr nx\u00ebn\u00ebsit e gjenerat\u00ebs - Republika e S\u00ebrbis\u00eb Trupi Koordinues p\u00ebr komunat Bujanoc, Preshev\u00eb dhe Medvegj\u00eb","robots":{"index":"index","follow":"follow","max-snippet":"max-snippet:-1","max-image-preview":"max-image-preview:large","max-video-preview":"max-video-preview:-1"},"canonical":"https:\/\/kt.gov.rs\/sq\/medaljon-per-nxenesit-e-gjenerates\/","og_locale":"sq_AL","og_type":"article","og_title":"Medaljon p\u00ebr nx\u00ebn\u00ebsit e gjenerat\u00ebs - Republika e S\u00ebrbis\u00eb Trupi Koordinues p\u00ebr komunat Bujanoc, Preshev\u00eb dhe Medvegj\u00eb","og_description":"Leskovc-Ndihmesi i Ministrit te arsimit dhe shkenc\u00ebs Zoran Kostiq ka dor\u00ebzuar nx\u00ebn\u00ebsve t\u00eb gjenrat\u00ebs t\u00eb shkollave fillore dhe t\u00eb mesme,nga rrethi i Jabllanic\u00ebs dhe i Pcinj\u00ebs albume me 25 medaljona me karaktere . shtet\u00ebrore,shkenctar\u00ebve,shenj\u00ebtor\u00ebve dhe artis\u00ebve t\u00eb cil\u00ebt n\u00eb historin e S\u00ebrbis\u00eb kan l\u00ebn\u00eb gjurm\u00eb.","og_url":"https:\/\/kt.gov.rs\/sq\/medaljon-per-nxenesit-e-gjenerates\/","og_site_name":"Republika e S\u00ebrbis\u00eb Trupi Koordinues p\u00ebr komunat Bujanoc, Preshev\u00eb dhe Medvegj\u00eb","article_publisher":"https:\/\/www.facebook.com\/SluzbaKoordinacionogTelaVladeRepublikeSrbije","article_published_time":"2012-07-09T00:00:00+00:00","author":"ktmin","twitter_card":"summary_large_image","twitter_creator":"@kt_gov","twitter_site":"@kt_gov","twitter_misc":{"Written by":"ktmin","Est. reading time":"2 minutes"},"schema":{"@context":"https:\/\/schema.org","@graph":[{"@type":"Article","@id":"https:\/\/kt.gov.rs\/sq\/medaljon-per-nxenesit-e-gjenerates\/#article","isPartOf":{"@id":"https:\/\/kt.gov.rs\/sq\/medaljon-per-nxenesit-e-gjenerates\/"},"author":{"name":"ktmin","@id":"https:\/\/kt.gov.rs\/#\/schema\/person\/e426459ddb4173309103390602694571"},"headline":"Medaljon p\u00ebr nx\u00ebn\u00ebsit e gjenerat\u00ebs","datePublished":"2012-07-09T00:00:00+00:00","mainEntityOfPage":{"@id":"https:\/\/kt.gov.rs\/sq\/medaljon-per-nxenesit-e-gjenerates\/"},"wordCount":462,"publisher":{"@id":"https:\/\/kt.gov.rs\/#organization"},"articleSection":["Lajme"],"inLanguage":"sq-AL"},{"@type":"WebPage","@id":"https:\/\/kt.gov.rs\/sq\/medaljon-per-nxenesit-e-gjenerates\/","url":"https:\/\/kt.gov.rs\/sq\/medaljon-per-nxenesit-e-gjenerates\/","name":"Medaljon p\u00ebr nx\u00ebn\u00ebsit e gjenerat\u00ebs - Republika e S\u00ebrbis\u00eb Trupi Koordinues p\u00ebr komunat Bujanoc, Preshev\u00eb dhe Medvegj\u00eb","isPartOf":{"@id":"https:\/\/kt.gov.rs\/#website"},"datePublished":"2012-07-09T00:00:00+00:00","breadcrumb":{"@id":"https:\/\/kt.gov.rs\/sq\/medaljon-per-nxenesit-e-gjenerates\/#breadcrumb"},"inLanguage":"sq-AL","potentialAction":[{"@type":"ReadAction","target":["https:\/\/kt.gov.rs\/sq\/medaljon-per-nxenesit-e-gjenerates\/"]}]},{"@type":"BreadcrumbList","@id":"https:\/\/kt.gov.rs\/sq\/medaljon-per-nxenesit-e-gjenerates\/#breadcrumb","itemListElement":[{"@type":"ListItem","position":1,"name":"\u041f\u043e\u0447\u0435\u0442\u043d\u0430","item":"https:\/\/kt.gov.rs\/sq\/"},{"@type":"ListItem","position":2,"name":"Medaljon p\u00ebr nx\u00ebn\u00ebsit e gjenerat\u00ebs"}]},{"@type":"WebSite","@id":"https:\/\/kt.gov.rs\/#website","url":"https:\/\/kt.gov.rs\/","name":"\u041a\u043e\u043e\u0440\u0434\u0438\u043d\u0430\u0446\u0438\u043e\u043d\u043e \u0442\u0435\u043b\u043e \u0412\u043b\u0430\u0434\u0435 \u0420\u0435\u043f\u0443\u0431\u043b\u0438\u043a\u0435 \u0421\u0440\u0431\u0438\u0458\u0435 \u0437\u0430 \u043e\u043f\u0448\u0442\u0438\u043d\u0435 \u041f\u0440\u0435\u0448\u0435\u0432\u043e, \u0411\u0443\u0458\u0430\u043d\u043e\u0432\u0430\u0446 \u0438 \u041c\u0435\u0434\u0432\u0435\u0452a","description":"","publisher":{"@id":"https:\/\/kt.gov.rs\/#organization"},"alternateName":"\u041a\u043e\u043e\u0440\u0434\u0438\u043d\u0430\u0446\u0438\u043e\u043d\u043e \u0442\u0435\u043b\u043e","potentialAction":[{"@type":"SearchAction","target":{"@type":"EntryPoint","urlTemplate":"https:\/\/kt.gov.rs\/?s={search_term_string}"},"query-input":{"@type":"PropertyValueSpecification","valueRequired":true,"valueName":"search_term_string"}}],"inLanguage":"sq-AL"},{"@type":"Organization","@id":"https:\/\/kt.gov.rs\/#organization","name":"\u041a\u043e\u043e\u0440\u0434\u0438\u043d\u0430\u0446\u0438\u043e\u043d\u043e \u0442\u0435\u043b\u043e \u0412\u043b\u0430\u0434\u0435 \u0420\u0435\u043f\u0443\u0431\u043b\u0438\u043a\u0435 \u0421\u0440\u0431\u0438\u0458\u0435 \u0437\u0430 \u043e\u043f\u0448\u0442\u0438\u043d\u0435 \u041f\u0440\u0435\u0448\u0435\u0432\u043e, \u0411\u0443\u0458\u0430\u043d\u043e\u0432\u0430\u0446 \u0438 \u041c\u0435\u0434\u0432\u0435\u0452a","alternateName":"\u041a\u043e\u043e\u0440\u0434\u0438\u043d\u0430\u0446\u0438\u043e\u043d\u043e \u0442\u0435\u043b\u043e","url":"https:\/\/kt.gov.rs\/","logo":{"@type":"ImageObject","inLanguage":"sq-AL","@id":"https:\/\/kt.gov.rs\/#\/schema\/logo\/image\/","url":"https:\/\/kt.gov.rs\/wp-content\/uploads\/2024\/12\/koord2.jpg","contentUrl":"https:\/\/kt.gov.rs\/wp-content\/uploads\/2024\/12\/koord2.jpg","width":640,"height":480,"caption":"\u041a\u043e\u043e\u0440\u0434\u0438\u043d\u0430\u0446\u0438\u043e\u043d\u043e \u0442\u0435\u043b\u043e \u0412\u043b\u0430\u0434\u0435 \u0420\u0435\u043f\u0443\u0431\u043b\u0438\u043a\u0435 \u0421\u0440\u0431\u0438\u0458\u0435 \u0437\u0430 \u043e\u043f\u0448\u0442\u0438\u043d\u0435 \u041f\u0440\u0435\u0448\u0435\u0432\u043e, \u0411\u0443\u0458\u0430\u043d\u043e\u0432\u0430\u0446 \u0438 \u041c\u0435\u0434\u0432\u0435\u0452a"},"image":{"@id":"https:\/\/kt.gov.rs\/#\/schema\/logo\/image\/"},"sameAs":["https:\/\/www.facebook.com\/SluzbaKoordinacionogTelaVladeRepublikeSrbije","https:\/\/x.com\/kt_gov","https:\/\/www.youtube.com\/@koordinacionotelo"]},{"@type":"Person","@id":"https:\/\/kt.gov.rs\/#\/schema\/person\/e426459ddb4173309103390602694571","name":"ktmin","image":{"@type":"ImageObject","inLanguage":"sq-AL","@id":"https:\/\/secure.gravatar.com\/avatar\/3985c961109853010c3fbc7ba30365bfba5db3dd6c525831d9c595c7525a615a?s=96&d=mm&r=g","url":"https:\/\/secure.gravatar.com\/avatar\/3985c961109853010c3fbc7ba30365bfba5db3dd6c525831d9c595c7525a615a?s=96&d=mm&r=g","contentUrl":"https:\/\/secure.gravatar.com\/avatar\/3985c961109853010c3fbc7ba30365bfba5db3dd6c525831d9c595c7525a615a?s=96&d=mm&r=g","caption":"ktmin"},"sameAs":["https:\/\/kt.gov.rs"],"url":"https:\/\/kt.gov.rs\/sq\/author\/ktmin\/"}]}},"_links":{"self":[{"href":"https:\/\/kt.gov.rs\/sq\/wp-json\/wp\/v2\/posts\/141915","targetHints":{"allow":["GET"]}}],"collection":[{"href":"https:\/\/kt.gov.rs\/sq\/wp-json\/wp\/v2\/posts"}],"about":[{"href":"https:\/\/kt.gov.rs\/sq\/wp-json\/wp\/v2\/types\/post"}],"author":[{"embeddable":true,"href":"https:\/\/kt.gov.rs\/sq\/wp-json\/wp\/v2\/users\/1"}],"replies":[{"embeddable":true,"href":"https:\/\/kt.gov.rs\/sq\/wp-json\/wp\/v2\/comments?post=141915"}],"version-history":[{"count":0,"href":"https:\/\/kt.gov.rs\/sq\/wp-json\/wp\/v2\/posts\/141915\/revisions"}],"wp:attachment":[{"href":"https:\/\/kt.gov.rs\/sq\/wp-json\/wp\/v2\/media?parent=141915"}],"wp:term":[{"taxonomy":"category","embeddable":true,"href":"https:\/\/kt.gov.rs\/sq\/wp-json\/wp\/v2\/categories?post=141915"},{"taxonomy":"post_tag","embeddable":true,"href":"https:\/\/kt.gov.rs\/sq\/wp-json\/wp\/v2\/tags?post=141915"}],"curies":[{"name":"wp","href":"https:\/\/api.w.org\/{rel}","templated":true}]}}