{"id":141914,"date":"2012-07-13T00:00:00","date_gmt":"2012-07-13T00:00:00","guid":{"rendered":"http:\/\/kt.printandscreen.rs\/tomas-mur-zavendes-shef-i-misionit-osbe-se-ne-serbi\/"},"modified":"2012-07-13T00:00:00","modified_gmt":"2012-07-13T00:00:00","slug":"tomas-mur-zavendes-shef-i-misionit-osbe-se-ne-serbi","status":"publish","type":"post","link":"https:\/\/kt.gov.rs\/sq\/tomas-mur-zavendes-shef-i-misionit-osbe-se-ne-serbi\/","title":{"rendered":"Tomas Mur,Zavend\u00ebs shef i misionit OSBE-s\u00eb n\u00eb S\u00ebrbi"},"content":{"rendered":"<p>\n\t<strong>Cfar situate n\u00eb jug t\u00eb s\u00ebrbis\u00eb i leni pasardh\u00ebsit,pasi q\u00eb s\u00eb shp\u00ebjti do t\u00eb largoheni nga vendi jon\u00eb?Me qka jeni t\u00eb k\u00ebnaqur deri tani,cila pjes\u00eb n\u00eb jug t\u00eb S\u00ebris\u00eb p\u00ebr mendimin tuaj,ka hapsir\u00eb p\u00ebr p\u00ebrmir\u00ebsim?<\/strong><\/p>\n<p>\t&quot;Zyra e misionite t\u00eb OSBE-s\u00eb ka qen\u00eb e pranishme n\u00eb jug t\u00eb Serbis\u00eb nga viti 2001.Nga ndihma e formimit policis\u00eb multietnike,trajnimeve p\u00ebr gazetari,mb\u00ebshtetje p\u00ebr autoritetet lokale multietnike,kemi ardhur deri te hapja e Universitetit ekonomik n\u00eb Bujanoc.K\u00ebt\u00eb e kisha nda si p\u00ebrpjekje shum vjecare e qeveris\u00eb s\u00eb S\u00ebrbis\u00eb dhe partener\u00ebve t\u00eb saj n\u00eb k\u00ebt\u00eb pun\u00eb dhe nj\u00eb h\u00ebr\u00eb tregojn\u00eb se prioriteti \u00ebsht\u00eb n\u00eb progresin ekonomik dhe zhvillimet n\u00eb arsim.N\u00eb an\u00ebn tjet\u00ebr m\u00eb duket se shkollat fillore dhe t\u00eb mesme jan\u00eb t\u00eb ndara etnikisht dhe se nevojitet nj\u00eb lloj plan veprimi p\u00ebr integrimin e arsimit n\u00eb at\u00eb nivel.<\/p>\n<p>\tP\u00ebrfitimi \u00ebsht\u00eb reciprok,p\u00ebr t\u00eb gjitha bashk\u00ebsit n\u00eb jug t\u00eb S\u00ebrbis\u00eb dhe sidomos p\u00ebr \u00eb rinjt\u00eb shqip\u00ebtar t\u00eb cil\u00ebt nuk flasin mjaft mir\u00eb,gjuh\u00ebn e vendit t\u00eb vet\u00eb.Kur kam p\u00ebrbledhur pun\u00ebn e t\u00ebr\u00eb n\u00eb jug\u00eb t\u00eb s\u00ebrbis\u00eb do t\u00eb thosha se \u00ebsht\u00eb larg zhvillimeve pozitive,por sigurusht mbetet shum\u00eb p\u00ebr t\u00eb b\u00ebr\u00eb,si gjithmon ka vende p\u00ebr p\u00ebrmir\u00ebsim.Investimet n\u00eb infrastruktur\u00eb n\u00eb jug, si dhe krijimi i vendeve t\u00eb pun\u00ebs, si kudo n\u00eb Serbi, \u00ebsht\u00eb aktualisht nj\u00eb \u00e7\u00ebshtje e djegur.<\/p>\n<p>\tGjithashtu integrimi i pakicave dhe p\u00ebrfaq\u00ebsimin e tyre n\u00eb cilsin\u00eb e institucioneve shterore k\u00ebrkon mb\u00ebshtetje te konsiderushme nga qeveria e s\u00ebrbis.N\u00eb an\u00ebn tjet\u00ebr,puna e k\u00ebshillit nacional mundet dhe duhet te luaj nj\u00eb rol t\u00eb r\u00ebnd\u00ebsish\u00ebm n\u00eb promovimin e e t\u00eb drejtave t\u00eb shqip\u00ebtar\u00ebve n\u00eb s\u00ebrbi.K\u00ebshilli duhet t\u00eb b\u00ebj\u00eb perdorimin e plot\u00eb t\u00eb kompetencave te ligjit\u00a0 p\u00ebr t\u00eb p\u00ebrmbushur k\u00ebrkesat dhe nevojat e bashk\u00ebsive q\u00eb p\u00ebrfaq\u00ebson,dhe p\u00ebr t\u00eb ndihmuar n\u00eb integrim dhe t\u00eb njejt\u00ebn koh\u00eb p\u00ebr t\u00eb ruajtur trashegimin kulturore.&quot;<\/p>\n<p>\t<strong>Pas mbledhjes konstituive n\u00eb kuvendin komunal n\u00eb Bujanoc m\u00eb 8 qershor,lider\u00ebt e partive shqip\u00ebtare t\u00eb cil\u00ebt kan mbetur n\u00eb opzit\u00eb\u00a0 than\u00eb p\u00ebr at\u00eb se nuk jan\u00eb,si deri tani,t\u00eb jitha partit\u00eb shqip\u00ebtare kan hyr n\u00eb pushtet t\u00eb rezikuar p\u00ebr &quot;stabilizimin dhe sigurin\u00eb&quot;e\u00a0 regjionit.Cili \u00ebsht\u00eb q\u00ebndrimi juaj p\u00ebr k\u00ebt\u00eb c\u00ebshtje?<\/strong><\/p>\n<p>\t\u00cbsht\u00eb e r\u00ebnd\u00ebsishme q\u00eb autoritetet lokale n\u00eb komunen \u00eb bujanocit pasqyron natyren shumetnike.Un\u00eb mendoj se formimi i qevirise multietnikesi ne vitet e m\u00ebparshme \u00ebsht\u00eb nja hap shum\u00eb i r\u00ebnd\u00ebsish\u00ebm p\u00ebr demokracin\u00eb n\u00eb k\u00ebt\u00eb rajon.\u00cbsht\u00eb mir\u00eb q\u00eb brenda secilit po edhe qevir\u00ebs komunale ekziston nje opzit\u00eb e mir\u00eb.\u00cbsht\u00eb mir\u00eb qe puna\u00a0 e cdo lloji duke p\u00ebrfshir\u00eb edhe qeverisjen lokale \u00ebsht\u00eb n\u00ebn v\u00ebzhgimin e njer\u00ebzve vigjilent t\u00eb cil\u00ebt kan\u00eb p\u00ebrvoj\u00eb pune n\u00eb qeveri.<\/p>\n<p>\t<strong>Cka pret OSBE-ja nga qeverija e re ne bujanoc dhe n\u00eb cfar kuptimi do t\u00eb kedt\u00eb mbeshtetjen e organizat\u00ebs suaj?<\/strong><\/p>\n<p>\tUn\u00eb e kam p\u00ebrmendur infrastruktur\u00ebn si nj\u00eb komponent t\u00eb r\u00ebnd\u00ebsish\u00ebm p\u00ebr zhvillim.N\u00eb k\u00ebt\u00eb kuptim shum njer\u00ebz q\u00eb kan\u00eb ikur nga sht\u00ebpit\u00eb e veta,jan\u00eb t\u00eb v\u00ebndosur n\u00eb nja strehim t\u00eb p\u00ebrkohsh\u00ebm,dhe un\u00eb mendoj se kjo \u00ebsht\u00eb zgjidhje e mundshme p\u00ebr k\u00ebt c\u00ebshtje.Mund t\u00eb thuhet se kjo gjendje ndikon n\u00eb zhvillim e rajonit dhe i parandalon njer\u00ebzit p\u00ebr t\u00eb j\u00ebtuar ne m\u00ebnyr normale,p\u00ebr t\u00eb cuar p\u00ebrpara,dhe e di se k\u00ebta njer\u00ebz nuk mund t\u00eb presin.N\u00eb k\u00ebt\u00eb drejtim,syt\u00eb u kan\u00eb drejtuar Beogradit dhe autoriteteve lokale.<\/p>\n<p>\tUn\u00eb shpresoj se qeverija e re komunale t\u00eb kuptojn\u00eb r\u00ebnd\u00ebsin e plot\u00eb t\u00eb k\u00ebtij problemi dhe trajnuar at\u00eb me kujdes t\u00eb madh,sepse n\u00eb bashk\u00ebpunim me bashk\u00ebsin nderkombetare t\u00eb gjith\u00eb duhet t\u00eb punojn\u00eb n\u00eb gjetjen e fondeve t\u00eb nevojshme financiare p\u00ebr zgjedhje t\u00eb p\u00ebrhershme me k\u00ebt\u00eb c\u00ebshtje.<\/p>\n<p>\tSi i komentoni deklaratat nga zyrtar\u00ebt lokal t\u00eb Bujanocit dhe Preshev\u00ebs,vecan\u00ebrisht z.Ragmi Mustaf\u00ebs kryetarit t\u00eb Preshev\u00ebs ose Jonuz Musliut q\u00eb t\u00eb p\u00ebrpiqen ta bashkojne jugun e S\u00ebrbis Kosov\u00ebs.<\/p>\n<p>\tBashk\u00ebsia nd\u00ebrkomb\u00ebtare dhe t\u00eb gjith\u00eb p\u00ebrfaq\u00ebsuesit relevante politike n\u00eb Ballkanin Per\u00ebndimor\u00a0\u00a0 jan\u00eb t\u00eb qart\u00eb se nuk ka ndryshime t\u00eb kufijve n\u00eb rajon.<\/p>\n<p>\t<strong>A mund\u00ebn k\u00ebto deklarata t\u00eb destabilizojn\u00eb rajonin?<\/strong><\/p>\n<p>\tN\u00eb deklarat\u00ebt politike cilat n\u00eb vitet e m\u00ebparshme 2003,2006,2007 dhe 2011 delegat\u00ebt shqiptar\u00eb miratuan\u00a0 qart\u00eb pranohen kufijt\u00eb ekzistues. \u00c7do deklarat\u00eb q\u00eb \u00ebsht\u00eb n\u00eb kund\u00ebrshtim me t\u00eb,nuk reflekton q\u00ebndrimin e politikan\u00ebve shqiptar\u00eb t\u00eb arritur me konsensus n\u00eb deklarat\u00eb.Gjat\u00eb tre viteve t\u00eb kaluara n\u00eb k\u00ebt\u00eb rajon,shoh\u00a0 rritjen e numrit t\u00eb deklaratave t\u00eb pap\u00ebrgjegjshme.K\u00ebshtu q\u00eb un\u00eb mendoj se \u00ebsht\u00eb m\u00eb e r\u00ebnd\u00ebsishme q\u00eb autoritetet lokale dhe shtet\u00ebrore t\u00eb\u00a0 p\u00ebrpiqen p\u00ebr t\u00eb p\u00ebrmir\u00ebsuar jet\u00ebn e qytetar\u00ebve t\u00eb Serbis\u00eb qoft\u00eb se jetojn\u00eb n\u00eb Preshev\u00eb,Smederev apo n\u00eb Tutin. Cil\u00ebsia e jet\u00ebs,arsimit, sh\u00ebrbimit komunal,kujdesis sh\u00ebndet\u00ebsore,luft\u00ebn kund\u00ebr korrupsionit,prosperiteti ekonomik,k\u00ebto jan\u00eb gj\u00ebrat e marra nga t\u00eb gjith\u00eb qytetar\u00ebt q\u00eb jetojn\u00eb n\u00eb Evrop\u00eb apo n\u00eb Shtetet e Bashkuara.K\u00ebshtu q\u00eb un\u00eb mendoj se \u00e7do politikan q\u00eb merr p\u00ebrgjegj\u00ebsi\u00a0 p\u00ebr t\u00eb kryer nj\u00eb pun\u00eb t\u00eb till\u00eb duhet t\u00eb filloj\u00eb nga k\u00ebto parime.<\/p>\n","protected":false},"excerpt":{"rendered":"<p>Cfar situate n\u00eb jug t\u00eb s\u00ebrbis\u00eb i leni pasardh\u00ebsit,pasi q\u00eb s\u00eb shp\u00ebjti do t\u00eb largoheni nga vendi jon\u00eb?Me qka jeni t\u00eb k\u00ebnaqur deri tani,cila pjes\u00eb n\u00eb jug t\u00eb S\u00ebris\u00eb p\u00ebr mendimin tuaj,ka hapsir\u00eb p\u00ebr p\u00ebrmir\u00ebsim? Zyra e misionite t\u00eb OSBE-s\u00eb ka qen\u00eb e pranishme n\u00eb jug t\u00eb Serbis\u00eb nga viti 2001.<\/p>\n","protected":false},"author":1,"featured_media":0,"comment_status":"closed","ping_status":"closed","sticky":false,"template":"","format":"standard","meta":{"footnotes":""},"categories":[55],"tags":[],"class_list":["post-141914","post","type-post","status-publish","format-standard","hentry","category-lajme"],"yoast_head":"<!-- This site is optimized with the Yoast SEO plugin v27.5 - https:\/\/yoast.com\/product\/yoast-seo-wordpress\/ -->\n<title>Tomas Mur,Zavend\u00ebs shef i misionit OSBE-s\u00eb n\u00eb S\u00ebrbi - Republika e S\u00ebrbis\u00eb Trupi Koordinues p\u00ebr komunat Bujanoc, Preshev\u00eb dhe Medvegj\u00eb<\/title>\n<meta name=\"robots\" content=\"index, follow, max-snippet:-1, max-image-preview:large, max-video-preview:-1\" \/>\n<link rel=\"canonical\" href=\"https:\/\/kt.gov.rs\/sq\/tomas-mur-zavendes-shef-i-misionit-osbe-se-ne-serbi\/\" \/>\n<meta property=\"og:locale\" content=\"sq_AL\" \/>\n<meta property=\"og:type\" content=\"article\" \/>\n<meta property=\"og:title\" content=\"Tomas Mur,Zavend\u00ebs shef i misionit OSBE-s\u00eb n\u00eb S\u00ebrbi - Republika e S\u00ebrbis\u00eb Trupi Koordinues p\u00ebr komunat Bujanoc, Preshev\u00eb dhe Medvegj\u00eb\" \/>\n<meta property=\"og:description\" content=\"Cfar situate n\u00eb jug t\u00eb s\u00ebrbis\u00eb i leni pasardh\u00ebsit,pasi q\u00eb s\u00eb shp\u00ebjti do t\u00eb largoheni nga vendi jon\u00eb?Me qka jeni t\u00eb k\u00ebnaqur deri tani,cila pjes\u00eb n\u00eb jug t\u00eb S\u00ebris\u00eb p\u00ebr mendimin tuaj,ka hapsir\u00eb p\u00ebr p\u00ebrmir\u00ebsim? Zyra e misionite t\u00eb OSBE-s\u00eb ka qen\u00eb e pranishme n\u00eb jug t\u00eb Serbis\u00eb nga viti 2001.\" \/>\n<meta property=\"og:url\" content=\"https:\/\/kt.gov.rs\/sq\/tomas-mur-zavendes-shef-i-misionit-osbe-se-ne-serbi\/\" \/>\n<meta property=\"og:site_name\" content=\"Republika e S\u00ebrbis\u00eb Trupi Koordinues p\u00ebr komunat Bujanoc, Preshev\u00eb dhe Medvegj\u00eb\" \/>\n<meta property=\"article:publisher\" content=\"https:\/\/www.facebook.com\/SluzbaKoordinacionogTelaVladeRepublikeSrbije\" \/>\n<meta property=\"article:published_time\" content=\"2012-07-13T00:00:00+00:00\" \/>\n<meta name=\"author\" content=\"ktmin\" \/>\n<meta name=\"twitter:card\" content=\"summary_large_image\" \/>\n<meta name=\"twitter:creator\" content=\"@kt_gov\" \/>\n<meta name=\"twitter:site\" content=\"@kt_gov\" \/>\n<meta name=\"twitter:label1\" content=\"Written by\" \/>\n\t<meta name=\"twitter:data1\" content=\"ktmin\" \/>\n\t<meta name=\"twitter:label2\" content=\"Est. reading time\" \/>\n\t<meta name=\"twitter:data2\" content=\"7 minutes\" \/>\n<script type=\"application\/ld+json\" class=\"yoast-schema-graph\">{\"@context\":\"https:\\\/\\\/schema.org\",\"@graph\":[{\"@type\":\"Article\",\"@id\":\"https:\\\/\\\/kt.gov.rs\\\/sq\\\/tomas-mur-zavendes-shef-i-misionit-osbe-se-ne-serbi\\\/#article\",\"isPartOf\":{\"@id\":\"https:\\\/\\\/kt.gov.rs\\\/sq\\\/tomas-mur-zavendes-shef-i-misionit-osbe-se-ne-serbi\\\/\"},\"author\":{\"name\":\"ktmin\",\"@id\":\"https:\\\/\\\/kt.gov.rs\\\/#\\\/schema\\\/person\\\/e426459ddb4173309103390602694571\"},\"headline\":\"Tomas Mur,Zavend\u00ebs shef i misionit OSBE-s\u00eb n\u00eb S\u00ebrbi\",\"datePublished\":\"2012-07-13T00:00:00+00:00\",\"mainEntityOfPage\":{\"@id\":\"https:\\\/\\\/kt.gov.rs\\\/sq\\\/tomas-mur-zavendes-shef-i-misionit-osbe-se-ne-serbi\\\/\"},\"wordCount\":1407,\"publisher\":{\"@id\":\"https:\\\/\\\/kt.gov.rs\\\/#organization\"},\"articleSection\":[\"Lajme\"],\"inLanguage\":\"sq-AL\"},{\"@type\":\"WebPage\",\"@id\":\"https:\\\/\\\/kt.gov.rs\\\/sq\\\/tomas-mur-zavendes-shef-i-misionit-osbe-se-ne-serbi\\\/\",\"url\":\"https:\\\/\\\/kt.gov.rs\\\/sq\\\/tomas-mur-zavendes-shef-i-misionit-osbe-se-ne-serbi\\\/\",\"name\":\"Tomas Mur,Zavend\u00ebs shef i misionit OSBE-s\u00eb n\u00eb S\u00ebrbi - Republika e S\u00ebrbis\u00eb Trupi Koordinues p\u00ebr komunat Bujanoc, Preshev\u00eb dhe Medvegj\u00eb\",\"isPartOf\":{\"@id\":\"https:\\\/\\\/kt.gov.rs\\\/#website\"},\"datePublished\":\"2012-07-13T00:00:00+00:00\",\"breadcrumb\":{\"@id\":\"https:\\\/\\\/kt.gov.rs\\\/sq\\\/tomas-mur-zavendes-shef-i-misionit-osbe-se-ne-serbi\\\/#breadcrumb\"},\"inLanguage\":\"sq-AL\",\"potentialAction\":[{\"@type\":\"ReadAction\",\"target\":[\"https:\\\/\\\/kt.gov.rs\\\/sq\\\/tomas-mur-zavendes-shef-i-misionit-osbe-se-ne-serbi\\\/\"]}]},{\"@type\":\"BreadcrumbList\",\"@id\":\"https:\\\/\\\/kt.gov.rs\\\/sq\\\/tomas-mur-zavendes-shef-i-misionit-osbe-se-ne-serbi\\\/#breadcrumb\",\"itemListElement\":[{\"@type\":\"ListItem\",\"position\":1,\"name\":\"\u041f\u043e\u0447\u0435\u0442\u043d\u0430\",\"item\":\"https:\\\/\\\/kt.gov.rs\\\/sq\\\/\"},{\"@type\":\"ListItem\",\"position\":2,\"name\":\"Tomas Mur,Zavend\u00ebs shef i misionit OSBE-s\u00eb n\u00eb S\u00ebrbi\"}]},{\"@type\":\"WebSite\",\"@id\":\"https:\\\/\\\/kt.gov.rs\\\/#website\",\"url\":\"https:\\\/\\\/kt.gov.rs\\\/\",\"name\":\"\u041a\u043e\u043e\u0440\u0434\u0438\u043d\u0430\u0446\u0438\u043e\u043d\u043e \u0442\u0435\u043b\u043e \u0412\u043b\u0430\u0434\u0435 \u0420\u0435\u043f\u0443\u0431\u043b\u0438\u043a\u0435 \u0421\u0440\u0431\u0438\u0458\u0435 \u0437\u0430 \u043e\u043f\u0448\u0442\u0438\u043d\u0435 \u041f\u0440\u0435\u0448\u0435\u0432\u043e, \u0411\u0443\u0458\u0430\u043d\u043e\u0432\u0430\u0446 \u0438 \u041c\u0435\u0434\u0432\u0435\u0452a\",\"description\":\"\",\"publisher\":{\"@id\":\"https:\\\/\\\/kt.gov.rs\\\/#organization\"},\"alternateName\":\"\u041a\u043e\u043e\u0440\u0434\u0438\u043d\u0430\u0446\u0438\u043e\u043d\u043e \u0442\u0435\u043b\u043e\",\"potentialAction\":[{\"@type\":\"SearchAction\",\"target\":{\"@type\":\"EntryPoint\",\"urlTemplate\":\"https:\\\/\\\/kt.gov.rs\\\/?s={search_term_string}\"},\"query-input\":{\"@type\":\"PropertyValueSpecification\",\"valueRequired\":true,\"valueName\":\"search_term_string\"}}],\"inLanguage\":\"sq-AL\"},{\"@type\":\"Organization\",\"@id\":\"https:\\\/\\\/kt.gov.rs\\\/#organization\",\"name\":\"\u041a\u043e\u043e\u0440\u0434\u0438\u043d\u0430\u0446\u0438\u043e\u043d\u043e \u0442\u0435\u043b\u043e \u0412\u043b\u0430\u0434\u0435 \u0420\u0435\u043f\u0443\u0431\u043b\u0438\u043a\u0435 \u0421\u0440\u0431\u0438\u0458\u0435 \u0437\u0430 \u043e\u043f\u0448\u0442\u0438\u043d\u0435 \u041f\u0440\u0435\u0448\u0435\u0432\u043e, \u0411\u0443\u0458\u0430\u043d\u043e\u0432\u0430\u0446 \u0438 \u041c\u0435\u0434\u0432\u0435\u0452a\",\"alternateName\":\"\u041a\u043e\u043e\u0440\u0434\u0438\u043d\u0430\u0446\u0438\u043e\u043d\u043e \u0442\u0435\u043b\u043e\",\"url\":\"https:\\\/\\\/kt.gov.rs\\\/\",\"logo\":{\"@type\":\"ImageObject\",\"inLanguage\":\"sq-AL\",\"@id\":\"https:\\\/\\\/kt.gov.rs\\\/#\\\/schema\\\/logo\\\/image\\\/\",\"url\":\"https:\\\/\\\/kt.gov.rs\\\/wp-content\\\/uploads\\\/2024\\\/12\\\/koord2.jpg\",\"contentUrl\":\"https:\\\/\\\/kt.gov.rs\\\/wp-content\\\/uploads\\\/2024\\\/12\\\/koord2.jpg\",\"width\":640,\"height\":480,\"caption\":\"\u041a\u043e\u043e\u0440\u0434\u0438\u043d\u0430\u0446\u0438\u043e\u043d\u043e \u0442\u0435\u043b\u043e \u0412\u043b\u0430\u0434\u0435 \u0420\u0435\u043f\u0443\u0431\u043b\u0438\u043a\u0435 \u0421\u0440\u0431\u0438\u0458\u0435 \u0437\u0430 \u043e\u043f\u0448\u0442\u0438\u043d\u0435 \u041f\u0440\u0435\u0448\u0435\u0432\u043e, \u0411\u0443\u0458\u0430\u043d\u043e\u0432\u0430\u0446 \u0438 \u041c\u0435\u0434\u0432\u0435\u0452a\"},\"image\":{\"@id\":\"https:\\\/\\\/kt.gov.rs\\\/#\\\/schema\\\/logo\\\/image\\\/\"},\"sameAs\":[\"https:\\\/\\\/www.facebook.com\\\/SluzbaKoordinacionogTelaVladeRepublikeSrbije\",\"https:\\\/\\\/x.com\\\/kt_gov\",\"https:\\\/\\\/www.youtube.com\\\/@koordinacionotelo\"]},{\"@type\":\"Person\",\"@id\":\"https:\\\/\\\/kt.gov.rs\\\/#\\\/schema\\\/person\\\/e426459ddb4173309103390602694571\",\"name\":\"ktmin\",\"image\":{\"@type\":\"ImageObject\",\"inLanguage\":\"sq-AL\",\"@id\":\"https:\\\/\\\/secure.gravatar.com\\\/avatar\\\/3985c961109853010c3fbc7ba30365bfba5db3dd6c525831d9c595c7525a615a?s=96&d=mm&r=g\",\"url\":\"https:\\\/\\\/secure.gravatar.com\\\/avatar\\\/3985c961109853010c3fbc7ba30365bfba5db3dd6c525831d9c595c7525a615a?s=96&d=mm&r=g\",\"contentUrl\":\"https:\\\/\\\/secure.gravatar.com\\\/avatar\\\/3985c961109853010c3fbc7ba30365bfba5db3dd6c525831d9c595c7525a615a?s=96&d=mm&r=g\",\"caption\":\"ktmin\"},\"sameAs\":[\"https:\\\/\\\/kt.gov.rs\"],\"url\":\"https:\\\/\\\/kt.gov.rs\\\/sq\\\/author\\\/ktmin\\\/\"}]}<\/script>\n<!-- \/ Yoast SEO plugin. -->","yoast_head_json":{"title":"Tomas Mur,Zavend\u00ebs shef i misionit OSBE-s\u00eb n\u00eb S\u00ebrbi - Republika e S\u00ebrbis\u00eb Trupi Koordinues p\u00ebr komunat Bujanoc, Preshev\u00eb dhe Medvegj\u00eb","robots":{"index":"index","follow":"follow","max-snippet":"max-snippet:-1","max-image-preview":"max-image-preview:large","max-video-preview":"max-video-preview:-1"},"canonical":"https:\/\/kt.gov.rs\/sq\/tomas-mur-zavendes-shef-i-misionit-osbe-se-ne-serbi\/","og_locale":"sq_AL","og_type":"article","og_title":"Tomas Mur,Zavend\u00ebs shef i misionit OSBE-s\u00eb n\u00eb S\u00ebrbi - Republika e S\u00ebrbis\u00eb Trupi Koordinues p\u00ebr komunat Bujanoc, Preshev\u00eb dhe Medvegj\u00eb","og_description":"Cfar situate n\u00eb jug t\u00eb s\u00ebrbis\u00eb i leni pasardh\u00ebsit,pasi q\u00eb s\u00eb shp\u00ebjti do t\u00eb largoheni nga vendi jon\u00eb?Me qka jeni t\u00eb k\u00ebnaqur deri tani,cila pjes\u00eb n\u00eb jug t\u00eb S\u00ebris\u00eb p\u00ebr mendimin tuaj,ka hapsir\u00eb p\u00ebr p\u00ebrmir\u00ebsim? Zyra e misionite t\u00eb OSBE-s\u00eb ka qen\u00eb e pranishme n\u00eb jug t\u00eb Serbis\u00eb nga viti 2001.","og_url":"https:\/\/kt.gov.rs\/sq\/tomas-mur-zavendes-shef-i-misionit-osbe-se-ne-serbi\/","og_site_name":"Republika e S\u00ebrbis\u00eb Trupi Koordinues p\u00ebr komunat Bujanoc, Preshev\u00eb dhe Medvegj\u00eb","article_publisher":"https:\/\/www.facebook.com\/SluzbaKoordinacionogTelaVladeRepublikeSrbije","article_published_time":"2012-07-13T00:00:00+00:00","author":"ktmin","twitter_card":"summary_large_image","twitter_creator":"@kt_gov","twitter_site":"@kt_gov","twitter_misc":{"Written by":"ktmin","Est. reading time":"7 minutes"},"schema":{"@context":"https:\/\/schema.org","@graph":[{"@type":"Article","@id":"https:\/\/kt.gov.rs\/sq\/tomas-mur-zavendes-shef-i-misionit-osbe-se-ne-serbi\/#article","isPartOf":{"@id":"https:\/\/kt.gov.rs\/sq\/tomas-mur-zavendes-shef-i-misionit-osbe-se-ne-serbi\/"},"author":{"name":"ktmin","@id":"https:\/\/kt.gov.rs\/#\/schema\/person\/e426459ddb4173309103390602694571"},"headline":"Tomas Mur,Zavend\u00ebs shef i misionit OSBE-s\u00eb n\u00eb S\u00ebrbi","datePublished":"2012-07-13T00:00:00+00:00","mainEntityOfPage":{"@id":"https:\/\/kt.gov.rs\/sq\/tomas-mur-zavendes-shef-i-misionit-osbe-se-ne-serbi\/"},"wordCount":1407,"publisher":{"@id":"https:\/\/kt.gov.rs\/#organization"},"articleSection":["Lajme"],"inLanguage":"sq-AL"},{"@type":"WebPage","@id":"https:\/\/kt.gov.rs\/sq\/tomas-mur-zavendes-shef-i-misionit-osbe-se-ne-serbi\/","url":"https:\/\/kt.gov.rs\/sq\/tomas-mur-zavendes-shef-i-misionit-osbe-se-ne-serbi\/","name":"Tomas Mur,Zavend\u00ebs shef i misionit OSBE-s\u00eb n\u00eb S\u00ebrbi - Republika e S\u00ebrbis\u00eb Trupi Koordinues p\u00ebr komunat Bujanoc, Preshev\u00eb dhe Medvegj\u00eb","isPartOf":{"@id":"https:\/\/kt.gov.rs\/#website"},"datePublished":"2012-07-13T00:00:00+00:00","breadcrumb":{"@id":"https:\/\/kt.gov.rs\/sq\/tomas-mur-zavendes-shef-i-misionit-osbe-se-ne-serbi\/#breadcrumb"},"inLanguage":"sq-AL","potentialAction":[{"@type":"ReadAction","target":["https:\/\/kt.gov.rs\/sq\/tomas-mur-zavendes-shef-i-misionit-osbe-se-ne-serbi\/"]}]},{"@type":"BreadcrumbList","@id":"https:\/\/kt.gov.rs\/sq\/tomas-mur-zavendes-shef-i-misionit-osbe-se-ne-serbi\/#breadcrumb","itemListElement":[{"@type":"ListItem","position":1,"name":"\u041f\u043e\u0447\u0435\u0442\u043d\u0430","item":"https:\/\/kt.gov.rs\/sq\/"},{"@type":"ListItem","position":2,"name":"Tomas Mur,Zavend\u00ebs shef i misionit OSBE-s\u00eb n\u00eb S\u00ebrbi"}]},{"@type":"WebSite","@id":"https:\/\/kt.gov.rs\/#website","url":"https:\/\/kt.gov.rs\/","name":"\u041a\u043e\u043e\u0440\u0434\u0438\u043d\u0430\u0446\u0438\u043e\u043d\u043e \u0442\u0435\u043b\u043e \u0412\u043b\u0430\u0434\u0435 \u0420\u0435\u043f\u0443\u0431\u043b\u0438\u043a\u0435 \u0421\u0440\u0431\u0438\u0458\u0435 \u0437\u0430 \u043e\u043f\u0448\u0442\u0438\u043d\u0435 \u041f\u0440\u0435\u0448\u0435\u0432\u043e, \u0411\u0443\u0458\u0430\u043d\u043e\u0432\u0430\u0446 \u0438 \u041c\u0435\u0434\u0432\u0435\u0452a","description":"","publisher":{"@id":"https:\/\/kt.gov.rs\/#organization"},"alternateName":"\u041a\u043e\u043e\u0440\u0434\u0438\u043d\u0430\u0446\u0438\u043e\u043d\u043e \u0442\u0435\u043b\u043e","potentialAction":[{"@type":"SearchAction","target":{"@type":"EntryPoint","urlTemplate":"https:\/\/kt.gov.rs\/?s={search_term_string}"},"query-input":{"@type":"PropertyValueSpecification","valueRequired":true,"valueName":"search_term_string"}}],"inLanguage":"sq-AL"},{"@type":"Organization","@id":"https:\/\/kt.gov.rs\/#organization","name":"\u041a\u043e\u043e\u0440\u0434\u0438\u043d\u0430\u0446\u0438\u043e\u043d\u043e \u0442\u0435\u043b\u043e \u0412\u043b\u0430\u0434\u0435 \u0420\u0435\u043f\u0443\u0431\u043b\u0438\u043a\u0435 \u0421\u0440\u0431\u0438\u0458\u0435 \u0437\u0430 \u043e\u043f\u0448\u0442\u0438\u043d\u0435 \u041f\u0440\u0435\u0448\u0435\u0432\u043e, \u0411\u0443\u0458\u0430\u043d\u043e\u0432\u0430\u0446 \u0438 \u041c\u0435\u0434\u0432\u0435\u0452a","alternateName":"\u041a\u043e\u043e\u0440\u0434\u0438\u043d\u0430\u0446\u0438\u043e\u043d\u043e \u0442\u0435\u043b\u043e","url":"https:\/\/kt.gov.rs\/","logo":{"@type":"ImageObject","inLanguage":"sq-AL","@id":"https:\/\/kt.gov.rs\/#\/schema\/logo\/image\/","url":"https:\/\/kt.gov.rs\/wp-content\/uploads\/2024\/12\/koord2.jpg","contentUrl":"https:\/\/kt.gov.rs\/wp-content\/uploads\/2024\/12\/koord2.jpg","width":640,"height":480,"caption":"\u041a\u043e\u043e\u0440\u0434\u0438\u043d\u0430\u0446\u0438\u043e\u043d\u043e \u0442\u0435\u043b\u043e \u0412\u043b\u0430\u0434\u0435 \u0420\u0435\u043f\u0443\u0431\u043b\u0438\u043a\u0435 \u0421\u0440\u0431\u0438\u0458\u0435 \u0437\u0430 \u043e\u043f\u0448\u0442\u0438\u043d\u0435 \u041f\u0440\u0435\u0448\u0435\u0432\u043e, \u0411\u0443\u0458\u0430\u043d\u043e\u0432\u0430\u0446 \u0438 \u041c\u0435\u0434\u0432\u0435\u0452a"},"image":{"@id":"https:\/\/kt.gov.rs\/#\/schema\/logo\/image\/"},"sameAs":["https:\/\/www.facebook.com\/SluzbaKoordinacionogTelaVladeRepublikeSrbije","https:\/\/x.com\/kt_gov","https:\/\/www.youtube.com\/@koordinacionotelo"]},{"@type":"Person","@id":"https:\/\/kt.gov.rs\/#\/schema\/person\/e426459ddb4173309103390602694571","name":"ktmin","image":{"@type":"ImageObject","inLanguage":"sq-AL","@id":"https:\/\/secure.gravatar.com\/avatar\/3985c961109853010c3fbc7ba30365bfba5db3dd6c525831d9c595c7525a615a?s=96&d=mm&r=g","url":"https:\/\/secure.gravatar.com\/avatar\/3985c961109853010c3fbc7ba30365bfba5db3dd6c525831d9c595c7525a615a?s=96&d=mm&r=g","contentUrl":"https:\/\/secure.gravatar.com\/avatar\/3985c961109853010c3fbc7ba30365bfba5db3dd6c525831d9c595c7525a615a?s=96&d=mm&r=g","caption":"ktmin"},"sameAs":["https:\/\/kt.gov.rs"],"url":"https:\/\/kt.gov.rs\/sq\/author\/ktmin\/"}]}},"_links":{"self":[{"href":"https:\/\/kt.gov.rs\/sq\/wp-json\/wp\/v2\/posts\/141914","targetHints":{"allow":["GET"]}}],"collection":[{"href":"https:\/\/kt.gov.rs\/sq\/wp-json\/wp\/v2\/posts"}],"about":[{"href":"https:\/\/kt.gov.rs\/sq\/wp-json\/wp\/v2\/types\/post"}],"author":[{"embeddable":true,"href":"https:\/\/kt.gov.rs\/sq\/wp-json\/wp\/v2\/users\/1"}],"replies":[{"embeddable":true,"href":"https:\/\/kt.gov.rs\/sq\/wp-json\/wp\/v2\/comments?post=141914"}],"version-history":[{"count":0,"href":"https:\/\/kt.gov.rs\/sq\/wp-json\/wp\/v2\/posts\/141914\/revisions"}],"wp:attachment":[{"href":"https:\/\/kt.gov.rs\/sq\/wp-json\/wp\/v2\/media?parent=141914"}],"wp:term":[{"taxonomy":"category","embeddable":true,"href":"https:\/\/kt.gov.rs\/sq\/wp-json\/wp\/v2\/categories?post=141914"},{"taxonomy":"post_tag","embeddable":true,"href":"https:\/\/kt.gov.rs\/sq\/wp-json\/wp\/v2\/tags?post=141914"}],"curies":[{"name":"wp","href":"https:\/\/api.w.org\/{rel}","templated":true}]}}