{"id":141911,"date":"2012-07-18T00:00:00","date_gmt":"2012-07-18T00:00:00","guid":{"rendered":"http:\/\/kt.printandscreen.rs\/per-pune-te-perbashket-biznesi\/"},"modified":"2012-07-18T00:00:00","modified_gmt":"2012-07-18T00:00:00","slug":"per-pune-te-perbashket-biznesi","status":"publish","type":"post","link":"https:\/\/kt.gov.rs\/sq\/per-pune-te-perbashket-biznesi\/","title":{"rendered":"P\u00cbR PUN\u00cb T\u00cb P\u00cbRBASHK\u00cbT BIZNESI"},"content":{"rendered":"<p>\n\tDhoma e Tregtise Rajonale n\u00eb Leskovc ka p\u00ebrfunduar me sukses nj\u00eb tjet\u00ebr projekt n\u00eb fush\u00ebn e bashk\u00ebpunimit nd\u00ebrkufitar.Fjala \u00ebsht\u00eb per nj\u00eb projekt q\u00eb ka p\u00ebr q\u00ebllim paraqitjen t\u00eb p\u00ebrbashkt t\u00eb tregtarve serb dhe bullgar n\u00eb tregtin\u00eb evropiane,nd\u00ebr te tjera kan kryer trajnim 16 dit\u00eb ne fushen e sistemit t\u00eb menaxhimit.<\/p>\n<p>\tKy \u00ebsht\u00eb nj\u00eb projekt mjaft i v\u00ebshtir\u00eb q\u00eb e kemi realizuar deri tash.Q\u00ebllimi i kitij projekti \u00ebsht\u00eb q\u00eb t\u00eb rritet konkurrenca e treg\u00ebtis\u00eb jo vet\u00ebm n\u00eb Bullgari por dhe ne Unionin Evropian.Planet tona jan\u00eb qe bashk\u00eb me partner\u00ebt nga Bullkaria t\u00eb paraqesim pun\u00ebn ton\u00eb tregtare,sepse m\u00eb pun\u00eb t\u00eb perbashkta mund t\u00eb realizojm\u00eb promovim sa m\u00eb t\u00eb mir\u00eb nga rajoni jon\u00eb ka th\u00ebn kryetari DHTRL-Goran Joviq.<\/p>\n<p>\tProjekti ,,Aktivitet nd\u00ebr kufitare p\u00ebr rritjen e standardin e menaxhimit t\u00eb kompanive-praktik e mir\u00eb p\u00ebr zhvillimin e ekonomis\u00eb,,financon Unioni Evropian me 200.000 euro, dhe n\u00eb p\u00ebrmbajtje t\u00eb programit p\u00ebr bashkpunim nd\u00ebr kufitar mes Bullgaris dhe S\u00ebrbis dhe fondi IPA.<\/p>\n<p>\tPartner nga anet e S\u00ebrbis \u00ebsht\u00eb Dhoma e Tregtise Rajonale n\u00eb Leskovc,dhe nga ana e Bullgaris \u00ebsht\u00eb firma ,,Horizonti nga Sofija.<\/p>\n<p>\tTrajnimi p\u00ebr sitemin e menaxhimit \u00ebsht\u00eb kryer me sukses 75 biznesmen dhe sipermarr\u00ebs nga rrethi i Jablanic\u00ebs dhe Pcinj\u00ebs dhe 45 koleg t\u00eb tyre nga Bullgaria.Trajnimi u realizua p\u00ebr kat\u00ebr sistemet e menaxhimit \u2013 ISO 9001, ISO14001, ISO 18001 dhe ISO 22 000,seminari 16 dit\u00ebsh u ndoq nga biznismen\u00ebt nga pes\u00eb fusha-industria e veshjeve,industria e mobiljeve,pasisje industriale,industria ushqimore dhe sektori hotelierik-theksoi Branislav Popoviq,kordinatori i projektit nga ana e S\u00ebrbis.<\/p>\n<p>\tAi m\u00eb von\u00eb do t\u00eb pasohet me mb\u00ebshtetje dhe sh\u00ebrbime k\u00ebshilluese t\u00eb lira p\u00ebr t\u00eb forcuar sistemet dhe certifikimin e tyre.<br \/>\n\tPas\u00a0 dor\u00ebzimit t\u00eb certifikatave,grupa nga 14 sip\u00ebrmarr\u00ebs nga rrethi i Jablanic\u00ebs dhe Pcinj\u00ebs do ta vizitojn\u00eb Bullgarin\u00eb.Pjesmarr\u00ebsit e seminarit i cili \u00ebsht\u00eb organizuar n\u00eb Bullgari do ken\u00eb mund\u00ebsin ta vizitojn\u00eb Vranjen p\u00ebr t\u00eb forcuar lidhjen e tyre.<\/p>\n","protected":false},"excerpt":{"rendered":"<p>Dhoma e Tregtise Rajonale n\u00eb Leskovc ka p\u00ebrfunduar me sukses nj\u00eb tjet\u00ebr projekt n\u00eb fush\u00ebn e bashk\u00ebpunimit nd\u00ebrkufitar.Fjala \u00ebsht\u00eb per nj\u00eb projekt q\u00eb ka p\u00ebr q\u00ebllim paraqitjen t\u00eb p\u00ebrbashkt t\u00eb tregtarve serb dhe bullgar n\u00eb tregtin\u00eb evropiane,nd\u00ebr te tjera kan kryer trajnim 16 dit\u00eb ne fushen e sistemit t\u00eb menaxhimit.<\/p>\n","protected":false},"author":1,"featured_media":0,"comment_status":"closed","ping_status":"closed","sticky":false,"template":"","format":"standard","meta":{"footnotes":""},"categories":[55],"tags":[],"class_list":["post-141911","post","type-post","status-publish","format-standard","hentry","category-lajme"],"yoast_head":"<!-- This site is optimized with the Yoast SEO plugin v27.5 - https:\/\/yoast.com\/product\/yoast-seo-wordpress\/ -->\n<title>P\u00cbR PUN\u00cb T\u00cb P\u00cbRBASHK\u00cbT BIZNESI - Republika e S\u00ebrbis\u00eb Trupi Koordinues p\u00ebr komunat Bujanoc, Preshev\u00eb dhe Medvegj\u00eb<\/title>\n<meta name=\"robots\" content=\"index, follow, max-snippet:-1, max-image-preview:large, max-video-preview:-1\" \/>\n<link rel=\"canonical\" href=\"https:\/\/kt.gov.rs\/sq\/per-pune-te-perbashket-biznesi\/\" \/>\n<meta property=\"og:locale\" content=\"sq_AL\" \/>\n<meta property=\"og:type\" content=\"article\" \/>\n<meta property=\"og:title\" content=\"P\u00cbR PUN\u00cb T\u00cb P\u00cbRBASHK\u00cbT BIZNESI - Republika e S\u00ebrbis\u00eb Trupi Koordinues p\u00ebr komunat Bujanoc, Preshev\u00eb dhe Medvegj\u00eb\" \/>\n<meta property=\"og:description\" content=\"Dhoma e Tregtise Rajonale n\u00eb Leskovc ka p\u00ebrfunduar me sukses nj\u00eb tjet\u00ebr projekt n\u00eb fush\u00ebn e bashk\u00ebpunimit nd\u00ebrkufitar.Fjala \u00ebsht\u00eb per nj\u00eb projekt q\u00eb ka p\u00ebr q\u00ebllim paraqitjen t\u00eb p\u00ebrbashkt t\u00eb tregtarve serb dhe bullgar n\u00eb tregtin\u00eb evropiane,nd\u00ebr te tjera kan kryer trajnim 16 dit\u00eb ne fushen e sistemit t\u00eb menaxhimit.\" \/>\n<meta property=\"og:url\" content=\"https:\/\/kt.gov.rs\/sq\/per-pune-te-perbashket-biznesi\/\" \/>\n<meta property=\"og:site_name\" content=\"Republika e S\u00ebrbis\u00eb Trupi Koordinues p\u00ebr komunat Bujanoc, Preshev\u00eb dhe Medvegj\u00eb\" \/>\n<meta property=\"article:publisher\" content=\"https:\/\/www.facebook.com\/SluzbaKoordinacionogTelaVladeRepublikeSrbije\" \/>\n<meta property=\"article:published_time\" content=\"2012-07-18T00:00:00+00:00\" \/>\n<meta name=\"author\" content=\"ktmin\" \/>\n<meta name=\"twitter:card\" content=\"summary_large_image\" \/>\n<meta name=\"twitter:creator\" content=\"@kt_gov\" \/>\n<meta name=\"twitter:site\" content=\"@kt_gov\" \/>\n<meta name=\"twitter:label1\" content=\"Written by\" \/>\n\t<meta name=\"twitter:data1\" content=\"ktmin\" \/>\n\t<meta name=\"twitter:label2\" content=\"Est. reading time\" \/>\n\t<meta name=\"twitter:data2\" content=\"2 minutes\" \/>\n<script type=\"application\/ld+json\" class=\"yoast-schema-graph\">{\"@context\":\"https:\\\/\\\/schema.org\",\"@graph\":[{\"@type\":\"Article\",\"@id\":\"https:\\\/\\\/kt.gov.rs\\\/sq\\\/per-pune-te-perbashket-biznesi\\\/#article\",\"isPartOf\":{\"@id\":\"https:\\\/\\\/kt.gov.rs\\\/sq\\\/per-pune-te-perbashket-biznesi\\\/\"},\"author\":{\"name\":\"ktmin\",\"@id\":\"https:\\\/\\\/kt.gov.rs\\\/#\\\/schema\\\/person\\\/e426459ddb4173309103390602694571\"},\"headline\":\"P\u00cbR PUN\u00cb T\u00cb P\u00cbRBASHK\u00cbT BIZNESI\",\"datePublished\":\"2012-07-18T00:00:00+00:00\",\"mainEntityOfPage\":{\"@id\":\"https:\\\/\\\/kt.gov.rs\\\/sq\\\/per-pune-te-perbashket-biznesi\\\/\"},\"wordCount\":471,\"publisher\":{\"@id\":\"https:\\\/\\\/kt.gov.rs\\\/#organization\"},\"articleSection\":[\"Lajme\"],\"inLanguage\":\"sq-AL\"},{\"@type\":\"WebPage\",\"@id\":\"https:\\\/\\\/kt.gov.rs\\\/sq\\\/per-pune-te-perbashket-biznesi\\\/\",\"url\":\"https:\\\/\\\/kt.gov.rs\\\/sq\\\/per-pune-te-perbashket-biznesi\\\/\",\"name\":\"P\u00cbR PUN\u00cb T\u00cb P\u00cbRBASHK\u00cbT BIZNESI - Republika e S\u00ebrbis\u00eb Trupi Koordinues p\u00ebr komunat Bujanoc, Preshev\u00eb dhe Medvegj\u00eb\",\"isPartOf\":{\"@id\":\"https:\\\/\\\/kt.gov.rs\\\/#website\"},\"datePublished\":\"2012-07-18T00:00:00+00:00\",\"breadcrumb\":{\"@id\":\"https:\\\/\\\/kt.gov.rs\\\/sq\\\/per-pune-te-perbashket-biznesi\\\/#breadcrumb\"},\"inLanguage\":\"sq-AL\",\"potentialAction\":[{\"@type\":\"ReadAction\",\"target\":[\"https:\\\/\\\/kt.gov.rs\\\/sq\\\/per-pune-te-perbashket-biznesi\\\/\"]}]},{\"@type\":\"BreadcrumbList\",\"@id\":\"https:\\\/\\\/kt.gov.rs\\\/sq\\\/per-pune-te-perbashket-biznesi\\\/#breadcrumb\",\"itemListElement\":[{\"@type\":\"ListItem\",\"position\":1,\"name\":\"\u041f\u043e\u0447\u0435\u0442\u043d\u0430\",\"item\":\"https:\\\/\\\/kt.gov.rs\\\/sq\\\/\"},{\"@type\":\"ListItem\",\"position\":2,\"name\":\"P\u00cbR PUN\u00cb T\u00cb P\u00cbRBASHK\u00cbT BIZNESI\"}]},{\"@type\":\"WebSite\",\"@id\":\"https:\\\/\\\/kt.gov.rs\\\/#website\",\"url\":\"https:\\\/\\\/kt.gov.rs\\\/\",\"name\":\"\u041a\u043e\u043e\u0440\u0434\u0438\u043d\u0430\u0446\u0438\u043e\u043d\u043e \u0442\u0435\u043b\u043e \u0412\u043b\u0430\u0434\u0435 \u0420\u0435\u043f\u0443\u0431\u043b\u0438\u043a\u0435 \u0421\u0440\u0431\u0438\u0458\u0435 \u0437\u0430 \u043e\u043f\u0448\u0442\u0438\u043d\u0435 \u041f\u0440\u0435\u0448\u0435\u0432\u043e, \u0411\u0443\u0458\u0430\u043d\u043e\u0432\u0430\u0446 \u0438 \u041c\u0435\u0434\u0432\u0435\u0452a\",\"description\":\"\",\"publisher\":{\"@id\":\"https:\\\/\\\/kt.gov.rs\\\/#organization\"},\"alternateName\":\"\u041a\u043e\u043e\u0440\u0434\u0438\u043d\u0430\u0446\u0438\u043e\u043d\u043e \u0442\u0435\u043b\u043e\",\"potentialAction\":[{\"@type\":\"SearchAction\",\"target\":{\"@type\":\"EntryPoint\",\"urlTemplate\":\"https:\\\/\\\/kt.gov.rs\\\/?s={search_term_string}\"},\"query-input\":{\"@type\":\"PropertyValueSpecification\",\"valueRequired\":true,\"valueName\":\"search_term_string\"}}],\"inLanguage\":\"sq-AL\"},{\"@type\":\"Organization\",\"@id\":\"https:\\\/\\\/kt.gov.rs\\\/#organization\",\"name\":\"\u041a\u043e\u043e\u0440\u0434\u0438\u043d\u0430\u0446\u0438\u043e\u043d\u043e \u0442\u0435\u043b\u043e \u0412\u043b\u0430\u0434\u0435 \u0420\u0435\u043f\u0443\u0431\u043b\u0438\u043a\u0435 \u0421\u0440\u0431\u0438\u0458\u0435 \u0437\u0430 \u043e\u043f\u0448\u0442\u0438\u043d\u0435 \u041f\u0440\u0435\u0448\u0435\u0432\u043e, \u0411\u0443\u0458\u0430\u043d\u043e\u0432\u0430\u0446 \u0438 \u041c\u0435\u0434\u0432\u0435\u0452a\",\"alternateName\":\"\u041a\u043e\u043e\u0440\u0434\u0438\u043d\u0430\u0446\u0438\u043e\u043d\u043e \u0442\u0435\u043b\u043e\",\"url\":\"https:\\\/\\\/kt.gov.rs\\\/\",\"logo\":{\"@type\":\"ImageObject\",\"inLanguage\":\"sq-AL\",\"@id\":\"https:\\\/\\\/kt.gov.rs\\\/#\\\/schema\\\/logo\\\/image\\\/\",\"url\":\"https:\\\/\\\/kt.gov.rs\\\/wp-content\\\/uploads\\\/2024\\\/12\\\/koord2.jpg\",\"contentUrl\":\"https:\\\/\\\/kt.gov.rs\\\/wp-content\\\/uploads\\\/2024\\\/12\\\/koord2.jpg\",\"width\":640,\"height\":480,\"caption\":\"\u041a\u043e\u043e\u0440\u0434\u0438\u043d\u0430\u0446\u0438\u043e\u043d\u043e \u0442\u0435\u043b\u043e \u0412\u043b\u0430\u0434\u0435 \u0420\u0435\u043f\u0443\u0431\u043b\u0438\u043a\u0435 \u0421\u0440\u0431\u0438\u0458\u0435 \u0437\u0430 \u043e\u043f\u0448\u0442\u0438\u043d\u0435 \u041f\u0440\u0435\u0448\u0435\u0432\u043e, \u0411\u0443\u0458\u0430\u043d\u043e\u0432\u0430\u0446 \u0438 \u041c\u0435\u0434\u0432\u0435\u0452a\"},\"image\":{\"@id\":\"https:\\\/\\\/kt.gov.rs\\\/#\\\/schema\\\/logo\\\/image\\\/\"},\"sameAs\":[\"https:\\\/\\\/www.facebook.com\\\/SluzbaKoordinacionogTelaVladeRepublikeSrbije\",\"https:\\\/\\\/x.com\\\/kt_gov\",\"https:\\\/\\\/www.youtube.com\\\/@koordinacionotelo\"]},{\"@type\":\"Person\",\"@id\":\"https:\\\/\\\/kt.gov.rs\\\/#\\\/schema\\\/person\\\/e426459ddb4173309103390602694571\",\"name\":\"ktmin\",\"image\":{\"@type\":\"ImageObject\",\"inLanguage\":\"sq-AL\",\"@id\":\"https:\\\/\\\/secure.gravatar.com\\\/avatar\\\/3985c961109853010c3fbc7ba30365bfba5db3dd6c525831d9c595c7525a615a?s=96&d=mm&r=g\",\"url\":\"https:\\\/\\\/secure.gravatar.com\\\/avatar\\\/3985c961109853010c3fbc7ba30365bfba5db3dd6c525831d9c595c7525a615a?s=96&d=mm&r=g\",\"contentUrl\":\"https:\\\/\\\/secure.gravatar.com\\\/avatar\\\/3985c961109853010c3fbc7ba30365bfba5db3dd6c525831d9c595c7525a615a?s=96&d=mm&r=g\",\"caption\":\"ktmin\"},\"sameAs\":[\"https:\\\/\\\/kt.gov.rs\"],\"url\":\"https:\\\/\\\/kt.gov.rs\\\/sq\\\/author\\\/ktmin\\\/\"}]}<\/script>\n<!-- \/ Yoast SEO plugin. -->","yoast_head_json":{"title":"P\u00cbR PUN\u00cb T\u00cb P\u00cbRBASHK\u00cbT BIZNESI - Republika e S\u00ebrbis\u00eb Trupi Koordinues p\u00ebr komunat Bujanoc, Preshev\u00eb dhe Medvegj\u00eb","robots":{"index":"index","follow":"follow","max-snippet":"max-snippet:-1","max-image-preview":"max-image-preview:large","max-video-preview":"max-video-preview:-1"},"canonical":"https:\/\/kt.gov.rs\/sq\/per-pune-te-perbashket-biznesi\/","og_locale":"sq_AL","og_type":"article","og_title":"P\u00cbR PUN\u00cb T\u00cb P\u00cbRBASHK\u00cbT BIZNESI - Republika e S\u00ebrbis\u00eb Trupi Koordinues p\u00ebr komunat Bujanoc, Preshev\u00eb dhe Medvegj\u00eb","og_description":"Dhoma e Tregtise Rajonale n\u00eb Leskovc ka p\u00ebrfunduar me sukses nj\u00eb tjet\u00ebr projekt n\u00eb fush\u00ebn e bashk\u00ebpunimit nd\u00ebrkufitar.Fjala \u00ebsht\u00eb per nj\u00eb projekt q\u00eb ka p\u00ebr q\u00ebllim paraqitjen t\u00eb p\u00ebrbashkt t\u00eb tregtarve serb dhe bullgar n\u00eb tregtin\u00eb evropiane,nd\u00ebr te tjera kan kryer trajnim 16 dit\u00eb ne fushen e sistemit t\u00eb menaxhimit.","og_url":"https:\/\/kt.gov.rs\/sq\/per-pune-te-perbashket-biznesi\/","og_site_name":"Republika e S\u00ebrbis\u00eb Trupi Koordinues p\u00ebr komunat Bujanoc, Preshev\u00eb dhe Medvegj\u00eb","article_publisher":"https:\/\/www.facebook.com\/SluzbaKoordinacionogTelaVladeRepublikeSrbije","article_published_time":"2012-07-18T00:00:00+00:00","author":"ktmin","twitter_card":"summary_large_image","twitter_creator":"@kt_gov","twitter_site":"@kt_gov","twitter_misc":{"Written by":"ktmin","Est. reading time":"2 minutes"},"schema":{"@context":"https:\/\/schema.org","@graph":[{"@type":"Article","@id":"https:\/\/kt.gov.rs\/sq\/per-pune-te-perbashket-biznesi\/#article","isPartOf":{"@id":"https:\/\/kt.gov.rs\/sq\/per-pune-te-perbashket-biznesi\/"},"author":{"name":"ktmin","@id":"https:\/\/kt.gov.rs\/#\/schema\/person\/e426459ddb4173309103390602694571"},"headline":"P\u00cbR PUN\u00cb T\u00cb P\u00cbRBASHK\u00cbT BIZNESI","datePublished":"2012-07-18T00:00:00+00:00","mainEntityOfPage":{"@id":"https:\/\/kt.gov.rs\/sq\/per-pune-te-perbashket-biznesi\/"},"wordCount":471,"publisher":{"@id":"https:\/\/kt.gov.rs\/#organization"},"articleSection":["Lajme"],"inLanguage":"sq-AL"},{"@type":"WebPage","@id":"https:\/\/kt.gov.rs\/sq\/per-pune-te-perbashket-biznesi\/","url":"https:\/\/kt.gov.rs\/sq\/per-pune-te-perbashket-biznesi\/","name":"P\u00cbR PUN\u00cb T\u00cb P\u00cbRBASHK\u00cbT BIZNESI - Republika e S\u00ebrbis\u00eb Trupi Koordinues p\u00ebr komunat Bujanoc, Preshev\u00eb dhe Medvegj\u00eb","isPartOf":{"@id":"https:\/\/kt.gov.rs\/#website"},"datePublished":"2012-07-18T00:00:00+00:00","breadcrumb":{"@id":"https:\/\/kt.gov.rs\/sq\/per-pune-te-perbashket-biznesi\/#breadcrumb"},"inLanguage":"sq-AL","potentialAction":[{"@type":"ReadAction","target":["https:\/\/kt.gov.rs\/sq\/per-pune-te-perbashket-biznesi\/"]}]},{"@type":"BreadcrumbList","@id":"https:\/\/kt.gov.rs\/sq\/per-pune-te-perbashket-biznesi\/#breadcrumb","itemListElement":[{"@type":"ListItem","position":1,"name":"\u041f\u043e\u0447\u0435\u0442\u043d\u0430","item":"https:\/\/kt.gov.rs\/sq\/"},{"@type":"ListItem","position":2,"name":"P\u00cbR PUN\u00cb T\u00cb P\u00cbRBASHK\u00cbT BIZNESI"}]},{"@type":"WebSite","@id":"https:\/\/kt.gov.rs\/#website","url":"https:\/\/kt.gov.rs\/","name":"\u041a\u043e\u043e\u0440\u0434\u0438\u043d\u0430\u0446\u0438\u043e\u043d\u043e \u0442\u0435\u043b\u043e \u0412\u043b\u0430\u0434\u0435 \u0420\u0435\u043f\u0443\u0431\u043b\u0438\u043a\u0435 \u0421\u0440\u0431\u0438\u0458\u0435 \u0437\u0430 \u043e\u043f\u0448\u0442\u0438\u043d\u0435 \u041f\u0440\u0435\u0448\u0435\u0432\u043e, \u0411\u0443\u0458\u0430\u043d\u043e\u0432\u0430\u0446 \u0438 \u041c\u0435\u0434\u0432\u0435\u0452a","description":"","publisher":{"@id":"https:\/\/kt.gov.rs\/#organization"},"alternateName":"\u041a\u043e\u043e\u0440\u0434\u0438\u043d\u0430\u0446\u0438\u043e\u043d\u043e \u0442\u0435\u043b\u043e","potentialAction":[{"@type":"SearchAction","target":{"@type":"EntryPoint","urlTemplate":"https:\/\/kt.gov.rs\/?s={search_term_string}"},"query-input":{"@type":"PropertyValueSpecification","valueRequired":true,"valueName":"search_term_string"}}],"inLanguage":"sq-AL"},{"@type":"Organization","@id":"https:\/\/kt.gov.rs\/#organization","name":"\u041a\u043e\u043e\u0440\u0434\u0438\u043d\u0430\u0446\u0438\u043e\u043d\u043e \u0442\u0435\u043b\u043e \u0412\u043b\u0430\u0434\u0435 \u0420\u0435\u043f\u0443\u0431\u043b\u0438\u043a\u0435 \u0421\u0440\u0431\u0438\u0458\u0435 \u0437\u0430 \u043e\u043f\u0448\u0442\u0438\u043d\u0435 \u041f\u0440\u0435\u0448\u0435\u0432\u043e, \u0411\u0443\u0458\u0430\u043d\u043e\u0432\u0430\u0446 \u0438 \u041c\u0435\u0434\u0432\u0435\u0452a","alternateName":"\u041a\u043e\u043e\u0440\u0434\u0438\u043d\u0430\u0446\u0438\u043e\u043d\u043e \u0442\u0435\u043b\u043e","url":"https:\/\/kt.gov.rs\/","logo":{"@type":"ImageObject","inLanguage":"sq-AL","@id":"https:\/\/kt.gov.rs\/#\/schema\/logo\/image\/","url":"https:\/\/kt.gov.rs\/wp-content\/uploads\/2024\/12\/koord2.jpg","contentUrl":"https:\/\/kt.gov.rs\/wp-content\/uploads\/2024\/12\/koord2.jpg","width":640,"height":480,"caption":"\u041a\u043e\u043e\u0440\u0434\u0438\u043d\u0430\u0446\u0438\u043e\u043d\u043e \u0442\u0435\u043b\u043e \u0412\u043b\u0430\u0434\u0435 \u0420\u0435\u043f\u0443\u0431\u043b\u0438\u043a\u0435 \u0421\u0440\u0431\u0438\u0458\u0435 \u0437\u0430 \u043e\u043f\u0448\u0442\u0438\u043d\u0435 \u041f\u0440\u0435\u0448\u0435\u0432\u043e, \u0411\u0443\u0458\u0430\u043d\u043e\u0432\u0430\u0446 \u0438 \u041c\u0435\u0434\u0432\u0435\u0452a"},"image":{"@id":"https:\/\/kt.gov.rs\/#\/schema\/logo\/image\/"},"sameAs":["https:\/\/www.facebook.com\/SluzbaKoordinacionogTelaVladeRepublikeSrbije","https:\/\/x.com\/kt_gov","https:\/\/www.youtube.com\/@koordinacionotelo"]},{"@type":"Person","@id":"https:\/\/kt.gov.rs\/#\/schema\/person\/e426459ddb4173309103390602694571","name":"ktmin","image":{"@type":"ImageObject","inLanguage":"sq-AL","@id":"https:\/\/secure.gravatar.com\/avatar\/3985c961109853010c3fbc7ba30365bfba5db3dd6c525831d9c595c7525a615a?s=96&d=mm&r=g","url":"https:\/\/secure.gravatar.com\/avatar\/3985c961109853010c3fbc7ba30365bfba5db3dd6c525831d9c595c7525a615a?s=96&d=mm&r=g","contentUrl":"https:\/\/secure.gravatar.com\/avatar\/3985c961109853010c3fbc7ba30365bfba5db3dd6c525831d9c595c7525a615a?s=96&d=mm&r=g","caption":"ktmin"},"sameAs":["https:\/\/kt.gov.rs"],"url":"https:\/\/kt.gov.rs\/sq\/author\/ktmin\/"}]}},"_links":{"self":[{"href":"https:\/\/kt.gov.rs\/sq\/wp-json\/wp\/v2\/posts\/141911","targetHints":{"allow":["GET"]}}],"collection":[{"href":"https:\/\/kt.gov.rs\/sq\/wp-json\/wp\/v2\/posts"}],"about":[{"href":"https:\/\/kt.gov.rs\/sq\/wp-json\/wp\/v2\/types\/post"}],"author":[{"embeddable":true,"href":"https:\/\/kt.gov.rs\/sq\/wp-json\/wp\/v2\/users\/1"}],"replies":[{"embeddable":true,"href":"https:\/\/kt.gov.rs\/sq\/wp-json\/wp\/v2\/comments?post=141911"}],"version-history":[{"count":0,"href":"https:\/\/kt.gov.rs\/sq\/wp-json\/wp\/v2\/posts\/141911\/revisions"}],"wp:attachment":[{"href":"https:\/\/kt.gov.rs\/sq\/wp-json\/wp\/v2\/media?parent=141911"}],"wp:term":[{"taxonomy":"category","embeddable":true,"href":"https:\/\/kt.gov.rs\/sq\/wp-json\/wp\/v2\/categories?post=141911"},{"taxonomy":"post_tag","embeddable":true,"href":"https:\/\/kt.gov.rs\/sq\/wp-json\/wp\/v2\/tags?post=141911"}],"curies":[{"name":"wp","href":"https:\/\/api.w.org\/{rel}","templated":true}]}}